{"id":12503,"date":"2026-02-04T19:17:44","date_gmt":"2026-02-04T18:17:44","guid":{"rendered":"https:\/\/vieassociative.be\/actualites\/eupen-favorise-la-collecte-selective-des-dechets-organiques\/"},"modified":"2026-02-04T19:17:44","modified_gmt":"2026-02-04T18:17:44","slug":"eupen-favorise-la-collecte-selective-des-dechets-organiques","status":"publish","type":"post","link":"https:\/\/vieassociative.be\/actualites\/eupen-favorise-la-collecte-selective-des-dechets-organiques\/","title":{"rendered":"Eupen favorise la collecte s\u00e9lective des d\u00e9chets organiques"},"content":{"rendered":"<p><strong>Depuis le 1er janvier 2024, l&rsquo;obligation l\u00e9gale de collecter s\u00e9par\u00e9ment les d\u00e9chets organiques est en vigueur en Wallonie. Cette r\u00e9glementation concerne aussi bien les m\u00e9nages que les entreprises.<\/strong><\/p>\n<p><span id=\"more-435282\"><\/span>L&rsquo;objectif de la mesure est de r\u00e9duire consid\u00e9rablement la quantit\u00e9 de d\u00e9chets r\u00e9siduels qui doivent \u00eatre incin\u00e9r\u00e9s et en m\u00eame temps de promouvoir le recyclage de pr\u00e9cieuses ressources bioorganiques. Les d\u00e9chets organiques peuvent \u00eatre transform\u00e9s en compost de haute qualit\u00e9 et m\u00eame utilis\u00e9s pour produire de l\u2019\u00e9lectricit\u00e9 et de l\u2019\u00e9nergie thermique gr\u00e2ce \u00e0 la biom\u00e9thanisation.<\/p>\n<p>Afin de faciliter la collecte s\u00e9lective au quotidien, la ville d&rsquo;Eupen organise ce vendredi 6 f\u00e9vrier 2026 un concours. Vous pourrez gagner des seaux de collecte pratiques assortis au sac d\u00e9chets organiques d&rsquo;Eupen.<\/p>\n<div id=\"attachment_435286\" class=\"wp-caption alignleft\" style=\"max-width: 300px\"><img fetchpriority=\"high\" decoding=\"async\" class=\"wp-image-435286 size-medium\" src=\"https:\/\/vieassociative.be\/actualites\/wp-content\/uploads\/2026\/02\/Eupen-favorise-la-collecte-selective-des-dechets-organiques.jpg\" alt=\"\" width=\"300\" height=\"300\"  ><\/div>\n<p>Les seaux sont \u00e9quip\u00e9s d&rsquo;un couvercle et permettent, avec le sac pour d\u00e9chets organiques, une collecte propre, pratique et sans odeur des d\u00e9chets de cuisine \u00e0 la maison. Cela rend la mise en \u0153uvre des exigences l\u00e9gales encore plus facile et devient une partie simple de la vie quotidienne.<\/p>\n<p>La participation est possible de deux mani\u00e8res : au stand d&rsquo;information de la ville d&rsquo;Eupen au march\u00e9 du vendredi sur la Werthplatz \u00e0 partir de 9h00 ou via un quiz en ligne, disponible \u00e0 partir du 6 f\u00e9vrier sur www.eupen.be.<\/p>\n<p>Le nombre de seaux est limit\u00e9. La participation est possible jusqu&rsquo;\u00e0 \u00e9puisement des stocks. Les gagnants du quiz en ligne seront avertis par email et pourront ensuite r\u00e9cup\u00e9rer leur seau de collecte \u00e0 la ville d&rsquo;Eupen.<\/p>\n<p>Informations importantes pour remplir correctement le sac pour d\u00e9chets organiques : Afin de garantir un recyclage de haute qualit\u00e9 des d\u00e9chets organiques, il est particuli\u00e8rement important d&rsquo;\u00e9viter un d\u00e9p\u00f4t inappropri\u00e9. Les d\u00e9chets organiques ne contiennent ni plastique, ni ruban adh\u00e9sif pour fermer les sacs, ni verre ni m\u00e9tal. Ces mat\u00e9riaux compromettent la qualit\u00e9 du compost et causent \u00e0 plusieurs reprises des dommages co\u00fbteux \u00e0 l&rsquo;usine de compostage de Herstal.<\/p>\n<p>Des conseils pour une utilisation optimale ainsi que des informations sur les r\u00e8gles de tri, les dates de collecte et les points de vente des sacs \u00e0 d\u00e9chets organiques d&rsquo;Eupen sont disponibles dans le guide des d\u00e9chets sur le site. <u>www.eupen.be\/leben-in-eupen\/abfall-recycling\/abfallentsorgung\/biomuellsack\/<\/u><\/p>\n","protected":false},"excerpt":{"rendered":"<p>Depuis le 1er janvier 2024, l&rsquo;obligation l\u00e9gale de collecter s\u00e9par\u00e9ment les d\u00e9chets organiques est en vigueur en Wallonie. Cette r\u00e9glementation concerne aussi bien les m\u00e9nages<\/p>\n","protected":false},"author":1,"featured_media":12504,"comment_status":"","ping_status":"","sticky":false,"template":"","format":"standard","meta":{"footnotes":""},"categories":[298],"tags":[9947,30,29,2329,6647,9949,9948],"class_list":["post-12503","post","type-post","status-publish","format-standard","has-post-thumbnail","hentry","category-belgique","tag-collecte","tag-dechets","tag-des","tag-eupen","tag-favorise","tag-organiques","tag-selective","generate-columns","tablet-grid-50","mobile-grid-100","grid-parent","grid-33"],"yoast_head":"<!-- This site is optimized with the Yoast SEO plugin v24.0 - https:\/\/yoast.com\/wordpress\/plugins\/seo\/ -->\n<title>Eupen favorise la collecte s\u00e9lective des d\u00e9chets organiques | Vie Associative<\/title>\n<meta name=\"robots\" content=\"index, follow, max-snippet:-1, max-image-preview:large, max-video-preview:-1\" \/>\n<link rel=\"canonical\" href=\"https:\/\/vieassociative.be\/actualites\/eupen-favorise-la-collecte-selective-des-dechets-organiques\/\" \/>\n<meta property=\"og:locale\" content=\"fr_FR\" \/>\n<meta property=\"og:type\" content=\"article\" \/>\n<meta property=\"og:title\" content=\"Eupen favorise la collecte s\u00e9lective des d\u00e9chets organiques | Vie Associative\" \/>\n<meta property=\"og:description\" content=\"Depuis le 1er janvier 2024, l&rsquo;obligation l\u00e9gale de collecter s\u00e9par\u00e9ment les d\u00e9chets organiques est en vigueur en Wallonie. Cette r\u00e9glementation concerne aussi bien les m\u00e9nages\" \/>\n<meta property=\"og:url\" content=\"https:\/\/vieassociative.be\/actualites\/eupen-favorise-la-collecte-selective-des-dechets-organiques\/\" \/>\n<meta property=\"og:site_name\" content=\"Vie Associative\" \/>\n<meta property=\"article:published_time\" content=\"2026-02-04T18:17:44+00:00\" \/>\n<meta property=\"og:image\" content=\"https:\/\/vieassociative.be\/actualites\/wp-content\/uploads\/2024\/09\/header_backgroundk-01-e1726694325946.png\" \/>\n\t<meta property=\"og:image:width\" content=\"279\" \/>\n\t<meta property=\"og:image:height\" content=\"92\" \/>\n\t<meta property=\"og:image:type\" content=\"image\/png\" \/>\n<meta name=\"author\" content=\"Julien\" \/>\n<meta name=\"twitter:card\" content=\"summary_large_image\" \/>\n<meta name=\"twitter:label1\" content=\"\u00c9crit par\" \/>\n\t<meta name=\"twitter:data1\" content=\"Julien\" \/>\n\t<meta name=\"twitter:label2\" content=\"Dur\u00e9e de lecture est.\" \/>\n\t<meta name=\"twitter:data2\" content=\"2 minutes\" \/>\n<script type=\"application\/ld+json\" class=\"yoast-schema-graph\">{\"@context\":\"https:\/\/schema.org\",\"@graph\":[{\"@type\":\"Article\",\"@id\":\"https:\/\/vieassociative.be\/actualites\/eupen-favorise-la-collecte-selective-des-dechets-organiques\/#article\",\"isPartOf\":{\"@id\":\"https:\/\/vieassociative.be\/actualites\/eupen-favorise-la-collecte-selective-des-dechets-organiques\/\"},\"author\":{\"name\":\"Julien\",\"@id\":\"https:\/\/vieassociative.be\/actualites\/#\/schema\/person\/b87ac4f82f9d4e7b7cec7395b679edc4\"},\"headline\":\"Eupen favorise la collecte s\u00e9lective des d\u00e9chets organiques\",\"datePublished\":\"2026-02-04T18:17:44+00:00\",\"dateModified\":\"2026-02-04T18:17:44+00:00\",\"mainEntityOfPage\":{\"@id\":\"https:\/\/vieassociative.be\/actualites\/eupen-favorise-la-collecte-selective-des-dechets-organiques\/\"},\"wordCount\":412,\"publisher\":{\"@id\":\"https:\/\/vieassociative.be\/actualites\/#organization\"},\"image\":{\"@id\":\"https:\/\/vieassociative.be\/actualites\/eupen-favorise-la-collecte-selective-des-dechets-organiques\/#primaryimage\"},\"thumbnailUrl\":\"https:\/\/vieassociative.be\/actualites\/wp-content\/uploads\/2026\/02\/1770229065_Eupen-favorise-la-collecte-selective-des-dechets-organiques.jpg\",\"keywords\":[\"collecte\",\"d\u00e9chets\",\"Des\",\"Eupen\",\"favorise\",\"organiques\",\"s\u00e9lective\"],\"articleSection\":[\"Belgique\"],\"inLanguage\":\"fr-BE\"},{\"@type\":\"WebPage\",\"@id\":\"https:\/\/vieassociative.be\/actualites\/eupen-favorise-la-collecte-selective-des-dechets-organiques\/\",\"url\":\"https:\/\/vieassociative.be\/actualites\/eupen-favorise-la-collecte-selective-des-dechets-organiques\/\",\"name\":\"Eupen favorise la collecte s\u00e9lective des d\u00e9chets organiques | Vie Associative\",\"isPartOf\":{\"@id\":\"https:\/\/vieassociative.be\/actualites\/#website\"},\"primaryImageOfPage\":{\"@id\":\"https:\/\/vieassociative.be\/actualites\/eupen-favorise-la-collecte-selective-des-dechets-organiques\/#primaryimage\"},\"image\":{\"@id\":\"https:\/\/vieassociative.be\/actualites\/eupen-favorise-la-collecte-selective-des-dechets-organiques\/#primaryimage\"},\"thumbnailUrl\":\"https:\/\/vieassociative.be\/actualites\/wp-content\/uploads\/2026\/02\/1770229065_Eupen-favorise-la-collecte-selective-des-dechets-organiques.jpg\",\"datePublished\":\"2026-02-04T18:17:44+00:00\",\"dateModified\":\"2026-02-04T18:17:44+00:00\",\"breadcrumb\":{\"@id\":\"https:\/\/vieassociative.be\/actualites\/eupen-favorise-la-collecte-selective-des-dechets-organiques\/#breadcrumb\"},\"inLanguage\":\"fr-BE\",\"potentialAction\":[{\"@type\":\"ReadAction\",\"target\":[\"https:\/\/vieassociative.be\/actualites\/eupen-favorise-la-collecte-selective-des-dechets-organiques\/\"]}]},{\"@type\":\"ImageObject\",\"inLanguage\":\"fr-BE\",\"@id\":\"https:\/\/vieassociative.be\/actualites\/eupen-favorise-la-collecte-selective-des-dechets-organiques\/#primaryimage\",\"url\":\"https:\/\/vieassociative.be\/actualites\/wp-content\/uploads\/2026\/02\/1770229065_Eupen-favorise-la-collecte-selective-des-dechets-organiques.jpg\",\"contentUrl\":\"https:\/\/vieassociative.be\/actualites\/wp-content\/uploads\/2026\/02\/1770229065_Eupen-favorise-la-collecte-selective-des-dechets-organiques.jpg\",\"width\":1200,\"height\":800,\"caption\":\"Eupen favorise la collecte s\u00e9lective des d\u00e9chets organiques\"},{\"@type\":\"BreadcrumbList\",\"@id\":\"https:\/\/vieassociative.be\/actualites\/eupen-favorise-la-collecte-selective-des-dechets-organiques\/#breadcrumb\",\"itemListElement\":[{\"@type\":\"ListItem\",\"position\":1,\"name\":\"Accueil\",\"item\":\"https:\/\/vieassociative.be\/actualites\/\"},{\"@type\":\"ListItem\",\"position\":2,\"name\":\"Eupen favorise la collecte s\u00e9lective des d\u00e9chets organiques\"}]},{\"@type\":\"WebSite\",\"@id\":\"https:\/\/vieassociative.be\/actualites\/#website\",\"url\":\"https:\/\/vieassociative.be\/actualites\/\",\"name\":\"Vie Associative\",\"description\":\"\",\"publisher\":{\"@id\":\"https:\/\/vieassociative.be\/actualites\/#organization\"},\"potentialAction\":[{\"@type\":\"SearchAction\",\"target\":{\"@type\":\"EntryPoint\",\"urlTemplate\":\"https:\/\/vieassociative.be\/actualites\/?s={search_term_string}\"},\"query-input\":{\"@type\":\"PropertyValueSpecification\",\"valueRequired\":true,\"valueName\":\"search_term_string\"}}],\"inLanguage\":\"fr-BE\"},{\"@type\":\"Organization\",\"@id\":\"https:\/\/vieassociative.be\/actualites\/#organization\",\"name\":\"Vie Associative\",\"url\":\"https:\/\/vieassociative.be\/actualites\/\",\"logo\":{\"@type\":\"ImageObject\",\"inLanguage\":\"fr-BE\",\"@id\":\"https:\/\/vieassociative.be\/actualites\/#\/schema\/logo\/image\/\",\"url\":\"https:\/\/vieassociative.be\/actualites\/wp-content\/uploads\/2024\/09\/cropped-vieassociative_favicon.ico.png\",\"contentUrl\":\"https:\/\/vieassociative.be\/actualites\/wp-content\/uploads\/2024\/09\/cropped-vieassociative_favicon.ico.png\",\"width\":512,\"height\":512,\"caption\":\"Vie Associative\"},\"image\":{\"@id\":\"https:\/\/vieassociative.be\/actualites\/#\/schema\/logo\/image\/\"}},{\"@type\":\"Person\",\"@id\":\"https:\/\/vieassociative.be\/actualites\/#\/schema\/person\/b87ac4f82f9d4e7b7cec7395b679edc4\",\"name\":\"Julien\",\"image\":{\"@type\":\"ImageObject\",\"inLanguage\":\"fr-BE\",\"@id\":\"https:\/\/vieassociative.be\/actualites\/#\/schema\/person\/image\/\",\"url\":\"https:\/\/vieassociative.be\/actualites\/wp-content\/uploads\/2024\/09\/vie-associative-1-150x150.jpg\",\"contentUrl\":\"https:\/\/vieassociative.be\/actualites\/wp-content\/uploads\/2024\/09\/vie-associative-1-150x150.jpg\",\"caption\":\"Julien\"},\"description\":\"Je suis Julien, r\u00e9dacteur pour Vie Associative. Passionn\u00e9 par le monde associatif depuis plus de 10 ans, j'ai \u00e0 c\u0153ur de partager des histoires inspirantes et de mettre en lumi\u00e8re les initiatives locales. Mon objectif est de sensibiliser et d'encourager l'engagement communautaire \u00e0 travers mes articles.\",\"sameAs\":[\"https:\/\/vieassociative.be\/\"]}]}<\/script>\n<!-- \/ Yoast SEO plugin. -->","yoast_head_json":{"title":"Eupen favorise la collecte s\u00e9lective des d\u00e9chets organiques | Vie Associative","robots":{"index":"index","follow":"follow","max-snippet":"max-snippet:-1","max-image-preview":"max-image-preview:large","max-video-preview":"max-video-preview:-1"},"canonical":"https:\/\/vieassociative.be\/actualites\/eupen-favorise-la-collecte-selective-des-dechets-organiques\/","og_locale":"fr_FR","og_type":"article","og_title":"Eupen favorise la collecte s\u00e9lective des d\u00e9chets organiques | Vie Associative","og_description":"Depuis le 1er janvier 2024, l&rsquo;obligation l\u00e9gale de collecter s\u00e9par\u00e9ment les d\u00e9chets organiques est en vigueur en Wallonie. Cette r\u00e9glementation concerne aussi bien les m\u00e9nages","og_url":"https:\/\/vieassociative.be\/actualites\/eupen-favorise-la-collecte-selective-des-dechets-organiques\/","og_site_name":"Vie Associative","article_published_time":"2026-02-04T18:17:44+00:00","og_image":[{"width":279,"height":92,"url":"https:\/\/vieassociative.be\/actualites\/wp-content\/uploads\/2024\/09\/header_backgroundk-01-e1726694325946.png","type":"image\/png"}],"author":"Julien","twitter_card":"summary_large_image","twitter_misc":{"\u00c9crit par":"Julien","Dur\u00e9e de lecture est.":"2 minutes"},"schema":{"@context":"https:\/\/schema.org","@graph":[{"@type":"Article","@id":"https:\/\/vieassociative.be\/actualites\/eupen-favorise-la-collecte-selective-des-dechets-organiques\/#article","isPartOf":{"@id":"https:\/\/vieassociative.be\/actualites\/eupen-favorise-la-collecte-selective-des-dechets-organiques\/"},"author":{"name":"Julien","@id":"https:\/\/vieassociative.be\/actualites\/#\/schema\/person\/b87ac4f82f9d4e7b7cec7395b679edc4"},"headline":"Eupen favorise la collecte s\u00e9lective des d\u00e9chets organiques","datePublished":"2026-02-04T18:17:44+00:00","dateModified":"2026-02-04T18:17:44+00:00","mainEntityOfPage":{"@id":"https:\/\/vieassociative.be\/actualites\/eupen-favorise-la-collecte-selective-des-dechets-organiques\/"},"wordCount":412,"publisher":{"@id":"https:\/\/vieassociative.be\/actualites\/#organization"},"image":{"@id":"https:\/\/vieassociative.be\/actualites\/eupen-favorise-la-collecte-selective-des-dechets-organiques\/#primaryimage"},"thumbnailUrl":"https:\/\/vieassociative.be\/actualites\/wp-content\/uploads\/2026\/02\/1770229065_Eupen-favorise-la-collecte-selective-des-dechets-organiques.jpg","keywords":["collecte","d\u00e9chets","Des","Eupen","favorise","organiques","s\u00e9lective"],"articleSection":["Belgique"],"inLanguage":"fr-BE"},{"@type":"WebPage","@id":"https:\/\/vieassociative.be\/actualites\/eupen-favorise-la-collecte-selective-des-dechets-organiques\/","url":"https:\/\/vieassociative.be\/actualites\/eupen-favorise-la-collecte-selective-des-dechets-organiques\/","name":"Eupen favorise la collecte s\u00e9lective des d\u00e9chets organiques | Vie Associative","isPartOf":{"@id":"https:\/\/vieassociative.be\/actualites\/#website"},"primaryImageOfPage":{"@id":"https:\/\/vieassociative.be\/actualites\/eupen-favorise-la-collecte-selective-des-dechets-organiques\/#primaryimage"},"image":{"@id":"https:\/\/vieassociative.be\/actualites\/eupen-favorise-la-collecte-selective-des-dechets-organiques\/#primaryimage"},"thumbnailUrl":"https:\/\/vieassociative.be\/actualites\/wp-content\/uploads\/2026\/02\/1770229065_Eupen-favorise-la-collecte-selective-des-dechets-organiques.jpg","datePublished":"2026-02-04T18:17:44+00:00","dateModified":"2026-02-04T18:17:44+00:00","breadcrumb":{"@id":"https:\/\/vieassociative.be\/actualites\/eupen-favorise-la-collecte-selective-des-dechets-organiques\/#breadcrumb"},"inLanguage":"fr-BE","potentialAction":[{"@type":"ReadAction","target":["https:\/\/vieassociative.be\/actualites\/eupen-favorise-la-collecte-selective-des-dechets-organiques\/"]}]},{"@type":"ImageObject","inLanguage":"fr-BE","@id":"https:\/\/vieassociative.be\/actualites\/eupen-favorise-la-collecte-selective-des-dechets-organiques\/#primaryimage","url":"https:\/\/vieassociative.be\/actualites\/wp-content\/uploads\/2026\/02\/1770229065_Eupen-favorise-la-collecte-selective-des-dechets-organiques.jpg","contentUrl":"https:\/\/vieassociative.be\/actualites\/wp-content\/uploads\/2026\/02\/1770229065_Eupen-favorise-la-collecte-selective-des-dechets-organiques.jpg","width":1200,"height":800,"caption":"Eupen favorise la collecte s\u00e9lective des d\u00e9chets organiques"},{"@type":"BreadcrumbList","@id":"https:\/\/vieassociative.be\/actualites\/eupen-favorise-la-collecte-selective-des-dechets-organiques\/#breadcrumb","itemListElement":[{"@type":"ListItem","position":1,"name":"Accueil","item":"https:\/\/vieassociative.be\/actualites\/"},{"@type":"ListItem","position":2,"name":"Eupen favorise la collecte s\u00e9lective des d\u00e9chets organiques"}]},{"@type":"WebSite","@id":"https:\/\/vieassociative.be\/actualites\/#website","url":"https:\/\/vieassociative.be\/actualites\/","name":"Vie Associative","description":"","publisher":{"@id":"https:\/\/vieassociative.be\/actualites\/#organization"},"potentialAction":[{"@type":"SearchAction","target":{"@type":"EntryPoint","urlTemplate":"https:\/\/vieassociative.be\/actualites\/?s={search_term_string}"},"query-input":{"@type":"PropertyValueSpecification","valueRequired":true,"valueName":"search_term_string"}}],"inLanguage":"fr-BE"},{"@type":"Organization","@id":"https:\/\/vieassociative.be\/actualites\/#organization","name":"Vie Associative","url":"https:\/\/vieassociative.be\/actualites\/","logo":{"@type":"ImageObject","inLanguage":"fr-BE","@id":"https:\/\/vieassociative.be\/actualites\/#\/schema\/logo\/image\/","url":"https:\/\/vieassociative.be\/actualites\/wp-content\/uploads\/2024\/09\/cropped-vieassociative_favicon.ico.png","contentUrl":"https:\/\/vieassociative.be\/actualites\/wp-content\/uploads\/2024\/09\/cropped-vieassociative_favicon.ico.png","width":512,"height":512,"caption":"Vie Associative"},"image":{"@id":"https:\/\/vieassociative.be\/actualites\/#\/schema\/logo\/image\/"}},{"@type":"Person","@id":"https:\/\/vieassociative.be\/actualites\/#\/schema\/person\/b87ac4f82f9d4e7b7cec7395b679edc4","name":"Julien","image":{"@type":"ImageObject","inLanguage":"fr-BE","@id":"https:\/\/vieassociative.be\/actualites\/#\/schema\/person\/image\/","url":"https:\/\/vieassociative.be\/actualites\/wp-content\/uploads\/2024\/09\/vie-associative-1-150x150.jpg","contentUrl":"https:\/\/vieassociative.be\/actualites\/wp-content\/uploads\/2024\/09\/vie-associative-1-150x150.jpg","caption":"Julien"},"description":"Je suis Julien, r\u00e9dacteur pour Vie Associative. Passionn\u00e9 par le monde associatif depuis plus de 10 ans, j'ai \u00e0 c\u0153ur de partager des histoires inspirantes et de mettre en lumi\u00e8re les initiatives locales. Mon objectif est de sensibiliser et d'encourager l'engagement communautaire \u00e0 travers mes articles.","sameAs":["https:\/\/vieassociative.be\/"]}]}},"_links":{"self":[{"href":"https:\/\/vieassociative.be\/actualites\/wp-json\/wp\/v2\/posts\/12503"}],"collection":[{"href":"https:\/\/vieassociative.be\/actualites\/wp-json\/wp\/v2\/posts"}],"about":[{"href":"https:\/\/vieassociative.be\/actualites\/wp-json\/wp\/v2\/types\/post"}],"author":[{"embeddable":true,"href":"https:\/\/vieassociative.be\/actualites\/wp-json\/wp\/v2\/users\/1"}],"replies":[{"embeddable":true,"href":"https:\/\/vieassociative.be\/actualites\/wp-json\/wp\/v2\/comments?post=12503"}],"version-history":[{"count":0,"href":"https:\/\/vieassociative.be\/actualites\/wp-json\/wp\/v2\/posts\/12503\/revisions"}],"wp:featuredmedia":[{"embeddable":true,"href":"https:\/\/vieassociative.be\/actualites\/wp-json\/wp\/v2\/media\/12504"}],"wp:attachment":[{"href":"https:\/\/vieassociative.be\/actualites\/wp-json\/wp\/v2\/media?parent=12503"}],"wp:term":[{"taxonomy":"category","embeddable":true,"href":"https:\/\/vieassociative.be\/actualites\/wp-json\/wp\/v2\/categories?post=12503"},{"taxonomy":"post_tag","embeddable":true,"href":"https:\/\/vieassociative.be\/actualites\/wp-json\/wp\/v2\/tags?post=12503"}],"curies":[{"name":"wp","href":"https:\/\/api.w.org\/{rel}","templated":true}]}}