{"id":125,"date":"2024-09-19T22:18:42","date_gmt":"2024-09-19T20:18:42","guid":{"rendered":"https:\/\/vieassociative.be\/actualites\/les-meilleures-facons-de-vaincre-la-courbe-doubli-pendant-les-etudes\/"},"modified":"2024-09-19T22:18:42","modified_gmt":"2024-09-19T20:18:42","slug":"les-meilleures-facons-de-vaincre-la-courbe-doubli-pendant-les-etudes","status":"publish","type":"post","link":"https:\/\/vieassociative.be\/actualites\/les-meilleures-facons-de-vaincre-la-courbe-doubli-pendant-les-etudes\/","title":{"rendered":"Les meilleures fa\u00e7ons de vaincre la \u00ab courbe d\u2019oubli \u00bb pendant les \u00e9tudes"},"content":{"rendered":"<div class=\"mt-4 leading-6 md:mb-8\">Plus vous passez de temps sans penser \u00e0 quelque chose, plus il est facile de l\u2019oublier.<\/div>\n<p><\/p>\n<p>Il semble \u00e9vident que plus on attend longtemps avant de retrouver un souvenir, plus il est difficile de le retrouver. Mais ce n\u2019est pas toujours le cas. Dans les ann\u00e9es 1880, le psychologue allemand Hermann Ebbinghaus a \u00e9tudi\u00e9 le ph\u00e9nom\u00e8ne et publi\u00e9 ses conclusions, donnant au monde la courbe de l\u2019oubli d\u2019Ebbinghaus. Cette courbe est un simple graphique qui montre comment l\u2019information se perd au fil du temps, mais elle prouve que l\u2019oubli li\u00e9 au temps est r\u00e9el (et a \u00e9t\u00e9 confirm\u00e9 par d\u2019autres \u00e9tudes depuis). Vous voulez lutter contre cette courbe et conserver vos souvenirs, surtout lorsque vous \u00e9tudiez ? Voici comment.<\/p>\n<h2 id=\"how-long-do-memories-of-new-information-last\">Combien de temps durent les souvenirs de nouvelles informations ?<\/h2>\n<p>Ebbinghaus a conclu que la rapidit\u00e9 avec laquelle nous oublions quelque chose d\u00e9pend de facteurs tels que la difficult\u00e9 ou l&rsquo;importance du sujet, mais aussi de notre degr\u00e9 de fatigue ou de stress. Il n&rsquo;y a donc pas de r\u00e9ponse claire \u00e0 la question de savoir combien de jours vous conserverez une information si vous n&rsquo;y pensez pas.<\/p>\n<p>Nous savons \u00e9galement que l&rsquo;ordre dans lequel les informations sont pr\u00e9sent\u00e9es a une grande importance pour la dur\u00e9e pendant laquelle nous les stockons dans notre m\u00e9moire \u00e0 court terme. Il existe donc de nombreux facteurs qui influent sur nos capacit\u00e9s de r\u00e9cup\u00e9ration et de r\u00e9tention de la m\u00e9moire. Je suis d\u00e9sol\u00e9 de dire qu&rsquo;il n&rsquo;existe pas de r\u00e9ponse claire et nette \u00e0 la question de savoir combien de temps vous conserverez une information, mais il existe quelques r\u00e9ponses sur lesquelles Ebbinghaus et les \u00e9ducateurs d&rsquo;aujourd&rsquo;hui s&rsquo;accordent pour savoir comment mieux la retenir.<\/p>\n<h2 id=\"beat-the-forgetting-curve-with-spaced-repetition\">Battez la courbe de l&rsquo;oubli gr\u00e2ce \u00e0 la r\u00e9p\u00e9tition espac\u00e9e<\/h2>\n<p>La premi\u00e8re strat\u00e9gie que vous pouvez utiliser pour mieux retenir les informations s\u2019appelle la r\u00e9p\u00e9tition espac\u00e9e, une technique fond\u00e9e sur des preuves qui aide les apprenants \u00e0 absorber de nombreux \u00e9l\u00e9ments d\u2019information et \u00e0 les stocker dans leur m\u00e9moire. <\/p>\n<p>En gros, vous devez \u00e9tudier le contenu plusieurs fois, en vous accordant un espace entre chaque r\u00e9vision. Le temps que vous passez sans \u00e9tudier le contenu d\u00e9pend en grande partie de la fa\u00e7on dont vous vous en souvenez d\u00e9j\u00e0, ce qui signifie que plus vous r\u00e9visez longtemps, plus les p\u00e9riodes entre chaque r\u00e9vision doivent \u00eatre longues. Par exemple, vous devez r\u00e9viser vos notes de cours pour un cours difficile plus fr\u00e9quemment que pour un cours o\u00f9 vous avez vraiment compris les concepts. Au lieu de d\u00e9cider subjectivement si vous retenez les informations et si vous devez les r\u00e9viser ou non, essayez d&rsquo;utiliser le syst\u00e8me Leitner, qui vous aide \u00e0 planifier vos \u00e9tudes en fonction de votre r\u00e9ponse correcte ou non \u00e0 une fiche particuli\u00e8re la derni\u00e8re fois que vous l&rsquo;avez parcourue. Si vous avez bien r\u00e9pondu, vous n&rsquo;aurez plus besoin de la reprendre aussi souvent \u00e0 l&rsquo;avenir. <\/p>\n<p>Si vous h\u00e9sitez \u00e0 utiliser des m\u00e9thodes traditionnelles comme les fiches manuscrites, ne le soyez pas. \u00c9crire \u00e0 la main peut en fait vous aider \u00e0 mieux retenir les informations, donc utiliser le syst\u00e8me Leitner de cette fa\u00e7on peut avoir un double avantage.<\/p>\n<h2 id=\"beat-the-forgetting-curve-with-engaged-learning\">Battez la courbe de l&rsquo;oubli gr\u00e2ce \u00e0 l&rsquo;apprentissage engag\u00e9<\/h2>\n<p>Les ressources p\u00e9dagogiques recommandent aux enseignants d&rsquo;utiliser des m\u00e9thodes pour rendre les cours plus attrayants afin d&rsquo;aider les enfants \u00e0 surmonter la courbe d&rsquo;oubli, mais vous pouvez appliquer cette m\u00eame id\u00e9e \u00e0 votre propre apprentissage individuel, quel que soit votre niveau. Lorsque vous lisez de nouvelles informations, par exemple, utilisez des techniques qui vous aident \u00e0 rester absorb\u00e9 par le contenu.<\/p>\n<p>Essayez d&rsquo;examiner de nouvelles informations \u00e0 travers le prisme du cycle d&rsquo;apprentissage de Kolb, par exemple, qui repose sur la conviction que vous devez avoir un apprentissage concret, une observation r\u00e9flexive, une conceptualisation abstraite et une exp\u00e9rimentation active pour <em>vraiment<\/em> Apprenez quelque chose. Ou utilisez une m\u00e9thode de pens\u00e9e critique, comme SQ3R, pour suivre vos progr\u00e8s sur un sujet. Avec SQ3R, vous \u00e9crirez un peu de ce que vous pouvez recueillir en r\u00e9visant le mat\u00e9riel, puis les questions auxquelles vous souhaitez r\u00e9pondre lorsque vous le lirez plus en profondeur, afin de rester engag\u00e9 au fur et \u00e0 mesure, en recherchant les r\u00e9ponses \u00e0 vos questions. La technique vous demande \u00e9galement de revoir vos notes p\u00e9riodiquement, ce qui correspond parfaitement \u00e0 la r\u00e9p\u00e9tition espac\u00e9e et vous aidera \u00e0 surmonter la courbe d&rsquo;oubli. Encore une fois, essayez d&rsquo;utiliser un cahier \u00e0 l&rsquo;ancienne pour cela afin de pouvoir profiter du double avantage de l&rsquo;\u00e9criture manuscrite et de la r\u00e9vision. Vous pouvez m\u00eame vous procurer un cahier sp\u00e9cialis\u00e9 qui vous guide tout au long du processus SQ3R, afin que vous puissiez vous concentrer enti\u00e8rement sur l&rsquo;\u00e9criture et la r\u00e9vision au lieu de vous souvenir de ce que vous \u00eates cens\u00e9 noter.<\/p>\n","protected":false},"excerpt":{"rendered":"<p>Plus vous passez de temps sans penser \u00e0 quelque chose, plus il est facile de l\u2019oublier. Il semble \u00e9vident que plus on attend longtemps avant<\/p>\n","protected":false},"author":1,"featured_media":126,"comment_status":"","ping_status":"","sticky":false,"template":"","format":"standard","meta":{"footnotes":""},"categories":[37],"tags":[196,197,199,119,14,79,198,195],"class_list":["post-125","post","type-post","status-publish","format-standard","has-post-thumbnail","hentry","category-famille","tag-courbe","tag-doubli","tag-etudes","tag-facons","tag-les","tag-meilleures","tag-pendant","tag-vaincre","generate-columns","tablet-grid-50","mobile-grid-100","grid-parent","grid-33"],"yoast_head":"<!-- This site is optimized with the Yoast SEO plugin v24.0 - https:\/\/yoast.com\/wordpress\/plugins\/seo\/ -->\n<title>Les meilleures fa\u00e7ons de vaincre la \u00ab courbe d\u2019oubli \u00bb pendant les \u00e9tudes | Vie Associative<\/title>\n<meta name=\"robots\" content=\"index, follow, max-snippet:-1, max-image-preview:large, max-video-preview:-1\" \/>\n<link rel=\"canonical\" href=\"https:\/\/vieassociative.be\/actualites\/les-meilleures-facons-de-vaincre-la-courbe-doubli-pendant-les-etudes\/\" \/>\n<meta property=\"og:locale\" content=\"fr_FR\" \/>\n<meta property=\"og:type\" content=\"article\" \/>\n<meta property=\"og:title\" content=\"Les meilleures fa\u00e7ons de vaincre la \u00ab courbe d\u2019oubli \u00bb pendant les \u00e9tudes | Vie Associative\" \/>\n<meta property=\"og:description\" content=\"Plus vous passez de temps sans penser \u00e0 quelque chose, plus il est facile de l\u2019oublier. Il semble \u00e9vident que plus on attend longtemps avant\" \/>\n<meta property=\"og:url\" content=\"https:\/\/vieassociative.be\/actualites\/les-meilleures-facons-de-vaincre-la-courbe-doubli-pendant-les-etudes\/\" \/>\n<meta property=\"og:site_name\" content=\"Vie Associative\" \/>\n<meta property=\"article:published_time\" content=\"2024-09-19T20:18:42+00:00\" \/>\n<meta property=\"og:image\" content=\"https:\/\/vieassociative.be\/actualites\/wp-content\/uploads\/2024\/09\/header_backgroundk-01-e1726694325946.png\" \/>\n\t<meta property=\"og:image:width\" content=\"279\" \/>\n\t<meta property=\"og:image:height\" content=\"92\" \/>\n\t<meta property=\"og:image:type\" content=\"image\/png\" \/>\n<meta name=\"author\" content=\"Julien\" \/>\n<meta name=\"twitter:card\" content=\"summary_large_image\" \/>\n<meta name=\"twitter:label1\" content=\"\u00c9crit par\" \/>\n\t<meta name=\"twitter:data1\" content=\"Julien\" \/>\n\t<meta name=\"twitter:label2\" content=\"Dur\u00e9e de lecture est.\" \/>\n\t<meta name=\"twitter:data2\" content=\"4 minutes\" \/>\n<script type=\"application\/ld+json\" class=\"yoast-schema-graph\">{\"@context\":\"https:\/\/schema.org\",\"@graph\":[{\"@type\":\"Article\",\"@id\":\"https:\/\/vieassociative.be\/actualites\/les-meilleures-facons-de-vaincre-la-courbe-doubli-pendant-les-etudes\/#article\",\"isPartOf\":{\"@id\":\"https:\/\/vieassociative.be\/actualites\/les-meilleures-facons-de-vaincre-la-courbe-doubli-pendant-les-etudes\/\"},\"author\":{\"name\":\"Julien\",\"@id\":\"https:\/\/vieassociative.be\/actualites\/#\/schema\/person\/b87ac4f82f9d4e7b7cec7395b679edc4\"},\"headline\":\"Les meilleures fa\u00e7ons de vaincre la \u00ab courbe d\u2019oubli \u00bb pendant les \u00e9tudes\",\"datePublished\":\"2024-09-19T20:18:42+00:00\",\"dateModified\":\"2024-09-19T20:18:42+00:00\",\"mainEntityOfPage\":{\"@id\":\"https:\/\/vieassociative.be\/actualites\/les-meilleures-facons-de-vaincre-la-courbe-doubli-pendant-les-etudes\/\"},\"wordCount\":883,\"publisher\":{\"@id\":\"https:\/\/vieassociative.be\/actualites\/#organization\"},\"image\":{\"@id\":\"https:\/\/vieassociative.be\/actualites\/les-meilleures-facons-de-vaincre-la-courbe-doubli-pendant-les-etudes\/#primaryimage\"},\"thumbnailUrl\":\"https:\/\/vieassociative.be\/actualites\/wp-content\/uploads\/2024\/09\/Les-meilleures-facons-de-vaincre-la-courbe-doubli.jpg\",\"keywords\":[\"courbe\",\"doubli\",\"\u00e9tudes\",\"fa\u00e7ons\",\"Les\",\"meilleures\",\"pendant\",\"vaincre\"],\"articleSection\":[\"Famille\"],\"inLanguage\":\"fr-BE\"},{\"@type\":\"WebPage\",\"@id\":\"https:\/\/vieassociative.be\/actualites\/les-meilleures-facons-de-vaincre-la-courbe-doubli-pendant-les-etudes\/\",\"url\":\"https:\/\/vieassociative.be\/actualites\/les-meilleures-facons-de-vaincre-la-courbe-doubli-pendant-les-etudes\/\",\"name\":\"Les meilleures fa\u00e7ons de vaincre la \u00ab courbe d\u2019oubli \u00bb pendant les \u00e9tudes | Vie Associative\",\"isPartOf\":{\"@id\":\"https:\/\/vieassociative.be\/actualites\/#website\"},\"primaryImageOfPage\":{\"@id\":\"https:\/\/vieassociative.be\/actualites\/les-meilleures-facons-de-vaincre-la-courbe-doubli-pendant-les-etudes\/#primaryimage\"},\"image\":{\"@id\":\"https:\/\/vieassociative.be\/actualites\/les-meilleures-facons-de-vaincre-la-courbe-doubli-pendant-les-etudes\/#primaryimage\"},\"thumbnailUrl\":\"https:\/\/vieassociative.be\/actualites\/wp-content\/uploads\/2024\/09\/Les-meilleures-facons-de-vaincre-la-courbe-doubli.jpg\",\"datePublished\":\"2024-09-19T20:18:42+00:00\",\"dateModified\":\"2024-09-19T20:18:42+00:00\",\"breadcrumb\":{\"@id\":\"https:\/\/vieassociative.be\/actualites\/les-meilleures-facons-de-vaincre-la-courbe-doubli-pendant-les-etudes\/#breadcrumb\"},\"inLanguage\":\"fr-BE\",\"potentialAction\":[{\"@type\":\"ReadAction\",\"target\":[\"https:\/\/vieassociative.be\/actualites\/les-meilleures-facons-de-vaincre-la-courbe-doubli-pendant-les-etudes\/\"]}]},{\"@type\":\"ImageObject\",\"inLanguage\":\"fr-BE\",\"@id\":\"https:\/\/vieassociative.be\/actualites\/les-meilleures-facons-de-vaincre-la-courbe-doubli-pendant-les-etudes\/#primaryimage\",\"url\":\"https:\/\/vieassociative.be\/actualites\/wp-content\/uploads\/2024\/09\/Les-meilleures-facons-de-vaincre-la-courbe-doubli.jpg\",\"contentUrl\":\"https:\/\/vieassociative.be\/actualites\/wp-content\/uploads\/2024\/09\/Les-meilleures-facons-de-vaincre-la-courbe-doubli.jpg\",\"width\":1200,\"height\":675,\"caption\":\"Les meilleures fa\u00e7ons de vaincre la \u00ab courbe d\u2019oubli \u00bb pendant les \u00e9tudes\"},{\"@type\":\"BreadcrumbList\",\"@id\":\"https:\/\/vieassociative.be\/actualites\/les-meilleures-facons-de-vaincre-la-courbe-doubli-pendant-les-etudes\/#breadcrumb\",\"itemListElement\":[{\"@type\":\"ListItem\",\"position\":1,\"name\":\"Accueil\",\"item\":\"https:\/\/vieassociative.be\/actualites\/\"},{\"@type\":\"ListItem\",\"position\":2,\"name\":\"Les meilleures fa\u00e7ons de vaincre la \u00ab courbe d\u2019oubli \u00bb pendant les \u00e9tudes\"}]},{\"@type\":\"WebSite\",\"@id\":\"https:\/\/vieassociative.be\/actualites\/#website\",\"url\":\"https:\/\/vieassociative.be\/actualites\/\",\"name\":\"Vie Associative\",\"description\":\"\",\"publisher\":{\"@id\":\"https:\/\/vieassociative.be\/actualites\/#organization\"},\"potentialAction\":[{\"@type\":\"SearchAction\",\"target\":{\"@type\":\"EntryPoint\",\"urlTemplate\":\"https:\/\/vieassociative.be\/actualites\/?s={search_term_string}\"},\"query-input\":{\"@type\":\"PropertyValueSpecification\",\"valueRequired\":true,\"valueName\":\"search_term_string\"}}],\"inLanguage\":\"fr-BE\"},{\"@type\":\"Organization\",\"@id\":\"https:\/\/vieassociative.be\/actualites\/#organization\",\"name\":\"Vie Associative\",\"url\":\"https:\/\/vieassociative.be\/actualites\/\",\"logo\":{\"@type\":\"ImageObject\",\"inLanguage\":\"fr-BE\",\"@id\":\"https:\/\/vieassociative.be\/actualites\/#\/schema\/logo\/image\/\",\"url\":\"https:\/\/vieassociative.be\/actualites\/wp-content\/uploads\/2024\/09\/cropped-vieassociative_favicon.ico.png\",\"contentUrl\":\"https:\/\/vieassociative.be\/actualites\/wp-content\/uploads\/2024\/09\/cropped-vieassociative_favicon.ico.png\",\"width\":512,\"height\":512,\"caption\":\"Vie Associative\"},\"image\":{\"@id\":\"https:\/\/vieassociative.be\/actualites\/#\/schema\/logo\/image\/\"}},{\"@type\":\"Person\",\"@id\":\"https:\/\/vieassociative.be\/actualites\/#\/schema\/person\/b87ac4f82f9d4e7b7cec7395b679edc4\",\"name\":\"Julien\",\"image\":{\"@type\":\"ImageObject\",\"inLanguage\":\"fr-BE\",\"@id\":\"https:\/\/vieassociative.be\/actualites\/#\/schema\/person\/image\/\",\"url\":\"https:\/\/vieassociative.be\/actualites\/wp-content\/uploads\/2024\/09\/vie-associative-1-150x150.jpg\",\"contentUrl\":\"https:\/\/vieassociative.be\/actualites\/wp-content\/uploads\/2024\/09\/vie-associative-1-150x150.jpg\",\"caption\":\"Julien\"},\"description\":\"Je suis Julien, r\u00e9dacteur pour Vie Associative. Passionn\u00e9 par le monde associatif depuis plus de 10 ans, j'ai \u00e0 c\u0153ur de partager des histoires inspirantes et de mettre en lumi\u00e8re les initiatives locales. Mon objectif est de sensibiliser et d'encourager l'engagement communautaire \u00e0 travers mes articles.\",\"sameAs\":[\"https:\/\/vieassociative.be\/\"]}]}<\/script>\n<!-- \/ Yoast SEO plugin. -->","yoast_head_json":{"title":"Les meilleures fa\u00e7ons de vaincre la \u00ab courbe d\u2019oubli \u00bb pendant les \u00e9tudes | Vie Associative","robots":{"index":"index","follow":"follow","max-snippet":"max-snippet:-1","max-image-preview":"max-image-preview:large","max-video-preview":"max-video-preview:-1"},"canonical":"https:\/\/vieassociative.be\/actualites\/les-meilleures-facons-de-vaincre-la-courbe-doubli-pendant-les-etudes\/","og_locale":"fr_FR","og_type":"article","og_title":"Les meilleures fa\u00e7ons de vaincre la \u00ab courbe d\u2019oubli \u00bb pendant les \u00e9tudes | Vie Associative","og_description":"Plus vous passez de temps sans penser \u00e0 quelque chose, plus il est facile de l\u2019oublier. Il semble \u00e9vident que plus on attend longtemps avant","og_url":"https:\/\/vieassociative.be\/actualites\/les-meilleures-facons-de-vaincre-la-courbe-doubli-pendant-les-etudes\/","og_site_name":"Vie Associative","article_published_time":"2024-09-19T20:18:42+00:00","og_image":[{"width":279,"height":92,"url":"https:\/\/vieassociative.be\/actualites\/wp-content\/uploads\/2024\/09\/header_backgroundk-01-e1726694325946.png","type":"image\/png"}],"author":"Julien","twitter_card":"summary_large_image","twitter_misc":{"\u00c9crit par":"Julien","Dur\u00e9e de lecture est.":"4 minutes"},"schema":{"@context":"https:\/\/schema.org","@graph":[{"@type":"Article","@id":"https:\/\/vieassociative.be\/actualites\/les-meilleures-facons-de-vaincre-la-courbe-doubli-pendant-les-etudes\/#article","isPartOf":{"@id":"https:\/\/vieassociative.be\/actualites\/les-meilleures-facons-de-vaincre-la-courbe-doubli-pendant-les-etudes\/"},"author":{"name":"Julien","@id":"https:\/\/vieassociative.be\/actualites\/#\/schema\/person\/b87ac4f82f9d4e7b7cec7395b679edc4"},"headline":"Les meilleures fa\u00e7ons de vaincre la \u00ab courbe d\u2019oubli \u00bb pendant les \u00e9tudes","datePublished":"2024-09-19T20:18:42+00:00","dateModified":"2024-09-19T20:18:42+00:00","mainEntityOfPage":{"@id":"https:\/\/vieassociative.be\/actualites\/les-meilleures-facons-de-vaincre-la-courbe-doubli-pendant-les-etudes\/"},"wordCount":883,"publisher":{"@id":"https:\/\/vieassociative.be\/actualites\/#organization"},"image":{"@id":"https:\/\/vieassociative.be\/actualites\/les-meilleures-facons-de-vaincre-la-courbe-doubli-pendant-les-etudes\/#primaryimage"},"thumbnailUrl":"https:\/\/vieassociative.be\/actualites\/wp-content\/uploads\/2024\/09\/Les-meilleures-facons-de-vaincre-la-courbe-doubli.jpg","keywords":["courbe","doubli","\u00e9tudes","fa\u00e7ons","Les","meilleures","pendant","vaincre"],"articleSection":["Famille"],"inLanguage":"fr-BE"},{"@type":"WebPage","@id":"https:\/\/vieassociative.be\/actualites\/les-meilleures-facons-de-vaincre-la-courbe-doubli-pendant-les-etudes\/","url":"https:\/\/vieassociative.be\/actualites\/les-meilleures-facons-de-vaincre-la-courbe-doubli-pendant-les-etudes\/","name":"Les meilleures fa\u00e7ons de vaincre la \u00ab courbe d\u2019oubli \u00bb pendant les \u00e9tudes | Vie Associative","isPartOf":{"@id":"https:\/\/vieassociative.be\/actualites\/#website"},"primaryImageOfPage":{"@id":"https:\/\/vieassociative.be\/actualites\/les-meilleures-facons-de-vaincre-la-courbe-doubli-pendant-les-etudes\/#primaryimage"},"image":{"@id":"https:\/\/vieassociative.be\/actualites\/les-meilleures-facons-de-vaincre-la-courbe-doubli-pendant-les-etudes\/#primaryimage"},"thumbnailUrl":"https:\/\/vieassociative.be\/actualites\/wp-content\/uploads\/2024\/09\/Les-meilleures-facons-de-vaincre-la-courbe-doubli.jpg","datePublished":"2024-09-19T20:18:42+00:00","dateModified":"2024-09-19T20:18:42+00:00","breadcrumb":{"@id":"https:\/\/vieassociative.be\/actualites\/les-meilleures-facons-de-vaincre-la-courbe-doubli-pendant-les-etudes\/#breadcrumb"},"inLanguage":"fr-BE","potentialAction":[{"@type":"ReadAction","target":["https:\/\/vieassociative.be\/actualites\/les-meilleures-facons-de-vaincre-la-courbe-doubli-pendant-les-etudes\/"]}]},{"@type":"ImageObject","inLanguage":"fr-BE","@id":"https:\/\/vieassociative.be\/actualites\/les-meilleures-facons-de-vaincre-la-courbe-doubli-pendant-les-etudes\/#primaryimage","url":"https:\/\/vieassociative.be\/actualites\/wp-content\/uploads\/2024\/09\/Les-meilleures-facons-de-vaincre-la-courbe-doubli.jpg","contentUrl":"https:\/\/vieassociative.be\/actualites\/wp-content\/uploads\/2024\/09\/Les-meilleures-facons-de-vaincre-la-courbe-doubli.jpg","width":1200,"height":675,"caption":"Les meilleures fa\u00e7ons de vaincre la \u00ab courbe d\u2019oubli \u00bb pendant les \u00e9tudes"},{"@type":"BreadcrumbList","@id":"https:\/\/vieassociative.be\/actualites\/les-meilleures-facons-de-vaincre-la-courbe-doubli-pendant-les-etudes\/#breadcrumb","itemListElement":[{"@type":"ListItem","position":1,"name":"Accueil","item":"https:\/\/vieassociative.be\/actualites\/"},{"@type":"ListItem","position":2,"name":"Les meilleures fa\u00e7ons de vaincre la \u00ab courbe d\u2019oubli \u00bb pendant les \u00e9tudes"}]},{"@type":"WebSite","@id":"https:\/\/vieassociative.be\/actualites\/#website","url":"https:\/\/vieassociative.be\/actualites\/","name":"Vie Associative","description":"","publisher":{"@id":"https:\/\/vieassociative.be\/actualites\/#organization"},"potentialAction":[{"@type":"SearchAction","target":{"@type":"EntryPoint","urlTemplate":"https:\/\/vieassociative.be\/actualites\/?s={search_term_string}"},"query-input":{"@type":"PropertyValueSpecification","valueRequired":true,"valueName":"search_term_string"}}],"inLanguage":"fr-BE"},{"@type":"Organization","@id":"https:\/\/vieassociative.be\/actualites\/#organization","name":"Vie Associative","url":"https:\/\/vieassociative.be\/actualites\/","logo":{"@type":"ImageObject","inLanguage":"fr-BE","@id":"https:\/\/vieassociative.be\/actualites\/#\/schema\/logo\/image\/","url":"https:\/\/vieassociative.be\/actualites\/wp-content\/uploads\/2024\/09\/cropped-vieassociative_favicon.ico.png","contentUrl":"https:\/\/vieassociative.be\/actualites\/wp-content\/uploads\/2024\/09\/cropped-vieassociative_favicon.ico.png","width":512,"height":512,"caption":"Vie Associative"},"image":{"@id":"https:\/\/vieassociative.be\/actualites\/#\/schema\/logo\/image\/"}},{"@type":"Person","@id":"https:\/\/vieassociative.be\/actualites\/#\/schema\/person\/b87ac4f82f9d4e7b7cec7395b679edc4","name":"Julien","image":{"@type":"ImageObject","inLanguage":"fr-BE","@id":"https:\/\/vieassociative.be\/actualites\/#\/schema\/person\/image\/","url":"https:\/\/vieassociative.be\/actualites\/wp-content\/uploads\/2024\/09\/vie-associative-1-150x150.jpg","contentUrl":"https:\/\/vieassociative.be\/actualites\/wp-content\/uploads\/2024\/09\/vie-associative-1-150x150.jpg","caption":"Julien"},"description":"Je suis Julien, r\u00e9dacteur pour Vie Associative. Passionn\u00e9 par le monde associatif depuis plus de 10 ans, j'ai \u00e0 c\u0153ur de partager des histoires inspirantes et de mettre en lumi\u00e8re les initiatives locales. Mon objectif est de sensibiliser et d'encourager l'engagement communautaire \u00e0 travers mes articles.","sameAs":["https:\/\/vieassociative.be\/"]}]}},"_links":{"self":[{"href":"https:\/\/vieassociative.be\/actualites\/wp-json\/wp\/v2\/posts\/125"}],"collection":[{"href":"https:\/\/vieassociative.be\/actualites\/wp-json\/wp\/v2\/posts"}],"about":[{"href":"https:\/\/vieassociative.be\/actualites\/wp-json\/wp\/v2\/types\/post"}],"author":[{"embeddable":true,"href":"https:\/\/vieassociative.be\/actualites\/wp-json\/wp\/v2\/users\/1"}],"replies":[{"embeddable":true,"href":"https:\/\/vieassociative.be\/actualites\/wp-json\/wp\/v2\/comments?post=125"}],"version-history":[{"count":0,"href":"https:\/\/vieassociative.be\/actualites\/wp-json\/wp\/v2\/posts\/125\/revisions"}],"wp:featuredmedia":[{"embeddable":true,"href":"https:\/\/vieassociative.be\/actualites\/wp-json\/wp\/v2\/media\/126"}],"wp:attachment":[{"href":"https:\/\/vieassociative.be\/actualites\/wp-json\/wp\/v2\/media?parent=125"}],"wp:term":[{"taxonomy":"category","embeddable":true,"href":"https:\/\/vieassociative.be\/actualites\/wp-json\/wp\/v2\/categories?post=125"},{"taxonomy":"post_tag","embeddable":true,"href":"https:\/\/vieassociative.be\/actualites\/wp-json\/wp\/v2\/tags?post=125"}],"curies":[{"name":"wp","href":"https:\/\/api.w.org\/{rel}","templated":true}]}}