{"id":12499,"date":"2026-02-04T13:17:49","date_gmt":"2026-02-04T12:17:49","guid":{"rendered":"https:\/\/vieassociative.be\/actualites\/une-semaine-avant-le-debut-du-carnaval-de-rue-la-police-lance-un-appel-aux-parents-et-aux-organisateurs\/"},"modified":"2026-02-04T13:17:49","modified_gmt":"2026-02-04T12:17:49","slug":"une-semaine-avant-le-debut-du-carnaval-de-rue-la-police-lance-un-appel-aux-parents-et-aux-organisateurs","status":"publish","type":"post","link":"https:\/\/vieassociative.be\/actualites\/une-semaine-avant-le-debut-du-carnaval-de-rue-la-police-lance-un-appel-aux-parents-et-aux-organisateurs\/","title":{"rendered":"Une semaine avant le d\u00e9but du carnaval de rue, la police lance un appel aux parents et aux organisateurs"},"content":{"rendered":"<p><strong>Une bonne semaine avant le d\u00e9but du carnaval de rue, la zone de police de Weser-G\u00f6hl lance un appel clair aux parents, aux tuteurs l\u00e9gaux et aux organisateurs : veuillez prendre votre responsabilit\u00e9 au s\u00e9rieux !<\/strong><\/p>\n<p><span id=\"more-435259\"><\/span>\u00ab\u00a0La cinqui\u00e8me saison entre dans une phase chaude et les fans de carnaval de tous \u00e2ges attendent avec impatience le grand moment de la saison. Faire la f\u00eate, rire et s&rsquo;amuser en font tout simplement partie. Le carnaval est quelque chose de tr\u00e8s sp\u00e9cial, surtout pour les jeunes. Malheureusement, l&rsquo;effet de l&rsquo;alcool est souvent sous-estim\u00e9 &#8211; et cela peut rapidement conduire \u00e0 des situations d\u00e9sagr\u00e9ables, voire dangereuses\u00a0\u00bb, indique un communiqu\u00e9 de presse de la zone de police de Weser-G\u00f6hl, qui souligne que l&rsquo;alcool est tabou avant 16 ans.<\/p>\n<p>\u00c0 partir de 16 ans, la bi\u00e8re, le vin et les cocktails sont autoris\u00e9s. Les exceptions sont les boissons ferment\u00e9es \u00e0 plus de 22 % vol comme le porto ou le x\u00e9r\u00e8s.<\/p>\n<div id=\"attachment_38663\" class=\"wp-caption alignleft\" style=\"max-width: 300px\"><img fetchpriority=\"high\" decoding=\"async\" class=\"wp-image-38663 size-medium\" src=\"https:\/\/vieassociative.be\/actualites\/wp-content\/uploads\/2026\/02\/Une-semaine-avant-le-debut-du-carnaval-de-rue-la.jpg\" alt=\"\" width=\"300\" height=\"201\"  ><\/div>\n<p>L&rsquo;alcool distill\u00e9 \u00e0 haute teneur (au-dessus de 1,2 % vol) n&rsquo;est disponible que pour les personnes \u00e2g\u00e9es de 18 ans et plus, cela inclut \u00e9galement les boissons mixtes en question.<\/p>\n<p>Conseil de la police : \u00ab\u00a0Parlez tr\u00e8s t\u00f4t aux jeunes de l&rsquo;alcool et des r\u00e8gles \u2013 cela fera du carnaval une f\u00eate joyeuse et s\u00fbre pour tous.\u00a0\u00bb<\/p>\n<p><strong>\u2013 Animations dansantes et soir\u00e9es :<\/strong> Des r\u00e8gles claires s\u2019appliquent ici aussi. Les enfants et les jeunes de moins de 16 ans ne sont autoris\u00e9s \u00e0 assister aux soir\u00e9es dansantes et aux soir\u00e9es qu&rsquo;en compagnie d&rsquo;un tuteur l\u00e9gal. Les parents doivent \u00e9galement savoir o\u00f9 se trouve leur enfant, avec qui il se trouve et quel est le chemin s\u00fbr pour rentrer chez lui.<\/p>\n<p><strong>\u2013 Carnaval &#038; trafic routier :<\/strong> Pendant les jours de carnaval, de nombreuses personnes marchent. Cela rend la consid\u00e9ration mutuelle d\u2019autant plus importante \u2013 et bien s\u00fbr : pas d\u2019alcool au volant ! Afin d&rsquo;assurer la s\u00e9curit\u00e9 de tous, la zone de police de Weser-G\u00f6hl proc\u00e9dera \u00e0 des contr\u00f4les d&rsquo;alcool et de circulation accrus depuis Altweiber jusqu&rsquo;au mercredi des Cendres.<\/p>\n<p>Enfin, le communiqu\u00e9 de presse indique : \u00ab\u00a0Nous souhaitons \u00e0 tous un carnaval heureux et en toute s\u00e9curit\u00e9 ! Avec cela \u00e0 l&rsquo;esprit : Oepe, Kelemes, Roore \u00e4nn Lontze Alaaf !\u00a0\u00bb<\/p>\n<p><em><strong>Sur le sujet, voir aussi l&rsquo;article suivant sur l&rsquo;OD :<\/strong><\/em><\/p>\n<div class=\"responsive-embed widescreen\">\n<blockquote class=\"wp-embedded-content\" data-secret=\"LyilrEdMFH\">\n<p>Le carnaval change : de plus en plus de gens font la f\u00eate sobrement<\/p>\n<\/blockquote>\n<p><iframe loading=\"lazy\" class=\"wp-embedded-content\" sandbox=\"allow-scripts\" security=\"restricted\" style=\"position: absolute; visibility: hidden;\" title=\"\u201eKarneval im Wandel: Immer mehr feiern n\u00fcchtern\u201c \u2013 Ostbelgien Direkt\" src=\"https:\/\/ostbelgiendirekt.be\/about:blank\" data-secret=\"LyilrEdMFH\" width=\"500\" height=\"282\" frameborder=\"0\" marginwidth=\"0\" marginheight=\"0\" scrolling=\"no\" data-rocket-lazyload=\"fitvidscompatible\" data-lazy-src=\"https:\/\/ostbelgiendirekt.be\/karneval-im-wandel-435101\/embed#?secret=af222thSP6#?secret=LyilrEdMFH\"><\/iframe><noscript><iframe class=\"wp-embedded-content\" sandbox=\"allow-scripts\" security=\"restricted\" style=\"position: absolute; visibility: hidden;\" title=\"\u201eKarneval im Wandel: Immer mehr feiern n\u00fcchtern\u201c \u2013 Ostbelgien Direkt\" src=\"https:\/\/ostbelgiendirekt.be\/karneval-im-wandel-435101\/embed#?secret=af222thSP6#?secret=LyilrEdMFH\" data-secret=\"LyilrEdMFH\" width=\"500\" height=\"282\" frameborder=\"0\" marginwidth=\"0\" marginheight=\"0\" scrolling=\"no\"><\/iframe><\/noscript><\/p>\n<\/div>\n","protected":false},"excerpt":{"rendered":"<p>Une bonne semaine avant le d\u00e9but du carnaval de rue, la zone de police de Weser-G\u00f6hl lance un appel clair aux parents, aux tuteurs l\u00e9gaux<\/p>\n","protected":false},"author":1,"featured_media":12500,"comment_status":"","ping_status":"","sticky":false,"template":"","format":"standard","meta":{"footnotes":""},"categories":[298],"tags":[8095,289,142,3049,359,4362,9944,1319,2741,599,1348,110],"class_list":["post-12499","post","type-post","status-publish","format-standard","has-post-thumbnail","hentry","category-belgique","tag-appel","tag-aux","tag-avant","tag-carnaval","tag-debut","tag-lance","tag-organisateurs","tag-parents","tag-police","tag-rue","tag-semaine","tag-une","generate-columns","tablet-grid-50","mobile-grid-100","grid-parent","grid-33"],"yoast_head":"<!-- This site is optimized with the Yoast SEO plugin v24.0 - https:\/\/yoast.com\/wordpress\/plugins\/seo\/ -->\n<title>Une semaine avant le d\u00e9but du carnaval de rue, la police lance un appel aux parents et aux organisateurs | Vie Associative<\/title>\n<meta name=\"robots\" content=\"index, follow, max-snippet:-1, max-image-preview:large, max-video-preview:-1\" \/>\n<link rel=\"canonical\" href=\"https:\/\/vieassociative.be\/actualites\/une-semaine-avant-le-debut-du-carnaval-de-rue-la-police-lance-un-appel-aux-parents-et-aux-organisateurs\/\" \/>\n<meta property=\"og:locale\" content=\"fr_FR\" \/>\n<meta property=\"og:type\" content=\"article\" \/>\n<meta property=\"og:title\" content=\"Une semaine avant le d\u00e9but du carnaval de rue, la police lance un appel aux parents et aux organisateurs | Vie Associative\" \/>\n<meta property=\"og:description\" content=\"Une bonne semaine avant le d\u00e9but du carnaval de rue, la zone de police de Weser-G\u00f6hl lance un appel clair aux parents, aux tuteurs l\u00e9gaux\" \/>\n<meta property=\"og:url\" content=\"https:\/\/vieassociative.be\/actualites\/une-semaine-avant-le-debut-du-carnaval-de-rue-la-police-lance-un-appel-aux-parents-et-aux-organisateurs\/\" \/>\n<meta property=\"og:site_name\" content=\"Vie Associative\" \/>\n<meta property=\"article:published_time\" content=\"2026-02-04T12:17:49+00:00\" \/>\n<meta property=\"og:image\" content=\"https:\/\/vieassociative.be\/actualites\/wp-content\/uploads\/2024\/09\/header_backgroundk-01-e1726694325946.png\" \/>\n\t<meta property=\"og:image:width\" content=\"279\" \/>\n\t<meta property=\"og:image:height\" content=\"92\" \/>\n\t<meta property=\"og:image:type\" content=\"image\/png\" \/>\n<meta name=\"author\" content=\"Julien\" \/>\n<meta name=\"twitter:card\" content=\"summary_large_image\" \/>\n<meta name=\"twitter:label1\" content=\"\u00c9crit par\" \/>\n\t<meta name=\"twitter:data1\" content=\"Julien\" \/>\n\t<meta name=\"twitter:label2\" content=\"Dur\u00e9e de lecture est.\" \/>\n\t<meta name=\"twitter:data2\" content=\"2 minutes\" \/>\n<script type=\"application\/ld+json\" class=\"yoast-schema-graph\">{\"@context\":\"https:\/\/schema.org\",\"@graph\":[{\"@type\":\"Article\",\"@id\":\"https:\/\/vieassociative.be\/actualites\/une-semaine-avant-le-debut-du-carnaval-de-rue-la-police-lance-un-appel-aux-parents-et-aux-organisateurs\/#article\",\"isPartOf\":{\"@id\":\"https:\/\/vieassociative.be\/actualites\/une-semaine-avant-le-debut-du-carnaval-de-rue-la-police-lance-un-appel-aux-parents-et-aux-organisateurs\/\"},\"author\":{\"name\":\"Julien\",\"@id\":\"https:\/\/vieassociative.be\/actualites\/#\/schema\/person\/b87ac4f82f9d4e7b7cec7395b679edc4\"},\"headline\":\"Une semaine avant le d\u00e9but du carnaval de rue, la police lance un appel aux parents et aux organisateurs\",\"datePublished\":\"2026-02-04T12:17:49+00:00\",\"dateModified\":\"2026-02-04T12:17:49+00:00\",\"mainEntityOfPage\":{\"@id\":\"https:\/\/vieassociative.be\/actualites\/une-semaine-avant-le-debut-du-carnaval-de-rue-la-police-lance-un-appel-aux-parents-et-aux-organisateurs\/\"},\"wordCount\":432,\"publisher\":{\"@id\":\"https:\/\/vieassociative.be\/actualites\/#organization\"},\"image\":{\"@id\":\"https:\/\/vieassociative.be\/actualites\/une-semaine-avant-le-debut-du-carnaval-de-rue-la-police-lance-un-appel-aux-parents-et-aux-organisateurs\/#primaryimage\"},\"thumbnailUrl\":\"https:\/\/vieassociative.be\/actualites\/wp-content\/uploads\/2026\/02\/1770207470_Une-semaine-avant-le-debut-du-carnaval-de-rue-la.jpg\",\"keywords\":[\"appel\",\"aux\",\"avant\",\"carnaval\",\"D\u00e9but\",\"lanc\u00e9\",\"organisateurs\",\"parents\",\"police\",\"rue\",\"semaine\",\"une\"],\"articleSection\":[\"Belgique\"],\"inLanguage\":\"fr-BE\"},{\"@type\":\"WebPage\",\"@id\":\"https:\/\/vieassociative.be\/actualites\/une-semaine-avant-le-debut-du-carnaval-de-rue-la-police-lance-un-appel-aux-parents-et-aux-organisateurs\/\",\"url\":\"https:\/\/vieassociative.be\/actualites\/une-semaine-avant-le-debut-du-carnaval-de-rue-la-police-lance-un-appel-aux-parents-et-aux-organisateurs\/\",\"name\":\"Une semaine avant le d\u00e9but du carnaval de rue, la police lance un appel aux parents et aux organisateurs | Vie Associative\",\"isPartOf\":{\"@id\":\"https:\/\/vieassociative.be\/actualites\/#website\"},\"primaryImageOfPage\":{\"@id\":\"https:\/\/vieassociative.be\/actualites\/une-semaine-avant-le-debut-du-carnaval-de-rue-la-police-lance-un-appel-aux-parents-et-aux-organisateurs\/#primaryimage\"},\"image\":{\"@id\":\"https:\/\/vieassociative.be\/actualites\/une-semaine-avant-le-debut-du-carnaval-de-rue-la-police-lance-un-appel-aux-parents-et-aux-organisateurs\/#primaryimage\"},\"thumbnailUrl\":\"https:\/\/vieassociative.be\/actualites\/wp-content\/uploads\/2026\/02\/1770207470_Une-semaine-avant-le-debut-du-carnaval-de-rue-la.jpg\",\"datePublished\":\"2026-02-04T12:17:49+00:00\",\"dateModified\":\"2026-02-04T12:17:49+00:00\",\"breadcrumb\":{\"@id\":\"https:\/\/vieassociative.be\/actualites\/une-semaine-avant-le-debut-du-carnaval-de-rue-la-police-lance-un-appel-aux-parents-et-aux-organisateurs\/#breadcrumb\"},\"inLanguage\":\"fr-BE\",\"potentialAction\":[{\"@type\":\"ReadAction\",\"target\":[\"https:\/\/vieassociative.be\/actualites\/une-semaine-avant-le-debut-du-carnaval-de-rue-la-police-lance-un-appel-aux-parents-et-aux-organisateurs\/\"]}]},{\"@type\":\"ImageObject\",\"inLanguage\":\"fr-BE\",\"@id\":\"https:\/\/vieassociative.be\/actualites\/une-semaine-avant-le-debut-du-carnaval-de-rue-la-police-lance-un-appel-aux-parents-et-aux-organisateurs\/#primaryimage\",\"url\":\"https:\/\/vieassociative.be\/actualites\/wp-content\/uploads\/2026\/02\/1770207470_Une-semaine-avant-le-debut-du-carnaval-de-rue-la.jpg\",\"contentUrl\":\"https:\/\/vieassociative.be\/actualites\/wp-content\/uploads\/2026\/02\/1770207470_Une-semaine-avant-le-debut-du-carnaval-de-rue-la.jpg\",\"width\":1000,\"height\":667,\"caption\":\"Une semaine avant le d\u00e9but du carnaval de rue, la police lance un appel aux parents et aux organisateurs\"},{\"@type\":\"BreadcrumbList\",\"@id\":\"https:\/\/vieassociative.be\/actualites\/une-semaine-avant-le-debut-du-carnaval-de-rue-la-police-lance-un-appel-aux-parents-et-aux-organisateurs\/#breadcrumb\",\"itemListElement\":[{\"@type\":\"ListItem\",\"position\":1,\"name\":\"Accueil\",\"item\":\"https:\/\/vieassociative.be\/actualites\/\"},{\"@type\":\"ListItem\",\"position\":2,\"name\":\"Une semaine avant le d\u00e9but du carnaval de rue, la police lance un appel aux parents et aux organisateurs\"}]},{\"@type\":\"WebSite\",\"@id\":\"https:\/\/vieassociative.be\/actualites\/#website\",\"url\":\"https:\/\/vieassociative.be\/actualites\/\",\"name\":\"Vie Associative\",\"description\":\"\",\"publisher\":{\"@id\":\"https:\/\/vieassociative.be\/actualites\/#organization\"},\"potentialAction\":[{\"@type\":\"SearchAction\",\"target\":{\"@type\":\"EntryPoint\",\"urlTemplate\":\"https:\/\/vieassociative.be\/actualites\/?s={search_term_string}\"},\"query-input\":{\"@type\":\"PropertyValueSpecification\",\"valueRequired\":true,\"valueName\":\"search_term_string\"}}],\"inLanguage\":\"fr-BE\"},{\"@type\":\"Organization\",\"@id\":\"https:\/\/vieassociative.be\/actualites\/#organization\",\"name\":\"Vie Associative\",\"url\":\"https:\/\/vieassociative.be\/actualites\/\",\"logo\":{\"@type\":\"ImageObject\",\"inLanguage\":\"fr-BE\",\"@id\":\"https:\/\/vieassociative.be\/actualites\/#\/schema\/logo\/image\/\",\"url\":\"https:\/\/vieassociative.be\/actualites\/wp-content\/uploads\/2024\/09\/cropped-vieassociative_favicon.ico.png\",\"contentUrl\":\"https:\/\/vieassociative.be\/actualites\/wp-content\/uploads\/2024\/09\/cropped-vieassociative_favicon.ico.png\",\"width\":512,\"height\":512,\"caption\":\"Vie Associative\"},\"image\":{\"@id\":\"https:\/\/vieassociative.be\/actualites\/#\/schema\/logo\/image\/\"}},{\"@type\":\"Person\",\"@id\":\"https:\/\/vieassociative.be\/actualites\/#\/schema\/person\/b87ac4f82f9d4e7b7cec7395b679edc4\",\"name\":\"Julien\",\"image\":{\"@type\":\"ImageObject\",\"inLanguage\":\"fr-BE\",\"@id\":\"https:\/\/vieassociative.be\/actualites\/#\/schema\/person\/image\/\",\"url\":\"https:\/\/vieassociative.be\/actualites\/wp-content\/uploads\/2024\/09\/vie-associative-1-150x150.jpg\",\"contentUrl\":\"https:\/\/vieassociative.be\/actualites\/wp-content\/uploads\/2024\/09\/vie-associative-1-150x150.jpg\",\"caption\":\"Julien\"},\"description\":\"Je suis Julien, r\u00e9dacteur pour Vie Associative. Passionn\u00e9 par le monde associatif depuis plus de 10 ans, j'ai \u00e0 c\u0153ur de partager des histoires inspirantes et de mettre en lumi\u00e8re les initiatives locales. Mon objectif est de sensibiliser et d'encourager l'engagement communautaire \u00e0 travers mes articles.\",\"sameAs\":[\"https:\/\/vieassociative.be\/\"]}]}<\/script>\n<!-- \/ Yoast SEO plugin. -->","yoast_head_json":{"title":"Une semaine avant le d\u00e9but du carnaval de rue, la police lance un appel aux parents et aux organisateurs | Vie Associative","robots":{"index":"index","follow":"follow","max-snippet":"max-snippet:-1","max-image-preview":"max-image-preview:large","max-video-preview":"max-video-preview:-1"},"canonical":"https:\/\/vieassociative.be\/actualites\/une-semaine-avant-le-debut-du-carnaval-de-rue-la-police-lance-un-appel-aux-parents-et-aux-organisateurs\/","og_locale":"fr_FR","og_type":"article","og_title":"Une semaine avant le d\u00e9but du carnaval de rue, la police lance un appel aux parents et aux organisateurs | Vie Associative","og_description":"Une bonne semaine avant le d\u00e9but du carnaval de rue, la zone de police de Weser-G\u00f6hl lance un appel clair aux parents, aux tuteurs l\u00e9gaux","og_url":"https:\/\/vieassociative.be\/actualites\/une-semaine-avant-le-debut-du-carnaval-de-rue-la-police-lance-un-appel-aux-parents-et-aux-organisateurs\/","og_site_name":"Vie Associative","article_published_time":"2026-02-04T12:17:49+00:00","og_image":[{"width":279,"height":92,"url":"https:\/\/vieassociative.be\/actualites\/wp-content\/uploads\/2024\/09\/header_backgroundk-01-e1726694325946.png","type":"image\/png"}],"author":"Julien","twitter_card":"summary_large_image","twitter_misc":{"\u00c9crit par":"Julien","Dur\u00e9e de lecture est.":"2 minutes"},"schema":{"@context":"https:\/\/schema.org","@graph":[{"@type":"Article","@id":"https:\/\/vieassociative.be\/actualites\/une-semaine-avant-le-debut-du-carnaval-de-rue-la-police-lance-un-appel-aux-parents-et-aux-organisateurs\/#article","isPartOf":{"@id":"https:\/\/vieassociative.be\/actualites\/une-semaine-avant-le-debut-du-carnaval-de-rue-la-police-lance-un-appel-aux-parents-et-aux-organisateurs\/"},"author":{"name":"Julien","@id":"https:\/\/vieassociative.be\/actualites\/#\/schema\/person\/b87ac4f82f9d4e7b7cec7395b679edc4"},"headline":"Une semaine avant le d\u00e9but du carnaval de rue, la police lance un appel aux parents et aux organisateurs","datePublished":"2026-02-04T12:17:49+00:00","dateModified":"2026-02-04T12:17:49+00:00","mainEntityOfPage":{"@id":"https:\/\/vieassociative.be\/actualites\/une-semaine-avant-le-debut-du-carnaval-de-rue-la-police-lance-un-appel-aux-parents-et-aux-organisateurs\/"},"wordCount":432,"publisher":{"@id":"https:\/\/vieassociative.be\/actualites\/#organization"},"image":{"@id":"https:\/\/vieassociative.be\/actualites\/une-semaine-avant-le-debut-du-carnaval-de-rue-la-police-lance-un-appel-aux-parents-et-aux-organisateurs\/#primaryimage"},"thumbnailUrl":"https:\/\/vieassociative.be\/actualites\/wp-content\/uploads\/2026\/02\/1770207470_Une-semaine-avant-le-debut-du-carnaval-de-rue-la.jpg","keywords":["appel","aux","avant","carnaval","D\u00e9but","lanc\u00e9","organisateurs","parents","police","rue","semaine","une"],"articleSection":["Belgique"],"inLanguage":"fr-BE"},{"@type":"WebPage","@id":"https:\/\/vieassociative.be\/actualites\/une-semaine-avant-le-debut-du-carnaval-de-rue-la-police-lance-un-appel-aux-parents-et-aux-organisateurs\/","url":"https:\/\/vieassociative.be\/actualites\/une-semaine-avant-le-debut-du-carnaval-de-rue-la-police-lance-un-appel-aux-parents-et-aux-organisateurs\/","name":"Une semaine avant le d\u00e9but du carnaval de rue, la police lance un appel aux parents et aux organisateurs | Vie Associative","isPartOf":{"@id":"https:\/\/vieassociative.be\/actualites\/#website"},"primaryImageOfPage":{"@id":"https:\/\/vieassociative.be\/actualites\/une-semaine-avant-le-debut-du-carnaval-de-rue-la-police-lance-un-appel-aux-parents-et-aux-organisateurs\/#primaryimage"},"image":{"@id":"https:\/\/vieassociative.be\/actualites\/une-semaine-avant-le-debut-du-carnaval-de-rue-la-police-lance-un-appel-aux-parents-et-aux-organisateurs\/#primaryimage"},"thumbnailUrl":"https:\/\/vieassociative.be\/actualites\/wp-content\/uploads\/2026\/02\/1770207470_Une-semaine-avant-le-debut-du-carnaval-de-rue-la.jpg","datePublished":"2026-02-04T12:17:49+00:00","dateModified":"2026-02-04T12:17:49+00:00","breadcrumb":{"@id":"https:\/\/vieassociative.be\/actualites\/une-semaine-avant-le-debut-du-carnaval-de-rue-la-police-lance-un-appel-aux-parents-et-aux-organisateurs\/#breadcrumb"},"inLanguage":"fr-BE","potentialAction":[{"@type":"ReadAction","target":["https:\/\/vieassociative.be\/actualites\/une-semaine-avant-le-debut-du-carnaval-de-rue-la-police-lance-un-appel-aux-parents-et-aux-organisateurs\/"]}]},{"@type":"ImageObject","inLanguage":"fr-BE","@id":"https:\/\/vieassociative.be\/actualites\/une-semaine-avant-le-debut-du-carnaval-de-rue-la-police-lance-un-appel-aux-parents-et-aux-organisateurs\/#primaryimage","url":"https:\/\/vieassociative.be\/actualites\/wp-content\/uploads\/2026\/02\/1770207470_Une-semaine-avant-le-debut-du-carnaval-de-rue-la.jpg","contentUrl":"https:\/\/vieassociative.be\/actualites\/wp-content\/uploads\/2026\/02\/1770207470_Une-semaine-avant-le-debut-du-carnaval-de-rue-la.jpg","width":1000,"height":667,"caption":"Une semaine avant le d\u00e9but du carnaval de rue, la police lance un appel aux parents et aux organisateurs"},{"@type":"BreadcrumbList","@id":"https:\/\/vieassociative.be\/actualites\/une-semaine-avant-le-debut-du-carnaval-de-rue-la-police-lance-un-appel-aux-parents-et-aux-organisateurs\/#breadcrumb","itemListElement":[{"@type":"ListItem","position":1,"name":"Accueil","item":"https:\/\/vieassociative.be\/actualites\/"},{"@type":"ListItem","position":2,"name":"Une semaine avant le d\u00e9but du carnaval de rue, la police lance un appel aux parents et aux organisateurs"}]},{"@type":"WebSite","@id":"https:\/\/vieassociative.be\/actualites\/#website","url":"https:\/\/vieassociative.be\/actualites\/","name":"Vie Associative","description":"","publisher":{"@id":"https:\/\/vieassociative.be\/actualites\/#organization"},"potentialAction":[{"@type":"SearchAction","target":{"@type":"EntryPoint","urlTemplate":"https:\/\/vieassociative.be\/actualites\/?s={search_term_string}"},"query-input":{"@type":"PropertyValueSpecification","valueRequired":true,"valueName":"search_term_string"}}],"inLanguage":"fr-BE"},{"@type":"Organization","@id":"https:\/\/vieassociative.be\/actualites\/#organization","name":"Vie Associative","url":"https:\/\/vieassociative.be\/actualites\/","logo":{"@type":"ImageObject","inLanguage":"fr-BE","@id":"https:\/\/vieassociative.be\/actualites\/#\/schema\/logo\/image\/","url":"https:\/\/vieassociative.be\/actualites\/wp-content\/uploads\/2024\/09\/cropped-vieassociative_favicon.ico.png","contentUrl":"https:\/\/vieassociative.be\/actualites\/wp-content\/uploads\/2024\/09\/cropped-vieassociative_favicon.ico.png","width":512,"height":512,"caption":"Vie Associative"},"image":{"@id":"https:\/\/vieassociative.be\/actualites\/#\/schema\/logo\/image\/"}},{"@type":"Person","@id":"https:\/\/vieassociative.be\/actualites\/#\/schema\/person\/b87ac4f82f9d4e7b7cec7395b679edc4","name":"Julien","image":{"@type":"ImageObject","inLanguage":"fr-BE","@id":"https:\/\/vieassociative.be\/actualites\/#\/schema\/person\/image\/","url":"https:\/\/vieassociative.be\/actualites\/wp-content\/uploads\/2024\/09\/vie-associative-1-150x150.jpg","contentUrl":"https:\/\/vieassociative.be\/actualites\/wp-content\/uploads\/2024\/09\/vie-associative-1-150x150.jpg","caption":"Julien"},"description":"Je suis Julien, r\u00e9dacteur pour Vie Associative. Passionn\u00e9 par le monde associatif depuis plus de 10 ans, j'ai \u00e0 c\u0153ur de partager des histoires inspirantes et de mettre en lumi\u00e8re les initiatives locales. Mon objectif est de sensibiliser et d'encourager l'engagement communautaire \u00e0 travers mes articles.","sameAs":["https:\/\/vieassociative.be\/"]}]}},"_links":{"self":[{"href":"https:\/\/vieassociative.be\/actualites\/wp-json\/wp\/v2\/posts\/12499"}],"collection":[{"href":"https:\/\/vieassociative.be\/actualites\/wp-json\/wp\/v2\/posts"}],"about":[{"href":"https:\/\/vieassociative.be\/actualites\/wp-json\/wp\/v2\/types\/post"}],"author":[{"embeddable":true,"href":"https:\/\/vieassociative.be\/actualites\/wp-json\/wp\/v2\/users\/1"}],"replies":[{"embeddable":true,"href":"https:\/\/vieassociative.be\/actualites\/wp-json\/wp\/v2\/comments?post=12499"}],"version-history":[{"count":0,"href":"https:\/\/vieassociative.be\/actualites\/wp-json\/wp\/v2\/posts\/12499\/revisions"}],"wp:featuredmedia":[{"embeddable":true,"href":"https:\/\/vieassociative.be\/actualites\/wp-json\/wp\/v2\/media\/12500"}],"wp:attachment":[{"href":"https:\/\/vieassociative.be\/actualites\/wp-json\/wp\/v2\/media?parent=12499"}],"wp:term":[{"taxonomy":"category","embeddable":true,"href":"https:\/\/vieassociative.be\/actualites\/wp-json\/wp\/v2\/categories?post=12499"},{"taxonomy":"post_tag","embeddable":true,"href":"https:\/\/vieassociative.be\/actualites\/wp-json\/wp\/v2\/tags?post=12499"}],"curies":[{"name":"wp","href":"https:\/\/api.w.org\/{rel}","templated":true}]}}