{"id":12493,"date":"2026-02-04T01:17:10","date_gmt":"2026-02-04T00:17:10","guid":{"rendered":"https:\/\/vieassociative.be\/actualites\/les-ecoles-francaises-sont-a-nouveau-sous-le-choc-un-eleve-de-14-ans-poignarde-un-enseignant-en-classe\/"},"modified":"2026-02-04T01:17:10","modified_gmt":"2026-02-04T00:17:10","slug":"les-ecoles-francaises-sont-a-nouveau-sous-le-choc-un-eleve-de-14-ans-poignarde-un-enseignant-en-classe","status":"publish","type":"post","link":"https:\/\/vieassociative.be\/actualites\/les-ecoles-francaises-sont-a-nouveau-sous-le-choc-un-eleve-de-14-ans-poignarde-un-enseignant-en-classe\/","title":{"rendered":"Les \u00e9coles fran\u00e7aises sont \u00e0 nouveau sous le choc : un \u00e9l\u00e8ve de 14 ans poignarde un enseignant en classe"},"content":{"rendered":"<p><strong>Un adolescent de 14 ans poignarde son professeur en plein cours. Les \u00e9coles fran\u00e7aises sont \u00e0 nouveau sous le choc : qu&rsquo;est-ce qui se cache derri\u00e8re la vague d&rsquo;attaques au couteau ?<\/strong><\/p>\n<p><span id=\"more-435250\"><\/span>Un \u00e9l\u00e8ve a poignard\u00e9 et gri\u00e8vement bless\u00e9 un enseignant dans une salle de classe \u00e0 Sanary-sur-Mer, dans le sud de la France. La jeune fille de 14 ans a inflig\u00e9 \u00e0 l&rsquo;enseignante trois \u00e0 quatre coups de couteau et lui a bless\u00e9 le haut du corps, a indiqu\u00e9 le procureur de Toulon, Rapha\u00ebl Balland. L&rsquo;agresseur a \u00e9t\u00e9 retenu par le personnel dans la cour de l&rsquo;\u00e9cole et arr\u00eat\u00e9 par la police en alerte. Il fait l&rsquo;objet d&rsquo;une enqu\u00eate pour tentative de meurtre.<\/p>\n<p>Jusqu&rsquo;\u00e0 pr\u00e9sent, il n&rsquo;y a aucune preuve d&rsquo;un motif religieux ou politique, a d\u00e9clar\u00e9 le procureur. Tout ce que l&rsquo;on sait, c&rsquo;est qu&rsquo;il y a eu r\u00e9cemment des tensions avec l&rsquo;enseignante et que l&rsquo;\u00e9l\u00e8ve lui en voulait apparemment de l&rsquo;avoir d\u00e9nonc\u00e9. Le jeune n\u2019est pas encore connu de la justice et n\u2019a pas \u00e9t\u00e9 constat\u00e9 pour violences. Mais il y avait apparemment des tensions au sein de la famille. Il y avait 22 \u00e9l\u00e8ves dans la classe au moment de l&rsquo;attaque. Il n\u2019y a pas eu d\u2019autres bless\u00e9s.<\/p>\n<div id=\"attachment_435254\" class=\"wp-caption alignleft\" style=\"max-width: 300px\"><img fetchpriority=\"high\" decoding=\"async\" class=\"wp-image-435254 size-medium\" src=\"https:\/\/vieassociative.be\/actualites\/wp-content\/uploads\/2026\/02\/Les-ecoles-francaises-sont-a-nouveau-sous-le-choc.jpg\" alt=\"\" width=\"300\" height=\"200\"><\/div>\n<p><strong>\u2013 Les menaces sont suivies de coups de couteau :<\/strong> Le ministre fran\u00e7ais de l&rsquo;\u00c9ducation, \u00c9duard Geffray, a annonc\u00e9 qu&rsquo;il se rendrait imm\u00e9diatement sur les lieux du crime et, comme le ministre de l&rsquo;Int\u00e9rieur Laurent Nu\u00f1ez, il a exprim\u00e9 ses condol\u00e9ances aux personnes touch\u00e9es.<\/p>\n<p>Comme l&rsquo;a rapport\u00e9 la cha\u00eene RTL, l&rsquo;\u00e9ducateur poignard\u00e9 \u00e9tait un professeur d&rsquo;art de 60 ans. Elle a \u00e9t\u00e9 transport\u00e9e \u00e0 l&rsquo;h\u00f4pital avec des blessures mettant sa vie en danger apr\u00e8s l&rsquo;attaque d&rsquo;un \u00e9l\u00e8ve de neuvi\u00e8me ann\u00e9e. Le jeune de 14 ans a d&rsquo;abord menac\u00e9 son professeur avant de la poignarder deux fois au ventre et un au bras, rapporte le journal \u00ab Le Parisien \u00bb.<\/p>\n<p><strong>\u2013 La France mise sur le contr\u00f4le des sacs \u00e0 l\u2019entr\u00e9e des \u00e9coles :<\/strong> Apr\u00e8s une multiplication des attaques au couteau dans et autour des \u00e9coles, la France a commenc\u00e9 il y a environ un an \u00e0 proc\u00e9der \u00e0 des contr\u00f4les de sacs \u00e0 l&rsquo;entr\u00e9e des \u00e9coles. Parmi les victimes de la violence au couteau figurent d&rsquo;autres \u00e9tudiants, des enseignants et des employ\u00e9s de l&rsquo;\u00e9cole.<\/p>\n<p>En septembre, en Alsace, un jeune de 14 ans a poignard\u00e9 son professeur de musique au visage. En juin, dans l\u2019est de la France, un \u00e9tudiant a poignard\u00e9 un employ\u00e9 d\u2019une \u00e9cole lors d\u2019un contr\u00f4le de sacs. En avril, un jeune de 15 ans avait poignard\u00e9 un camarade de classe et bless\u00e9 trois autres \u00e9tudiants \u00e0 Nantes. M\u00eame un professeur de lyc\u00e9e du sud de la France a saisi un couteau en septembre et a poignard\u00e9 un coll\u00e8gue dans la salle des professeurs. (dpa)<\/p>\n","protected":false},"excerpt":{"rendered":"<p>Un adolescent de 14 ans poignarde son professeur en plein cours. Les \u00e9coles fran\u00e7aises sont \u00e0 nouveau sous le choc : qu&rsquo;est-ce qui se cache<\/p>\n","protected":false},"author":1,"featured_media":12494,"comment_status":"","ping_status":"","sticky":false,"template":"","format":"standard","meta":{"footnotes":""},"categories":[298],"tags":[584,5004,1246,2209,6017,9943,9941,14,553,9942,18,467],"class_list":["post-12493","post","type-post","status-publish","format-standard","has-post-thumbnail","hentry","category-belgique","tag-ans","tag-choc","tag-classe","tag-ecoles","tag-eleve","tag-enseignant","tag-francaises","tag-les","tag-nouveau","tag-poignarde","tag-sont","tag-sous","generate-columns","tablet-grid-50","mobile-grid-100","grid-parent","grid-33"],"yoast_head":"<!-- This site is optimized with the Yoast SEO plugin v24.0 - https:\/\/yoast.com\/wordpress\/plugins\/seo\/ -->\n<title>Les \u00e9coles fran\u00e7aises sont \u00e0 nouveau sous le choc : un \u00e9l\u00e8ve de 14 ans poignarde un enseignant en classe | Vie Associative<\/title>\n<meta name=\"robots\" content=\"index, follow, max-snippet:-1, max-image-preview:large, max-video-preview:-1\" \/>\n<link rel=\"canonical\" href=\"https:\/\/vieassociative.be\/actualites\/les-ecoles-francaises-sont-a-nouveau-sous-le-choc-un-eleve-de-14-ans-poignarde-un-enseignant-en-classe\/\" \/>\n<meta property=\"og:locale\" content=\"fr_FR\" \/>\n<meta property=\"og:type\" content=\"article\" \/>\n<meta property=\"og:title\" content=\"Les \u00e9coles fran\u00e7aises sont \u00e0 nouveau sous le choc : un \u00e9l\u00e8ve de 14 ans poignarde un enseignant en classe | Vie Associative\" \/>\n<meta property=\"og:description\" content=\"Un adolescent de 14 ans poignarde son professeur en plein cours. Les \u00e9coles fran\u00e7aises sont \u00e0 nouveau sous le choc : qu&rsquo;est-ce qui se cache\" \/>\n<meta property=\"og:url\" content=\"https:\/\/vieassociative.be\/actualites\/les-ecoles-francaises-sont-a-nouveau-sous-le-choc-un-eleve-de-14-ans-poignarde-un-enseignant-en-classe\/\" \/>\n<meta property=\"og:site_name\" content=\"Vie Associative\" \/>\n<meta property=\"article:published_time\" content=\"2026-02-04T00:17:10+00:00\" \/>\n<meta property=\"og:image\" content=\"https:\/\/vieassociative.be\/actualites\/wp-content\/uploads\/2024\/09\/header_backgroundk-01-e1726694325946.png\" \/>\n\t<meta property=\"og:image:width\" content=\"279\" \/>\n\t<meta property=\"og:image:height\" content=\"92\" \/>\n\t<meta property=\"og:image:type\" content=\"image\/png\" \/>\n<meta name=\"author\" content=\"Julien\" \/>\n<meta name=\"twitter:card\" content=\"summary_large_image\" \/>\n<meta name=\"twitter:label1\" content=\"\u00c9crit par\" \/>\n\t<meta name=\"twitter:data1\" content=\"Julien\" \/>\n\t<meta name=\"twitter:label2\" content=\"Dur\u00e9e de lecture est.\" \/>\n\t<meta name=\"twitter:data2\" content=\"2 minutes\" \/>\n<script type=\"application\/ld+json\" class=\"yoast-schema-graph\">{\"@context\":\"https:\/\/schema.org\",\"@graph\":[{\"@type\":\"Article\",\"@id\":\"https:\/\/vieassociative.be\/actualites\/les-ecoles-francaises-sont-a-nouveau-sous-le-choc-un-eleve-de-14-ans-poignarde-un-enseignant-en-classe\/#article\",\"isPartOf\":{\"@id\":\"https:\/\/vieassociative.be\/actualites\/les-ecoles-francaises-sont-a-nouveau-sous-le-choc-un-eleve-de-14-ans-poignarde-un-enseignant-en-classe\/\"},\"author\":{\"name\":\"Julien\",\"@id\":\"https:\/\/vieassociative.be\/actualites\/#\/schema\/person\/b87ac4f82f9d4e7b7cec7395b679edc4\"},\"headline\":\"Les \u00e9coles fran\u00e7aises sont \u00e0 nouveau sous le choc : un \u00e9l\u00e8ve de 14 ans poignarde un enseignant en classe\",\"datePublished\":\"2026-02-04T00:17:10+00:00\",\"dateModified\":\"2026-02-04T00:17:10+00:00\",\"mainEntityOfPage\":{\"@id\":\"https:\/\/vieassociative.be\/actualites\/les-ecoles-francaises-sont-a-nouveau-sous-le-choc-un-eleve-de-14-ans-poignarde-un-enseignant-en-classe\/\"},\"wordCount\":529,\"publisher\":{\"@id\":\"https:\/\/vieassociative.be\/actualites\/#organization\"},\"image\":{\"@id\":\"https:\/\/vieassociative.be\/actualites\/les-ecoles-francaises-sont-a-nouveau-sous-le-choc-un-eleve-de-14-ans-poignarde-un-enseignant-en-classe\/#primaryimage\"},\"thumbnailUrl\":\"https:\/\/vieassociative.be\/actualites\/wp-content\/uploads\/2026\/02\/1770164230_Les-ecoles-francaises-sont-a-nouveau-sous-le-choc.jpg\",\"keywords\":[\"ans\",\"Choc\",\"classe\",\"\u00e9coles\",\"\u00e9lev\u00e9\",\"enseignant\",\"fran\u00e7aises\",\"Les\",\"nouveau\",\"poignarde\",\"sont\",\"sous\"],\"articleSection\":[\"Belgique\"],\"inLanguage\":\"fr-BE\"},{\"@type\":\"WebPage\",\"@id\":\"https:\/\/vieassociative.be\/actualites\/les-ecoles-francaises-sont-a-nouveau-sous-le-choc-un-eleve-de-14-ans-poignarde-un-enseignant-en-classe\/\",\"url\":\"https:\/\/vieassociative.be\/actualites\/les-ecoles-francaises-sont-a-nouveau-sous-le-choc-un-eleve-de-14-ans-poignarde-un-enseignant-en-classe\/\",\"name\":\"Les \u00e9coles fran\u00e7aises sont \u00e0 nouveau sous le choc : un \u00e9l\u00e8ve de 14 ans poignarde un enseignant en classe | Vie Associative\",\"isPartOf\":{\"@id\":\"https:\/\/vieassociative.be\/actualites\/#website\"},\"primaryImageOfPage\":{\"@id\":\"https:\/\/vieassociative.be\/actualites\/les-ecoles-francaises-sont-a-nouveau-sous-le-choc-un-eleve-de-14-ans-poignarde-un-enseignant-en-classe\/#primaryimage\"},\"image\":{\"@id\":\"https:\/\/vieassociative.be\/actualites\/les-ecoles-francaises-sont-a-nouveau-sous-le-choc-un-eleve-de-14-ans-poignarde-un-enseignant-en-classe\/#primaryimage\"},\"thumbnailUrl\":\"https:\/\/vieassociative.be\/actualites\/wp-content\/uploads\/2026\/02\/1770164230_Les-ecoles-francaises-sont-a-nouveau-sous-le-choc.jpg\",\"datePublished\":\"2026-02-04T00:17:10+00:00\",\"dateModified\":\"2026-02-04T00:17:10+00:00\",\"breadcrumb\":{\"@id\":\"https:\/\/vieassociative.be\/actualites\/les-ecoles-francaises-sont-a-nouveau-sous-le-choc-un-eleve-de-14-ans-poignarde-un-enseignant-en-classe\/#breadcrumb\"},\"inLanguage\":\"fr-BE\",\"potentialAction\":[{\"@type\":\"ReadAction\",\"target\":[\"https:\/\/vieassociative.be\/actualites\/les-ecoles-francaises-sont-a-nouveau-sous-le-choc-un-eleve-de-14-ans-poignarde-un-enseignant-en-classe\/\"]}]},{\"@type\":\"ImageObject\",\"inLanguage\":\"fr-BE\",\"@id\":\"https:\/\/vieassociative.be\/actualites\/les-ecoles-francaises-sont-a-nouveau-sous-le-choc-un-eleve-de-14-ans-poignarde-un-enseignant-en-classe\/#primaryimage\",\"url\":\"https:\/\/vieassociative.be\/actualites\/wp-content\/uploads\/2026\/02\/1770164230_Les-ecoles-francaises-sont-a-nouveau-sous-le-choc.jpg\",\"contentUrl\":\"https:\/\/vieassociative.be\/actualites\/wp-content\/uploads\/2026\/02\/1770164230_Les-ecoles-francaises-sont-a-nouveau-sous-le-choc.jpg\",\"width\":1200,\"height\":799,\"caption\":\"Les \u00e9coles fran\u00e7aises sont \u00e0 nouveau sous le choc : un \u00e9l\u00e8ve de 14 ans poignarde un enseignant en classe\"},{\"@type\":\"BreadcrumbList\",\"@id\":\"https:\/\/vieassociative.be\/actualites\/les-ecoles-francaises-sont-a-nouveau-sous-le-choc-un-eleve-de-14-ans-poignarde-un-enseignant-en-classe\/#breadcrumb\",\"itemListElement\":[{\"@type\":\"ListItem\",\"position\":1,\"name\":\"Accueil\",\"item\":\"https:\/\/vieassociative.be\/actualites\/\"},{\"@type\":\"ListItem\",\"position\":2,\"name\":\"Les \u00e9coles fran\u00e7aises sont \u00e0 nouveau sous le choc : un \u00e9l\u00e8ve de 14 ans poignarde un enseignant en classe\"}]},{\"@type\":\"WebSite\",\"@id\":\"https:\/\/vieassociative.be\/actualites\/#website\",\"url\":\"https:\/\/vieassociative.be\/actualites\/\",\"name\":\"Vie Associative\",\"description\":\"\",\"publisher\":{\"@id\":\"https:\/\/vieassociative.be\/actualites\/#organization\"},\"potentialAction\":[{\"@type\":\"SearchAction\",\"target\":{\"@type\":\"EntryPoint\",\"urlTemplate\":\"https:\/\/vieassociative.be\/actualites\/?s={search_term_string}\"},\"query-input\":{\"@type\":\"PropertyValueSpecification\",\"valueRequired\":true,\"valueName\":\"search_term_string\"}}],\"inLanguage\":\"fr-BE\"},{\"@type\":\"Organization\",\"@id\":\"https:\/\/vieassociative.be\/actualites\/#organization\",\"name\":\"Vie Associative\",\"url\":\"https:\/\/vieassociative.be\/actualites\/\",\"logo\":{\"@type\":\"ImageObject\",\"inLanguage\":\"fr-BE\",\"@id\":\"https:\/\/vieassociative.be\/actualites\/#\/schema\/logo\/image\/\",\"url\":\"https:\/\/vieassociative.be\/actualites\/wp-content\/uploads\/2024\/09\/cropped-vieassociative_favicon.ico.png\",\"contentUrl\":\"https:\/\/vieassociative.be\/actualites\/wp-content\/uploads\/2024\/09\/cropped-vieassociative_favicon.ico.png\",\"width\":512,\"height\":512,\"caption\":\"Vie Associative\"},\"image\":{\"@id\":\"https:\/\/vieassociative.be\/actualites\/#\/schema\/logo\/image\/\"}},{\"@type\":\"Person\",\"@id\":\"https:\/\/vieassociative.be\/actualites\/#\/schema\/person\/b87ac4f82f9d4e7b7cec7395b679edc4\",\"name\":\"Julien\",\"image\":{\"@type\":\"ImageObject\",\"inLanguage\":\"fr-BE\",\"@id\":\"https:\/\/vieassociative.be\/actualites\/#\/schema\/person\/image\/\",\"url\":\"https:\/\/vieassociative.be\/actualites\/wp-content\/uploads\/2024\/09\/vie-associative-1-150x150.jpg\",\"contentUrl\":\"https:\/\/vieassociative.be\/actualites\/wp-content\/uploads\/2024\/09\/vie-associative-1-150x150.jpg\",\"caption\":\"Julien\"},\"description\":\"Je suis Julien, r\u00e9dacteur pour Vie Associative. Passionn\u00e9 par le monde associatif depuis plus de 10 ans, j'ai \u00e0 c\u0153ur de partager des histoires inspirantes et de mettre en lumi\u00e8re les initiatives locales. Mon objectif est de sensibiliser et d'encourager l'engagement communautaire \u00e0 travers mes articles.\",\"sameAs\":[\"https:\/\/vieassociative.be\/\"]}]}<\/script>\n<!-- \/ Yoast SEO plugin. -->","yoast_head_json":{"title":"Les \u00e9coles fran\u00e7aises sont \u00e0 nouveau sous le choc : un \u00e9l\u00e8ve de 14 ans poignarde un enseignant en classe | Vie Associative","robots":{"index":"index","follow":"follow","max-snippet":"max-snippet:-1","max-image-preview":"max-image-preview:large","max-video-preview":"max-video-preview:-1"},"canonical":"https:\/\/vieassociative.be\/actualites\/les-ecoles-francaises-sont-a-nouveau-sous-le-choc-un-eleve-de-14-ans-poignarde-un-enseignant-en-classe\/","og_locale":"fr_FR","og_type":"article","og_title":"Les \u00e9coles fran\u00e7aises sont \u00e0 nouveau sous le choc : un \u00e9l\u00e8ve de 14 ans poignarde un enseignant en classe | Vie Associative","og_description":"Un adolescent de 14 ans poignarde son professeur en plein cours. Les \u00e9coles fran\u00e7aises sont \u00e0 nouveau sous le choc : qu&rsquo;est-ce qui se cache","og_url":"https:\/\/vieassociative.be\/actualites\/les-ecoles-francaises-sont-a-nouveau-sous-le-choc-un-eleve-de-14-ans-poignarde-un-enseignant-en-classe\/","og_site_name":"Vie Associative","article_published_time":"2026-02-04T00:17:10+00:00","og_image":[{"width":279,"height":92,"url":"https:\/\/vieassociative.be\/actualites\/wp-content\/uploads\/2024\/09\/header_backgroundk-01-e1726694325946.png","type":"image\/png"}],"author":"Julien","twitter_card":"summary_large_image","twitter_misc":{"\u00c9crit par":"Julien","Dur\u00e9e de lecture est.":"2 minutes"},"schema":{"@context":"https:\/\/schema.org","@graph":[{"@type":"Article","@id":"https:\/\/vieassociative.be\/actualites\/les-ecoles-francaises-sont-a-nouveau-sous-le-choc-un-eleve-de-14-ans-poignarde-un-enseignant-en-classe\/#article","isPartOf":{"@id":"https:\/\/vieassociative.be\/actualites\/les-ecoles-francaises-sont-a-nouveau-sous-le-choc-un-eleve-de-14-ans-poignarde-un-enseignant-en-classe\/"},"author":{"name":"Julien","@id":"https:\/\/vieassociative.be\/actualites\/#\/schema\/person\/b87ac4f82f9d4e7b7cec7395b679edc4"},"headline":"Les \u00e9coles fran\u00e7aises sont \u00e0 nouveau sous le choc : un \u00e9l\u00e8ve de 14 ans poignarde un enseignant en classe","datePublished":"2026-02-04T00:17:10+00:00","dateModified":"2026-02-04T00:17:10+00:00","mainEntityOfPage":{"@id":"https:\/\/vieassociative.be\/actualites\/les-ecoles-francaises-sont-a-nouveau-sous-le-choc-un-eleve-de-14-ans-poignarde-un-enseignant-en-classe\/"},"wordCount":529,"publisher":{"@id":"https:\/\/vieassociative.be\/actualites\/#organization"},"image":{"@id":"https:\/\/vieassociative.be\/actualites\/les-ecoles-francaises-sont-a-nouveau-sous-le-choc-un-eleve-de-14-ans-poignarde-un-enseignant-en-classe\/#primaryimage"},"thumbnailUrl":"https:\/\/vieassociative.be\/actualites\/wp-content\/uploads\/2026\/02\/1770164230_Les-ecoles-francaises-sont-a-nouveau-sous-le-choc.jpg","keywords":["ans","Choc","classe","\u00e9coles","\u00e9lev\u00e9","enseignant","fran\u00e7aises","Les","nouveau","poignarde","sont","sous"],"articleSection":["Belgique"],"inLanguage":"fr-BE"},{"@type":"WebPage","@id":"https:\/\/vieassociative.be\/actualites\/les-ecoles-francaises-sont-a-nouveau-sous-le-choc-un-eleve-de-14-ans-poignarde-un-enseignant-en-classe\/","url":"https:\/\/vieassociative.be\/actualites\/les-ecoles-francaises-sont-a-nouveau-sous-le-choc-un-eleve-de-14-ans-poignarde-un-enseignant-en-classe\/","name":"Les \u00e9coles fran\u00e7aises sont \u00e0 nouveau sous le choc : un \u00e9l\u00e8ve de 14 ans poignarde un enseignant en classe | Vie Associative","isPartOf":{"@id":"https:\/\/vieassociative.be\/actualites\/#website"},"primaryImageOfPage":{"@id":"https:\/\/vieassociative.be\/actualites\/les-ecoles-francaises-sont-a-nouveau-sous-le-choc-un-eleve-de-14-ans-poignarde-un-enseignant-en-classe\/#primaryimage"},"image":{"@id":"https:\/\/vieassociative.be\/actualites\/les-ecoles-francaises-sont-a-nouveau-sous-le-choc-un-eleve-de-14-ans-poignarde-un-enseignant-en-classe\/#primaryimage"},"thumbnailUrl":"https:\/\/vieassociative.be\/actualites\/wp-content\/uploads\/2026\/02\/1770164230_Les-ecoles-francaises-sont-a-nouveau-sous-le-choc.jpg","datePublished":"2026-02-04T00:17:10+00:00","dateModified":"2026-02-04T00:17:10+00:00","breadcrumb":{"@id":"https:\/\/vieassociative.be\/actualites\/les-ecoles-francaises-sont-a-nouveau-sous-le-choc-un-eleve-de-14-ans-poignarde-un-enseignant-en-classe\/#breadcrumb"},"inLanguage":"fr-BE","potentialAction":[{"@type":"ReadAction","target":["https:\/\/vieassociative.be\/actualites\/les-ecoles-francaises-sont-a-nouveau-sous-le-choc-un-eleve-de-14-ans-poignarde-un-enseignant-en-classe\/"]}]},{"@type":"ImageObject","inLanguage":"fr-BE","@id":"https:\/\/vieassociative.be\/actualites\/les-ecoles-francaises-sont-a-nouveau-sous-le-choc-un-eleve-de-14-ans-poignarde-un-enseignant-en-classe\/#primaryimage","url":"https:\/\/vieassociative.be\/actualites\/wp-content\/uploads\/2026\/02\/1770164230_Les-ecoles-francaises-sont-a-nouveau-sous-le-choc.jpg","contentUrl":"https:\/\/vieassociative.be\/actualites\/wp-content\/uploads\/2026\/02\/1770164230_Les-ecoles-francaises-sont-a-nouveau-sous-le-choc.jpg","width":1200,"height":799,"caption":"Les \u00e9coles fran\u00e7aises sont \u00e0 nouveau sous le choc : un \u00e9l\u00e8ve de 14 ans poignarde un enseignant en classe"},{"@type":"BreadcrumbList","@id":"https:\/\/vieassociative.be\/actualites\/les-ecoles-francaises-sont-a-nouveau-sous-le-choc-un-eleve-de-14-ans-poignarde-un-enseignant-en-classe\/#breadcrumb","itemListElement":[{"@type":"ListItem","position":1,"name":"Accueil","item":"https:\/\/vieassociative.be\/actualites\/"},{"@type":"ListItem","position":2,"name":"Les \u00e9coles fran\u00e7aises sont \u00e0 nouveau sous le choc : un \u00e9l\u00e8ve de 14 ans poignarde un enseignant en classe"}]},{"@type":"WebSite","@id":"https:\/\/vieassociative.be\/actualites\/#website","url":"https:\/\/vieassociative.be\/actualites\/","name":"Vie Associative","description":"","publisher":{"@id":"https:\/\/vieassociative.be\/actualites\/#organization"},"potentialAction":[{"@type":"SearchAction","target":{"@type":"EntryPoint","urlTemplate":"https:\/\/vieassociative.be\/actualites\/?s={search_term_string}"},"query-input":{"@type":"PropertyValueSpecification","valueRequired":true,"valueName":"search_term_string"}}],"inLanguage":"fr-BE"},{"@type":"Organization","@id":"https:\/\/vieassociative.be\/actualites\/#organization","name":"Vie Associative","url":"https:\/\/vieassociative.be\/actualites\/","logo":{"@type":"ImageObject","inLanguage":"fr-BE","@id":"https:\/\/vieassociative.be\/actualites\/#\/schema\/logo\/image\/","url":"https:\/\/vieassociative.be\/actualites\/wp-content\/uploads\/2024\/09\/cropped-vieassociative_favicon.ico.png","contentUrl":"https:\/\/vieassociative.be\/actualites\/wp-content\/uploads\/2024\/09\/cropped-vieassociative_favicon.ico.png","width":512,"height":512,"caption":"Vie Associative"},"image":{"@id":"https:\/\/vieassociative.be\/actualites\/#\/schema\/logo\/image\/"}},{"@type":"Person","@id":"https:\/\/vieassociative.be\/actualites\/#\/schema\/person\/b87ac4f82f9d4e7b7cec7395b679edc4","name":"Julien","image":{"@type":"ImageObject","inLanguage":"fr-BE","@id":"https:\/\/vieassociative.be\/actualites\/#\/schema\/person\/image\/","url":"https:\/\/vieassociative.be\/actualites\/wp-content\/uploads\/2024\/09\/vie-associative-1-150x150.jpg","contentUrl":"https:\/\/vieassociative.be\/actualites\/wp-content\/uploads\/2024\/09\/vie-associative-1-150x150.jpg","caption":"Julien"},"description":"Je suis Julien, r\u00e9dacteur pour Vie Associative. Passionn\u00e9 par le monde associatif depuis plus de 10 ans, j'ai \u00e0 c\u0153ur de partager des histoires inspirantes et de mettre en lumi\u00e8re les initiatives locales. Mon objectif est de sensibiliser et d'encourager l'engagement communautaire \u00e0 travers mes articles.","sameAs":["https:\/\/vieassociative.be\/"]}]}},"_links":{"self":[{"href":"https:\/\/vieassociative.be\/actualites\/wp-json\/wp\/v2\/posts\/12493"}],"collection":[{"href":"https:\/\/vieassociative.be\/actualites\/wp-json\/wp\/v2\/posts"}],"about":[{"href":"https:\/\/vieassociative.be\/actualites\/wp-json\/wp\/v2\/types\/post"}],"author":[{"embeddable":true,"href":"https:\/\/vieassociative.be\/actualites\/wp-json\/wp\/v2\/users\/1"}],"replies":[{"embeddable":true,"href":"https:\/\/vieassociative.be\/actualites\/wp-json\/wp\/v2\/comments?post=12493"}],"version-history":[{"count":0,"href":"https:\/\/vieassociative.be\/actualites\/wp-json\/wp\/v2\/posts\/12493\/revisions"}],"wp:featuredmedia":[{"embeddable":true,"href":"https:\/\/vieassociative.be\/actualites\/wp-json\/wp\/v2\/media\/12494"}],"wp:attachment":[{"href":"https:\/\/vieassociative.be\/actualites\/wp-json\/wp\/v2\/media?parent=12493"}],"wp:term":[{"taxonomy":"category","embeddable":true,"href":"https:\/\/vieassociative.be\/actualites\/wp-json\/wp\/v2\/categories?post=12493"},{"taxonomy":"post_tag","embeddable":true,"href":"https:\/\/vieassociative.be\/actualites\/wp-json\/wp\/v2\/tags?post=12493"}],"curies":[{"name":"wp","href":"https:\/\/api.w.org\/{rel}","templated":true}]}}