{"id":1249,"date":"2024-10-15T12:18:33","date_gmt":"2024-10-15T10:18:33","guid":{"rendered":"https:\/\/vieassociative.be\/actualites\/ces-haut-parleurs-sonos-sont-toujours-en-vente-aux-prix-prime-day\/"},"modified":"2024-10-15T12:18:33","modified_gmt":"2024-10-15T10:18:33","slug":"ces-haut-parleurs-sonos-sont-toujours-en-vente-aux-prix-prime-day","status":"publish","type":"post","link":"https:\/\/vieassociative.be\/actualites\/ces-haut-parleurs-sonos-sont-toujours-en-vente-aux-prix-prime-day\/","title":{"rendered":"Ces haut-parleurs Sonos sont toujours en vente aux prix Prime Day"},"content":{"rendered":"<div class=\"mt-4 leading-6 md:mb-8\">C&rsquo;est toujours Prime Day quelque part sur Amazon.<\/div>\n<p><\/p>\n<p>L&rsquo;\u00e9v\u00e9nement Prime Day d&rsquo;octobre comprenait des offres impressionnantes, dont certaines sont rest\u00e9es actives apr\u00e8s la fin des deux jours de vente, donnant aux personnes ayant manqu\u00e9 une autre chance de participer \u00e0 l&rsquo;action. Si vous aimez les enceintes de qualit\u00e9 et que vous avez rat\u00e9 les soldes, j&rsquo;ai une bonne nouvelle : certaines enceintes et barres de son Sonos sont toujours \u00e0 leurs prix Prime Day, qui correspondent \u00e0 leurs plus bas historiques. <\/p>\n<p>Si vous envisagez l&rsquo;un de ces appareils, vous savez que les haut-parleurs Sonos sont rarement en vente, principalement parce qu&rsquo;ils sont l&rsquo;une des meilleures marques d&rsquo;enceintes et que les gens les ach\u00e8teront, qu&rsquo;ils soient \u00e0 prix r\u00e9duit ou non. Si vous cherchez toujours \u00e0 payer moins sans compromettre la qualit\u00e9, voici ce que vous pouvez toujours obtenir.<\/p>\n<h2 id=\"the-sonos-era-100-is-under-200\">Le Sonos Era 100 co\u00fbte moins de 200 $<\/h2>\n<p>Le Sonos Era 100 est une version mise \u00e0 jour du haut-parleur intelligent Sonos One, offrant de meilleures basses et d&rsquo;autres am\u00e9liorations. Il est actuellement \u00e0 son prix le plus bas jamais enregistr\u00e9, <strong>197\u00a0$<\/strong> (\u00e0 l&rsquo;origine 249 $), selon les outils de v\u00e9rification des prix. Le Sonos Era 100 est sorti d\u00e9but 2023 et a re\u00e7u une \u00ab excellente \u00bb critique de PCMag pour sa capacit\u00e9 \u00e0 jouer en st\u00e9r\u00e9o avec un seul appareil (il dispose d&rsquo;une configuration \u00e0 double tweeter), son audio \u00e9quilibr\u00e9 et l&rsquo;application compagnon bien d\u00e9velopp\u00e9e qui permet vous devez r\u00e9gler l&rsquo;\u00e9galiseur. Le haut-parleur fonctionne \u00e0 la fois avec Bluetooth et Wi-Fi, prend en charge la commande vocale Alexa et Sonos et s&rsquo;int\u00e8gre parfaitement \u00e0 la plupart des principaux services de streaming musical.<\/p>\n<h2 id=\"the-sonos-arc-is-180-off\">Le Sonos Arc est \u00e0 180 $ de r\u00e9duction<\/h2>\n<p>Si vous recherchez une barre de son haut de gamme, pensez \u00e0 la Sonos Arc pour<strong> 719\u00a0$ <\/strong>(\u00e0 l&rsquo;origine 899 $). Cette barre de son intelligente est sortie en 2020 et a re\u00e7u une \u00ab excellente \u00bb critique de PCMag pour sa compatibilit\u00e9 Dolby Atmos, sa facilit\u00e9 d&rsquo;extension, la prise en charge d&rsquo;Amazon Alexa et de Google Assistant, ainsi que son large champ sonore et ses basses puissantes (m\u00eame sans caisson de basses). Le prix actuel est le plus bas jamais atteint.<\/p>\n<h2 id=\"the-sonos-sub-is-discounted-by-160\">Le Sonos Sub b\u00e9n\u00e9ficie d&rsquo;une r\u00e9duction de 160 $<\/h2>\n<p>Le Sonos Sub n&rsquo;est pas tout \u00e0 fait \u00e0 son prix le plus bas jamais vu, mais il est toujours en vente \u00e0 son prix Prime Day de <strong>639\u00a0$<\/strong> (\u00e0 l&rsquo;origine 799 $). Ce caisson de basses s&rsquo;adapte parfaitement sous votre canap\u00e9 pour cr\u00e9er les m\u00eames basses profondes et percutantes que vous attendez d&rsquo;un syst\u00e8me de son surround. Vous pouvez en savoir plus \u00e0 ce sujet dans la critique \u00ab\u00a0excellente\u00a0\u00bb de PCMag.<\/p>\n","protected":false},"excerpt":{"rendered":"<p>C&rsquo;est toujours Prime Day quelque part sur Amazon. L&rsquo;\u00e9v\u00e9nement Prime Day d&rsquo;octobre comprenait des offres impressionnantes, dont certaines sont rest\u00e9es actives apr\u00e8s la fin des<\/p>\n","protected":false},"author":1,"featured_media":1250,"comment_status":"","ping_status":"","sticky":false,"template":"","format":"standard","meta":{"footnotes":""},"categories":[13],"tags":[289,248,347,1266,346,1399,1834,18,572,223],"class_list":["post-1249","post","type-post","status-publish","format-standard","has-post-thumbnail","hentry","category-technologie","tag-aux","tag-ces","tag-day","tag-hautparleurs","tag-prime","tag-prix","tag-sonos","tag-sont","tag-toujours","tag-vente","generate-columns","tablet-grid-50","mobile-grid-100","grid-parent","grid-33"],"yoast_head":"<!-- This site is optimized with the Yoast SEO plugin v24.0 - https:\/\/yoast.com\/wordpress\/plugins\/seo\/ -->\n<title>Ces haut-parleurs Sonos sont toujours en vente aux prix Prime Day | Vie Associative<\/title>\n<meta name=\"robots\" content=\"index, follow, max-snippet:-1, max-image-preview:large, max-video-preview:-1\" \/>\n<link rel=\"canonical\" href=\"https:\/\/vieassociative.be\/actualites\/ces-haut-parleurs-sonos-sont-toujours-en-vente-aux-prix-prime-day\/\" \/>\n<meta property=\"og:locale\" content=\"fr_FR\" \/>\n<meta property=\"og:type\" content=\"article\" \/>\n<meta property=\"og:title\" content=\"Ces haut-parleurs Sonos sont toujours en vente aux prix Prime Day | Vie Associative\" \/>\n<meta property=\"og:description\" content=\"C&rsquo;est toujours Prime Day quelque part sur Amazon. L&rsquo;\u00e9v\u00e9nement Prime Day d&rsquo;octobre comprenait des offres impressionnantes, dont certaines sont rest\u00e9es actives apr\u00e8s la fin des\" \/>\n<meta property=\"og:url\" content=\"https:\/\/vieassociative.be\/actualites\/ces-haut-parleurs-sonos-sont-toujours-en-vente-aux-prix-prime-day\/\" \/>\n<meta property=\"og:site_name\" content=\"Vie Associative\" \/>\n<meta property=\"article:published_time\" content=\"2024-10-15T10:18:33+00:00\" \/>\n<meta property=\"og:image\" content=\"https:\/\/vieassociative.be\/actualites\/wp-content\/uploads\/2024\/09\/header_backgroundk-01-e1726694325946.png\" \/>\n\t<meta property=\"og:image:width\" content=\"279\" \/>\n\t<meta property=\"og:image:height\" content=\"92\" \/>\n\t<meta property=\"og:image:type\" content=\"image\/png\" \/>\n<meta name=\"author\" content=\"Julien\" \/>\n<meta name=\"twitter:card\" content=\"summary_large_image\" \/>\n<meta name=\"twitter:label1\" content=\"\u00c9crit par\" \/>\n\t<meta name=\"twitter:data1\" content=\"Julien\" \/>\n\t<meta name=\"twitter:label2\" content=\"Dur\u00e9e de lecture est.\" \/>\n\t<meta name=\"twitter:data2\" content=\"2 minutes\" \/>\n<script type=\"application\/ld+json\" class=\"yoast-schema-graph\">{\"@context\":\"https:\/\/schema.org\",\"@graph\":[{\"@type\":\"Article\",\"@id\":\"https:\/\/vieassociative.be\/actualites\/ces-haut-parleurs-sonos-sont-toujours-en-vente-aux-prix-prime-day\/#article\",\"isPartOf\":{\"@id\":\"https:\/\/vieassociative.be\/actualites\/ces-haut-parleurs-sonos-sont-toujours-en-vente-aux-prix-prime-day\/\"},\"author\":{\"name\":\"Julien\",\"@id\":\"https:\/\/vieassociative.be\/actualites\/#\/schema\/person\/b87ac4f82f9d4e7b7cec7395b679edc4\"},\"headline\":\"Ces haut-parleurs Sonos sont toujours en vente aux prix Prime Day\",\"datePublished\":\"2024-10-15T10:18:33+00:00\",\"dateModified\":\"2024-10-15T10:18:33+00:00\",\"mainEntityOfPage\":{\"@id\":\"https:\/\/vieassociative.be\/actualites\/ces-haut-parleurs-sonos-sont-toujours-en-vente-aux-prix-prime-day\/\"},\"wordCount\":460,\"publisher\":{\"@id\":\"https:\/\/vieassociative.be\/actualites\/#organization\"},\"image\":{\"@id\":\"https:\/\/vieassociative.be\/actualites\/ces-haut-parleurs-sonos-sont-toujours-en-vente-aux-prix-prime-day\/#primaryimage\"},\"thumbnailUrl\":\"https:\/\/vieassociative.be\/actualites\/wp-content\/uploads\/2024\/10\/Ces-haut-parleurs-Sonos-sont-toujours-en-vente-aux-prix-Prime.png\",\"keywords\":[\"aux\",\"ces\",\"Day\",\"hautparleurs\",\"Prime\",\"prix\",\"Sonos\",\"sont\",\"toujours\",\"vente\"],\"articleSection\":[\"Technologie\"],\"inLanguage\":\"fr-BE\"},{\"@type\":\"WebPage\",\"@id\":\"https:\/\/vieassociative.be\/actualites\/ces-haut-parleurs-sonos-sont-toujours-en-vente-aux-prix-prime-day\/\",\"url\":\"https:\/\/vieassociative.be\/actualites\/ces-haut-parleurs-sonos-sont-toujours-en-vente-aux-prix-prime-day\/\",\"name\":\"Ces haut-parleurs Sonos sont toujours en vente aux prix Prime Day | Vie Associative\",\"isPartOf\":{\"@id\":\"https:\/\/vieassociative.be\/actualites\/#website\"},\"primaryImageOfPage\":{\"@id\":\"https:\/\/vieassociative.be\/actualites\/ces-haut-parleurs-sonos-sont-toujours-en-vente-aux-prix-prime-day\/#primaryimage\"},\"image\":{\"@id\":\"https:\/\/vieassociative.be\/actualites\/ces-haut-parleurs-sonos-sont-toujours-en-vente-aux-prix-prime-day\/#primaryimage\"},\"thumbnailUrl\":\"https:\/\/vieassociative.be\/actualites\/wp-content\/uploads\/2024\/10\/Ces-haut-parleurs-Sonos-sont-toujours-en-vente-aux-prix-Prime.png\",\"datePublished\":\"2024-10-15T10:18:33+00:00\",\"dateModified\":\"2024-10-15T10:18:33+00:00\",\"breadcrumb\":{\"@id\":\"https:\/\/vieassociative.be\/actualites\/ces-haut-parleurs-sonos-sont-toujours-en-vente-aux-prix-prime-day\/#breadcrumb\"},\"inLanguage\":\"fr-BE\",\"potentialAction\":[{\"@type\":\"ReadAction\",\"target\":[\"https:\/\/vieassociative.be\/actualites\/ces-haut-parleurs-sonos-sont-toujours-en-vente-aux-prix-prime-day\/\"]}]},{\"@type\":\"ImageObject\",\"inLanguage\":\"fr-BE\",\"@id\":\"https:\/\/vieassociative.be\/actualites\/ces-haut-parleurs-sonos-sont-toujours-en-vente-aux-prix-prime-day\/#primaryimage\",\"url\":\"https:\/\/vieassociative.be\/actualites\/wp-content\/uploads\/2024\/10\/Ces-haut-parleurs-Sonos-sont-toujours-en-vente-aux-prix-Prime.png\",\"contentUrl\":\"https:\/\/vieassociative.be\/actualites\/wp-content\/uploads\/2024\/10\/Ces-haut-parleurs-Sonos-sont-toujours-en-vente-aux-prix-Prime.png\",\"width\":1200,\"height\":675,\"caption\":\"Ces haut-parleurs Sonos sont toujours en vente aux prix Prime Day\"},{\"@type\":\"BreadcrumbList\",\"@id\":\"https:\/\/vieassociative.be\/actualites\/ces-haut-parleurs-sonos-sont-toujours-en-vente-aux-prix-prime-day\/#breadcrumb\",\"itemListElement\":[{\"@type\":\"ListItem\",\"position\":1,\"name\":\"Accueil\",\"item\":\"https:\/\/vieassociative.be\/actualites\/\"},{\"@type\":\"ListItem\",\"position\":2,\"name\":\"Ces haut-parleurs Sonos sont toujours en vente aux prix Prime Day\"}]},{\"@type\":\"WebSite\",\"@id\":\"https:\/\/vieassociative.be\/actualites\/#website\",\"url\":\"https:\/\/vieassociative.be\/actualites\/\",\"name\":\"Vie Associative\",\"description\":\"\",\"publisher\":{\"@id\":\"https:\/\/vieassociative.be\/actualites\/#organization\"},\"potentialAction\":[{\"@type\":\"SearchAction\",\"target\":{\"@type\":\"EntryPoint\",\"urlTemplate\":\"https:\/\/vieassociative.be\/actualites\/?s={search_term_string}\"},\"query-input\":{\"@type\":\"PropertyValueSpecification\",\"valueRequired\":true,\"valueName\":\"search_term_string\"}}],\"inLanguage\":\"fr-BE\"},{\"@type\":\"Organization\",\"@id\":\"https:\/\/vieassociative.be\/actualites\/#organization\",\"name\":\"Vie Associative\",\"url\":\"https:\/\/vieassociative.be\/actualites\/\",\"logo\":{\"@type\":\"ImageObject\",\"inLanguage\":\"fr-BE\",\"@id\":\"https:\/\/vieassociative.be\/actualites\/#\/schema\/logo\/image\/\",\"url\":\"https:\/\/vieassociative.be\/actualites\/wp-content\/uploads\/2024\/09\/cropped-vieassociative_favicon.ico.png\",\"contentUrl\":\"https:\/\/vieassociative.be\/actualites\/wp-content\/uploads\/2024\/09\/cropped-vieassociative_favicon.ico.png\",\"width\":512,\"height\":512,\"caption\":\"Vie Associative\"},\"image\":{\"@id\":\"https:\/\/vieassociative.be\/actualites\/#\/schema\/logo\/image\/\"}},{\"@type\":\"Person\",\"@id\":\"https:\/\/vieassociative.be\/actualites\/#\/schema\/person\/b87ac4f82f9d4e7b7cec7395b679edc4\",\"name\":\"Julien\",\"image\":{\"@type\":\"ImageObject\",\"inLanguage\":\"fr-BE\",\"@id\":\"https:\/\/vieassociative.be\/actualites\/#\/schema\/person\/image\/\",\"url\":\"https:\/\/vieassociative.be\/actualites\/wp-content\/uploads\/2024\/09\/vie-associative-1-150x150.jpg\",\"contentUrl\":\"https:\/\/vieassociative.be\/actualites\/wp-content\/uploads\/2024\/09\/vie-associative-1-150x150.jpg\",\"caption\":\"Julien\"},\"description\":\"Je suis Julien, r\u00e9dacteur pour Vie Associative. Passionn\u00e9 par le monde associatif depuis plus de 10 ans, j'ai \u00e0 c\u0153ur de partager des histoires inspirantes et de mettre en lumi\u00e8re les initiatives locales. Mon objectif est de sensibiliser et d'encourager l'engagement communautaire \u00e0 travers mes articles.\",\"sameAs\":[\"https:\/\/vieassociative.be\/\"]}]}<\/script>\n<!-- \/ Yoast SEO plugin. -->","yoast_head_json":{"title":"Ces haut-parleurs Sonos sont toujours en vente aux prix Prime Day | Vie Associative","robots":{"index":"index","follow":"follow","max-snippet":"max-snippet:-1","max-image-preview":"max-image-preview:large","max-video-preview":"max-video-preview:-1"},"canonical":"https:\/\/vieassociative.be\/actualites\/ces-haut-parleurs-sonos-sont-toujours-en-vente-aux-prix-prime-day\/","og_locale":"fr_FR","og_type":"article","og_title":"Ces haut-parleurs Sonos sont toujours en vente aux prix Prime Day | Vie Associative","og_description":"C&rsquo;est toujours Prime Day quelque part sur Amazon. L&rsquo;\u00e9v\u00e9nement Prime Day d&rsquo;octobre comprenait des offres impressionnantes, dont certaines sont rest\u00e9es actives apr\u00e8s la fin des","og_url":"https:\/\/vieassociative.be\/actualites\/ces-haut-parleurs-sonos-sont-toujours-en-vente-aux-prix-prime-day\/","og_site_name":"Vie Associative","article_published_time":"2024-10-15T10:18:33+00:00","og_image":[{"width":279,"height":92,"url":"https:\/\/vieassociative.be\/actualites\/wp-content\/uploads\/2024\/09\/header_backgroundk-01-e1726694325946.png","type":"image\/png"}],"author":"Julien","twitter_card":"summary_large_image","twitter_misc":{"\u00c9crit par":"Julien","Dur\u00e9e de lecture est.":"2 minutes"},"schema":{"@context":"https:\/\/schema.org","@graph":[{"@type":"Article","@id":"https:\/\/vieassociative.be\/actualites\/ces-haut-parleurs-sonos-sont-toujours-en-vente-aux-prix-prime-day\/#article","isPartOf":{"@id":"https:\/\/vieassociative.be\/actualites\/ces-haut-parleurs-sonos-sont-toujours-en-vente-aux-prix-prime-day\/"},"author":{"name":"Julien","@id":"https:\/\/vieassociative.be\/actualites\/#\/schema\/person\/b87ac4f82f9d4e7b7cec7395b679edc4"},"headline":"Ces haut-parleurs Sonos sont toujours en vente aux prix Prime Day","datePublished":"2024-10-15T10:18:33+00:00","dateModified":"2024-10-15T10:18:33+00:00","mainEntityOfPage":{"@id":"https:\/\/vieassociative.be\/actualites\/ces-haut-parleurs-sonos-sont-toujours-en-vente-aux-prix-prime-day\/"},"wordCount":460,"publisher":{"@id":"https:\/\/vieassociative.be\/actualites\/#organization"},"image":{"@id":"https:\/\/vieassociative.be\/actualites\/ces-haut-parleurs-sonos-sont-toujours-en-vente-aux-prix-prime-day\/#primaryimage"},"thumbnailUrl":"https:\/\/vieassociative.be\/actualites\/wp-content\/uploads\/2024\/10\/Ces-haut-parleurs-Sonos-sont-toujours-en-vente-aux-prix-Prime.png","keywords":["aux","ces","Day","hautparleurs","Prime","prix","Sonos","sont","toujours","vente"],"articleSection":["Technologie"],"inLanguage":"fr-BE"},{"@type":"WebPage","@id":"https:\/\/vieassociative.be\/actualites\/ces-haut-parleurs-sonos-sont-toujours-en-vente-aux-prix-prime-day\/","url":"https:\/\/vieassociative.be\/actualites\/ces-haut-parleurs-sonos-sont-toujours-en-vente-aux-prix-prime-day\/","name":"Ces haut-parleurs Sonos sont toujours en vente aux prix Prime Day | Vie Associative","isPartOf":{"@id":"https:\/\/vieassociative.be\/actualites\/#website"},"primaryImageOfPage":{"@id":"https:\/\/vieassociative.be\/actualites\/ces-haut-parleurs-sonos-sont-toujours-en-vente-aux-prix-prime-day\/#primaryimage"},"image":{"@id":"https:\/\/vieassociative.be\/actualites\/ces-haut-parleurs-sonos-sont-toujours-en-vente-aux-prix-prime-day\/#primaryimage"},"thumbnailUrl":"https:\/\/vieassociative.be\/actualites\/wp-content\/uploads\/2024\/10\/Ces-haut-parleurs-Sonos-sont-toujours-en-vente-aux-prix-Prime.png","datePublished":"2024-10-15T10:18:33+00:00","dateModified":"2024-10-15T10:18:33+00:00","breadcrumb":{"@id":"https:\/\/vieassociative.be\/actualites\/ces-haut-parleurs-sonos-sont-toujours-en-vente-aux-prix-prime-day\/#breadcrumb"},"inLanguage":"fr-BE","potentialAction":[{"@type":"ReadAction","target":["https:\/\/vieassociative.be\/actualites\/ces-haut-parleurs-sonos-sont-toujours-en-vente-aux-prix-prime-day\/"]}]},{"@type":"ImageObject","inLanguage":"fr-BE","@id":"https:\/\/vieassociative.be\/actualites\/ces-haut-parleurs-sonos-sont-toujours-en-vente-aux-prix-prime-day\/#primaryimage","url":"https:\/\/vieassociative.be\/actualites\/wp-content\/uploads\/2024\/10\/Ces-haut-parleurs-Sonos-sont-toujours-en-vente-aux-prix-Prime.png","contentUrl":"https:\/\/vieassociative.be\/actualites\/wp-content\/uploads\/2024\/10\/Ces-haut-parleurs-Sonos-sont-toujours-en-vente-aux-prix-Prime.png","width":1200,"height":675,"caption":"Ces haut-parleurs Sonos sont toujours en vente aux prix Prime Day"},{"@type":"BreadcrumbList","@id":"https:\/\/vieassociative.be\/actualites\/ces-haut-parleurs-sonos-sont-toujours-en-vente-aux-prix-prime-day\/#breadcrumb","itemListElement":[{"@type":"ListItem","position":1,"name":"Accueil","item":"https:\/\/vieassociative.be\/actualites\/"},{"@type":"ListItem","position":2,"name":"Ces haut-parleurs Sonos sont toujours en vente aux prix Prime Day"}]},{"@type":"WebSite","@id":"https:\/\/vieassociative.be\/actualites\/#website","url":"https:\/\/vieassociative.be\/actualites\/","name":"Vie Associative","description":"","publisher":{"@id":"https:\/\/vieassociative.be\/actualites\/#organization"},"potentialAction":[{"@type":"SearchAction","target":{"@type":"EntryPoint","urlTemplate":"https:\/\/vieassociative.be\/actualites\/?s={search_term_string}"},"query-input":{"@type":"PropertyValueSpecification","valueRequired":true,"valueName":"search_term_string"}}],"inLanguage":"fr-BE"},{"@type":"Organization","@id":"https:\/\/vieassociative.be\/actualites\/#organization","name":"Vie Associative","url":"https:\/\/vieassociative.be\/actualites\/","logo":{"@type":"ImageObject","inLanguage":"fr-BE","@id":"https:\/\/vieassociative.be\/actualites\/#\/schema\/logo\/image\/","url":"https:\/\/vieassociative.be\/actualites\/wp-content\/uploads\/2024\/09\/cropped-vieassociative_favicon.ico.png","contentUrl":"https:\/\/vieassociative.be\/actualites\/wp-content\/uploads\/2024\/09\/cropped-vieassociative_favicon.ico.png","width":512,"height":512,"caption":"Vie Associative"},"image":{"@id":"https:\/\/vieassociative.be\/actualites\/#\/schema\/logo\/image\/"}},{"@type":"Person","@id":"https:\/\/vieassociative.be\/actualites\/#\/schema\/person\/b87ac4f82f9d4e7b7cec7395b679edc4","name":"Julien","image":{"@type":"ImageObject","inLanguage":"fr-BE","@id":"https:\/\/vieassociative.be\/actualites\/#\/schema\/person\/image\/","url":"https:\/\/vieassociative.be\/actualites\/wp-content\/uploads\/2024\/09\/vie-associative-1-150x150.jpg","contentUrl":"https:\/\/vieassociative.be\/actualites\/wp-content\/uploads\/2024\/09\/vie-associative-1-150x150.jpg","caption":"Julien"},"description":"Je suis Julien, r\u00e9dacteur pour Vie Associative. Passionn\u00e9 par le monde associatif depuis plus de 10 ans, j'ai \u00e0 c\u0153ur de partager des histoires inspirantes et de mettre en lumi\u00e8re les initiatives locales. Mon objectif est de sensibiliser et d'encourager l'engagement communautaire \u00e0 travers mes articles.","sameAs":["https:\/\/vieassociative.be\/"]}]}},"_links":{"self":[{"href":"https:\/\/vieassociative.be\/actualites\/wp-json\/wp\/v2\/posts\/1249"}],"collection":[{"href":"https:\/\/vieassociative.be\/actualites\/wp-json\/wp\/v2\/posts"}],"about":[{"href":"https:\/\/vieassociative.be\/actualites\/wp-json\/wp\/v2\/types\/post"}],"author":[{"embeddable":true,"href":"https:\/\/vieassociative.be\/actualites\/wp-json\/wp\/v2\/users\/1"}],"replies":[{"embeddable":true,"href":"https:\/\/vieassociative.be\/actualites\/wp-json\/wp\/v2\/comments?post=1249"}],"version-history":[{"count":0,"href":"https:\/\/vieassociative.be\/actualites\/wp-json\/wp\/v2\/posts\/1249\/revisions"}],"wp:featuredmedia":[{"embeddable":true,"href":"https:\/\/vieassociative.be\/actualites\/wp-json\/wp\/v2\/media\/1250"}],"wp:attachment":[{"href":"https:\/\/vieassociative.be\/actualites\/wp-json\/wp\/v2\/media?parent=1249"}],"wp:term":[{"taxonomy":"category","embeddable":true,"href":"https:\/\/vieassociative.be\/actualites\/wp-json\/wp\/v2\/categories?post=1249"},{"taxonomy":"post_tag","embeddable":true,"href":"https:\/\/vieassociative.be\/actualites\/wp-json\/wp\/v2\/tags?post=1249"}],"curies":[{"name":"wp","href":"https:\/\/api.w.org\/{rel}","templated":true}]}}