{"id":12430,"date":"2026-01-31T01:20:03","date_gmt":"2026-01-31T00:20:03","guid":{"rendered":"https:\/\/vieassociative.be\/actualites\/las-eupen-au-plus-bas-defaite-0-2-a-jong-genk-lequipe-a-t-elle-joue-contre-son-entraineur-principal\/"},"modified":"2026-01-31T01:20:03","modified_gmt":"2026-01-31T00:20:03","slug":"las-eupen-au-plus-bas-defaite-0-2-a-jong-genk-lequipe-a-t-elle-joue-contre-son-entraineur-principal","status":"publish","type":"post","link":"https:\/\/vieassociative.be\/actualites\/las-eupen-au-plus-bas-defaite-0-2-a-jong-genk-lequipe-a-t-elle-joue-contre-son-entraineur-principal\/","title":{"rendered":"L&rsquo;AS Eupen au plus bas \u2013 d\u00e9faite 0-2 \u00e0 Jong Genk \u2013 L&rsquo;\u00e9quipe a-t-elle jou\u00e9 contre son entra\u00eeneur principal ?"},"content":{"rendered":"<p><strong>L&rsquo;AS Eupen ne peut pas gagner en 2026. Pire encore : vendredi, elle a m\u00eame essuy\u00e9 une troisi\u00e8me d\u00e9faite. Les Noirs et Blancs, enti\u00e8rement en rouge, se sont inclin\u00e9s 2-0 \u00e0 Jong Genk et ont ainsi atteint un nouveau plus bas. L&rsquo;\u00e9quipe de Bruno Pinheiro jouait-elle contre son entra\u00eeneur principal ?<\/strong><\/p>\n<p><span id=\"more-434993\"><\/span>Apr\u00e8s deux d\u00e9faites et quatre matchs sans victoire, l&rsquo;AS Eupen n&rsquo;\u00e9tait pas tr\u00e8s confiant. Le m\u00e9contentement des fan clubs, qui sont rest\u00e9s \u00e0 l&rsquo;\u00e9cart du match de Jong Genk en signe de protestation, a aggrav\u00e9 la situation.<\/p>\n<p>Le match n&rsquo;a d&rsquo;ailleurs pas eu lieu \u00e0 Genk, mais au stade De Leunen de l&rsquo;ASV Geel, \u00e0 pr\u00e8s de 60 km de Genk. Comme il n&rsquo;y avait pratiquement aucun spectateur de Genk pr\u00e9sent et aucun supporter d&rsquo;Eupen, on avait l&rsquo;impression d&rsquo;assister \u00e0 un match fant\u00f4me.<\/p>\n<div id=\"attachment_425452\" class=\"wp-caption alignleft\" style=\"max-width: 300px\"><img fetchpriority=\"high\" decoding=\"async\" class=\"wp-image-425452 size-medium\" src=\"https:\/\/vieassociative.be\/actualites\/wp-content\/uploads\/2025\/09\/3-3-Spectacle-sans-fin-heureuse-pour-As-Eupen.jpg\" alt=\"\" width=\"300\" height=\"200\"><\/div>\n<p>L&rsquo;entra\u00eeneur des moins de 23 ans de Genk est d&rsquo;ailleurs l&rsquo;ancien joueur national Igor De Camargo (anciennement, entre autres, du Borussia M\u00f6nchengladbach, d&rsquo;Hoffenheim, du Standard de Li\u00e8ge et du KV Mechelen). Le Br\u00e9silien d&rsquo;origine a connu moins de succ\u00e8s en tant qu&rsquo;entra\u00eeneur adjoint et entra\u00eeneur (RWDM, Francs Borains et d\u00e9sormais Jong Genk).<\/p>\n<p>Delaurier-Choodet et Plastun sont revenus dans le onze de d\u00e9part d&rsquo;AS, qui comprenait \u00e9galement la nouvelle recrue Kikas. L&rsquo;international qatari Mashaal \u00e9tait assis sur le banc des rempla\u00e7ants.<\/p>\n<p>La formation de d\u00e9part ressemblait \u00e0 ceci : Hiller \u2013 Paeshuyse, Bokadi, Plastun, Gavory \u2013 Keita, M\u00f6hwald, Bar\u00e8s, Delaurier-Chautet \u2013 Kikas, Nuhu.<\/p>\n<p>Tableau 14. Genk \u00e9tait l&rsquo;\u00e9quipe la plus active au d\u00e9but et a \u00e9galement eu sa premi\u00e8re occasion de marquer gr\u00e2ce \u00e0 Beniangba. Ce que les invit\u00e9s d&rsquo;Eupen ont fait dans un premier temps n&rsquo;est pas digne d&rsquo;une \u00e9quipe qui vise une promotion en Jupiler Pro League de mani\u00e8re d\u00e9tourn\u00e9e (via les Playoffs de Promotion).<\/p>\n<p>La deuxi\u00e8me occasion de marquer appartenait \u00e9galement \u00e0 Genk, mais heureusement pour AS, le tir du Sud-Cor\u00e9en Myeong-jun manquait le cadre.<\/p>\n<\/p>\n<div id=\"attachment_418091\" class=\"wp-caption alignnone\" style=\"max-width: 300px\"><img decoding=\"async\" src=\"https:\/\/vieassociative.be\/actualites\/wp-content\/uploads\/2025\/08\/1754770661_504_2-0-Debut-de-la-victoire-pour-As-Eupen-contre-FC.jpg\" alt=\"\" width=\"300\" height=\"200\" class=\"size-medium wp-image-418091\"><\/div>\n<p>Eupen se procurait sa premi\u00e8re occasion \u00e0 la 36e minute, mais le tir de Nuhu passait juste au-del\u00e0 du second poteau. \u00c0 la 40e minute, Hiller a d\u00fb s&rsquo;\u00e9tirer pour diriger un ballon devant le poteau.<\/p>\n<p>Le score est rest\u00e9 0-0 jusqu&rsquo;\u00e0 la mi-temps. AS a connu une premi\u00e8re mi-temps faible et \u00e9tait heureux que Jong Genk ait eu des probl\u00e8mes \u00e0 la fin.<\/p>\n<p>Apr\u00e8s la pause, Jong Genk dominait \u00e0 nouveau, mais \u00e0 la 53e minute, Bokadi provoquait le danger avec une t\u00eate sur un coup franc de Gavory. Peu de temps apr\u00e8s, AS a marqu\u00e9 un but, mais il a \u00e9t\u00e9 refus\u00e9 en raison d&rsquo;une pr\u00e9tendue faute.<\/p>\n<p>Eupen se procurait d\u00e9sormais des occasions, \u00e0 la 61e minute gr\u00e2ce \u00e0 Gavory puis \u00e0 Plastun. \u00c0 la 75e minute, AS \u00e9tait cependant puni pour sa passivit\u00e9 jusque-l\u00e0, puisqu&rsquo;apr\u00e8s un corner, Palacios donnait l&rsquo;avantage \u00e0 Jong Genk. Sa t\u00eate a heurt\u00e9 la barre transversale puis dans le but, 1-0.<\/p>\n<p>\u00c0 la 80e minute, l&rsquo;entra\u00eeneur de l&rsquo;AS Pinheiro a envoy\u00e9 quatre nouveaux joueurs sur le terrain, mais la d\u00e9cision pr\u00e9liminaire a \u00e9t\u00e9 prise \u00e0 la 83e minute avec le but de Coenen qui a port\u00e9 le score \u00e0 2-0 pour Jong Genk.<\/p>\n<p>Dans les arr\u00eats de jeu, Eupen a eu deux autres occasions de marquer gr\u00e2ce \u00e0 Plastun, qui a dirig\u00e9 le ballon au-dessus du but de Jong Genk, et \u00e0 Nuhu, qui a touch\u00e9 le poteau. Il y a donc eu une d\u00e9faite embarrassante 2-0 pour les invit\u00e9s, qui aura certainement des cons\u00e9quences. (cr\u00e9er)<\/p>\n<p><em><strong>Sur le sujet, voir aussi l&rsquo;article suivant sur l&rsquo;OD :<\/strong><\/em><\/p>\n<div class=\"responsive-embed widescreen\">\n<blockquote class=\"wp-embedded-content\" data-secret=\"ijBaBfmQT0\">\n<p>\u00ab Assez d\u2019excuses \u00bb : les supporters de l\u2019AS Eupen sont en col\u00e8re et annoncent le boycott du match \u00e0 Jong Genk<\/p>\n<\/blockquote>\n<p><iframe loading=\"lazy\" class=\"wp-embedded-content\" sandbox=\"allow-scripts\" security=\"restricted\" style=\"position: absolute; visibility: hidden;\" title=\"\u201e\u201eGenug Ausreden\u201c: Fans der AS Eupen sind w\u00fctend und k\u00fcndigen Boykott des Spiels bei Jong Genk an\u201c \u2013 Ostbelgien Direkt\" src=\"https:\/\/ostbelgiendirekt.be\/about:blank\" data-secret=\"ijBaBfmQT0\" width=\"500\" height=\"282\" frameborder=\"0\" marginwidth=\"0\" marginheight=\"0\" scrolling=\"no\" data-rocket-lazyload=\"fitvidscompatible\" data-lazy-src=\"https:\/\/ostbelgiendirekt.be\/fans-der-as-sauer-434909\/embed#?secret=7o1u1Km3f0#?secret=ijBaBfmQT0\"><\/iframe><noscript><iframe class=\"wp-embedded-content\" sandbox=\"allow-scripts\" security=\"restricted\" style=\"position: absolute; visibility: hidden;\" title=\"\u201e\u201eGenug Ausreden\u201c: Fans der AS Eupen sind w\u00fctend und k\u00fcndigen Boykott des Spiels bei Jong Genk an\u201c \u2013 Ostbelgien Direkt\" src=\"https:\/\/ostbelgiendirekt.be\/fans-der-as-sauer-434909\/embed#?secret=7o1u1Km3f0#?secret=ijBaBfmQT0\" data-secret=\"ijBaBfmQT0\" width=\"500\" height=\"282\" frameborder=\"0\" marginwidth=\"0\" marginheight=\"0\" scrolling=\"no\"><\/iframe><\/noscript><\/p>\n<\/div>\n","protected":false},"excerpt":{"rendered":"<p>L&rsquo;AS Eupen ne peut pas gagner en 2026. Pire encore : vendredi, elle a m\u00eame essuy\u00e9 une troisi\u00e8me d\u00e9faite. Les Noirs et Blancs, enti\u00e8rement en<\/p>\n","protected":false},"author":1,"featured_media":12431,"comment_status":"","ping_status":"","sticky":false,"template":"","format":"standard","meta":{"footnotes":""},"categories":[298],"tags":[5268,700,796,2350,930,2329,932,5376,3985,2353,537,3986,800],"class_list":["post-12430","post","type-post","status-publish","format-standard","has-post-thumbnail","hentry","category-belgique","tag-atelle","tag-bas","tag-contre","tag-defaite","tag-entraineur","tag-eupen","tag-genk","tag-jong","tag-joue","tag-las","tag-lequipe","tag-principal","tag-son","generate-columns","tablet-grid-50","mobile-grid-100","grid-parent","grid-33"],"yoast_head":"<!-- This site is optimized with the Yoast SEO plugin v24.0 - https:\/\/yoast.com\/wordpress\/plugins\/seo\/ -->\n<title>L&#039;AS Eupen au plus bas \u2013 d\u00e9faite 0-2 \u00e0 Jong Genk \u2013 L&#039;\u00e9quipe a-t-elle jou\u00e9 contre son entra\u00eeneur principal ? | Vie Associative<\/title>\n<meta name=\"robots\" content=\"index, follow, max-snippet:-1, max-image-preview:large, max-video-preview:-1\" \/>\n<link rel=\"canonical\" href=\"https:\/\/vieassociative.be\/actualites\/las-eupen-au-plus-bas-defaite-0-2-a-jong-genk-lequipe-a-t-elle-joue-contre-son-entraineur-principal\/\" \/>\n<meta property=\"og:locale\" content=\"fr_FR\" \/>\n<meta property=\"og:type\" content=\"article\" \/>\n<meta property=\"og:title\" content=\"L&#039;AS Eupen au plus bas \u2013 d\u00e9faite 0-2 \u00e0 Jong Genk \u2013 L&#039;\u00e9quipe a-t-elle jou\u00e9 contre son entra\u00eeneur principal ? | Vie Associative\" \/>\n<meta property=\"og:description\" content=\"L&rsquo;AS Eupen ne peut pas gagner en 2026. Pire encore : vendredi, elle a m\u00eame essuy\u00e9 une troisi\u00e8me d\u00e9faite. Les Noirs et Blancs, enti\u00e8rement en\" \/>\n<meta property=\"og:url\" content=\"https:\/\/vieassociative.be\/actualites\/las-eupen-au-plus-bas-defaite-0-2-a-jong-genk-lequipe-a-t-elle-joue-contre-son-entraineur-principal\/\" \/>\n<meta property=\"og:site_name\" content=\"Vie Associative\" \/>\n<meta property=\"article:published_time\" content=\"2026-01-31T00:20:03+00:00\" \/>\n<meta property=\"og:image\" content=\"https:\/\/vieassociative.be\/actualites\/wp-content\/uploads\/2024\/09\/header_backgroundk-01-e1726694325946.png\" \/>\n\t<meta property=\"og:image:width\" content=\"279\" \/>\n\t<meta property=\"og:image:height\" content=\"92\" \/>\n\t<meta property=\"og:image:type\" content=\"image\/png\" \/>\n<meta name=\"author\" content=\"Julien\" \/>\n<meta name=\"twitter:card\" content=\"summary_large_image\" \/>\n<meta name=\"twitter:label1\" content=\"\u00c9crit par\" \/>\n\t<meta name=\"twitter:data1\" content=\"Julien\" \/>\n\t<meta name=\"twitter:label2\" content=\"Dur\u00e9e de lecture est.\" \/>\n\t<meta name=\"twitter:data2\" content=\"3 minutes\" \/>\n<script type=\"application\/ld+json\" class=\"yoast-schema-graph\">{\"@context\":\"https:\/\/schema.org\",\"@graph\":[{\"@type\":\"Article\",\"@id\":\"https:\/\/vieassociative.be\/actualites\/las-eupen-au-plus-bas-defaite-0-2-a-jong-genk-lequipe-a-t-elle-joue-contre-son-entraineur-principal\/#article\",\"isPartOf\":{\"@id\":\"https:\/\/vieassociative.be\/actualites\/las-eupen-au-plus-bas-defaite-0-2-a-jong-genk-lequipe-a-t-elle-joue-contre-son-entraineur-principal\/\"},\"author\":{\"name\":\"Julien\",\"@id\":\"https:\/\/vieassociative.be\/actualites\/#\/schema\/person\/b87ac4f82f9d4e7b7cec7395b679edc4\"},\"headline\":\"L&rsquo;AS Eupen au plus bas \u2013 d\u00e9faite 0-2 \u00e0 Jong Genk \u2013 L&rsquo;\u00e9quipe a-t-elle jou\u00e9 contre son entra\u00eeneur principal ?\",\"datePublished\":\"2026-01-31T00:20:03+00:00\",\"dateModified\":\"2026-01-31T00:20:03+00:00\",\"mainEntityOfPage\":{\"@id\":\"https:\/\/vieassociative.be\/actualites\/las-eupen-au-plus-bas-defaite-0-2-a-jong-genk-lequipe-a-t-elle-joue-contre-son-entraineur-principal\/\"},\"wordCount\":669,\"publisher\":{\"@id\":\"https:\/\/vieassociative.be\/actualites\/#organization\"},\"image\":{\"@id\":\"https:\/\/vieassociative.be\/actualites\/las-eupen-au-plus-bas-defaite-0-2-a-jong-genk-lequipe-a-t-elle-joue-contre-son-entraineur-principal\/#primaryimage\"},\"thumbnailUrl\":\"https:\/\/vieassociative.be\/actualites\/wp-content\/uploads\/2026\/01\/LAS-Eupen-au-plus-bas-\u2013-defaite-0-2-a-Jong.jpg\",\"keywords\":[\"atelle\",\"bas\",\"contre\",\"D\u00e9faite\",\"entra\u00eeneur\",\"Eupen\",\"Genk\",\"Jong\",\"joue\",\"lAS\",\"l\u00e9quipe\",\"principal\",\"son\"],\"articleSection\":[\"Belgique\"],\"inLanguage\":\"fr-BE\"},{\"@type\":\"WebPage\",\"@id\":\"https:\/\/vieassociative.be\/actualites\/las-eupen-au-plus-bas-defaite-0-2-a-jong-genk-lequipe-a-t-elle-joue-contre-son-entraineur-principal\/\",\"url\":\"https:\/\/vieassociative.be\/actualites\/las-eupen-au-plus-bas-defaite-0-2-a-jong-genk-lequipe-a-t-elle-joue-contre-son-entraineur-principal\/\",\"name\":\"L'AS Eupen au plus bas \u2013 d\u00e9faite 0-2 \u00e0 Jong Genk \u2013 L'\u00e9quipe a-t-elle jou\u00e9 contre son entra\u00eeneur principal ? | Vie Associative\",\"isPartOf\":{\"@id\":\"https:\/\/vieassociative.be\/actualites\/#website\"},\"primaryImageOfPage\":{\"@id\":\"https:\/\/vieassociative.be\/actualites\/las-eupen-au-plus-bas-defaite-0-2-a-jong-genk-lequipe-a-t-elle-joue-contre-son-entraineur-principal\/#primaryimage\"},\"image\":{\"@id\":\"https:\/\/vieassociative.be\/actualites\/las-eupen-au-plus-bas-defaite-0-2-a-jong-genk-lequipe-a-t-elle-joue-contre-son-entraineur-principal\/#primaryimage\"},\"thumbnailUrl\":\"https:\/\/vieassociative.be\/actualites\/wp-content\/uploads\/2026\/01\/LAS-Eupen-au-plus-bas-\u2013-defaite-0-2-a-Jong.jpg\",\"datePublished\":\"2026-01-31T00:20:03+00:00\",\"dateModified\":\"2026-01-31T00:20:03+00:00\",\"breadcrumb\":{\"@id\":\"https:\/\/vieassociative.be\/actualites\/las-eupen-au-plus-bas-defaite-0-2-a-jong-genk-lequipe-a-t-elle-joue-contre-son-entraineur-principal\/#breadcrumb\"},\"inLanguage\":\"fr-BE\",\"potentialAction\":[{\"@type\":\"ReadAction\",\"target\":[\"https:\/\/vieassociative.be\/actualites\/las-eupen-au-plus-bas-defaite-0-2-a-jong-genk-lequipe-a-t-elle-joue-contre-son-entraineur-principal\/\"]}]},{\"@type\":\"ImageObject\",\"inLanguage\":\"fr-BE\",\"@id\":\"https:\/\/vieassociative.be\/actualites\/las-eupen-au-plus-bas-defaite-0-2-a-jong-genk-lequipe-a-t-elle-joue-contre-son-entraineur-principal\/#primaryimage\",\"url\":\"https:\/\/vieassociative.be\/actualites\/wp-content\/uploads\/2026\/01\/LAS-Eupen-au-plus-bas-\u2013-defaite-0-2-a-Jong.jpg\",\"contentUrl\":\"https:\/\/vieassociative.be\/actualites\/wp-content\/uploads\/2026\/01\/LAS-Eupen-au-plus-bas-\u2013-defaite-0-2-a-Jong.jpg\",\"width\":1200,\"height\":799,\"caption\":\"L'AS Eupen au plus bas \u2013 d\u00e9faite 0-2 \u00e0 Jong Genk \u2013 L'\u00e9quipe a-t-elle jou\u00e9 contre son entra\u00eeneur principal ?\"},{\"@type\":\"BreadcrumbList\",\"@id\":\"https:\/\/vieassociative.be\/actualites\/las-eupen-au-plus-bas-defaite-0-2-a-jong-genk-lequipe-a-t-elle-joue-contre-son-entraineur-principal\/#breadcrumb\",\"itemListElement\":[{\"@type\":\"ListItem\",\"position\":1,\"name\":\"Accueil\",\"item\":\"https:\/\/vieassociative.be\/actualites\/\"},{\"@type\":\"ListItem\",\"position\":2,\"name\":\"L&rsquo;AS Eupen au plus bas \u2013 d\u00e9faite 0-2 \u00e0 Jong Genk \u2013 L&rsquo;\u00e9quipe a-t-elle jou\u00e9 contre son entra\u00eeneur principal ?\"}]},{\"@type\":\"WebSite\",\"@id\":\"https:\/\/vieassociative.be\/actualites\/#website\",\"url\":\"https:\/\/vieassociative.be\/actualites\/\",\"name\":\"Vie Associative\",\"description\":\"\",\"publisher\":{\"@id\":\"https:\/\/vieassociative.be\/actualites\/#organization\"},\"potentialAction\":[{\"@type\":\"SearchAction\",\"target\":{\"@type\":\"EntryPoint\",\"urlTemplate\":\"https:\/\/vieassociative.be\/actualites\/?s={search_term_string}\"},\"query-input\":{\"@type\":\"PropertyValueSpecification\",\"valueRequired\":true,\"valueName\":\"search_term_string\"}}],\"inLanguage\":\"fr-BE\"},{\"@type\":\"Organization\",\"@id\":\"https:\/\/vieassociative.be\/actualites\/#organization\",\"name\":\"Vie Associative\",\"url\":\"https:\/\/vieassociative.be\/actualites\/\",\"logo\":{\"@type\":\"ImageObject\",\"inLanguage\":\"fr-BE\",\"@id\":\"https:\/\/vieassociative.be\/actualites\/#\/schema\/logo\/image\/\",\"url\":\"https:\/\/vieassociative.be\/actualites\/wp-content\/uploads\/2024\/09\/cropped-vieassociative_favicon.ico.png\",\"contentUrl\":\"https:\/\/vieassociative.be\/actualites\/wp-content\/uploads\/2024\/09\/cropped-vieassociative_favicon.ico.png\",\"width\":512,\"height\":512,\"caption\":\"Vie Associative\"},\"image\":{\"@id\":\"https:\/\/vieassociative.be\/actualites\/#\/schema\/logo\/image\/\"}},{\"@type\":\"Person\",\"@id\":\"https:\/\/vieassociative.be\/actualites\/#\/schema\/person\/b87ac4f82f9d4e7b7cec7395b679edc4\",\"name\":\"Julien\",\"image\":{\"@type\":\"ImageObject\",\"inLanguage\":\"fr-BE\",\"@id\":\"https:\/\/vieassociative.be\/actualites\/#\/schema\/person\/image\/\",\"url\":\"https:\/\/vieassociative.be\/actualites\/wp-content\/uploads\/2024\/09\/vie-associative-1-150x150.jpg\",\"contentUrl\":\"https:\/\/vieassociative.be\/actualites\/wp-content\/uploads\/2024\/09\/vie-associative-1-150x150.jpg\",\"caption\":\"Julien\"},\"description\":\"Je suis Julien, r\u00e9dacteur pour Vie Associative. Passionn\u00e9 par le monde associatif depuis plus de 10 ans, j'ai \u00e0 c\u0153ur de partager des histoires inspirantes et de mettre en lumi\u00e8re les initiatives locales. Mon objectif est de sensibiliser et d'encourager l'engagement communautaire \u00e0 travers mes articles.\",\"sameAs\":[\"https:\/\/vieassociative.be\/\"]}]}<\/script>\n<!-- \/ Yoast SEO plugin. -->","yoast_head_json":{"title":"L'AS Eupen au plus bas \u2013 d\u00e9faite 0-2 \u00e0 Jong Genk \u2013 L'\u00e9quipe a-t-elle jou\u00e9 contre son entra\u00eeneur principal ? | Vie Associative","robots":{"index":"index","follow":"follow","max-snippet":"max-snippet:-1","max-image-preview":"max-image-preview:large","max-video-preview":"max-video-preview:-1"},"canonical":"https:\/\/vieassociative.be\/actualites\/las-eupen-au-plus-bas-defaite-0-2-a-jong-genk-lequipe-a-t-elle-joue-contre-son-entraineur-principal\/","og_locale":"fr_FR","og_type":"article","og_title":"L'AS Eupen au plus bas \u2013 d\u00e9faite 0-2 \u00e0 Jong Genk \u2013 L'\u00e9quipe a-t-elle jou\u00e9 contre son entra\u00eeneur principal ? | Vie Associative","og_description":"L&rsquo;AS Eupen ne peut pas gagner en 2026. Pire encore : vendredi, elle a m\u00eame essuy\u00e9 une troisi\u00e8me d\u00e9faite. Les Noirs et Blancs, enti\u00e8rement en","og_url":"https:\/\/vieassociative.be\/actualites\/las-eupen-au-plus-bas-defaite-0-2-a-jong-genk-lequipe-a-t-elle-joue-contre-son-entraineur-principal\/","og_site_name":"Vie Associative","article_published_time":"2026-01-31T00:20:03+00:00","og_image":[{"width":279,"height":92,"url":"https:\/\/vieassociative.be\/actualites\/wp-content\/uploads\/2024\/09\/header_backgroundk-01-e1726694325946.png","type":"image\/png"}],"author":"Julien","twitter_card":"summary_large_image","twitter_misc":{"\u00c9crit par":"Julien","Dur\u00e9e de lecture est.":"3 minutes"},"schema":{"@context":"https:\/\/schema.org","@graph":[{"@type":"Article","@id":"https:\/\/vieassociative.be\/actualites\/las-eupen-au-plus-bas-defaite-0-2-a-jong-genk-lequipe-a-t-elle-joue-contre-son-entraineur-principal\/#article","isPartOf":{"@id":"https:\/\/vieassociative.be\/actualites\/las-eupen-au-plus-bas-defaite-0-2-a-jong-genk-lequipe-a-t-elle-joue-contre-son-entraineur-principal\/"},"author":{"name":"Julien","@id":"https:\/\/vieassociative.be\/actualites\/#\/schema\/person\/b87ac4f82f9d4e7b7cec7395b679edc4"},"headline":"L&rsquo;AS Eupen au plus bas \u2013 d\u00e9faite 0-2 \u00e0 Jong Genk \u2013 L&rsquo;\u00e9quipe a-t-elle jou\u00e9 contre son entra\u00eeneur principal ?","datePublished":"2026-01-31T00:20:03+00:00","dateModified":"2026-01-31T00:20:03+00:00","mainEntityOfPage":{"@id":"https:\/\/vieassociative.be\/actualites\/las-eupen-au-plus-bas-defaite-0-2-a-jong-genk-lequipe-a-t-elle-joue-contre-son-entraineur-principal\/"},"wordCount":669,"publisher":{"@id":"https:\/\/vieassociative.be\/actualites\/#organization"},"image":{"@id":"https:\/\/vieassociative.be\/actualites\/las-eupen-au-plus-bas-defaite-0-2-a-jong-genk-lequipe-a-t-elle-joue-contre-son-entraineur-principal\/#primaryimage"},"thumbnailUrl":"https:\/\/vieassociative.be\/actualites\/wp-content\/uploads\/2026\/01\/LAS-Eupen-au-plus-bas-\u2013-defaite-0-2-a-Jong.jpg","keywords":["atelle","bas","contre","D\u00e9faite","entra\u00eeneur","Eupen","Genk","Jong","joue","lAS","l\u00e9quipe","principal","son"],"articleSection":["Belgique"],"inLanguage":"fr-BE"},{"@type":"WebPage","@id":"https:\/\/vieassociative.be\/actualites\/las-eupen-au-plus-bas-defaite-0-2-a-jong-genk-lequipe-a-t-elle-joue-contre-son-entraineur-principal\/","url":"https:\/\/vieassociative.be\/actualites\/las-eupen-au-plus-bas-defaite-0-2-a-jong-genk-lequipe-a-t-elle-joue-contre-son-entraineur-principal\/","name":"L'AS Eupen au plus bas \u2013 d\u00e9faite 0-2 \u00e0 Jong Genk \u2013 L'\u00e9quipe a-t-elle jou\u00e9 contre son entra\u00eeneur principal ? | Vie Associative","isPartOf":{"@id":"https:\/\/vieassociative.be\/actualites\/#website"},"primaryImageOfPage":{"@id":"https:\/\/vieassociative.be\/actualites\/las-eupen-au-plus-bas-defaite-0-2-a-jong-genk-lequipe-a-t-elle-joue-contre-son-entraineur-principal\/#primaryimage"},"image":{"@id":"https:\/\/vieassociative.be\/actualites\/las-eupen-au-plus-bas-defaite-0-2-a-jong-genk-lequipe-a-t-elle-joue-contre-son-entraineur-principal\/#primaryimage"},"thumbnailUrl":"https:\/\/vieassociative.be\/actualites\/wp-content\/uploads\/2026\/01\/LAS-Eupen-au-plus-bas-\u2013-defaite-0-2-a-Jong.jpg","datePublished":"2026-01-31T00:20:03+00:00","dateModified":"2026-01-31T00:20:03+00:00","breadcrumb":{"@id":"https:\/\/vieassociative.be\/actualites\/las-eupen-au-plus-bas-defaite-0-2-a-jong-genk-lequipe-a-t-elle-joue-contre-son-entraineur-principal\/#breadcrumb"},"inLanguage":"fr-BE","potentialAction":[{"@type":"ReadAction","target":["https:\/\/vieassociative.be\/actualites\/las-eupen-au-plus-bas-defaite-0-2-a-jong-genk-lequipe-a-t-elle-joue-contre-son-entraineur-principal\/"]}]},{"@type":"ImageObject","inLanguage":"fr-BE","@id":"https:\/\/vieassociative.be\/actualites\/las-eupen-au-plus-bas-defaite-0-2-a-jong-genk-lequipe-a-t-elle-joue-contre-son-entraineur-principal\/#primaryimage","url":"https:\/\/vieassociative.be\/actualites\/wp-content\/uploads\/2026\/01\/LAS-Eupen-au-plus-bas-\u2013-defaite-0-2-a-Jong.jpg","contentUrl":"https:\/\/vieassociative.be\/actualites\/wp-content\/uploads\/2026\/01\/LAS-Eupen-au-plus-bas-\u2013-defaite-0-2-a-Jong.jpg","width":1200,"height":799,"caption":"L'AS Eupen au plus bas \u2013 d\u00e9faite 0-2 \u00e0 Jong Genk \u2013 L'\u00e9quipe a-t-elle jou\u00e9 contre son entra\u00eeneur principal ?"},{"@type":"BreadcrumbList","@id":"https:\/\/vieassociative.be\/actualites\/las-eupen-au-plus-bas-defaite-0-2-a-jong-genk-lequipe-a-t-elle-joue-contre-son-entraineur-principal\/#breadcrumb","itemListElement":[{"@type":"ListItem","position":1,"name":"Accueil","item":"https:\/\/vieassociative.be\/actualites\/"},{"@type":"ListItem","position":2,"name":"L&rsquo;AS Eupen au plus bas \u2013 d\u00e9faite 0-2 \u00e0 Jong Genk \u2013 L&rsquo;\u00e9quipe a-t-elle jou\u00e9 contre son entra\u00eeneur principal ?"}]},{"@type":"WebSite","@id":"https:\/\/vieassociative.be\/actualites\/#website","url":"https:\/\/vieassociative.be\/actualites\/","name":"Vie Associative","description":"","publisher":{"@id":"https:\/\/vieassociative.be\/actualites\/#organization"},"potentialAction":[{"@type":"SearchAction","target":{"@type":"EntryPoint","urlTemplate":"https:\/\/vieassociative.be\/actualites\/?s={search_term_string}"},"query-input":{"@type":"PropertyValueSpecification","valueRequired":true,"valueName":"search_term_string"}}],"inLanguage":"fr-BE"},{"@type":"Organization","@id":"https:\/\/vieassociative.be\/actualites\/#organization","name":"Vie Associative","url":"https:\/\/vieassociative.be\/actualites\/","logo":{"@type":"ImageObject","inLanguage":"fr-BE","@id":"https:\/\/vieassociative.be\/actualites\/#\/schema\/logo\/image\/","url":"https:\/\/vieassociative.be\/actualites\/wp-content\/uploads\/2024\/09\/cropped-vieassociative_favicon.ico.png","contentUrl":"https:\/\/vieassociative.be\/actualites\/wp-content\/uploads\/2024\/09\/cropped-vieassociative_favicon.ico.png","width":512,"height":512,"caption":"Vie Associative"},"image":{"@id":"https:\/\/vieassociative.be\/actualites\/#\/schema\/logo\/image\/"}},{"@type":"Person","@id":"https:\/\/vieassociative.be\/actualites\/#\/schema\/person\/b87ac4f82f9d4e7b7cec7395b679edc4","name":"Julien","image":{"@type":"ImageObject","inLanguage":"fr-BE","@id":"https:\/\/vieassociative.be\/actualites\/#\/schema\/person\/image\/","url":"https:\/\/vieassociative.be\/actualites\/wp-content\/uploads\/2024\/09\/vie-associative-1-150x150.jpg","contentUrl":"https:\/\/vieassociative.be\/actualites\/wp-content\/uploads\/2024\/09\/vie-associative-1-150x150.jpg","caption":"Julien"},"description":"Je suis Julien, r\u00e9dacteur pour Vie Associative. Passionn\u00e9 par le monde associatif depuis plus de 10 ans, j'ai \u00e0 c\u0153ur de partager des histoires inspirantes et de mettre en lumi\u00e8re les initiatives locales. Mon objectif est de sensibiliser et d'encourager l'engagement communautaire \u00e0 travers mes articles.","sameAs":["https:\/\/vieassociative.be\/"]}]}},"_links":{"self":[{"href":"https:\/\/vieassociative.be\/actualites\/wp-json\/wp\/v2\/posts\/12430"}],"collection":[{"href":"https:\/\/vieassociative.be\/actualites\/wp-json\/wp\/v2\/posts"}],"about":[{"href":"https:\/\/vieassociative.be\/actualites\/wp-json\/wp\/v2\/types\/post"}],"author":[{"embeddable":true,"href":"https:\/\/vieassociative.be\/actualites\/wp-json\/wp\/v2\/users\/1"}],"replies":[{"embeddable":true,"href":"https:\/\/vieassociative.be\/actualites\/wp-json\/wp\/v2\/comments?post=12430"}],"version-history":[{"count":0,"href":"https:\/\/vieassociative.be\/actualites\/wp-json\/wp\/v2\/posts\/12430\/revisions"}],"wp:featuredmedia":[{"embeddable":true,"href":"https:\/\/vieassociative.be\/actualites\/wp-json\/wp\/v2\/media\/12431"}],"wp:attachment":[{"href":"https:\/\/vieassociative.be\/actualites\/wp-json\/wp\/v2\/media?parent=12430"}],"wp:term":[{"taxonomy":"category","embeddable":true,"href":"https:\/\/vieassociative.be\/actualites\/wp-json\/wp\/v2\/categories?post=12430"},{"taxonomy":"post_tag","embeddable":true,"href":"https:\/\/vieassociative.be\/actualites\/wp-json\/wp\/v2\/tags?post=12430"}],"curies":[{"name":"wp","href":"https:\/\/api.w.org\/{rel}","templated":true}]}}