{"id":12428,"date":"2026-01-31T00:17:27","date_gmt":"2026-01-30T23:17:27","guid":{"rendered":"https:\/\/vieassociative.be\/actualites\/ce-robot-aspirateur-roborock-dentree-de-gamme-est-a-44-de-reduction-en-ce-moment\/"},"modified":"2026-01-31T00:17:27","modified_gmt":"2026-01-30T23:17:27","slug":"ce-robot-aspirateur-roborock-dentree-de-gamme-est-a-44-de-reduction-en-ce-moment","status":"publish","type":"post","link":"https:\/\/vieassociative.be\/actualites\/ce-robot-aspirateur-roborock-dentree-de-gamme-est-a-44-de-reduction-en-ce-moment\/","title":{"rendered":"Ce robot aspirateur Roborock d&rsquo;entr\u00e9e de gamme est \u00e0 44 % de r\u00e9duction en ce moment"},"content":{"rendered":"<p>Nous pouvons gagner une commission sur les liens sur cette page. Les prix et la disponibilit\u00e9 de l&rsquo;offre sont sujets \u00e0 changement apr\u00e8s la publication.<\/p>\n<p>Les aspirateurs robots peuvent rapidement devenir co\u00fbteux, surtout si vous optez pour des mod\u00e8les dot\u00e9s de fonctionnalit\u00e9s telles que des bacs \u00e0 vidage automatique et un nettoyage \u00e0 l&rsquo;eau chaude. Mais si vous cherchez \u00e0 plonger vos orteils dans ce monde sans perdre beaucoup d&rsquo;argent, le robot aspirateur et vadrouille Roborock Q7 L5 est une option d&rsquo;entr\u00e9e de gamme \u00e0 faibles enjeux qui coche de nombreuses cases, et en ce moment, il est \u00e0 un niveau record de 44 % de r\u00e9duction \u00e0 139,99 $ (\u00e0 l&rsquo;origine 249,99) sur Amazon, selon les trackers de prix.<\/p>\n<div class=\"pogoClear mb-12 mt-10 rounded-md border-2 border-gray-100 py-7 shadow-xl md:py-6\">\n<div class=\"flex flex-wrap justify-between px-7 text-black no-underline md:flex-nowrap md:px-8\">\n<div class=\"order-1 mx-auto flex flex-col justify-center md:order-2 md:ml-4 md:w-full md:grow\">\n<div class=\"block cursor-pointer text-center font-akshar text-2xl font-medium leading-7 text-brand-green duration-200 ease-in-out hover:text-brand-green-700 md:text-left md:text-xl md:leading-6\">Robot aspirateur et vadrouille Roborock Q7 L5\n                <\/div>\n<div class=\"mt-4 hidden md:flex md:justify-between\">\n<div class=\"self-end\">\n<div class=\"mb-0 h-11 md:flex md:flex-col md:justify-center\">\n<div class=\" font-sans leading-4 text-black\">\n<div class=\"flex flex-wrap items-center justify-center gap-1 md:justify-start\">\n        <span class=\"font-bold\"><\/p>\n<p>            139,99\u00a0$<br \/>\n                            <span class=\"font-medium\">chez Amazon<\/span><br \/>\n                    <\/span>\n            <\/div>\n<div class=\"flex items-center justify-center gap-x-1 font-bold md:justify-start\">\n            <span class=\"text-sm line-through\">249,99\u00a0$<\/span><br \/>\n            <span class=\"text-sm text-brand-green\">\u00c9conomisez 110,00\u00a0$<\/span>\n        <\/div>\n<\/p><\/div>\n<\/p><\/div>\n<\/p><\/div>\n<div class=\"w-44 self-end\">\n                            <button class=\"flex justify-center items-center w-full bg-brand-green text-white text-base font-sans font-medium rounded-md hover:bg-brand-green-700 hover:cursor-pointer md:text-sm h-11\"><\/p>\n<p>    Obtenez une offre<br \/>\n<\/button>\n                        <\/div>\n<\/p><\/div>\n<\/p><\/div>\n<div class=\"order-2 mt-5 h-auto w-full md:order-1 md:mt-0 md:hidden\">\n<div class=\"flex aspect-video items-center justify-center\">\n                                            <img decoding=\"async\" class=\"m-0 max-h-full max-w-full rounded-md\" src=\"https:\/\/vieassociative.be\/actualites\/wp-content\/uploads\/2026\/01\/Ce-robot-aspirateur-Roborock-dentree-de-gamme-est-a-44.jpg\" alt=\"Robot aspirateur et vadrouille Roborock Q7 L5\" width=\"auto\" height=\"auto\" loading=\"lazy\">\n                                    <\/div>\n<\/p><\/div>\n<div class=\"order-2 ml-2 hidden w-32 shrink-0 items-center md:order-1 md:ml-0 md:flex\">\n<div class=\"flex aspect-video items-center justify-center\">\n                                            <img decoding=\"async\" class=\"m-0 max-h-full max-w-full rounded-md\" src=\"https:\/\/vieassociative.be\/actualites\/wp-content\/uploads\/2026\/01\/Ce-robot-aspirateur-Roborock-dentree-de-gamme-est-a-44.jpg\" alt=\"Robot aspirateur et vadrouille Roborock Q7 L5\" width=\"auto\" height=\"auto\" loading=\"lazy\">\n                                    <\/div>\n<\/p><\/div>\n<div class=\"order-3 flex grow flex-wrap md:hidden md:grow-0\">\n<div class=\"mt-4 w-full\">\n                        <button class=\"flex justify-center items-center w-full bg-brand-green text-white text-base font-sans font-medium rounded-md hover:bg-brand-green-700 hover:cursor-pointer md:text-sm h-11\"><\/p>\n<p>    Obtenez une offre<br \/>\n<\/button>\n                    <\/div>\n<div class=\"mx-2 mt-4 w-full\">\n<div class=\" font-sans leading-4 text-black\">\n<div class=\"flex flex-wrap items-center justify-center gap-1 md:justify-start\">\n        <span class=\"font-bold\"><\/p>\n<p>            139,99\u00a0$<br \/>\n                            <span class=\"font-medium\">chez Amazon<\/span><br \/>\n                    <\/span>\n            <\/div>\n<div class=\"flex items-center justify-center gap-x-1 font-bold md:justify-start\">\n            <span class=\"text-sm line-through\">249,99\u00a0$<\/span><br \/>\n            <span class=\"text-sm text-brand-green\">\u00c9conomisez 110,00\u00a0$<\/span>\n        <\/div>\n<\/p><\/div>\n<\/p><\/div>\n<\/p><\/div>\n<\/p><\/div>\n<\/div>\n<p>Le Q7 L5 dispose d&rsquo;une aspiration HyperForce de 8 000 Pa (\u00e9tonnamment puissante pour ce prix), de plusieurs brosses anti-enchev\u00eatrement, d&rsquo;une navigation LiDAR et d&rsquo;une cartographie multi-\u00e9tages. Il dispose \u00e9galement d\u2019une fonction de nettoyage, ce qui est rare \u00e0 un prix inf\u00e9rieur \u00e0 150\u00a0$\u00a0; le r\u00e9servoir d&rsquo;eau de 270 ml permet \u00e0 l&rsquo;appareil d&rsquo;aspirer et de nettoyer simultan\u00e9ment. Certaines critiques notent \u00e9galement que la fonction de nettoyage peut laisser les sols l\u00e9g\u00e8rement humides, ce qu&rsquo;il faut garder \u00e0 l&rsquo;esprit pour les personnes ayant des sols d\u00e9licats.<\/p>\n<p>Comme les mod\u00e8les plus chers, vous pouvez personnaliser les zones, les programmes et les niveaux d&rsquo;aspiration via l&rsquo;application Roborock, mais il convient de noter que cet aspirateur ne prend en charge que le Wi-Fi 2,4 GHz. Le double syst\u00e8me anti-enchev\u00eatrement est particuli\u00e8rement attrayant pour les propri\u00e9taires d&rsquo;animaux, et la navigation se d\u00e9roule de mani\u00e8re fluide et efficace en \u00e9vitant les obstacles, ainsi qu&rsquo;en sugg\u00e9rant des zones interdites pour \u00e9viter de rester coinc\u00e9. Compar\u00e9 aux hybrides de vadrouille et d&rsquo;aspirateur plus riches en fonctionnalit\u00e9s, la station d&rsquo;accueil sur la base est compacte et dispose d&rsquo;un r\u00e9servoir d&rsquo;eau et d&rsquo;une poubelle en tant que partie int\u00e9gr\u00e9e unique dans la machine, ce qui en fait un bon choix pour les personnes ayant des maisons plus petites.<\/p>\n<p>Bien qu&rsquo;il ne dispose pas des fonctionnalit\u00e9s d&rsquo;automatisation des mod\u00e8les plus chers, pour 139,99 $, il effectuera efficacement la plupart des t\u00e2ches de nettoyage quotidiennes. Si vous achetez un robot aspirateur pour la premi\u00e8re fois ou si vous avez un budget sp\u00e9cifique et que vous recherchez un robot aspirateur pour vous aider \u00e0 automatiser vos s\u00e9ances de nettoyage, le robot aspirateur et vadrouille Roborock Q7 L5<strong> <\/strong>vous donnera une forte valeur sans vous ruiner.<\/p>\n<div class=\" relative flex justify-center py-16 md:left-1\/2 md:w-(780px) md:max-w-max md:-translate-x-1\/2\">\n<div class=\"w-max text-center sm:text-left\">\n<div class=\"custom-gradient-background mb-6 rounded-md p-(2px) sm:rounded-tl-none\">\n<div class=\"flex flex-col rounded bg-white sm:rounded-tl-none\">\n                    <span class=\"-mt-4 block w-fit max-w-(calc(100%-1rem)) self-center bg-white px-3 text-center font-akshar text-xl font-medium capitalize text-gray-800 sm:max-w-(calc(100%-2.5rem)) sm:self-start sm:px-10 sm:text-left sm:text-2xl\">Nos meilleures offres technologiques approuv\u00e9es par les \u00e9diteurs en ce moment<\/span><\/p>\n<div class=\"flex flex-col gap-3 p-3 pb-4 text-sm sm:p-10 sm:pt-6 sm:text-justify sm:text-base\">\n<div>\n<p>    \u00c9couteurs sans fil Apple AirPods Pro 3 \u00e0 r\u00e9duction de bruit et fr\u00e9quence cardiaque<\/p>\n<p>                                <span class=\"text-black\"><br \/>\n                                    \u2014<br \/>\n                                    <span class=\"font-bold\">199,00\u00a0$<\/span><br \/>\n                                    <span class=\"!text-xs italic sm:!text-sm\"><\/p>\n<p>                                        (Prix catalogue 249,00 $)<br \/>\n                                    <\/span><br \/>\n                                <\/span>\n                            <\/div>\n<div>\n<p>    Montre intelligente Apple Watch Series 11 (GPS 46 mm) avec bo\u00eetier en aluminium noir de jais et bracelet sport noir &#8211; M\/L. Score de sommeil, tracker d&rsquo;activit\u00e9, surveillance de la sant\u00e9, affichage permanent, r\u00e9sistant \u00e0 l&rsquo;eau<\/p>\n<p>                                <span class=\"text-black\"><br \/>\n                                    \u2014<br \/>\n                                    <span class=\"font-bold\">399,00\u00a0$<\/span><br \/>\n                                    <span class=\"!text-xs italic sm:!text-sm\"><\/p>\n<p>                                        (Prix catalogue 429,00 $)<br \/>\n                                    <\/span><br \/>\n                                <\/span>\n                            <\/div>\n<div>\n<p>    Cl\u00e9 Amazon Fire TV 4K Plus<\/p>\n<p>                                <span class=\"text-black\"><br \/>\n                                    \u2014<br \/>\n                                    <span class=\"font-bold\"><\/span><br \/>\n                                    <span class=\"!text-xs italic sm:!text-sm\"><\/p>\n<p>                                        (Prix catalogue 24,99 $ avec le code \u00ab FTV4K25 \u00bb)<br \/>\n                                    <\/span><br \/>\n                                <\/span>\n                            <\/div>\n<div>\n<p>    Tablette Samsung Galaxy Tab A9+ 64 Go Wi-Fi 11&Prime; (argent)<\/p>\n<p>                                <span class=\"text-black\"><br \/>\n                                    \u2014<br \/>\n                                    <span class=\"font-bold\">159,99\u00a0$<\/span><br \/>\n                                    <span class=\"!text-xs italic sm:!text-sm\"><\/p>\n<p>                                        (Prix catalogue 219,99 $)<br \/>\n                                    <\/span><br \/>\n                                <\/span>\n                            <\/div>\n<\/p><\/div>\n<\/p><\/div>\n<\/p><\/div>\n<div class=\"flex flex-col items-center justify-between text-black sm:flex-row sm:px-6\">\n                <span class=\"text-xs italic sm:ml-7 sm:text-sm\">Les offres sont s\u00e9lectionn\u00e9es par notre \u00e9quipe commerciale<\/span><\/p><\/div>\n<\/p><\/div>\n<\/p><\/div>\n","protected":false},"excerpt":{"rendered":"<p>Nous pouvons gagner une commission sur les liens sur cette page. Les prix et la disponibilit\u00e9 de l&rsquo;offre sont sujets \u00e0 changement apr\u00e8s la publication.<\/p>\n","protected":false},"author":1,"featured_media":12429,"comment_status":"","ping_status":"","sticky":false,"template":"","format":"standard","meta":{"footnotes":""},"categories":[13],"tags":[306,1489,76,1490,1429,308,2565,1385],"class_list":["post-12428","post","type-post","status-publish","format-standard","has-post-thumbnail","hentry","category-technologie","tag-aspirateur","tag-dentree","tag-est","tag-gamme","tag-moment","tag-reduction","tag-roborock","tag-robot","generate-columns","tablet-grid-50","mobile-grid-100","grid-parent","grid-33"],"yoast_head":"<!-- This site is optimized with the Yoast SEO plugin v24.0 - https:\/\/yoast.com\/wordpress\/plugins\/seo\/ -->\n<title>Ce robot aspirateur Roborock d&#039;entr\u00e9e de gamme est \u00e0 44 % de r\u00e9duction en ce moment | Vie Associative<\/title>\n<meta name=\"robots\" content=\"index, follow, max-snippet:-1, max-image-preview:large, max-video-preview:-1\" \/>\n<link rel=\"canonical\" href=\"https:\/\/vieassociative.be\/actualites\/ce-robot-aspirateur-roborock-dentree-de-gamme-est-a-44-de-reduction-en-ce-moment\/\" \/>\n<meta property=\"og:locale\" content=\"fr_FR\" \/>\n<meta property=\"og:type\" content=\"article\" \/>\n<meta property=\"og:title\" content=\"Ce robot aspirateur Roborock d&#039;entr\u00e9e de gamme est \u00e0 44 % de r\u00e9duction en ce moment | Vie Associative\" \/>\n<meta property=\"og:description\" content=\"Nous pouvons gagner une commission sur les liens sur cette page. Les prix et la disponibilit\u00e9 de l&rsquo;offre sont sujets \u00e0 changement apr\u00e8s la publication.\" \/>\n<meta property=\"og:url\" content=\"https:\/\/vieassociative.be\/actualites\/ce-robot-aspirateur-roborock-dentree-de-gamme-est-a-44-de-reduction-en-ce-moment\/\" \/>\n<meta property=\"og:site_name\" content=\"Vie Associative\" \/>\n<meta property=\"article:published_time\" content=\"2026-01-30T23:17:27+00:00\" \/>\n<meta property=\"og:image\" content=\"https:\/\/vieassociative.be\/actualites\/wp-content\/uploads\/2026\/01\/Ce-robot-aspirateur-Roborock-dentree-de-gamme-est-a-44.jpg\" \/>\n<meta name=\"author\" content=\"Julien\" \/>\n<meta name=\"twitter:card\" content=\"summary_large_image\" \/>\n<meta name=\"twitter:label1\" content=\"\u00c9crit par\" \/>\n\t<meta name=\"twitter:data1\" content=\"Julien\" \/>\n\t<meta name=\"twitter:label2\" content=\"Dur\u00e9e de lecture est.\" \/>\n\t<meta name=\"twitter:data2\" content=\"3 minutes\" \/>\n<script type=\"application\/ld+json\" class=\"yoast-schema-graph\">{\"@context\":\"https:\/\/schema.org\",\"@graph\":[{\"@type\":\"Article\",\"@id\":\"https:\/\/vieassociative.be\/actualites\/ce-robot-aspirateur-roborock-dentree-de-gamme-est-a-44-de-reduction-en-ce-moment\/#article\",\"isPartOf\":{\"@id\":\"https:\/\/vieassociative.be\/actualites\/ce-robot-aspirateur-roborock-dentree-de-gamme-est-a-44-de-reduction-en-ce-moment\/\"},\"author\":{\"name\":\"Julien\",\"@id\":\"https:\/\/vieassociative.be\/actualites\/#\/schema\/person\/b87ac4f82f9d4e7b7cec7395b679edc4\"},\"headline\":\"Ce robot aspirateur Roborock d&rsquo;entr\u00e9e de gamme est \u00e0 44 % de r\u00e9duction en ce moment\",\"datePublished\":\"2026-01-30T23:17:27+00:00\",\"dateModified\":\"2026-01-30T23:17:27+00:00\",\"mainEntityOfPage\":{\"@id\":\"https:\/\/vieassociative.be\/actualites\/ce-robot-aspirateur-roborock-dentree-de-gamme-est-a-44-de-reduction-en-ce-moment\/\"},\"wordCount\":572,\"publisher\":{\"@id\":\"https:\/\/vieassociative.be\/actualites\/#organization\"},\"image\":{\"@id\":\"https:\/\/vieassociative.be\/actualites\/ce-robot-aspirateur-roborock-dentree-de-gamme-est-a-44-de-reduction-en-ce-moment\/#primaryimage\"},\"thumbnailUrl\":\"https:\/\/vieassociative.be\/actualites\/wp-content\/uploads\/2026\/01\/Ce-robot-aspirateur-Roborock-dentree-de-gamme-est-a-44.png\",\"keywords\":[\"aspirateur\",\"dentr\u00e9e\",\"est\",\"gamme\",\"moment\",\"r\u00e9duction\",\"Roborock\",\"robot\"],\"articleSection\":[\"Technologie\"],\"inLanguage\":\"fr-BE\"},{\"@type\":\"WebPage\",\"@id\":\"https:\/\/vieassociative.be\/actualites\/ce-robot-aspirateur-roborock-dentree-de-gamme-est-a-44-de-reduction-en-ce-moment\/\",\"url\":\"https:\/\/vieassociative.be\/actualites\/ce-robot-aspirateur-roborock-dentree-de-gamme-est-a-44-de-reduction-en-ce-moment\/\",\"name\":\"Ce robot aspirateur Roborock d'entr\u00e9e de gamme est \u00e0 44 % de r\u00e9duction en ce moment | Vie Associative\",\"isPartOf\":{\"@id\":\"https:\/\/vieassociative.be\/actualites\/#website\"},\"primaryImageOfPage\":{\"@id\":\"https:\/\/vieassociative.be\/actualites\/ce-robot-aspirateur-roborock-dentree-de-gamme-est-a-44-de-reduction-en-ce-moment\/#primaryimage\"},\"image\":{\"@id\":\"https:\/\/vieassociative.be\/actualites\/ce-robot-aspirateur-roborock-dentree-de-gamme-est-a-44-de-reduction-en-ce-moment\/#primaryimage\"},\"thumbnailUrl\":\"https:\/\/vieassociative.be\/actualites\/wp-content\/uploads\/2026\/01\/Ce-robot-aspirateur-Roborock-dentree-de-gamme-est-a-44.png\",\"datePublished\":\"2026-01-30T23:17:27+00:00\",\"dateModified\":\"2026-01-30T23:17:27+00:00\",\"breadcrumb\":{\"@id\":\"https:\/\/vieassociative.be\/actualites\/ce-robot-aspirateur-roborock-dentree-de-gamme-est-a-44-de-reduction-en-ce-moment\/#breadcrumb\"},\"inLanguage\":\"fr-BE\",\"potentialAction\":[{\"@type\":\"ReadAction\",\"target\":[\"https:\/\/vieassociative.be\/actualites\/ce-robot-aspirateur-roborock-dentree-de-gamme-est-a-44-de-reduction-en-ce-moment\/\"]}]},{\"@type\":\"ImageObject\",\"inLanguage\":\"fr-BE\",\"@id\":\"https:\/\/vieassociative.be\/actualites\/ce-robot-aspirateur-roborock-dentree-de-gamme-est-a-44-de-reduction-en-ce-moment\/#primaryimage\",\"url\":\"https:\/\/vieassociative.be\/actualites\/wp-content\/uploads\/2026\/01\/Ce-robot-aspirateur-Roborock-dentree-de-gamme-est-a-44.png\",\"contentUrl\":\"https:\/\/vieassociative.be\/actualites\/wp-content\/uploads\/2026\/01\/Ce-robot-aspirateur-Roborock-dentree-de-gamme-est-a-44.png\",\"width\":1200,\"height\":675,\"caption\":\"Ce robot aspirateur Roborock d'entr\u00e9e de gamme est \u00e0 44 % de r\u00e9duction en ce moment\"},{\"@type\":\"BreadcrumbList\",\"@id\":\"https:\/\/vieassociative.be\/actualites\/ce-robot-aspirateur-roborock-dentree-de-gamme-est-a-44-de-reduction-en-ce-moment\/#breadcrumb\",\"itemListElement\":[{\"@type\":\"ListItem\",\"position\":1,\"name\":\"Accueil\",\"item\":\"https:\/\/vieassociative.be\/actualites\/\"},{\"@type\":\"ListItem\",\"position\":2,\"name\":\"Ce robot aspirateur Roborock d&rsquo;entr\u00e9e de gamme est \u00e0 44 % de r\u00e9duction en ce moment\"}]},{\"@type\":\"WebSite\",\"@id\":\"https:\/\/vieassociative.be\/actualites\/#website\",\"url\":\"https:\/\/vieassociative.be\/actualites\/\",\"name\":\"Vie Associative\",\"description\":\"\",\"publisher\":{\"@id\":\"https:\/\/vieassociative.be\/actualites\/#organization\"},\"potentialAction\":[{\"@type\":\"SearchAction\",\"target\":{\"@type\":\"EntryPoint\",\"urlTemplate\":\"https:\/\/vieassociative.be\/actualites\/?s={search_term_string}\"},\"query-input\":{\"@type\":\"PropertyValueSpecification\",\"valueRequired\":true,\"valueName\":\"search_term_string\"}}],\"inLanguage\":\"fr-BE\"},{\"@type\":\"Organization\",\"@id\":\"https:\/\/vieassociative.be\/actualites\/#organization\",\"name\":\"Vie Associative\",\"url\":\"https:\/\/vieassociative.be\/actualites\/\",\"logo\":{\"@type\":\"ImageObject\",\"inLanguage\":\"fr-BE\",\"@id\":\"https:\/\/vieassociative.be\/actualites\/#\/schema\/logo\/image\/\",\"url\":\"https:\/\/vieassociative.be\/actualites\/wp-content\/uploads\/2024\/09\/cropped-vieassociative_favicon.ico.png\",\"contentUrl\":\"https:\/\/vieassociative.be\/actualites\/wp-content\/uploads\/2024\/09\/cropped-vieassociative_favicon.ico.png\",\"width\":512,\"height\":512,\"caption\":\"Vie Associative\"},\"image\":{\"@id\":\"https:\/\/vieassociative.be\/actualites\/#\/schema\/logo\/image\/\"}},{\"@type\":\"Person\",\"@id\":\"https:\/\/vieassociative.be\/actualites\/#\/schema\/person\/b87ac4f82f9d4e7b7cec7395b679edc4\",\"name\":\"Julien\",\"image\":{\"@type\":\"ImageObject\",\"inLanguage\":\"fr-BE\",\"@id\":\"https:\/\/vieassociative.be\/actualites\/#\/schema\/person\/image\/\",\"url\":\"https:\/\/vieassociative.be\/actualites\/wp-content\/uploads\/2024\/09\/vie-associative-1-150x150.jpg\",\"contentUrl\":\"https:\/\/vieassociative.be\/actualites\/wp-content\/uploads\/2024\/09\/vie-associative-1-150x150.jpg\",\"caption\":\"Julien\"},\"description\":\"Je suis Julien, r\u00e9dacteur pour Vie Associative. Passionn\u00e9 par le monde associatif depuis plus de 10 ans, j'ai \u00e0 c\u0153ur de partager des histoires inspirantes et de mettre en lumi\u00e8re les initiatives locales. Mon objectif est de sensibiliser et d'encourager l'engagement communautaire \u00e0 travers mes articles.\",\"sameAs\":[\"https:\/\/vieassociative.be\/\"]}]}<\/script>\n<!-- \/ Yoast SEO plugin. -->","yoast_head_json":{"title":"Ce robot aspirateur Roborock d'entr\u00e9e de gamme est \u00e0 44 % de r\u00e9duction en ce moment | Vie Associative","robots":{"index":"index","follow":"follow","max-snippet":"max-snippet:-1","max-image-preview":"max-image-preview:large","max-video-preview":"max-video-preview:-1"},"canonical":"https:\/\/vieassociative.be\/actualites\/ce-robot-aspirateur-roborock-dentree-de-gamme-est-a-44-de-reduction-en-ce-moment\/","og_locale":"fr_FR","og_type":"article","og_title":"Ce robot aspirateur Roborock d'entr\u00e9e de gamme est \u00e0 44 % de r\u00e9duction en ce moment | Vie Associative","og_description":"Nous pouvons gagner une commission sur les liens sur cette page. Les prix et la disponibilit\u00e9 de l&rsquo;offre sont sujets \u00e0 changement apr\u00e8s la publication.","og_url":"https:\/\/vieassociative.be\/actualites\/ce-robot-aspirateur-roborock-dentree-de-gamme-est-a-44-de-reduction-en-ce-moment\/","og_site_name":"Vie Associative","article_published_time":"2026-01-30T23:17:27+00:00","og_image":[{"url":"https:\/\/vieassociative.be\/actualites\/wp-content\/uploads\/2026\/01\/Ce-robot-aspirateur-Roborock-dentree-de-gamme-est-a-44.jpg","type":"","width":"","height":""}],"author":"Julien","twitter_card":"summary_large_image","twitter_misc":{"\u00c9crit par":"Julien","Dur\u00e9e de lecture est.":"3 minutes"},"schema":{"@context":"https:\/\/schema.org","@graph":[{"@type":"Article","@id":"https:\/\/vieassociative.be\/actualites\/ce-robot-aspirateur-roborock-dentree-de-gamme-est-a-44-de-reduction-en-ce-moment\/#article","isPartOf":{"@id":"https:\/\/vieassociative.be\/actualites\/ce-robot-aspirateur-roborock-dentree-de-gamme-est-a-44-de-reduction-en-ce-moment\/"},"author":{"name":"Julien","@id":"https:\/\/vieassociative.be\/actualites\/#\/schema\/person\/b87ac4f82f9d4e7b7cec7395b679edc4"},"headline":"Ce robot aspirateur Roborock d&rsquo;entr\u00e9e de gamme est \u00e0 44 % de r\u00e9duction en ce moment","datePublished":"2026-01-30T23:17:27+00:00","dateModified":"2026-01-30T23:17:27+00:00","mainEntityOfPage":{"@id":"https:\/\/vieassociative.be\/actualites\/ce-robot-aspirateur-roborock-dentree-de-gamme-est-a-44-de-reduction-en-ce-moment\/"},"wordCount":572,"publisher":{"@id":"https:\/\/vieassociative.be\/actualites\/#organization"},"image":{"@id":"https:\/\/vieassociative.be\/actualites\/ce-robot-aspirateur-roborock-dentree-de-gamme-est-a-44-de-reduction-en-ce-moment\/#primaryimage"},"thumbnailUrl":"https:\/\/vieassociative.be\/actualites\/wp-content\/uploads\/2026\/01\/Ce-robot-aspirateur-Roborock-dentree-de-gamme-est-a-44.png","keywords":["aspirateur","dentr\u00e9e","est","gamme","moment","r\u00e9duction","Roborock","robot"],"articleSection":["Technologie"],"inLanguage":"fr-BE"},{"@type":"WebPage","@id":"https:\/\/vieassociative.be\/actualites\/ce-robot-aspirateur-roborock-dentree-de-gamme-est-a-44-de-reduction-en-ce-moment\/","url":"https:\/\/vieassociative.be\/actualites\/ce-robot-aspirateur-roborock-dentree-de-gamme-est-a-44-de-reduction-en-ce-moment\/","name":"Ce robot aspirateur Roborock d'entr\u00e9e de gamme est \u00e0 44 % de r\u00e9duction en ce moment | Vie Associative","isPartOf":{"@id":"https:\/\/vieassociative.be\/actualites\/#website"},"primaryImageOfPage":{"@id":"https:\/\/vieassociative.be\/actualites\/ce-robot-aspirateur-roborock-dentree-de-gamme-est-a-44-de-reduction-en-ce-moment\/#primaryimage"},"image":{"@id":"https:\/\/vieassociative.be\/actualites\/ce-robot-aspirateur-roborock-dentree-de-gamme-est-a-44-de-reduction-en-ce-moment\/#primaryimage"},"thumbnailUrl":"https:\/\/vieassociative.be\/actualites\/wp-content\/uploads\/2026\/01\/Ce-robot-aspirateur-Roborock-dentree-de-gamme-est-a-44.png","datePublished":"2026-01-30T23:17:27+00:00","dateModified":"2026-01-30T23:17:27+00:00","breadcrumb":{"@id":"https:\/\/vieassociative.be\/actualites\/ce-robot-aspirateur-roborock-dentree-de-gamme-est-a-44-de-reduction-en-ce-moment\/#breadcrumb"},"inLanguage":"fr-BE","potentialAction":[{"@type":"ReadAction","target":["https:\/\/vieassociative.be\/actualites\/ce-robot-aspirateur-roborock-dentree-de-gamme-est-a-44-de-reduction-en-ce-moment\/"]}]},{"@type":"ImageObject","inLanguage":"fr-BE","@id":"https:\/\/vieassociative.be\/actualites\/ce-robot-aspirateur-roborock-dentree-de-gamme-est-a-44-de-reduction-en-ce-moment\/#primaryimage","url":"https:\/\/vieassociative.be\/actualites\/wp-content\/uploads\/2026\/01\/Ce-robot-aspirateur-Roborock-dentree-de-gamme-est-a-44.png","contentUrl":"https:\/\/vieassociative.be\/actualites\/wp-content\/uploads\/2026\/01\/Ce-robot-aspirateur-Roborock-dentree-de-gamme-est-a-44.png","width":1200,"height":675,"caption":"Ce robot aspirateur Roborock d'entr\u00e9e de gamme est \u00e0 44 % de r\u00e9duction en ce moment"},{"@type":"BreadcrumbList","@id":"https:\/\/vieassociative.be\/actualites\/ce-robot-aspirateur-roborock-dentree-de-gamme-est-a-44-de-reduction-en-ce-moment\/#breadcrumb","itemListElement":[{"@type":"ListItem","position":1,"name":"Accueil","item":"https:\/\/vieassociative.be\/actualites\/"},{"@type":"ListItem","position":2,"name":"Ce robot aspirateur Roborock d&rsquo;entr\u00e9e de gamme est \u00e0 44 % de r\u00e9duction en ce moment"}]},{"@type":"WebSite","@id":"https:\/\/vieassociative.be\/actualites\/#website","url":"https:\/\/vieassociative.be\/actualites\/","name":"Vie Associative","description":"","publisher":{"@id":"https:\/\/vieassociative.be\/actualites\/#organization"},"potentialAction":[{"@type":"SearchAction","target":{"@type":"EntryPoint","urlTemplate":"https:\/\/vieassociative.be\/actualites\/?s={search_term_string}"},"query-input":{"@type":"PropertyValueSpecification","valueRequired":true,"valueName":"search_term_string"}}],"inLanguage":"fr-BE"},{"@type":"Organization","@id":"https:\/\/vieassociative.be\/actualites\/#organization","name":"Vie Associative","url":"https:\/\/vieassociative.be\/actualites\/","logo":{"@type":"ImageObject","inLanguage":"fr-BE","@id":"https:\/\/vieassociative.be\/actualites\/#\/schema\/logo\/image\/","url":"https:\/\/vieassociative.be\/actualites\/wp-content\/uploads\/2024\/09\/cropped-vieassociative_favicon.ico.png","contentUrl":"https:\/\/vieassociative.be\/actualites\/wp-content\/uploads\/2024\/09\/cropped-vieassociative_favicon.ico.png","width":512,"height":512,"caption":"Vie Associative"},"image":{"@id":"https:\/\/vieassociative.be\/actualites\/#\/schema\/logo\/image\/"}},{"@type":"Person","@id":"https:\/\/vieassociative.be\/actualites\/#\/schema\/person\/b87ac4f82f9d4e7b7cec7395b679edc4","name":"Julien","image":{"@type":"ImageObject","inLanguage":"fr-BE","@id":"https:\/\/vieassociative.be\/actualites\/#\/schema\/person\/image\/","url":"https:\/\/vieassociative.be\/actualites\/wp-content\/uploads\/2024\/09\/vie-associative-1-150x150.jpg","contentUrl":"https:\/\/vieassociative.be\/actualites\/wp-content\/uploads\/2024\/09\/vie-associative-1-150x150.jpg","caption":"Julien"},"description":"Je suis Julien, r\u00e9dacteur pour Vie Associative. Passionn\u00e9 par le monde associatif depuis plus de 10 ans, j'ai \u00e0 c\u0153ur de partager des histoires inspirantes et de mettre en lumi\u00e8re les initiatives locales. Mon objectif est de sensibiliser et d'encourager l'engagement communautaire \u00e0 travers mes articles.","sameAs":["https:\/\/vieassociative.be\/"]}]}},"_links":{"self":[{"href":"https:\/\/vieassociative.be\/actualites\/wp-json\/wp\/v2\/posts\/12428"}],"collection":[{"href":"https:\/\/vieassociative.be\/actualites\/wp-json\/wp\/v2\/posts"}],"about":[{"href":"https:\/\/vieassociative.be\/actualites\/wp-json\/wp\/v2\/types\/post"}],"author":[{"embeddable":true,"href":"https:\/\/vieassociative.be\/actualites\/wp-json\/wp\/v2\/users\/1"}],"replies":[{"embeddable":true,"href":"https:\/\/vieassociative.be\/actualites\/wp-json\/wp\/v2\/comments?post=12428"}],"version-history":[{"count":0,"href":"https:\/\/vieassociative.be\/actualites\/wp-json\/wp\/v2\/posts\/12428\/revisions"}],"wp:featuredmedia":[{"embeddable":true,"href":"https:\/\/vieassociative.be\/actualites\/wp-json\/wp\/v2\/media\/12429"}],"wp:attachment":[{"href":"https:\/\/vieassociative.be\/actualites\/wp-json\/wp\/v2\/media?parent=12428"}],"wp:term":[{"taxonomy":"category","embeddable":true,"href":"https:\/\/vieassociative.be\/actualites\/wp-json\/wp\/v2\/categories?post=12428"},{"taxonomy":"post_tag","embeddable":true,"href":"https:\/\/vieassociative.be\/actualites\/wp-json\/wp\/v2\/tags?post=12428"}],"curies":[{"name":"wp","href":"https:\/\/api.w.org\/{rel}","templated":true}]}}