{"id":12426,"date":"2026-01-30T19:17:36","date_gmt":"2026-01-30T18:17:36","guid":{"rendered":"https:\/\/vieassociative.be\/actualites\/djokovic-detrone-sinner-il-possede-desormais-son-25e-titre-du-grand-chelem\/"},"modified":"2026-01-30T19:17:36","modified_gmt":"2026-01-30T18:17:36","slug":"djokovic-detrone-sinner-il-possede-desormais-son-25e-titre-du-grand-chelem","status":"publish","type":"post","link":"https:\/\/vieassociative.be\/actualites\/djokovic-detrone-sinner-il-possede-desormais-son-25e-titre-du-grand-chelem\/","title":{"rendered":"Djokovic d\u00e9tr\u00f4ne Sinner \u2013 il poss\u00e8de d\u00e9sormais son 25e titre du Grand Chelem"},"content":{"rendered":"<p><strong>Novak Djokovic n&rsquo;est qu&rsquo;\u00e0 une victoire de son 25e titre du Grand Chelem. Le Serbe de 38 ans a remport\u00e9 l&rsquo;Open d&rsquo;Australie en demi-finale contre le tenant du titre Jannik Sinner d&rsquo;Italie 3:6, 6:3, 4:6, 6:4, 6:4 et est maintenant sur le point de remporter son onzi\u00e8me triomphe \u00e0 Melbourne.<\/strong><\/p>\n<p><span id=\"more-434989\"><\/span>En finale, Djokovic, \u00e9limin\u00e9 en demi-finale des quatre tournois du Grand Chelem l&rsquo;ann\u00e9e derni\u00e8re, affrontera le num\u00e9ro un mondial Carlos Alcaraz. L&rsquo;Espagnol a battu l&rsquo;Allemand Alexander Zverev 6:4, 7:6 (7:5), 6:7 (3:7), 6:7 (4:7), 7:5 dans un duel \u00e9pique lors de la premi\u00e8re demi-finale en 5:27 heures, bien qu&rsquo;il ait souffert de crampes d\u00e8s la fin du troisi\u00e8me set.<\/p>\n<p>Djokovic, qui s&rsquo;\u00e9tait qualifi\u00e9 sans combat en huiti\u00e8mes de finale et avait b\u00e9n\u00e9fici\u00e9 de l&rsquo;abandon sur blessure de l&rsquo;Italien Lorenzo Musetti en quarts de finale, a converti sa troisi\u00e8me balle de match contre Sinner apr\u00e8s 4h09. Si le num\u00e9ro un mondial du tennis de longue date remportait la finale dimanche, il aurait enfin un titre du Grand Chelem de plus que l&rsquo;Australienne Margaret Court. (dpa)<\/p>\n","protected":false},"excerpt":{"rendered":"<p>Novak Djokovic n&rsquo;est qu&rsquo;\u00e0 une victoire de son 25e titre du Grand Chelem. Le Serbe de 38 ans a remport\u00e9 l&rsquo;Open d&rsquo;Australie en demi-finale contre<\/p>\n","protected":false},"author":1,"featured_media":12427,"comment_status":"","ping_status":"","sticky":false,"template":"","format":"standard","meta":{"footnotes":""},"categories":[298],"tags":[9893,4968,6,9892,9891,1119,7696,4965,800,2504],"class_list":["post-12426","post","type-post","status-publish","format-standard","has-post-thumbnail","hentry","category-belgique","tag-25e","tag-chelem","tag-desormais","tag-detrone","tag-djokovic","tag-grand","tag-possede","tag-sinner","tag-son","tag-titre","generate-columns","tablet-grid-50","mobile-grid-100","grid-parent","grid-33"],"yoast_head":"<!-- This site is optimized with the Yoast SEO plugin v24.0 - https:\/\/yoast.com\/wordpress\/plugins\/seo\/ -->\n<title>Djokovic d\u00e9tr\u00f4ne Sinner \u2013 il poss\u00e8de d\u00e9sormais son 25e titre du Grand Chelem | Vie Associative<\/title>\n<meta name=\"robots\" content=\"index, follow, max-snippet:-1, max-image-preview:large, max-video-preview:-1\" \/>\n<link rel=\"canonical\" href=\"https:\/\/vieassociative.be\/actualites\/djokovic-detrone-sinner-il-possede-desormais-son-25e-titre-du-grand-chelem\/\" \/>\n<meta property=\"og:locale\" content=\"fr_FR\" \/>\n<meta property=\"og:type\" content=\"article\" \/>\n<meta property=\"og:title\" content=\"Djokovic d\u00e9tr\u00f4ne Sinner \u2013 il poss\u00e8de d\u00e9sormais son 25e titre du Grand Chelem | Vie Associative\" \/>\n<meta property=\"og:description\" content=\"Novak Djokovic n&rsquo;est qu&rsquo;\u00e0 une victoire de son 25e titre du Grand Chelem. Le Serbe de 38 ans a remport\u00e9 l&rsquo;Open d&rsquo;Australie en demi-finale contre\" \/>\n<meta property=\"og:url\" content=\"https:\/\/vieassociative.be\/actualites\/djokovic-detrone-sinner-il-possede-desormais-son-25e-titre-du-grand-chelem\/\" \/>\n<meta property=\"og:site_name\" content=\"Vie Associative\" \/>\n<meta property=\"article:published_time\" content=\"2026-01-30T18:17:36+00:00\" \/>\n<meta property=\"og:image\" content=\"https:\/\/vieassociative.be\/actualites\/wp-content\/uploads\/2024\/09\/header_backgroundk-01-e1726694325946.png\" \/>\n\t<meta property=\"og:image:width\" content=\"279\" \/>\n\t<meta property=\"og:image:height\" content=\"92\" \/>\n\t<meta property=\"og:image:type\" content=\"image\/png\" \/>\n<meta name=\"author\" content=\"Julien\" \/>\n<meta name=\"twitter:card\" content=\"summary_large_image\" \/>\n<meta name=\"twitter:label1\" content=\"\u00c9crit par\" \/>\n\t<meta name=\"twitter:data1\" content=\"Julien\" \/>\n\t<meta name=\"twitter:label2\" content=\"Dur\u00e9e de lecture est.\" \/>\n\t<meta name=\"twitter:data2\" content=\"1 minute\" \/>\n<script type=\"application\/ld+json\" class=\"yoast-schema-graph\">{\"@context\":\"https:\/\/schema.org\",\"@graph\":[{\"@type\":\"Article\",\"@id\":\"https:\/\/vieassociative.be\/actualites\/djokovic-detrone-sinner-il-possede-desormais-son-25e-titre-du-grand-chelem\/#article\",\"isPartOf\":{\"@id\":\"https:\/\/vieassociative.be\/actualites\/djokovic-detrone-sinner-il-possede-desormais-son-25e-titre-du-grand-chelem\/\"},\"author\":{\"name\":\"Julien\",\"@id\":\"https:\/\/vieassociative.be\/actualites\/#\/schema\/person\/b87ac4f82f9d4e7b7cec7395b679edc4\"},\"headline\":\"Djokovic d\u00e9tr\u00f4ne Sinner \u2013 il poss\u00e8de d\u00e9sormais son 25e titre du Grand Chelem\",\"datePublished\":\"2026-01-30T18:17:36+00:00\",\"dateModified\":\"2026-01-30T18:17:36+00:00\",\"mainEntityOfPage\":{\"@id\":\"https:\/\/vieassociative.be\/actualites\/djokovic-detrone-sinner-il-possede-desormais-son-25e-titre-du-grand-chelem\/\"},\"wordCount\":199,\"publisher\":{\"@id\":\"https:\/\/vieassociative.be\/actualites\/#organization\"},\"image\":{\"@id\":\"https:\/\/vieassociative.be\/actualites\/djokovic-detrone-sinner-il-possede-desormais-son-25e-titre-du-grand-chelem\/#primaryimage\"},\"thumbnailUrl\":\"https:\/\/vieassociative.be\/actualites\/wp-content\/uploads\/2026\/01\/Djokovic-detrone-Sinner-\u2013-il-possede-desormais-son-25e-titre.jpg\",\"keywords\":[\"25e\",\"Chelem\",\"d\u00e9sormais\",\"d\u00e9tr\u00f4ne\",\"Djokovic\",\"grand\",\"poss\u00e9d\u00e9\",\"Sinner\",\"son\",\"titre\"],\"articleSection\":[\"Belgique\"],\"inLanguage\":\"fr-BE\"},{\"@type\":\"WebPage\",\"@id\":\"https:\/\/vieassociative.be\/actualites\/djokovic-detrone-sinner-il-possede-desormais-son-25e-titre-du-grand-chelem\/\",\"url\":\"https:\/\/vieassociative.be\/actualites\/djokovic-detrone-sinner-il-possede-desormais-son-25e-titre-du-grand-chelem\/\",\"name\":\"Djokovic d\u00e9tr\u00f4ne Sinner \u2013 il poss\u00e8de d\u00e9sormais son 25e titre du Grand Chelem | Vie Associative\",\"isPartOf\":{\"@id\":\"https:\/\/vieassociative.be\/actualites\/#website\"},\"primaryImageOfPage\":{\"@id\":\"https:\/\/vieassociative.be\/actualites\/djokovic-detrone-sinner-il-possede-desormais-son-25e-titre-du-grand-chelem\/#primaryimage\"},\"image\":{\"@id\":\"https:\/\/vieassociative.be\/actualites\/djokovic-detrone-sinner-il-possede-desormais-son-25e-titre-du-grand-chelem\/#primaryimage\"},\"thumbnailUrl\":\"https:\/\/vieassociative.be\/actualites\/wp-content\/uploads\/2026\/01\/Djokovic-detrone-Sinner-\u2013-il-possede-desormais-son-25e-titre.jpg\",\"datePublished\":\"2026-01-30T18:17:36+00:00\",\"dateModified\":\"2026-01-30T18:17:36+00:00\",\"breadcrumb\":{\"@id\":\"https:\/\/vieassociative.be\/actualites\/djokovic-detrone-sinner-il-possede-desormais-son-25e-titre-du-grand-chelem\/#breadcrumb\"},\"inLanguage\":\"fr-BE\",\"potentialAction\":[{\"@type\":\"ReadAction\",\"target\":[\"https:\/\/vieassociative.be\/actualites\/djokovic-detrone-sinner-il-possede-desormais-son-25e-titre-du-grand-chelem\/\"]}]},{\"@type\":\"ImageObject\",\"inLanguage\":\"fr-BE\",\"@id\":\"https:\/\/vieassociative.be\/actualites\/djokovic-detrone-sinner-il-possede-desormais-son-25e-titre-du-grand-chelem\/#primaryimage\",\"url\":\"https:\/\/vieassociative.be\/actualites\/wp-content\/uploads\/2026\/01\/Djokovic-detrone-Sinner-\u2013-il-possede-desormais-son-25e-titre.jpg\",\"contentUrl\":\"https:\/\/vieassociative.be\/actualites\/wp-content\/uploads\/2026\/01\/Djokovic-detrone-Sinner-\u2013-il-possede-desormais-son-25e-titre.jpg\",\"width\":1200,\"height\":800,\"caption\":\"Djokovic d\u00e9tr\u00f4ne Sinner \u2013 il poss\u00e8de d\u00e9sormais son 25e titre du Grand Chelem\"},{\"@type\":\"BreadcrumbList\",\"@id\":\"https:\/\/vieassociative.be\/actualites\/djokovic-detrone-sinner-il-possede-desormais-son-25e-titre-du-grand-chelem\/#breadcrumb\",\"itemListElement\":[{\"@type\":\"ListItem\",\"position\":1,\"name\":\"Accueil\",\"item\":\"https:\/\/vieassociative.be\/actualites\/\"},{\"@type\":\"ListItem\",\"position\":2,\"name\":\"Djokovic d\u00e9tr\u00f4ne Sinner \u2013 il poss\u00e8de d\u00e9sormais son 25e titre du Grand Chelem\"}]},{\"@type\":\"WebSite\",\"@id\":\"https:\/\/vieassociative.be\/actualites\/#website\",\"url\":\"https:\/\/vieassociative.be\/actualites\/\",\"name\":\"Vie Associative\",\"description\":\"\",\"publisher\":{\"@id\":\"https:\/\/vieassociative.be\/actualites\/#organization\"},\"potentialAction\":[{\"@type\":\"SearchAction\",\"target\":{\"@type\":\"EntryPoint\",\"urlTemplate\":\"https:\/\/vieassociative.be\/actualites\/?s={search_term_string}\"},\"query-input\":{\"@type\":\"PropertyValueSpecification\",\"valueRequired\":true,\"valueName\":\"search_term_string\"}}],\"inLanguage\":\"fr-BE\"},{\"@type\":\"Organization\",\"@id\":\"https:\/\/vieassociative.be\/actualites\/#organization\",\"name\":\"Vie Associative\",\"url\":\"https:\/\/vieassociative.be\/actualites\/\",\"logo\":{\"@type\":\"ImageObject\",\"inLanguage\":\"fr-BE\",\"@id\":\"https:\/\/vieassociative.be\/actualites\/#\/schema\/logo\/image\/\",\"url\":\"https:\/\/vieassociative.be\/actualites\/wp-content\/uploads\/2024\/09\/cropped-vieassociative_favicon.ico.png\",\"contentUrl\":\"https:\/\/vieassociative.be\/actualites\/wp-content\/uploads\/2024\/09\/cropped-vieassociative_favicon.ico.png\",\"width\":512,\"height\":512,\"caption\":\"Vie Associative\"},\"image\":{\"@id\":\"https:\/\/vieassociative.be\/actualites\/#\/schema\/logo\/image\/\"}},{\"@type\":\"Person\",\"@id\":\"https:\/\/vieassociative.be\/actualites\/#\/schema\/person\/b87ac4f82f9d4e7b7cec7395b679edc4\",\"name\":\"Julien\",\"image\":{\"@type\":\"ImageObject\",\"inLanguage\":\"fr-BE\",\"@id\":\"https:\/\/vieassociative.be\/actualites\/#\/schema\/person\/image\/\",\"url\":\"https:\/\/vieassociative.be\/actualites\/wp-content\/uploads\/2024\/09\/vie-associative-1-150x150.jpg\",\"contentUrl\":\"https:\/\/vieassociative.be\/actualites\/wp-content\/uploads\/2024\/09\/vie-associative-1-150x150.jpg\",\"caption\":\"Julien\"},\"description\":\"Je suis Julien, r\u00e9dacteur pour Vie Associative. Passionn\u00e9 par le monde associatif depuis plus de 10 ans, j'ai \u00e0 c\u0153ur de partager des histoires inspirantes et de mettre en lumi\u00e8re les initiatives locales. Mon objectif est de sensibiliser et d'encourager l'engagement communautaire \u00e0 travers mes articles.\",\"sameAs\":[\"https:\/\/vieassociative.be\/\"]}]}<\/script>\n<!-- \/ Yoast SEO plugin. -->","yoast_head_json":{"title":"Djokovic d\u00e9tr\u00f4ne Sinner \u2013 il poss\u00e8de d\u00e9sormais son 25e titre du Grand Chelem | Vie Associative","robots":{"index":"index","follow":"follow","max-snippet":"max-snippet:-1","max-image-preview":"max-image-preview:large","max-video-preview":"max-video-preview:-1"},"canonical":"https:\/\/vieassociative.be\/actualites\/djokovic-detrone-sinner-il-possede-desormais-son-25e-titre-du-grand-chelem\/","og_locale":"fr_FR","og_type":"article","og_title":"Djokovic d\u00e9tr\u00f4ne Sinner \u2013 il poss\u00e8de d\u00e9sormais son 25e titre du Grand Chelem | Vie Associative","og_description":"Novak Djokovic n&rsquo;est qu&rsquo;\u00e0 une victoire de son 25e titre du Grand Chelem. Le Serbe de 38 ans a remport\u00e9 l&rsquo;Open d&rsquo;Australie en demi-finale contre","og_url":"https:\/\/vieassociative.be\/actualites\/djokovic-detrone-sinner-il-possede-desormais-son-25e-titre-du-grand-chelem\/","og_site_name":"Vie Associative","article_published_time":"2026-01-30T18:17:36+00:00","og_image":[{"width":279,"height":92,"url":"https:\/\/vieassociative.be\/actualites\/wp-content\/uploads\/2024\/09\/header_backgroundk-01-e1726694325946.png","type":"image\/png"}],"author":"Julien","twitter_card":"summary_large_image","twitter_misc":{"\u00c9crit par":"Julien","Dur\u00e9e de lecture est.":"1 minute"},"schema":{"@context":"https:\/\/schema.org","@graph":[{"@type":"Article","@id":"https:\/\/vieassociative.be\/actualites\/djokovic-detrone-sinner-il-possede-desormais-son-25e-titre-du-grand-chelem\/#article","isPartOf":{"@id":"https:\/\/vieassociative.be\/actualites\/djokovic-detrone-sinner-il-possede-desormais-son-25e-titre-du-grand-chelem\/"},"author":{"name":"Julien","@id":"https:\/\/vieassociative.be\/actualites\/#\/schema\/person\/b87ac4f82f9d4e7b7cec7395b679edc4"},"headline":"Djokovic d\u00e9tr\u00f4ne Sinner \u2013 il poss\u00e8de d\u00e9sormais son 25e titre du Grand Chelem","datePublished":"2026-01-30T18:17:36+00:00","dateModified":"2026-01-30T18:17:36+00:00","mainEntityOfPage":{"@id":"https:\/\/vieassociative.be\/actualites\/djokovic-detrone-sinner-il-possede-desormais-son-25e-titre-du-grand-chelem\/"},"wordCount":199,"publisher":{"@id":"https:\/\/vieassociative.be\/actualites\/#organization"},"image":{"@id":"https:\/\/vieassociative.be\/actualites\/djokovic-detrone-sinner-il-possede-desormais-son-25e-titre-du-grand-chelem\/#primaryimage"},"thumbnailUrl":"https:\/\/vieassociative.be\/actualites\/wp-content\/uploads\/2026\/01\/Djokovic-detrone-Sinner-\u2013-il-possede-desormais-son-25e-titre.jpg","keywords":["25e","Chelem","d\u00e9sormais","d\u00e9tr\u00f4ne","Djokovic","grand","poss\u00e9d\u00e9","Sinner","son","titre"],"articleSection":["Belgique"],"inLanguage":"fr-BE"},{"@type":"WebPage","@id":"https:\/\/vieassociative.be\/actualites\/djokovic-detrone-sinner-il-possede-desormais-son-25e-titre-du-grand-chelem\/","url":"https:\/\/vieassociative.be\/actualites\/djokovic-detrone-sinner-il-possede-desormais-son-25e-titre-du-grand-chelem\/","name":"Djokovic d\u00e9tr\u00f4ne Sinner \u2013 il poss\u00e8de d\u00e9sormais son 25e titre du Grand Chelem | Vie Associative","isPartOf":{"@id":"https:\/\/vieassociative.be\/actualites\/#website"},"primaryImageOfPage":{"@id":"https:\/\/vieassociative.be\/actualites\/djokovic-detrone-sinner-il-possede-desormais-son-25e-titre-du-grand-chelem\/#primaryimage"},"image":{"@id":"https:\/\/vieassociative.be\/actualites\/djokovic-detrone-sinner-il-possede-desormais-son-25e-titre-du-grand-chelem\/#primaryimage"},"thumbnailUrl":"https:\/\/vieassociative.be\/actualites\/wp-content\/uploads\/2026\/01\/Djokovic-detrone-Sinner-\u2013-il-possede-desormais-son-25e-titre.jpg","datePublished":"2026-01-30T18:17:36+00:00","dateModified":"2026-01-30T18:17:36+00:00","breadcrumb":{"@id":"https:\/\/vieassociative.be\/actualites\/djokovic-detrone-sinner-il-possede-desormais-son-25e-titre-du-grand-chelem\/#breadcrumb"},"inLanguage":"fr-BE","potentialAction":[{"@type":"ReadAction","target":["https:\/\/vieassociative.be\/actualites\/djokovic-detrone-sinner-il-possede-desormais-son-25e-titre-du-grand-chelem\/"]}]},{"@type":"ImageObject","inLanguage":"fr-BE","@id":"https:\/\/vieassociative.be\/actualites\/djokovic-detrone-sinner-il-possede-desormais-son-25e-titre-du-grand-chelem\/#primaryimage","url":"https:\/\/vieassociative.be\/actualites\/wp-content\/uploads\/2026\/01\/Djokovic-detrone-Sinner-\u2013-il-possede-desormais-son-25e-titre.jpg","contentUrl":"https:\/\/vieassociative.be\/actualites\/wp-content\/uploads\/2026\/01\/Djokovic-detrone-Sinner-\u2013-il-possede-desormais-son-25e-titre.jpg","width":1200,"height":800,"caption":"Djokovic d\u00e9tr\u00f4ne Sinner \u2013 il poss\u00e8de d\u00e9sormais son 25e titre du Grand Chelem"},{"@type":"BreadcrumbList","@id":"https:\/\/vieassociative.be\/actualites\/djokovic-detrone-sinner-il-possede-desormais-son-25e-titre-du-grand-chelem\/#breadcrumb","itemListElement":[{"@type":"ListItem","position":1,"name":"Accueil","item":"https:\/\/vieassociative.be\/actualites\/"},{"@type":"ListItem","position":2,"name":"Djokovic d\u00e9tr\u00f4ne Sinner \u2013 il poss\u00e8de d\u00e9sormais son 25e titre du Grand Chelem"}]},{"@type":"WebSite","@id":"https:\/\/vieassociative.be\/actualites\/#website","url":"https:\/\/vieassociative.be\/actualites\/","name":"Vie Associative","description":"","publisher":{"@id":"https:\/\/vieassociative.be\/actualites\/#organization"},"potentialAction":[{"@type":"SearchAction","target":{"@type":"EntryPoint","urlTemplate":"https:\/\/vieassociative.be\/actualites\/?s={search_term_string}"},"query-input":{"@type":"PropertyValueSpecification","valueRequired":true,"valueName":"search_term_string"}}],"inLanguage":"fr-BE"},{"@type":"Organization","@id":"https:\/\/vieassociative.be\/actualites\/#organization","name":"Vie Associative","url":"https:\/\/vieassociative.be\/actualites\/","logo":{"@type":"ImageObject","inLanguage":"fr-BE","@id":"https:\/\/vieassociative.be\/actualites\/#\/schema\/logo\/image\/","url":"https:\/\/vieassociative.be\/actualites\/wp-content\/uploads\/2024\/09\/cropped-vieassociative_favicon.ico.png","contentUrl":"https:\/\/vieassociative.be\/actualites\/wp-content\/uploads\/2024\/09\/cropped-vieassociative_favicon.ico.png","width":512,"height":512,"caption":"Vie Associative"},"image":{"@id":"https:\/\/vieassociative.be\/actualites\/#\/schema\/logo\/image\/"}},{"@type":"Person","@id":"https:\/\/vieassociative.be\/actualites\/#\/schema\/person\/b87ac4f82f9d4e7b7cec7395b679edc4","name":"Julien","image":{"@type":"ImageObject","inLanguage":"fr-BE","@id":"https:\/\/vieassociative.be\/actualites\/#\/schema\/person\/image\/","url":"https:\/\/vieassociative.be\/actualites\/wp-content\/uploads\/2024\/09\/vie-associative-1-150x150.jpg","contentUrl":"https:\/\/vieassociative.be\/actualites\/wp-content\/uploads\/2024\/09\/vie-associative-1-150x150.jpg","caption":"Julien"},"description":"Je suis Julien, r\u00e9dacteur pour Vie Associative. Passionn\u00e9 par le monde associatif depuis plus de 10 ans, j'ai \u00e0 c\u0153ur de partager des histoires inspirantes et de mettre en lumi\u00e8re les initiatives locales. Mon objectif est de sensibiliser et d'encourager l'engagement communautaire \u00e0 travers mes articles.","sameAs":["https:\/\/vieassociative.be\/"]}]}},"_links":{"self":[{"href":"https:\/\/vieassociative.be\/actualites\/wp-json\/wp\/v2\/posts\/12426"}],"collection":[{"href":"https:\/\/vieassociative.be\/actualites\/wp-json\/wp\/v2\/posts"}],"about":[{"href":"https:\/\/vieassociative.be\/actualites\/wp-json\/wp\/v2\/types\/post"}],"author":[{"embeddable":true,"href":"https:\/\/vieassociative.be\/actualites\/wp-json\/wp\/v2\/users\/1"}],"replies":[{"embeddable":true,"href":"https:\/\/vieassociative.be\/actualites\/wp-json\/wp\/v2\/comments?post=12426"}],"version-history":[{"count":0,"href":"https:\/\/vieassociative.be\/actualites\/wp-json\/wp\/v2\/posts\/12426\/revisions"}],"wp:featuredmedia":[{"embeddable":true,"href":"https:\/\/vieassociative.be\/actualites\/wp-json\/wp\/v2\/media\/12427"}],"wp:attachment":[{"href":"https:\/\/vieassociative.be\/actualites\/wp-json\/wp\/v2\/media?parent=12426"}],"wp:term":[{"taxonomy":"category","embeddable":true,"href":"https:\/\/vieassociative.be\/actualites\/wp-json\/wp\/v2\/categories?post=12426"},{"taxonomy":"post_tag","embeddable":true,"href":"https:\/\/vieassociative.be\/actualites\/wp-json\/wp\/v2\/tags?post=12426"}],"curies":[{"name":"wp","href":"https:\/\/api.w.org\/{rel}","templated":true}]}}