{"id":12422,"date":"2026-01-30T13:17:56","date_gmt":"2026-01-30T12:17:56","guid":{"rendered":"https:\/\/vieassociative.be\/actualites\/glissement-de-terrain-en-sicile-une-ville-au-bord-du-gouffre\/"},"modified":"2026-01-30T13:17:56","modified_gmt":"2026-01-30T12:17:56","slug":"glissement-de-terrain-en-sicile-une-ville-au-bord-du-gouffre","status":"publish","type":"post","link":"https:\/\/vieassociative.be\/actualites\/glissement-de-terrain-en-sicile-une-ville-au-bord-du-gouffre\/","title":{"rendered":"Glissement de terrain en Sicile : une ville au bord du gouffre"},"content":{"rendered":"<p><strong>Les images de Niscemi, sur l&rsquo;\u00eele m\u00e9diterran\u00e9enne italienne de Sicile, apr\u00e8s un \u00e9norme glissement de terrain semblent carr\u00e9ment apocalyptiques : des immeubles d&rsquo;habitation dominent un mur form\u00e9 presque verticalement, une rue a \u00e9t\u00e9 d\u00e9molie, des c\u00e2bles pendent librement.<\/strong><\/p>\n<p><span id=\"more-434939\"><\/span>La ville de 25 000 habitants est litt\u00e9ralement au bord du gouffre. Et le glissement de terrain bat toujours son plein &#8211; la pente s&rsquo;enfonce lentement dans la ville.<\/p>\n<p>\u00c0 la suite de fortes pluies ce week-end, une pente de quatre kilom\u00e8tres de long \u00e0 Niscemi, dans le sud de la Sicile, a commenc\u00e9 \u00e0 glisser. Environ 1 500 personnes ont d\u00e9j\u00e0 d\u00fb \u00eatre \u00e9vacu\u00e9es des maisons situ\u00e9es au bord de la d\u00e9molition et mises en s\u00e9curit\u00e9. <\/p>\n<p>La zone pr\u00e9sentant un risque particuli\u00e8rement \u00e9lev\u00e9 d&rsquo;\u00eatre engloutie \u00e0 tout moment dans les profondeurs a \u00e9t\u00e9 d\u00e9clar\u00e9e zone dite rouge. Personne \u2013 pas m\u00eame les pompiers \u2013 n\u2019est autoris\u00e9 \u00e0 entrer.<\/p>\n<div id=\"attachment_434943\" class=\"wp-caption alignleft\" style=\"max-width: 300px\"><img fetchpriority=\"high\" decoding=\"async\" class=\"wp-image-434943 size-medium\" src=\"https:\/\/vieassociative.be\/actualites\/wp-content\/uploads\/2026\/01\/Glissement-de-terrain-en-Sicile-une-ville-au-bord.jpg\" alt=\"\" width=\"300\" height=\"225\"><\/div>\n<p><strong>\u2013 Inqui\u00e9tude concernant de nouveaux avortements : \u00ab<\/strong>Le glissement de terrain est toujours actif\u00a0\u00bb, d\u00e9clare presque chaque jour \u00e0 la t\u00e9l\u00e9vision le chef de la Protection civile italienne, Fabio Ciciliano, pour dissiper tout doute sur la menace de la situation. Il a \u00e9galement d\u00e9clar\u00e9 r\u00e9cemment que la zone rouge s&rsquo;\u00e9tendait davantage vers le centre de la ville. Cette zone de s\u00e9curit\u00e9 s&rsquo;\u00e9tend du bord de la falaise sur environ 150 m\u00e8tres \u00e0 l&rsquo;int\u00e9rieur de Niscemi.<\/p>\n<p>Mais cela s&rsquo;\u00e9tend de plus en plus loin dans la petite ville. Leurs habitants sont tr\u00e8s inquiets pour leur maison, leurs biens et leurs souvenirs. Les maisons situ\u00e9es directement sur la pente ne tarderont pas \u00e0 s&rsquo;enfoncer elles aussi dans les profondeurs. Selon les autorit\u00e9s siciliennes, cela ne fait plus aucun doute : toutes les maisons dans un rayon de 50 \u00e0 70 m\u00e8tres vont in\u00e9vitablement s&rsquo;effondrer.<\/p>\n<p>Les habitants ont d\u00fb \u00eatre \u00e9vacu\u00e9s pendant la nuit: \u00ab\u00a0Il suffit de regarder la pente pour comprendre que t\u00f4t ou tard de nombreuses maisons s&rsquo;effondreront. Et la mienne sera la premi\u00e8re\u00a0\u00bb, a d\u00e9clar\u00e9 au \u00ab\u00a0Corriere della Sera\u00a0\u00bb Roberto Disca, l&rsquo;habitant d&rsquo;une maison particuli\u00e8rement \u00e0 risque. \u00ab Il ne s\u2019est pas encore effondr\u00e9, mais il d\u00e9passe les limites et nous ne pourrons pas revenir en arri\u00e8re. \u00bb<\/p>\n<p>Comme beaucoup d&rsquo;habitants de la zone rouge, Disca, 44 ans, sa femme et ses trois enfants ont d\u00fb quitter leur maison au cours d&rsquo;une op\u00e9ration de nuit et de poignard et ont presque tout laiss\u00e9 derri\u00e8re eux. Dans sa h\u00e2te, il n\u2019a pu sauver que quelques objets. \u00ab\u00a0C&rsquo;est tout ce qui reste de nos vies\u00a0\u00bb, a d\u00e9clar\u00e9 Disca.<\/p>\n<div id=\"attachment_434944\" class=\"wp-caption alignleft\" style=\"max-width: 300px\"><img decoding=\"async\" class=\"wp-image-434944 size-medium\" src=\"https:\/\/vieassociative.be\/actualites\/wp-content\/uploads\/2026\/01\/1769775476_595_Glissement-de-terrain-en-Sicile-une-ville-au-bord.jpg\" alt=\"\" width=\"300\" height=\"225\"><\/div>\n<p>En plus de Disca, beaucoup d\u2019autres ressentent la m\u00eame chose. Un homme plus \u00e2g\u00e9, Fabrizio Cirrone, a d\u00e9crit la nuit de l&rsquo;\u00e9vacuation au \u00ab\u00a0Corriere della Sera\u00a0\u00bb: \u00ab\u00a0Nous ne voulions pas, on nous l&rsquo;a ordonn\u00e9. Ils sont arriv\u00e9s \u00e0 une heure et demie: il faut quitter la maison imm\u00e9diatement\u00a0\u00bb, ont-ils dit, et nous sommes partis. Tr\u00e8s dur.\u00a0\u00bb<\/p>\n<p><strong>\u2013 \u00ab La situation est critique \u00bb :<\/strong> De nombreux anciens r\u00e9sidents attendent d\u00e9sormais dans des h\u00e9bergements d\u2019urgence. La plupart des gens se rendent compte qu\u2019ils devront bient\u00f4t chercher un autre logement permanent. Le chef de la protection civile, Ciciliano, affirme qu&rsquo;un plan de r\u00e9installation devra bient\u00f4t \u00eatre \u00e9labor\u00e9 pour les personnes \u00e9vacu\u00e9es. \u00ab La situation est critique \u00bb, souligne-t-il \u00e0 plusieurs reprises.<\/p>\n<p>Le gouvernement romain est d\u00e9sormais conscient de la gravit\u00e9 de la situation. Apr\u00e8s les temp\u00eates du week-end dernier, qui ont touch\u00e9 non seulement la Sicile, mais aussi la Sardaigne et le sud de l&rsquo;Italie continentale, elle a d\u00e9clar\u00e9 l&rsquo;\u00e9tat d&rsquo;urgence climatique pour les r\u00e9gions touch\u00e9es. Mercredi, le Premier ministre Giorgia Meloni s&rsquo;est rendu \u00e0 Niscemi et a pris un vol en h\u00e9licopt\u00e8re pour constater la situation dans la zone sinistr\u00e9e.<\/p>\n<p><strong>\u2013 Niscemi en zone \u00e0 risque g\u00e9ologique :<\/strong> La raison de ce glissement de terrain d\u00e9vastateur n&rsquo;est probablement pas seulement due aux fortes pluies de ces derniers jours, mais aussi aux conditions g\u00e9ologiques : Niscemi est situ\u00e9e sur un haut plateau. La terre en dessous est probablement devenue satur\u00e9e comme une \u00e9ponge et la pluie a fait glisser le sol instable. Le \u00ab Corriere della Sera \u00bb a cit\u00e9 le g\u00e9ologue florentin Nicola Casagli qui a d\u00e9clar\u00e9 qu&rsquo;il n&rsquo;avait jamais vu un glissement de terrain aussi important.<\/p>\n<div id=\"attachment_434945\" class=\"wp-caption alignleft\" style=\"max-width: 300px\"><img decoding=\"async\" class=\"wp-image-434945 size-medium\" src=\"https:\/\/vieassociative.be\/actualites\/wp-content\/uploads\/2026\/01\/1769775476_259_Glissement-de-terrain-en-Sicile-une-ville-au-bord.jpg\" alt=\"\" width=\"300\" height=\"225\"><\/div>\n<p>Le d\u00e9veloppement a peut-\u00eatre \u00e9galement jou\u00e9 un r\u00f4le. Ces derni\u00e8res ann\u00e9es, de plus en plus de maisons ont \u00e9t\u00e9 construites en bordure du plateau. R\u00e9trospectivement, les habitants de la ville consid\u00e8rent cela comme une n\u00e9gligence. Car ce n\u2019est pas le premier \u00e9v\u00e9nement naturel du genre dans la r\u00e9gion. En 1997, des parties de la ville ont disparu dans un glissement de terrain et la zone \u00e9tait consid\u00e9r\u00e9e comme \u00e9tant \u00e0 risque.<\/p>\n<p>Le ministre italien de la Protection civile, Nello Musumeci, a d\u00e9j\u00e0 annonc\u00e9 vouloir cr\u00e9er une commission charg\u00e9e d&rsquo;enqu\u00eater sur les \u00e9v\u00e9nements. D\u2019une part, il doit s\u2019agir de traitement, mais d\u2019autre part, il doit \u00e9galement s\u2019agir de formuler des suggestions sur la mani\u00e8re de mieux se pr\u00e9parer \u00e0 l\u2019avenir. Il a \u00e9galement promis des mesures de secours pour les personnes touch\u00e9es.<\/p>\n<p>\u00ab Qu\u2019est-ce qui est en s\u00e9curit\u00e9 ici maintenant ? \u00bb : Mais ce qui se passera dans les prochains jours n\u2019est pas clair. Les habitants de Niscemi se sentent pi\u00e9g\u00e9s dans une sorte de sch\u00e9ma d&rsquo;attente : quand les prochaines maisons et rues seront-elles d\u00e9molies, se demandent-ils. Et \u00e0 quoi ressemblera leur avenir \u00e0 Niscemi, s\u2019ils peuvent m\u00eame y imaginer un avenir ? \u00ab\u00a0Qu&rsquo;est-ce qui est en s\u00e9curit\u00e9 ici maintenant?\u00a0\u00bb demande Disca. (dpa)<\/p>\n","protected":false},"excerpt":{"rendered":"<p>Les images de Niscemi, sur l&rsquo;\u00eele m\u00e9diterran\u00e9enne italienne de Sicile, apr\u00e8s un \u00e9norme glissement de terrain semblent carr\u00e9ment apocalyptiques : des immeubles d&rsquo;habitation dominent un<\/p>\n","protected":false},"author":1,"featured_media":12423,"comment_status":"","ping_status":"","sticky":false,"template":"","format":"standard","meta":{"footnotes":""},"categories":[298],"tags":[432,9889,3298,9890,665,110,684],"class_list":["post-12422","post","type-post","status-publish","format-standard","has-post-thumbnail","hentry","category-belgique","tag-bord","tag-glissement","tag-gouffre","tag-sicile","tag-terrain","tag-une","tag-ville","generate-columns","tablet-grid-50","mobile-grid-100","grid-parent","grid-33"],"yoast_head":"<!-- This site is optimized with the Yoast SEO plugin v24.0 - https:\/\/yoast.com\/wordpress\/plugins\/seo\/ -->\n<title>Glissement de terrain en Sicile : une ville au bord du gouffre | Vie Associative<\/title>\n<meta name=\"robots\" content=\"index, follow, max-snippet:-1, max-image-preview:large, max-video-preview:-1\" \/>\n<link rel=\"canonical\" href=\"https:\/\/vieassociative.be\/actualites\/glissement-de-terrain-en-sicile-une-ville-au-bord-du-gouffre\/\" \/>\n<meta property=\"og:locale\" content=\"fr_FR\" \/>\n<meta property=\"og:type\" content=\"article\" \/>\n<meta property=\"og:title\" content=\"Glissement de terrain en Sicile : une ville au bord du gouffre | Vie Associative\" \/>\n<meta property=\"og:description\" content=\"Les images de Niscemi, sur l&rsquo;\u00eele m\u00e9diterran\u00e9enne italienne de Sicile, apr\u00e8s un \u00e9norme glissement de terrain semblent carr\u00e9ment apocalyptiques : des immeubles d&rsquo;habitation dominent un\" \/>\n<meta property=\"og:url\" content=\"https:\/\/vieassociative.be\/actualites\/glissement-de-terrain-en-sicile-une-ville-au-bord-du-gouffre\/\" \/>\n<meta property=\"og:site_name\" content=\"Vie Associative\" \/>\n<meta property=\"article:published_time\" content=\"2026-01-30T12:17:56+00:00\" \/>\n<meta property=\"og:image\" content=\"https:\/\/vieassociative.be\/actualites\/wp-content\/uploads\/2024\/09\/header_backgroundk-01-e1726694325946.png\" \/>\n\t<meta property=\"og:image:width\" content=\"279\" \/>\n\t<meta property=\"og:image:height\" content=\"92\" \/>\n\t<meta property=\"og:image:type\" content=\"image\/png\" \/>\n<meta name=\"author\" content=\"Julien\" \/>\n<meta name=\"twitter:card\" content=\"summary_large_image\" \/>\n<meta name=\"twitter:label1\" content=\"\u00c9crit par\" \/>\n\t<meta name=\"twitter:data1\" content=\"Julien\" \/>\n\t<meta name=\"twitter:label2\" content=\"Dur\u00e9e de lecture est.\" \/>\n\t<meta name=\"twitter:data2\" content=\"5 minutes\" \/>\n<script type=\"application\/ld+json\" class=\"yoast-schema-graph\">{\"@context\":\"https:\/\/schema.org\",\"@graph\":[{\"@type\":\"Article\",\"@id\":\"https:\/\/vieassociative.be\/actualites\/glissement-de-terrain-en-sicile-une-ville-au-bord-du-gouffre\/#article\",\"isPartOf\":{\"@id\":\"https:\/\/vieassociative.be\/actualites\/glissement-de-terrain-en-sicile-une-ville-au-bord-du-gouffre\/\"},\"author\":{\"name\":\"Julien\",\"@id\":\"https:\/\/vieassociative.be\/actualites\/#\/schema\/person\/b87ac4f82f9d4e7b7cec7395b679edc4\"},\"headline\":\"Glissement de terrain en Sicile : une ville au bord du gouffre\",\"datePublished\":\"2026-01-30T12:17:56+00:00\",\"dateModified\":\"2026-01-30T12:17:56+00:00\",\"mainEntityOfPage\":{\"@id\":\"https:\/\/vieassociative.be\/actualites\/glissement-de-terrain-en-sicile-une-ville-au-bord-du-gouffre\/\"},\"wordCount\":994,\"publisher\":{\"@id\":\"https:\/\/vieassociative.be\/actualites\/#organization\"},\"image\":{\"@id\":\"https:\/\/vieassociative.be\/actualites\/glissement-de-terrain-en-sicile-une-ville-au-bord-du-gouffre\/#primaryimage\"},\"thumbnailUrl\":\"https:\/\/vieassociative.be\/actualites\/wp-content\/uploads\/2026\/01\/1769775477_Glissement-de-terrain-en-Sicile-une-ville-au-bord.jpg\",\"keywords\":[\"Bord\",\"Glissement\",\"gouffre\",\"Sicile\",\"terrain\",\"une\",\"ville\"],\"articleSection\":[\"Belgique\"],\"inLanguage\":\"fr-BE\"},{\"@type\":\"WebPage\",\"@id\":\"https:\/\/vieassociative.be\/actualites\/glissement-de-terrain-en-sicile-une-ville-au-bord-du-gouffre\/\",\"url\":\"https:\/\/vieassociative.be\/actualites\/glissement-de-terrain-en-sicile-une-ville-au-bord-du-gouffre\/\",\"name\":\"Glissement de terrain en Sicile : une ville au bord du gouffre | Vie Associative\",\"isPartOf\":{\"@id\":\"https:\/\/vieassociative.be\/actualites\/#website\"},\"primaryImageOfPage\":{\"@id\":\"https:\/\/vieassociative.be\/actualites\/glissement-de-terrain-en-sicile-une-ville-au-bord-du-gouffre\/#primaryimage\"},\"image\":{\"@id\":\"https:\/\/vieassociative.be\/actualites\/glissement-de-terrain-en-sicile-une-ville-au-bord-du-gouffre\/#primaryimage\"},\"thumbnailUrl\":\"https:\/\/vieassociative.be\/actualites\/wp-content\/uploads\/2026\/01\/1769775477_Glissement-de-terrain-en-Sicile-une-ville-au-bord.jpg\",\"datePublished\":\"2026-01-30T12:17:56+00:00\",\"dateModified\":\"2026-01-30T12:17:56+00:00\",\"breadcrumb\":{\"@id\":\"https:\/\/vieassociative.be\/actualites\/glissement-de-terrain-en-sicile-une-ville-au-bord-du-gouffre\/#breadcrumb\"},\"inLanguage\":\"fr-BE\",\"potentialAction\":[{\"@type\":\"ReadAction\",\"target\":[\"https:\/\/vieassociative.be\/actualites\/glissement-de-terrain-en-sicile-une-ville-au-bord-du-gouffre\/\"]}]},{\"@type\":\"ImageObject\",\"inLanguage\":\"fr-BE\",\"@id\":\"https:\/\/vieassociative.be\/actualites\/glissement-de-terrain-en-sicile-une-ville-au-bord-du-gouffre\/#primaryimage\",\"url\":\"https:\/\/vieassociative.be\/actualites\/wp-content\/uploads\/2026\/01\/1769775477_Glissement-de-terrain-en-Sicile-une-ville-au-bord.jpg\",\"contentUrl\":\"https:\/\/vieassociative.be\/actualites\/wp-content\/uploads\/2026\/01\/1769775477_Glissement-de-terrain-en-Sicile-une-ville-au-bord.jpg\",\"width\":1200,\"height\":800,\"caption\":\"Glissement de terrain en Sicile : une ville au bord du gouffre\"},{\"@type\":\"BreadcrumbList\",\"@id\":\"https:\/\/vieassociative.be\/actualites\/glissement-de-terrain-en-sicile-une-ville-au-bord-du-gouffre\/#breadcrumb\",\"itemListElement\":[{\"@type\":\"ListItem\",\"position\":1,\"name\":\"Accueil\",\"item\":\"https:\/\/vieassociative.be\/actualites\/\"},{\"@type\":\"ListItem\",\"position\":2,\"name\":\"Glissement de terrain en Sicile : une ville au bord du gouffre\"}]},{\"@type\":\"WebSite\",\"@id\":\"https:\/\/vieassociative.be\/actualites\/#website\",\"url\":\"https:\/\/vieassociative.be\/actualites\/\",\"name\":\"Vie Associative\",\"description\":\"\",\"publisher\":{\"@id\":\"https:\/\/vieassociative.be\/actualites\/#organization\"},\"potentialAction\":[{\"@type\":\"SearchAction\",\"target\":{\"@type\":\"EntryPoint\",\"urlTemplate\":\"https:\/\/vieassociative.be\/actualites\/?s={search_term_string}\"},\"query-input\":{\"@type\":\"PropertyValueSpecification\",\"valueRequired\":true,\"valueName\":\"search_term_string\"}}],\"inLanguage\":\"fr-BE\"},{\"@type\":\"Organization\",\"@id\":\"https:\/\/vieassociative.be\/actualites\/#organization\",\"name\":\"Vie Associative\",\"url\":\"https:\/\/vieassociative.be\/actualites\/\",\"logo\":{\"@type\":\"ImageObject\",\"inLanguage\":\"fr-BE\",\"@id\":\"https:\/\/vieassociative.be\/actualites\/#\/schema\/logo\/image\/\",\"url\":\"https:\/\/vieassociative.be\/actualites\/wp-content\/uploads\/2024\/09\/cropped-vieassociative_favicon.ico.png\",\"contentUrl\":\"https:\/\/vieassociative.be\/actualites\/wp-content\/uploads\/2024\/09\/cropped-vieassociative_favicon.ico.png\",\"width\":512,\"height\":512,\"caption\":\"Vie Associative\"},\"image\":{\"@id\":\"https:\/\/vieassociative.be\/actualites\/#\/schema\/logo\/image\/\"}},{\"@type\":\"Person\",\"@id\":\"https:\/\/vieassociative.be\/actualites\/#\/schema\/person\/b87ac4f82f9d4e7b7cec7395b679edc4\",\"name\":\"Julien\",\"image\":{\"@type\":\"ImageObject\",\"inLanguage\":\"fr-BE\",\"@id\":\"https:\/\/vieassociative.be\/actualites\/#\/schema\/person\/image\/\",\"url\":\"https:\/\/vieassociative.be\/actualites\/wp-content\/uploads\/2024\/09\/vie-associative-1-150x150.jpg\",\"contentUrl\":\"https:\/\/vieassociative.be\/actualites\/wp-content\/uploads\/2024\/09\/vie-associative-1-150x150.jpg\",\"caption\":\"Julien\"},\"description\":\"Je suis Julien, r\u00e9dacteur pour Vie Associative. Passionn\u00e9 par le monde associatif depuis plus de 10 ans, j'ai \u00e0 c\u0153ur de partager des histoires inspirantes et de mettre en lumi\u00e8re les initiatives locales. Mon objectif est de sensibiliser et d'encourager l'engagement communautaire \u00e0 travers mes articles.\",\"sameAs\":[\"https:\/\/vieassociative.be\/\"]}]}<\/script>\n<!-- \/ Yoast SEO plugin. -->","yoast_head_json":{"title":"Glissement de terrain en Sicile : une ville au bord du gouffre | Vie Associative","robots":{"index":"index","follow":"follow","max-snippet":"max-snippet:-1","max-image-preview":"max-image-preview:large","max-video-preview":"max-video-preview:-1"},"canonical":"https:\/\/vieassociative.be\/actualites\/glissement-de-terrain-en-sicile-une-ville-au-bord-du-gouffre\/","og_locale":"fr_FR","og_type":"article","og_title":"Glissement de terrain en Sicile : une ville au bord du gouffre | Vie Associative","og_description":"Les images de Niscemi, sur l&rsquo;\u00eele m\u00e9diterran\u00e9enne italienne de Sicile, apr\u00e8s un \u00e9norme glissement de terrain semblent carr\u00e9ment apocalyptiques : des immeubles d&rsquo;habitation dominent un","og_url":"https:\/\/vieassociative.be\/actualites\/glissement-de-terrain-en-sicile-une-ville-au-bord-du-gouffre\/","og_site_name":"Vie Associative","article_published_time":"2026-01-30T12:17:56+00:00","og_image":[{"width":279,"height":92,"url":"https:\/\/vieassociative.be\/actualites\/wp-content\/uploads\/2024\/09\/header_backgroundk-01-e1726694325946.png","type":"image\/png"}],"author":"Julien","twitter_card":"summary_large_image","twitter_misc":{"\u00c9crit par":"Julien","Dur\u00e9e de lecture est.":"5 minutes"},"schema":{"@context":"https:\/\/schema.org","@graph":[{"@type":"Article","@id":"https:\/\/vieassociative.be\/actualites\/glissement-de-terrain-en-sicile-une-ville-au-bord-du-gouffre\/#article","isPartOf":{"@id":"https:\/\/vieassociative.be\/actualites\/glissement-de-terrain-en-sicile-une-ville-au-bord-du-gouffre\/"},"author":{"name":"Julien","@id":"https:\/\/vieassociative.be\/actualites\/#\/schema\/person\/b87ac4f82f9d4e7b7cec7395b679edc4"},"headline":"Glissement de terrain en Sicile : une ville au bord du gouffre","datePublished":"2026-01-30T12:17:56+00:00","dateModified":"2026-01-30T12:17:56+00:00","mainEntityOfPage":{"@id":"https:\/\/vieassociative.be\/actualites\/glissement-de-terrain-en-sicile-une-ville-au-bord-du-gouffre\/"},"wordCount":994,"publisher":{"@id":"https:\/\/vieassociative.be\/actualites\/#organization"},"image":{"@id":"https:\/\/vieassociative.be\/actualites\/glissement-de-terrain-en-sicile-une-ville-au-bord-du-gouffre\/#primaryimage"},"thumbnailUrl":"https:\/\/vieassociative.be\/actualites\/wp-content\/uploads\/2026\/01\/1769775477_Glissement-de-terrain-en-Sicile-une-ville-au-bord.jpg","keywords":["Bord","Glissement","gouffre","Sicile","terrain","une","ville"],"articleSection":["Belgique"],"inLanguage":"fr-BE"},{"@type":"WebPage","@id":"https:\/\/vieassociative.be\/actualites\/glissement-de-terrain-en-sicile-une-ville-au-bord-du-gouffre\/","url":"https:\/\/vieassociative.be\/actualites\/glissement-de-terrain-en-sicile-une-ville-au-bord-du-gouffre\/","name":"Glissement de terrain en Sicile : une ville au bord du gouffre | Vie Associative","isPartOf":{"@id":"https:\/\/vieassociative.be\/actualites\/#website"},"primaryImageOfPage":{"@id":"https:\/\/vieassociative.be\/actualites\/glissement-de-terrain-en-sicile-une-ville-au-bord-du-gouffre\/#primaryimage"},"image":{"@id":"https:\/\/vieassociative.be\/actualites\/glissement-de-terrain-en-sicile-une-ville-au-bord-du-gouffre\/#primaryimage"},"thumbnailUrl":"https:\/\/vieassociative.be\/actualites\/wp-content\/uploads\/2026\/01\/1769775477_Glissement-de-terrain-en-Sicile-une-ville-au-bord.jpg","datePublished":"2026-01-30T12:17:56+00:00","dateModified":"2026-01-30T12:17:56+00:00","breadcrumb":{"@id":"https:\/\/vieassociative.be\/actualites\/glissement-de-terrain-en-sicile-une-ville-au-bord-du-gouffre\/#breadcrumb"},"inLanguage":"fr-BE","potentialAction":[{"@type":"ReadAction","target":["https:\/\/vieassociative.be\/actualites\/glissement-de-terrain-en-sicile-une-ville-au-bord-du-gouffre\/"]}]},{"@type":"ImageObject","inLanguage":"fr-BE","@id":"https:\/\/vieassociative.be\/actualites\/glissement-de-terrain-en-sicile-une-ville-au-bord-du-gouffre\/#primaryimage","url":"https:\/\/vieassociative.be\/actualites\/wp-content\/uploads\/2026\/01\/1769775477_Glissement-de-terrain-en-Sicile-une-ville-au-bord.jpg","contentUrl":"https:\/\/vieassociative.be\/actualites\/wp-content\/uploads\/2026\/01\/1769775477_Glissement-de-terrain-en-Sicile-une-ville-au-bord.jpg","width":1200,"height":800,"caption":"Glissement de terrain en Sicile : une ville au bord du gouffre"},{"@type":"BreadcrumbList","@id":"https:\/\/vieassociative.be\/actualites\/glissement-de-terrain-en-sicile-une-ville-au-bord-du-gouffre\/#breadcrumb","itemListElement":[{"@type":"ListItem","position":1,"name":"Accueil","item":"https:\/\/vieassociative.be\/actualites\/"},{"@type":"ListItem","position":2,"name":"Glissement de terrain en Sicile : une ville au bord du gouffre"}]},{"@type":"WebSite","@id":"https:\/\/vieassociative.be\/actualites\/#website","url":"https:\/\/vieassociative.be\/actualites\/","name":"Vie Associative","description":"","publisher":{"@id":"https:\/\/vieassociative.be\/actualites\/#organization"},"potentialAction":[{"@type":"SearchAction","target":{"@type":"EntryPoint","urlTemplate":"https:\/\/vieassociative.be\/actualites\/?s={search_term_string}"},"query-input":{"@type":"PropertyValueSpecification","valueRequired":true,"valueName":"search_term_string"}}],"inLanguage":"fr-BE"},{"@type":"Organization","@id":"https:\/\/vieassociative.be\/actualites\/#organization","name":"Vie Associative","url":"https:\/\/vieassociative.be\/actualites\/","logo":{"@type":"ImageObject","inLanguage":"fr-BE","@id":"https:\/\/vieassociative.be\/actualites\/#\/schema\/logo\/image\/","url":"https:\/\/vieassociative.be\/actualites\/wp-content\/uploads\/2024\/09\/cropped-vieassociative_favicon.ico.png","contentUrl":"https:\/\/vieassociative.be\/actualites\/wp-content\/uploads\/2024\/09\/cropped-vieassociative_favicon.ico.png","width":512,"height":512,"caption":"Vie Associative"},"image":{"@id":"https:\/\/vieassociative.be\/actualites\/#\/schema\/logo\/image\/"}},{"@type":"Person","@id":"https:\/\/vieassociative.be\/actualites\/#\/schema\/person\/b87ac4f82f9d4e7b7cec7395b679edc4","name":"Julien","image":{"@type":"ImageObject","inLanguage":"fr-BE","@id":"https:\/\/vieassociative.be\/actualites\/#\/schema\/person\/image\/","url":"https:\/\/vieassociative.be\/actualites\/wp-content\/uploads\/2024\/09\/vie-associative-1-150x150.jpg","contentUrl":"https:\/\/vieassociative.be\/actualites\/wp-content\/uploads\/2024\/09\/vie-associative-1-150x150.jpg","caption":"Julien"},"description":"Je suis Julien, r\u00e9dacteur pour Vie Associative. Passionn\u00e9 par le monde associatif depuis plus de 10 ans, j'ai \u00e0 c\u0153ur de partager des histoires inspirantes et de mettre en lumi\u00e8re les initiatives locales. Mon objectif est de sensibiliser et d'encourager l'engagement communautaire \u00e0 travers mes articles.","sameAs":["https:\/\/vieassociative.be\/"]}]}},"_links":{"self":[{"href":"https:\/\/vieassociative.be\/actualites\/wp-json\/wp\/v2\/posts\/12422"}],"collection":[{"href":"https:\/\/vieassociative.be\/actualites\/wp-json\/wp\/v2\/posts"}],"about":[{"href":"https:\/\/vieassociative.be\/actualites\/wp-json\/wp\/v2\/types\/post"}],"author":[{"embeddable":true,"href":"https:\/\/vieassociative.be\/actualites\/wp-json\/wp\/v2\/users\/1"}],"replies":[{"embeddable":true,"href":"https:\/\/vieassociative.be\/actualites\/wp-json\/wp\/v2\/comments?post=12422"}],"version-history":[{"count":0,"href":"https:\/\/vieassociative.be\/actualites\/wp-json\/wp\/v2\/posts\/12422\/revisions"}],"wp:featuredmedia":[{"embeddable":true,"href":"https:\/\/vieassociative.be\/actualites\/wp-json\/wp\/v2\/media\/12423"}],"wp:attachment":[{"href":"https:\/\/vieassociative.be\/actualites\/wp-json\/wp\/v2\/media?parent=12422"}],"wp:term":[{"taxonomy":"category","embeddable":true,"href":"https:\/\/vieassociative.be\/actualites\/wp-json\/wp\/v2\/categories?post=12422"},{"taxonomy":"post_tag","embeddable":true,"href":"https:\/\/vieassociative.be\/actualites\/wp-json\/wp\/v2\/tags?post=12422"}],"curies":[{"name":"wp","href":"https:\/\/api.w.org\/{rel}","templated":true}]}}