{"id":12420,"date":"2026-01-30T12:17:41","date_gmt":"2026-01-30T11:17:41","guid":{"rendered":"https:\/\/vieassociative.be\/actualites\/vous-pouvez-maintenant-demarrer-une-discussion-de-groupe-dans-les-dm-de-spotify-pour-une-raison-quelconque\/"},"modified":"2026-01-30T12:17:41","modified_gmt":"2026-01-30T11:17:41","slug":"vous-pouvez-maintenant-demarrer-une-discussion-de-groupe-dans-les-dm-de-spotify-pour-une-raison-quelconque","status":"publish","type":"post","link":"https:\/\/vieassociative.be\/actualites\/vous-pouvez-maintenant-demarrer-une-discussion-de-groupe-dans-les-dm-de-spotify-pour-une-raison-quelconque\/","title":{"rendered":"Vous pouvez maintenant d\u00e9marrer une discussion de groupe dans les DM de Spotify (pour une raison quelconque)"},"content":{"rendered":"<p>Si vous et vos amis avez les m\u00eames go\u00fbts musicaux, vous vous envoyez probablement des SMS sur ce que vous \u00e9coutez. Je sais que lorsque je tombe sur une nouvelle d\u00e9couverte que j&rsquo;aime \u2013 ou m\u00eame sur quelque chose que je consid\u00e8re comme une poubelle \u2013 je l&rsquo;envoie au chat de groupe pour en parler. Bien s\u00fbr, je transmets simplement la chanson au chat de groupe dans l&rsquo;application Messages, comme toute autre chose que je voudrais envoyer \u00e0 ce groupe. Cependant, si vous disposez de Spotify, vous avez le choix entre une nouvelle option de discussion de groupe\u00a0: Spotify lui-m\u00eame. <\/p>\n<p>Les responsables de Spotify savent peut-\u00eatre d\u00e9j\u00e0 que l&rsquo;application dispose d&rsquo;une fonction de messagerie depuis ao\u00fbt. Bien que l&rsquo;objectif de cette fonctionnalit\u00e9 soit d&rsquo;envoyer du contenu Spotify \u00e0 vos amis, il s&rsquo;agit d&rsquo;un service de messagerie de base, ce qui signifie que vous pouvez envoyer n&rsquo;importe quel texte de votre choix, y compris des emojis. Il est disponible pour tout utilisateur de Spotify, que vous disposiez d&rsquo;un compte Premium ou simplement d&rsquo;un compte gratuit, \u00e0 condition d&rsquo;avoir 16 ans ou plus. Rien de tout cela n\u2019est nouveau aujourd\u2019hui.<\/p>\n<p>Quoi <em>est<\/em> La nouveaut\u00e9 aujourd&rsquo;hui est le nombre de personnes auxquelles vous pouvez envoyer des SMS en m\u00eame temps dans Spotify. Depuis ao\u00fbt, les discussions sont limit\u00e9es \u00e0 des interactions individuelles. D\u00e9sormais, vous pouvez ajouter jusqu&rsquo;\u00e0 neuf autres personnes \u00e0 la fois \u00e0 un fil de discussion. Cela signifie des discussions de groupe de 10 personnes pour parler de nouvelle musique, de podcasts, de livres audio ou, bien s\u00fbr, de n&rsquo;importe quoi d&rsquo;autre, en supposant que vous r\u00e9ellement <em>vouloir<\/em> pour d\u00e9placer vos DM vers Spotify.<\/p>\n<h2 id=\"how-to-start-a-group-chat-on-spotify\">Comment d\u00e9marrer une discussion de groupe sur Spotify<\/h2>\n<p>Pour commencer, ouvrez Spotify sur mobile (cela n&rsquo;est pas pris en charge sur ordinateur pour le moment), puis appuyez sur votre profil dans le coin sup\u00e9rieur droit. Recherchez \u00ab Messages \u00bb au bas de ce menu, puis choisissez \u00ab Nouveau message \u00bb. Si c&rsquo;est la premi\u00e8re fois que vous interagissez avec des personnes sur Spotify, vous devrez inviter d&rsquo;autres personnes \u00e0 discuter avant de pouvoir r\u00e9diger un nouveau message. Ici, vous aurez le choix de partager un lien pour inviter un ami \u00e0 rejoindre votre message. Vous pouvez \u00e9galement trouver cette option dans le menu de partage de n&rsquo;importe quel \u00e9l\u00e9ment de contenu Spotify, en cliquant sur l&rsquo;option \u00ab\u00a0Inviter des amis\u00a0\u00bb. <\/p>\n<p>Une fois que vous avez lanc\u00e9 un message, vous pourrez commencer \u00e0 en cr\u00e9er de nouveaux, y compris des discussions de groupe. Revenez \u00e0 ce menu Messages ou appuyez sur le bouton de partage d&rsquo;une chanson, d&rsquo;un podcast ou d&rsquo;un livre audio, puis choisissez \u00ab\u00a0Cr\u00e9er un groupe\u00a0\u00bb. Ici, appuyez sur les amis parmi les suggestions que vous souhaitez ajouter, puis choisissez \u00e0 nouveau \u00ab\u00a0Cr\u00e9er un groupe\u00a0\u00bb pour finaliser la discussion. Spotify indique que les personnes qui apparaissent dans la liste des suggestions sont celles avec qui vous avez d\u00e9j\u00e0 partag\u00e9 du contenu, cr\u00e9\u00e9 une liste de lecture ou un m\u00e9lange avec lequel vous avez d\u00e9j\u00e0 particip\u00e9, qui ont particip\u00e9 ensemble \u00e0 un Jam \u00ab\u00a0r\u00e9cent\u00a0\u00bb ou qui b\u00e9n\u00e9ficient d&rsquo;un forfait Famille ou Duo actif. S&rsquo;ils n&rsquo;apparaissent pas, vous pouvez toujours choisir l&rsquo;option d&rsquo;invitation pour les contacter directement.<\/p>\n<p>Celui qui cr\u00e9e le groupe en est officiellement l&rsquo;administrateur. En tant qu&rsquo;administrateur, vous avez le pouvoir d&rsquo;ajouter ou de supprimer n&rsquo;importe qui de la discussion de groupe. Si vous participez \u00e0 une discussion de groupe, vous \u00eates \u00e9tiquet\u00e9 comme \u00ab\u00a0Participant\u00a0\u00bb. Les membres invit\u00e9s sont \u00e9tiquet\u00e9s \u00ab\u00a0En attente\u00a0\u00bb. L&rsquo;administrateur ainsi que tous les participants sont autoris\u00e9s \u00e0 bloquer tout utilisateur de discussion de groupe pour quelque raison que ce soit.<\/p>\n<p>Le probl\u00e8me est : voulez-vous vraiment consacrer une discussion de groupe \u00e0 Spotify lui-m\u00eame ? Peut-\u00eatre que si cette fonctionnalit\u00e9 \u00e9tait d\u00e9ploy\u00e9e lors du lancement de l&rsquo;application il y a longtemps, ce serait diff\u00e9rent. Mais les gens sont fig\u00e9s dans leurs habitudes : c&rsquo;est <em>donc<\/em> Il est difficile d&rsquo;amener les gens \u00e0 d\u00e9placer les applications de chat, surtout lorsque c&rsquo;est dans un but sp\u00e9cifique. Plut\u00f4t que d&rsquo;ouvrir un autre fil de discussion \u00e0 suivre, je pense que je pr\u00e9f\u00e8re simplement envoyer des liens vers ma discussion de groupe principale &#8211; et je suppose que les autres membres de la discussion seraient d&rsquo;accord. <\/p>\n<h2 id=\"how-to-turn-off-spotify-messages\">Comment d\u00e9sactiver les messages Spotify<\/h2>\n<p>Si vous ne souhaitez pas du tout utiliser le service de messagerie de Spotify, vous pouvez le laisser de c\u00f4t\u00e9 et \u00e9viter d&rsquo;\u00eatre ajout\u00e9 \u00e0 toutes les futures discussions de groupe et individuelles. Pour ce faire, appuyez sur votre profil, choisissez \u00ab Param\u00e8tres et confidentialit\u00e9 \u00bb, puis cliquez sur \u00ab Confidentialit\u00e9 et r\u00e9seaux sociaux \u00bb. Ici, faites d\u00e9filer jusqu&rsquo;\u00e0 \u00ab Fonctionnalit\u00e9s sociales \u00bb et d\u00e9sactivez \u00ab Messages \u00bb. <\/p>\n","protected":false},"excerpt":{"rendered":"<p>Si vous et vos amis avez les m\u00eames go\u00fbts musicaux, vous vous envoyez probablement des SMS sur ce que vous \u00e9coutez. Je sais que lorsque<\/p>\n","protected":false},"author":1,"featured_media":12421,"comment_status":"","ping_status":"","sticky":false,"template":"","format":"standard","meta":{"footnotes":""},"categories":[13],"tags":[166,991,4048,1827,14,233,81,5,4146,3261,3758,110,4],"class_list":["post-12420","post","type-post","status-publish","format-standard","has-post-thumbnail","hentry","category-technologie","tag-dans","tag-demarrer","tag-discussion","tag-groupe","tag-les","tag-maintenant","tag-pour","tag-pouvez","tag-quelconque","tag-raison","tag-spotify","tag-une","tag-vous","generate-columns","tablet-grid-50","mobile-grid-100","grid-parent","grid-33"],"yoast_head":"<!-- This site is optimized with the Yoast SEO plugin v24.0 - https:\/\/yoast.com\/wordpress\/plugins\/seo\/ -->\n<title>Vous pouvez maintenant d\u00e9marrer une discussion de groupe dans les DM de Spotify (pour une raison quelconque) | Vie Associative<\/title>\n<meta name=\"robots\" content=\"index, follow, max-snippet:-1, max-image-preview:large, max-video-preview:-1\" \/>\n<link rel=\"canonical\" href=\"https:\/\/vieassociative.be\/actualites\/vous-pouvez-maintenant-demarrer-une-discussion-de-groupe-dans-les-dm-de-spotify-pour-une-raison-quelconque\/\" \/>\n<meta property=\"og:locale\" content=\"fr_FR\" \/>\n<meta property=\"og:type\" content=\"article\" \/>\n<meta property=\"og:title\" content=\"Vous pouvez maintenant d\u00e9marrer une discussion de groupe dans les DM de Spotify (pour une raison quelconque) | Vie Associative\" \/>\n<meta property=\"og:description\" content=\"Si vous et vos amis avez les m\u00eames go\u00fbts musicaux, vous vous envoyez probablement des SMS sur ce que vous \u00e9coutez. Je sais que lorsque\" \/>\n<meta property=\"og:url\" content=\"https:\/\/vieassociative.be\/actualites\/vous-pouvez-maintenant-demarrer-une-discussion-de-groupe-dans-les-dm-de-spotify-pour-une-raison-quelconque\/\" \/>\n<meta property=\"og:site_name\" content=\"Vie Associative\" \/>\n<meta property=\"article:published_time\" content=\"2026-01-30T11:17:41+00:00\" \/>\n<meta property=\"og:image\" content=\"https:\/\/vieassociative.be\/actualites\/wp-content\/uploads\/2024\/09\/header_backgroundk-01-e1726694325946.png\" \/>\n\t<meta property=\"og:image:width\" content=\"279\" \/>\n\t<meta property=\"og:image:height\" content=\"92\" \/>\n\t<meta property=\"og:image:type\" content=\"image\/png\" \/>\n<meta name=\"author\" content=\"Julien\" \/>\n<meta name=\"twitter:card\" content=\"summary_large_image\" \/>\n<meta name=\"twitter:label1\" content=\"\u00c9crit par\" \/>\n\t<meta name=\"twitter:data1\" content=\"Julien\" \/>\n\t<meta name=\"twitter:label2\" content=\"Dur\u00e9e de lecture est.\" \/>\n\t<meta name=\"twitter:data2\" content=\"4 minutes\" \/>\n<script type=\"application\/ld+json\" class=\"yoast-schema-graph\">{\"@context\":\"https:\/\/schema.org\",\"@graph\":[{\"@type\":\"Article\",\"@id\":\"https:\/\/vieassociative.be\/actualites\/vous-pouvez-maintenant-demarrer-une-discussion-de-groupe-dans-les-dm-de-spotify-pour-une-raison-quelconque\/#article\",\"isPartOf\":{\"@id\":\"https:\/\/vieassociative.be\/actualites\/vous-pouvez-maintenant-demarrer-une-discussion-de-groupe-dans-les-dm-de-spotify-pour-une-raison-quelconque\/\"},\"author\":{\"name\":\"Julien\",\"@id\":\"https:\/\/vieassociative.be\/actualites\/#\/schema\/person\/b87ac4f82f9d4e7b7cec7395b679edc4\"},\"headline\":\"Vous pouvez maintenant d\u00e9marrer une discussion de groupe dans les DM de Spotify (pour une raison quelconque)\",\"datePublished\":\"2026-01-30T11:17:41+00:00\",\"dateModified\":\"2026-01-30T11:17:41+00:00\",\"mainEntityOfPage\":{\"@id\":\"https:\/\/vieassociative.be\/actualites\/vous-pouvez-maintenant-demarrer-une-discussion-de-groupe-dans-les-dm-de-spotify-pour-une-raison-quelconque\/\"},\"wordCount\":850,\"publisher\":{\"@id\":\"https:\/\/vieassociative.be\/actualites\/#organization\"},\"image\":{\"@id\":\"https:\/\/vieassociative.be\/actualites\/vous-pouvez-maintenant-demarrer-une-discussion-de-groupe-dans-les-dm-de-spotify-pour-une-raison-quelconque\/#primaryimage\"},\"thumbnailUrl\":\"https:\/\/vieassociative.be\/actualites\/wp-content\/uploads\/2026\/01\/Vous-pouvez-maintenant-demarrer-une-discussion-de-groupe-dans-les.jpg\",\"keywords\":[\"dans\",\"d\u00e9marrer\",\"discussion\",\"groupe\",\"Les\",\"maintenant\",\"pour\",\"pouvez\",\"quelconque\",\"raison\",\"Spotify\",\"une\",\"Vous\"],\"articleSection\":[\"Technologie\"],\"inLanguage\":\"fr-BE\"},{\"@type\":\"WebPage\",\"@id\":\"https:\/\/vieassociative.be\/actualites\/vous-pouvez-maintenant-demarrer-une-discussion-de-groupe-dans-les-dm-de-spotify-pour-une-raison-quelconque\/\",\"url\":\"https:\/\/vieassociative.be\/actualites\/vous-pouvez-maintenant-demarrer-une-discussion-de-groupe-dans-les-dm-de-spotify-pour-une-raison-quelconque\/\",\"name\":\"Vous pouvez maintenant d\u00e9marrer une discussion de groupe dans les DM de Spotify (pour une raison quelconque) | Vie Associative\",\"isPartOf\":{\"@id\":\"https:\/\/vieassociative.be\/actualites\/#website\"},\"primaryImageOfPage\":{\"@id\":\"https:\/\/vieassociative.be\/actualites\/vous-pouvez-maintenant-demarrer-une-discussion-de-groupe-dans-les-dm-de-spotify-pour-une-raison-quelconque\/#primaryimage\"},\"image\":{\"@id\":\"https:\/\/vieassociative.be\/actualites\/vous-pouvez-maintenant-demarrer-une-discussion-de-groupe-dans-les-dm-de-spotify-pour-une-raison-quelconque\/#primaryimage\"},\"thumbnailUrl\":\"https:\/\/vieassociative.be\/actualites\/wp-content\/uploads\/2026\/01\/Vous-pouvez-maintenant-demarrer-une-discussion-de-groupe-dans-les.jpg\",\"datePublished\":\"2026-01-30T11:17:41+00:00\",\"dateModified\":\"2026-01-30T11:17:41+00:00\",\"breadcrumb\":{\"@id\":\"https:\/\/vieassociative.be\/actualites\/vous-pouvez-maintenant-demarrer-une-discussion-de-groupe-dans-les-dm-de-spotify-pour-une-raison-quelconque\/#breadcrumb\"},\"inLanguage\":\"fr-BE\",\"potentialAction\":[{\"@type\":\"ReadAction\",\"target\":[\"https:\/\/vieassociative.be\/actualites\/vous-pouvez-maintenant-demarrer-une-discussion-de-groupe-dans-les-dm-de-spotify-pour-une-raison-quelconque\/\"]}]},{\"@type\":\"ImageObject\",\"inLanguage\":\"fr-BE\",\"@id\":\"https:\/\/vieassociative.be\/actualites\/vous-pouvez-maintenant-demarrer-une-discussion-de-groupe-dans-les-dm-de-spotify-pour-une-raison-quelconque\/#primaryimage\",\"url\":\"https:\/\/vieassociative.be\/actualites\/wp-content\/uploads\/2026\/01\/Vous-pouvez-maintenant-demarrer-une-discussion-de-groupe-dans-les.jpg\",\"contentUrl\":\"https:\/\/vieassociative.be\/actualites\/wp-content\/uploads\/2026\/01\/Vous-pouvez-maintenant-demarrer-une-discussion-de-groupe-dans-les.jpg\",\"width\":1200,\"height\":675,\"caption\":\"Vous pouvez maintenant d\u00e9marrer une discussion de groupe dans les DM de Spotify (pour une raison quelconque)\"},{\"@type\":\"BreadcrumbList\",\"@id\":\"https:\/\/vieassociative.be\/actualites\/vous-pouvez-maintenant-demarrer-une-discussion-de-groupe-dans-les-dm-de-spotify-pour-une-raison-quelconque\/#breadcrumb\",\"itemListElement\":[{\"@type\":\"ListItem\",\"position\":1,\"name\":\"Accueil\",\"item\":\"https:\/\/vieassociative.be\/actualites\/\"},{\"@type\":\"ListItem\",\"position\":2,\"name\":\"Vous pouvez maintenant d\u00e9marrer une discussion de groupe dans les DM de Spotify (pour une raison quelconque)\"}]},{\"@type\":\"WebSite\",\"@id\":\"https:\/\/vieassociative.be\/actualites\/#website\",\"url\":\"https:\/\/vieassociative.be\/actualites\/\",\"name\":\"Vie Associative\",\"description\":\"\",\"publisher\":{\"@id\":\"https:\/\/vieassociative.be\/actualites\/#organization\"},\"potentialAction\":[{\"@type\":\"SearchAction\",\"target\":{\"@type\":\"EntryPoint\",\"urlTemplate\":\"https:\/\/vieassociative.be\/actualites\/?s={search_term_string}\"},\"query-input\":{\"@type\":\"PropertyValueSpecification\",\"valueRequired\":true,\"valueName\":\"search_term_string\"}}],\"inLanguage\":\"fr-BE\"},{\"@type\":\"Organization\",\"@id\":\"https:\/\/vieassociative.be\/actualites\/#organization\",\"name\":\"Vie Associative\",\"url\":\"https:\/\/vieassociative.be\/actualites\/\",\"logo\":{\"@type\":\"ImageObject\",\"inLanguage\":\"fr-BE\",\"@id\":\"https:\/\/vieassociative.be\/actualites\/#\/schema\/logo\/image\/\",\"url\":\"https:\/\/vieassociative.be\/actualites\/wp-content\/uploads\/2024\/09\/cropped-vieassociative_favicon.ico.png\",\"contentUrl\":\"https:\/\/vieassociative.be\/actualites\/wp-content\/uploads\/2024\/09\/cropped-vieassociative_favicon.ico.png\",\"width\":512,\"height\":512,\"caption\":\"Vie Associative\"},\"image\":{\"@id\":\"https:\/\/vieassociative.be\/actualites\/#\/schema\/logo\/image\/\"}},{\"@type\":\"Person\",\"@id\":\"https:\/\/vieassociative.be\/actualites\/#\/schema\/person\/b87ac4f82f9d4e7b7cec7395b679edc4\",\"name\":\"Julien\",\"image\":{\"@type\":\"ImageObject\",\"inLanguage\":\"fr-BE\",\"@id\":\"https:\/\/vieassociative.be\/actualites\/#\/schema\/person\/image\/\",\"url\":\"https:\/\/vieassociative.be\/actualites\/wp-content\/uploads\/2024\/09\/vie-associative-1-150x150.jpg\",\"contentUrl\":\"https:\/\/vieassociative.be\/actualites\/wp-content\/uploads\/2024\/09\/vie-associative-1-150x150.jpg\",\"caption\":\"Julien\"},\"description\":\"Je suis Julien, r\u00e9dacteur pour Vie Associative. Passionn\u00e9 par le monde associatif depuis plus de 10 ans, j'ai \u00e0 c\u0153ur de partager des histoires inspirantes et de mettre en lumi\u00e8re les initiatives locales. Mon objectif est de sensibiliser et d'encourager l'engagement communautaire \u00e0 travers mes articles.\",\"sameAs\":[\"https:\/\/vieassociative.be\/\"]}]}<\/script>\n<!-- \/ Yoast SEO plugin. -->","yoast_head_json":{"title":"Vous pouvez maintenant d\u00e9marrer une discussion de groupe dans les DM de Spotify (pour une raison quelconque) | Vie Associative","robots":{"index":"index","follow":"follow","max-snippet":"max-snippet:-1","max-image-preview":"max-image-preview:large","max-video-preview":"max-video-preview:-1"},"canonical":"https:\/\/vieassociative.be\/actualites\/vous-pouvez-maintenant-demarrer-une-discussion-de-groupe-dans-les-dm-de-spotify-pour-une-raison-quelconque\/","og_locale":"fr_FR","og_type":"article","og_title":"Vous pouvez maintenant d\u00e9marrer une discussion de groupe dans les DM de Spotify (pour une raison quelconque) | Vie Associative","og_description":"Si vous et vos amis avez les m\u00eames go\u00fbts musicaux, vous vous envoyez probablement des SMS sur ce que vous \u00e9coutez. Je sais que lorsque","og_url":"https:\/\/vieassociative.be\/actualites\/vous-pouvez-maintenant-demarrer-une-discussion-de-groupe-dans-les-dm-de-spotify-pour-une-raison-quelconque\/","og_site_name":"Vie Associative","article_published_time":"2026-01-30T11:17:41+00:00","og_image":[{"width":279,"height":92,"url":"https:\/\/vieassociative.be\/actualites\/wp-content\/uploads\/2024\/09\/header_backgroundk-01-e1726694325946.png","type":"image\/png"}],"author":"Julien","twitter_card":"summary_large_image","twitter_misc":{"\u00c9crit par":"Julien","Dur\u00e9e de lecture est.":"4 minutes"},"schema":{"@context":"https:\/\/schema.org","@graph":[{"@type":"Article","@id":"https:\/\/vieassociative.be\/actualites\/vous-pouvez-maintenant-demarrer-une-discussion-de-groupe-dans-les-dm-de-spotify-pour-une-raison-quelconque\/#article","isPartOf":{"@id":"https:\/\/vieassociative.be\/actualites\/vous-pouvez-maintenant-demarrer-une-discussion-de-groupe-dans-les-dm-de-spotify-pour-une-raison-quelconque\/"},"author":{"name":"Julien","@id":"https:\/\/vieassociative.be\/actualites\/#\/schema\/person\/b87ac4f82f9d4e7b7cec7395b679edc4"},"headline":"Vous pouvez maintenant d\u00e9marrer une discussion de groupe dans les DM de Spotify (pour une raison quelconque)","datePublished":"2026-01-30T11:17:41+00:00","dateModified":"2026-01-30T11:17:41+00:00","mainEntityOfPage":{"@id":"https:\/\/vieassociative.be\/actualites\/vous-pouvez-maintenant-demarrer-une-discussion-de-groupe-dans-les-dm-de-spotify-pour-une-raison-quelconque\/"},"wordCount":850,"publisher":{"@id":"https:\/\/vieassociative.be\/actualites\/#organization"},"image":{"@id":"https:\/\/vieassociative.be\/actualites\/vous-pouvez-maintenant-demarrer-une-discussion-de-groupe-dans-les-dm-de-spotify-pour-une-raison-quelconque\/#primaryimage"},"thumbnailUrl":"https:\/\/vieassociative.be\/actualites\/wp-content\/uploads\/2026\/01\/Vous-pouvez-maintenant-demarrer-une-discussion-de-groupe-dans-les.jpg","keywords":["dans","d\u00e9marrer","discussion","groupe","Les","maintenant","pour","pouvez","quelconque","raison","Spotify","une","Vous"],"articleSection":["Technologie"],"inLanguage":"fr-BE"},{"@type":"WebPage","@id":"https:\/\/vieassociative.be\/actualites\/vous-pouvez-maintenant-demarrer-une-discussion-de-groupe-dans-les-dm-de-spotify-pour-une-raison-quelconque\/","url":"https:\/\/vieassociative.be\/actualites\/vous-pouvez-maintenant-demarrer-une-discussion-de-groupe-dans-les-dm-de-spotify-pour-une-raison-quelconque\/","name":"Vous pouvez maintenant d\u00e9marrer une discussion de groupe dans les DM de Spotify (pour une raison quelconque) | Vie Associative","isPartOf":{"@id":"https:\/\/vieassociative.be\/actualites\/#website"},"primaryImageOfPage":{"@id":"https:\/\/vieassociative.be\/actualites\/vous-pouvez-maintenant-demarrer-une-discussion-de-groupe-dans-les-dm-de-spotify-pour-une-raison-quelconque\/#primaryimage"},"image":{"@id":"https:\/\/vieassociative.be\/actualites\/vous-pouvez-maintenant-demarrer-une-discussion-de-groupe-dans-les-dm-de-spotify-pour-une-raison-quelconque\/#primaryimage"},"thumbnailUrl":"https:\/\/vieassociative.be\/actualites\/wp-content\/uploads\/2026\/01\/Vous-pouvez-maintenant-demarrer-une-discussion-de-groupe-dans-les.jpg","datePublished":"2026-01-30T11:17:41+00:00","dateModified":"2026-01-30T11:17:41+00:00","breadcrumb":{"@id":"https:\/\/vieassociative.be\/actualites\/vous-pouvez-maintenant-demarrer-une-discussion-de-groupe-dans-les-dm-de-spotify-pour-une-raison-quelconque\/#breadcrumb"},"inLanguage":"fr-BE","potentialAction":[{"@type":"ReadAction","target":["https:\/\/vieassociative.be\/actualites\/vous-pouvez-maintenant-demarrer-une-discussion-de-groupe-dans-les-dm-de-spotify-pour-une-raison-quelconque\/"]}]},{"@type":"ImageObject","inLanguage":"fr-BE","@id":"https:\/\/vieassociative.be\/actualites\/vous-pouvez-maintenant-demarrer-une-discussion-de-groupe-dans-les-dm-de-spotify-pour-une-raison-quelconque\/#primaryimage","url":"https:\/\/vieassociative.be\/actualites\/wp-content\/uploads\/2026\/01\/Vous-pouvez-maintenant-demarrer-une-discussion-de-groupe-dans-les.jpg","contentUrl":"https:\/\/vieassociative.be\/actualites\/wp-content\/uploads\/2026\/01\/Vous-pouvez-maintenant-demarrer-une-discussion-de-groupe-dans-les.jpg","width":1200,"height":675,"caption":"Vous pouvez maintenant d\u00e9marrer une discussion de groupe dans les DM de Spotify (pour une raison quelconque)"},{"@type":"BreadcrumbList","@id":"https:\/\/vieassociative.be\/actualites\/vous-pouvez-maintenant-demarrer-une-discussion-de-groupe-dans-les-dm-de-spotify-pour-une-raison-quelconque\/#breadcrumb","itemListElement":[{"@type":"ListItem","position":1,"name":"Accueil","item":"https:\/\/vieassociative.be\/actualites\/"},{"@type":"ListItem","position":2,"name":"Vous pouvez maintenant d\u00e9marrer une discussion de groupe dans les DM de Spotify (pour une raison quelconque)"}]},{"@type":"WebSite","@id":"https:\/\/vieassociative.be\/actualites\/#website","url":"https:\/\/vieassociative.be\/actualites\/","name":"Vie Associative","description":"","publisher":{"@id":"https:\/\/vieassociative.be\/actualites\/#organization"},"potentialAction":[{"@type":"SearchAction","target":{"@type":"EntryPoint","urlTemplate":"https:\/\/vieassociative.be\/actualites\/?s={search_term_string}"},"query-input":{"@type":"PropertyValueSpecification","valueRequired":true,"valueName":"search_term_string"}}],"inLanguage":"fr-BE"},{"@type":"Organization","@id":"https:\/\/vieassociative.be\/actualites\/#organization","name":"Vie Associative","url":"https:\/\/vieassociative.be\/actualites\/","logo":{"@type":"ImageObject","inLanguage":"fr-BE","@id":"https:\/\/vieassociative.be\/actualites\/#\/schema\/logo\/image\/","url":"https:\/\/vieassociative.be\/actualites\/wp-content\/uploads\/2024\/09\/cropped-vieassociative_favicon.ico.png","contentUrl":"https:\/\/vieassociative.be\/actualites\/wp-content\/uploads\/2024\/09\/cropped-vieassociative_favicon.ico.png","width":512,"height":512,"caption":"Vie Associative"},"image":{"@id":"https:\/\/vieassociative.be\/actualites\/#\/schema\/logo\/image\/"}},{"@type":"Person","@id":"https:\/\/vieassociative.be\/actualites\/#\/schema\/person\/b87ac4f82f9d4e7b7cec7395b679edc4","name":"Julien","image":{"@type":"ImageObject","inLanguage":"fr-BE","@id":"https:\/\/vieassociative.be\/actualites\/#\/schema\/person\/image\/","url":"https:\/\/vieassociative.be\/actualites\/wp-content\/uploads\/2024\/09\/vie-associative-1-150x150.jpg","contentUrl":"https:\/\/vieassociative.be\/actualites\/wp-content\/uploads\/2024\/09\/vie-associative-1-150x150.jpg","caption":"Julien"},"description":"Je suis Julien, r\u00e9dacteur pour Vie Associative. Passionn\u00e9 par le monde associatif depuis plus de 10 ans, j'ai \u00e0 c\u0153ur de partager des histoires inspirantes et de mettre en lumi\u00e8re les initiatives locales. Mon objectif est de sensibiliser et d'encourager l'engagement communautaire \u00e0 travers mes articles.","sameAs":["https:\/\/vieassociative.be\/"]}]}},"_links":{"self":[{"href":"https:\/\/vieassociative.be\/actualites\/wp-json\/wp\/v2\/posts\/12420"}],"collection":[{"href":"https:\/\/vieassociative.be\/actualites\/wp-json\/wp\/v2\/posts"}],"about":[{"href":"https:\/\/vieassociative.be\/actualites\/wp-json\/wp\/v2\/types\/post"}],"author":[{"embeddable":true,"href":"https:\/\/vieassociative.be\/actualites\/wp-json\/wp\/v2\/users\/1"}],"replies":[{"embeddable":true,"href":"https:\/\/vieassociative.be\/actualites\/wp-json\/wp\/v2\/comments?post=12420"}],"version-history":[{"count":0,"href":"https:\/\/vieassociative.be\/actualites\/wp-json\/wp\/v2\/posts\/12420\/revisions"}],"wp:featuredmedia":[{"embeddable":true,"href":"https:\/\/vieassociative.be\/actualites\/wp-json\/wp\/v2\/media\/12421"}],"wp:attachment":[{"href":"https:\/\/vieassociative.be\/actualites\/wp-json\/wp\/v2\/media?parent=12420"}],"wp:term":[{"taxonomy":"category","embeddable":true,"href":"https:\/\/vieassociative.be\/actualites\/wp-json\/wp\/v2\/categories?post=12420"},{"taxonomy":"post_tag","embeddable":true,"href":"https:\/\/vieassociative.be\/actualites\/wp-json\/wp\/v2\/tags?post=12420"}],"curies":[{"name":"wp","href":"https:\/\/api.w.org\/{rel}","templated":true}]}}