{"id":12414,"date":"2026-01-29T19:17:24","date_gmt":"2026-01-29T18:17:24","guid":{"rendered":"https:\/\/vieassociative.be\/actualites\/assez-dexcuses-les-supporters-de-las-eupen-sont-en-colere-et-annoncent-le-boycott-du-match-a-jong-genk\/"},"modified":"2026-01-29T19:17:24","modified_gmt":"2026-01-29T18:17:24","slug":"assez-dexcuses-les-supporters-de-las-eupen-sont-en-colere-et-annoncent-le-boycott-du-match-a-jong-genk","status":"publish","type":"post","link":"https:\/\/vieassociative.be\/actualites\/assez-dexcuses-les-supporters-de-las-eupen-sont-en-colere-et-annoncent-le-boycott-du-match-a-jong-genk\/","title":{"rendered":"\u00ab Assez d\u2019excuses \u00bb : les supporters de l\u2019AS Eupen sont en col\u00e8re et annoncent le boycott du match \u00e0 Jong Genk"},"content":{"rendered":"<p><strong>Les fans \u00e9taient encore confiants en d\u00e9cembre. Le projet de rachat de l&rsquo;AS Eupen par Qatar Sports Investments (QSI) a fait r\u00eaver beaucoup d&rsquo;entre eux d&rsquo;une nouvelle promotion en premi\u00e8re division. Et aujourd&rsquo;hui ? Apr\u00e8s quatre matches de championnat sans victoire, la d\u00e9sillusion se r\u00e9pand.<\/strong><\/p>\n<p><span id=\"more-434909\"><\/span>Certains fans sont m\u00eame indign\u00e9s. Les Ultras du \u00ab Crew Neau \u00bb ont publi\u00e9 une lettre sur les r\u00e9seaux sociaux dans laquelle ils annoncent qu&rsquo;ils souhaitent rester \u00e0 l&rsquo;\u00e9cart du prochain match de championnat \u00e0 Jong Genk en signe de protestation.<\/p>\n<p>Le \u00ab Crew Neau \u00bb a \u00e9t\u00e9 fond\u00e9 apr\u00e8s la dissolution du fan club des \u00ab Zebras Eupen \u00bb en 2021. L&#8217;emplacement de l&rsquo;\u00e9quipe de 60 personnes est situ\u00e9 au centre derri\u00e8re le but de la tribune T2.<\/p>\n<div id=\"attachment_434922\" class=\"wp-caption alignleft\" style=\"max-width: 300px\"><img fetchpriority=\"high\" decoding=\"async\" class=\"wp-image-434922 size-medium\" src=\"https:\/\/vieassociative.be\/actualites\/wp-content\/uploads\/2026\/01\/Assez-dexcuses-les-supporters-de-lAS-Eupen.jpg\" alt=\"\" width=\"300\" height=\"300\"  ><\/div>\n<p>Pourquoi un boycott des fans ? \u00ab\u00a0Pas par indiff\u00e9rence. Pas par commodit\u00e9. Et certainement pas parce que nous ne nous soucions pas de ce club. Mais parce qu&rsquo;\u00e0 un moment donn\u00e9, nous arrivons au point o\u00f9 nous devons arr\u00eater de trouver des excuses, des phrases creuses et de fausses promesses qui se r\u00e9p\u00e8tent ann\u00e9e apr\u00e8s ann\u00e9e jusqu&rsquo;\u00e0 ce qu&rsquo;elles ne signifient plus rien\u00a0\u00bb, d\u00e9clare \u00ab\u00a0Crew Neau\u00a0\u00bb.<\/p>\n<p>Les gens \u00e9coutent \u00ab la m\u00eame chanson encore et encore \u00bb depuis des mois. On parle de promotion, mais nous sommes d\u00e9j\u00e0 \u00e0 cinq points de la sixi\u00e8me place. \u00ab\u00a0Nous en avons assez des matchs dans lesquels le football ne se d\u00e9roule que par phases. Quinze minutes d&rsquo;effort ne suffisent pas. Quarante-cinq minutes de combat ne suffisent pas. Soixante minutes de volont\u00e9 ne suffisent pas. Ce que nous attendons, ce sont quatre-vingt-dix minutes &#8211; semaine apr\u00e8s semaine &#8211; pendant lesquelles tout reste sur le terrain. \u00c0 chaque entra\u00eenement. \u00c0 chaque match. Sans exception. Sans alibi.\u00a0\u00bb<\/p>\n<p>La lettre de \u00ab\u00a0Crew Neau\u00a0\u00bb continue : \u00ab\u00a0Cela fait des ann\u00e9es que nous voyageons dans toute la Belgique. Nous investissons du temps, de l&rsquo;argent, des jours de vacances, des nerfs. Nous soutenons cette \u00e9quipe, quelle que soit la m\u00e9t\u00e9o. Et ce que nous recevons trop souvent, c&rsquo;est la d\u00e9ception &#8211; tant sur le plan sportif que mental. Un langage corporel sans feu. Des performances sans conviction. Des ambitions de promotion sans cons\u00e9quences.\u00a0\u00bb<\/p>\n<p>Le boycott du match \u00e0 l\u2019ext\u00e9rieur \u00e0 Jong Genk vendredi (20h \/ en direct sur l\u2019application DAZN) est \u00ab un signal d\u2019alarme \u00bb et \u00ab un foutu signal d\u2019alarme \u00bb. Enfin, il est dit : \u00ab\u00a0Si vous voulez \u00eatre promu, montrez-le. Pas dans les interviews. Pas sur les r\u00e9seaux sociaux. Mais l\u00e0 o\u00f9 cela compte : sur le terrain ! Depuis le premier \u00e9chauffement. Jusqu&rsquo;\u00e0 la derni\u00e8re seconde &#8211; que ce soit apr\u00e8s 90 minutes ou au-del\u00e0. Et cela s&rsquo;applique \u00e0 tout le monde. Joueurs. Entra\u00eeneurs. Personnel. Responsables. Chaque d\u00e9cision. Chaque geste. Chaque langage corporel. Chaque mot en public. Nous voulons voir une \u00e9quipe en feu. Qui se bat. Prend ses responsabilit\u00e9s. Devenir \u00e9veill\u00e9 \u2013 rester ta t\u00eate haute \u2013 poitrine dehors. (cr\u00e9er)<\/p>\n<p><em><strong>Sur le sujet, voir aussi l&rsquo;article suivant sur l&rsquo;OD :<\/strong><\/em><\/p>\n<div class=\"responsive-embed widescreen\">\n<blockquote class=\"wp-embedded-content\" data-secret=\"08eavP9INc\">\n<p>1:1 \u2013 L&rsquo;AS Eupen c\u00e8de \u00e0 nouveau la t\u00eate \u2013 d\u00e9j\u00e0 \u00e0 cinq points de la 6\u00e8me place du classement<\/p>\n<\/blockquote>\n<p><iframe loading=\"lazy\" class=\"wp-embedded-content\" sandbox=\"allow-scripts\" security=\"restricted\" style=\"position: absolute; visibility: hidden;\" title=\"\u201e1:1 \u2013 AS Eupen gibt wieder Vorsprung aus der Hand \u2013 Schon f\u00fcnf Punkte R\u00fcckstand auf Tabellenplatz 6\u201c \u2013 Ostbelgien Direkt\" src=\"https:\/\/ostbelgiendirekt.be\/about:blank\" data-secret=\"08eavP9INc\" width=\"500\" height=\"282\" frameborder=\"0\" marginwidth=\"0\" marginheight=\"0\" scrolling=\"no\" data-rocket-lazyload=\"fitvidscompatible\" data-lazy-src=\"https:\/\/ostbelgiendirekt.be\/11-as-eupen-lokeren-434810\/embed#?secret=N4wRfAv05T#?secret=08eavP9INc\"><\/iframe><noscript><iframe class=\"wp-embedded-content\" sandbox=\"allow-scripts\" security=\"restricted\" style=\"position: absolute; visibility: hidden;\" title=\"\u201e1:1 \u2013 AS Eupen gibt wieder Vorsprung aus der Hand \u2013 Schon f\u00fcnf Punkte R\u00fcckstand auf Tabellenplatz 6\u201c \u2013 Ostbelgien Direkt\" src=\"https:\/\/ostbelgiendirekt.be\/11-as-eupen-lokeren-434810\/embed#?secret=N4wRfAv05T#?secret=08eavP9INc\" data-secret=\"08eavP9INc\" width=\"500\" height=\"282\" frameborder=\"0\" marginwidth=\"0\" marginheight=\"0\" scrolling=\"no\"><\/iframe><\/noscript><\/p>\n<\/div>\n","protected":false},"excerpt":{"rendered":"<p>Les fans \u00e9taient encore confiants en d\u00e9cembre. Le projet de rachat de l&rsquo;AS Eupen par Qatar Sports Investments (QSI) a fait r\u00eaver beaucoup d&rsquo;entre eux<\/p>\n","protected":false},"author":1,"featured_media":12415,"comment_status":"","ping_status":"","sticky":false,"template":"","format":"standard","meta":{"footnotes":""},"categories":[298],"tags":[9887,1596,9452,2363,9886,2329,932,5376,2353,14,2685,18,2962],"class_list":["post-12414","post","type-post","status-publish","format-standard","has-post-thumbnail","hentry","category-belgique","tag-annoncent","tag-assez","tag-boycott","tag-colere","tag-dexcuses","tag-eupen","tag-genk","tag-jong","tag-las","tag-les","tag-match","tag-sont","tag-supporters","generate-columns","tablet-grid-50","mobile-grid-100","grid-parent","grid-33"],"yoast_head":"<!-- This site is optimized with the Yoast SEO plugin v24.0 - https:\/\/yoast.com\/wordpress\/plugins\/seo\/ -->\n<title>\u00ab Assez d\u2019excuses \u00bb : les supporters de l\u2019AS Eupen sont en col\u00e8re et annoncent le boycott du match \u00e0 Jong Genk | Vie Associative<\/title>\n<meta name=\"robots\" content=\"index, follow, max-snippet:-1, max-image-preview:large, max-video-preview:-1\" \/>\n<link rel=\"canonical\" href=\"https:\/\/vieassociative.be\/actualites\/assez-dexcuses-les-supporters-de-las-eupen-sont-en-colere-et-annoncent-le-boycott-du-match-a-jong-genk\/\" \/>\n<meta property=\"og:locale\" content=\"fr_FR\" \/>\n<meta property=\"og:type\" content=\"article\" \/>\n<meta property=\"og:title\" content=\"\u00ab Assez d\u2019excuses \u00bb : les supporters de l\u2019AS Eupen sont en col\u00e8re et annoncent le boycott du match \u00e0 Jong Genk | Vie Associative\" \/>\n<meta property=\"og:description\" content=\"Les fans \u00e9taient encore confiants en d\u00e9cembre. Le projet de rachat de l&rsquo;AS Eupen par Qatar Sports Investments (QSI) a fait r\u00eaver beaucoup d&rsquo;entre eux\" \/>\n<meta property=\"og:url\" content=\"https:\/\/vieassociative.be\/actualites\/assez-dexcuses-les-supporters-de-las-eupen-sont-en-colere-et-annoncent-le-boycott-du-match-a-jong-genk\/\" \/>\n<meta property=\"og:site_name\" content=\"Vie Associative\" \/>\n<meta property=\"article:published_time\" content=\"2026-01-29T18:17:24+00:00\" \/>\n<meta property=\"og:image\" content=\"https:\/\/vieassociative.be\/actualites\/wp-content\/uploads\/2024\/09\/header_backgroundk-01-e1726694325946.png\" \/>\n\t<meta property=\"og:image:width\" content=\"279\" \/>\n\t<meta property=\"og:image:height\" content=\"92\" \/>\n\t<meta property=\"og:image:type\" content=\"image\/png\" \/>\n<meta name=\"author\" content=\"Julien\" \/>\n<meta name=\"twitter:card\" content=\"summary_large_image\" \/>\n<meta name=\"twitter:label1\" content=\"\u00c9crit par\" \/>\n\t<meta name=\"twitter:data1\" content=\"Julien\" \/>\n\t<meta name=\"twitter:label2\" content=\"Dur\u00e9e de lecture est.\" \/>\n\t<meta name=\"twitter:data2\" content=\"3 minutes\" \/>\n<script type=\"application\/ld+json\" class=\"yoast-schema-graph\">{\"@context\":\"https:\/\/schema.org\",\"@graph\":[{\"@type\":\"Article\",\"@id\":\"https:\/\/vieassociative.be\/actualites\/assez-dexcuses-les-supporters-de-las-eupen-sont-en-colere-et-annoncent-le-boycott-du-match-a-jong-genk\/#article\",\"isPartOf\":{\"@id\":\"https:\/\/vieassociative.be\/actualites\/assez-dexcuses-les-supporters-de-las-eupen-sont-en-colere-et-annoncent-le-boycott-du-match-a-jong-genk\/\"},\"author\":{\"name\":\"Julien\",\"@id\":\"https:\/\/vieassociative.be\/actualites\/#\/schema\/person\/b87ac4f82f9d4e7b7cec7395b679edc4\"},\"headline\":\"\u00ab Assez d\u2019excuses \u00bb : les supporters de l\u2019AS Eupen sont en col\u00e8re et annoncent le boycott du match \u00e0 Jong Genk\",\"datePublished\":\"2026-01-29T18:17:24+00:00\",\"dateModified\":\"2026-01-29T18:17:24+00:00\",\"mainEntityOfPage\":{\"@id\":\"https:\/\/vieassociative.be\/actualites\/assez-dexcuses-les-supporters-de-las-eupen-sont-en-colere-et-annoncent-le-boycott-du-match-a-jong-genk\/\"},\"wordCount\":555,\"publisher\":{\"@id\":\"https:\/\/vieassociative.be\/actualites\/#organization\"},\"image\":{\"@id\":\"https:\/\/vieassociative.be\/actualites\/assez-dexcuses-les-supporters-de-las-eupen-sont-en-colere-et-annoncent-le-boycott-du-match-a-jong-genk\/#primaryimage\"},\"thumbnailUrl\":\"https:\/\/vieassociative.be\/actualites\/wp-content\/uploads\/2026\/01\/1769710644_Assez-dexcuses-les-supporters-de-lAS-Eupen.jpg\",\"keywords\":[\"annoncent\",\"assez\",\"boycott\",\"col\u00e8re\",\"dexcuses\",\"Eupen\",\"Genk\",\"Jong\",\"lAS\",\"Les\",\"match\",\"sont\",\"supporters\"],\"articleSection\":[\"Belgique\"],\"inLanguage\":\"fr-BE\"},{\"@type\":\"WebPage\",\"@id\":\"https:\/\/vieassociative.be\/actualites\/assez-dexcuses-les-supporters-de-las-eupen-sont-en-colere-et-annoncent-le-boycott-du-match-a-jong-genk\/\",\"url\":\"https:\/\/vieassociative.be\/actualites\/assez-dexcuses-les-supporters-de-las-eupen-sont-en-colere-et-annoncent-le-boycott-du-match-a-jong-genk\/\",\"name\":\"\u00ab Assez d\u2019excuses \u00bb : les supporters de l\u2019AS Eupen sont en col\u00e8re et annoncent le boycott du match \u00e0 Jong Genk | Vie Associative\",\"isPartOf\":{\"@id\":\"https:\/\/vieassociative.be\/actualites\/#website\"},\"primaryImageOfPage\":{\"@id\":\"https:\/\/vieassociative.be\/actualites\/assez-dexcuses-les-supporters-de-las-eupen-sont-en-colere-et-annoncent-le-boycott-du-match-a-jong-genk\/#primaryimage\"},\"image\":{\"@id\":\"https:\/\/vieassociative.be\/actualites\/assez-dexcuses-les-supporters-de-las-eupen-sont-en-colere-et-annoncent-le-boycott-du-match-a-jong-genk\/#primaryimage\"},\"thumbnailUrl\":\"https:\/\/vieassociative.be\/actualites\/wp-content\/uploads\/2026\/01\/1769710644_Assez-dexcuses-les-supporters-de-lAS-Eupen.jpg\",\"datePublished\":\"2026-01-29T18:17:24+00:00\",\"dateModified\":\"2026-01-29T18:17:24+00:00\",\"breadcrumb\":{\"@id\":\"https:\/\/vieassociative.be\/actualites\/assez-dexcuses-les-supporters-de-las-eupen-sont-en-colere-et-annoncent-le-boycott-du-match-a-jong-genk\/#breadcrumb\"},\"inLanguage\":\"fr-BE\",\"potentialAction\":[{\"@type\":\"ReadAction\",\"target\":[\"https:\/\/vieassociative.be\/actualites\/assez-dexcuses-les-supporters-de-las-eupen-sont-en-colere-et-annoncent-le-boycott-du-match-a-jong-genk\/\"]}]},{\"@type\":\"ImageObject\",\"inLanguage\":\"fr-BE\",\"@id\":\"https:\/\/vieassociative.be\/actualites\/assez-dexcuses-les-supporters-de-las-eupen-sont-en-colere-et-annoncent-le-boycott-du-match-a-jong-genk\/#primaryimage\",\"url\":\"https:\/\/vieassociative.be\/actualites\/wp-content\/uploads\/2026\/01\/1769710644_Assez-dexcuses-les-supporters-de-lAS-Eupen.jpg\",\"contentUrl\":\"https:\/\/vieassociative.be\/actualites\/wp-content\/uploads\/2026\/01\/1769710644_Assez-dexcuses-les-supporters-de-lAS-Eupen.jpg\",\"width\":1200,\"height\":800,\"caption\":\"\u00ab Assez d\u2019excuses \u00bb : les supporters de l\u2019AS Eupen sont en col\u00e8re et annoncent le boycott du match \u00e0 Jong Genk\"},{\"@type\":\"BreadcrumbList\",\"@id\":\"https:\/\/vieassociative.be\/actualites\/assez-dexcuses-les-supporters-de-las-eupen-sont-en-colere-et-annoncent-le-boycott-du-match-a-jong-genk\/#breadcrumb\",\"itemListElement\":[{\"@type\":\"ListItem\",\"position\":1,\"name\":\"Accueil\",\"item\":\"https:\/\/vieassociative.be\/actualites\/\"},{\"@type\":\"ListItem\",\"position\":2,\"name\":\"\u00ab Assez d\u2019excuses \u00bb : les supporters de l\u2019AS Eupen sont en col\u00e8re et annoncent le boycott du match \u00e0 Jong Genk\"}]},{\"@type\":\"WebSite\",\"@id\":\"https:\/\/vieassociative.be\/actualites\/#website\",\"url\":\"https:\/\/vieassociative.be\/actualites\/\",\"name\":\"Vie Associative\",\"description\":\"\",\"publisher\":{\"@id\":\"https:\/\/vieassociative.be\/actualites\/#organization\"},\"potentialAction\":[{\"@type\":\"SearchAction\",\"target\":{\"@type\":\"EntryPoint\",\"urlTemplate\":\"https:\/\/vieassociative.be\/actualites\/?s={search_term_string}\"},\"query-input\":{\"@type\":\"PropertyValueSpecification\",\"valueRequired\":true,\"valueName\":\"search_term_string\"}}],\"inLanguage\":\"fr-BE\"},{\"@type\":\"Organization\",\"@id\":\"https:\/\/vieassociative.be\/actualites\/#organization\",\"name\":\"Vie Associative\",\"url\":\"https:\/\/vieassociative.be\/actualites\/\",\"logo\":{\"@type\":\"ImageObject\",\"inLanguage\":\"fr-BE\",\"@id\":\"https:\/\/vieassociative.be\/actualites\/#\/schema\/logo\/image\/\",\"url\":\"https:\/\/vieassociative.be\/actualites\/wp-content\/uploads\/2024\/09\/cropped-vieassociative_favicon.ico.png\",\"contentUrl\":\"https:\/\/vieassociative.be\/actualites\/wp-content\/uploads\/2024\/09\/cropped-vieassociative_favicon.ico.png\",\"width\":512,\"height\":512,\"caption\":\"Vie Associative\"},\"image\":{\"@id\":\"https:\/\/vieassociative.be\/actualites\/#\/schema\/logo\/image\/\"}},{\"@type\":\"Person\",\"@id\":\"https:\/\/vieassociative.be\/actualites\/#\/schema\/person\/b87ac4f82f9d4e7b7cec7395b679edc4\",\"name\":\"Julien\",\"image\":{\"@type\":\"ImageObject\",\"inLanguage\":\"fr-BE\",\"@id\":\"https:\/\/vieassociative.be\/actualites\/#\/schema\/person\/image\/\",\"url\":\"https:\/\/vieassociative.be\/actualites\/wp-content\/uploads\/2024\/09\/vie-associative-1-150x150.jpg\",\"contentUrl\":\"https:\/\/vieassociative.be\/actualites\/wp-content\/uploads\/2024\/09\/vie-associative-1-150x150.jpg\",\"caption\":\"Julien\"},\"description\":\"Je suis Julien, r\u00e9dacteur pour Vie Associative. Passionn\u00e9 par le monde associatif depuis plus de 10 ans, j'ai \u00e0 c\u0153ur de partager des histoires inspirantes et de mettre en lumi\u00e8re les initiatives locales. Mon objectif est de sensibiliser et d'encourager l'engagement communautaire \u00e0 travers mes articles.\",\"sameAs\":[\"https:\/\/vieassociative.be\/\"]}]}<\/script>\n<!-- \/ Yoast SEO plugin. -->","yoast_head_json":{"title":"\u00ab Assez d\u2019excuses \u00bb : les supporters de l\u2019AS Eupen sont en col\u00e8re et annoncent le boycott du match \u00e0 Jong Genk | Vie Associative","robots":{"index":"index","follow":"follow","max-snippet":"max-snippet:-1","max-image-preview":"max-image-preview:large","max-video-preview":"max-video-preview:-1"},"canonical":"https:\/\/vieassociative.be\/actualites\/assez-dexcuses-les-supporters-de-las-eupen-sont-en-colere-et-annoncent-le-boycott-du-match-a-jong-genk\/","og_locale":"fr_FR","og_type":"article","og_title":"\u00ab Assez d\u2019excuses \u00bb : les supporters de l\u2019AS Eupen sont en col\u00e8re et annoncent le boycott du match \u00e0 Jong Genk | Vie Associative","og_description":"Les fans \u00e9taient encore confiants en d\u00e9cembre. Le projet de rachat de l&rsquo;AS Eupen par Qatar Sports Investments (QSI) a fait r\u00eaver beaucoup d&rsquo;entre eux","og_url":"https:\/\/vieassociative.be\/actualites\/assez-dexcuses-les-supporters-de-las-eupen-sont-en-colere-et-annoncent-le-boycott-du-match-a-jong-genk\/","og_site_name":"Vie Associative","article_published_time":"2026-01-29T18:17:24+00:00","og_image":[{"width":279,"height":92,"url":"https:\/\/vieassociative.be\/actualites\/wp-content\/uploads\/2024\/09\/header_backgroundk-01-e1726694325946.png","type":"image\/png"}],"author":"Julien","twitter_card":"summary_large_image","twitter_misc":{"\u00c9crit par":"Julien","Dur\u00e9e de lecture est.":"3 minutes"},"schema":{"@context":"https:\/\/schema.org","@graph":[{"@type":"Article","@id":"https:\/\/vieassociative.be\/actualites\/assez-dexcuses-les-supporters-de-las-eupen-sont-en-colere-et-annoncent-le-boycott-du-match-a-jong-genk\/#article","isPartOf":{"@id":"https:\/\/vieassociative.be\/actualites\/assez-dexcuses-les-supporters-de-las-eupen-sont-en-colere-et-annoncent-le-boycott-du-match-a-jong-genk\/"},"author":{"name":"Julien","@id":"https:\/\/vieassociative.be\/actualites\/#\/schema\/person\/b87ac4f82f9d4e7b7cec7395b679edc4"},"headline":"\u00ab Assez d\u2019excuses \u00bb : les supporters de l\u2019AS Eupen sont en col\u00e8re et annoncent le boycott du match \u00e0 Jong Genk","datePublished":"2026-01-29T18:17:24+00:00","dateModified":"2026-01-29T18:17:24+00:00","mainEntityOfPage":{"@id":"https:\/\/vieassociative.be\/actualites\/assez-dexcuses-les-supporters-de-las-eupen-sont-en-colere-et-annoncent-le-boycott-du-match-a-jong-genk\/"},"wordCount":555,"publisher":{"@id":"https:\/\/vieassociative.be\/actualites\/#organization"},"image":{"@id":"https:\/\/vieassociative.be\/actualites\/assez-dexcuses-les-supporters-de-las-eupen-sont-en-colere-et-annoncent-le-boycott-du-match-a-jong-genk\/#primaryimage"},"thumbnailUrl":"https:\/\/vieassociative.be\/actualites\/wp-content\/uploads\/2026\/01\/1769710644_Assez-dexcuses-les-supporters-de-lAS-Eupen.jpg","keywords":["annoncent","assez","boycott","col\u00e8re","dexcuses","Eupen","Genk","Jong","lAS","Les","match","sont","supporters"],"articleSection":["Belgique"],"inLanguage":"fr-BE"},{"@type":"WebPage","@id":"https:\/\/vieassociative.be\/actualites\/assez-dexcuses-les-supporters-de-las-eupen-sont-en-colere-et-annoncent-le-boycott-du-match-a-jong-genk\/","url":"https:\/\/vieassociative.be\/actualites\/assez-dexcuses-les-supporters-de-las-eupen-sont-en-colere-et-annoncent-le-boycott-du-match-a-jong-genk\/","name":"\u00ab Assez d\u2019excuses \u00bb : les supporters de l\u2019AS Eupen sont en col\u00e8re et annoncent le boycott du match \u00e0 Jong Genk | Vie Associative","isPartOf":{"@id":"https:\/\/vieassociative.be\/actualites\/#website"},"primaryImageOfPage":{"@id":"https:\/\/vieassociative.be\/actualites\/assez-dexcuses-les-supporters-de-las-eupen-sont-en-colere-et-annoncent-le-boycott-du-match-a-jong-genk\/#primaryimage"},"image":{"@id":"https:\/\/vieassociative.be\/actualites\/assez-dexcuses-les-supporters-de-las-eupen-sont-en-colere-et-annoncent-le-boycott-du-match-a-jong-genk\/#primaryimage"},"thumbnailUrl":"https:\/\/vieassociative.be\/actualites\/wp-content\/uploads\/2026\/01\/1769710644_Assez-dexcuses-les-supporters-de-lAS-Eupen.jpg","datePublished":"2026-01-29T18:17:24+00:00","dateModified":"2026-01-29T18:17:24+00:00","breadcrumb":{"@id":"https:\/\/vieassociative.be\/actualites\/assez-dexcuses-les-supporters-de-las-eupen-sont-en-colere-et-annoncent-le-boycott-du-match-a-jong-genk\/#breadcrumb"},"inLanguage":"fr-BE","potentialAction":[{"@type":"ReadAction","target":["https:\/\/vieassociative.be\/actualites\/assez-dexcuses-les-supporters-de-las-eupen-sont-en-colere-et-annoncent-le-boycott-du-match-a-jong-genk\/"]}]},{"@type":"ImageObject","inLanguage":"fr-BE","@id":"https:\/\/vieassociative.be\/actualites\/assez-dexcuses-les-supporters-de-las-eupen-sont-en-colere-et-annoncent-le-boycott-du-match-a-jong-genk\/#primaryimage","url":"https:\/\/vieassociative.be\/actualites\/wp-content\/uploads\/2026\/01\/1769710644_Assez-dexcuses-les-supporters-de-lAS-Eupen.jpg","contentUrl":"https:\/\/vieassociative.be\/actualites\/wp-content\/uploads\/2026\/01\/1769710644_Assez-dexcuses-les-supporters-de-lAS-Eupen.jpg","width":1200,"height":800,"caption":"\u00ab Assez d\u2019excuses \u00bb : les supporters de l\u2019AS Eupen sont en col\u00e8re et annoncent le boycott du match \u00e0 Jong Genk"},{"@type":"BreadcrumbList","@id":"https:\/\/vieassociative.be\/actualites\/assez-dexcuses-les-supporters-de-las-eupen-sont-en-colere-et-annoncent-le-boycott-du-match-a-jong-genk\/#breadcrumb","itemListElement":[{"@type":"ListItem","position":1,"name":"Accueil","item":"https:\/\/vieassociative.be\/actualites\/"},{"@type":"ListItem","position":2,"name":"\u00ab Assez d\u2019excuses \u00bb : les supporters de l\u2019AS Eupen sont en col\u00e8re et annoncent le boycott du match \u00e0 Jong Genk"}]},{"@type":"WebSite","@id":"https:\/\/vieassociative.be\/actualites\/#website","url":"https:\/\/vieassociative.be\/actualites\/","name":"Vie Associative","description":"","publisher":{"@id":"https:\/\/vieassociative.be\/actualites\/#organization"},"potentialAction":[{"@type":"SearchAction","target":{"@type":"EntryPoint","urlTemplate":"https:\/\/vieassociative.be\/actualites\/?s={search_term_string}"},"query-input":{"@type":"PropertyValueSpecification","valueRequired":true,"valueName":"search_term_string"}}],"inLanguage":"fr-BE"},{"@type":"Organization","@id":"https:\/\/vieassociative.be\/actualites\/#organization","name":"Vie Associative","url":"https:\/\/vieassociative.be\/actualites\/","logo":{"@type":"ImageObject","inLanguage":"fr-BE","@id":"https:\/\/vieassociative.be\/actualites\/#\/schema\/logo\/image\/","url":"https:\/\/vieassociative.be\/actualites\/wp-content\/uploads\/2024\/09\/cropped-vieassociative_favicon.ico.png","contentUrl":"https:\/\/vieassociative.be\/actualites\/wp-content\/uploads\/2024\/09\/cropped-vieassociative_favicon.ico.png","width":512,"height":512,"caption":"Vie Associative"},"image":{"@id":"https:\/\/vieassociative.be\/actualites\/#\/schema\/logo\/image\/"}},{"@type":"Person","@id":"https:\/\/vieassociative.be\/actualites\/#\/schema\/person\/b87ac4f82f9d4e7b7cec7395b679edc4","name":"Julien","image":{"@type":"ImageObject","inLanguage":"fr-BE","@id":"https:\/\/vieassociative.be\/actualites\/#\/schema\/person\/image\/","url":"https:\/\/vieassociative.be\/actualites\/wp-content\/uploads\/2024\/09\/vie-associative-1-150x150.jpg","contentUrl":"https:\/\/vieassociative.be\/actualites\/wp-content\/uploads\/2024\/09\/vie-associative-1-150x150.jpg","caption":"Julien"},"description":"Je suis Julien, r\u00e9dacteur pour Vie Associative. Passionn\u00e9 par le monde associatif depuis plus de 10 ans, j'ai \u00e0 c\u0153ur de partager des histoires inspirantes et de mettre en lumi\u00e8re les initiatives locales. Mon objectif est de sensibiliser et d'encourager l'engagement communautaire \u00e0 travers mes articles.","sameAs":["https:\/\/vieassociative.be\/"]}]}},"_links":{"self":[{"href":"https:\/\/vieassociative.be\/actualites\/wp-json\/wp\/v2\/posts\/12414"}],"collection":[{"href":"https:\/\/vieassociative.be\/actualites\/wp-json\/wp\/v2\/posts"}],"about":[{"href":"https:\/\/vieassociative.be\/actualites\/wp-json\/wp\/v2\/types\/post"}],"author":[{"embeddable":true,"href":"https:\/\/vieassociative.be\/actualites\/wp-json\/wp\/v2\/users\/1"}],"replies":[{"embeddable":true,"href":"https:\/\/vieassociative.be\/actualites\/wp-json\/wp\/v2\/comments?post=12414"}],"version-history":[{"count":0,"href":"https:\/\/vieassociative.be\/actualites\/wp-json\/wp\/v2\/posts\/12414\/revisions"}],"wp:featuredmedia":[{"embeddable":true,"href":"https:\/\/vieassociative.be\/actualites\/wp-json\/wp\/v2\/media\/12415"}],"wp:attachment":[{"href":"https:\/\/vieassociative.be\/actualites\/wp-json\/wp\/v2\/media?parent=12414"}],"wp:term":[{"taxonomy":"category","embeddable":true,"href":"https:\/\/vieassociative.be\/actualites\/wp-json\/wp\/v2\/categories?post=12414"},{"taxonomy":"post_tag","embeddable":true,"href":"https:\/\/vieassociative.be\/actualites\/wp-json\/wp\/v2\/tags?post=12414"}],"curies":[{"name":"wp","href":"https:\/\/api.w.org\/{rel}","templated":true}]}}