{"id":12412,"date":"2026-01-29T18:18:36","date_gmt":"2026-01-29T17:18:36","guid":{"rendered":"https:\/\/vieassociative.be\/actualites\/strava-a-enfin-introduit-la-navigation-par-itineraire-sur-lapple-watch\/"},"modified":"2026-01-29T18:18:36","modified_gmt":"2026-01-29T17:18:36","slug":"strava-a-enfin-introduit-la-navigation-par-itineraire-sur-lapple-watch","status":"publish","type":"post","link":"https:\/\/vieassociative.be\/actualites\/strava-a-enfin-introduit-la-navigation-par-itineraire-sur-lapple-watch\/","title":{"rendered":"Strava a enfin introduit la navigation par itin\u00e9raire sur l&rsquo;Apple Watch"},"content":{"rendered":"<p>Grande nouvelle pour les coureurs poss\u00e9dant une Apple Watch : vous pouvez d\u00e9sormais suivre les itin\u00e9raires Strava directement depuis votre poignet. La navigation par itin\u00e9raire sur les montres compatibles Strava n&rsquo;est pas exactement une nouvelle technologie : elle a simplement \u00e9t\u00e9 inexplicablement absente de la plate-forme Apple jusqu&rsquo;\u00e0 pr\u00e9sent. Dans un article Reddit de l&rsquo;\u00e9quipe produit de Strava, la nouvelle a \u00e9t\u00e9 bien accueillie par les coureurs, les cyclistes et les randonneurs qui se demandent depuis longtemps pourquoi leur Apple Watch ne pouvait pas faire ce que les appareils Garmin et Coros proposent depuis des ann\u00e9es. <\/p>\n<h2 id=\"whats-new-with-stravas-apple-watch-app\">Quoi de neuf avec l&rsquo;application Apple Watch de Strava<\/h2>\n<p>La principale mise \u00e0 jour ici est que les utilisateurs peuvent d\u00e9sormais afficher des cartes directement sur leur Apple Watch pendant leurs activit\u00e9s, voir \u00e0 la fois o\u00f9 ils se dirigent et comment revenir en arri\u00e8re s&rsquo;ils prennent un mauvais virage. Pour les abonn\u00e9s, les itin\u00e9raires enregistr\u00e9s fonctionnent en mains libres et fonctionnent hors ligne, \u00e9liminant ainsi le besoin de retirer votre t\u00e9l\u00e9phone \u00e0 mi-parcours ou \u00e0 mi-trajet pour v\u00e9rifier les itin\u00e9raires.<\/p>\n<p>Pour acc\u00e9der aux itin\u00e9raires directement sur votre montre, appuyez sur la touche <strong>Itin\u00e9raire<\/strong> tout en s\u00e9lectionnant le type de sport que vous enregistrerez.  Une fois que vous avez s\u00e9lectionn\u00e9 l&rsquo;itin\u00e9raire enregistr\u00e9 que vous souhaitez suivre, l&rsquo;activit\u00e9 commencera \u00e0 enregistrer.<\/p>\n<p>Pour acc\u00e9der ensuite \u00e0 la carte pendant l&rsquo;enregistrement de votre activit\u00e9, faites simplement glisser votre doigt vers le haut sur le cadran de votre montre. Une fois sur l&rsquo;\u00e9cran de la carte, vous pourrez suivre votre position en direct et, si elle est ajout\u00e9e, votre itin\u00e9raire enregistr\u00e9. Pour zoomer ou d\u00e9placer la carte, appuyez sur le cadran de la montre pour d\u00e9verrouiller le mode interactif. Si vous souhaitez revenir \u00e0 votre \u00e9cran Stat, appuyez sur l&rsquo;ic\u00f4ne de retour ou utilisez le bouton de d\u00e9filement de la montre.<\/p>\n<p>Parall\u00e8lement \u00e0 la navigation par itin\u00e9raire, Strava a ajout\u00e9 deux fonctionnalit\u00e9s d&rsquo;entra\u00eenement suppl\u00e9mentaires\u00a0:<\/p>\n<ul>\n<li>\n<p><strong>Tours personnalis\u00e9s<\/strong> vous permet de marquer les intervalles d&rsquo;un simple toucher, ce qui est utile pour les courses au tempo, les r\u00e9p\u00e9titions en c\u00f4te ou pour comparer les efforts par rapport \u00e0 vos performances pr\u00e9c\u00e9dentes. <\/p>\n<\/li>\n<li>\n<p><strong>Segments en direct<\/strong> fournir des commentaires en temps r\u00e9el lorsque vous atteignez un segment suivi. Les abonn\u00e9s peuvent voir s&rsquo;ils sont en avance ou en retard sur leur record personnel au fur et \u00e0 mesure, tandis que tous les utilisateurs re\u00e7oivent des mises \u00e0 jour de progression en direct. <\/p>\n<\/li>\n<\/ul>\n<p>Comme toujours, vous pouvez \u00e9galement vous tourner vers des suggestions d&rsquo;itin\u00e9raires tir\u00e9es de l&rsquo;\u00e9norme base de donn\u00e9es d&rsquo;activit\u00e9s de Strava, remplie de chemins r\u00e9els que de vrais utilisateurs ont test\u00e9s et pr\u00e9f\u00e9r\u00e9s.<\/p>\n<h2 id=\"the-bottom-line\">L&rsquo;essentiel<\/h2>\n<p>Pour les utilisateurs d&rsquo;Apple Watch qui se sont habitu\u00e9s \u00e0 contourner les limitations de Strava, cette mise \u00e0 jour est g\u00e9niale. Moins de v\u00e9rifications t\u00e9l\u00e9phoniques signifient plus d\u2019attention sur la route, le sentier ou l\u2019effort lui-m\u00eame. <\/p>\n<p>Cela a peut-\u00eatre pris plus de temps que pr\u00e9vu, mais les utilisateurs d&rsquo;Apple Watch sont enfin rattrap\u00e9s. Reste \u00e0 savoir si cela suffira \u00e0 satisfaire ceux qui ont d\u00e9j\u00e0 migr\u00e9 vers d&rsquo;autres plateformes, mais pour les fid\u00e8les r\u00e9calcitrants, il est temps.<\/p>\n","protected":false},"excerpt":{"rendered":"<p>Grande nouvelle pour les coureurs poss\u00e9dant une Apple Watch : vous pouvez d\u00e9sormais suivre les itin\u00e9raires Strava directement depuis votre poignet. La navigation par itin\u00e9raire<\/p>\n","protected":false},"author":1,"featured_media":12413,"comment_status":"","ping_status":"","sticky":false,"template":"","format":"standard","meta":{"footnotes":""},"categories":[1],"tags":[545,9884,9885,3184,2532,676,4565,33,55],"class_list":["post-12412","post","type-post","status-publish","format-standard","has-post-thumbnail","hentry","category-non-classe","tag-enfin","tag-introduit","tag-itineraire","tag-lapple","tag-navigation","tag-par","tag-strava","tag-sur","tag-watch","generate-columns","tablet-grid-50","mobile-grid-100","grid-parent","grid-33"],"yoast_head":"<!-- This site is optimized with the Yoast SEO plugin v24.0 - https:\/\/yoast.com\/wordpress\/plugins\/seo\/ -->\n<title>Strava a enfin introduit la navigation par itin\u00e9raire sur l&#039;Apple Watch | Vie Associative<\/title>\n<meta name=\"robots\" content=\"index, follow, max-snippet:-1, max-image-preview:large, max-video-preview:-1\" \/>\n<link rel=\"canonical\" href=\"https:\/\/vieassociative.be\/actualites\/strava-a-enfin-introduit-la-navigation-par-itineraire-sur-lapple-watch\/\" \/>\n<meta property=\"og:locale\" content=\"fr_FR\" \/>\n<meta property=\"og:type\" content=\"article\" \/>\n<meta property=\"og:title\" content=\"Strava a enfin introduit la navigation par itin\u00e9raire sur l&#039;Apple Watch | Vie Associative\" \/>\n<meta property=\"og:description\" content=\"Grande nouvelle pour les coureurs poss\u00e9dant une Apple Watch : vous pouvez d\u00e9sormais suivre les itin\u00e9raires Strava directement depuis votre poignet. La navigation par itin\u00e9raire\" \/>\n<meta property=\"og:url\" content=\"https:\/\/vieassociative.be\/actualites\/strava-a-enfin-introduit-la-navigation-par-itineraire-sur-lapple-watch\/\" \/>\n<meta property=\"og:site_name\" content=\"Vie Associative\" \/>\n<meta property=\"article:published_time\" content=\"2026-01-29T17:18:36+00:00\" \/>\n<meta property=\"og:image\" content=\"https:\/\/vieassociative.be\/actualites\/wp-content\/uploads\/2024\/09\/header_backgroundk-01-e1726694325946.png\" \/>\n\t<meta property=\"og:image:width\" content=\"279\" \/>\n\t<meta property=\"og:image:height\" content=\"92\" \/>\n\t<meta property=\"og:image:type\" content=\"image\/png\" \/>\n<meta name=\"author\" content=\"Julien\" \/>\n<meta name=\"twitter:card\" content=\"summary_large_image\" \/>\n<meta name=\"twitter:label1\" content=\"\u00c9crit par\" \/>\n\t<meta name=\"twitter:data1\" content=\"Julien\" \/>\n\t<meta name=\"twitter:label2\" content=\"Dur\u00e9e de lecture est.\" \/>\n\t<meta name=\"twitter:data2\" content=\"3 minutes\" \/>\n<script type=\"application\/ld+json\" class=\"yoast-schema-graph\">{\"@context\":\"https:\/\/schema.org\",\"@graph\":[{\"@type\":\"Article\",\"@id\":\"https:\/\/vieassociative.be\/actualites\/strava-a-enfin-introduit-la-navigation-par-itineraire-sur-lapple-watch\/#article\",\"isPartOf\":{\"@id\":\"https:\/\/vieassociative.be\/actualites\/strava-a-enfin-introduit-la-navigation-par-itineraire-sur-lapple-watch\/\"},\"author\":{\"name\":\"Julien\",\"@id\":\"https:\/\/vieassociative.be\/actualites\/#\/schema\/person\/b87ac4f82f9d4e7b7cec7395b679edc4\"},\"headline\":\"Strava a enfin introduit la navigation par itin\u00e9raire sur l&rsquo;Apple Watch\",\"datePublished\":\"2026-01-29T17:18:36+00:00\",\"dateModified\":\"2026-01-29T17:18:36+00:00\",\"mainEntityOfPage\":{\"@id\":\"https:\/\/vieassociative.be\/actualites\/strava-a-enfin-introduit-la-navigation-par-itineraire-sur-lapple-watch\/\"},\"wordCount\":591,\"publisher\":{\"@id\":\"https:\/\/vieassociative.be\/actualites\/#organization\"},\"image\":{\"@id\":\"https:\/\/vieassociative.be\/actualites\/strava-a-enfin-introduit-la-navigation-par-itineraire-sur-lapple-watch\/#primaryimage\"},\"thumbnailUrl\":\"https:\/\/vieassociative.be\/actualites\/wp-content\/uploads\/2026\/01\/Strava-a-enfin-introduit-la-navigation-par-itineraire-sur-lApple.jpg\",\"keywords\":[\"enfin\",\"introduit\",\"itin\u00e9raire\",\"LApple\",\"navigation\",\"par\",\"Strava\",\"sur\",\"Watch\"],\"inLanguage\":\"fr-BE\"},{\"@type\":\"WebPage\",\"@id\":\"https:\/\/vieassociative.be\/actualites\/strava-a-enfin-introduit-la-navigation-par-itineraire-sur-lapple-watch\/\",\"url\":\"https:\/\/vieassociative.be\/actualites\/strava-a-enfin-introduit-la-navigation-par-itineraire-sur-lapple-watch\/\",\"name\":\"Strava a enfin introduit la navigation par itin\u00e9raire sur l'Apple Watch | Vie Associative\",\"isPartOf\":{\"@id\":\"https:\/\/vieassociative.be\/actualites\/#website\"},\"primaryImageOfPage\":{\"@id\":\"https:\/\/vieassociative.be\/actualites\/strava-a-enfin-introduit-la-navigation-par-itineraire-sur-lapple-watch\/#primaryimage\"},\"image\":{\"@id\":\"https:\/\/vieassociative.be\/actualites\/strava-a-enfin-introduit-la-navigation-par-itineraire-sur-lapple-watch\/#primaryimage\"},\"thumbnailUrl\":\"https:\/\/vieassociative.be\/actualites\/wp-content\/uploads\/2026\/01\/Strava-a-enfin-introduit-la-navigation-par-itineraire-sur-lApple.jpg\",\"datePublished\":\"2026-01-29T17:18:36+00:00\",\"dateModified\":\"2026-01-29T17:18:36+00:00\",\"breadcrumb\":{\"@id\":\"https:\/\/vieassociative.be\/actualites\/strava-a-enfin-introduit-la-navigation-par-itineraire-sur-lapple-watch\/#breadcrumb\"},\"inLanguage\":\"fr-BE\",\"potentialAction\":[{\"@type\":\"ReadAction\",\"target\":[\"https:\/\/vieassociative.be\/actualites\/strava-a-enfin-introduit-la-navigation-par-itineraire-sur-lapple-watch\/\"]}]},{\"@type\":\"ImageObject\",\"inLanguage\":\"fr-BE\",\"@id\":\"https:\/\/vieassociative.be\/actualites\/strava-a-enfin-introduit-la-navigation-par-itineraire-sur-lapple-watch\/#primaryimage\",\"url\":\"https:\/\/vieassociative.be\/actualites\/wp-content\/uploads\/2026\/01\/Strava-a-enfin-introduit-la-navigation-par-itineraire-sur-lApple.jpg\",\"contentUrl\":\"https:\/\/vieassociative.be\/actualites\/wp-content\/uploads\/2026\/01\/Strava-a-enfin-introduit-la-navigation-par-itineraire-sur-lApple.jpg\",\"width\":1200,\"height\":675,\"caption\":\"Strava a enfin introduit la navigation par itin\u00e9raire sur l'Apple Watch\"},{\"@type\":\"BreadcrumbList\",\"@id\":\"https:\/\/vieassociative.be\/actualites\/strava-a-enfin-introduit-la-navigation-par-itineraire-sur-lapple-watch\/#breadcrumb\",\"itemListElement\":[{\"@type\":\"ListItem\",\"position\":1,\"name\":\"Accueil\",\"item\":\"https:\/\/vieassociative.be\/actualites\/\"},{\"@type\":\"ListItem\",\"position\":2,\"name\":\"Strava a enfin introduit la navigation par itin\u00e9raire sur l&rsquo;Apple Watch\"}]},{\"@type\":\"WebSite\",\"@id\":\"https:\/\/vieassociative.be\/actualites\/#website\",\"url\":\"https:\/\/vieassociative.be\/actualites\/\",\"name\":\"Vie Associative\",\"description\":\"\",\"publisher\":{\"@id\":\"https:\/\/vieassociative.be\/actualites\/#organization\"},\"potentialAction\":[{\"@type\":\"SearchAction\",\"target\":{\"@type\":\"EntryPoint\",\"urlTemplate\":\"https:\/\/vieassociative.be\/actualites\/?s={search_term_string}\"},\"query-input\":{\"@type\":\"PropertyValueSpecification\",\"valueRequired\":true,\"valueName\":\"search_term_string\"}}],\"inLanguage\":\"fr-BE\"},{\"@type\":\"Organization\",\"@id\":\"https:\/\/vieassociative.be\/actualites\/#organization\",\"name\":\"Vie Associative\",\"url\":\"https:\/\/vieassociative.be\/actualites\/\",\"logo\":{\"@type\":\"ImageObject\",\"inLanguage\":\"fr-BE\",\"@id\":\"https:\/\/vieassociative.be\/actualites\/#\/schema\/logo\/image\/\",\"url\":\"https:\/\/vieassociative.be\/actualites\/wp-content\/uploads\/2024\/09\/cropped-vieassociative_favicon.ico.png\",\"contentUrl\":\"https:\/\/vieassociative.be\/actualites\/wp-content\/uploads\/2024\/09\/cropped-vieassociative_favicon.ico.png\",\"width\":512,\"height\":512,\"caption\":\"Vie Associative\"},\"image\":{\"@id\":\"https:\/\/vieassociative.be\/actualites\/#\/schema\/logo\/image\/\"}},{\"@type\":\"Person\",\"@id\":\"https:\/\/vieassociative.be\/actualites\/#\/schema\/person\/b87ac4f82f9d4e7b7cec7395b679edc4\",\"name\":\"Julien\",\"image\":{\"@type\":\"ImageObject\",\"inLanguage\":\"fr-BE\",\"@id\":\"https:\/\/vieassociative.be\/actualites\/#\/schema\/person\/image\/\",\"url\":\"https:\/\/vieassociative.be\/actualites\/wp-content\/uploads\/2024\/09\/vie-associative-1-150x150.jpg\",\"contentUrl\":\"https:\/\/vieassociative.be\/actualites\/wp-content\/uploads\/2024\/09\/vie-associative-1-150x150.jpg\",\"caption\":\"Julien\"},\"description\":\"Je suis Julien, r\u00e9dacteur pour Vie Associative. Passionn\u00e9 par le monde associatif depuis plus de 10 ans, j'ai \u00e0 c\u0153ur de partager des histoires inspirantes et de mettre en lumi\u00e8re les initiatives locales. Mon objectif est de sensibiliser et d'encourager l'engagement communautaire \u00e0 travers mes articles.\",\"sameAs\":[\"https:\/\/vieassociative.be\/\"]}]}<\/script>\n<!-- \/ Yoast SEO plugin. -->","yoast_head_json":{"title":"Strava a enfin introduit la navigation par itin\u00e9raire sur l'Apple Watch | Vie Associative","robots":{"index":"index","follow":"follow","max-snippet":"max-snippet:-1","max-image-preview":"max-image-preview:large","max-video-preview":"max-video-preview:-1"},"canonical":"https:\/\/vieassociative.be\/actualites\/strava-a-enfin-introduit-la-navigation-par-itineraire-sur-lapple-watch\/","og_locale":"fr_FR","og_type":"article","og_title":"Strava a enfin introduit la navigation par itin\u00e9raire sur l'Apple Watch | Vie Associative","og_description":"Grande nouvelle pour les coureurs poss\u00e9dant une Apple Watch : vous pouvez d\u00e9sormais suivre les itin\u00e9raires Strava directement depuis votre poignet. La navigation par itin\u00e9raire","og_url":"https:\/\/vieassociative.be\/actualites\/strava-a-enfin-introduit-la-navigation-par-itineraire-sur-lapple-watch\/","og_site_name":"Vie Associative","article_published_time":"2026-01-29T17:18:36+00:00","og_image":[{"width":279,"height":92,"url":"https:\/\/vieassociative.be\/actualites\/wp-content\/uploads\/2024\/09\/header_backgroundk-01-e1726694325946.png","type":"image\/png"}],"author":"Julien","twitter_card":"summary_large_image","twitter_misc":{"\u00c9crit par":"Julien","Dur\u00e9e de lecture est.":"3 minutes"},"schema":{"@context":"https:\/\/schema.org","@graph":[{"@type":"Article","@id":"https:\/\/vieassociative.be\/actualites\/strava-a-enfin-introduit-la-navigation-par-itineraire-sur-lapple-watch\/#article","isPartOf":{"@id":"https:\/\/vieassociative.be\/actualites\/strava-a-enfin-introduit-la-navigation-par-itineraire-sur-lapple-watch\/"},"author":{"name":"Julien","@id":"https:\/\/vieassociative.be\/actualites\/#\/schema\/person\/b87ac4f82f9d4e7b7cec7395b679edc4"},"headline":"Strava a enfin introduit la navigation par itin\u00e9raire sur l&rsquo;Apple Watch","datePublished":"2026-01-29T17:18:36+00:00","dateModified":"2026-01-29T17:18:36+00:00","mainEntityOfPage":{"@id":"https:\/\/vieassociative.be\/actualites\/strava-a-enfin-introduit-la-navigation-par-itineraire-sur-lapple-watch\/"},"wordCount":591,"publisher":{"@id":"https:\/\/vieassociative.be\/actualites\/#organization"},"image":{"@id":"https:\/\/vieassociative.be\/actualites\/strava-a-enfin-introduit-la-navigation-par-itineraire-sur-lapple-watch\/#primaryimage"},"thumbnailUrl":"https:\/\/vieassociative.be\/actualites\/wp-content\/uploads\/2026\/01\/Strava-a-enfin-introduit-la-navigation-par-itineraire-sur-lApple.jpg","keywords":["enfin","introduit","itin\u00e9raire","LApple","navigation","par","Strava","sur","Watch"],"inLanguage":"fr-BE"},{"@type":"WebPage","@id":"https:\/\/vieassociative.be\/actualites\/strava-a-enfin-introduit-la-navigation-par-itineraire-sur-lapple-watch\/","url":"https:\/\/vieassociative.be\/actualites\/strava-a-enfin-introduit-la-navigation-par-itineraire-sur-lapple-watch\/","name":"Strava a enfin introduit la navigation par itin\u00e9raire sur l'Apple Watch | Vie Associative","isPartOf":{"@id":"https:\/\/vieassociative.be\/actualites\/#website"},"primaryImageOfPage":{"@id":"https:\/\/vieassociative.be\/actualites\/strava-a-enfin-introduit-la-navigation-par-itineraire-sur-lapple-watch\/#primaryimage"},"image":{"@id":"https:\/\/vieassociative.be\/actualites\/strava-a-enfin-introduit-la-navigation-par-itineraire-sur-lapple-watch\/#primaryimage"},"thumbnailUrl":"https:\/\/vieassociative.be\/actualites\/wp-content\/uploads\/2026\/01\/Strava-a-enfin-introduit-la-navigation-par-itineraire-sur-lApple.jpg","datePublished":"2026-01-29T17:18:36+00:00","dateModified":"2026-01-29T17:18:36+00:00","breadcrumb":{"@id":"https:\/\/vieassociative.be\/actualites\/strava-a-enfin-introduit-la-navigation-par-itineraire-sur-lapple-watch\/#breadcrumb"},"inLanguage":"fr-BE","potentialAction":[{"@type":"ReadAction","target":["https:\/\/vieassociative.be\/actualites\/strava-a-enfin-introduit-la-navigation-par-itineraire-sur-lapple-watch\/"]}]},{"@type":"ImageObject","inLanguage":"fr-BE","@id":"https:\/\/vieassociative.be\/actualites\/strava-a-enfin-introduit-la-navigation-par-itineraire-sur-lapple-watch\/#primaryimage","url":"https:\/\/vieassociative.be\/actualites\/wp-content\/uploads\/2026\/01\/Strava-a-enfin-introduit-la-navigation-par-itineraire-sur-lApple.jpg","contentUrl":"https:\/\/vieassociative.be\/actualites\/wp-content\/uploads\/2026\/01\/Strava-a-enfin-introduit-la-navigation-par-itineraire-sur-lApple.jpg","width":1200,"height":675,"caption":"Strava a enfin introduit la navigation par itin\u00e9raire sur l'Apple Watch"},{"@type":"BreadcrumbList","@id":"https:\/\/vieassociative.be\/actualites\/strava-a-enfin-introduit-la-navigation-par-itineraire-sur-lapple-watch\/#breadcrumb","itemListElement":[{"@type":"ListItem","position":1,"name":"Accueil","item":"https:\/\/vieassociative.be\/actualites\/"},{"@type":"ListItem","position":2,"name":"Strava a enfin introduit la navigation par itin\u00e9raire sur l&rsquo;Apple Watch"}]},{"@type":"WebSite","@id":"https:\/\/vieassociative.be\/actualites\/#website","url":"https:\/\/vieassociative.be\/actualites\/","name":"Vie Associative","description":"","publisher":{"@id":"https:\/\/vieassociative.be\/actualites\/#organization"},"potentialAction":[{"@type":"SearchAction","target":{"@type":"EntryPoint","urlTemplate":"https:\/\/vieassociative.be\/actualites\/?s={search_term_string}"},"query-input":{"@type":"PropertyValueSpecification","valueRequired":true,"valueName":"search_term_string"}}],"inLanguage":"fr-BE"},{"@type":"Organization","@id":"https:\/\/vieassociative.be\/actualites\/#organization","name":"Vie Associative","url":"https:\/\/vieassociative.be\/actualites\/","logo":{"@type":"ImageObject","inLanguage":"fr-BE","@id":"https:\/\/vieassociative.be\/actualites\/#\/schema\/logo\/image\/","url":"https:\/\/vieassociative.be\/actualites\/wp-content\/uploads\/2024\/09\/cropped-vieassociative_favicon.ico.png","contentUrl":"https:\/\/vieassociative.be\/actualites\/wp-content\/uploads\/2024\/09\/cropped-vieassociative_favicon.ico.png","width":512,"height":512,"caption":"Vie Associative"},"image":{"@id":"https:\/\/vieassociative.be\/actualites\/#\/schema\/logo\/image\/"}},{"@type":"Person","@id":"https:\/\/vieassociative.be\/actualites\/#\/schema\/person\/b87ac4f82f9d4e7b7cec7395b679edc4","name":"Julien","image":{"@type":"ImageObject","inLanguage":"fr-BE","@id":"https:\/\/vieassociative.be\/actualites\/#\/schema\/person\/image\/","url":"https:\/\/vieassociative.be\/actualites\/wp-content\/uploads\/2024\/09\/vie-associative-1-150x150.jpg","contentUrl":"https:\/\/vieassociative.be\/actualites\/wp-content\/uploads\/2024\/09\/vie-associative-1-150x150.jpg","caption":"Julien"},"description":"Je suis Julien, r\u00e9dacteur pour Vie Associative. Passionn\u00e9 par le monde associatif depuis plus de 10 ans, j'ai \u00e0 c\u0153ur de partager des histoires inspirantes et de mettre en lumi\u00e8re les initiatives locales. Mon objectif est de sensibiliser et d'encourager l'engagement communautaire \u00e0 travers mes articles.","sameAs":["https:\/\/vieassociative.be\/"]}]}},"_links":{"self":[{"href":"https:\/\/vieassociative.be\/actualites\/wp-json\/wp\/v2\/posts\/12412"}],"collection":[{"href":"https:\/\/vieassociative.be\/actualites\/wp-json\/wp\/v2\/posts"}],"about":[{"href":"https:\/\/vieassociative.be\/actualites\/wp-json\/wp\/v2\/types\/post"}],"author":[{"embeddable":true,"href":"https:\/\/vieassociative.be\/actualites\/wp-json\/wp\/v2\/users\/1"}],"replies":[{"embeddable":true,"href":"https:\/\/vieassociative.be\/actualites\/wp-json\/wp\/v2\/comments?post=12412"}],"version-history":[{"count":0,"href":"https:\/\/vieassociative.be\/actualites\/wp-json\/wp\/v2\/posts\/12412\/revisions"}],"wp:featuredmedia":[{"embeddable":true,"href":"https:\/\/vieassociative.be\/actualites\/wp-json\/wp\/v2\/media\/12413"}],"wp:attachment":[{"href":"https:\/\/vieassociative.be\/actualites\/wp-json\/wp\/v2\/media?parent=12412"}],"wp:term":[{"taxonomy":"category","embeddable":true,"href":"https:\/\/vieassociative.be\/actualites\/wp-json\/wp\/v2\/categories?post=12412"},{"taxonomy":"post_tag","embeddable":true,"href":"https:\/\/vieassociative.be\/actualites\/wp-json\/wp\/v2\/tags?post=12412"}],"curies":[{"name":"wp","href":"https:\/\/api.w.org\/{rel}","templated":true}]}}