{"id":12410,"date":"2026-01-29T13:17:21","date_gmt":"2026-01-29T12:17:21","guid":{"rendered":"https:\/\/vieassociative.be\/actualites\/lallemagne-a-t-elle-egalement-besoin-de-ses-propres-armes-nucleaires\/"},"modified":"2026-01-29T13:17:21","modified_gmt":"2026-01-29T12:17:21","slug":"lallemagne-a-t-elle-egalement-besoin-de-ses-propres-armes-nucleaires","status":"publish","type":"post","link":"https:\/\/vieassociative.be\/actualites\/lallemagne-a-t-elle-egalement-besoin-de-ses-propres-armes-nucleaires\/","title":{"rendered":"L\u2019Allemagne a-t-elle \u00e9galement besoin de ses propres armes nucl\u00e9aires ?"},"content":{"rendered":"<p><strong>La guerre d\u2019agression russe contre l\u2019Ukraine et les doutes croissants quant \u00e0 la fiabilit\u00e9 des \u00c9tats-Unis en tant que puissance protectrice ont relanc\u00e9 le d\u00e9bat sur la politique de s\u00e9curit\u00e9 en Allemagne. Pour la premi\u00e8re fois depuis des d\u00e9cennies, la question de savoir si l\u2019Allemagne a besoin de ses propres armes nucl\u00e9aires ou si une solution europ\u00e9enne suffit est ouvertement d\u00e9battue.<\/strong><\/p>\n<p><span id=\"more-434887\"><\/span>L&rsquo;Europe n&rsquo;est pas un continent exempt d&rsquo;armes nucl\u00e9aires. Deux \u00c9tats europ\u00e9ens, la France et la Grande-Bretagne, poss\u00e8dent leurs propres armes nucl\u00e9aires. N\u00e9anmoins, la s\u00e9curit\u00e9 de l&rsquo;Europe repose aujourd&rsquo;hui avant tout sur la protection nucl\u00e9aire des \u00c9tats-Unis dans le cadre de l&rsquo;OTAN.<\/p>\n<p>Face aux crises internationales, aux changements de pouvoir \u00e0 l\u2019\u00e9chelle mondiale et aux doutes croissants quant \u00e0 la fiabilit\u00e9 de la protection fournie par les \u00c9tats-Unis d\u2019Am\u00e9rique, l\u2019Allemagne discute \u00e0 nouveau de son propre r\u00f4le en mati\u00e8re de politique de s\u00e9curit\u00e9.<\/p>\n<div id=\"attachment_312201\" class=\"wp-caption alignleft\" style=\"max-width: 300px\"><img fetchpriority=\"high\" decoding=\"async\" class=\"wp-image-312201 size-medium\" src=\"https:\/\/vieassociative.be\/actualites\/wp-content\/uploads\/2026\/01\/LAllemagne-a-t-elle-egalement-besoin-de-ses-propres-armes-nucleaires.jpeg\" alt=\"\" width=\"300\" height=\"205\"  ><\/div>\n<p>R\u00e9cemment, le Frankfurter Allgemeine Zeitung (FAZ) \u00e9crivait : \u00ab Cela fait longtemps que l&rsquo;on doute de la volont\u00e9 de l&rsquo;Am\u00e9rique de d\u00e9fendre les Europ\u00e9ens, m\u00eame au point d&rsquo;utiliser la bombe atomique. Mais personne n&rsquo;a jamais nourri ces doutes comme Trump et son peuple, qui ne voient pas l&rsquo;Europe comme un alli\u00e9 amical. essentielle, mais ne peut pas \u00ab Le moyen le plus simple pour l\u2019Allemagne serait de se glisser sous le parapluie nucl\u00e9aire de la Grande-Bretagne et de la France (\u2026) Mais une dissuasion nucl\u00e9aire cr\u00e9dible est essentielle pour la s\u00e9curit\u00e9 de l\u2019Allemagne. \u00c0 Berlin, nous devons aussi penser \u00e0 notre propre armement nucl\u00e9aire.<\/p>\n<p>Dans ce contexte, l&rsquo;ancien ministre allemand des Affaires \u00e9trang\u00e8res Joschka Fischer (Verts) s&rsquo;est prononc\u00e9 en faveur d&rsquo;une bombe atomique europ\u00e9enne. Il ne s\u2019agit pas d\u2019une bombe atomique nationale allemande, mais plut\u00f4t d\u2019une solution europ\u00e9enne commune qui pourrait s\u2019appuyer sur les armes nucl\u00e9aires fran\u00e7aises existantes.<\/p>\n<p>Les partisans de cette id\u00e9e soutiennent que l\u2019Europe ne devrait pas s\u2019appuyer en permanence sur les \u00c9tats-Unis. Si leur protection s\u2019affaiblit, l\u2019Europe aura besoin de sa propre dissuasion cr\u00e9dible.<\/p>\n<div id=\"attachment_434893\" class=\"wp-caption alignleft\" style=\"max-width: 300px\"><img decoding=\"async\" class=\"wp-image-434893 size-medium\" src=\"https:\/\/vieassociative.be\/actualites\/wp-content\/uploads\/2026\/01\/LAllemagne-a-t-elle-egalement-besoin-de-ses-propres-armes-nucleaires.jpg\" alt=\"\" width=\"300\" height=\"200\"><\/div>\n<p>Cependant, une puissance nucl\u00e9aire europ\u00e9enne commune soul\u00e8ve des questions fondamentales : qui d\u00e9cide de son d\u00e9ploiement en cas d\u2019urgence ? Qui est responsable ? Et tous les \u00c9tats europ\u00e9ens soutiendraient-ils une telle strat\u00e9gie ? Les critiques pr\u00e9viennent qu\u2019une telle mesure de dissuasion pourrait diviser politiquement l\u2019Europe.<\/p>\n<p>Le probl\u00e8me devient particuli\u00e8rement clair lorsqu\u2019il s\u2019agit de la question de la bombe atomique allemande. L&rsquo;Allemagne serait techniquement capable de d\u00e9velopper ses propres armes nucl\u00e9aires. Le pays poss\u00e8de de grandes connaissances techniques, une industrie forte et une capacit\u00e9 de recherche \u00e9tendue. Mais politiquement et juridiquement, cette voie est presque impossible.<\/p>\n<p>L\u2019Allemagne s\u2019est clairement engag\u00e9e contre la possession d\u2019armes nucl\u00e9aires par le biais de trait\u00e9s internationaux. Une sortie aurait de graves cons\u00e9quences en mati\u00e8re de politique \u00e9trang\u00e8re et nuirait consid\u00e9rablement \u00e0 la position de l\u2019Allemagne en Europe.<\/p>\n<p>Il y a aussi un autre point : renoncer \u00e0 nos propres armes nucl\u00e9aires fait partie de la politique de s\u00e9curit\u00e9 allemande depuis des d\u00e9cennies. C\u2019est une cons\u00e9quence de l\u2019histoire allemande et la base de la confiance de nombreux partenaires internationaux. Une bombe atomique allemande remettrait ce principe en question. (cr\u00e9er)<\/p><\/p>\n","protected":false},"excerpt":{"rendered":"<p>La guerre d\u2019agression russe contre l\u2019Ukraine et les doutes croissants quant \u00e0 la fiabilit\u00e9 des \u00c9tats-Unis en tant que puissance protectrice ont relanc\u00e9 le d\u00e9bat<\/p>\n","protected":false},"author":1,"featured_media":12411,"comment_status":"","ping_status":"","sticky":false,"template":"","format":"standard","meta":{"footnotes":""},"categories":[298],"tags":[2113,5268,259,172,2375,5479,4365,1055],"class_list":["post-12410","post","type-post","status-publish","format-standard","has-post-thumbnail","hentry","category-belgique","tag-armes","tag-atelle","tag-besoin","tag-egalement","tag-lallemagne","tag-nucleaires","tag-propres","tag-ses","generate-columns","tablet-grid-50","mobile-grid-100","grid-parent","grid-33"],"yoast_head":"<!-- This site is optimized with the Yoast SEO plugin v24.0 - https:\/\/yoast.com\/wordpress\/plugins\/seo\/ -->\n<title>L\u2019Allemagne a-t-elle \u00e9galement besoin de ses propres armes nucl\u00e9aires ? | Vie Associative<\/title>\n<meta name=\"robots\" content=\"index, follow, max-snippet:-1, max-image-preview:large, max-video-preview:-1\" \/>\n<link rel=\"canonical\" href=\"https:\/\/vieassociative.be\/actualites\/lallemagne-a-t-elle-egalement-besoin-de-ses-propres-armes-nucleaires\/\" \/>\n<meta property=\"og:locale\" content=\"fr_FR\" \/>\n<meta property=\"og:type\" content=\"article\" \/>\n<meta property=\"og:title\" content=\"L\u2019Allemagne a-t-elle \u00e9galement besoin de ses propres armes nucl\u00e9aires ? | Vie Associative\" \/>\n<meta property=\"og:description\" content=\"La guerre d\u2019agression russe contre l\u2019Ukraine et les doutes croissants quant \u00e0 la fiabilit\u00e9 des \u00c9tats-Unis en tant que puissance protectrice ont relanc\u00e9 le d\u00e9bat\" \/>\n<meta property=\"og:url\" content=\"https:\/\/vieassociative.be\/actualites\/lallemagne-a-t-elle-egalement-besoin-de-ses-propres-armes-nucleaires\/\" \/>\n<meta property=\"og:site_name\" content=\"Vie Associative\" \/>\n<meta property=\"article:published_time\" content=\"2026-01-29T12:17:21+00:00\" \/>\n<meta property=\"og:image\" content=\"https:\/\/vieassociative.be\/actualites\/wp-content\/uploads\/2024\/09\/header_backgroundk-01-e1726694325946.png\" \/>\n\t<meta property=\"og:image:width\" content=\"279\" \/>\n\t<meta property=\"og:image:height\" content=\"92\" \/>\n\t<meta property=\"og:image:type\" content=\"image\/png\" \/>\n<meta name=\"author\" content=\"Julien\" \/>\n<meta name=\"twitter:card\" content=\"summary_large_image\" \/>\n<meta name=\"twitter:label1\" content=\"\u00c9crit par\" \/>\n\t<meta name=\"twitter:data1\" content=\"Julien\" \/>\n\t<meta name=\"twitter:label2\" content=\"Dur\u00e9e de lecture est.\" \/>\n\t<meta name=\"twitter:data2\" content=\"3 minutes\" \/>\n<script type=\"application\/ld+json\" class=\"yoast-schema-graph\">{\"@context\":\"https:\/\/schema.org\",\"@graph\":[{\"@type\":\"Article\",\"@id\":\"https:\/\/vieassociative.be\/actualites\/lallemagne-a-t-elle-egalement-besoin-de-ses-propres-armes-nucleaires\/#article\",\"isPartOf\":{\"@id\":\"https:\/\/vieassociative.be\/actualites\/lallemagne-a-t-elle-egalement-besoin-de-ses-propres-armes-nucleaires\/\"},\"author\":{\"name\":\"Julien\",\"@id\":\"https:\/\/vieassociative.be\/actualites\/#\/schema\/person\/b87ac4f82f9d4e7b7cec7395b679edc4\"},\"headline\":\"L\u2019Allemagne a-t-elle \u00e9galement besoin de ses propres armes nucl\u00e9aires ?\",\"datePublished\":\"2026-01-29T12:17:21+00:00\",\"dateModified\":\"2026-01-29T12:17:21+00:00\",\"mainEntityOfPage\":{\"@id\":\"https:\/\/vieassociative.be\/actualites\/lallemagne-a-t-elle-egalement-besoin-de-ses-propres-armes-nucleaires\/\"},\"wordCount\":600,\"publisher\":{\"@id\":\"https:\/\/vieassociative.be\/actualites\/#organization\"},\"image\":{\"@id\":\"https:\/\/vieassociative.be\/actualites\/lallemagne-a-t-elle-egalement-besoin-de-ses-propres-armes-nucleaires\/#primaryimage\"},\"thumbnailUrl\":\"https:\/\/vieassociative.be\/actualites\/wp-content\/uploads\/2026\/01\/1769689041_LAllemagne-a-t-elle-egalement-besoin-de-ses-propres-armes-nucleaires.jpg\",\"keywords\":[\"armes\",\"atelle\",\"besoin\",\"\u00e9galement\",\"lAllemagne\",\"nucl\u00e9aires\",\"propres\",\"ses\"],\"articleSection\":[\"Belgique\"],\"inLanguage\":\"fr-BE\"},{\"@type\":\"WebPage\",\"@id\":\"https:\/\/vieassociative.be\/actualites\/lallemagne-a-t-elle-egalement-besoin-de-ses-propres-armes-nucleaires\/\",\"url\":\"https:\/\/vieassociative.be\/actualites\/lallemagne-a-t-elle-egalement-besoin-de-ses-propres-armes-nucleaires\/\",\"name\":\"L\u2019Allemagne a-t-elle \u00e9galement besoin de ses propres armes nucl\u00e9aires ? | Vie Associative\",\"isPartOf\":{\"@id\":\"https:\/\/vieassociative.be\/actualites\/#website\"},\"primaryImageOfPage\":{\"@id\":\"https:\/\/vieassociative.be\/actualites\/lallemagne-a-t-elle-egalement-besoin-de-ses-propres-armes-nucleaires\/#primaryimage\"},\"image\":{\"@id\":\"https:\/\/vieassociative.be\/actualites\/lallemagne-a-t-elle-egalement-besoin-de-ses-propres-armes-nucleaires\/#primaryimage\"},\"thumbnailUrl\":\"https:\/\/vieassociative.be\/actualites\/wp-content\/uploads\/2026\/01\/1769689041_LAllemagne-a-t-elle-egalement-besoin-de-ses-propres-armes-nucleaires.jpg\",\"datePublished\":\"2026-01-29T12:17:21+00:00\",\"dateModified\":\"2026-01-29T12:17:21+00:00\",\"breadcrumb\":{\"@id\":\"https:\/\/vieassociative.be\/actualites\/lallemagne-a-t-elle-egalement-besoin-de-ses-propres-armes-nucleaires\/#breadcrumb\"},\"inLanguage\":\"fr-BE\",\"potentialAction\":[{\"@type\":\"ReadAction\",\"target\":[\"https:\/\/vieassociative.be\/actualites\/lallemagne-a-t-elle-egalement-besoin-de-ses-propres-armes-nucleaires\/\"]}]},{\"@type\":\"ImageObject\",\"inLanguage\":\"fr-BE\",\"@id\":\"https:\/\/vieassociative.be\/actualites\/lallemagne-a-t-elle-egalement-besoin-de-ses-propres-armes-nucleaires\/#primaryimage\",\"url\":\"https:\/\/vieassociative.be\/actualites\/wp-content\/uploads\/2026\/01\/1769689041_LAllemagne-a-t-elle-egalement-besoin-de-ses-propres-armes-nucleaires.jpg\",\"contentUrl\":\"https:\/\/vieassociative.be\/actualites\/wp-content\/uploads\/2026\/01\/1769689041_LAllemagne-a-t-elle-egalement-besoin-de-ses-propres-armes-nucleaires.jpg\",\"width\":1200,\"height\":800,\"caption\":\"L\u2019Allemagne a-t-elle \u00e9galement besoin de ses propres armes nucl\u00e9aires ?\"},{\"@type\":\"BreadcrumbList\",\"@id\":\"https:\/\/vieassociative.be\/actualites\/lallemagne-a-t-elle-egalement-besoin-de-ses-propres-armes-nucleaires\/#breadcrumb\",\"itemListElement\":[{\"@type\":\"ListItem\",\"position\":1,\"name\":\"Accueil\",\"item\":\"https:\/\/vieassociative.be\/actualites\/\"},{\"@type\":\"ListItem\",\"position\":2,\"name\":\"L\u2019Allemagne a-t-elle \u00e9galement besoin de ses propres armes nucl\u00e9aires ?\"}]},{\"@type\":\"WebSite\",\"@id\":\"https:\/\/vieassociative.be\/actualites\/#website\",\"url\":\"https:\/\/vieassociative.be\/actualites\/\",\"name\":\"Vie Associative\",\"description\":\"\",\"publisher\":{\"@id\":\"https:\/\/vieassociative.be\/actualites\/#organization\"},\"potentialAction\":[{\"@type\":\"SearchAction\",\"target\":{\"@type\":\"EntryPoint\",\"urlTemplate\":\"https:\/\/vieassociative.be\/actualites\/?s={search_term_string}\"},\"query-input\":{\"@type\":\"PropertyValueSpecification\",\"valueRequired\":true,\"valueName\":\"search_term_string\"}}],\"inLanguage\":\"fr-BE\"},{\"@type\":\"Organization\",\"@id\":\"https:\/\/vieassociative.be\/actualites\/#organization\",\"name\":\"Vie Associative\",\"url\":\"https:\/\/vieassociative.be\/actualites\/\",\"logo\":{\"@type\":\"ImageObject\",\"inLanguage\":\"fr-BE\",\"@id\":\"https:\/\/vieassociative.be\/actualites\/#\/schema\/logo\/image\/\",\"url\":\"https:\/\/vieassociative.be\/actualites\/wp-content\/uploads\/2024\/09\/cropped-vieassociative_favicon.ico.png\",\"contentUrl\":\"https:\/\/vieassociative.be\/actualites\/wp-content\/uploads\/2024\/09\/cropped-vieassociative_favicon.ico.png\",\"width\":512,\"height\":512,\"caption\":\"Vie Associative\"},\"image\":{\"@id\":\"https:\/\/vieassociative.be\/actualites\/#\/schema\/logo\/image\/\"}},{\"@type\":\"Person\",\"@id\":\"https:\/\/vieassociative.be\/actualites\/#\/schema\/person\/b87ac4f82f9d4e7b7cec7395b679edc4\",\"name\":\"Julien\",\"image\":{\"@type\":\"ImageObject\",\"inLanguage\":\"fr-BE\",\"@id\":\"https:\/\/vieassociative.be\/actualites\/#\/schema\/person\/image\/\",\"url\":\"https:\/\/vieassociative.be\/actualites\/wp-content\/uploads\/2024\/09\/vie-associative-1-150x150.jpg\",\"contentUrl\":\"https:\/\/vieassociative.be\/actualites\/wp-content\/uploads\/2024\/09\/vie-associative-1-150x150.jpg\",\"caption\":\"Julien\"},\"description\":\"Je suis Julien, r\u00e9dacteur pour Vie Associative. Passionn\u00e9 par le monde associatif depuis plus de 10 ans, j'ai \u00e0 c\u0153ur de partager des histoires inspirantes et de mettre en lumi\u00e8re les initiatives locales. Mon objectif est de sensibiliser et d'encourager l'engagement communautaire \u00e0 travers mes articles.\",\"sameAs\":[\"https:\/\/vieassociative.be\/\"]}]}<\/script>\n<!-- \/ Yoast SEO plugin. -->","yoast_head_json":{"title":"L\u2019Allemagne a-t-elle \u00e9galement besoin de ses propres armes nucl\u00e9aires ? | Vie Associative","robots":{"index":"index","follow":"follow","max-snippet":"max-snippet:-1","max-image-preview":"max-image-preview:large","max-video-preview":"max-video-preview:-1"},"canonical":"https:\/\/vieassociative.be\/actualites\/lallemagne-a-t-elle-egalement-besoin-de-ses-propres-armes-nucleaires\/","og_locale":"fr_FR","og_type":"article","og_title":"L\u2019Allemagne a-t-elle \u00e9galement besoin de ses propres armes nucl\u00e9aires ? | Vie Associative","og_description":"La guerre d\u2019agression russe contre l\u2019Ukraine et les doutes croissants quant \u00e0 la fiabilit\u00e9 des \u00c9tats-Unis en tant que puissance protectrice ont relanc\u00e9 le d\u00e9bat","og_url":"https:\/\/vieassociative.be\/actualites\/lallemagne-a-t-elle-egalement-besoin-de-ses-propres-armes-nucleaires\/","og_site_name":"Vie Associative","article_published_time":"2026-01-29T12:17:21+00:00","og_image":[{"width":279,"height":92,"url":"https:\/\/vieassociative.be\/actualites\/wp-content\/uploads\/2024\/09\/header_backgroundk-01-e1726694325946.png","type":"image\/png"}],"author":"Julien","twitter_card":"summary_large_image","twitter_misc":{"\u00c9crit par":"Julien","Dur\u00e9e de lecture est.":"3 minutes"},"schema":{"@context":"https:\/\/schema.org","@graph":[{"@type":"Article","@id":"https:\/\/vieassociative.be\/actualites\/lallemagne-a-t-elle-egalement-besoin-de-ses-propres-armes-nucleaires\/#article","isPartOf":{"@id":"https:\/\/vieassociative.be\/actualites\/lallemagne-a-t-elle-egalement-besoin-de-ses-propres-armes-nucleaires\/"},"author":{"name":"Julien","@id":"https:\/\/vieassociative.be\/actualites\/#\/schema\/person\/b87ac4f82f9d4e7b7cec7395b679edc4"},"headline":"L\u2019Allemagne a-t-elle \u00e9galement besoin de ses propres armes nucl\u00e9aires ?","datePublished":"2026-01-29T12:17:21+00:00","dateModified":"2026-01-29T12:17:21+00:00","mainEntityOfPage":{"@id":"https:\/\/vieassociative.be\/actualites\/lallemagne-a-t-elle-egalement-besoin-de-ses-propres-armes-nucleaires\/"},"wordCount":600,"publisher":{"@id":"https:\/\/vieassociative.be\/actualites\/#organization"},"image":{"@id":"https:\/\/vieassociative.be\/actualites\/lallemagne-a-t-elle-egalement-besoin-de-ses-propres-armes-nucleaires\/#primaryimage"},"thumbnailUrl":"https:\/\/vieassociative.be\/actualites\/wp-content\/uploads\/2026\/01\/1769689041_LAllemagne-a-t-elle-egalement-besoin-de-ses-propres-armes-nucleaires.jpg","keywords":["armes","atelle","besoin","\u00e9galement","lAllemagne","nucl\u00e9aires","propres","ses"],"articleSection":["Belgique"],"inLanguage":"fr-BE"},{"@type":"WebPage","@id":"https:\/\/vieassociative.be\/actualites\/lallemagne-a-t-elle-egalement-besoin-de-ses-propres-armes-nucleaires\/","url":"https:\/\/vieassociative.be\/actualites\/lallemagne-a-t-elle-egalement-besoin-de-ses-propres-armes-nucleaires\/","name":"L\u2019Allemagne a-t-elle \u00e9galement besoin de ses propres armes nucl\u00e9aires ? | Vie Associative","isPartOf":{"@id":"https:\/\/vieassociative.be\/actualites\/#website"},"primaryImageOfPage":{"@id":"https:\/\/vieassociative.be\/actualites\/lallemagne-a-t-elle-egalement-besoin-de-ses-propres-armes-nucleaires\/#primaryimage"},"image":{"@id":"https:\/\/vieassociative.be\/actualites\/lallemagne-a-t-elle-egalement-besoin-de-ses-propres-armes-nucleaires\/#primaryimage"},"thumbnailUrl":"https:\/\/vieassociative.be\/actualites\/wp-content\/uploads\/2026\/01\/1769689041_LAllemagne-a-t-elle-egalement-besoin-de-ses-propres-armes-nucleaires.jpg","datePublished":"2026-01-29T12:17:21+00:00","dateModified":"2026-01-29T12:17:21+00:00","breadcrumb":{"@id":"https:\/\/vieassociative.be\/actualites\/lallemagne-a-t-elle-egalement-besoin-de-ses-propres-armes-nucleaires\/#breadcrumb"},"inLanguage":"fr-BE","potentialAction":[{"@type":"ReadAction","target":["https:\/\/vieassociative.be\/actualites\/lallemagne-a-t-elle-egalement-besoin-de-ses-propres-armes-nucleaires\/"]}]},{"@type":"ImageObject","inLanguage":"fr-BE","@id":"https:\/\/vieassociative.be\/actualites\/lallemagne-a-t-elle-egalement-besoin-de-ses-propres-armes-nucleaires\/#primaryimage","url":"https:\/\/vieassociative.be\/actualites\/wp-content\/uploads\/2026\/01\/1769689041_LAllemagne-a-t-elle-egalement-besoin-de-ses-propres-armes-nucleaires.jpg","contentUrl":"https:\/\/vieassociative.be\/actualites\/wp-content\/uploads\/2026\/01\/1769689041_LAllemagne-a-t-elle-egalement-besoin-de-ses-propres-armes-nucleaires.jpg","width":1200,"height":800,"caption":"L\u2019Allemagne a-t-elle \u00e9galement besoin de ses propres armes nucl\u00e9aires ?"},{"@type":"BreadcrumbList","@id":"https:\/\/vieassociative.be\/actualites\/lallemagne-a-t-elle-egalement-besoin-de-ses-propres-armes-nucleaires\/#breadcrumb","itemListElement":[{"@type":"ListItem","position":1,"name":"Accueil","item":"https:\/\/vieassociative.be\/actualites\/"},{"@type":"ListItem","position":2,"name":"L\u2019Allemagne a-t-elle \u00e9galement besoin de ses propres armes nucl\u00e9aires ?"}]},{"@type":"WebSite","@id":"https:\/\/vieassociative.be\/actualites\/#website","url":"https:\/\/vieassociative.be\/actualites\/","name":"Vie Associative","description":"","publisher":{"@id":"https:\/\/vieassociative.be\/actualites\/#organization"},"potentialAction":[{"@type":"SearchAction","target":{"@type":"EntryPoint","urlTemplate":"https:\/\/vieassociative.be\/actualites\/?s={search_term_string}"},"query-input":{"@type":"PropertyValueSpecification","valueRequired":true,"valueName":"search_term_string"}}],"inLanguage":"fr-BE"},{"@type":"Organization","@id":"https:\/\/vieassociative.be\/actualites\/#organization","name":"Vie Associative","url":"https:\/\/vieassociative.be\/actualites\/","logo":{"@type":"ImageObject","inLanguage":"fr-BE","@id":"https:\/\/vieassociative.be\/actualites\/#\/schema\/logo\/image\/","url":"https:\/\/vieassociative.be\/actualites\/wp-content\/uploads\/2024\/09\/cropped-vieassociative_favicon.ico.png","contentUrl":"https:\/\/vieassociative.be\/actualites\/wp-content\/uploads\/2024\/09\/cropped-vieassociative_favicon.ico.png","width":512,"height":512,"caption":"Vie Associative"},"image":{"@id":"https:\/\/vieassociative.be\/actualites\/#\/schema\/logo\/image\/"}},{"@type":"Person","@id":"https:\/\/vieassociative.be\/actualites\/#\/schema\/person\/b87ac4f82f9d4e7b7cec7395b679edc4","name":"Julien","image":{"@type":"ImageObject","inLanguage":"fr-BE","@id":"https:\/\/vieassociative.be\/actualites\/#\/schema\/person\/image\/","url":"https:\/\/vieassociative.be\/actualites\/wp-content\/uploads\/2024\/09\/vie-associative-1-150x150.jpg","contentUrl":"https:\/\/vieassociative.be\/actualites\/wp-content\/uploads\/2024\/09\/vie-associative-1-150x150.jpg","caption":"Julien"},"description":"Je suis Julien, r\u00e9dacteur pour Vie Associative. Passionn\u00e9 par le monde associatif depuis plus de 10 ans, j'ai \u00e0 c\u0153ur de partager des histoires inspirantes et de mettre en lumi\u00e8re les initiatives locales. Mon objectif est de sensibiliser et d'encourager l'engagement communautaire \u00e0 travers mes articles.","sameAs":["https:\/\/vieassociative.be\/"]}]}},"_links":{"self":[{"href":"https:\/\/vieassociative.be\/actualites\/wp-json\/wp\/v2\/posts\/12410"}],"collection":[{"href":"https:\/\/vieassociative.be\/actualites\/wp-json\/wp\/v2\/posts"}],"about":[{"href":"https:\/\/vieassociative.be\/actualites\/wp-json\/wp\/v2\/types\/post"}],"author":[{"embeddable":true,"href":"https:\/\/vieassociative.be\/actualites\/wp-json\/wp\/v2\/users\/1"}],"replies":[{"embeddable":true,"href":"https:\/\/vieassociative.be\/actualites\/wp-json\/wp\/v2\/comments?post=12410"}],"version-history":[{"count":0,"href":"https:\/\/vieassociative.be\/actualites\/wp-json\/wp\/v2\/posts\/12410\/revisions"}],"wp:featuredmedia":[{"embeddable":true,"href":"https:\/\/vieassociative.be\/actualites\/wp-json\/wp\/v2\/media\/12411"}],"wp:attachment":[{"href":"https:\/\/vieassociative.be\/actualites\/wp-json\/wp\/v2\/media?parent=12410"}],"wp:term":[{"taxonomy":"category","embeddable":true,"href":"https:\/\/vieassociative.be\/actualites\/wp-json\/wp\/v2\/categories?post=12410"},{"taxonomy":"post_tag","embeddable":true,"href":"https:\/\/vieassociative.be\/actualites\/wp-json\/wp\/v2\/tags?post=12410"}],"curies":[{"name":"wp","href":"https:\/\/api.w.org\/{rel}","templated":true}]}}