{"id":12408,"date":"2026-01-29T12:18:29","date_gmt":"2026-01-29T11:18:29","guid":{"rendered":"https:\/\/vieassociative.be\/actualites\/ce-systeme-de-son-surround-samsung-est-a-58-de-reduction-en-ce-moment\/"},"modified":"2026-01-29T12:18:29","modified_gmt":"2026-01-29T11:18:29","slug":"ce-systeme-de-son-surround-samsung-est-a-58-de-reduction-en-ce-moment","status":"publish","type":"post","link":"https:\/\/vieassociative.be\/actualites\/ce-systeme-de-son-surround-samsung-est-a-58-de-reduction-en-ce-moment\/","title":{"rendered":"Ce syst\u00e8me de son surround Samsung est \u00e0 58\u00a0% de r\u00e9duction en ce moment"},"content":{"rendered":"<p>Nous pouvons gagner une commission sur les liens sur cette page. Les prix et la disponibilit\u00e9 de l&rsquo;offre sont sujets \u00e0 changement apr\u00e8s la publication.<\/p>\n<p>Les syst\u00e8mes de son surround ne sont pas bon march\u00e9, surtout si vous souhaitez opter pour des options phares comme Bose, Sonos ou JBL. Cependant, une marque propose un syst\u00e8me de son surround complet qui est toujours \u00e0 la hauteur des autres en termes de qualit\u00e9, mais offre un bien meilleur rapport qualit\u00e9-prix : il s&rsquo;agit du HW-Q990F\/ZC de Samsung, et en ce moment, il est \u00e0 58 % de r\u00e9duction sur Woot pour un nouveau syst\u00e8me. Vous pouvez l&rsquo;obtenir pour <strong>847,99\u00a0$<\/strong> (\u00e0 l&rsquo;origine 1 997,99 $), le prix le plus bas que j&rsquo;ai vu en vente.<\/p>\n<div class=\"pogoClear mb-12 mt-10 rounded-md border-2 border-gray-100 py-7 shadow-xl md:py-6\">\n<div class=\"flex flex-wrap justify-between px-7 text-black no-underline md:flex-nowrap md:px-8\">\n<div class=\"order-1 mx-auto flex flex-col justify-center md:order-2 md:ml-4 md:w-full md:grow\">\n<div class=\"block cursor-pointer text-center font-akshar text-2xl font-medium leading-7 text-brand-green duration-200 ease-in-out hover:text-brand-green-700 md:text-left md:text-xl md:leading-6\">Barre de son Samsung HW-Q990F\/ZC\n                <\/div>\n<div class=\"mt-4 hidden md:flex md:justify-between\">\n<div class=\"self-end\">\n<div class=\"mb-0 h-11 md:flex md:flex-col md:justify-center\">\n<div class=\" font-sans leading-4 text-black\">\n<div class=\"flex flex-wrap items-center justify-center gap-1 md:justify-start\">\n        <span class=\"font-bold\"><\/p>\n<p>            847,99\u00a0$<br \/>\n                            <span class=\"font-medium\">chez Woot<\/span><br \/>\n                    <\/span>\n            <\/div>\n<div class=\"flex items-center justify-center gap-x-1 font-bold md:justify-start\">\n            <span class=\"text-sm line-through\">1\u00a0997,99\u00a0$<\/span><br \/>\n            <span class=\"text-sm text-brand-green\">\u00c9conomisez 1\u00a0150,00\u00a0$<\/span>\n        <\/div>\n<\/p><\/div>\n<\/p><\/div>\n<\/p><\/div>\n<div class=\"w-44 self-end\">\n                            <button class=\"flex justify-center items-center w-full bg-brand-green text-white text-base font-sans font-medium rounded-md hover:bg-brand-green-700 hover:cursor-pointer md:text-sm h-11\"><\/p>\n<p>    Obtenez une offre<br \/>\n<\/button>\n                        <\/div>\n<\/p><\/div>\n<\/p><\/div>\n<div class=\"order-2 mt-5 h-auto w-full md:order-1 md:mt-0 md:hidden\">\n<div class=\"flex aspect-video items-center justify-center\">\n                                            <img decoding=\"async\" class=\"m-0 max-h-full max-w-full rounded-md\" src=\"https:\/\/vieassociative.be\/actualites\/wp-content\/uploads\/2026\/01\/Ce-systeme-de-son-surround-Samsung-est-a-58-de.jpg\" alt=\"Barre de son Samsung HW-Q990F\/ZC\" width=\"auto\" height=\"auto\" loading=\"lazy\">\n                                    <\/div>\n<\/p><\/div>\n<div class=\"order-2 ml-2 hidden w-32 shrink-0 items-center md:order-1 md:ml-0 md:flex\">\n<div class=\"flex aspect-video items-center justify-center\">\n                                            <img decoding=\"async\" class=\"m-0 max-h-full max-w-full rounded-md\" src=\"https:\/\/vieassociative.be\/actualites\/wp-content\/uploads\/2026\/01\/Ce-systeme-de-son-surround-Samsung-est-a-58-de.jpg\" alt=\"Barre de son Samsung HW-Q990F\/ZC\" width=\"auto\" height=\"auto\" loading=\"lazy\">\n                                    <\/div>\n<\/p><\/div>\n<div class=\"order-3 flex grow flex-wrap md:hidden md:grow-0\">\n<div class=\"mt-4 w-full\">\n                        <button class=\"flex justify-center items-center w-full bg-brand-green text-white text-base font-sans font-medium rounded-md hover:bg-brand-green-700 hover:cursor-pointer md:text-sm h-11\"><\/p>\n<p>    Obtenez une offre<br \/>\n<\/button>\n                    <\/div>\n<div class=\"mx-2 mt-4 w-full\">\n<div class=\" font-sans leading-4 text-black\">\n<div class=\"flex flex-wrap items-center justify-center gap-1 md:justify-start\">\n        <span class=\"font-bold\"><\/p>\n<p>            847,99\u00a0$<br \/>\n                            <span class=\"font-medium\">chez Woot<\/span><br \/>\n                    <\/span>\n            <\/div>\n<div class=\"flex items-center justify-center gap-x-1 font-bold md:justify-start\">\n            <span class=\"text-sm line-through\">1\u00a0997,99\u00a0$<\/span><br \/>\n            <span class=\"text-sm text-brand-green\">\u00c9conomisez 1\u00a0150,00\u00a0$<\/span>\n        <\/div>\n<\/p><\/div>\n<\/p><\/div>\n<\/p><\/div>\n<\/p><\/div>\n<\/div>\n<p>Le Q990F est une mise \u00e0 niveau 2025 du Q990D, que Samsung a publi\u00e9 en 2023. Ce n&rsquo;est pas tr\u00e8s diff\u00e9rent, \u00e0 l&rsquo;exception de quelques ajustements qui \u00e9taient les plus gros inconv\u00e9nients des critiques. Le Q990F a ajout\u00e9 HDMI 2.1 avec prise en charge du passthrough 4K \u00e0 120 Hz et du VRR, ce qui est id\u00e9al pour les joueurs s\u00e9rieux qui souhaitent le d\u00e9calage d&rsquo;entr\u00e9e le plus bas possible. Samsung a \u00e9galement ajout\u00e9 Wireless Dolby Atmos avec les t\u00e9l\u00e9viseurs Samsung compatibles, ce qui signifie que vous pouvez avoir un son Atmos non compress\u00e9 sans avoir besoin de connecter le c\u00e2ble HDMI \u00e0 l&rsquo;eARC, en l&rsquo;envoyant plut\u00f4t via Wi-Fi. Le subwoofer a \u00e9galement \u00e9t\u00e9 am\u00e9lior\u00e9 avec un son plus serr\u00e9 et plus contr\u00f4l\u00e9. Et bien s\u00fbr, le r\u00e9glage global et la technologie audio sont \u00e9galement globalement meilleurs.<\/p>\n<p>Le Q990F est livr\u00e9 avec une barre de son, un caisson de basses et deux haut-parleurs arri\u00e8re, et c&rsquo;est honn\u00eatement le meilleur syst\u00e8me de son surround \u00e0 ce prix que vous puissiez obtenir. Comme vous pouvez le lire dans la critique \u00ab exceptionnelle \u00bb de PCMag, le syst\u00e8me est puissant, \u00e9l\u00e9gant et offre un son surround impressionnant. Il existe \u00e9galement une application compagnon utile qui apporte tous les param\u00e8tres et tous les ajustements dont vous pouvez penser avoir besoin directement sur votre t\u00e9l\u00e9phone. <\/p>\n<div class=\" relative flex justify-center py-16 md:left-1\/2 md:w-(780px) md:max-w-max md:-translate-x-1\/2\">\n<div class=\"w-max text-center sm:text-left\">\n<div class=\"custom-gradient-background mb-6 rounded-md p-(2px) sm:rounded-tl-none\">\n<div class=\"flex flex-col rounded bg-white sm:rounded-tl-none\">\n                    <span class=\"-mt-4 block w-fit max-w-(calc(100%-1rem)) self-center bg-white px-3 text-center font-akshar text-xl font-medium capitalize text-gray-800 sm:max-w-(calc(100%-2.5rem)) sm:self-start sm:px-10 sm:text-left sm:text-2xl\">Nos meilleures offres technologiques approuv\u00e9es par les \u00e9diteurs en ce moment<\/span><\/p>\n<div class=\"flex flex-col gap-3 p-3 pb-4 text-sm sm:p-10 sm:pt-6 sm:text-justify sm:text-base\">\n<div>\n<p>    \u00c9couteurs sans fil Apple AirPods Pro 3 \u00e0 r\u00e9duction de bruit et fr\u00e9quence cardiaque<\/p>\n<p>                                <span class=\"text-black\"><br \/>\n                                    \u2014<br \/>\n                                    <span class=\"font-bold\">199,00\u00a0$<\/span><br \/>\n                                    <span class=\"!text-xs italic sm:!text-sm\"><\/p>\n<p>                                        (Prix catalogue 249,00 $)<br \/>\n                                    <\/span><br \/>\n                                <\/span>\n                            <\/div>\n<div>\n<p>    Montre intelligente Apple Watch Series 11 (GPS 46 mm) avec bo\u00eetier en aluminium noir de jais et bracelet sport noir &#8211; M\/L. Score de sommeil, tracker d&rsquo;activit\u00e9, surveillance de la sant\u00e9, affichage permanent, r\u00e9sistant \u00e0 l&rsquo;eau<\/p>\n<p>                                <span class=\"text-black\"><br \/>\n                                    \u2014<br \/>\n                                    <span class=\"font-bold\">399,00\u00a0$<\/span><br \/>\n                                    <span class=\"!text-xs italic sm:!text-sm\"><\/p>\n<p>                                        (Prix catalogue 429,00 $)<br \/>\n                                    <\/span><br \/>\n                                <\/span>\n                            <\/div>\n<div>\n<p>    Cl\u00e9 Amazon Fire TV 4K Plus<\/p>\n<p>                                <span class=\"text-black\"><br \/>\n                                    \u2014<br \/>\n                                    <span class=\"font-bold\"><\/span><br \/>\n                                    <span class=\"!text-xs italic sm:!text-sm\"><\/p>\n<p>                                        (Prix catalogue 24,99 $ avec le code \u00ab FTV4K25 \u00bb)<br \/>\n                                    <\/span><br \/>\n                                <\/span>\n                            <\/div>\n<div>\n<p>    Tablette Samsung Galaxy Tab A9+ 64 Go Wi-Fi 11&Prime; (argent)<\/p>\n<p>                                <span class=\"text-black\"><br \/>\n                                    \u2014<br \/>\n                                    <span class=\"font-bold\">159,99\u00a0$<\/span><br \/>\n                                    <span class=\"!text-xs italic sm:!text-sm\"><\/p>\n<p>                                        (Prix catalogue 219,99 $)<br \/>\n                                    <\/span><br \/>\n                                <\/span>\n                            <\/div>\n<\/p><\/div>\n<\/p><\/div>\n<\/p><\/div>\n<div class=\"flex flex-col items-center justify-between text-black sm:flex-row sm:px-6\">\n                <span class=\"text-xs italic sm:ml-7 sm:text-sm\">Les offres sont s\u00e9lectionn\u00e9es par notre \u00e9quipe commerciale<\/span><\/p><\/div>\n<\/p><\/div>\n<\/p><\/div>\n","protected":false},"excerpt":{"rendered":"<p>Nous pouvons gagner une commission sur les liens sur cette page. Les prix et la disponibilit\u00e9 de l&rsquo;offre sont sujets \u00e0 changement apr\u00e8s la publication.<\/p>\n","protected":false},"author":1,"featured_media":12409,"comment_status":"","ping_status":"","sticky":false,"template":"","format":"standard","meta":{"footnotes":""},"categories":[13],"tags":[76,1429,308,1878,800,9883,161],"class_list":["post-12408","post","type-post","status-publish","format-standard","has-post-thumbnail","hentry","category-technologie","tag-est","tag-moment","tag-reduction","tag-samsung","tag-son","tag-surround","tag-systeme","generate-columns","tablet-grid-50","mobile-grid-100","grid-parent","grid-33"],"yoast_head":"<!-- This site is optimized with the Yoast SEO plugin v24.0 - https:\/\/yoast.com\/wordpress\/plugins\/seo\/ -->\n<title>Ce syst\u00e8me de son surround Samsung est \u00e0 58\u00a0% de r\u00e9duction en ce moment | Vie Associative<\/title>\n<meta name=\"robots\" content=\"index, follow, max-snippet:-1, max-image-preview:large, max-video-preview:-1\" \/>\n<link rel=\"canonical\" href=\"https:\/\/vieassociative.be\/actualites\/ce-systeme-de-son-surround-samsung-est-a-58-de-reduction-en-ce-moment\/\" \/>\n<meta property=\"og:locale\" content=\"fr_FR\" \/>\n<meta property=\"og:type\" content=\"article\" \/>\n<meta property=\"og:title\" content=\"Ce syst\u00e8me de son surround Samsung est \u00e0 58\u00a0% de r\u00e9duction en ce moment | Vie Associative\" \/>\n<meta property=\"og:description\" content=\"Nous pouvons gagner une commission sur les liens sur cette page. Les prix et la disponibilit\u00e9 de l&rsquo;offre sont sujets \u00e0 changement apr\u00e8s la publication.\" \/>\n<meta property=\"og:url\" content=\"https:\/\/vieassociative.be\/actualites\/ce-systeme-de-son-surround-samsung-est-a-58-de-reduction-en-ce-moment\/\" \/>\n<meta property=\"og:site_name\" content=\"Vie Associative\" \/>\n<meta property=\"article:published_time\" content=\"2026-01-29T11:18:29+00:00\" \/>\n<meta property=\"og:image\" content=\"https:\/\/vieassociative.be\/actualites\/wp-content\/uploads\/2026\/01\/Ce-systeme-de-son-surround-Samsung-est-a-58-de.jpg\" \/>\n<meta name=\"author\" content=\"Julien\" \/>\n<meta name=\"twitter:card\" content=\"summary_large_image\" \/>\n<meta name=\"twitter:label1\" content=\"\u00c9crit par\" \/>\n\t<meta name=\"twitter:data1\" content=\"Julien\" \/>\n\t<meta name=\"twitter:label2\" content=\"Dur\u00e9e de lecture est.\" \/>\n\t<meta name=\"twitter:data2\" content=\"2 minutes\" \/>\n<script type=\"application\/ld+json\" class=\"yoast-schema-graph\">{\"@context\":\"https:\/\/schema.org\",\"@graph\":[{\"@type\":\"Article\",\"@id\":\"https:\/\/vieassociative.be\/actualites\/ce-systeme-de-son-surround-samsung-est-a-58-de-reduction-en-ce-moment\/#article\",\"isPartOf\":{\"@id\":\"https:\/\/vieassociative.be\/actualites\/ce-systeme-de-son-surround-samsung-est-a-58-de-reduction-en-ce-moment\/\"},\"author\":{\"name\":\"Julien\",\"@id\":\"https:\/\/vieassociative.be\/actualites\/#\/schema\/person\/b87ac4f82f9d4e7b7cec7395b679edc4\"},\"headline\":\"Ce syst\u00e8me de son surround Samsung est \u00e0 58\u00a0% de r\u00e9duction en ce moment\",\"datePublished\":\"2026-01-29T11:18:29+00:00\",\"dateModified\":\"2026-01-29T11:18:29+00:00\",\"mainEntityOfPage\":{\"@id\":\"https:\/\/vieassociative.be\/actualites\/ce-systeme-de-son-surround-samsung-est-a-58-de-reduction-en-ce-moment\/\"},\"wordCount\":500,\"publisher\":{\"@id\":\"https:\/\/vieassociative.be\/actualites\/#organization\"},\"image\":{\"@id\":\"https:\/\/vieassociative.be\/actualites\/ce-systeme-de-son-surround-samsung-est-a-58-de-reduction-en-ce-moment\/#primaryimage\"},\"thumbnailUrl\":\"https:\/\/vieassociative.be\/actualites\/wp-content\/uploads\/2026\/01\/Ce-systeme-de-son-surround-Samsung-est-a-58-de.png\",\"keywords\":[\"est\",\"moment\",\"r\u00e9duction\",\"Samsung\",\"son\",\"surround\",\"syst\u00e8me\"],\"articleSection\":[\"Technologie\"],\"inLanguage\":\"fr-BE\"},{\"@type\":\"WebPage\",\"@id\":\"https:\/\/vieassociative.be\/actualites\/ce-systeme-de-son-surround-samsung-est-a-58-de-reduction-en-ce-moment\/\",\"url\":\"https:\/\/vieassociative.be\/actualites\/ce-systeme-de-son-surround-samsung-est-a-58-de-reduction-en-ce-moment\/\",\"name\":\"Ce syst\u00e8me de son surround Samsung est \u00e0 58\u00a0% de r\u00e9duction en ce moment | Vie Associative\",\"isPartOf\":{\"@id\":\"https:\/\/vieassociative.be\/actualites\/#website\"},\"primaryImageOfPage\":{\"@id\":\"https:\/\/vieassociative.be\/actualites\/ce-systeme-de-son-surround-samsung-est-a-58-de-reduction-en-ce-moment\/#primaryimage\"},\"image\":{\"@id\":\"https:\/\/vieassociative.be\/actualites\/ce-systeme-de-son-surround-samsung-est-a-58-de-reduction-en-ce-moment\/#primaryimage\"},\"thumbnailUrl\":\"https:\/\/vieassociative.be\/actualites\/wp-content\/uploads\/2026\/01\/Ce-systeme-de-son-surround-Samsung-est-a-58-de.png\",\"datePublished\":\"2026-01-29T11:18:29+00:00\",\"dateModified\":\"2026-01-29T11:18:29+00:00\",\"breadcrumb\":{\"@id\":\"https:\/\/vieassociative.be\/actualites\/ce-systeme-de-son-surround-samsung-est-a-58-de-reduction-en-ce-moment\/#breadcrumb\"},\"inLanguage\":\"fr-BE\",\"potentialAction\":[{\"@type\":\"ReadAction\",\"target\":[\"https:\/\/vieassociative.be\/actualites\/ce-systeme-de-son-surround-samsung-est-a-58-de-reduction-en-ce-moment\/\"]}]},{\"@type\":\"ImageObject\",\"inLanguage\":\"fr-BE\",\"@id\":\"https:\/\/vieassociative.be\/actualites\/ce-systeme-de-son-surround-samsung-est-a-58-de-reduction-en-ce-moment\/#primaryimage\",\"url\":\"https:\/\/vieassociative.be\/actualites\/wp-content\/uploads\/2026\/01\/Ce-systeme-de-son-surround-Samsung-est-a-58-de.png\",\"contentUrl\":\"https:\/\/vieassociative.be\/actualites\/wp-content\/uploads\/2026\/01\/Ce-systeme-de-son-surround-Samsung-est-a-58-de.png\",\"width\":1200,\"height\":675,\"caption\":\"Ce syst\u00e8me de son surround Samsung est \u00e0 58\u00a0% de r\u00e9duction en ce moment\"},{\"@type\":\"BreadcrumbList\",\"@id\":\"https:\/\/vieassociative.be\/actualites\/ce-systeme-de-son-surround-samsung-est-a-58-de-reduction-en-ce-moment\/#breadcrumb\",\"itemListElement\":[{\"@type\":\"ListItem\",\"position\":1,\"name\":\"Accueil\",\"item\":\"https:\/\/vieassociative.be\/actualites\/\"},{\"@type\":\"ListItem\",\"position\":2,\"name\":\"Ce syst\u00e8me de son surround Samsung est \u00e0 58\u00a0% de r\u00e9duction en ce moment\"}]},{\"@type\":\"WebSite\",\"@id\":\"https:\/\/vieassociative.be\/actualites\/#website\",\"url\":\"https:\/\/vieassociative.be\/actualites\/\",\"name\":\"Vie Associative\",\"description\":\"\",\"publisher\":{\"@id\":\"https:\/\/vieassociative.be\/actualites\/#organization\"},\"potentialAction\":[{\"@type\":\"SearchAction\",\"target\":{\"@type\":\"EntryPoint\",\"urlTemplate\":\"https:\/\/vieassociative.be\/actualites\/?s={search_term_string}\"},\"query-input\":{\"@type\":\"PropertyValueSpecification\",\"valueRequired\":true,\"valueName\":\"search_term_string\"}}],\"inLanguage\":\"fr-BE\"},{\"@type\":\"Organization\",\"@id\":\"https:\/\/vieassociative.be\/actualites\/#organization\",\"name\":\"Vie Associative\",\"url\":\"https:\/\/vieassociative.be\/actualites\/\",\"logo\":{\"@type\":\"ImageObject\",\"inLanguage\":\"fr-BE\",\"@id\":\"https:\/\/vieassociative.be\/actualites\/#\/schema\/logo\/image\/\",\"url\":\"https:\/\/vieassociative.be\/actualites\/wp-content\/uploads\/2024\/09\/cropped-vieassociative_favicon.ico.png\",\"contentUrl\":\"https:\/\/vieassociative.be\/actualites\/wp-content\/uploads\/2024\/09\/cropped-vieassociative_favicon.ico.png\",\"width\":512,\"height\":512,\"caption\":\"Vie Associative\"},\"image\":{\"@id\":\"https:\/\/vieassociative.be\/actualites\/#\/schema\/logo\/image\/\"}},{\"@type\":\"Person\",\"@id\":\"https:\/\/vieassociative.be\/actualites\/#\/schema\/person\/b87ac4f82f9d4e7b7cec7395b679edc4\",\"name\":\"Julien\",\"image\":{\"@type\":\"ImageObject\",\"inLanguage\":\"fr-BE\",\"@id\":\"https:\/\/vieassociative.be\/actualites\/#\/schema\/person\/image\/\",\"url\":\"https:\/\/vieassociative.be\/actualites\/wp-content\/uploads\/2024\/09\/vie-associative-1-150x150.jpg\",\"contentUrl\":\"https:\/\/vieassociative.be\/actualites\/wp-content\/uploads\/2024\/09\/vie-associative-1-150x150.jpg\",\"caption\":\"Julien\"},\"description\":\"Je suis Julien, r\u00e9dacteur pour Vie Associative. Passionn\u00e9 par le monde associatif depuis plus de 10 ans, j'ai \u00e0 c\u0153ur de partager des histoires inspirantes et de mettre en lumi\u00e8re les initiatives locales. Mon objectif est de sensibiliser et d'encourager l'engagement communautaire \u00e0 travers mes articles.\",\"sameAs\":[\"https:\/\/vieassociative.be\/\"]}]}<\/script>\n<!-- \/ Yoast SEO plugin. -->","yoast_head_json":{"title":"Ce syst\u00e8me de son surround Samsung est \u00e0 58\u00a0% de r\u00e9duction en ce moment | Vie Associative","robots":{"index":"index","follow":"follow","max-snippet":"max-snippet:-1","max-image-preview":"max-image-preview:large","max-video-preview":"max-video-preview:-1"},"canonical":"https:\/\/vieassociative.be\/actualites\/ce-systeme-de-son-surround-samsung-est-a-58-de-reduction-en-ce-moment\/","og_locale":"fr_FR","og_type":"article","og_title":"Ce syst\u00e8me de son surround Samsung est \u00e0 58\u00a0% de r\u00e9duction en ce moment | Vie Associative","og_description":"Nous pouvons gagner une commission sur les liens sur cette page. Les prix et la disponibilit\u00e9 de l&rsquo;offre sont sujets \u00e0 changement apr\u00e8s la publication.","og_url":"https:\/\/vieassociative.be\/actualites\/ce-systeme-de-son-surround-samsung-est-a-58-de-reduction-en-ce-moment\/","og_site_name":"Vie Associative","article_published_time":"2026-01-29T11:18:29+00:00","og_image":[{"url":"https:\/\/vieassociative.be\/actualites\/wp-content\/uploads\/2026\/01\/Ce-systeme-de-son-surround-Samsung-est-a-58-de.jpg","type":"","width":"","height":""}],"author":"Julien","twitter_card":"summary_large_image","twitter_misc":{"\u00c9crit par":"Julien","Dur\u00e9e de lecture est.":"2 minutes"},"schema":{"@context":"https:\/\/schema.org","@graph":[{"@type":"Article","@id":"https:\/\/vieassociative.be\/actualites\/ce-systeme-de-son-surround-samsung-est-a-58-de-reduction-en-ce-moment\/#article","isPartOf":{"@id":"https:\/\/vieassociative.be\/actualites\/ce-systeme-de-son-surround-samsung-est-a-58-de-reduction-en-ce-moment\/"},"author":{"name":"Julien","@id":"https:\/\/vieassociative.be\/actualites\/#\/schema\/person\/b87ac4f82f9d4e7b7cec7395b679edc4"},"headline":"Ce syst\u00e8me de son surround Samsung est \u00e0 58\u00a0% de r\u00e9duction en ce moment","datePublished":"2026-01-29T11:18:29+00:00","dateModified":"2026-01-29T11:18:29+00:00","mainEntityOfPage":{"@id":"https:\/\/vieassociative.be\/actualites\/ce-systeme-de-son-surround-samsung-est-a-58-de-reduction-en-ce-moment\/"},"wordCount":500,"publisher":{"@id":"https:\/\/vieassociative.be\/actualites\/#organization"},"image":{"@id":"https:\/\/vieassociative.be\/actualites\/ce-systeme-de-son-surround-samsung-est-a-58-de-reduction-en-ce-moment\/#primaryimage"},"thumbnailUrl":"https:\/\/vieassociative.be\/actualites\/wp-content\/uploads\/2026\/01\/Ce-systeme-de-son-surround-Samsung-est-a-58-de.png","keywords":["est","moment","r\u00e9duction","Samsung","son","surround","syst\u00e8me"],"articleSection":["Technologie"],"inLanguage":"fr-BE"},{"@type":"WebPage","@id":"https:\/\/vieassociative.be\/actualites\/ce-systeme-de-son-surround-samsung-est-a-58-de-reduction-en-ce-moment\/","url":"https:\/\/vieassociative.be\/actualites\/ce-systeme-de-son-surround-samsung-est-a-58-de-reduction-en-ce-moment\/","name":"Ce syst\u00e8me de son surround Samsung est \u00e0 58\u00a0% de r\u00e9duction en ce moment | Vie Associative","isPartOf":{"@id":"https:\/\/vieassociative.be\/actualites\/#website"},"primaryImageOfPage":{"@id":"https:\/\/vieassociative.be\/actualites\/ce-systeme-de-son-surround-samsung-est-a-58-de-reduction-en-ce-moment\/#primaryimage"},"image":{"@id":"https:\/\/vieassociative.be\/actualites\/ce-systeme-de-son-surround-samsung-est-a-58-de-reduction-en-ce-moment\/#primaryimage"},"thumbnailUrl":"https:\/\/vieassociative.be\/actualites\/wp-content\/uploads\/2026\/01\/Ce-systeme-de-son-surround-Samsung-est-a-58-de.png","datePublished":"2026-01-29T11:18:29+00:00","dateModified":"2026-01-29T11:18:29+00:00","breadcrumb":{"@id":"https:\/\/vieassociative.be\/actualites\/ce-systeme-de-son-surround-samsung-est-a-58-de-reduction-en-ce-moment\/#breadcrumb"},"inLanguage":"fr-BE","potentialAction":[{"@type":"ReadAction","target":["https:\/\/vieassociative.be\/actualites\/ce-systeme-de-son-surround-samsung-est-a-58-de-reduction-en-ce-moment\/"]}]},{"@type":"ImageObject","inLanguage":"fr-BE","@id":"https:\/\/vieassociative.be\/actualites\/ce-systeme-de-son-surround-samsung-est-a-58-de-reduction-en-ce-moment\/#primaryimage","url":"https:\/\/vieassociative.be\/actualites\/wp-content\/uploads\/2026\/01\/Ce-systeme-de-son-surround-Samsung-est-a-58-de.png","contentUrl":"https:\/\/vieassociative.be\/actualites\/wp-content\/uploads\/2026\/01\/Ce-systeme-de-son-surround-Samsung-est-a-58-de.png","width":1200,"height":675,"caption":"Ce syst\u00e8me de son surround Samsung est \u00e0 58\u00a0% de r\u00e9duction en ce moment"},{"@type":"BreadcrumbList","@id":"https:\/\/vieassociative.be\/actualites\/ce-systeme-de-son-surround-samsung-est-a-58-de-reduction-en-ce-moment\/#breadcrumb","itemListElement":[{"@type":"ListItem","position":1,"name":"Accueil","item":"https:\/\/vieassociative.be\/actualites\/"},{"@type":"ListItem","position":2,"name":"Ce syst\u00e8me de son surround Samsung est \u00e0 58\u00a0% de r\u00e9duction en ce moment"}]},{"@type":"WebSite","@id":"https:\/\/vieassociative.be\/actualites\/#website","url":"https:\/\/vieassociative.be\/actualites\/","name":"Vie Associative","description":"","publisher":{"@id":"https:\/\/vieassociative.be\/actualites\/#organization"},"potentialAction":[{"@type":"SearchAction","target":{"@type":"EntryPoint","urlTemplate":"https:\/\/vieassociative.be\/actualites\/?s={search_term_string}"},"query-input":{"@type":"PropertyValueSpecification","valueRequired":true,"valueName":"search_term_string"}}],"inLanguage":"fr-BE"},{"@type":"Organization","@id":"https:\/\/vieassociative.be\/actualites\/#organization","name":"Vie Associative","url":"https:\/\/vieassociative.be\/actualites\/","logo":{"@type":"ImageObject","inLanguage":"fr-BE","@id":"https:\/\/vieassociative.be\/actualites\/#\/schema\/logo\/image\/","url":"https:\/\/vieassociative.be\/actualites\/wp-content\/uploads\/2024\/09\/cropped-vieassociative_favicon.ico.png","contentUrl":"https:\/\/vieassociative.be\/actualites\/wp-content\/uploads\/2024\/09\/cropped-vieassociative_favicon.ico.png","width":512,"height":512,"caption":"Vie Associative"},"image":{"@id":"https:\/\/vieassociative.be\/actualites\/#\/schema\/logo\/image\/"}},{"@type":"Person","@id":"https:\/\/vieassociative.be\/actualites\/#\/schema\/person\/b87ac4f82f9d4e7b7cec7395b679edc4","name":"Julien","image":{"@type":"ImageObject","inLanguage":"fr-BE","@id":"https:\/\/vieassociative.be\/actualites\/#\/schema\/person\/image\/","url":"https:\/\/vieassociative.be\/actualites\/wp-content\/uploads\/2024\/09\/vie-associative-1-150x150.jpg","contentUrl":"https:\/\/vieassociative.be\/actualites\/wp-content\/uploads\/2024\/09\/vie-associative-1-150x150.jpg","caption":"Julien"},"description":"Je suis Julien, r\u00e9dacteur pour Vie Associative. Passionn\u00e9 par le monde associatif depuis plus de 10 ans, j'ai \u00e0 c\u0153ur de partager des histoires inspirantes et de mettre en lumi\u00e8re les initiatives locales. Mon objectif est de sensibiliser et d'encourager l'engagement communautaire \u00e0 travers mes articles.","sameAs":["https:\/\/vieassociative.be\/"]}]}},"_links":{"self":[{"href":"https:\/\/vieassociative.be\/actualites\/wp-json\/wp\/v2\/posts\/12408"}],"collection":[{"href":"https:\/\/vieassociative.be\/actualites\/wp-json\/wp\/v2\/posts"}],"about":[{"href":"https:\/\/vieassociative.be\/actualites\/wp-json\/wp\/v2\/types\/post"}],"author":[{"embeddable":true,"href":"https:\/\/vieassociative.be\/actualites\/wp-json\/wp\/v2\/users\/1"}],"replies":[{"embeddable":true,"href":"https:\/\/vieassociative.be\/actualites\/wp-json\/wp\/v2\/comments?post=12408"}],"version-history":[{"count":0,"href":"https:\/\/vieassociative.be\/actualites\/wp-json\/wp\/v2\/posts\/12408\/revisions"}],"wp:featuredmedia":[{"embeddable":true,"href":"https:\/\/vieassociative.be\/actualites\/wp-json\/wp\/v2\/media\/12409"}],"wp:attachment":[{"href":"https:\/\/vieassociative.be\/actualites\/wp-json\/wp\/v2\/media?parent=12408"}],"wp:term":[{"taxonomy":"category","embeddable":true,"href":"https:\/\/vieassociative.be\/actualites\/wp-json\/wp\/v2\/categories?post=12408"},{"taxonomy":"post_tag","embeddable":true,"href":"https:\/\/vieassociative.be\/actualites\/wp-json\/wp\/v2\/tags?post=12408"}],"curies":[{"name":"wp","href":"https:\/\/api.w.org\/{rel}","templated":true}]}}