{"id":12406,"date":"2026-01-29T07:17:28","date_gmt":"2026-01-29T06:17:28","guid":{"rendered":"https:\/\/vieassociative.be\/actualites\/nuit-lumineuse-de-la-technologie-journee-portes-ouvertes-au-rsi-eupen-2\/"},"modified":"2026-01-29T07:17:28","modified_gmt":"2026-01-29T06:17:28","slug":"nuit-lumineuse-de-la-technologie-journee-portes-ouvertes-au-rsi-eupen-2","status":"publish","type":"post","link":"https:\/\/vieassociative.be\/actualites\/nuit-lumineuse-de-la-technologie-journee-portes-ouvertes-au-rsi-eupen-2\/","title":{"rendered":"Nuit Lumineuse de la Technologie \u2013 Journ\u00e9e Portes Ouvertes au RSI Eupen"},"content":{"rendered":"<p><strong>Le 31 janvier, l&rsquo;Institut Robert Schuman invite toutes les personnes int\u00e9ress\u00e9es \u00e0 sa journ\u00e9e portes ouvertes. L&rsquo;ensemble de la communaut\u00e9 scolaire et l&rsquo;Universit\u00e9 des sciences appliqu\u00e9es d&rsquo;Aix-la-Chapelle pr\u00e9sentent un programme interactif et passionnant pour toute la famille.<\/strong><\/p>\n<p><span id=\"more-434842\"><\/span><strong>\u2013 15h30 Accueil des bacheliers et de leurs parents :<\/strong> Parents et enfants d\u00e9couvrent la 1\u00e8re \u00e9tape du RSI ! L&rsquo;\u00e9quipe p\u00e9dagogique pr\u00e9sente l&rsquo;\u00e9cole, les m\u00e9thodes p\u00e9dagogiques et le programme d&rsquo;accompagnement des nouveaux \u00e9l\u00e8ves. Il est possible de poser des questions et de visiter les salles et salles de classe sp\u00e9cialis\u00e9es.<\/p>\n<div id=\"attachment_417677\" class=\"wp-caption alignleft\" style=\"max-width: 300px\"><img fetchpriority=\"high\" decoding=\"async\" class=\"wp-image-417677 size-medium\" src=\"https:\/\/vieassociative.be\/actualites\/wp-content\/uploads\/2025\/06\/RSI-EUPEN-avec-un-nouveau-domaine-detudes-candidat-aux-professions.jpg\" alt=\"\" width=\"300\" height=\"200\"  ><\/div>\n<p><strong>\u2013 La Nuit des Lumi\u00e8res de la Technologie commence \u00e0 17h :<\/strong> Les visiteurs peuvent s&rsquo;attendre \u00e0 des points forts et des d\u00e9monstrations techniques fascinantes, des exp\u00e9riences interactives ainsi que des stations pratiques et des activit\u00e9s sp\u00e9cifiques \u00e0 chaque sujet dans tous les domaines d&rsquo;\u00e9tudes.<\/p>\n<p>Un moment fort sera une d\u00e9monstration spectaculaire de la police en collaboration avec les pompiers vers 17h20, au cours de laquelle un drone, un chien renifleur et une \u00e9quipe d&rsquo;urgence pr\u00e9senteront des sc\u00e9narios op\u00e9rationnels r\u00e9alistes.<\/p>\n<p><strong>\u2013 Perspectives de carri\u00e8re en bref :<\/strong> La \u00abNuit des Lumi\u00e8res de la Technologie\u00bb montre les opportunit\u00e9s qu&rsquo;offre la formation scolaire professionnelle et technique. En outre, des repr\u00e9sentants de l&rsquo;industrie fournissent des informations sur les opportunit\u00e9s de carri\u00e8re passionnantes et l&rsquo;Universit\u00e9 des sciences appliqu\u00e9es d&rsquo;Aix-la-Chapelle sur des \u00e9tudes compl\u00e9mentaires int\u00e9ressantes pour les dipl\u00f4m\u00e9s de la formation scolaire.<\/p>\n<p>La caf\u00e9t\u00e9ria DGG Service &#038; Logistique et le cercle d&rsquo;amis veillent \u00e0 votre bien-\u00eatre physique.<br \/>\nToutes les personnes int\u00e9ress\u00e9es sont invit\u00e9es ! L&rsquo;entr\u00e9e est gratuite.<\/p>\n","protected":false},"excerpt":{"rendered":"<p>Le 31 janvier, l&rsquo;Institut Robert Schuman invite toutes les personnes int\u00e9ress\u00e9es \u00e0 sa journ\u00e9e portes ouvertes. L&rsquo;ensemble de la communaut\u00e9 scolaire et l&rsquo;Universit\u00e9 des sciences<\/p>\n","protected":false},"author":1,"featured_media":12407,"comment_status":"","ping_status":"","sticky":false,"template":"","format":"standard","meta":{"footnotes":""},"categories":[298],"tags":[2329,2877,4880,2405,4882,4881,4883,1582],"class_list":["post-12406","post","type-post","status-publish","format-standard","has-post-thumbnail","hentry","category-belgique","tag-eupen","tag-journee","tag-lumineuse","tag-nuit","tag-ouvertes","tag-portes","tag-rsi","tag-technologie","generate-columns","tablet-grid-50","mobile-grid-100","grid-parent","grid-33"],"yoast_head":"<!-- This site is optimized with the Yoast SEO plugin v24.0 - https:\/\/yoast.com\/wordpress\/plugins\/seo\/ -->\n<title>Nuit Lumineuse de la Technologie \u2013 Journ\u00e9e Portes Ouvertes au RSI Eupen | Vie Associative<\/title>\n<meta name=\"robots\" content=\"index, follow, max-snippet:-1, max-image-preview:large, max-video-preview:-1\" \/>\n<link rel=\"canonical\" href=\"https:\/\/vieassociative.be\/actualites\/nuit-lumineuse-de-la-technologie-journee-portes-ouvertes-au-rsi-eupen-2\/\" \/>\n<meta property=\"og:locale\" content=\"fr_FR\" \/>\n<meta property=\"og:type\" content=\"article\" \/>\n<meta property=\"og:title\" content=\"Nuit Lumineuse de la Technologie \u2013 Journ\u00e9e Portes Ouvertes au RSI Eupen | Vie Associative\" \/>\n<meta property=\"og:description\" content=\"Le 31 janvier, l&rsquo;Institut Robert Schuman invite toutes les personnes int\u00e9ress\u00e9es \u00e0 sa journ\u00e9e portes ouvertes. L&rsquo;ensemble de la communaut\u00e9 scolaire et l&rsquo;Universit\u00e9 des sciences\" \/>\n<meta property=\"og:url\" content=\"https:\/\/vieassociative.be\/actualites\/nuit-lumineuse-de-la-technologie-journee-portes-ouvertes-au-rsi-eupen-2\/\" \/>\n<meta property=\"og:site_name\" content=\"Vie Associative\" \/>\n<meta property=\"article:published_time\" content=\"2026-01-29T06:17:28+00:00\" \/>\n<meta property=\"og:image\" content=\"https:\/\/vieassociative.be\/actualites\/wp-content\/uploads\/2024\/09\/header_backgroundk-01-e1726694325946.png\" \/>\n\t<meta property=\"og:image:width\" content=\"279\" \/>\n\t<meta property=\"og:image:height\" content=\"92\" \/>\n\t<meta property=\"og:image:type\" content=\"image\/png\" \/>\n<meta name=\"author\" content=\"Julien\" \/>\n<meta name=\"twitter:card\" content=\"summary_large_image\" \/>\n<meta name=\"twitter:label1\" content=\"\u00c9crit par\" \/>\n\t<meta name=\"twitter:data1\" content=\"Julien\" \/>\n\t<meta name=\"twitter:label2\" content=\"Dur\u00e9e de lecture est.\" \/>\n\t<meta name=\"twitter:data2\" content=\"1 minute\" \/>\n<script type=\"application\/ld+json\" class=\"yoast-schema-graph\">{\"@context\":\"https:\/\/schema.org\",\"@graph\":[{\"@type\":\"Article\",\"@id\":\"https:\/\/vieassociative.be\/actualites\/nuit-lumineuse-de-la-technologie-journee-portes-ouvertes-au-rsi-eupen-2\/#article\",\"isPartOf\":{\"@id\":\"https:\/\/vieassociative.be\/actualites\/nuit-lumineuse-de-la-technologie-journee-portes-ouvertes-au-rsi-eupen-2\/\"},\"author\":{\"name\":\"Julien\",\"@id\":\"https:\/\/vieassociative.be\/actualites\/#\/schema\/person\/b87ac4f82f9d4e7b7cec7395b679edc4\"},\"headline\":\"Nuit Lumineuse de la Technologie \u2013 Journ\u00e9e Portes Ouvertes au RSI Eupen\",\"datePublished\":\"2026-01-29T06:17:28+00:00\",\"dateModified\":\"2026-01-29T06:17:28+00:00\",\"mainEntityOfPage\":{\"@id\":\"https:\/\/vieassociative.be\/actualites\/nuit-lumineuse-de-la-technologie-journee-portes-ouvertes-au-rsi-eupen-2\/\"},\"wordCount\":304,\"publisher\":{\"@id\":\"https:\/\/vieassociative.be\/actualites\/#organization\"},\"image\":{\"@id\":\"https:\/\/vieassociative.be\/actualites\/nuit-lumineuse-de-la-technologie-journee-portes-ouvertes-au-rsi-eupen-2\/#primaryimage\"},\"thumbnailUrl\":\"https:\/\/vieassociative.be\/actualites\/wp-content\/uploads\/2026\/01\/Nuit-Lumineuse-de-la-Technologie-\u2013-Journee-Portes-Ouvertes-au.jpg\",\"keywords\":[\"Eupen\",\"journ\u00e9e\",\"Lumineuse\",\"nuit\",\"Ouvertes\",\"Portes\",\"RSI\",\"technologie\"],\"articleSection\":[\"Belgique\"],\"inLanguage\":\"fr-BE\"},{\"@type\":\"WebPage\",\"@id\":\"https:\/\/vieassociative.be\/actualites\/nuit-lumineuse-de-la-technologie-journee-portes-ouvertes-au-rsi-eupen-2\/\",\"url\":\"https:\/\/vieassociative.be\/actualites\/nuit-lumineuse-de-la-technologie-journee-portes-ouvertes-au-rsi-eupen-2\/\",\"name\":\"Nuit Lumineuse de la Technologie \u2013 Journ\u00e9e Portes Ouvertes au RSI Eupen | Vie Associative\",\"isPartOf\":{\"@id\":\"https:\/\/vieassociative.be\/actualites\/#website\"},\"primaryImageOfPage\":{\"@id\":\"https:\/\/vieassociative.be\/actualites\/nuit-lumineuse-de-la-technologie-journee-portes-ouvertes-au-rsi-eupen-2\/#primaryimage\"},\"image\":{\"@id\":\"https:\/\/vieassociative.be\/actualites\/nuit-lumineuse-de-la-technologie-journee-portes-ouvertes-au-rsi-eupen-2\/#primaryimage\"},\"thumbnailUrl\":\"https:\/\/vieassociative.be\/actualites\/wp-content\/uploads\/2026\/01\/Nuit-Lumineuse-de-la-Technologie-\u2013-Journee-Portes-Ouvertes-au.jpg\",\"datePublished\":\"2026-01-29T06:17:28+00:00\",\"dateModified\":\"2026-01-29T06:17:28+00:00\",\"breadcrumb\":{\"@id\":\"https:\/\/vieassociative.be\/actualites\/nuit-lumineuse-de-la-technologie-journee-portes-ouvertes-au-rsi-eupen-2\/#breadcrumb\"},\"inLanguage\":\"fr-BE\",\"potentialAction\":[{\"@type\":\"ReadAction\",\"target\":[\"https:\/\/vieassociative.be\/actualites\/nuit-lumineuse-de-la-technologie-journee-portes-ouvertes-au-rsi-eupen-2\/\"]}]},{\"@type\":\"ImageObject\",\"inLanguage\":\"fr-BE\",\"@id\":\"https:\/\/vieassociative.be\/actualites\/nuit-lumineuse-de-la-technologie-journee-portes-ouvertes-au-rsi-eupen-2\/#primaryimage\",\"url\":\"https:\/\/vieassociative.be\/actualites\/wp-content\/uploads\/2026\/01\/Nuit-Lumineuse-de-la-Technologie-\u2013-Journee-Portes-Ouvertes-au.jpg\",\"contentUrl\":\"https:\/\/vieassociative.be\/actualites\/wp-content\/uploads\/2026\/01\/Nuit-Lumineuse-de-la-Technologie-\u2013-Journee-Portes-Ouvertes-au.jpg\",\"width\":1200,\"height\":801,\"caption\":\"Nuit Lumineuse de la Technologie \u2013 Journ\u00e9e Portes Ouvertes au RSI Eupen\"},{\"@type\":\"BreadcrumbList\",\"@id\":\"https:\/\/vieassociative.be\/actualites\/nuit-lumineuse-de-la-technologie-journee-portes-ouvertes-au-rsi-eupen-2\/#breadcrumb\",\"itemListElement\":[{\"@type\":\"ListItem\",\"position\":1,\"name\":\"Accueil\",\"item\":\"https:\/\/vieassociative.be\/actualites\/\"},{\"@type\":\"ListItem\",\"position\":2,\"name\":\"Nuit Lumineuse de la Technologie \u2013 Journ\u00e9e Portes Ouvertes au RSI Eupen\"}]},{\"@type\":\"WebSite\",\"@id\":\"https:\/\/vieassociative.be\/actualites\/#website\",\"url\":\"https:\/\/vieassociative.be\/actualites\/\",\"name\":\"Vie Associative\",\"description\":\"\",\"publisher\":{\"@id\":\"https:\/\/vieassociative.be\/actualites\/#organization\"},\"potentialAction\":[{\"@type\":\"SearchAction\",\"target\":{\"@type\":\"EntryPoint\",\"urlTemplate\":\"https:\/\/vieassociative.be\/actualites\/?s={search_term_string}\"},\"query-input\":{\"@type\":\"PropertyValueSpecification\",\"valueRequired\":true,\"valueName\":\"search_term_string\"}}],\"inLanguage\":\"fr-BE\"},{\"@type\":\"Organization\",\"@id\":\"https:\/\/vieassociative.be\/actualites\/#organization\",\"name\":\"Vie Associative\",\"url\":\"https:\/\/vieassociative.be\/actualites\/\",\"logo\":{\"@type\":\"ImageObject\",\"inLanguage\":\"fr-BE\",\"@id\":\"https:\/\/vieassociative.be\/actualites\/#\/schema\/logo\/image\/\",\"url\":\"https:\/\/vieassociative.be\/actualites\/wp-content\/uploads\/2024\/09\/cropped-vieassociative_favicon.ico.png\",\"contentUrl\":\"https:\/\/vieassociative.be\/actualites\/wp-content\/uploads\/2024\/09\/cropped-vieassociative_favicon.ico.png\",\"width\":512,\"height\":512,\"caption\":\"Vie Associative\"},\"image\":{\"@id\":\"https:\/\/vieassociative.be\/actualites\/#\/schema\/logo\/image\/\"}},{\"@type\":\"Person\",\"@id\":\"https:\/\/vieassociative.be\/actualites\/#\/schema\/person\/b87ac4f82f9d4e7b7cec7395b679edc4\",\"name\":\"Julien\",\"image\":{\"@type\":\"ImageObject\",\"inLanguage\":\"fr-BE\",\"@id\":\"https:\/\/vieassociative.be\/actualites\/#\/schema\/person\/image\/\",\"url\":\"https:\/\/vieassociative.be\/actualites\/wp-content\/uploads\/2024\/09\/vie-associative-1-150x150.jpg\",\"contentUrl\":\"https:\/\/vieassociative.be\/actualites\/wp-content\/uploads\/2024\/09\/vie-associative-1-150x150.jpg\",\"caption\":\"Julien\"},\"description\":\"Je suis Julien, r\u00e9dacteur pour Vie Associative. Passionn\u00e9 par le monde associatif depuis plus de 10 ans, j'ai \u00e0 c\u0153ur de partager des histoires inspirantes et de mettre en lumi\u00e8re les initiatives locales. Mon objectif est de sensibiliser et d'encourager l'engagement communautaire \u00e0 travers mes articles.\",\"sameAs\":[\"https:\/\/vieassociative.be\/\"]}]}<\/script>\n<!-- \/ Yoast SEO plugin. -->","yoast_head_json":{"title":"Nuit Lumineuse de la Technologie \u2013 Journ\u00e9e Portes Ouvertes au RSI Eupen | Vie Associative","robots":{"index":"index","follow":"follow","max-snippet":"max-snippet:-1","max-image-preview":"max-image-preview:large","max-video-preview":"max-video-preview:-1"},"canonical":"https:\/\/vieassociative.be\/actualites\/nuit-lumineuse-de-la-technologie-journee-portes-ouvertes-au-rsi-eupen-2\/","og_locale":"fr_FR","og_type":"article","og_title":"Nuit Lumineuse de la Technologie \u2013 Journ\u00e9e Portes Ouvertes au RSI Eupen | Vie Associative","og_description":"Le 31 janvier, l&rsquo;Institut Robert Schuman invite toutes les personnes int\u00e9ress\u00e9es \u00e0 sa journ\u00e9e portes ouvertes. L&rsquo;ensemble de la communaut\u00e9 scolaire et l&rsquo;Universit\u00e9 des sciences","og_url":"https:\/\/vieassociative.be\/actualites\/nuit-lumineuse-de-la-technologie-journee-portes-ouvertes-au-rsi-eupen-2\/","og_site_name":"Vie Associative","article_published_time":"2026-01-29T06:17:28+00:00","og_image":[{"width":279,"height":92,"url":"https:\/\/vieassociative.be\/actualites\/wp-content\/uploads\/2024\/09\/header_backgroundk-01-e1726694325946.png","type":"image\/png"}],"author":"Julien","twitter_card":"summary_large_image","twitter_misc":{"\u00c9crit par":"Julien","Dur\u00e9e de lecture est.":"1 minute"},"schema":{"@context":"https:\/\/schema.org","@graph":[{"@type":"Article","@id":"https:\/\/vieassociative.be\/actualites\/nuit-lumineuse-de-la-technologie-journee-portes-ouvertes-au-rsi-eupen-2\/#article","isPartOf":{"@id":"https:\/\/vieassociative.be\/actualites\/nuit-lumineuse-de-la-technologie-journee-portes-ouvertes-au-rsi-eupen-2\/"},"author":{"name":"Julien","@id":"https:\/\/vieassociative.be\/actualites\/#\/schema\/person\/b87ac4f82f9d4e7b7cec7395b679edc4"},"headline":"Nuit Lumineuse de la Technologie \u2013 Journ\u00e9e Portes Ouvertes au RSI Eupen","datePublished":"2026-01-29T06:17:28+00:00","dateModified":"2026-01-29T06:17:28+00:00","mainEntityOfPage":{"@id":"https:\/\/vieassociative.be\/actualites\/nuit-lumineuse-de-la-technologie-journee-portes-ouvertes-au-rsi-eupen-2\/"},"wordCount":304,"publisher":{"@id":"https:\/\/vieassociative.be\/actualites\/#organization"},"image":{"@id":"https:\/\/vieassociative.be\/actualites\/nuit-lumineuse-de-la-technologie-journee-portes-ouvertes-au-rsi-eupen-2\/#primaryimage"},"thumbnailUrl":"https:\/\/vieassociative.be\/actualites\/wp-content\/uploads\/2026\/01\/Nuit-Lumineuse-de-la-Technologie-\u2013-Journee-Portes-Ouvertes-au.jpg","keywords":["Eupen","journ\u00e9e","Lumineuse","nuit","Ouvertes","Portes","RSI","technologie"],"articleSection":["Belgique"],"inLanguage":"fr-BE"},{"@type":"WebPage","@id":"https:\/\/vieassociative.be\/actualites\/nuit-lumineuse-de-la-technologie-journee-portes-ouvertes-au-rsi-eupen-2\/","url":"https:\/\/vieassociative.be\/actualites\/nuit-lumineuse-de-la-technologie-journee-portes-ouvertes-au-rsi-eupen-2\/","name":"Nuit Lumineuse de la Technologie \u2013 Journ\u00e9e Portes Ouvertes au RSI Eupen | Vie Associative","isPartOf":{"@id":"https:\/\/vieassociative.be\/actualites\/#website"},"primaryImageOfPage":{"@id":"https:\/\/vieassociative.be\/actualites\/nuit-lumineuse-de-la-technologie-journee-portes-ouvertes-au-rsi-eupen-2\/#primaryimage"},"image":{"@id":"https:\/\/vieassociative.be\/actualites\/nuit-lumineuse-de-la-technologie-journee-portes-ouvertes-au-rsi-eupen-2\/#primaryimage"},"thumbnailUrl":"https:\/\/vieassociative.be\/actualites\/wp-content\/uploads\/2026\/01\/Nuit-Lumineuse-de-la-Technologie-\u2013-Journee-Portes-Ouvertes-au.jpg","datePublished":"2026-01-29T06:17:28+00:00","dateModified":"2026-01-29T06:17:28+00:00","breadcrumb":{"@id":"https:\/\/vieassociative.be\/actualites\/nuit-lumineuse-de-la-technologie-journee-portes-ouvertes-au-rsi-eupen-2\/#breadcrumb"},"inLanguage":"fr-BE","potentialAction":[{"@type":"ReadAction","target":["https:\/\/vieassociative.be\/actualites\/nuit-lumineuse-de-la-technologie-journee-portes-ouvertes-au-rsi-eupen-2\/"]}]},{"@type":"ImageObject","inLanguage":"fr-BE","@id":"https:\/\/vieassociative.be\/actualites\/nuit-lumineuse-de-la-technologie-journee-portes-ouvertes-au-rsi-eupen-2\/#primaryimage","url":"https:\/\/vieassociative.be\/actualites\/wp-content\/uploads\/2026\/01\/Nuit-Lumineuse-de-la-Technologie-\u2013-Journee-Portes-Ouvertes-au.jpg","contentUrl":"https:\/\/vieassociative.be\/actualites\/wp-content\/uploads\/2026\/01\/Nuit-Lumineuse-de-la-Technologie-\u2013-Journee-Portes-Ouvertes-au.jpg","width":1200,"height":801,"caption":"Nuit Lumineuse de la Technologie \u2013 Journ\u00e9e Portes Ouvertes au RSI Eupen"},{"@type":"BreadcrumbList","@id":"https:\/\/vieassociative.be\/actualites\/nuit-lumineuse-de-la-technologie-journee-portes-ouvertes-au-rsi-eupen-2\/#breadcrumb","itemListElement":[{"@type":"ListItem","position":1,"name":"Accueil","item":"https:\/\/vieassociative.be\/actualites\/"},{"@type":"ListItem","position":2,"name":"Nuit Lumineuse de la Technologie \u2013 Journ\u00e9e Portes Ouvertes au RSI Eupen"}]},{"@type":"WebSite","@id":"https:\/\/vieassociative.be\/actualites\/#website","url":"https:\/\/vieassociative.be\/actualites\/","name":"Vie Associative","description":"","publisher":{"@id":"https:\/\/vieassociative.be\/actualites\/#organization"},"potentialAction":[{"@type":"SearchAction","target":{"@type":"EntryPoint","urlTemplate":"https:\/\/vieassociative.be\/actualites\/?s={search_term_string}"},"query-input":{"@type":"PropertyValueSpecification","valueRequired":true,"valueName":"search_term_string"}}],"inLanguage":"fr-BE"},{"@type":"Organization","@id":"https:\/\/vieassociative.be\/actualites\/#organization","name":"Vie Associative","url":"https:\/\/vieassociative.be\/actualites\/","logo":{"@type":"ImageObject","inLanguage":"fr-BE","@id":"https:\/\/vieassociative.be\/actualites\/#\/schema\/logo\/image\/","url":"https:\/\/vieassociative.be\/actualites\/wp-content\/uploads\/2024\/09\/cropped-vieassociative_favicon.ico.png","contentUrl":"https:\/\/vieassociative.be\/actualites\/wp-content\/uploads\/2024\/09\/cropped-vieassociative_favicon.ico.png","width":512,"height":512,"caption":"Vie Associative"},"image":{"@id":"https:\/\/vieassociative.be\/actualites\/#\/schema\/logo\/image\/"}},{"@type":"Person","@id":"https:\/\/vieassociative.be\/actualites\/#\/schema\/person\/b87ac4f82f9d4e7b7cec7395b679edc4","name":"Julien","image":{"@type":"ImageObject","inLanguage":"fr-BE","@id":"https:\/\/vieassociative.be\/actualites\/#\/schema\/person\/image\/","url":"https:\/\/vieassociative.be\/actualites\/wp-content\/uploads\/2024\/09\/vie-associative-1-150x150.jpg","contentUrl":"https:\/\/vieassociative.be\/actualites\/wp-content\/uploads\/2024\/09\/vie-associative-1-150x150.jpg","caption":"Julien"},"description":"Je suis Julien, r\u00e9dacteur pour Vie Associative. Passionn\u00e9 par le monde associatif depuis plus de 10 ans, j'ai \u00e0 c\u0153ur de partager des histoires inspirantes et de mettre en lumi\u00e8re les initiatives locales. Mon objectif est de sensibiliser et d'encourager l'engagement communautaire \u00e0 travers mes articles.","sameAs":["https:\/\/vieassociative.be\/"]}]}},"_links":{"self":[{"href":"https:\/\/vieassociative.be\/actualites\/wp-json\/wp\/v2\/posts\/12406"}],"collection":[{"href":"https:\/\/vieassociative.be\/actualites\/wp-json\/wp\/v2\/posts"}],"about":[{"href":"https:\/\/vieassociative.be\/actualites\/wp-json\/wp\/v2\/types\/post"}],"author":[{"embeddable":true,"href":"https:\/\/vieassociative.be\/actualites\/wp-json\/wp\/v2\/users\/1"}],"replies":[{"embeddable":true,"href":"https:\/\/vieassociative.be\/actualites\/wp-json\/wp\/v2\/comments?post=12406"}],"version-history":[{"count":0,"href":"https:\/\/vieassociative.be\/actualites\/wp-json\/wp\/v2\/posts\/12406\/revisions"}],"wp:featuredmedia":[{"embeddable":true,"href":"https:\/\/vieassociative.be\/actualites\/wp-json\/wp\/v2\/media\/12407"}],"wp:attachment":[{"href":"https:\/\/vieassociative.be\/actualites\/wp-json\/wp\/v2\/media?parent=12406"}],"wp:term":[{"taxonomy":"category","embeddable":true,"href":"https:\/\/vieassociative.be\/actualites\/wp-json\/wp\/v2\/categories?post=12406"},{"taxonomy":"post_tag","embeddable":true,"href":"https:\/\/vieassociative.be\/actualites\/wp-json\/wp\/v2\/tags?post=12406"}],"curies":[{"name":"wp","href":"https:\/\/api.w.org\/{rel}","templated":true}]}}