{"id":12403,"date":"2026-01-29T01:17:31","date_gmt":"2026-01-29T00:17:31","guid":{"rendered":"https:\/\/vieassociative.be\/actualites\/ligue-des-champions-le-fc-bruges-se-qualifie-pour-les-huitiemes-de-finale-la-victoire-ne-suffit-pas-a-lunion\/"},"modified":"2026-01-29T01:17:31","modified_gmt":"2026-01-29T00:17:31","slug":"ligue-des-champions-le-fc-bruges-se-qualifie-pour-les-huitiemes-de-finale-la-victoire-ne-suffit-pas-a-lunion","status":"publish","type":"post","link":"https:\/\/vieassociative.be\/actualites\/ligue-des-champions-le-fc-bruges-se-qualifie-pour-les-huitiemes-de-finale-la-victoire-ne-suffit-pas-a-lunion\/","title":{"rendered":"Ligue des Champions : le FC Bruges se qualifie pour les huiti\u00e8mes de finale \u2013 la victoire ne suffit pas \u00e0 l\u2019Union"},"content":{"rendered":"<p><strong>Les chances \u00e9taient mauvaises pour les deux clubs belges du FC Bruges et de l&rsquo;Union Saint-Gilloise avant la derni\u00e8re journ\u00e9e de la phase de championnat de la Ligue des Champions. Cependant, les deux ont r\u00e9ussi \u00e0 gagner leur match, l&rsquo;Union s&rsquo;est impos\u00e9e 1-0 contre l&rsquo;Atalanta Bergame et Bruges 3-0 contre l&rsquo;Olympique de Marseille. L&rsquo;Union a \u00e9t\u00e9 \u00e9limin\u00e9e, Bruges a acc\u00e9d\u00e9 aux s\u00e9ries \u00e9liminatoires.<\/strong><\/p>\n<p><span id=\"more-434874\"><\/span>Apr\u00e8s des semaines de comp\u00e9tition, tout s&rsquo;est termin\u00e9 mercredi soir, derni\u00e8re journ\u00e9e de la phase de championnat. Pour acc\u00e9der aux playoffs, l&rsquo;Union Saint-Gilloise devait absolument s&rsquo;imposer face \u00e0 l&rsquo;Atalanta en esp\u00e9rant de nombreux r\u00e9sultats favorables. Une victoire suffisait \u00e0 Bruges pour l&#8217;emporter.<\/p>\n<p>Gr\u00e2ce \u00e0 une performance XXL des Brugeois, c\u2019est d\u00e9sormais chose faite. Tout commen\u00e7ait bien pour Bruges, qui prenait l&rsquo;avantage apr\u00e8s quatre minutes. Stankovic a pass\u00e9 le ballon \u00e0 Vanaken, qui l&rsquo;a transmis \u00e0 Diakhon. Il a tir\u00e9 le ballon au deuxi\u00e8me poteau et le gardien marseillais n&rsquo;a pas r\u00e9ussi \u00e0 le bloquer suffisamment, le ballon a donc fini dans les filets, 1-0.<\/p>\n<div id=\"attachment_415351\" class=\"wp-caption alignleft\" style=\"max-width: 300px\"><img fetchpriority=\"high\" decoding=\"async\" class=\"wp-image-415351 size-medium\" src=\"https:\/\/vieassociative.be\/actualites\/wp-content\/uploads\/2025\/05\/Le-FC-Brugge-lance-KRC-Genk-de-la-course-de.jpg\" alt=\"\" width=\"300\" height=\"200\"  ><\/div>\n<p>Quelques minutes plus tard, Vermant reprenait un ballon bloqu\u00e9 par Stankovic. Le tir du Belge a atterri au-dessus du poteau dans le but de Rulli, 2-0.<\/p>\n<p>Sinon, Bruges s&rsquo;est appuy\u00e9 sur Mignolet, qui a bloqu\u00e9 tous les tirs marseillais.<\/p>\n<p>En seconde p\u00e9riode, Bruges a eu une chance cinq \u00e9toiles de marquer le but d\u00e9cisif. Apr\u00e8s une avance de Forbs, Diakhon avait le ballon au pied mais oubliait de tirer. En retour, Marseille a failli porter le score \u00e0 2-1, mais le tir de Gouiri est pass\u00e9 de peu \u00e0 c\u00f4t\u00e9.<\/p>\n<p>A la 73e minute, les \u00ab Blauw en Zwart \u00bb ont eu une nouvelle chance de d\u00e9cider du match. Tzolis a \u00e9t\u00e9 id\u00e9alement servi par Forbs, mais a tir\u00e9 trop loin pour marquer le troisi\u00e8me but du match.<\/p>\n<\/p>\n<div id=\"attachment_434212\" class=\"wp-caption alignleft\" style=\"max-width: 300px\"><img decoding=\"async\" class=\"wp-image-434212 size-medium\" src=\"https:\/\/vieassociative.be\/actualites\/wp-content\/uploads\/2026\/01\/Ligue-des-Champions-le-FC-Bruges-se-qualifie-pour.jpg\" alt=\"\" width=\"300\" height=\"200\"  ><\/div>\n<p>Cinq minutes plus tard, Stankovic mettait les choses au clair avec un but d\u00e9cisif. Il a \u00e9t\u00e9 jou\u00e9 par Forbs, qui avait d\u00e9j\u00e0 rat\u00e9 une belle situation en t\u00eate-\u00e0-t\u00eate, 3-0. Bruges a ainsi battu Marseille, d\u00e9\u00e7u et sorti du top 24 au coup de sifflet final car le Benfica Lisbonne a marqu\u00e9 un nouveau but contre le Real Madrid \u00e0 la toute derni\u00e8re seconde gr\u00e2ce \u00e0 son gardien et a ainsi pu devancer les Fran\u00e7ais dans le tableau final.<\/p>\n<p>Pendant ce temps, l&rsquo;Union Saint-Gilloise a r\u00e9ussi \u00e0 faire de jolis adieux. Les champions ont remport\u00e9 leur dernier match de Ligue des champions 1-0. Anan Khalaili a battu l&rsquo;\u00e9quipe B de l&rsquo;Atalanta dans un match avec peu d&rsquo;occasions, mais les trois points n&rsquo;ont pas suffi pour terminer dans le top 24. L&rsquo;Union est emp\u00each\u00e9e de participer aux \u00e9liminatoires des huiti\u00e8mes de finale en raison de la faible diff\u00e9rence de buts due aux lourdes d\u00e9faites contre Newcastle United et l&rsquo;Inter Milan, mais quitte l&rsquo;Europe la t\u00eate haute. De plus, la victoire contre l&rsquo;Atalanta, tout comme la victoire 3-0 du Club de Bruges contre Marseille, est une aubaine pour le football belge au classement quinquennal de l&rsquo;UEFA. (cr\u00e9er)<\/p>\n","protected":false},"excerpt":{"rendered":"<p>Les chances \u00e9taient mauvaises pour les deux clubs belges du FC Bruges et de l&rsquo;Union Saint-Gilloise avant la derni\u00e8re journ\u00e9e de la phase de championnat<\/p>\n","protected":false},"author":1,"featured_media":10125,"comment_status":"","ping_status":"","sticky":false,"template":"","format":"standard","meta":{"footnotes":""},"categories":[298],"tags":[2851,2818,29,879,9881,14,2817,1143,126,81,4062,6131,784],"class_list":["post-12403","post","type-post","status-publish","format-standard","has-post-thumbnail","hentry","category-belgique","tag-bruges","tag-champions","tag-des","tag-finale","tag-huitiemes","tag-les","tag-ligue","tag-lunion","tag-pas","tag-pour","tag-qualifie","tag-suffit","tag-victoire","generate-columns","tablet-grid-50","mobile-grid-100","grid-parent","grid-33"],"yoast_head":"<!-- This site is optimized with the Yoast SEO plugin v24.0 - https:\/\/yoast.com\/wordpress\/plugins\/seo\/ -->\n<title>Ligue des Champions : le FC Bruges se qualifie pour les huiti\u00e8mes de finale \u2013 la victoire ne suffit pas \u00e0 l\u2019Union | Vie Associative<\/title>\n<meta name=\"robots\" content=\"index, follow, max-snippet:-1, max-image-preview:large, max-video-preview:-1\" \/>\n<link rel=\"canonical\" href=\"https:\/\/vieassociative.be\/actualites\/ligue-des-champions-le-fc-bruges-se-qualifie-pour-les-huitiemes-de-finale-la-victoire-ne-suffit-pas-a-lunion\/\" \/>\n<meta property=\"og:locale\" content=\"fr_FR\" \/>\n<meta property=\"og:type\" content=\"article\" \/>\n<meta property=\"og:title\" content=\"Ligue des Champions : le FC Bruges se qualifie pour les huiti\u00e8mes de finale \u2013 la victoire ne suffit pas \u00e0 l\u2019Union | Vie Associative\" \/>\n<meta property=\"og:description\" content=\"Les chances \u00e9taient mauvaises pour les deux clubs belges du FC Bruges et de l&rsquo;Union Saint-Gilloise avant la derni\u00e8re journ\u00e9e de la phase de championnat\" \/>\n<meta property=\"og:url\" content=\"https:\/\/vieassociative.be\/actualites\/ligue-des-champions-le-fc-bruges-se-qualifie-pour-les-huitiemes-de-finale-la-victoire-ne-suffit-pas-a-lunion\/\" \/>\n<meta property=\"og:site_name\" content=\"Vie Associative\" \/>\n<meta property=\"article:published_time\" content=\"2026-01-29T00:17:31+00:00\" \/>\n<meta property=\"og:image\" content=\"https:\/\/vieassociative.be\/actualites\/wp-content\/uploads\/2024\/09\/header_backgroundk-01-e1726694325946.png\" \/>\n\t<meta property=\"og:image:width\" content=\"279\" \/>\n\t<meta property=\"og:image:height\" content=\"92\" \/>\n\t<meta property=\"og:image:type\" content=\"image\/png\" \/>\n<meta name=\"author\" content=\"Julien\" \/>\n<meta name=\"twitter:card\" content=\"summary_large_image\" \/>\n<meta name=\"twitter:label1\" content=\"\u00c9crit par\" \/>\n\t<meta name=\"twitter:data1\" content=\"Julien\" \/>\n\t<meta name=\"twitter:label2\" content=\"Dur\u00e9e de lecture est.\" \/>\n\t<meta name=\"twitter:data2\" content=\"3 minutes\" \/>\n<script type=\"application\/ld+json\" class=\"yoast-schema-graph\">{\"@context\":\"https:\/\/schema.org\",\"@graph\":[{\"@type\":\"Article\",\"@id\":\"https:\/\/vieassociative.be\/actualites\/ligue-des-champions-le-fc-bruges-se-qualifie-pour-les-huitiemes-de-finale-la-victoire-ne-suffit-pas-a-lunion\/#article\",\"isPartOf\":{\"@id\":\"https:\/\/vieassociative.be\/actualites\/ligue-des-champions-le-fc-bruges-se-qualifie-pour-les-huitiemes-de-finale-la-victoire-ne-suffit-pas-a-lunion\/\"},\"author\":{\"name\":\"Julien\",\"@id\":\"https:\/\/vieassociative.be\/actualites\/#\/schema\/person\/b87ac4f82f9d4e7b7cec7395b679edc4\"},\"headline\":\"Ligue des Champions : le FC Bruges se qualifie pour les huiti\u00e8mes de finale \u2013 la victoire ne suffit pas \u00e0 l\u2019Union\",\"datePublished\":\"2026-01-29T00:17:31+00:00\",\"dateModified\":\"2026-01-29T00:17:31+00:00\",\"mainEntityOfPage\":{\"@id\":\"https:\/\/vieassociative.be\/actualites\/ligue-des-champions-le-fc-bruges-se-qualifie-pour-les-huitiemes-de-finale-la-victoire-ne-suffit-pas-a-lunion\/\"},\"wordCount\":565,\"publisher\":{\"@id\":\"https:\/\/vieassociative.be\/actualites\/#organization\"},\"image\":{\"@id\":\"https:\/\/vieassociative.be\/actualites\/ligue-des-champions-le-fc-bruges-se-qualifie-pour-les-huitiemes-de-finale-la-victoire-ne-suffit-pas-a-lunion\/#primaryimage\"},\"thumbnailUrl\":\"https:\/\/vieassociative.be\/actualites\/wp-content\/uploads\/2025\/09\/1758248243_Aujourdhui-le-FC-Bruges-fait-ses-debuts-en-Ligue-des.jpg\",\"keywords\":[\"Bruges\",\"Champions\",\"Des\",\"finale\",\"huiti\u00e8mes\",\"Les\",\"Ligue\",\"lUnion\",\"pas\",\"pour\",\"qualifie\",\"suffit\",\"victoire\"],\"articleSection\":[\"Belgique\"],\"inLanguage\":\"fr-BE\"},{\"@type\":\"WebPage\",\"@id\":\"https:\/\/vieassociative.be\/actualites\/ligue-des-champions-le-fc-bruges-se-qualifie-pour-les-huitiemes-de-finale-la-victoire-ne-suffit-pas-a-lunion\/\",\"url\":\"https:\/\/vieassociative.be\/actualites\/ligue-des-champions-le-fc-bruges-se-qualifie-pour-les-huitiemes-de-finale-la-victoire-ne-suffit-pas-a-lunion\/\",\"name\":\"Ligue des Champions : le FC Bruges se qualifie pour les huiti\u00e8mes de finale \u2013 la victoire ne suffit pas \u00e0 l\u2019Union | Vie Associative\",\"isPartOf\":{\"@id\":\"https:\/\/vieassociative.be\/actualites\/#website\"},\"primaryImageOfPage\":{\"@id\":\"https:\/\/vieassociative.be\/actualites\/ligue-des-champions-le-fc-bruges-se-qualifie-pour-les-huitiemes-de-finale-la-victoire-ne-suffit-pas-a-lunion\/#primaryimage\"},\"image\":{\"@id\":\"https:\/\/vieassociative.be\/actualites\/ligue-des-champions-le-fc-bruges-se-qualifie-pour-les-huitiemes-de-finale-la-victoire-ne-suffit-pas-a-lunion\/#primaryimage\"},\"thumbnailUrl\":\"https:\/\/vieassociative.be\/actualites\/wp-content\/uploads\/2025\/09\/1758248243_Aujourdhui-le-FC-Bruges-fait-ses-debuts-en-Ligue-des.jpg\",\"datePublished\":\"2026-01-29T00:17:31+00:00\",\"dateModified\":\"2026-01-29T00:17:31+00:00\",\"breadcrumb\":{\"@id\":\"https:\/\/vieassociative.be\/actualites\/ligue-des-champions-le-fc-bruges-se-qualifie-pour-les-huitiemes-de-finale-la-victoire-ne-suffit-pas-a-lunion\/#breadcrumb\"},\"inLanguage\":\"fr-BE\",\"potentialAction\":[{\"@type\":\"ReadAction\",\"target\":[\"https:\/\/vieassociative.be\/actualites\/ligue-des-champions-le-fc-bruges-se-qualifie-pour-les-huitiemes-de-finale-la-victoire-ne-suffit-pas-a-lunion\/\"]}]},{\"@type\":\"ImageObject\",\"inLanguage\":\"fr-BE\",\"@id\":\"https:\/\/vieassociative.be\/actualites\/ligue-des-champions-le-fc-bruges-se-qualifie-pour-les-huitiemes-de-finale-la-victoire-ne-suffit-pas-a-lunion\/#primaryimage\",\"url\":\"https:\/\/vieassociative.be\/actualites\/wp-content\/uploads\/2025\/09\/1758248243_Aujourdhui-le-FC-Bruges-fait-ses-debuts-en-Ligue-des.jpg\",\"contentUrl\":\"https:\/\/vieassociative.be\/actualites\/wp-content\/uploads\/2025\/09\/1758248243_Aujourdhui-le-FC-Bruges-fait-ses-debuts-en-Ligue-des.jpg\",\"width\":1200,\"height\":800,\"caption\":\"Aujourd'hui, le FC Bruges fait ses d\u00e9buts en Ligue des champions - le syst\u00e8me de climatisation d\u00e9fectueux freine Monaco - de Bruyne \u00e0 Manchester City\"},{\"@type\":\"BreadcrumbList\",\"@id\":\"https:\/\/vieassociative.be\/actualites\/ligue-des-champions-le-fc-bruges-se-qualifie-pour-les-huitiemes-de-finale-la-victoire-ne-suffit-pas-a-lunion\/#breadcrumb\",\"itemListElement\":[{\"@type\":\"ListItem\",\"position\":1,\"name\":\"Accueil\",\"item\":\"https:\/\/vieassociative.be\/actualites\/\"},{\"@type\":\"ListItem\",\"position\":2,\"name\":\"Ligue des Champions : le FC Bruges se qualifie pour les huiti\u00e8mes de finale \u2013 la victoire ne suffit pas \u00e0 l\u2019Union\"}]},{\"@type\":\"WebSite\",\"@id\":\"https:\/\/vieassociative.be\/actualites\/#website\",\"url\":\"https:\/\/vieassociative.be\/actualites\/\",\"name\":\"Vie Associative\",\"description\":\"\",\"publisher\":{\"@id\":\"https:\/\/vieassociative.be\/actualites\/#organization\"},\"potentialAction\":[{\"@type\":\"SearchAction\",\"target\":{\"@type\":\"EntryPoint\",\"urlTemplate\":\"https:\/\/vieassociative.be\/actualites\/?s={search_term_string}\"},\"query-input\":{\"@type\":\"PropertyValueSpecification\",\"valueRequired\":true,\"valueName\":\"search_term_string\"}}],\"inLanguage\":\"fr-BE\"},{\"@type\":\"Organization\",\"@id\":\"https:\/\/vieassociative.be\/actualites\/#organization\",\"name\":\"Vie Associative\",\"url\":\"https:\/\/vieassociative.be\/actualites\/\",\"logo\":{\"@type\":\"ImageObject\",\"inLanguage\":\"fr-BE\",\"@id\":\"https:\/\/vieassociative.be\/actualites\/#\/schema\/logo\/image\/\",\"url\":\"https:\/\/vieassociative.be\/actualites\/wp-content\/uploads\/2024\/09\/cropped-vieassociative_favicon.ico.png\",\"contentUrl\":\"https:\/\/vieassociative.be\/actualites\/wp-content\/uploads\/2024\/09\/cropped-vieassociative_favicon.ico.png\",\"width\":512,\"height\":512,\"caption\":\"Vie Associative\"},\"image\":{\"@id\":\"https:\/\/vieassociative.be\/actualites\/#\/schema\/logo\/image\/\"}},{\"@type\":\"Person\",\"@id\":\"https:\/\/vieassociative.be\/actualites\/#\/schema\/person\/b87ac4f82f9d4e7b7cec7395b679edc4\",\"name\":\"Julien\",\"image\":{\"@type\":\"ImageObject\",\"inLanguage\":\"fr-BE\",\"@id\":\"https:\/\/vieassociative.be\/actualites\/#\/schema\/person\/image\/\",\"url\":\"https:\/\/vieassociative.be\/actualites\/wp-content\/uploads\/2024\/09\/vie-associative-1-150x150.jpg\",\"contentUrl\":\"https:\/\/vieassociative.be\/actualites\/wp-content\/uploads\/2024\/09\/vie-associative-1-150x150.jpg\",\"caption\":\"Julien\"},\"description\":\"Je suis Julien, r\u00e9dacteur pour Vie Associative. Passionn\u00e9 par le monde associatif depuis plus de 10 ans, j'ai \u00e0 c\u0153ur de partager des histoires inspirantes et de mettre en lumi\u00e8re les initiatives locales. Mon objectif est de sensibiliser et d'encourager l'engagement communautaire \u00e0 travers mes articles.\",\"sameAs\":[\"https:\/\/vieassociative.be\/\"]}]}<\/script>\n<!-- \/ Yoast SEO plugin. -->","yoast_head_json":{"title":"Ligue des Champions : le FC Bruges se qualifie pour les huiti\u00e8mes de finale \u2013 la victoire ne suffit pas \u00e0 l\u2019Union | Vie Associative","robots":{"index":"index","follow":"follow","max-snippet":"max-snippet:-1","max-image-preview":"max-image-preview:large","max-video-preview":"max-video-preview:-1"},"canonical":"https:\/\/vieassociative.be\/actualites\/ligue-des-champions-le-fc-bruges-se-qualifie-pour-les-huitiemes-de-finale-la-victoire-ne-suffit-pas-a-lunion\/","og_locale":"fr_FR","og_type":"article","og_title":"Ligue des Champions : le FC Bruges se qualifie pour les huiti\u00e8mes de finale \u2013 la victoire ne suffit pas \u00e0 l\u2019Union | Vie Associative","og_description":"Les chances \u00e9taient mauvaises pour les deux clubs belges du FC Bruges et de l&rsquo;Union Saint-Gilloise avant la derni\u00e8re journ\u00e9e de la phase de championnat","og_url":"https:\/\/vieassociative.be\/actualites\/ligue-des-champions-le-fc-bruges-se-qualifie-pour-les-huitiemes-de-finale-la-victoire-ne-suffit-pas-a-lunion\/","og_site_name":"Vie Associative","article_published_time":"2026-01-29T00:17:31+00:00","og_image":[{"width":279,"height":92,"url":"https:\/\/vieassociative.be\/actualites\/wp-content\/uploads\/2024\/09\/header_backgroundk-01-e1726694325946.png","type":"image\/png"}],"author":"Julien","twitter_card":"summary_large_image","twitter_misc":{"\u00c9crit par":"Julien","Dur\u00e9e de lecture est.":"3 minutes"},"schema":{"@context":"https:\/\/schema.org","@graph":[{"@type":"Article","@id":"https:\/\/vieassociative.be\/actualites\/ligue-des-champions-le-fc-bruges-se-qualifie-pour-les-huitiemes-de-finale-la-victoire-ne-suffit-pas-a-lunion\/#article","isPartOf":{"@id":"https:\/\/vieassociative.be\/actualites\/ligue-des-champions-le-fc-bruges-se-qualifie-pour-les-huitiemes-de-finale-la-victoire-ne-suffit-pas-a-lunion\/"},"author":{"name":"Julien","@id":"https:\/\/vieassociative.be\/actualites\/#\/schema\/person\/b87ac4f82f9d4e7b7cec7395b679edc4"},"headline":"Ligue des Champions : le FC Bruges se qualifie pour les huiti\u00e8mes de finale \u2013 la victoire ne suffit pas \u00e0 l\u2019Union","datePublished":"2026-01-29T00:17:31+00:00","dateModified":"2026-01-29T00:17:31+00:00","mainEntityOfPage":{"@id":"https:\/\/vieassociative.be\/actualites\/ligue-des-champions-le-fc-bruges-se-qualifie-pour-les-huitiemes-de-finale-la-victoire-ne-suffit-pas-a-lunion\/"},"wordCount":565,"publisher":{"@id":"https:\/\/vieassociative.be\/actualites\/#organization"},"image":{"@id":"https:\/\/vieassociative.be\/actualites\/ligue-des-champions-le-fc-bruges-se-qualifie-pour-les-huitiemes-de-finale-la-victoire-ne-suffit-pas-a-lunion\/#primaryimage"},"thumbnailUrl":"https:\/\/vieassociative.be\/actualites\/wp-content\/uploads\/2025\/09\/1758248243_Aujourdhui-le-FC-Bruges-fait-ses-debuts-en-Ligue-des.jpg","keywords":["Bruges","Champions","Des","finale","huiti\u00e8mes","Les","Ligue","lUnion","pas","pour","qualifie","suffit","victoire"],"articleSection":["Belgique"],"inLanguage":"fr-BE"},{"@type":"WebPage","@id":"https:\/\/vieassociative.be\/actualites\/ligue-des-champions-le-fc-bruges-se-qualifie-pour-les-huitiemes-de-finale-la-victoire-ne-suffit-pas-a-lunion\/","url":"https:\/\/vieassociative.be\/actualites\/ligue-des-champions-le-fc-bruges-se-qualifie-pour-les-huitiemes-de-finale-la-victoire-ne-suffit-pas-a-lunion\/","name":"Ligue des Champions : le FC Bruges se qualifie pour les huiti\u00e8mes de finale \u2013 la victoire ne suffit pas \u00e0 l\u2019Union | Vie Associative","isPartOf":{"@id":"https:\/\/vieassociative.be\/actualites\/#website"},"primaryImageOfPage":{"@id":"https:\/\/vieassociative.be\/actualites\/ligue-des-champions-le-fc-bruges-se-qualifie-pour-les-huitiemes-de-finale-la-victoire-ne-suffit-pas-a-lunion\/#primaryimage"},"image":{"@id":"https:\/\/vieassociative.be\/actualites\/ligue-des-champions-le-fc-bruges-se-qualifie-pour-les-huitiemes-de-finale-la-victoire-ne-suffit-pas-a-lunion\/#primaryimage"},"thumbnailUrl":"https:\/\/vieassociative.be\/actualites\/wp-content\/uploads\/2025\/09\/1758248243_Aujourdhui-le-FC-Bruges-fait-ses-debuts-en-Ligue-des.jpg","datePublished":"2026-01-29T00:17:31+00:00","dateModified":"2026-01-29T00:17:31+00:00","breadcrumb":{"@id":"https:\/\/vieassociative.be\/actualites\/ligue-des-champions-le-fc-bruges-se-qualifie-pour-les-huitiemes-de-finale-la-victoire-ne-suffit-pas-a-lunion\/#breadcrumb"},"inLanguage":"fr-BE","potentialAction":[{"@type":"ReadAction","target":["https:\/\/vieassociative.be\/actualites\/ligue-des-champions-le-fc-bruges-se-qualifie-pour-les-huitiemes-de-finale-la-victoire-ne-suffit-pas-a-lunion\/"]}]},{"@type":"ImageObject","inLanguage":"fr-BE","@id":"https:\/\/vieassociative.be\/actualites\/ligue-des-champions-le-fc-bruges-se-qualifie-pour-les-huitiemes-de-finale-la-victoire-ne-suffit-pas-a-lunion\/#primaryimage","url":"https:\/\/vieassociative.be\/actualites\/wp-content\/uploads\/2025\/09\/1758248243_Aujourdhui-le-FC-Bruges-fait-ses-debuts-en-Ligue-des.jpg","contentUrl":"https:\/\/vieassociative.be\/actualites\/wp-content\/uploads\/2025\/09\/1758248243_Aujourdhui-le-FC-Bruges-fait-ses-debuts-en-Ligue-des.jpg","width":1200,"height":800,"caption":"Aujourd'hui, le FC Bruges fait ses d\u00e9buts en Ligue des champions - le syst\u00e8me de climatisation d\u00e9fectueux freine Monaco - de Bruyne \u00e0 Manchester City"},{"@type":"BreadcrumbList","@id":"https:\/\/vieassociative.be\/actualites\/ligue-des-champions-le-fc-bruges-se-qualifie-pour-les-huitiemes-de-finale-la-victoire-ne-suffit-pas-a-lunion\/#breadcrumb","itemListElement":[{"@type":"ListItem","position":1,"name":"Accueil","item":"https:\/\/vieassociative.be\/actualites\/"},{"@type":"ListItem","position":2,"name":"Ligue des Champions : le FC Bruges se qualifie pour les huiti\u00e8mes de finale \u2013 la victoire ne suffit pas \u00e0 l\u2019Union"}]},{"@type":"WebSite","@id":"https:\/\/vieassociative.be\/actualites\/#website","url":"https:\/\/vieassociative.be\/actualites\/","name":"Vie Associative","description":"","publisher":{"@id":"https:\/\/vieassociative.be\/actualites\/#organization"},"potentialAction":[{"@type":"SearchAction","target":{"@type":"EntryPoint","urlTemplate":"https:\/\/vieassociative.be\/actualites\/?s={search_term_string}"},"query-input":{"@type":"PropertyValueSpecification","valueRequired":true,"valueName":"search_term_string"}}],"inLanguage":"fr-BE"},{"@type":"Organization","@id":"https:\/\/vieassociative.be\/actualites\/#organization","name":"Vie Associative","url":"https:\/\/vieassociative.be\/actualites\/","logo":{"@type":"ImageObject","inLanguage":"fr-BE","@id":"https:\/\/vieassociative.be\/actualites\/#\/schema\/logo\/image\/","url":"https:\/\/vieassociative.be\/actualites\/wp-content\/uploads\/2024\/09\/cropped-vieassociative_favicon.ico.png","contentUrl":"https:\/\/vieassociative.be\/actualites\/wp-content\/uploads\/2024\/09\/cropped-vieassociative_favicon.ico.png","width":512,"height":512,"caption":"Vie Associative"},"image":{"@id":"https:\/\/vieassociative.be\/actualites\/#\/schema\/logo\/image\/"}},{"@type":"Person","@id":"https:\/\/vieassociative.be\/actualites\/#\/schema\/person\/b87ac4f82f9d4e7b7cec7395b679edc4","name":"Julien","image":{"@type":"ImageObject","inLanguage":"fr-BE","@id":"https:\/\/vieassociative.be\/actualites\/#\/schema\/person\/image\/","url":"https:\/\/vieassociative.be\/actualites\/wp-content\/uploads\/2024\/09\/vie-associative-1-150x150.jpg","contentUrl":"https:\/\/vieassociative.be\/actualites\/wp-content\/uploads\/2024\/09\/vie-associative-1-150x150.jpg","caption":"Julien"},"description":"Je suis Julien, r\u00e9dacteur pour Vie Associative. Passionn\u00e9 par le monde associatif depuis plus de 10 ans, j'ai \u00e0 c\u0153ur de partager des histoires inspirantes et de mettre en lumi\u00e8re les initiatives locales. Mon objectif est de sensibiliser et d'encourager l'engagement communautaire \u00e0 travers mes articles.","sameAs":["https:\/\/vieassociative.be\/"]}]}},"_links":{"self":[{"href":"https:\/\/vieassociative.be\/actualites\/wp-json\/wp\/v2\/posts\/12403"}],"collection":[{"href":"https:\/\/vieassociative.be\/actualites\/wp-json\/wp\/v2\/posts"}],"about":[{"href":"https:\/\/vieassociative.be\/actualites\/wp-json\/wp\/v2\/types\/post"}],"author":[{"embeddable":true,"href":"https:\/\/vieassociative.be\/actualites\/wp-json\/wp\/v2\/users\/1"}],"replies":[{"embeddable":true,"href":"https:\/\/vieassociative.be\/actualites\/wp-json\/wp\/v2\/comments?post=12403"}],"version-history":[{"count":0,"href":"https:\/\/vieassociative.be\/actualites\/wp-json\/wp\/v2\/posts\/12403\/revisions"}],"wp:featuredmedia":[{"embeddable":true,"href":"https:\/\/vieassociative.be\/actualites\/wp-json\/wp\/v2\/media\/10125"}],"wp:attachment":[{"href":"https:\/\/vieassociative.be\/actualites\/wp-json\/wp\/v2\/media?parent=12403"}],"wp:term":[{"taxonomy":"category","embeddable":true,"href":"https:\/\/vieassociative.be\/actualites\/wp-json\/wp\/v2\/categories?post=12403"},{"taxonomy":"post_tag","embeddable":true,"href":"https:\/\/vieassociative.be\/actualites\/wp-json\/wp\/v2\/tags?post=12403"}],"curies":[{"name":"wp","href":"https:\/\/api.w.org\/{rel}","templated":true}]}}