{"id":12399,"date":"2026-01-28T19:17:31","date_gmt":"2026-01-28T18:17:31","guid":{"rendered":"https:\/\/vieassociative.be\/actualites\/huit-petites-villes-particulierement-belles-en-belgique-selon-reise-reporter-de-dinant-a-durbuy-en-passant-par-deinze\/"},"modified":"2026-01-28T19:17:31","modified_gmt":"2026-01-28T18:17:31","slug":"huit-petites-villes-particulierement-belles-en-belgique-selon-reise-reporter-de-dinant-a-durbuy-en-passant-par-deinze","status":"publish","type":"post","link":"https:\/\/vieassociative.be\/actualites\/huit-petites-villes-particulierement-belles-en-belgique-selon-reise-reporter-de-dinant-a-durbuy-en-passant-par-deinze\/","title":{"rendered":"Huit petites villes particuli\u00e8rement belles en Belgique selon \u00ab Reise Reporter \u00bb \u2013 de Dinant \u00e0 Durbuy en passant par Deinze"},"content":{"rendered":"<p><strong>La Belgique, ce n&rsquo;est pas seulement Bruxelles, Gand ou Bruges : loin des p\u00f4les touristiques bien connus, il existe des petites villes magiques qui vous s\u00e9duisent par leur histoire, leur charme et leur propre charme. Qu&rsquo;il s&rsquo;agisse de paysages fluviaux idylliques, de vieilles villes historiques ou d&rsquo;oasis de bien-\u00eatre. Pour les \u00ab reporters de voyage \u00bb, huit endroits sont recommand\u00e9s pour de courtes vacances.<\/strong><\/p>\n<p><span id=\"more-434754\"><\/span>\u00ab reise reporter \u00bb est un magazine de voyage en ligne en langue allemande qui se concentre sur des sujets de voyage actuels, pratiques et souvent insolites. Le m\u00e9dia se consid\u00e8re moins comme un magazine de voyage sur papier glac\u00e9 que comme une source d&rsquo;actualit\u00e9s et d&rsquo;inspiration sur le d\u00e9placement.<\/p>\n<p>La Belgique est une destination de voyage diversifi\u00e9e et surprenante, et ses petites villes en font certainement partie. Qu&rsquo;il s&rsquo;agisse de culture, de nature, de bien-\u00eatre ou de gastronomie : ces lieux sont des destinations id\u00e9ales pour vous si vous souhaitez \u00e9chapper \u00e0 l&rsquo;agitation des grandes villes et recherchez des destinations d&rsquo;aventure sp\u00e9ciales. \u00ab Reise Reporter \u00bb recommande les huit endroits suivants pour une courte visite :<\/p>\n<div id=\"attachment_434864\" class=\"wp-caption alignleft\" style=\"max-width: 300px\"><img decoding=\"async\" class=\"wp-image-434864 size-medium\" src=\"https:\/\/vieassociative.be\/actualites\/wp-content\/uploads\/2026\/01\/Huit-petites-villes-particulierement-belles-en-Belgique-selon-Reise.jpg\" alt=\"\" width=\"300\" height=\"157\"><\/div>\n<p><strong>1. Lierre \u2013 charme historique et tr\u00e9sors de l&rsquo;UNESCO : <\/strong>\u00c0 seulement une dizaine de kilom\u00e8tres d&rsquo;Anvers, Lierre impressionne par son b\u00e9guinage et son Beffroi, deux sites class\u00e9s au patrimoine mondial de l&rsquo;UNESCO. La vieille ville chaleureuse vous invite \u00e0 vous promener dans les rues sinueuses, \u00e0 faire une promenade relaxante en bateau sur la rivi\u00e8re Nete ou \u00e0 pique-niquer sur les rives.<\/p>\n<p><strong>2. Spa \u2013 Le berceau du bien-\u00eatre : <\/strong>Le nom dit tout, Spa est mondialement c\u00e9l\u00e8bre pour ses sources thermales, qui attiraient la noblesse europ\u00e9enne d\u00e8s le XVIIIe si\u00e8cle. Aujourd&rsquo;hui, c&rsquo;est un lieu id\u00e9al pour se d\u00e9tendre, que ce soit en se promenant dans le charmant centre-ville aux maisons color\u00e9es ou en visitant les thermes modernes au milieu de la nature ardennaise. D\u2019ailleurs, depuis l\u2019\u00e9t\u00e9 2021, Spa figure sur la liste de l\u2019UNESCO des \u00ab plus grands bains d\u2019Europe \u00bb. Spa est \u00e9galement connue internationalement pour le circuit de course automobile Circuit de Spa-Francorchamps.<\/p>\n<p><strong>3. Knokke-Heist \u2013 le luxe au bord de la mer : <\/strong>Situ\u00e9e sur la c\u00f4te belge de la mer du Nord, Knokke-Heist allie paysage intact et atmosph\u00e8re sophistiqu\u00e9e. De longues plages de sable fin, des marais salants et de d\u00e9licieux restaurants \u00e9toil\u00e9s font de cet endroit une destination id\u00e9ale pour les connaisseurs et tous les amoureux de la vue sur la mer.<\/p>\n<p><strong>4. Dinant \u2013 Dramatiquement beau sur la Meuse : <\/strong>Dinant impressionne par sa situation exceptionnelle entre falaises abruptes et rivi\u00e8re Meuse. Des maisons color\u00e9es se nichent sur les falaises et la vieille citadelle domine tout &#8211; accessible en t\u00e9l\u00e9ph\u00e9rique. Les amateurs de plein air pourront explorer les paysages fluviaux en kayak ou sur les sentiers de randonn\u00e9e.<\/p>\n<div id=\"attachment_434865\" class=\"wp-caption alignleft\" style=\"max-width: 300px\"><img fetchpriority=\"high\" decoding=\"async\" class=\"wp-image-434865 size-medium\" src=\"https:\/\/vieassociative.be\/actualites\/wp-content\/uploads\/2026\/01\/1769624251_361_Huit-petites-villes-particulierement-belles-en-Belgique-selon-Reise.jpg\" alt=\"\" width=\"300\" height=\"225\"><\/div>\n<p><strong>5. La Roche-en-Ardenne \u2013 paradis du plein air \u00e0 la campagne : <\/strong>Au milieu des Ardennes, La Roche est le point de d\u00e9part id\u00e9al pour des activit\u00e9s nature. Randonn\u00e9es, rafting ou kayak sur l&rsquo;Ourthe ne sont que quelques-unes des options possibles. Il y a aussi des petits caf\u00e9s et des magasins locaux dans la confortable zone pi\u00e9tonne.<\/p>\n<p><strong>6. Lissewege \u2013 un pur roman de polder : <\/strong>Ce charmant village a conserv\u00e9 son caract\u00e8re traditionnel avec des maisons de polder blanches et une \u00e9glise gothique historique. Par temps clair, vous pouvez m\u00eame profiter d&rsquo;une vue jusqu&rsquo;\u00e0 Bruges et Ostende depuis le sommet de la tour &#8211; parfait pour des photos et des promenades romantiques.<\/p>\n<p><strong>7. Durbuy \u2013 Plus petite ville, plus grand charme : <\/strong>Avec ses maisons couleur sable et son ch\u00e2teau au-dessus de la vieille ville, Durbuy ressemble \u00e0 un livre de contes. Fl\u00e2nez dans les rues \u00e9troites et pav\u00e9es, attardez-vous dans les petits caf\u00e9s ou d\u00e9gustez une cuisine r\u00e9gionale : m\u00eame un court s\u00e9jour ici ressemble \u00e0 une v\u00e9ritable exp\u00e9rience.<\/p>\n<p><strong>8. Deinze \u2013 Joyau flamand sur la Lys : <\/strong>Deinze est situ\u00e9e au bord de la Lys, \u00e0 environ 20 km de Gand. La ville est id\u00e9ale pour des voyages d\u00e9tendus en v\u00e9lo ou en bateau. A voir particuli\u00e8rement le ch\u00e2teau d&rsquo;Ooidonk, une magnifique propri\u00e9t\u00e9 de style hispano-flamand, ainsi que le mus\u00e9e de la r\u00e9gion de la Lys avec de l&rsquo;art r\u00e9gional. (cr\u00e9er)<\/p>\n","protected":false},"excerpt":{"rendered":"<p>La Belgique, ce n&rsquo;est pas seulement Bruxelles, Gand ou Bruges : loin des p\u00f4les touristiques bien connus, il existe des petites villes magiques qui vous<\/p>\n","protected":false},"author":1,"featured_media":12400,"comment_status":"","ping_status":"","sticky":false,"template":"","format":"standard","meta":{"footnotes":""},"categories":[298],"tags":[383,9134,3946,9878,9879,78,676,8147,9880,1079,9877,8077,507,2678],"class_list":["post-12399","post","type-post","status-publish","format-standard","has-post-thumbnail","hentry","category-belgique","tag-belgique","tag-belles","tag-deinze","tag-dinant","tag-durbuy","tag-huit","tag-par","tag-particulierement","tag-passant","tag-petites","tag-reise","tag-reporter","tag-selon","tag-villes","generate-columns","tablet-grid-50","mobile-grid-100","grid-parent","grid-33"],"yoast_head":"<!-- This site is optimized with the Yoast SEO plugin v24.0 - https:\/\/yoast.com\/wordpress\/plugins\/seo\/ -->\n<title>Huit petites villes particuli\u00e8rement belles en Belgique selon \u00ab Reise Reporter \u00bb \u2013 de Dinant \u00e0 Durbuy en passant par Deinze | Vie Associative<\/title>\n<meta name=\"robots\" content=\"index, follow, max-snippet:-1, max-image-preview:large, max-video-preview:-1\" \/>\n<link rel=\"canonical\" href=\"https:\/\/vieassociative.be\/actualites\/huit-petites-villes-particulierement-belles-en-belgique-selon-reise-reporter-de-dinant-a-durbuy-en-passant-par-deinze\/\" \/>\n<meta property=\"og:locale\" content=\"fr_FR\" \/>\n<meta property=\"og:type\" content=\"article\" \/>\n<meta property=\"og:title\" content=\"Huit petites villes particuli\u00e8rement belles en Belgique selon \u00ab Reise Reporter \u00bb \u2013 de Dinant \u00e0 Durbuy en passant par Deinze | Vie Associative\" \/>\n<meta property=\"og:description\" content=\"La Belgique, ce n&rsquo;est pas seulement Bruxelles, Gand ou Bruges : loin des p\u00f4les touristiques bien connus, il existe des petites villes magiques qui vous\" \/>\n<meta property=\"og:url\" content=\"https:\/\/vieassociative.be\/actualites\/huit-petites-villes-particulierement-belles-en-belgique-selon-reise-reporter-de-dinant-a-durbuy-en-passant-par-deinze\/\" \/>\n<meta property=\"og:site_name\" content=\"Vie Associative\" \/>\n<meta property=\"article:published_time\" content=\"2026-01-28T18:17:31+00:00\" \/>\n<meta property=\"og:image\" content=\"https:\/\/vieassociative.be\/actualites\/wp-content\/uploads\/2024\/09\/header_backgroundk-01-e1726694325946.png\" \/>\n\t<meta property=\"og:image:width\" content=\"279\" \/>\n\t<meta property=\"og:image:height\" content=\"92\" \/>\n\t<meta property=\"og:image:type\" content=\"image\/png\" \/>\n<meta name=\"author\" content=\"Julien\" \/>\n<meta name=\"twitter:card\" content=\"summary_large_image\" \/>\n<meta name=\"twitter:label1\" content=\"\u00c9crit par\" \/>\n\t<meta name=\"twitter:data1\" content=\"Julien\" \/>\n\t<meta name=\"twitter:label2\" content=\"Dur\u00e9e de lecture est.\" \/>\n\t<meta name=\"twitter:data2\" content=\"4 minutes\" \/>\n<script type=\"application\/ld+json\" class=\"yoast-schema-graph\">{\"@context\":\"https:\/\/schema.org\",\"@graph\":[{\"@type\":\"Article\",\"@id\":\"https:\/\/vieassociative.be\/actualites\/huit-petites-villes-particulierement-belles-en-belgique-selon-reise-reporter-de-dinant-a-durbuy-en-passant-par-deinze\/#article\",\"isPartOf\":{\"@id\":\"https:\/\/vieassociative.be\/actualites\/huit-petites-villes-particulierement-belles-en-belgique-selon-reise-reporter-de-dinant-a-durbuy-en-passant-par-deinze\/\"},\"author\":{\"name\":\"Julien\",\"@id\":\"https:\/\/vieassociative.be\/actualites\/#\/schema\/person\/b87ac4f82f9d4e7b7cec7395b679edc4\"},\"headline\":\"Huit petites villes particuli\u00e8rement belles en Belgique selon \u00ab Reise Reporter \u00bb \u2013 de Dinant \u00e0 Durbuy en passant par Deinze\",\"datePublished\":\"2026-01-28T18:17:31+00:00\",\"dateModified\":\"2026-01-28T18:17:31+00:00\",\"mainEntityOfPage\":{\"@id\":\"https:\/\/vieassociative.be\/actualites\/huit-petites-villes-particulierement-belles-en-belgique-selon-reise-reporter-de-dinant-a-durbuy-en-passant-par-deinze\/\"},\"wordCount\":753,\"publisher\":{\"@id\":\"https:\/\/vieassociative.be\/actualites\/#organization\"},\"image\":{\"@id\":\"https:\/\/vieassociative.be\/actualites\/huit-petites-villes-particulierement-belles-en-belgique-selon-reise-reporter-de-dinant-a-durbuy-en-passant-par-deinze\/#primaryimage\"},\"thumbnailUrl\":\"https:\/\/vieassociative.be\/actualites\/wp-content\/uploads\/2026\/01\/1769624252_Huit-petites-villes-particulierement-belles-en-Belgique-selon-Reise.jpg\",\"keywords\":[\"Belgique\",\"belles\",\"Deinze\",\"Dinant\",\"Durbuy\",\"Huit\",\"par\",\"particuli\u00e8rement\",\"passant\",\"petites\",\"Reise\",\"Reporter\",\"selon\",\"villes\"],\"articleSection\":[\"Belgique\"],\"inLanguage\":\"fr-BE\"},{\"@type\":\"WebPage\",\"@id\":\"https:\/\/vieassociative.be\/actualites\/huit-petites-villes-particulierement-belles-en-belgique-selon-reise-reporter-de-dinant-a-durbuy-en-passant-par-deinze\/\",\"url\":\"https:\/\/vieassociative.be\/actualites\/huit-petites-villes-particulierement-belles-en-belgique-selon-reise-reporter-de-dinant-a-durbuy-en-passant-par-deinze\/\",\"name\":\"Huit petites villes particuli\u00e8rement belles en Belgique selon \u00ab Reise Reporter \u00bb \u2013 de Dinant \u00e0 Durbuy en passant par Deinze | Vie Associative\",\"isPartOf\":{\"@id\":\"https:\/\/vieassociative.be\/actualites\/#website\"},\"primaryImageOfPage\":{\"@id\":\"https:\/\/vieassociative.be\/actualites\/huit-petites-villes-particulierement-belles-en-belgique-selon-reise-reporter-de-dinant-a-durbuy-en-passant-par-deinze\/#primaryimage\"},\"image\":{\"@id\":\"https:\/\/vieassociative.be\/actualites\/huit-petites-villes-particulierement-belles-en-belgique-selon-reise-reporter-de-dinant-a-durbuy-en-passant-par-deinze\/#primaryimage\"},\"thumbnailUrl\":\"https:\/\/vieassociative.be\/actualites\/wp-content\/uploads\/2026\/01\/1769624252_Huit-petites-villes-particulierement-belles-en-Belgique-selon-Reise.jpg\",\"datePublished\":\"2026-01-28T18:17:31+00:00\",\"dateModified\":\"2026-01-28T18:17:31+00:00\",\"breadcrumb\":{\"@id\":\"https:\/\/vieassociative.be\/actualites\/huit-petites-villes-particulierement-belles-en-belgique-selon-reise-reporter-de-dinant-a-durbuy-en-passant-par-deinze\/#breadcrumb\"},\"inLanguage\":\"fr-BE\",\"potentialAction\":[{\"@type\":\"ReadAction\",\"target\":[\"https:\/\/vieassociative.be\/actualites\/huit-petites-villes-particulierement-belles-en-belgique-selon-reise-reporter-de-dinant-a-durbuy-en-passant-par-deinze\/\"]}]},{\"@type\":\"ImageObject\",\"inLanguage\":\"fr-BE\",\"@id\":\"https:\/\/vieassociative.be\/actualites\/huit-petites-villes-particulierement-belles-en-belgique-selon-reise-reporter-de-dinant-a-durbuy-en-passant-par-deinze\/#primaryimage\",\"url\":\"https:\/\/vieassociative.be\/actualites\/wp-content\/uploads\/2026\/01\/1769624252_Huit-petites-villes-particulierement-belles-en-Belgique-selon-Reise.jpg\",\"contentUrl\":\"https:\/\/vieassociative.be\/actualites\/wp-content\/uploads\/2026\/01\/1769624252_Huit-petites-villes-particulierement-belles-en-Belgique-selon-Reise.jpg\",\"width\":1200,\"height\":800,\"caption\":\"Huit petites villes particuli\u00e8rement belles en Belgique selon \u00ab Reise Reporter \u00bb \u2013 de Dinant \u00e0 Durbuy en passant par Deinze\"},{\"@type\":\"BreadcrumbList\",\"@id\":\"https:\/\/vieassociative.be\/actualites\/huit-petites-villes-particulierement-belles-en-belgique-selon-reise-reporter-de-dinant-a-durbuy-en-passant-par-deinze\/#breadcrumb\",\"itemListElement\":[{\"@type\":\"ListItem\",\"position\":1,\"name\":\"Accueil\",\"item\":\"https:\/\/vieassociative.be\/actualites\/\"},{\"@type\":\"ListItem\",\"position\":2,\"name\":\"Huit petites villes particuli\u00e8rement belles en Belgique selon \u00ab Reise Reporter \u00bb \u2013 de Dinant \u00e0 Durbuy en passant par Deinze\"}]},{\"@type\":\"WebSite\",\"@id\":\"https:\/\/vieassociative.be\/actualites\/#website\",\"url\":\"https:\/\/vieassociative.be\/actualites\/\",\"name\":\"Vie Associative\",\"description\":\"\",\"publisher\":{\"@id\":\"https:\/\/vieassociative.be\/actualites\/#organization\"},\"potentialAction\":[{\"@type\":\"SearchAction\",\"target\":{\"@type\":\"EntryPoint\",\"urlTemplate\":\"https:\/\/vieassociative.be\/actualites\/?s={search_term_string}\"},\"query-input\":{\"@type\":\"PropertyValueSpecification\",\"valueRequired\":true,\"valueName\":\"search_term_string\"}}],\"inLanguage\":\"fr-BE\"},{\"@type\":\"Organization\",\"@id\":\"https:\/\/vieassociative.be\/actualites\/#organization\",\"name\":\"Vie Associative\",\"url\":\"https:\/\/vieassociative.be\/actualites\/\",\"logo\":{\"@type\":\"ImageObject\",\"inLanguage\":\"fr-BE\",\"@id\":\"https:\/\/vieassociative.be\/actualites\/#\/schema\/logo\/image\/\",\"url\":\"https:\/\/vieassociative.be\/actualites\/wp-content\/uploads\/2024\/09\/cropped-vieassociative_favicon.ico.png\",\"contentUrl\":\"https:\/\/vieassociative.be\/actualites\/wp-content\/uploads\/2024\/09\/cropped-vieassociative_favicon.ico.png\",\"width\":512,\"height\":512,\"caption\":\"Vie Associative\"},\"image\":{\"@id\":\"https:\/\/vieassociative.be\/actualites\/#\/schema\/logo\/image\/\"}},{\"@type\":\"Person\",\"@id\":\"https:\/\/vieassociative.be\/actualites\/#\/schema\/person\/b87ac4f82f9d4e7b7cec7395b679edc4\",\"name\":\"Julien\",\"image\":{\"@type\":\"ImageObject\",\"inLanguage\":\"fr-BE\",\"@id\":\"https:\/\/vieassociative.be\/actualites\/#\/schema\/person\/image\/\",\"url\":\"https:\/\/vieassociative.be\/actualites\/wp-content\/uploads\/2024\/09\/vie-associative-1-150x150.jpg\",\"contentUrl\":\"https:\/\/vieassociative.be\/actualites\/wp-content\/uploads\/2024\/09\/vie-associative-1-150x150.jpg\",\"caption\":\"Julien\"},\"description\":\"Je suis Julien, r\u00e9dacteur pour Vie Associative. Passionn\u00e9 par le monde associatif depuis plus de 10 ans, j'ai \u00e0 c\u0153ur de partager des histoires inspirantes et de mettre en lumi\u00e8re les initiatives locales. Mon objectif est de sensibiliser et d'encourager l'engagement communautaire \u00e0 travers mes articles.\",\"sameAs\":[\"https:\/\/vieassociative.be\/\"]}]}<\/script>\n<!-- \/ Yoast SEO plugin. -->","yoast_head_json":{"title":"Huit petites villes particuli\u00e8rement belles en Belgique selon \u00ab Reise Reporter \u00bb \u2013 de Dinant \u00e0 Durbuy en passant par Deinze | Vie Associative","robots":{"index":"index","follow":"follow","max-snippet":"max-snippet:-1","max-image-preview":"max-image-preview:large","max-video-preview":"max-video-preview:-1"},"canonical":"https:\/\/vieassociative.be\/actualites\/huit-petites-villes-particulierement-belles-en-belgique-selon-reise-reporter-de-dinant-a-durbuy-en-passant-par-deinze\/","og_locale":"fr_FR","og_type":"article","og_title":"Huit petites villes particuli\u00e8rement belles en Belgique selon \u00ab Reise Reporter \u00bb \u2013 de Dinant \u00e0 Durbuy en passant par Deinze | Vie Associative","og_description":"La Belgique, ce n&rsquo;est pas seulement Bruxelles, Gand ou Bruges : loin des p\u00f4les touristiques bien connus, il existe des petites villes magiques qui vous","og_url":"https:\/\/vieassociative.be\/actualites\/huit-petites-villes-particulierement-belles-en-belgique-selon-reise-reporter-de-dinant-a-durbuy-en-passant-par-deinze\/","og_site_name":"Vie Associative","article_published_time":"2026-01-28T18:17:31+00:00","og_image":[{"width":279,"height":92,"url":"https:\/\/vieassociative.be\/actualites\/wp-content\/uploads\/2024\/09\/header_backgroundk-01-e1726694325946.png","type":"image\/png"}],"author":"Julien","twitter_card":"summary_large_image","twitter_misc":{"\u00c9crit par":"Julien","Dur\u00e9e de lecture est.":"4 minutes"},"schema":{"@context":"https:\/\/schema.org","@graph":[{"@type":"Article","@id":"https:\/\/vieassociative.be\/actualites\/huit-petites-villes-particulierement-belles-en-belgique-selon-reise-reporter-de-dinant-a-durbuy-en-passant-par-deinze\/#article","isPartOf":{"@id":"https:\/\/vieassociative.be\/actualites\/huit-petites-villes-particulierement-belles-en-belgique-selon-reise-reporter-de-dinant-a-durbuy-en-passant-par-deinze\/"},"author":{"name":"Julien","@id":"https:\/\/vieassociative.be\/actualites\/#\/schema\/person\/b87ac4f82f9d4e7b7cec7395b679edc4"},"headline":"Huit petites villes particuli\u00e8rement belles en Belgique selon \u00ab Reise Reporter \u00bb \u2013 de Dinant \u00e0 Durbuy en passant par Deinze","datePublished":"2026-01-28T18:17:31+00:00","dateModified":"2026-01-28T18:17:31+00:00","mainEntityOfPage":{"@id":"https:\/\/vieassociative.be\/actualites\/huit-petites-villes-particulierement-belles-en-belgique-selon-reise-reporter-de-dinant-a-durbuy-en-passant-par-deinze\/"},"wordCount":753,"publisher":{"@id":"https:\/\/vieassociative.be\/actualites\/#organization"},"image":{"@id":"https:\/\/vieassociative.be\/actualites\/huit-petites-villes-particulierement-belles-en-belgique-selon-reise-reporter-de-dinant-a-durbuy-en-passant-par-deinze\/#primaryimage"},"thumbnailUrl":"https:\/\/vieassociative.be\/actualites\/wp-content\/uploads\/2026\/01\/1769624252_Huit-petites-villes-particulierement-belles-en-Belgique-selon-Reise.jpg","keywords":["Belgique","belles","Deinze","Dinant","Durbuy","Huit","par","particuli\u00e8rement","passant","petites","Reise","Reporter","selon","villes"],"articleSection":["Belgique"],"inLanguage":"fr-BE"},{"@type":"WebPage","@id":"https:\/\/vieassociative.be\/actualites\/huit-petites-villes-particulierement-belles-en-belgique-selon-reise-reporter-de-dinant-a-durbuy-en-passant-par-deinze\/","url":"https:\/\/vieassociative.be\/actualites\/huit-petites-villes-particulierement-belles-en-belgique-selon-reise-reporter-de-dinant-a-durbuy-en-passant-par-deinze\/","name":"Huit petites villes particuli\u00e8rement belles en Belgique selon \u00ab Reise Reporter \u00bb \u2013 de Dinant \u00e0 Durbuy en passant par Deinze | Vie Associative","isPartOf":{"@id":"https:\/\/vieassociative.be\/actualites\/#website"},"primaryImageOfPage":{"@id":"https:\/\/vieassociative.be\/actualites\/huit-petites-villes-particulierement-belles-en-belgique-selon-reise-reporter-de-dinant-a-durbuy-en-passant-par-deinze\/#primaryimage"},"image":{"@id":"https:\/\/vieassociative.be\/actualites\/huit-petites-villes-particulierement-belles-en-belgique-selon-reise-reporter-de-dinant-a-durbuy-en-passant-par-deinze\/#primaryimage"},"thumbnailUrl":"https:\/\/vieassociative.be\/actualites\/wp-content\/uploads\/2026\/01\/1769624252_Huit-petites-villes-particulierement-belles-en-Belgique-selon-Reise.jpg","datePublished":"2026-01-28T18:17:31+00:00","dateModified":"2026-01-28T18:17:31+00:00","breadcrumb":{"@id":"https:\/\/vieassociative.be\/actualites\/huit-petites-villes-particulierement-belles-en-belgique-selon-reise-reporter-de-dinant-a-durbuy-en-passant-par-deinze\/#breadcrumb"},"inLanguage":"fr-BE","potentialAction":[{"@type":"ReadAction","target":["https:\/\/vieassociative.be\/actualites\/huit-petites-villes-particulierement-belles-en-belgique-selon-reise-reporter-de-dinant-a-durbuy-en-passant-par-deinze\/"]}]},{"@type":"ImageObject","inLanguage":"fr-BE","@id":"https:\/\/vieassociative.be\/actualites\/huit-petites-villes-particulierement-belles-en-belgique-selon-reise-reporter-de-dinant-a-durbuy-en-passant-par-deinze\/#primaryimage","url":"https:\/\/vieassociative.be\/actualites\/wp-content\/uploads\/2026\/01\/1769624252_Huit-petites-villes-particulierement-belles-en-Belgique-selon-Reise.jpg","contentUrl":"https:\/\/vieassociative.be\/actualites\/wp-content\/uploads\/2026\/01\/1769624252_Huit-petites-villes-particulierement-belles-en-Belgique-selon-Reise.jpg","width":1200,"height":800,"caption":"Huit petites villes particuli\u00e8rement belles en Belgique selon \u00ab Reise Reporter \u00bb \u2013 de Dinant \u00e0 Durbuy en passant par Deinze"},{"@type":"BreadcrumbList","@id":"https:\/\/vieassociative.be\/actualites\/huit-petites-villes-particulierement-belles-en-belgique-selon-reise-reporter-de-dinant-a-durbuy-en-passant-par-deinze\/#breadcrumb","itemListElement":[{"@type":"ListItem","position":1,"name":"Accueil","item":"https:\/\/vieassociative.be\/actualites\/"},{"@type":"ListItem","position":2,"name":"Huit petites villes particuli\u00e8rement belles en Belgique selon \u00ab Reise Reporter \u00bb \u2013 de Dinant \u00e0 Durbuy en passant par Deinze"}]},{"@type":"WebSite","@id":"https:\/\/vieassociative.be\/actualites\/#website","url":"https:\/\/vieassociative.be\/actualites\/","name":"Vie Associative","description":"","publisher":{"@id":"https:\/\/vieassociative.be\/actualites\/#organization"},"potentialAction":[{"@type":"SearchAction","target":{"@type":"EntryPoint","urlTemplate":"https:\/\/vieassociative.be\/actualites\/?s={search_term_string}"},"query-input":{"@type":"PropertyValueSpecification","valueRequired":true,"valueName":"search_term_string"}}],"inLanguage":"fr-BE"},{"@type":"Organization","@id":"https:\/\/vieassociative.be\/actualites\/#organization","name":"Vie Associative","url":"https:\/\/vieassociative.be\/actualites\/","logo":{"@type":"ImageObject","inLanguage":"fr-BE","@id":"https:\/\/vieassociative.be\/actualites\/#\/schema\/logo\/image\/","url":"https:\/\/vieassociative.be\/actualites\/wp-content\/uploads\/2024\/09\/cropped-vieassociative_favicon.ico.png","contentUrl":"https:\/\/vieassociative.be\/actualites\/wp-content\/uploads\/2024\/09\/cropped-vieassociative_favicon.ico.png","width":512,"height":512,"caption":"Vie Associative"},"image":{"@id":"https:\/\/vieassociative.be\/actualites\/#\/schema\/logo\/image\/"}},{"@type":"Person","@id":"https:\/\/vieassociative.be\/actualites\/#\/schema\/person\/b87ac4f82f9d4e7b7cec7395b679edc4","name":"Julien","image":{"@type":"ImageObject","inLanguage":"fr-BE","@id":"https:\/\/vieassociative.be\/actualites\/#\/schema\/person\/image\/","url":"https:\/\/vieassociative.be\/actualites\/wp-content\/uploads\/2024\/09\/vie-associative-1-150x150.jpg","contentUrl":"https:\/\/vieassociative.be\/actualites\/wp-content\/uploads\/2024\/09\/vie-associative-1-150x150.jpg","caption":"Julien"},"description":"Je suis Julien, r\u00e9dacteur pour Vie Associative. Passionn\u00e9 par le monde associatif depuis plus de 10 ans, j'ai \u00e0 c\u0153ur de partager des histoires inspirantes et de mettre en lumi\u00e8re les initiatives locales. Mon objectif est de sensibiliser et d'encourager l'engagement communautaire \u00e0 travers mes articles.","sameAs":["https:\/\/vieassociative.be\/"]}]}},"_links":{"self":[{"href":"https:\/\/vieassociative.be\/actualites\/wp-json\/wp\/v2\/posts\/12399"}],"collection":[{"href":"https:\/\/vieassociative.be\/actualites\/wp-json\/wp\/v2\/posts"}],"about":[{"href":"https:\/\/vieassociative.be\/actualites\/wp-json\/wp\/v2\/types\/post"}],"author":[{"embeddable":true,"href":"https:\/\/vieassociative.be\/actualites\/wp-json\/wp\/v2\/users\/1"}],"replies":[{"embeddable":true,"href":"https:\/\/vieassociative.be\/actualites\/wp-json\/wp\/v2\/comments?post=12399"}],"version-history":[{"count":0,"href":"https:\/\/vieassociative.be\/actualites\/wp-json\/wp\/v2\/posts\/12399\/revisions"}],"wp:featuredmedia":[{"embeddable":true,"href":"https:\/\/vieassociative.be\/actualites\/wp-json\/wp\/v2\/media\/12400"}],"wp:attachment":[{"href":"https:\/\/vieassociative.be\/actualites\/wp-json\/wp\/v2\/media?parent=12399"}],"wp:term":[{"taxonomy":"category","embeddable":true,"href":"https:\/\/vieassociative.be\/actualites\/wp-json\/wp\/v2\/categories?post=12399"},{"taxonomy":"post_tag","embeddable":true,"href":"https:\/\/vieassociative.be\/actualites\/wp-json\/wp\/v2\/tags?post=12399"}],"curies":[{"name":"wp","href":"https:\/\/api.w.org\/{rel}","templated":true}]}}