{"id":12397,"date":"2026-01-28T18:17:45","date_gmt":"2026-01-28T17:17:45","guid":{"rendered":"https:\/\/vieassociative.be\/actualites\/la-gopro-hero12-black-est-lune-des-meilleures-cameras-daction-et-elle-est-actuellement-a-42-de-reduction\/"},"modified":"2026-01-28T18:17:45","modified_gmt":"2026-01-28T17:17:45","slug":"la-gopro-hero12-black-est-lune-des-meilleures-cameras-daction-et-elle-est-actuellement-a-42-de-reduction","status":"publish","type":"post","link":"https:\/\/vieassociative.be\/actualites\/la-gopro-hero12-black-est-lune-des-meilleures-cameras-daction-et-elle-est-actuellement-a-42-de-reduction\/","title":{"rendered":"La GoPro Hero12 Black est l&rsquo;une des meilleures cam\u00e9ras d&rsquo;action, et elle est actuellement \u00e0 42 % de r\u00e9duction"},"content":{"rendered":"<p>Nous pouvons gagner une commission sur les liens sur cette page. Les prix et la disponibilit\u00e9 de l&rsquo;offre sont sujets \u00e0 changement apr\u00e8s la publication.<\/p>\n<p>La GoPro Hero12 Black n&rsquo;est peut-\u00eatre pas le mod\u00e8le le plus r\u00e9cent de la gamme, mais elle coche toujours toutes les bonnes cases pour les acheteurs de cam\u00e9ras d&rsquo;action &#8211; et \u00e0 215,99 $ sur Woot, elle est \u00e0 son prix le plus bas \u00e0 ce jour. Cela repr\u00e9sente une forte r\u00e9duction par rapport \u00e0 la liste actuelle de 369 $ d&rsquo;Amazon, et vous b\u00e9n\u00e9ficiez toujours d&rsquo;une garantie constructeur compl\u00e8te d&rsquo;un an. La livraison est gratuite pour les membres Prime et l\u2019offre est en vigueur pendant trois jours suppl\u00e9mentaires (ou jusqu\u2019\u00e0 \u00e9puisement des stocks). PCMag lui a attribu\u00e9 une note \u00ab\u00a0exceptionnelle\u00a0\u00bb dans son examen, soulignant \u00e0 quel point les images sont stables et propres. Stephen Johnson de Vie Associative l&rsquo;a \u00e9galement appel\u00e9 l&rsquo;un de ses produits pr\u00e9f\u00e9r\u00e9s, en grande partie parce qu&rsquo;il fonctionne sans trop d&rsquo;effort.<\/p>\n<p>\u00c0 l\u2019usage, la Hero12 Black colle \u00e9troitement \u00e0 ce que GoPro a toujours fait de bien. Il est compact, robuste et facile \u00e0 monter presque n&rsquo;importe o\u00f9. La vid\u00e9o atteint 5,3K \u00e0 60 images par seconde, ce qui vous donne nettement plus de d\u00e9tails que la 4K et plus d&rsquo;espace pour recadrer sans d\u00e9truire la qualit\u00e9. La stabilisation, gr\u00e2ce \u00e0 la stabilisation HyperSmooth de GoPro, est suffisamment forte pour que les clips portables semblent souvent avoir \u00e9t\u00e9 tourn\u00e9s sur un cardan. Et il existe des \u00e9crans avant et arri\u00e8re pour un cadrage facile, utile que vous vlogiez ou filmiez la vue devant vous. Le mode de prise de vue 8:7 du Hero12 Black est particuli\u00e8rement utile si vous cr\u00e9ez du contenu pour plusieurs plateformes. Vous pouvez filmer une seule fois et recadrer des bobines verticales ou des clips YouTube horizontaux sans avoir besoin de prises s\u00e9par\u00e9es.<\/p>\n<p>Il est \u00e9galement \u00e9tanche jusqu&rsquo;\u00e0 33 pieds sans \u00e9tui, ce qui couvre la natation, la plong\u00e9e en apn\u00e9e, la pluie et la plupart des utilisations occasionnelles de l&rsquo;eau. Cela dit, GoPro a supprim\u00e9 le GPS int\u00e9gr\u00e9 sur ce mod\u00e8le. Cela signifie qu\u2019il n\u2019y a pas de superposition automatique de vitesse ou d\u2019itin\u00e9raire d\u00e8s le d\u00e9part. L\u2019avantage est une dur\u00e9e de vie l\u00e9g\u00e8rement meilleure de la batterie, m\u00eame si elle ne durera toujours pas une journ\u00e9e compl\u00e8te d\u2019enregistrement continu. Emporter une batterie de rechange sera la solution la plus judicieuse si vous filmez de longues sessions. Le stockage se fait via microSD et vous b\u00e9n\u00e9ficiez de Bluetooth, Wi-Fi et USB-C pour des transferts faciles. Ce n&rsquo;est pas l&rsquo;appareil photo id\u00e9al pour ceux qui recherchent un suivi automatique ou une profondeur de champ cin\u00e9matographique, mais si vos priorit\u00e9s sont la portabilit\u00e9, la polyvalence et la durabilit\u00e9, il r\u00e9siste toujours bien. C&rsquo;est un excellent outil pour les cr\u00e9ateurs, les voyageurs et tous ceux qui souhaitent capturer des moments rapides sans se soucier de casser le mat\u00e9riel.<\/p>\n<div class=\" relative flex justify-center py-16 md:left-1\/2 md:w-(780px) md:max-w-max md:-translate-x-1\/2\">\n<div class=\"w-max text-center sm:text-left\">\n<div class=\"custom-gradient-background mb-6 rounded-md p-(2px) sm:rounded-tl-none\">\n<div class=\"flex flex-col rounded bg-white sm:rounded-tl-none\">\n                    <span class=\"-mt-4 block w-fit max-w-(calc(100%-1rem)) self-center bg-white px-3 text-center font-akshar text-xl font-medium capitalize text-gray-800 sm:max-w-(calc(100%-2.5rem)) sm:self-start sm:px-10 sm:text-left sm:text-2xl\">Nos meilleures offres technologiques approuv\u00e9es par les \u00e9diteurs en ce moment<\/span><\/p>\n<div class=\"flex flex-col gap-3 p-3 pb-4 text-sm sm:p-10 sm:pt-6 sm:text-justify sm:text-base\">\n<div>\n<p>    \u00c9couteurs sans fil Apple AirPods Pro 3 \u00e0 r\u00e9duction de bruit et fr\u00e9quence cardiaque<\/p>\n<p>                                <span class=\"text-black\"><br \/>\n                                    \u2014<br \/>\n                                    <span class=\"font-bold\">199,00\u00a0$<\/span><br \/>\n                                    <span class=\"!text-xs italic sm:!text-sm\"><\/p>\n<p>                                        (Prix catalogue 249,00 $)<br \/>\n                                    <\/span><br \/>\n                                <\/span>\n                            <\/div>\n<div>\n<p>    Montre intelligente Apple Watch Series 11 (GPS 46 mm) avec bo\u00eetier en aluminium noir de jais et bracelet sport noir &#8211; M\/L. Score de sommeil, tracker d&rsquo;activit\u00e9, surveillance de la sant\u00e9, affichage permanent, r\u00e9sistant \u00e0 l&rsquo;eau<\/p>\n<p>                                <span class=\"text-black\"><br \/>\n                                    \u2014<br \/>\n                                    <span class=\"font-bold\">407,47\u00a0$<\/span><br \/>\n                                    <span class=\"!text-xs italic sm:!text-sm\"><\/p>\n<p>                                        (Prix catalogue 429,00 $)<br \/>\n                                    <\/span><br \/>\n                                <\/span>\n                            <\/div>\n<div>\n<p>    Cl\u00e9 Amazon Fire TV 4K Plus<\/p>\n<p>                                <span class=\"text-black\"><br \/>\n                                    \u2014<br \/>\n                                    <span class=\"font-bold\"><\/span><br \/>\n                                    <span class=\"!text-xs italic sm:!text-sm\"><\/p>\n<p>                                        (Prix catalogue 24,99 $ avec le code \u00ab FTV4K25 \u00bb)<br \/>\n                                    <\/span><br \/>\n                                <\/span>\n                            <\/div>\n<div>\n<p>    Tablette Samsung Galaxy Tab A9+ 64 Go Wi-Fi 11&Prime; (argent)<\/p>\n<p>                                <span class=\"text-black\"><br \/>\n                                    \u2014<br \/>\n                                    <span class=\"font-bold\">159,99\u00a0$<\/span><br \/>\n                                    <span class=\"!text-xs italic sm:!text-sm\"><\/p>\n<p>                                        (Prix catalogue 219,99 $)<br \/>\n                                    <\/span><br \/>\n                                <\/span>\n                            <\/div>\n<\/p><\/div>\n<\/p><\/div>\n<\/p><\/div>\n<div class=\"flex flex-col items-center justify-between text-black sm:flex-row sm:px-6\">\n                <span class=\"text-xs italic sm:ml-7 sm:text-sm\">Les offres sont s\u00e9lectionn\u00e9es par notre \u00e9quipe commerciale<\/span><\/p><\/div>\n<\/p><\/div>\n<\/p><\/div>\n","protected":false},"excerpt":{"rendered":"<p>Nous pouvons gagner une commission sur les liens sur cette page. Les prix et la disponibilit\u00e9 de l&rsquo;offre sont sujets \u00e0 changement apr\u00e8s la publication.<\/p>\n","protected":false},"author":1,"featured_media":12398,"comment_status":"","ping_status":"","sticky":false,"template":"","format":"standard","meta":{"footnotes":""},"categories":[13],"tags":[19,73,3519,5413,29,2430,76,3818,3819,1820,79,308],"class_list":["post-12397","post","type-post","status-publish","format-standard","has-post-thumbnail","hentry","category-technologie","tag-actuellement","tag-black","tag-cameras","tag-daction","tag-des","tag-elle","tag-est","tag-gopro","tag-hero12","tag-lune","tag-meilleures","tag-reduction","generate-columns","tablet-grid-50","mobile-grid-100","grid-parent","grid-33"],"yoast_head":"<!-- This site is optimized with the Yoast SEO plugin v24.0 - https:\/\/yoast.com\/wordpress\/plugins\/seo\/ -->\n<title>La GoPro Hero12 Black est l&#039;une des meilleures cam\u00e9ras d&#039;action, et elle est actuellement \u00e0 42 % de r\u00e9duction | Vie Associative<\/title>\n<meta name=\"robots\" content=\"index, follow, max-snippet:-1, max-image-preview:large, max-video-preview:-1\" \/>\n<link rel=\"canonical\" href=\"https:\/\/vieassociative.be\/actualites\/la-gopro-hero12-black-est-lune-des-meilleures-cameras-daction-et-elle-est-actuellement-a-42-de-reduction\/\" \/>\n<meta property=\"og:locale\" content=\"fr_FR\" \/>\n<meta property=\"og:type\" content=\"article\" \/>\n<meta property=\"og:title\" content=\"La GoPro Hero12 Black est l&#039;une des meilleures cam\u00e9ras d&#039;action, et elle est actuellement \u00e0 42 % de r\u00e9duction | Vie Associative\" \/>\n<meta property=\"og:description\" content=\"Nous pouvons gagner une commission sur les liens sur cette page. Les prix et la disponibilit\u00e9 de l&rsquo;offre sont sujets \u00e0 changement apr\u00e8s la publication.\" \/>\n<meta property=\"og:url\" content=\"https:\/\/vieassociative.be\/actualites\/la-gopro-hero12-black-est-lune-des-meilleures-cameras-daction-et-elle-est-actuellement-a-42-de-reduction\/\" \/>\n<meta property=\"og:site_name\" content=\"Vie Associative\" \/>\n<meta property=\"article:published_time\" content=\"2026-01-28T17:17:45+00:00\" \/>\n<meta property=\"og:image\" content=\"https:\/\/vieassociative.be\/actualites\/wp-content\/uploads\/2024\/09\/header_backgroundk-01-e1726694325946.png\" \/>\n\t<meta property=\"og:image:width\" content=\"279\" \/>\n\t<meta property=\"og:image:height\" content=\"92\" \/>\n\t<meta property=\"og:image:type\" content=\"image\/png\" \/>\n<meta name=\"author\" content=\"Julien\" \/>\n<meta name=\"twitter:card\" content=\"summary_large_image\" \/>\n<meta name=\"twitter:label1\" content=\"\u00c9crit par\" \/>\n\t<meta name=\"twitter:data1\" content=\"Julien\" \/>\n\t<meta name=\"twitter:label2\" content=\"Dur\u00e9e de lecture est.\" \/>\n\t<meta name=\"twitter:data2\" content=\"3 minutes\" \/>\n<script type=\"application\/ld+json\" class=\"yoast-schema-graph\">{\"@context\":\"https:\/\/schema.org\",\"@graph\":[{\"@type\":\"Article\",\"@id\":\"https:\/\/vieassociative.be\/actualites\/la-gopro-hero12-black-est-lune-des-meilleures-cameras-daction-et-elle-est-actuellement-a-42-de-reduction\/#article\",\"isPartOf\":{\"@id\":\"https:\/\/vieassociative.be\/actualites\/la-gopro-hero12-black-est-lune-des-meilleures-cameras-daction-et-elle-est-actuellement-a-42-de-reduction\/\"},\"author\":{\"name\":\"Julien\",\"@id\":\"https:\/\/vieassociative.be\/actualites\/#\/schema\/person\/b87ac4f82f9d4e7b7cec7395b679edc4\"},\"headline\":\"La GoPro Hero12 Black est l&rsquo;une des meilleures cam\u00e9ras d&rsquo;action, et elle est actuellement \u00e0 42 % de r\u00e9duction\",\"datePublished\":\"2026-01-28T17:17:45+00:00\",\"dateModified\":\"2026-01-28T17:17:45+00:00\",\"mainEntityOfPage\":{\"@id\":\"https:\/\/vieassociative.be\/actualites\/la-gopro-hero12-black-est-lune-des-meilleures-cameras-daction-et-elle-est-actuellement-a-42-de-reduction\/\"},\"wordCount\":651,\"publisher\":{\"@id\":\"https:\/\/vieassociative.be\/actualites\/#organization\"},\"image\":{\"@id\":\"https:\/\/vieassociative.be\/actualites\/la-gopro-hero12-black-est-lune-des-meilleures-cameras-daction-et-elle-est-actuellement-a-42-de-reduction\/#primaryimage\"},\"thumbnailUrl\":\"https:\/\/vieassociative.be\/actualites\/wp-content\/uploads\/2026\/01\/La-GoPro-Hero12-Black-est-lune-des-meilleures-cameras-daction.png\",\"keywords\":[\"actuellement\",\"Black\",\"cam\u00e9ras\",\"daction\",\"Des\",\"elle\",\"est\",\"GoPro\",\"Hero12\",\"lune\",\"meilleures\",\"r\u00e9duction\"],\"articleSection\":[\"Technologie\"],\"inLanguage\":\"fr-BE\"},{\"@type\":\"WebPage\",\"@id\":\"https:\/\/vieassociative.be\/actualites\/la-gopro-hero12-black-est-lune-des-meilleures-cameras-daction-et-elle-est-actuellement-a-42-de-reduction\/\",\"url\":\"https:\/\/vieassociative.be\/actualites\/la-gopro-hero12-black-est-lune-des-meilleures-cameras-daction-et-elle-est-actuellement-a-42-de-reduction\/\",\"name\":\"La GoPro Hero12 Black est l'une des meilleures cam\u00e9ras d'action, et elle est actuellement \u00e0 42 % de r\u00e9duction | Vie Associative\",\"isPartOf\":{\"@id\":\"https:\/\/vieassociative.be\/actualites\/#website\"},\"primaryImageOfPage\":{\"@id\":\"https:\/\/vieassociative.be\/actualites\/la-gopro-hero12-black-est-lune-des-meilleures-cameras-daction-et-elle-est-actuellement-a-42-de-reduction\/#primaryimage\"},\"image\":{\"@id\":\"https:\/\/vieassociative.be\/actualites\/la-gopro-hero12-black-est-lune-des-meilleures-cameras-daction-et-elle-est-actuellement-a-42-de-reduction\/#primaryimage\"},\"thumbnailUrl\":\"https:\/\/vieassociative.be\/actualites\/wp-content\/uploads\/2026\/01\/La-GoPro-Hero12-Black-est-lune-des-meilleures-cameras-daction.png\",\"datePublished\":\"2026-01-28T17:17:45+00:00\",\"dateModified\":\"2026-01-28T17:17:45+00:00\",\"breadcrumb\":{\"@id\":\"https:\/\/vieassociative.be\/actualites\/la-gopro-hero12-black-est-lune-des-meilleures-cameras-daction-et-elle-est-actuellement-a-42-de-reduction\/#breadcrumb\"},\"inLanguage\":\"fr-BE\",\"potentialAction\":[{\"@type\":\"ReadAction\",\"target\":[\"https:\/\/vieassociative.be\/actualites\/la-gopro-hero12-black-est-lune-des-meilleures-cameras-daction-et-elle-est-actuellement-a-42-de-reduction\/\"]}]},{\"@type\":\"ImageObject\",\"inLanguage\":\"fr-BE\",\"@id\":\"https:\/\/vieassociative.be\/actualites\/la-gopro-hero12-black-est-lune-des-meilleures-cameras-daction-et-elle-est-actuellement-a-42-de-reduction\/#primaryimage\",\"url\":\"https:\/\/vieassociative.be\/actualites\/wp-content\/uploads\/2026\/01\/La-GoPro-Hero12-Black-est-lune-des-meilleures-cameras-daction.png\",\"contentUrl\":\"https:\/\/vieassociative.be\/actualites\/wp-content\/uploads\/2026\/01\/La-GoPro-Hero12-Black-est-lune-des-meilleures-cameras-daction.png\",\"width\":1200,\"height\":675,\"caption\":\"La GoPro Hero12 Black est l'une des meilleures cam\u00e9ras d'action, et elle est actuellement \u00e0 42 % de r\u00e9duction\"},{\"@type\":\"BreadcrumbList\",\"@id\":\"https:\/\/vieassociative.be\/actualites\/la-gopro-hero12-black-est-lune-des-meilleures-cameras-daction-et-elle-est-actuellement-a-42-de-reduction\/#breadcrumb\",\"itemListElement\":[{\"@type\":\"ListItem\",\"position\":1,\"name\":\"Accueil\",\"item\":\"https:\/\/vieassociative.be\/actualites\/\"},{\"@type\":\"ListItem\",\"position\":2,\"name\":\"La GoPro Hero12 Black est l&rsquo;une des meilleures cam\u00e9ras d&rsquo;action, et elle est actuellement \u00e0 42 % de r\u00e9duction\"}]},{\"@type\":\"WebSite\",\"@id\":\"https:\/\/vieassociative.be\/actualites\/#website\",\"url\":\"https:\/\/vieassociative.be\/actualites\/\",\"name\":\"Vie Associative\",\"description\":\"\",\"publisher\":{\"@id\":\"https:\/\/vieassociative.be\/actualites\/#organization\"},\"potentialAction\":[{\"@type\":\"SearchAction\",\"target\":{\"@type\":\"EntryPoint\",\"urlTemplate\":\"https:\/\/vieassociative.be\/actualites\/?s={search_term_string}\"},\"query-input\":{\"@type\":\"PropertyValueSpecification\",\"valueRequired\":true,\"valueName\":\"search_term_string\"}}],\"inLanguage\":\"fr-BE\"},{\"@type\":\"Organization\",\"@id\":\"https:\/\/vieassociative.be\/actualites\/#organization\",\"name\":\"Vie Associative\",\"url\":\"https:\/\/vieassociative.be\/actualites\/\",\"logo\":{\"@type\":\"ImageObject\",\"inLanguage\":\"fr-BE\",\"@id\":\"https:\/\/vieassociative.be\/actualites\/#\/schema\/logo\/image\/\",\"url\":\"https:\/\/vieassociative.be\/actualites\/wp-content\/uploads\/2024\/09\/cropped-vieassociative_favicon.ico.png\",\"contentUrl\":\"https:\/\/vieassociative.be\/actualites\/wp-content\/uploads\/2024\/09\/cropped-vieassociative_favicon.ico.png\",\"width\":512,\"height\":512,\"caption\":\"Vie Associative\"},\"image\":{\"@id\":\"https:\/\/vieassociative.be\/actualites\/#\/schema\/logo\/image\/\"}},{\"@type\":\"Person\",\"@id\":\"https:\/\/vieassociative.be\/actualites\/#\/schema\/person\/b87ac4f82f9d4e7b7cec7395b679edc4\",\"name\":\"Julien\",\"image\":{\"@type\":\"ImageObject\",\"inLanguage\":\"fr-BE\",\"@id\":\"https:\/\/vieassociative.be\/actualites\/#\/schema\/person\/image\/\",\"url\":\"https:\/\/vieassociative.be\/actualites\/wp-content\/uploads\/2024\/09\/vie-associative-1-150x150.jpg\",\"contentUrl\":\"https:\/\/vieassociative.be\/actualites\/wp-content\/uploads\/2024\/09\/vie-associative-1-150x150.jpg\",\"caption\":\"Julien\"},\"description\":\"Je suis Julien, r\u00e9dacteur pour Vie Associative. Passionn\u00e9 par le monde associatif depuis plus de 10 ans, j'ai \u00e0 c\u0153ur de partager des histoires inspirantes et de mettre en lumi\u00e8re les initiatives locales. Mon objectif est de sensibiliser et d'encourager l'engagement communautaire \u00e0 travers mes articles.\",\"sameAs\":[\"https:\/\/vieassociative.be\/\"]}]}<\/script>\n<!-- \/ Yoast SEO plugin. -->","yoast_head_json":{"title":"La GoPro Hero12 Black est l'une des meilleures cam\u00e9ras d'action, et elle est actuellement \u00e0 42 % de r\u00e9duction | Vie Associative","robots":{"index":"index","follow":"follow","max-snippet":"max-snippet:-1","max-image-preview":"max-image-preview:large","max-video-preview":"max-video-preview:-1"},"canonical":"https:\/\/vieassociative.be\/actualites\/la-gopro-hero12-black-est-lune-des-meilleures-cameras-daction-et-elle-est-actuellement-a-42-de-reduction\/","og_locale":"fr_FR","og_type":"article","og_title":"La GoPro Hero12 Black est l'une des meilleures cam\u00e9ras d'action, et elle est actuellement \u00e0 42 % de r\u00e9duction | Vie Associative","og_description":"Nous pouvons gagner une commission sur les liens sur cette page. Les prix et la disponibilit\u00e9 de l&rsquo;offre sont sujets \u00e0 changement apr\u00e8s la publication.","og_url":"https:\/\/vieassociative.be\/actualites\/la-gopro-hero12-black-est-lune-des-meilleures-cameras-daction-et-elle-est-actuellement-a-42-de-reduction\/","og_site_name":"Vie Associative","article_published_time":"2026-01-28T17:17:45+00:00","og_image":[{"width":279,"height":92,"url":"https:\/\/vieassociative.be\/actualites\/wp-content\/uploads\/2024\/09\/header_backgroundk-01-e1726694325946.png","type":"image\/png"}],"author":"Julien","twitter_card":"summary_large_image","twitter_misc":{"\u00c9crit par":"Julien","Dur\u00e9e de lecture est.":"3 minutes"},"schema":{"@context":"https:\/\/schema.org","@graph":[{"@type":"Article","@id":"https:\/\/vieassociative.be\/actualites\/la-gopro-hero12-black-est-lune-des-meilleures-cameras-daction-et-elle-est-actuellement-a-42-de-reduction\/#article","isPartOf":{"@id":"https:\/\/vieassociative.be\/actualites\/la-gopro-hero12-black-est-lune-des-meilleures-cameras-daction-et-elle-est-actuellement-a-42-de-reduction\/"},"author":{"name":"Julien","@id":"https:\/\/vieassociative.be\/actualites\/#\/schema\/person\/b87ac4f82f9d4e7b7cec7395b679edc4"},"headline":"La GoPro Hero12 Black est l&rsquo;une des meilleures cam\u00e9ras d&rsquo;action, et elle est actuellement \u00e0 42 % de r\u00e9duction","datePublished":"2026-01-28T17:17:45+00:00","dateModified":"2026-01-28T17:17:45+00:00","mainEntityOfPage":{"@id":"https:\/\/vieassociative.be\/actualites\/la-gopro-hero12-black-est-lune-des-meilleures-cameras-daction-et-elle-est-actuellement-a-42-de-reduction\/"},"wordCount":651,"publisher":{"@id":"https:\/\/vieassociative.be\/actualites\/#organization"},"image":{"@id":"https:\/\/vieassociative.be\/actualites\/la-gopro-hero12-black-est-lune-des-meilleures-cameras-daction-et-elle-est-actuellement-a-42-de-reduction\/#primaryimage"},"thumbnailUrl":"https:\/\/vieassociative.be\/actualites\/wp-content\/uploads\/2026\/01\/La-GoPro-Hero12-Black-est-lune-des-meilleures-cameras-daction.png","keywords":["actuellement","Black","cam\u00e9ras","daction","Des","elle","est","GoPro","Hero12","lune","meilleures","r\u00e9duction"],"articleSection":["Technologie"],"inLanguage":"fr-BE"},{"@type":"WebPage","@id":"https:\/\/vieassociative.be\/actualites\/la-gopro-hero12-black-est-lune-des-meilleures-cameras-daction-et-elle-est-actuellement-a-42-de-reduction\/","url":"https:\/\/vieassociative.be\/actualites\/la-gopro-hero12-black-est-lune-des-meilleures-cameras-daction-et-elle-est-actuellement-a-42-de-reduction\/","name":"La GoPro Hero12 Black est l'une des meilleures cam\u00e9ras d'action, et elle est actuellement \u00e0 42 % de r\u00e9duction | Vie Associative","isPartOf":{"@id":"https:\/\/vieassociative.be\/actualites\/#website"},"primaryImageOfPage":{"@id":"https:\/\/vieassociative.be\/actualites\/la-gopro-hero12-black-est-lune-des-meilleures-cameras-daction-et-elle-est-actuellement-a-42-de-reduction\/#primaryimage"},"image":{"@id":"https:\/\/vieassociative.be\/actualites\/la-gopro-hero12-black-est-lune-des-meilleures-cameras-daction-et-elle-est-actuellement-a-42-de-reduction\/#primaryimage"},"thumbnailUrl":"https:\/\/vieassociative.be\/actualites\/wp-content\/uploads\/2026\/01\/La-GoPro-Hero12-Black-est-lune-des-meilleures-cameras-daction.png","datePublished":"2026-01-28T17:17:45+00:00","dateModified":"2026-01-28T17:17:45+00:00","breadcrumb":{"@id":"https:\/\/vieassociative.be\/actualites\/la-gopro-hero12-black-est-lune-des-meilleures-cameras-daction-et-elle-est-actuellement-a-42-de-reduction\/#breadcrumb"},"inLanguage":"fr-BE","potentialAction":[{"@type":"ReadAction","target":["https:\/\/vieassociative.be\/actualites\/la-gopro-hero12-black-est-lune-des-meilleures-cameras-daction-et-elle-est-actuellement-a-42-de-reduction\/"]}]},{"@type":"ImageObject","inLanguage":"fr-BE","@id":"https:\/\/vieassociative.be\/actualites\/la-gopro-hero12-black-est-lune-des-meilleures-cameras-daction-et-elle-est-actuellement-a-42-de-reduction\/#primaryimage","url":"https:\/\/vieassociative.be\/actualites\/wp-content\/uploads\/2026\/01\/La-GoPro-Hero12-Black-est-lune-des-meilleures-cameras-daction.png","contentUrl":"https:\/\/vieassociative.be\/actualites\/wp-content\/uploads\/2026\/01\/La-GoPro-Hero12-Black-est-lune-des-meilleures-cameras-daction.png","width":1200,"height":675,"caption":"La GoPro Hero12 Black est l'une des meilleures cam\u00e9ras d'action, et elle est actuellement \u00e0 42 % de r\u00e9duction"},{"@type":"BreadcrumbList","@id":"https:\/\/vieassociative.be\/actualites\/la-gopro-hero12-black-est-lune-des-meilleures-cameras-daction-et-elle-est-actuellement-a-42-de-reduction\/#breadcrumb","itemListElement":[{"@type":"ListItem","position":1,"name":"Accueil","item":"https:\/\/vieassociative.be\/actualites\/"},{"@type":"ListItem","position":2,"name":"La GoPro Hero12 Black est l&rsquo;une des meilleures cam\u00e9ras d&rsquo;action, et elle est actuellement \u00e0 42 % de r\u00e9duction"}]},{"@type":"WebSite","@id":"https:\/\/vieassociative.be\/actualites\/#website","url":"https:\/\/vieassociative.be\/actualites\/","name":"Vie Associative","description":"","publisher":{"@id":"https:\/\/vieassociative.be\/actualites\/#organization"},"potentialAction":[{"@type":"SearchAction","target":{"@type":"EntryPoint","urlTemplate":"https:\/\/vieassociative.be\/actualites\/?s={search_term_string}"},"query-input":{"@type":"PropertyValueSpecification","valueRequired":true,"valueName":"search_term_string"}}],"inLanguage":"fr-BE"},{"@type":"Organization","@id":"https:\/\/vieassociative.be\/actualites\/#organization","name":"Vie Associative","url":"https:\/\/vieassociative.be\/actualites\/","logo":{"@type":"ImageObject","inLanguage":"fr-BE","@id":"https:\/\/vieassociative.be\/actualites\/#\/schema\/logo\/image\/","url":"https:\/\/vieassociative.be\/actualites\/wp-content\/uploads\/2024\/09\/cropped-vieassociative_favicon.ico.png","contentUrl":"https:\/\/vieassociative.be\/actualites\/wp-content\/uploads\/2024\/09\/cropped-vieassociative_favicon.ico.png","width":512,"height":512,"caption":"Vie Associative"},"image":{"@id":"https:\/\/vieassociative.be\/actualites\/#\/schema\/logo\/image\/"}},{"@type":"Person","@id":"https:\/\/vieassociative.be\/actualites\/#\/schema\/person\/b87ac4f82f9d4e7b7cec7395b679edc4","name":"Julien","image":{"@type":"ImageObject","inLanguage":"fr-BE","@id":"https:\/\/vieassociative.be\/actualites\/#\/schema\/person\/image\/","url":"https:\/\/vieassociative.be\/actualites\/wp-content\/uploads\/2024\/09\/vie-associative-1-150x150.jpg","contentUrl":"https:\/\/vieassociative.be\/actualites\/wp-content\/uploads\/2024\/09\/vie-associative-1-150x150.jpg","caption":"Julien"},"description":"Je suis Julien, r\u00e9dacteur pour Vie Associative. Passionn\u00e9 par le monde associatif depuis plus de 10 ans, j'ai \u00e0 c\u0153ur de partager des histoires inspirantes et de mettre en lumi\u00e8re les initiatives locales. Mon objectif est de sensibiliser et d'encourager l'engagement communautaire \u00e0 travers mes articles.","sameAs":["https:\/\/vieassociative.be\/"]}]}},"_links":{"self":[{"href":"https:\/\/vieassociative.be\/actualites\/wp-json\/wp\/v2\/posts\/12397"}],"collection":[{"href":"https:\/\/vieassociative.be\/actualites\/wp-json\/wp\/v2\/posts"}],"about":[{"href":"https:\/\/vieassociative.be\/actualites\/wp-json\/wp\/v2\/types\/post"}],"author":[{"embeddable":true,"href":"https:\/\/vieassociative.be\/actualites\/wp-json\/wp\/v2\/users\/1"}],"replies":[{"embeddable":true,"href":"https:\/\/vieassociative.be\/actualites\/wp-json\/wp\/v2\/comments?post=12397"}],"version-history":[{"count":0,"href":"https:\/\/vieassociative.be\/actualites\/wp-json\/wp\/v2\/posts\/12397\/revisions"}],"wp:featuredmedia":[{"embeddable":true,"href":"https:\/\/vieassociative.be\/actualites\/wp-json\/wp\/v2\/media\/12398"}],"wp:attachment":[{"href":"https:\/\/vieassociative.be\/actualites\/wp-json\/wp\/v2\/media?parent=12397"}],"wp:term":[{"taxonomy":"category","embeddable":true,"href":"https:\/\/vieassociative.be\/actualites\/wp-json\/wp\/v2\/categories?post=12397"},{"taxonomy":"post_tag","embeddable":true,"href":"https:\/\/vieassociative.be\/actualites\/wp-json\/wp\/v2\/tags?post=12397"}],"curies":[{"name":"wp","href":"https:\/\/api.w.org\/{rel}","templated":true}]}}