{"id":12395,"date":"2026-01-28T13:17:21","date_gmt":"2026-01-28T12:17:21","guid":{"rendered":"https:\/\/vieassociative.be\/actualites\/affrontement-ce-soir-en-ligue-des-champions-le-fc-bruges-et-la-saint-gilloise-ont-encore-une-chance\/"},"modified":"2026-01-28T13:17:21","modified_gmt":"2026-01-28T12:17:21","slug":"affrontement-ce-soir-en-ligue-des-champions-le-fc-bruges-et-la-saint-gilloise-ont-encore-une-chance","status":"publish","type":"post","link":"https:\/\/vieassociative.be\/actualites\/affrontement-ce-soir-en-ligue-des-champions-le-fc-bruges-et-la-saint-gilloise-ont-encore-une-chance\/","title":{"rendered":"Affrontement ce soir en Ligue des Champions : le FC Bruges et la Saint-Gilloise ont encore une chance"},"content":{"rendered":"<p><strong>Les fans de football peuvent s\u2019attendre \u00e0 une soir\u00e9e de football passionnante. Le FC Bruges et l&rsquo;Union Saint-Gilloise sont toujours en lice pour la spectaculaire finale de groupe de la Ligue des Champions. L&rsquo;\u00e9quipe bruxelloise a cependant besoin d&rsquo;un petit miracle pour se qualifier pour les \u00e9liminatoires des huiti\u00e8mes de finale.<\/strong><\/p>\n<p><span id=\"more-434846\"><\/span>Lors de la derni\u00e8re journ\u00e9e de la phase de championnat de la Ligue des champions, il sera d\u00e9cid\u00e9 ce soir qui acc\u00e9dera directement aux huiti\u00e8mes de finale, qui devra faire le d\u00e9tour par les s\u00e9ries \u00e9liminatoires et dont la saison europ\u00e9enne se terminera. Vous trouverez ci-dessous tout ce que vous devez savoir sous forme de questions et r\u00e9ponses.<\/p>\n<p><strong>\u2013 Qui est qualifi\u00e9 et qui ne l\u2019est pas ?<\/strong><\/p>\n<p>Lors de la derni\u00e8re journ\u00e9e de la phase de championnat de la Ligue des champions, il sera d\u00e9cid\u00e9 ce soir qui acc\u00e9dera directement aux huiti\u00e8mes de finale, qui devra faire le d\u00e9tour par les s\u00e9ries \u00e9liminatoires et dont la saison europ\u00e9enne se terminera.<\/p>\n<div id=\"attachment_415761\" class=\"wp-caption alignleft\" style=\"max-width: 300px\"><img fetchpriority=\"high\" decoding=\"async\" class=\"wp-image-415761 size-medium\" src=\"https:\/\/vieassociative.be\/actualites\/wp-content\/uploads\/2026\/01\/Affrontement-ce-soir-en-Ligue-des-Champions-le-FC.jpg\" alt=\"\" width=\"300\" height=\"181\"  ><\/div>\n<p>Dans le nouveau format, les huit meilleures \u00e9quipes du classement se qualifient directement pour les huiti\u00e8mes de finale, les places 9 \u00e0 24 atteignent les s\u00e9ries \u00e9liminatoires, au cours desquelles se jouent les huiti\u00e8mes de finale restantes, et \u00e0 partir de la 25e place, c&rsquo;est termin\u00e9.<\/p>\n<p>Avant la derni\u00e8re journ\u00e9e, Arsenal et le Bayern Munich sont d\u00e9j\u00e0 assur\u00e9s dans le top 8 et sont donc directement qualifi\u00e9s pour les huiti\u00e8mes de finale. Derri\u00e8re eux, la situation est extr\u00eamement tendue : plusieurs poids lourds comme le Real Madrid, Liverpool, le Paris Saint-Germain, Barcelone, Manchester City, Tottenham, l&rsquo;Atl\u00e9tico Madrid et l&rsquo;Atalanta se battent encore pour les derni\u00e8res places directes. Ce qui suit s&rsquo;applique \u00e0 ces \u00e9quipes : une victoire peut signifier un saut dans le top 8, mais un match nul ou une d\u00e9faite menace de faire un d\u00e9tour par les s\u00e9ries \u00e9liminatoires.<\/p>\n<p>La plupart des \u00e9quipes du large milieu du tableau termineront tr\u00e8s probablement entre la 9e et la 24e place et se qualifieront donc au moins pour les huiti\u00e8mes de finale, m\u00eame si cela ne suffit pas pour les huiti\u00e8mes de finale directs. En bas du tableau, cependant, plusieurs \u00e9quipes ont d\u00e9j\u00e0 \u00e9t\u00e9 \u00e9limin\u00e9es &#8211; elles ne peuvent pas atteindre les s\u00e9ries \u00e9liminatoires ou les huiti\u00e8mes de finale et diront au revoir \u00e0 la Ligue des champions apr\u00e8s ce soir. En bref : deux d&rsquo;entre eux sont sortis sains et saufs, beaucoup tremblent encore et pour certains, il s&rsquo;agit aujourd&rsquo;hui d&rsquo;adieux dignes.<\/p>\n<p><strong>\u2013 Quelle est la position de d\u00e9part des deux repr\u00e9sentants belges ?<\/strong><\/p>\n<div id=\"attachment_427804\" class=\"wp-caption alignleft\" style=\"max-width: 300px\"><img decoding=\"async\" class=\"wp-image-427804 size-medium\" src=\"https:\/\/vieassociative.be\/actualites\/wp-content\/uploads\/2026\/01\/1769602641_687_Affrontement-ce-soir-en-Ligue-des-Champions-le-FC.jpg\" alt=\"\" width=\"300\" height=\"200\"><\/div>\n<p>Apr\u00e8s la 7\u00e8me journ\u00e9e de la phase de championnat, les deux \u00e9quipes belges sont loin derri\u00e8re au classement g\u00e9n\u00e9ral et se trouvent actuellement dans des positions qui signifieraient l&rsquo;\u00e9limination ou tout au plus les playoffs. Selon le classement actuel, le FC Bruges compte environ 7 points et l&rsquo;Union Saint-Gilloise 6 points apr\u00e8s sept matchs de classement de la Ligue des Champions &#8211; les deux \u00e9quipes sont \u00e0 deux places de la zone de playoffs possible (24\u00e8me place) et n&rsquo;ont pas encore assez de points pour le top 24, qui serait requis pour les playoffs.<\/p>\n<p>Concr\u00e8tement, cela signifie que le FC Bruges est actuellement juste devant l&rsquo;Union, mais n&rsquo;a pas encore suffisamment de points pour acc\u00e9der en toute s\u00e9curit\u00e9 aux \u00e9liminatoires. Un r\u00e9sultat positif aujourd&rsquo;hui face \u00e0 l&rsquo;Olympique de Marseille (avec Arthur Vermehren), combin\u00e9 \u00e0 d&rsquo;autres r\u00e9sultats convenables, pourrait aider les \u00ab Blauw en Zwart \u00bb \u00e0 rattraper leur retard en s\u00e9ries \u00e9liminatoires (9 \u2013 24).<\/p>\n<p>L&rsquo;Union Saint-Gilloise est actuellement \u00e0 un point de Bruges et doit s&rsquo;imposer contre l&rsquo;Atalanta Bergame (avec Charles De Ketelaere) pour avoir au moins une chance r\u00e9aliste de se qualifier pour les playoffs.<\/p>\n<p>Bref, les deux clubs belges ne sont pas d\u00e9finitivement \u00e9limin\u00e9s avant la derni\u00e8re journ\u00e9e, mais ils sont largement en dehors du top 24 et ont besoin d&rsquo;une victoire ainsi que de r\u00e9sultats favorables des autres \u00e9quipes pour se qualifier pour les \u00e9liminatoires de la Ligue des Champions.<\/p>\n<p><strong>\u2013 Quelle est la position de d\u00e9part des clubs allemands ?<\/strong><\/p>\n<div id=\"attachment_428856\" class=\"wp-caption alignleft\" style=\"max-width: 300px\"><img decoding=\"async\" class=\"wp-image-428856 size-medium\" src=\"https:\/\/vieassociative.be\/actualites\/wp-content\/uploads\/2026\/01\/1769602641_945_Affrontement-ce-soir-en-Ligue-des-Champions-le-FC.jpg\" alt=\"\" width=\"300\" height=\"200\"><\/div>\n<p>Le Bayern veut absolument conserver sa deuxi\u00e8me place lors du match contre le PSV Eindhoven. Avant la rencontre avec l&rsquo;Inter Milan, tout est encore possible pour Dortmund, de l&rsquo;entr\u00e9e directe en huiti\u00e8mes de finale jusqu&rsquo;\u00e0 l&rsquo;\u00e9limination. Comme tableau 16\u00e8me. Mais avec onze points, il faudra probablement faire un d\u00e9tour par les playoffs. C\u2019est l\u2019objectif de Leverkusen. Avec neuf points et une 20\u00e8me place, il fallait une victoire contre l&rsquo;avant-dernier FC Villarreal pour y parvenir. L&rsquo;Eintracht Frankfurt, qui occupe la 33e et l&rsquo;avant-derni\u00e8re place avant le match contre Tottenham Hotspur, n&rsquo;a aucune chance de disputer d&rsquo;autres matchs de premi\u00e8re classe.<\/p>\n<p><strong>\u2013 Et les grands clubs internationaux ?<\/strong><\/p>\n<p>Le centre d&rsquo;int\u00e9r\u00eat international est le match opposant le champion en titre du Paris Saint-Germain (13 points, 6e place) \u00e0 Newcastle United (13\/7) avec Nick Woltemade. Le perdant est menac\u00e9 de qualification pour les s\u00e9ries \u00e9liminatoires \u00e9tant donn\u00e9 qu&rsquo;il y a un total de huit \u00e9quipes qui comptent actuellement 13 points. Actuellement, le FC Barcelone avec l&rsquo;entra\u00eeneur Hansi Flick (9e) et Manchester City (11e) sont \u00e9galement en queue de peloton. Avec des matchs \u00e0 domicile relativement faciles (FC Copenhague et Galatasaray Istanbul), les matchs suppl\u00e9mentaires peuvent probablement \u00eatre \u00e9vit\u00e9s.<\/p>\n<p><strong>\u2013 O\u00f9 peut-on voir les jeux ?<\/strong><\/p>\n<p>Si vous souhaitez suivre ce soir la passionnante journ\u00e9e de la phase finale, vous pouvez le faire via RTL Club \/ vtm2 (FC Brugge &#8211; Olympique de Marseille), RTL Plug \/ vtm4 (Union &#8211; Atalanta) ou Proximus Pickx (Multilive ou chaque match individuellement).<\/p>\n<p><strong>\u2013 Que se passe-t-il ensuite ?<\/strong><\/p>\n<p>Les matchs des s\u00e9ries \u00e9liminatoires seront tir\u00e9s au sort vendredi au si\u00e8ge de l&rsquo;UEFA \u00e0 Nyon, en Suisse. Le tour interm\u00e9diaire se jouera le 17\/18. et 24\/25. F\u00e9vrier. Les huiti\u00e8mes de finale auront lieu le 10\/11. et les 17 et 18 ont d\u00e9but\u00e9 en mars. En avril et d\u00e9but mai (quarts de finale les 7\/8 et 14\/15 avril ; demi-finales les 28\/29 avril et 5\/6 mai), il sera d\u00e9cid\u00e9 qui acc\u00e9dera \u00e0 la finale, qui aura lieu le 30 mai \u00e0 Budapest.<\/p>\n<p><strong>\u2013 Quel est le statut de la Ligue Europa ?<\/strong><\/p>\n<p>En ce qui concerne la Ligue Europa, la finale des groupes suit le m\u00eame format que la Ligue des Champions. La Belgique est toujours repr\u00e9sent\u00e9e par le KRC Genk, qui est d\u00e9j\u00e0 assur\u00e9 de participer aux \u00e9liminatoires des huiti\u00e8mes de finale et pourra peut-\u00eatre m\u00eame se qualifier directement pour les huiti\u00e8mes de finale apr\u00e8s le dernier match jeudi \u00e0 21 heures. contre Malm\u00f6 FF (en direct sur RTBF2 \u00ab Tipik \u00bb ou VRT2 \u00ab Canvas \u00bb). (dpa\/cr\u00e9)<\/p>\n","protected":false},"excerpt":{"rendered":"<p>Les fans de football peuvent s\u2019attendre \u00e0 une soir\u00e9e de football passionnante. Le FC Bruges et l&rsquo;Union Saint-Gilloise sont toujours en lice pour la spectaculaire<\/p>\n","protected":false},"author":1,"featured_media":12396,"comment_status":"","ping_status":"","sticky":false,"template":"","format":"standard","meta":{"footnotes":""},"categories":[298],"tags":[9876,2851,2818,5810,29,592,2817,1374,2502,1795,110],"class_list":["post-12395","post","type-post","status-publish","format-standard","has-post-thumbnail","hentry","category-belgique","tag-affrontement","tag-bruges","tag-champions","tag-chance","tag-des","tag-encore","tag-ligue","tag-ont","tag-saintgilloise","tag-soir","tag-une","generate-columns","tablet-grid-50","mobile-grid-100","grid-parent","grid-33"],"yoast_head":"<!-- This site is optimized with the Yoast SEO plugin v24.0 - https:\/\/yoast.com\/wordpress\/plugins\/seo\/ -->\n<title>Affrontement ce soir en Ligue des Champions : le FC Bruges et la Saint-Gilloise ont encore une chance | Vie Associative<\/title>\n<meta name=\"robots\" content=\"index, follow, max-snippet:-1, max-image-preview:large, max-video-preview:-1\" \/>\n<link rel=\"canonical\" href=\"https:\/\/vieassociative.be\/actualites\/affrontement-ce-soir-en-ligue-des-champions-le-fc-bruges-et-la-saint-gilloise-ont-encore-une-chance\/\" \/>\n<meta property=\"og:locale\" content=\"fr_FR\" \/>\n<meta property=\"og:type\" content=\"article\" \/>\n<meta property=\"og:title\" content=\"Affrontement ce soir en Ligue des Champions : le FC Bruges et la Saint-Gilloise ont encore une chance | Vie Associative\" \/>\n<meta property=\"og:description\" content=\"Les fans de football peuvent s\u2019attendre \u00e0 une soir\u00e9e de football passionnante. Le FC Bruges et l&rsquo;Union Saint-Gilloise sont toujours en lice pour la spectaculaire\" \/>\n<meta property=\"og:url\" content=\"https:\/\/vieassociative.be\/actualites\/affrontement-ce-soir-en-ligue-des-champions-le-fc-bruges-et-la-saint-gilloise-ont-encore-une-chance\/\" \/>\n<meta property=\"og:site_name\" content=\"Vie Associative\" \/>\n<meta property=\"article:published_time\" content=\"2026-01-28T12:17:21+00:00\" \/>\n<meta property=\"og:image\" content=\"https:\/\/vieassociative.be\/actualites\/wp-content\/uploads\/2024\/09\/header_backgroundk-01-e1726694325946.png\" \/>\n\t<meta property=\"og:image:width\" content=\"279\" \/>\n\t<meta property=\"og:image:height\" content=\"92\" \/>\n\t<meta property=\"og:image:type\" content=\"image\/png\" \/>\n<meta name=\"author\" content=\"Julien\" \/>\n<meta name=\"twitter:card\" content=\"summary_large_image\" \/>\n<meta name=\"twitter:label1\" content=\"\u00c9crit par\" \/>\n\t<meta name=\"twitter:data1\" content=\"Julien\" \/>\n\t<meta name=\"twitter:label2\" content=\"Dur\u00e9e de lecture est.\" \/>\n\t<meta name=\"twitter:data2\" content=\"6 minutes\" \/>\n<script type=\"application\/ld+json\" class=\"yoast-schema-graph\">{\"@context\":\"https:\/\/schema.org\",\"@graph\":[{\"@type\":\"Article\",\"@id\":\"https:\/\/vieassociative.be\/actualites\/affrontement-ce-soir-en-ligue-des-champions-le-fc-bruges-et-la-saint-gilloise-ont-encore-une-chance\/#article\",\"isPartOf\":{\"@id\":\"https:\/\/vieassociative.be\/actualites\/affrontement-ce-soir-en-ligue-des-champions-le-fc-bruges-et-la-saint-gilloise-ont-encore-une-chance\/\"},\"author\":{\"name\":\"Julien\",\"@id\":\"https:\/\/vieassociative.be\/actualites\/#\/schema\/person\/b87ac4f82f9d4e7b7cec7395b679edc4\"},\"headline\":\"Affrontement ce soir en Ligue des Champions : le FC Bruges et la Saint-Gilloise ont encore une chance\",\"datePublished\":\"2026-01-28T12:17:21+00:00\",\"dateModified\":\"2026-01-28T12:17:21+00:00\",\"mainEntityOfPage\":{\"@id\":\"https:\/\/vieassociative.be\/actualites\/affrontement-ce-soir-en-ligue-des-champions-le-fc-bruges-et-la-saint-gilloise-ont-encore-une-chance\/\"},\"wordCount\":1168,\"publisher\":{\"@id\":\"https:\/\/vieassociative.be\/actualites\/#organization\"},\"image\":{\"@id\":\"https:\/\/vieassociative.be\/actualites\/affrontement-ce-soir-en-ligue-des-champions-le-fc-bruges-et-la-saint-gilloise-ont-encore-une-chance\/#primaryimage\"},\"thumbnailUrl\":\"https:\/\/vieassociative.be\/actualites\/wp-content\/uploads\/2026\/01\/1769602641_Affrontement-ce-soir-en-Ligue-des-Champions-le-FC.jpg\",\"keywords\":[\"Affrontement\",\"Bruges\",\"Champions\",\"chance\",\"Des\",\"encore\",\"Ligue\",\"ont\",\"SaintGilloise\",\"soir\",\"une\"],\"articleSection\":[\"Belgique\"],\"inLanguage\":\"fr-BE\"},{\"@type\":\"WebPage\",\"@id\":\"https:\/\/vieassociative.be\/actualites\/affrontement-ce-soir-en-ligue-des-champions-le-fc-bruges-et-la-saint-gilloise-ont-encore-une-chance\/\",\"url\":\"https:\/\/vieassociative.be\/actualites\/affrontement-ce-soir-en-ligue-des-champions-le-fc-bruges-et-la-saint-gilloise-ont-encore-une-chance\/\",\"name\":\"Affrontement ce soir en Ligue des Champions : le FC Bruges et la Saint-Gilloise ont encore une chance | Vie Associative\",\"isPartOf\":{\"@id\":\"https:\/\/vieassociative.be\/actualites\/#website\"},\"primaryImageOfPage\":{\"@id\":\"https:\/\/vieassociative.be\/actualites\/affrontement-ce-soir-en-ligue-des-champions-le-fc-bruges-et-la-saint-gilloise-ont-encore-une-chance\/#primaryimage\"},\"image\":{\"@id\":\"https:\/\/vieassociative.be\/actualites\/affrontement-ce-soir-en-ligue-des-champions-le-fc-bruges-et-la-saint-gilloise-ont-encore-une-chance\/#primaryimage\"},\"thumbnailUrl\":\"https:\/\/vieassociative.be\/actualites\/wp-content\/uploads\/2026\/01\/1769602641_Affrontement-ce-soir-en-Ligue-des-Champions-le-FC.jpg\",\"datePublished\":\"2026-01-28T12:17:21+00:00\",\"dateModified\":\"2026-01-28T12:17:21+00:00\",\"breadcrumb\":{\"@id\":\"https:\/\/vieassociative.be\/actualites\/affrontement-ce-soir-en-ligue-des-champions-le-fc-bruges-et-la-saint-gilloise-ont-encore-une-chance\/#breadcrumb\"},\"inLanguage\":\"fr-BE\",\"potentialAction\":[{\"@type\":\"ReadAction\",\"target\":[\"https:\/\/vieassociative.be\/actualites\/affrontement-ce-soir-en-ligue-des-champions-le-fc-bruges-et-la-saint-gilloise-ont-encore-une-chance\/\"]}]},{\"@type\":\"ImageObject\",\"inLanguage\":\"fr-BE\",\"@id\":\"https:\/\/vieassociative.be\/actualites\/affrontement-ce-soir-en-ligue-des-champions-le-fc-bruges-et-la-saint-gilloise-ont-encore-une-chance\/#primaryimage\",\"url\":\"https:\/\/vieassociative.be\/actualites\/wp-content\/uploads\/2026\/01\/1769602641_Affrontement-ce-soir-en-Ligue-des-Champions-le-FC.jpg\",\"contentUrl\":\"https:\/\/vieassociative.be\/actualites\/wp-content\/uploads\/2026\/01\/1769602641_Affrontement-ce-soir-en-Ligue-des-Champions-le-FC.jpg\",\"width\":1200,\"height\":800,\"caption\":\"Affrontement ce soir en Ligue des Champions : le FC Bruges et la Saint-Gilloise ont encore une chance\"},{\"@type\":\"BreadcrumbList\",\"@id\":\"https:\/\/vieassociative.be\/actualites\/affrontement-ce-soir-en-ligue-des-champions-le-fc-bruges-et-la-saint-gilloise-ont-encore-une-chance\/#breadcrumb\",\"itemListElement\":[{\"@type\":\"ListItem\",\"position\":1,\"name\":\"Accueil\",\"item\":\"https:\/\/vieassociative.be\/actualites\/\"},{\"@type\":\"ListItem\",\"position\":2,\"name\":\"Affrontement ce soir en Ligue des Champions : le FC Bruges et la Saint-Gilloise ont encore une chance\"}]},{\"@type\":\"WebSite\",\"@id\":\"https:\/\/vieassociative.be\/actualites\/#website\",\"url\":\"https:\/\/vieassociative.be\/actualites\/\",\"name\":\"Vie Associative\",\"description\":\"\",\"publisher\":{\"@id\":\"https:\/\/vieassociative.be\/actualites\/#organization\"},\"potentialAction\":[{\"@type\":\"SearchAction\",\"target\":{\"@type\":\"EntryPoint\",\"urlTemplate\":\"https:\/\/vieassociative.be\/actualites\/?s={search_term_string}\"},\"query-input\":{\"@type\":\"PropertyValueSpecification\",\"valueRequired\":true,\"valueName\":\"search_term_string\"}}],\"inLanguage\":\"fr-BE\"},{\"@type\":\"Organization\",\"@id\":\"https:\/\/vieassociative.be\/actualites\/#organization\",\"name\":\"Vie Associative\",\"url\":\"https:\/\/vieassociative.be\/actualites\/\",\"logo\":{\"@type\":\"ImageObject\",\"inLanguage\":\"fr-BE\",\"@id\":\"https:\/\/vieassociative.be\/actualites\/#\/schema\/logo\/image\/\",\"url\":\"https:\/\/vieassociative.be\/actualites\/wp-content\/uploads\/2024\/09\/cropped-vieassociative_favicon.ico.png\",\"contentUrl\":\"https:\/\/vieassociative.be\/actualites\/wp-content\/uploads\/2024\/09\/cropped-vieassociative_favicon.ico.png\",\"width\":512,\"height\":512,\"caption\":\"Vie Associative\"},\"image\":{\"@id\":\"https:\/\/vieassociative.be\/actualites\/#\/schema\/logo\/image\/\"}},{\"@type\":\"Person\",\"@id\":\"https:\/\/vieassociative.be\/actualites\/#\/schema\/person\/b87ac4f82f9d4e7b7cec7395b679edc4\",\"name\":\"Julien\",\"image\":{\"@type\":\"ImageObject\",\"inLanguage\":\"fr-BE\",\"@id\":\"https:\/\/vieassociative.be\/actualites\/#\/schema\/person\/image\/\",\"url\":\"https:\/\/vieassociative.be\/actualites\/wp-content\/uploads\/2024\/09\/vie-associative-1-150x150.jpg\",\"contentUrl\":\"https:\/\/vieassociative.be\/actualites\/wp-content\/uploads\/2024\/09\/vie-associative-1-150x150.jpg\",\"caption\":\"Julien\"},\"description\":\"Je suis Julien, r\u00e9dacteur pour Vie Associative. Passionn\u00e9 par le monde associatif depuis plus de 10 ans, j'ai \u00e0 c\u0153ur de partager des histoires inspirantes et de mettre en lumi\u00e8re les initiatives locales. Mon objectif est de sensibiliser et d'encourager l'engagement communautaire \u00e0 travers mes articles.\",\"sameAs\":[\"https:\/\/vieassociative.be\/\"]}]}<\/script>\n<!-- \/ Yoast SEO plugin. -->","yoast_head_json":{"title":"Affrontement ce soir en Ligue des Champions : le FC Bruges et la Saint-Gilloise ont encore une chance | Vie Associative","robots":{"index":"index","follow":"follow","max-snippet":"max-snippet:-1","max-image-preview":"max-image-preview:large","max-video-preview":"max-video-preview:-1"},"canonical":"https:\/\/vieassociative.be\/actualites\/affrontement-ce-soir-en-ligue-des-champions-le-fc-bruges-et-la-saint-gilloise-ont-encore-une-chance\/","og_locale":"fr_FR","og_type":"article","og_title":"Affrontement ce soir en Ligue des Champions : le FC Bruges et la Saint-Gilloise ont encore une chance | Vie Associative","og_description":"Les fans de football peuvent s\u2019attendre \u00e0 une soir\u00e9e de football passionnante. Le FC Bruges et l&rsquo;Union Saint-Gilloise sont toujours en lice pour la spectaculaire","og_url":"https:\/\/vieassociative.be\/actualites\/affrontement-ce-soir-en-ligue-des-champions-le-fc-bruges-et-la-saint-gilloise-ont-encore-une-chance\/","og_site_name":"Vie Associative","article_published_time":"2026-01-28T12:17:21+00:00","og_image":[{"width":279,"height":92,"url":"https:\/\/vieassociative.be\/actualites\/wp-content\/uploads\/2024\/09\/header_backgroundk-01-e1726694325946.png","type":"image\/png"}],"author":"Julien","twitter_card":"summary_large_image","twitter_misc":{"\u00c9crit par":"Julien","Dur\u00e9e de lecture est.":"6 minutes"},"schema":{"@context":"https:\/\/schema.org","@graph":[{"@type":"Article","@id":"https:\/\/vieassociative.be\/actualites\/affrontement-ce-soir-en-ligue-des-champions-le-fc-bruges-et-la-saint-gilloise-ont-encore-une-chance\/#article","isPartOf":{"@id":"https:\/\/vieassociative.be\/actualites\/affrontement-ce-soir-en-ligue-des-champions-le-fc-bruges-et-la-saint-gilloise-ont-encore-une-chance\/"},"author":{"name":"Julien","@id":"https:\/\/vieassociative.be\/actualites\/#\/schema\/person\/b87ac4f82f9d4e7b7cec7395b679edc4"},"headline":"Affrontement ce soir en Ligue des Champions : le FC Bruges et la Saint-Gilloise ont encore une chance","datePublished":"2026-01-28T12:17:21+00:00","dateModified":"2026-01-28T12:17:21+00:00","mainEntityOfPage":{"@id":"https:\/\/vieassociative.be\/actualites\/affrontement-ce-soir-en-ligue-des-champions-le-fc-bruges-et-la-saint-gilloise-ont-encore-une-chance\/"},"wordCount":1168,"publisher":{"@id":"https:\/\/vieassociative.be\/actualites\/#organization"},"image":{"@id":"https:\/\/vieassociative.be\/actualites\/affrontement-ce-soir-en-ligue-des-champions-le-fc-bruges-et-la-saint-gilloise-ont-encore-une-chance\/#primaryimage"},"thumbnailUrl":"https:\/\/vieassociative.be\/actualites\/wp-content\/uploads\/2026\/01\/1769602641_Affrontement-ce-soir-en-Ligue-des-Champions-le-FC.jpg","keywords":["Affrontement","Bruges","Champions","chance","Des","encore","Ligue","ont","SaintGilloise","soir","une"],"articleSection":["Belgique"],"inLanguage":"fr-BE"},{"@type":"WebPage","@id":"https:\/\/vieassociative.be\/actualites\/affrontement-ce-soir-en-ligue-des-champions-le-fc-bruges-et-la-saint-gilloise-ont-encore-une-chance\/","url":"https:\/\/vieassociative.be\/actualites\/affrontement-ce-soir-en-ligue-des-champions-le-fc-bruges-et-la-saint-gilloise-ont-encore-une-chance\/","name":"Affrontement ce soir en Ligue des Champions : le FC Bruges et la Saint-Gilloise ont encore une chance | Vie Associative","isPartOf":{"@id":"https:\/\/vieassociative.be\/actualites\/#website"},"primaryImageOfPage":{"@id":"https:\/\/vieassociative.be\/actualites\/affrontement-ce-soir-en-ligue-des-champions-le-fc-bruges-et-la-saint-gilloise-ont-encore-une-chance\/#primaryimage"},"image":{"@id":"https:\/\/vieassociative.be\/actualites\/affrontement-ce-soir-en-ligue-des-champions-le-fc-bruges-et-la-saint-gilloise-ont-encore-une-chance\/#primaryimage"},"thumbnailUrl":"https:\/\/vieassociative.be\/actualites\/wp-content\/uploads\/2026\/01\/1769602641_Affrontement-ce-soir-en-Ligue-des-Champions-le-FC.jpg","datePublished":"2026-01-28T12:17:21+00:00","dateModified":"2026-01-28T12:17:21+00:00","breadcrumb":{"@id":"https:\/\/vieassociative.be\/actualites\/affrontement-ce-soir-en-ligue-des-champions-le-fc-bruges-et-la-saint-gilloise-ont-encore-une-chance\/#breadcrumb"},"inLanguage":"fr-BE","potentialAction":[{"@type":"ReadAction","target":["https:\/\/vieassociative.be\/actualites\/affrontement-ce-soir-en-ligue-des-champions-le-fc-bruges-et-la-saint-gilloise-ont-encore-une-chance\/"]}]},{"@type":"ImageObject","inLanguage":"fr-BE","@id":"https:\/\/vieassociative.be\/actualites\/affrontement-ce-soir-en-ligue-des-champions-le-fc-bruges-et-la-saint-gilloise-ont-encore-une-chance\/#primaryimage","url":"https:\/\/vieassociative.be\/actualites\/wp-content\/uploads\/2026\/01\/1769602641_Affrontement-ce-soir-en-Ligue-des-Champions-le-FC.jpg","contentUrl":"https:\/\/vieassociative.be\/actualites\/wp-content\/uploads\/2026\/01\/1769602641_Affrontement-ce-soir-en-Ligue-des-Champions-le-FC.jpg","width":1200,"height":800,"caption":"Affrontement ce soir en Ligue des Champions : le FC Bruges et la Saint-Gilloise ont encore une chance"},{"@type":"BreadcrumbList","@id":"https:\/\/vieassociative.be\/actualites\/affrontement-ce-soir-en-ligue-des-champions-le-fc-bruges-et-la-saint-gilloise-ont-encore-une-chance\/#breadcrumb","itemListElement":[{"@type":"ListItem","position":1,"name":"Accueil","item":"https:\/\/vieassociative.be\/actualites\/"},{"@type":"ListItem","position":2,"name":"Affrontement ce soir en Ligue des Champions : le FC Bruges et la Saint-Gilloise ont encore une chance"}]},{"@type":"WebSite","@id":"https:\/\/vieassociative.be\/actualites\/#website","url":"https:\/\/vieassociative.be\/actualites\/","name":"Vie Associative","description":"","publisher":{"@id":"https:\/\/vieassociative.be\/actualites\/#organization"},"potentialAction":[{"@type":"SearchAction","target":{"@type":"EntryPoint","urlTemplate":"https:\/\/vieassociative.be\/actualites\/?s={search_term_string}"},"query-input":{"@type":"PropertyValueSpecification","valueRequired":true,"valueName":"search_term_string"}}],"inLanguage":"fr-BE"},{"@type":"Organization","@id":"https:\/\/vieassociative.be\/actualites\/#organization","name":"Vie Associative","url":"https:\/\/vieassociative.be\/actualites\/","logo":{"@type":"ImageObject","inLanguage":"fr-BE","@id":"https:\/\/vieassociative.be\/actualites\/#\/schema\/logo\/image\/","url":"https:\/\/vieassociative.be\/actualites\/wp-content\/uploads\/2024\/09\/cropped-vieassociative_favicon.ico.png","contentUrl":"https:\/\/vieassociative.be\/actualites\/wp-content\/uploads\/2024\/09\/cropped-vieassociative_favicon.ico.png","width":512,"height":512,"caption":"Vie Associative"},"image":{"@id":"https:\/\/vieassociative.be\/actualites\/#\/schema\/logo\/image\/"}},{"@type":"Person","@id":"https:\/\/vieassociative.be\/actualites\/#\/schema\/person\/b87ac4f82f9d4e7b7cec7395b679edc4","name":"Julien","image":{"@type":"ImageObject","inLanguage":"fr-BE","@id":"https:\/\/vieassociative.be\/actualites\/#\/schema\/person\/image\/","url":"https:\/\/vieassociative.be\/actualites\/wp-content\/uploads\/2024\/09\/vie-associative-1-150x150.jpg","contentUrl":"https:\/\/vieassociative.be\/actualites\/wp-content\/uploads\/2024\/09\/vie-associative-1-150x150.jpg","caption":"Julien"},"description":"Je suis Julien, r\u00e9dacteur pour Vie Associative. Passionn\u00e9 par le monde associatif depuis plus de 10 ans, j'ai \u00e0 c\u0153ur de partager des histoires inspirantes et de mettre en lumi\u00e8re les initiatives locales. Mon objectif est de sensibiliser et d'encourager l'engagement communautaire \u00e0 travers mes articles.","sameAs":["https:\/\/vieassociative.be\/"]}]}},"_links":{"self":[{"href":"https:\/\/vieassociative.be\/actualites\/wp-json\/wp\/v2\/posts\/12395"}],"collection":[{"href":"https:\/\/vieassociative.be\/actualites\/wp-json\/wp\/v2\/posts"}],"about":[{"href":"https:\/\/vieassociative.be\/actualites\/wp-json\/wp\/v2\/types\/post"}],"author":[{"embeddable":true,"href":"https:\/\/vieassociative.be\/actualites\/wp-json\/wp\/v2\/users\/1"}],"replies":[{"embeddable":true,"href":"https:\/\/vieassociative.be\/actualites\/wp-json\/wp\/v2\/comments?post=12395"}],"version-history":[{"count":0,"href":"https:\/\/vieassociative.be\/actualites\/wp-json\/wp\/v2\/posts\/12395\/revisions"}],"wp:featuredmedia":[{"embeddable":true,"href":"https:\/\/vieassociative.be\/actualites\/wp-json\/wp\/v2\/media\/12396"}],"wp:attachment":[{"href":"https:\/\/vieassociative.be\/actualites\/wp-json\/wp\/v2\/media?parent=12395"}],"wp:term":[{"taxonomy":"category","embeddable":true,"href":"https:\/\/vieassociative.be\/actualites\/wp-json\/wp\/v2\/categories?post=12395"},{"taxonomy":"post_tag","embeddable":true,"href":"https:\/\/vieassociative.be\/actualites\/wp-json\/wp\/v2\/tags?post=12395"}],"curies":[{"name":"wp","href":"https:\/\/api.w.org\/{rel}","templated":true}]}}