{"id":12392,"date":"2026-01-28T07:17:25","date_gmt":"2026-01-28T06:17:25","guid":{"rendered":"https:\/\/vieassociative.be\/actualites\/las-eupen-avec-une-gueule-de-bois-de-lommel-aujourdhui-contre-lokeren\/"},"modified":"2026-01-28T07:17:25","modified_gmt":"2026-01-28T06:17:25","slug":"las-eupen-avec-une-gueule-de-bois-de-lommel-aujourdhui-contre-lokeren","status":"publish","type":"post","link":"https:\/\/vieassociative.be\/actualites\/las-eupen-avec-une-gueule-de-bois-de-lommel-aujourdhui-contre-lokeren\/","title":{"rendered":"L\u2019AS Eupen avec une \u00ab gueule de bois de Lommel \u00bb aujourd\u2019hui contre Lokeren"},"content":{"rendered":"<p><strong>M\u00eame trois jours apr\u00e8s le match contre le SK Lommel, l&rsquo;entra\u00eeneur et les joueurs de l&rsquo;AS Eupen seront probablement encore alourdis par les arr\u00eats de jeu. Finalement, les Noirs et Blancs menaient 2-1 jusqu&rsquo;\u00e0 la 93e minute, mais durent s&rsquo;avouer vaincus 2-3 au coup de sifflet final.<\/strong><\/p>\n<p><span id=\"more-434783\"><\/span>Trois jours seulement apr\u00e8s la d\u00e9faite 2-3 \u00e0 Lommel, il est fort possible que les joueurs et entra\u00eeneurs de l&rsquo;AS aient encore un peu la gueule de bois. Les Noirs et Blancs menaient 2-1 jusqu&rsquo;\u00e0 la 93e minute, mais encaissaient encore deux buts jusqu&rsquo;au coup de sifflet final. <\/p>\n<p>Il se pourrait bien que les trois points perdus finissent par co\u00fbter \u00e0 AS une place dans le top 6 et donc dans les playoffs de promotion. Ce n\u2019est pas la seule raison pour laquelle il est important que le match de mardi soir soit gagn\u00e9 (20h \/ en direct sur DAZN).<\/p>\n<p>Cependant, ce ne sera pas une chose facile, car les adversaires d&rsquo;aujourd&rsquo;hui n&rsquo;ont pas perdu depuis 12 journ\u00e9es. Le KSC Lokeren a subi sa derni\u00e8re d\u00e9faite le 27 septembre 2025 chez le promu Beerschot. De plus, l&rsquo;AS Eupen n&rsquo;a r\u00e9ussi \u00e0 remporter aucun des trois derniers matches contre Lokeren.<\/p>\n<div id=\"attachment_406788\" class=\"wp-caption alignleft\" style=\"max-width: 300px\"><img fetchpriority=\"high\" decoding=\"async\" class=\"wp-image-406788 size-medium\" src=\"https:\/\/vieassociative.be\/actualites\/wp-content\/uploads\/2026\/01\/LAS-Eupen-avec-une-gueule-de-bois-de-Lommel.jpg\" alt=\"\" width=\"300\" height=\"200\"><\/div>\n<p>L&rsquo;entra\u00eeneur Bruno Pinheiro apportera probablement quelques changements par rapport au match \u00e0 Lommel. La nouvelle recrue Kikas pourrait \u00eatre sur le terrain d\u00e8s le d\u00e9but. Le deuxi\u00e8me nouveau venu, l&rsquo;international qatari Mustafa Tarek Mashaal, n&rsquo;a toujours pas re\u00e7u son titre de s\u00e9jour. L&rsquo;ancien international belge Radja Nainggolan, qui a depuis rejoint le Patro Eisden, n&rsquo;est plus au KSC Lokeren.<\/p>\n<p>Le match aller au stade Daknam de Lokeren s&rsquo;est termin\u00e9 sur un score de 3-3 gr\u00e2ce \u00e0 trois buts de l&rsquo;arri\u00e8re droit de l&rsquo;AS Yentl Van Genechten.<\/p>\n<p>Il reste 12 matchs avant la fin du championnat r\u00e9gulier de Challenger Pro League. Hormis le SK Beveren, dont la promotion est quasiment assur\u00e9e, tout est encore ouvert. M\u00eame la deuxi\u00e8me place, qui semblait depuis longtemps s\u00fbre pour le KV Courtrai, n&rsquo;a pas encore \u00e9t\u00e9 attribu\u00e9e.<\/p>\n<p>Beerschot a connu une longue p\u00e9riode de s\u00e9cheresse. Anvers a perdu cinq de ses six derniers matchs. (cr\u00e9er)<\/p>\n","protected":false},"excerpt":{"rendered":"<p>M\u00eame trois jours apr\u00e8s le match contre le SK Lommel, l&rsquo;entra\u00eeneur et les joueurs de l&rsquo;AS Eupen seront probablement encore alourdis par les arr\u00eats de<\/p>\n","protected":false},"author":1,"featured_media":10234,"comment_status":"","ping_status":"","sticky":false,"template":"","format":"standard","meta":{"footnotes":""},"categories":[298],"tags":[2330,61,2348,796,2329,9874,2353,9875,5102,110],"class_list":["post-12392","post","type-post","status-publish","format-standard","has-post-thumbnail","hentry","category-belgique","tag-aujourdhui","tag-avec","tag-bois","tag-contre","tag-eupen","tag-gueule","tag-las","tag-lokeren","tag-lommel","tag-une","generate-columns","tablet-grid-50","mobile-grid-100","grid-parent","grid-33"],"yoast_head":"<!-- This site is optimized with the Yoast SEO plugin v24.0 - https:\/\/yoast.com\/wordpress\/plugins\/seo\/ -->\n<title>L\u2019AS Eupen avec une \u00ab gueule de bois de Lommel \u00bb aujourd\u2019hui contre Lokeren | Vie Associative<\/title>\n<meta name=\"robots\" content=\"index, follow, max-snippet:-1, max-image-preview:large, max-video-preview:-1\" \/>\n<link rel=\"canonical\" href=\"https:\/\/vieassociative.be\/actualites\/las-eupen-avec-une-gueule-de-bois-de-lommel-aujourdhui-contre-lokeren\/\" \/>\n<meta property=\"og:locale\" content=\"fr_FR\" \/>\n<meta property=\"og:type\" content=\"article\" \/>\n<meta property=\"og:title\" content=\"L\u2019AS Eupen avec une \u00ab gueule de bois de Lommel \u00bb aujourd\u2019hui contre Lokeren | Vie Associative\" \/>\n<meta property=\"og:description\" content=\"M\u00eame trois jours apr\u00e8s le match contre le SK Lommel, l&rsquo;entra\u00eeneur et les joueurs de l&rsquo;AS Eupen seront probablement encore alourdis par les arr\u00eats de\" \/>\n<meta property=\"og:url\" content=\"https:\/\/vieassociative.be\/actualites\/las-eupen-avec-une-gueule-de-bois-de-lommel-aujourdhui-contre-lokeren\/\" \/>\n<meta property=\"og:site_name\" content=\"Vie Associative\" \/>\n<meta property=\"article:published_time\" content=\"2026-01-28T06:17:25+00:00\" \/>\n<meta property=\"og:image\" content=\"https:\/\/vieassociative.be\/actualites\/wp-content\/uploads\/2024\/09\/header_backgroundk-01-e1726694325946.png\" \/>\n\t<meta property=\"og:image:width\" content=\"279\" \/>\n\t<meta property=\"og:image:height\" content=\"92\" \/>\n\t<meta property=\"og:image:type\" content=\"image\/png\" \/>\n<meta name=\"author\" content=\"Julien\" \/>\n<meta name=\"twitter:card\" content=\"summary_large_image\" \/>\n<meta name=\"twitter:label1\" content=\"\u00c9crit par\" \/>\n\t<meta name=\"twitter:data1\" content=\"Julien\" \/>\n\t<meta name=\"twitter:label2\" content=\"Dur\u00e9e de lecture est.\" \/>\n\t<meta name=\"twitter:data2\" content=\"2 minutes\" \/>\n<script type=\"application\/ld+json\" class=\"yoast-schema-graph\">{\"@context\":\"https:\/\/schema.org\",\"@graph\":[{\"@type\":\"Article\",\"@id\":\"https:\/\/vieassociative.be\/actualites\/las-eupen-avec-une-gueule-de-bois-de-lommel-aujourdhui-contre-lokeren\/#article\",\"isPartOf\":{\"@id\":\"https:\/\/vieassociative.be\/actualites\/las-eupen-avec-une-gueule-de-bois-de-lommel-aujourdhui-contre-lokeren\/\"},\"author\":{\"name\":\"Julien\",\"@id\":\"https:\/\/vieassociative.be\/actualites\/#\/schema\/person\/b87ac4f82f9d4e7b7cec7395b679edc4\"},\"headline\":\"L\u2019AS Eupen avec une \u00ab gueule de bois de Lommel \u00bb aujourd\u2019hui contre Lokeren\",\"datePublished\":\"2026-01-28T06:17:25+00:00\",\"dateModified\":\"2026-01-28T06:17:25+00:00\",\"mainEntityOfPage\":{\"@id\":\"https:\/\/vieassociative.be\/actualites\/las-eupen-avec-une-gueule-de-bois-de-lommel-aujourdhui-contre-lokeren\/\"},\"wordCount\":398,\"publisher\":{\"@id\":\"https:\/\/vieassociative.be\/actualites\/#organization\"},\"image\":{\"@id\":\"https:\/\/vieassociative.be\/actualites\/las-eupen-avec-une-gueule-de-bois-de-lommel-aujourdhui-contre-lokeren\/#primaryimage\"},\"thumbnailUrl\":\"https:\/\/vieassociative.be\/actualites\/wp-content\/uploads\/2025\/09\/1758745032_3-3-Spectacle-sans-fin-heureuse-pour-As-Eupen.jpg\",\"keywords\":[\"aujourdhui\",\"avec\",\"bois\",\"contre\",\"Eupen\",\"gueule\",\"lAS\",\"Lokeren\",\"Lommel\",\"une\"],\"articleSection\":[\"Belgique\"],\"inLanguage\":\"fr-BE\"},{\"@type\":\"WebPage\",\"@id\":\"https:\/\/vieassociative.be\/actualites\/las-eupen-avec-une-gueule-de-bois-de-lommel-aujourdhui-contre-lokeren\/\",\"url\":\"https:\/\/vieassociative.be\/actualites\/las-eupen-avec-une-gueule-de-bois-de-lommel-aujourdhui-contre-lokeren\/\",\"name\":\"L\u2019AS Eupen avec une \u00ab gueule de bois de Lommel \u00bb aujourd\u2019hui contre Lokeren | Vie Associative\",\"isPartOf\":{\"@id\":\"https:\/\/vieassociative.be\/actualites\/#website\"},\"primaryImageOfPage\":{\"@id\":\"https:\/\/vieassociative.be\/actualites\/las-eupen-avec-une-gueule-de-bois-de-lommel-aujourdhui-contre-lokeren\/#primaryimage\"},\"image\":{\"@id\":\"https:\/\/vieassociative.be\/actualites\/las-eupen-avec-une-gueule-de-bois-de-lommel-aujourdhui-contre-lokeren\/#primaryimage\"},\"thumbnailUrl\":\"https:\/\/vieassociative.be\/actualites\/wp-content\/uploads\/2025\/09\/1758745032_3-3-Spectacle-sans-fin-heureuse-pour-As-Eupen.jpg\",\"datePublished\":\"2026-01-28T06:17:25+00:00\",\"dateModified\":\"2026-01-28T06:17:25+00:00\",\"breadcrumb\":{\"@id\":\"https:\/\/vieassociative.be\/actualites\/las-eupen-avec-une-gueule-de-bois-de-lommel-aujourdhui-contre-lokeren\/#breadcrumb\"},\"inLanguage\":\"fr-BE\",\"potentialAction\":[{\"@type\":\"ReadAction\",\"target\":[\"https:\/\/vieassociative.be\/actualites\/las-eupen-avec-une-gueule-de-bois-de-lommel-aujourdhui-contre-lokeren\/\"]}]},{\"@type\":\"ImageObject\",\"inLanguage\":\"fr-BE\",\"@id\":\"https:\/\/vieassociative.be\/actualites\/las-eupen-avec-une-gueule-de-bois-de-lommel-aujourdhui-contre-lokeren\/#primaryimage\",\"url\":\"https:\/\/vieassociative.be\/actualites\/wp-content\/uploads\/2025\/09\/1758745032_3-3-Spectacle-sans-fin-heureuse-pour-As-Eupen.jpg\",\"contentUrl\":\"https:\/\/vieassociative.be\/actualites\/wp-content\/uploads\/2025\/09\/1758745032_3-3-Spectacle-sans-fin-heureuse-pour-As-Eupen.jpg\",\"width\":1200,\"height\":800,\"caption\":\"3: 3 - Spectacle sans fin heureuse pour As Eupen - malgr\u00e9 le Pack Triple de Van Genech, pas de victoire \u00e0 Lokerren\"},{\"@type\":\"BreadcrumbList\",\"@id\":\"https:\/\/vieassociative.be\/actualites\/las-eupen-avec-une-gueule-de-bois-de-lommel-aujourdhui-contre-lokeren\/#breadcrumb\",\"itemListElement\":[{\"@type\":\"ListItem\",\"position\":1,\"name\":\"Accueil\",\"item\":\"https:\/\/vieassociative.be\/actualites\/\"},{\"@type\":\"ListItem\",\"position\":2,\"name\":\"L\u2019AS Eupen avec une \u00ab gueule de bois de Lommel \u00bb aujourd\u2019hui contre Lokeren\"}]},{\"@type\":\"WebSite\",\"@id\":\"https:\/\/vieassociative.be\/actualites\/#website\",\"url\":\"https:\/\/vieassociative.be\/actualites\/\",\"name\":\"Vie Associative\",\"description\":\"\",\"publisher\":{\"@id\":\"https:\/\/vieassociative.be\/actualites\/#organization\"},\"potentialAction\":[{\"@type\":\"SearchAction\",\"target\":{\"@type\":\"EntryPoint\",\"urlTemplate\":\"https:\/\/vieassociative.be\/actualites\/?s={search_term_string}\"},\"query-input\":{\"@type\":\"PropertyValueSpecification\",\"valueRequired\":true,\"valueName\":\"search_term_string\"}}],\"inLanguage\":\"fr-BE\"},{\"@type\":\"Organization\",\"@id\":\"https:\/\/vieassociative.be\/actualites\/#organization\",\"name\":\"Vie Associative\",\"url\":\"https:\/\/vieassociative.be\/actualites\/\",\"logo\":{\"@type\":\"ImageObject\",\"inLanguage\":\"fr-BE\",\"@id\":\"https:\/\/vieassociative.be\/actualites\/#\/schema\/logo\/image\/\",\"url\":\"https:\/\/vieassociative.be\/actualites\/wp-content\/uploads\/2024\/09\/cropped-vieassociative_favicon.ico.png\",\"contentUrl\":\"https:\/\/vieassociative.be\/actualites\/wp-content\/uploads\/2024\/09\/cropped-vieassociative_favicon.ico.png\",\"width\":512,\"height\":512,\"caption\":\"Vie Associative\"},\"image\":{\"@id\":\"https:\/\/vieassociative.be\/actualites\/#\/schema\/logo\/image\/\"}},{\"@type\":\"Person\",\"@id\":\"https:\/\/vieassociative.be\/actualites\/#\/schema\/person\/b87ac4f82f9d4e7b7cec7395b679edc4\",\"name\":\"Julien\",\"image\":{\"@type\":\"ImageObject\",\"inLanguage\":\"fr-BE\",\"@id\":\"https:\/\/vieassociative.be\/actualites\/#\/schema\/person\/image\/\",\"url\":\"https:\/\/vieassociative.be\/actualites\/wp-content\/uploads\/2024\/09\/vie-associative-1-150x150.jpg\",\"contentUrl\":\"https:\/\/vieassociative.be\/actualites\/wp-content\/uploads\/2024\/09\/vie-associative-1-150x150.jpg\",\"caption\":\"Julien\"},\"description\":\"Je suis Julien, r\u00e9dacteur pour Vie Associative. Passionn\u00e9 par le monde associatif depuis plus de 10 ans, j'ai \u00e0 c\u0153ur de partager des histoires inspirantes et de mettre en lumi\u00e8re les initiatives locales. Mon objectif est de sensibiliser et d'encourager l'engagement communautaire \u00e0 travers mes articles.\",\"sameAs\":[\"https:\/\/vieassociative.be\/\"]}]}<\/script>\n<!-- \/ Yoast SEO plugin. -->","yoast_head_json":{"title":"L\u2019AS Eupen avec une \u00ab gueule de bois de Lommel \u00bb aujourd\u2019hui contre Lokeren | Vie Associative","robots":{"index":"index","follow":"follow","max-snippet":"max-snippet:-1","max-image-preview":"max-image-preview:large","max-video-preview":"max-video-preview:-1"},"canonical":"https:\/\/vieassociative.be\/actualites\/las-eupen-avec-une-gueule-de-bois-de-lommel-aujourdhui-contre-lokeren\/","og_locale":"fr_FR","og_type":"article","og_title":"L\u2019AS Eupen avec une \u00ab gueule de bois de Lommel \u00bb aujourd\u2019hui contre Lokeren | Vie Associative","og_description":"M\u00eame trois jours apr\u00e8s le match contre le SK Lommel, l&rsquo;entra\u00eeneur et les joueurs de l&rsquo;AS Eupen seront probablement encore alourdis par les arr\u00eats de","og_url":"https:\/\/vieassociative.be\/actualites\/las-eupen-avec-une-gueule-de-bois-de-lommel-aujourdhui-contre-lokeren\/","og_site_name":"Vie Associative","article_published_time":"2026-01-28T06:17:25+00:00","og_image":[{"width":279,"height":92,"url":"https:\/\/vieassociative.be\/actualites\/wp-content\/uploads\/2024\/09\/header_backgroundk-01-e1726694325946.png","type":"image\/png"}],"author":"Julien","twitter_card":"summary_large_image","twitter_misc":{"\u00c9crit par":"Julien","Dur\u00e9e de lecture est.":"2 minutes"},"schema":{"@context":"https:\/\/schema.org","@graph":[{"@type":"Article","@id":"https:\/\/vieassociative.be\/actualites\/las-eupen-avec-une-gueule-de-bois-de-lommel-aujourdhui-contre-lokeren\/#article","isPartOf":{"@id":"https:\/\/vieassociative.be\/actualites\/las-eupen-avec-une-gueule-de-bois-de-lommel-aujourdhui-contre-lokeren\/"},"author":{"name":"Julien","@id":"https:\/\/vieassociative.be\/actualites\/#\/schema\/person\/b87ac4f82f9d4e7b7cec7395b679edc4"},"headline":"L\u2019AS Eupen avec une \u00ab gueule de bois de Lommel \u00bb aujourd\u2019hui contre Lokeren","datePublished":"2026-01-28T06:17:25+00:00","dateModified":"2026-01-28T06:17:25+00:00","mainEntityOfPage":{"@id":"https:\/\/vieassociative.be\/actualites\/las-eupen-avec-une-gueule-de-bois-de-lommel-aujourdhui-contre-lokeren\/"},"wordCount":398,"publisher":{"@id":"https:\/\/vieassociative.be\/actualites\/#organization"},"image":{"@id":"https:\/\/vieassociative.be\/actualites\/las-eupen-avec-une-gueule-de-bois-de-lommel-aujourdhui-contre-lokeren\/#primaryimage"},"thumbnailUrl":"https:\/\/vieassociative.be\/actualites\/wp-content\/uploads\/2025\/09\/1758745032_3-3-Spectacle-sans-fin-heureuse-pour-As-Eupen.jpg","keywords":["aujourdhui","avec","bois","contre","Eupen","gueule","lAS","Lokeren","Lommel","une"],"articleSection":["Belgique"],"inLanguage":"fr-BE"},{"@type":"WebPage","@id":"https:\/\/vieassociative.be\/actualites\/las-eupen-avec-une-gueule-de-bois-de-lommel-aujourdhui-contre-lokeren\/","url":"https:\/\/vieassociative.be\/actualites\/las-eupen-avec-une-gueule-de-bois-de-lommel-aujourdhui-contre-lokeren\/","name":"L\u2019AS Eupen avec une \u00ab gueule de bois de Lommel \u00bb aujourd\u2019hui contre Lokeren | Vie Associative","isPartOf":{"@id":"https:\/\/vieassociative.be\/actualites\/#website"},"primaryImageOfPage":{"@id":"https:\/\/vieassociative.be\/actualites\/las-eupen-avec-une-gueule-de-bois-de-lommel-aujourdhui-contre-lokeren\/#primaryimage"},"image":{"@id":"https:\/\/vieassociative.be\/actualites\/las-eupen-avec-une-gueule-de-bois-de-lommel-aujourdhui-contre-lokeren\/#primaryimage"},"thumbnailUrl":"https:\/\/vieassociative.be\/actualites\/wp-content\/uploads\/2025\/09\/1758745032_3-3-Spectacle-sans-fin-heureuse-pour-As-Eupen.jpg","datePublished":"2026-01-28T06:17:25+00:00","dateModified":"2026-01-28T06:17:25+00:00","breadcrumb":{"@id":"https:\/\/vieassociative.be\/actualites\/las-eupen-avec-une-gueule-de-bois-de-lommel-aujourdhui-contre-lokeren\/#breadcrumb"},"inLanguage":"fr-BE","potentialAction":[{"@type":"ReadAction","target":["https:\/\/vieassociative.be\/actualites\/las-eupen-avec-une-gueule-de-bois-de-lommel-aujourdhui-contre-lokeren\/"]}]},{"@type":"ImageObject","inLanguage":"fr-BE","@id":"https:\/\/vieassociative.be\/actualites\/las-eupen-avec-une-gueule-de-bois-de-lommel-aujourdhui-contre-lokeren\/#primaryimage","url":"https:\/\/vieassociative.be\/actualites\/wp-content\/uploads\/2025\/09\/1758745032_3-3-Spectacle-sans-fin-heureuse-pour-As-Eupen.jpg","contentUrl":"https:\/\/vieassociative.be\/actualites\/wp-content\/uploads\/2025\/09\/1758745032_3-3-Spectacle-sans-fin-heureuse-pour-As-Eupen.jpg","width":1200,"height":800,"caption":"3: 3 - Spectacle sans fin heureuse pour As Eupen - malgr\u00e9 le Pack Triple de Van Genech, pas de victoire \u00e0 Lokerren"},{"@type":"BreadcrumbList","@id":"https:\/\/vieassociative.be\/actualites\/las-eupen-avec-une-gueule-de-bois-de-lommel-aujourdhui-contre-lokeren\/#breadcrumb","itemListElement":[{"@type":"ListItem","position":1,"name":"Accueil","item":"https:\/\/vieassociative.be\/actualites\/"},{"@type":"ListItem","position":2,"name":"L\u2019AS Eupen avec une \u00ab gueule de bois de Lommel \u00bb aujourd\u2019hui contre Lokeren"}]},{"@type":"WebSite","@id":"https:\/\/vieassociative.be\/actualites\/#website","url":"https:\/\/vieassociative.be\/actualites\/","name":"Vie Associative","description":"","publisher":{"@id":"https:\/\/vieassociative.be\/actualites\/#organization"},"potentialAction":[{"@type":"SearchAction","target":{"@type":"EntryPoint","urlTemplate":"https:\/\/vieassociative.be\/actualites\/?s={search_term_string}"},"query-input":{"@type":"PropertyValueSpecification","valueRequired":true,"valueName":"search_term_string"}}],"inLanguage":"fr-BE"},{"@type":"Organization","@id":"https:\/\/vieassociative.be\/actualites\/#organization","name":"Vie Associative","url":"https:\/\/vieassociative.be\/actualites\/","logo":{"@type":"ImageObject","inLanguage":"fr-BE","@id":"https:\/\/vieassociative.be\/actualites\/#\/schema\/logo\/image\/","url":"https:\/\/vieassociative.be\/actualites\/wp-content\/uploads\/2024\/09\/cropped-vieassociative_favicon.ico.png","contentUrl":"https:\/\/vieassociative.be\/actualites\/wp-content\/uploads\/2024\/09\/cropped-vieassociative_favicon.ico.png","width":512,"height":512,"caption":"Vie Associative"},"image":{"@id":"https:\/\/vieassociative.be\/actualites\/#\/schema\/logo\/image\/"}},{"@type":"Person","@id":"https:\/\/vieassociative.be\/actualites\/#\/schema\/person\/b87ac4f82f9d4e7b7cec7395b679edc4","name":"Julien","image":{"@type":"ImageObject","inLanguage":"fr-BE","@id":"https:\/\/vieassociative.be\/actualites\/#\/schema\/person\/image\/","url":"https:\/\/vieassociative.be\/actualites\/wp-content\/uploads\/2024\/09\/vie-associative-1-150x150.jpg","contentUrl":"https:\/\/vieassociative.be\/actualites\/wp-content\/uploads\/2024\/09\/vie-associative-1-150x150.jpg","caption":"Julien"},"description":"Je suis Julien, r\u00e9dacteur pour Vie Associative. Passionn\u00e9 par le monde associatif depuis plus de 10 ans, j'ai \u00e0 c\u0153ur de partager des histoires inspirantes et de mettre en lumi\u00e8re les initiatives locales. Mon objectif est de sensibiliser et d'encourager l'engagement communautaire \u00e0 travers mes articles.","sameAs":["https:\/\/vieassociative.be\/"]}]}},"_links":{"self":[{"href":"https:\/\/vieassociative.be\/actualites\/wp-json\/wp\/v2\/posts\/12392"}],"collection":[{"href":"https:\/\/vieassociative.be\/actualites\/wp-json\/wp\/v2\/posts"}],"about":[{"href":"https:\/\/vieassociative.be\/actualites\/wp-json\/wp\/v2\/types\/post"}],"author":[{"embeddable":true,"href":"https:\/\/vieassociative.be\/actualites\/wp-json\/wp\/v2\/users\/1"}],"replies":[{"embeddable":true,"href":"https:\/\/vieassociative.be\/actualites\/wp-json\/wp\/v2\/comments?post=12392"}],"version-history":[{"count":0,"href":"https:\/\/vieassociative.be\/actualites\/wp-json\/wp\/v2\/posts\/12392\/revisions"}],"wp:featuredmedia":[{"embeddable":true,"href":"https:\/\/vieassociative.be\/actualites\/wp-json\/wp\/v2\/media\/10234"}],"wp:attachment":[{"href":"https:\/\/vieassociative.be\/actualites\/wp-json\/wp\/v2\/media?parent=12392"}],"wp:term":[{"taxonomy":"category","embeddable":true,"href":"https:\/\/vieassociative.be\/actualites\/wp-json\/wp\/v2\/categories?post=12392"},{"taxonomy":"post_tag","embeddable":true,"href":"https:\/\/vieassociative.be\/actualites\/wp-json\/wp\/v2\/tags?post=12392"}],"curies":[{"name":"wp","href":"https:\/\/api.w.org\/{rel}","templated":true}]}}