{"id":12390,"date":"2026-01-28T06:17:30","date_gmt":"2026-01-28T05:17:30","guid":{"rendered":"https:\/\/vieassociative.be\/actualites\/12-emissions-comme-his-hers-que-vous-devriez-regarder-ensuite\/"},"modified":"2026-01-28T06:17:30","modified_gmt":"2026-01-28T05:17:30","slug":"12-emissions-comme-his-hers-que-vous-devriez-regarder-ensuite","status":"publish","type":"post","link":"https:\/\/vieassociative.be\/actualites\/12-emissions-comme-his-hers-que-vous-devriez-regarder-ensuite\/","title":{"rendered":"12 \u00e9missions comme \u00ab His &#038; Hers \u00bb que vous devriez regarder ensuite"},"content":{"rendered":"<p>Nous pouvons gagner une commission sur les liens sur cette page.<\/p>\n<p>Le premier d&rsquo;un trio de thrillers d&rsquo;Alice Feeney adapt\u00e9s en s\u00e9rie en streaming, <em>Le sien et le sien<\/em> est un myst\u00e8re Netflix brillant, vif et, peut-\u00eatre plus important encore, sinueux avec Tessa Thompson et Jon Bernthal. Thompson incarne Annie Andrews, une journaliste chevronn\u00e9e qui d\u00e9cide de remonter sur le cheval lorsqu&rsquo;elle apprend un meurtre dans sa ville natale de G\u00e9orgie. Bernthal est le d\u00e9tective local charg\u00e9 de l&rsquo;affaire et, surprise\u00a0! Il est aussi son ex. <\/p>\n<p><em>Le sien et le sien<\/em> est un grand succ\u00e8s pour Netflix, et un exemple particuli\u00e8rement anim\u00e9 et bingable du formulaire. Si vous cherchez encore la m\u00eame chose apr\u00e8s avoir termin\u00e9 le dernier \u00e9pisode, voici une douzaine d&rsquo;\u00e9missions suppl\u00e9mentaires remplies d&rsquo;intrigues zigzagantes, de familles compliqu\u00e9es et de femmes qui sont bien plus que de simples victimes.<\/p>\n<hr>\n<h2 id=\"the-are-murders-2025\"><em>Les meurtres d&rsquo;\u00c5re<\/em> (2025)<\/h2>\n<div class=\"mx-auto mt-8 w-full max-w-4xl aspect-video\">\n<div id=\"video-container-01KG1ERKQJE3C88TKT98HQ9RMT\"><\/div>\n<\/div>\n<p>Le drame policier scandinave (ou le noir nordique, si vous pr\u00e9f\u00e9rez) est son propre sous-genre, si omnipr\u00e9sent que la s\u00e9rie Disney+ <em>Agatha tout au long<\/em> a fait un \u00e9pisode parodiant le formulaire. Certainement <em>Les meurtres d&rsquo;\u00c5re<\/em> fait valoir que les Su\u00e9dois connaissent le meurtre. Hanna Ahlander, d\u00e9tective au langage clair et troubl\u00e9e (comme dans : sous suspension), quitte Stockholm pour passer un peu de temps \u00e0 se d\u00e9tendre chez sa s\u0153ur dans la r\u00e9gion recul\u00e9e d&rsquo;\u00c5re. Une affaire impliquant une fille disparue la ram\u00e8ne au travail et se retrouve confront\u00e9e au policier local Daniel Lindskog, en qui elle h\u00e9site \u00e0 faire confiance. La dynamique n&rsquo;est pas <em>enti\u00e8rement<\/em> diff\u00e9rent de celui de la journaliste Anna Andrews et de son ex flic dans <em>Le sien et le sien<\/em>. \u00c0 la recherche d\u2019un paysage d\u2019une beaut\u00e9 sombre et d\u2019une moralit\u00e9 ambigu\u00eb ? \u00c5re pourrait \u00eatre l&rsquo;endroit qu&rsquo;il vous faut. <strong>Vous pouvez diffuser <em>Les meurtres d&rsquo;\u00c5re<\/em> sur Netflix<\/strong><strong>.<\/strong><\/p>\n<div class=\"pogoClear mb-12 mt-10 rounded-md border-2 border-gray-100 py-7 shadow-xl md:py-6\">\n<div class=\"flex flex-wrap justify-between px-7 text-black no-underline md:flex-nowrap md:px-8\">\n<div class=\"order-1 mx-auto flex flex-col justify-center md:order-2 md:ml-4 md:w-full md:grow\">\n<div class=\"block cursor-pointer text-center font-akshar text-2xl font-medium leading-7 text-brand-green duration-200 ease-in-out hover:text-brand-green-700 md:text-left md:text-xl md:leading-6\">Les meurtres d&rsquo;\u00c5re (2025)\n                <\/div>\n<div class=\"mt-4 hidden md:flex md:justify-between\">\n<div class=\"self-end\">\n<div class=\"mb-0 h-11 md:flex md:flex-col md:justify-center\">\n<div class=\" font-sans leading-4 text-black\">\n<div class=\"flex flex-wrap items-center justify-center gap-1 md:justify-start\">\n        <span class=\"font-bold\"><\/p>\n<p>                            <span class=\"font-medium\">chez Netflix<\/span><br \/>\n                    <\/span>\n            <\/div>\n<\/p><\/div>\n<\/p><\/div>\n<\/p><\/div>\n<div class=\"w-44 self-end\">\n                            <button class=\"flex justify-center items-center w-full bg-brand-green text-white text-base font-sans font-medium rounded-md hover:bg-brand-green-700 hover:cursor-pointer md:text-sm h-11\"><\/p>\n<p>    Apprendre encore plus<br \/>\n<\/button>\n                        <\/div>\n<\/p><\/div>\n<\/p><\/div>\n<div class=\"order-2 mt-5 h-auto w-full md:order-1 md:mt-0 md:hidden\">\n<div class=\"flex aspect-video items-center justify-center\">\n                                            <img decoding=\"async\" class=\"m-0 max-h-full max-w-full rounded-md\" src=\"https:\/\/vieassociative.be\/actualites\/wp-content\/uploads\/2026\/01\/12-emissions-comme-His-Hers-que-vous.jpg\" alt=\"Les meurtres d'\u00c5re (2025)\" width=\"auto\" height=\"auto\" loading=\"lazy\">\n                                    <\/div>\n<\/p><\/div>\n<div class=\"order-2 ml-2 hidden w-32 shrink-0 items-center md:order-1 md:ml-0 md:flex\">\n<div class=\"flex aspect-video items-center justify-center\">\n                                            <img decoding=\"async\" class=\"m-0 max-h-full max-w-full rounded-md\" src=\"https:\/\/vieassociative.be\/actualites\/wp-content\/uploads\/2026\/01\/12-emissions-comme-His-Hers-que-vous.jpg\" alt=\"Les meurtres d'\u00c5re (2025)\" width=\"auto\" height=\"auto\" loading=\"lazy\">\n                                    <\/div>\n<\/p><\/div>\n<div class=\"order-3 flex grow flex-wrap md:hidden md:grow-0\">\n<div class=\"mt-4 w-full\">\n                        <button class=\"flex justify-center items-center w-full bg-brand-green text-white text-base font-sans font-medium rounded-md hover:bg-brand-green-700 hover:cursor-pointer md:text-sm h-11\"><\/p>\n<p>    Apprendre encore plus<br \/>\n<\/button>\n                    <\/div>\n<div class=\"mx-2 mt-4 w-full\">\n<div class=\" font-sans leading-4 text-black\">\n<div class=\"flex flex-wrap items-center justify-center gap-1 md:justify-start\">\n        <span class=\"font-bold\"><\/p>\n<p>                            <span class=\"font-medium\">chez Netflix<\/span><br \/>\n                    <\/span>\n            <\/div>\n<\/p><\/div>\n<\/p><\/div>\n<\/p><\/div>\n<\/p><\/div>\n<\/div>\n<hr>\n<h2 id=\"sharp-objects-2018\"><em>Objets pointus<\/em> (2018)<\/h2>\n<div class=\"mx-auto mt-8 w-full max-w-4xl aspect-video\">\n<div id=\"video-container-01KG1ERKQMCASNQB1E9652W8QW\"><\/div>\n<\/div>\n<p>Dans cette adaptation du roman de Gillian Flynn, Amy Adams incarne Camille Preaker, une journaliste en difficult\u00e9 souffrant de probl\u00e8mes de toxicomanie et qui vient tout juste de sortir d&rsquo;un h\u00f4pital psychiatrique. Je ne sais pas quelle \u00e9tape du r\u00e9tablissement implique de retourner dans sa ville natale de Wind Gap, dans le Missouri, afin d&rsquo;enqu\u00eater sur le meurtre d&rsquo;une fille et la disparition apparemment li\u00e9e d&rsquo;une autre, le tout sous l&rsquo;\u0153il vigilant et critique de sa m\u00e8re mondaine Adora (Patricia Clarkson). Comme<em> Le sien et le sien<\/em>l\u2019intrigue prend quelques rebondissements. <strong>Flux <em>Objets pointus<\/em> sur HBO Max<\/strong><strong>.<\/strong><\/p>\n<div class=\"pogoClear mb-12 mt-10 rounded-md border-2 border-gray-100 py-7 shadow-xl md:py-6\">\n<div class=\"flex flex-wrap justify-between px-7 text-black no-underline md:flex-nowrap md:px-8\">\n<div class=\"order-1 mx-auto flex flex-col justify-center md:order-2 md:ml-4 md:w-full md:grow\">\n<div class=\"block cursor-pointer text-center font-akshar text-2xl font-medium leading-7 text-brand-green duration-200 ease-in-out hover:text-brand-green-700 md:text-left md:text-xl md:leading-6\">Objets pointus (2018)\n                <\/div>\n<div class=\"mt-4 hidden md:flex md:justify-between\">\n<div class=\"self-end\">\n<div class=\"mb-0 h-11 md:flex md:flex-col md:justify-center\">\n<div class=\" font-sans leading-4 text-black\">\n<div class=\"flex flex-wrap items-center justify-center gap-1 md:justify-start\">\n        <span class=\"font-bold\"><\/p>\n<p>                            <span class=\"font-medium\">chez HBO Max<\/span><br \/>\n                    <\/span>\n            <\/div>\n<\/p><\/div>\n<\/p><\/div>\n<\/p><\/div>\n<div class=\"w-44 self-end\">\n                            <button class=\"flex justify-center items-center w-full bg-brand-green text-white text-base font-sans font-medium rounded-md hover:bg-brand-green-700 hover:cursor-pointer md:text-sm h-11\"><\/p>\n<p>    Apprendre encore plus<br \/>\n<\/button>\n                        <\/div>\n<\/p><\/div>\n<\/p><\/div>\n<div class=\"order-2 mt-5 h-auto w-full md:order-1 md:mt-0 md:hidden\">\n<div class=\"flex aspect-video items-center justify-center\">\n                                            <img decoding=\"async\" class=\"m-0 max-h-full max-w-full rounded-md\" src=\"https:\/\/vieassociative.be\/actualites\/wp-content\/uploads\/2026\/01\/1769577449_277_12-emissions-comme-His-Hers-que-vous.jpg\" alt=\"Objets pointus (2018)\" width=\"auto\" height=\"auto\" loading=\"lazy\">\n                                    <\/div>\n<\/p><\/div>\n<div class=\"order-2 ml-2 hidden w-32 shrink-0 items-center md:order-1 md:ml-0 md:flex\">\n<div class=\"flex aspect-video items-center justify-center\">\n                                            <img decoding=\"async\" class=\"m-0 max-h-full max-w-full rounded-md\" src=\"https:\/\/vieassociative.be\/actualites\/wp-content\/uploads\/2026\/01\/1769577449_277_12-emissions-comme-His-Hers-que-vous.jpg\" alt=\"Objets pointus (2018)\" width=\"auto\" height=\"auto\" loading=\"lazy\">\n                                    <\/div>\n<\/p><\/div>\n<div class=\"order-3 flex grow flex-wrap md:hidden md:grow-0\">\n<div class=\"mt-4 w-full\">\n                        <button class=\"flex justify-center items-center w-full bg-brand-green text-white text-base font-sans font-medium rounded-md hover:bg-brand-green-700 hover:cursor-pointer md:text-sm h-11\"><\/p>\n<p>    Apprendre encore plus<br \/>\n<\/button>\n                    <\/div>\n<div class=\"mx-2 mt-4 w-full\">\n<div class=\" font-sans leading-4 text-black\">\n<div class=\"flex flex-wrap items-center justify-center gap-1 md:justify-start\">\n        <span class=\"font-bold\"><\/p>\n<p>                            <span class=\"font-medium\">chez HBO Max<\/span><br \/>\n                    <\/span>\n            <\/div>\n<\/p><\/div>\n<\/p><\/div>\n<\/p><\/div>\n<\/p><\/div>\n<\/div>\n<hr>\n<h2 id=\"mare-of-easttown-2021\"><em>Jument d&rsquo;Easttown<\/em> (2021)<\/h2>\n<div class=\"mx-auto mt-8 w-full max-w-4xl aspect-video\">\n<div id=\"video-container-01KG1ERKQPMMB7H1JADWDFBXHW\"><\/div>\n<\/div>\n<p>Kate Winslet a remport\u00e9 un Emmy pour sa performance dans le r\u00f4le de Mare Sheehan, une h\u00e9ro\u00efne locale profond\u00e9ment troubl\u00e9e \u00e0 l&rsquo;\u00e9poque o\u00f9 elle \u00e9tait championne de basket-ball au lyc\u00e9e, dont la r\u00e9putation d&rsquo;adulte perd rapidement de son \u00e9clat. En tant que d\u00e9tective de police, elle n&rsquo;a pas r\u00e9ussi \u00e0 r\u00e9soudre le cas d&rsquo;une fille disparue, m\u00eame si elle est confront\u00e9e \u00e0 une m\u00e8re adolescente r\u00e9cemment assassin\u00e9e. Vous ne serez probablement pas surpris de d\u00e9couvrir que les affaires sont li\u00e9es. La rumeur court qu&rsquo;une deuxi\u00e8me saison pourrait \u00eatre en pr\u00e9paration. <strong>Flux <em>Jument d&rsquo;Easttown<\/em> sur HBO Max.<\/strong><\/p>\n<div class=\"pogoClear mb-12 mt-10 rounded-md border-2 border-gray-100 py-7 shadow-xl md:py-6\">\n<div class=\"flex flex-wrap justify-between px-7 text-black no-underline md:flex-nowrap md:px-8\">\n<div class=\"order-1 mx-auto flex flex-col justify-center md:order-2 md:ml-4 md:w-full md:grow\">\n<div class=\"block cursor-pointer text-center font-akshar text-2xl font-medium leading-7 text-brand-green duration-200 ease-in-out hover:text-brand-green-700 md:text-left md:text-xl md:leading-6\">Jument d&rsquo;Easttown (2021)\n                <\/div>\n<div class=\"mt-4 hidden md:flex md:justify-between\">\n<div class=\"self-end\">\n<div class=\"mb-0 h-11 md:flex md:flex-col md:justify-center\">\n<div class=\" font-sans leading-4 text-black\">\n<div class=\"flex flex-wrap items-center justify-center gap-1 md:justify-start\">\n        <span class=\"font-bold\"><\/p>\n<p>                            <span class=\"font-medium\">chez HBO Max<\/span><br \/>\n                    <\/span>\n            <\/div>\n<\/p><\/div>\n<\/p><\/div>\n<\/p><\/div>\n<div class=\"w-44 self-end\">\n                            <button class=\"flex justify-center items-center w-full bg-brand-green text-white text-base font-sans font-medium rounded-md hover:bg-brand-green-700 hover:cursor-pointer md:text-sm h-11\"><\/p>\n<p>    Apprendre encore plus<br \/>\n<\/button>\n                        <\/div>\n<\/p><\/div>\n<\/p><\/div>\n<div class=\"order-2 mt-5 h-auto w-full md:order-1 md:mt-0 md:hidden\">\n<div class=\"flex aspect-video items-center justify-center\">\n                                            <img decoding=\"async\" class=\"m-0 max-h-full max-w-full rounded-md\" src=\"https:\/\/vieassociative.be\/actualites\/wp-content\/uploads\/2026\/01\/1769577449_586_12-emissions-comme-His-Hers-que-vous.jpg\" alt=\"Jument d'Easttown (2021)\" width=\"auto\" height=\"auto\" loading=\"lazy\">\n                                    <\/div>\n<\/p><\/div>\n<div class=\"order-2 ml-2 hidden w-32 shrink-0 items-center md:order-1 md:ml-0 md:flex\">\n<div class=\"flex aspect-video items-center justify-center\">\n                                            <img decoding=\"async\" class=\"m-0 max-h-full max-w-full rounded-md\" src=\"https:\/\/vieassociative.be\/actualites\/wp-content\/uploads\/2026\/01\/1769577449_586_12-emissions-comme-His-Hers-que-vous.jpg\" alt=\"Jument d'Easttown (2021)\" width=\"auto\" height=\"auto\" loading=\"lazy\">\n                                    <\/div>\n<\/p><\/div>\n<div class=\"order-3 flex grow flex-wrap md:hidden md:grow-0\">\n<div class=\"mt-4 w-full\">\n                        <button class=\"flex justify-center items-center w-full bg-brand-green text-white text-base font-sans font-medium rounded-md hover:bg-brand-green-700 hover:cursor-pointer md:text-sm h-11\"><\/p>\n<p>    Apprendre encore plus<br \/>\n<\/button>\n                    <\/div>\n<div class=\"mx-2 mt-4 w-full\">\n<div class=\" font-sans leading-4 text-black\">\n<div class=\"flex flex-wrap items-center justify-center gap-1 md:justify-start\">\n        <span class=\"font-bold\"><\/p>\n<p>                            <span class=\"font-medium\">chez HBO Max<\/span><br \/>\n                    <\/span>\n            <\/div>\n<\/p><\/div>\n<\/p><\/div>\n<\/p><\/div>\n<\/p><\/div>\n<\/div>\n<hr>\n<h2 id=\"the-beast-in-me-2025\"><em>La b\u00eate en moi<\/em> (2025)<\/h2>\n<div class=\"mx-auto mt-8 w-full max-w-4xl aspect-video\">\n<div id=\"video-container-01KG1ERKQQSPV2JA6P4V1YD5PT\"><\/div>\n<\/div>\n<p>Ce thriller \u00e0 rebondissements met en vedette Clare Danes dans le r\u00f4le de la m\u00e8re en deuil et auteure Aggie Wiggs, qui a du mal avec son prochain livre et d\u00e9cide de le concentrer sur sa voisine, accus\u00e9e du meurtre de sa premi\u00e8re femme. Qu&rsquo;est-ce qui pourrait mal se passer ? Matthew Rhys incarne Nile Jarvis, le voisin peut-\u00eatre meurtrier, qui se retrouve pris dans le m\u00e9lange lorsque l&rsquo;histoire d&rsquo;Abbie parle de bien plus qu&rsquo;une simple mort. <strong>Flux <em>La b\u00eate en moi<\/em> sur Netflix<\/strong>. <\/p>\n<div class=\"pogoClear mb-12 mt-10 rounded-md border-2 border-gray-100 py-7 shadow-xl md:py-6\">\n<div class=\"flex flex-wrap justify-between px-7 text-black no-underline md:flex-nowrap md:px-8\">\n<div class=\"order-1 mx-auto flex flex-col justify-center md:order-2 md:ml-4 md:w-full md:grow\">\n<div class=\"block cursor-pointer text-center font-akshar text-2xl font-medium leading-7 text-brand-green duration-200 ease-in-out hover:text-brand-green-700 md:text-left md:text-xl md:leading-6\">La b\u00eate en moi (2025)\n                <\/div>\n<div class=\"mt-4 hidden md:flex md:justify-between\">\n<div class=\"self-end\">\n<div class=\"mb-0 h-11 md:flex md:flex-col md:justify-center\">\n<div class=\" font-sans leading-4 text-black\">\n<div class=\"flex flex-wrap items-center justify-center gap-1 md:justify-start\">\n        <span class=\"font-bold\"><\/p>\n<p>                            <span class=\"font-medium\">chez Netflix<\/span><br \/>\n                    <\/span>\n            <\/div>\n<\/p><\/div>\n<\/p><\/div>\n<\/p><\/div>\n<div class=\"w-44 self-end\">\n                            <button class=\"flex justify-center items-center w-full bg-brand-green text-white text-base font-sans font-medium rounded-md hover:bg-brand-green-700 hover:cursor-pointer md:text-sm h-11\"><\/p>\n<p>    Apprendre encore plus<br \/>\n<\/button>\n                        <\/div>\n<\/p><\/div>\n<\/p><\/div>\n<div class=\"order-2 mt-5 h-auto w-full md:order-1 md:mt-0 md:hidden\">\n<div class=\"flex aspect-video items-center justify-center\">\n                                            <img decoding=\"async\" class=\"m-0 max-h-full max-w-full rounded-md\" src=\"https:\/\/vieassociative.be\/actualites\/wp-content\/uploads\/2026\/01\/1769577449_166_12-emissions-comme-His-Hers-que-vous.jpg\" alt=\"La b\u00eate en moi (2025)\" width=\"auto\" height=\"auto\" loading=\"lazy\">\n                                    <\/div>\n<\/p><\/div>\n<div class=\"order-2 ml-2 hidden w-32 shrink-0 items-center md:order-1 md:ml-0 md:flex\">\n<div class=\"flex aspect-video items-center justify-center\">\n                                            <img decoding=\"async\" class=\"m-0 max-h-full max-w-full rounded-md\" src=\"https:\/\/vieassociative.be\/actualites\/wp-content\/uploads\/2026\/01\/1769577449_166_12-emissions-comme-His-Hers-que-vous.jpg\" alt=\"La b\u00eate en moi (2025)\" width=\"auto\" height=\"auto\" loading=\"lazy\">\n                                    <\/div>\n<\/p><\/div>\n<div class=\"order-3 flex grow flex-wrap md:hidden md:grow-0\">\n<div class=\"mt-4 w-full\">\n                        <button class=\"flex justify-center items-center w-full bg-brand-green text-white text-base font-sans font-medium rounded-md hover:bg-brand-green-700 hover:cursor-pointer md:text-sm h-11\"><\/p>\n<p>    Apprendre encore plus<br \/>\n<\/button>\n                    <\/div>\n<div class=\"mx-2 mt-4 w-full\">\n<div class=\" font-sans leading-4 text-black\">\n<div class=\"flex flex-wrap items-center justify-center gap-1 md:justify-start\">\n        <span class=\"font-bold\"><\/p>\n<p>                            <span class=\"font-medium\">chez Netflix<\/span><br \/>\n                    <\/span>\n            <\/div>\n<\/p><\/div>\n<\/p><\/div>\n<\/p><\/div>\n<\/p><\/div>\n<\/div>\n<hr>\n<h2 id=\"apples-never-fall-2024\"><em>Les pommes ne tombent jamais<\/em> (2024)<\/h2>\n<div class=\"mx-auto mt-8 w-full max-w-4xl aspect-video\">\n<div id=\"video-container-01KG1ERKQSERW26J3TRHB1H214\"><\/div>\n<\/div>\n<p>Les romans de Liane Moriarty ont \u00e9t\u00e9 adapt\u00e9s avec succ\u00e8s dans le pass\u00e9, des s\u00e9ries HBO <em>De gros petits mensonges<\/em> chez Hulu <em>Neuf parfaits inconnus<\/em>. Son travail en g\u00e9n\u00e9ral, et <em>Les pommes ne tombent jamais<\/em> en particulier, se concentre davantage sur le myst\u00e8re que sur les sensations fortes, mais nous sommes l\u00e0 pour ces intrigues tortueuses. Cette mini-s\u00e9rie suit la famille Delaney, dont les quatre fr\u00e8res et s\u0153urs sont contraints d&rsquo;affronter leur sombre histoire familiale suite \u00e0 la disparition de leur m\u00e8re Joy (Annette Benning) \u2013 une disparition dans laquelle leur p\u00e8re Stand (Sam Neill) est une personne d&rsquo;int\u00e9r\u00eat. <strong>Flux <em>Les pommes ne tombent jamais <\/em>sur Paon<\/strong>.<\/p>\n<div class=\"pogoClear mb-12 mt-10 rounded-md border-2 border-gray-100 py-7 shadow-xl md:py-6\">\n<div class=\"flex flex-wrap justify-between px-7 text-black no-underline md:flex-nowrap md:px-8\">\n<div class=\"order-1 mx-auto flex flex-col justify-center md:order-2 md:ml-4 md:w-full md:grow\">\n<div class=\"block cursor-pointer text-center font-akshar text-2xl font-medium leading-7 text-brand-green duration-200 ease-in-out hover:text-brand-green-700 md:text-left md:text-xl md:leading-6\">Les pommes ne tombent jamais (2024)\n                <\/div>\n<div class=\"mt-4 hidden md:flex md:justify-between\">\n<div class=\"self-end\">\n<div class=\"mb-0 h-11 md:flex md:flex-col md:justify-center\">\n<div class=\" font-sans leading-4 text-black\">\n<div class=\"flex flex-wrap items-center justify-center gap-1 md:justify-start\">\n        <span class=\"font-bold\"><\/p>\n<p>                            <span class=\"font-medium\">chez Paon<\/span><br \/>\n                    <\/span>\n            <\/div>\n<\/p><\/div>\n<\/p><\/div>\n<\/p><\/div>\n<div class=\"w-44 self-end\">\n                            <button class=\"flex justify-center items-center w-full bg-brand-green text-white text-base font-sans font-medium rounded-md hover:bg-brand-green-700 hover:cursor-pointer md:text-sm h-11\"><\/p>\n<p>    Apprendre encore plus<br \/>\n<\/button>\n                        <\/div>\n<\/p><\/div>\n<\/p><\/div>\n<div class=\"order-2 mt-5 h-auto w-full md:order-1 md:mt-0 md:hidden\">\n<div class=\"flex aspect-video items-center justify-center\">\n                                            <img decoding=\"async\" class=\"m-0 max-h-full max-w-full rounded-md\" src=\"https:\/\/vieassociative.be\/actualites\/wp-content\/uploads\/2026\/01\/1769577449_974_12-emissions-comme-His-Hers-que-vous.jpg\" alt=\"Les pommes ne tombent jamais (2024)\" width=\"auto\" height=\"auto\" loading=\"lazy\">\n                                    <\/div>\n<\/p><\/div>\n<div class=\"order-2 ml-2 hidden w-32 shrink-0 items-center md:order-1 md:ml-0 md:flex\">\n<div class=\"flex aspect-video items-center justify-center\">\n                                            <img decoding=\"async\" class=\"m-0 max-h-full max-w-full rounded-md\" src=\"https:\/\/vieassociative.be\/actualites\/wp-content\/uploads\/2026\/01\/1769577449_974_12-emissions-comme-His-Hers-que-vous.jpg\" alt=\"Les pommes ne tombent jamais (2024)\" width=\"auto\" height=\"auto\" loading=\"lazy\">\n                                    <\/div>\n<\/p><\/div>\n<div class=\"order-3 flex grow flex-wrap md:hidden md:grow-0\">\n<div class=\"mt-4 w-full\">\n                        <button class=\"flex justify-center items-center w-full bg-brand-green text-white text-base font-sans font-medium rounded-md hover:bg-brand-green-700 hover:cursor-pointer md:text-sm h-11\"><\/p>\n<p>    Apprendre encore plus<br \/>\n<\/button>\n                    <\/div>\n<div class=\"mx-2 mt-4 w-full\">\n<div class=\" font-sans leading-4 text-black\">\n<div class=\"flex flex-wrap items-center justify-center gap-1 md:justify-start\">\n        <span class=\"font-bold\"><\/p>\n<p>                            <span class=\"font-medium\">chez Paon<\/span><br \/>\n                    <\/span>\n            <\/div>\n<\/p><\/div>\n<\/p><\/div>\n<\/p><\/div>\n<\/p><\/div>\n<\/div>\n<hr>\n<h2 id=\"down-cemetery-road-2025\"><em>En bas de la route du cimeti\u00e8re<\/em> (2025 \u2013 )<\/h2>\n<div class=\"mx-auto mt-8 w-full max-w-4xl aspect-video\">\n<div id=\"video-container-01KG1ERKQTTSR9BZ8E8DK9VR7F\"><\/div>\n<\/div>\n<p>Bien qu&rsquo;un peu plus dans le genre espionnage que <em>Le sien et le sien<\/em> (c&rsquo;est tir\u00e9 d&rsquo;une s\u00e9rie de romans de <em>Chevaux lents<\/em> auteur Mick Herron), celui-ci reste un myst\u00e8re fascinant avec en son centre quelques partenaires improbables et mal assortis. Emma Thompson incarne la d\u00e9tective priv\u00e9e Zo\u00eb Boehm, dure \u00e0 vivre et buveuse, embauch\u00e9e par Sarah Trafford de Ruth Wilson, une restauratrice d&rsquo;art mari\u00e9e que personne ne prend tr\u00e8s au s\u00e9rieux (y compris son mari), m\u00eame apr\u00e8s s&rsquo;\u00eatre investie dans le sort d&rsquo;une jeune fille dont la famille est tu\u00e9e dans une explosion de gaz pr\u00e9tendument accidentelle dans la rue. La jeune fille orpheline dispara\u00eet dans le syst\u00e8me, et personne ne semble vraiment s&rsquo;en soucier jusqu&rsquo;\u00e0 ce que Sarah engage Zo\u00eb et son mari pour enqu\u00eater. Les deux femmes se rendent vite compte qu&rsquo;elles sont au-dessus de leurs t\u00eates, alors que la jeune fille disparue souligne une conspiration beaucoup plus vaste. <strong>Flux <em>En bas de la route du cimeti\u00e8re<\/em> sur Apple TV+<\/strong>.<\/p>\n<div class=\"pogoClear mb-12 mt-10 rounded-md border-2 border-gray-100 py-7 shadow-xl md:py-6\">\n<div class=\"flex flex-wrap justify-between px-7 text-black no-underline md:flex-nowrap md:px-8\">\n<div class=\"order-1 mx-auto flex flex-col justify-center md:order-2 md:ml-4 md:w-full md:grow\">\n<div class=\"block cursor-pointer text-center font-akshar text-2xl font-medium leading-7 text-brand-green duration-200 ease-in-out hover:text-brand-green-700 md:text-left md:text-xl md:leading-6\">En bas de la route du cimeti\u00e8re\n                <\/div>\n<div class=\"mt-4 hidden md:flex md:justify-between\">\n<div class=\"self-end\">\n<div class=\"mb-0 h-11 md:flex md:flex-col md:justify-center\">\n<div class=\" font-sans leading-4 text-black\">\n<div class=\"flex flex-wrap items-center justify-center gap-1 md:justify-start\">\n        <span class=\"font-bold\"><\/p>\n<p>                            <span class=\"font-medium\">sur Apple TV+<\/span><br \/>\n                    <\/span>\n            <\/div>\n<\/p><\/div>\n<\/p><\/div>\n<\/p><\/div>\n<div class=\"w-44 self-end\">\n                            <button class=\"flex justify-center items-center w-full bg-brand-green text-white text-base font-sans font-medium rounded-md hover:bg-brand-green-700 hover:cursor-pointer md:text-sm h-11\"><\/p>\n<p>    Apprendre encore plus<br \/>\n<\/button>\n                        <\/div>\n<\/p><\/div>\n<\/p><\/div>\n<div class=\"order-2 mt-5 h-auto w-full md:order-1 md:mt-0 md:hidden\">\n<div class=\"flex aspect-video items-center justify-center\">\n                                            <img decoding=\"async\" class=\"m-0 max-h-full max-w-full rounded-md\" src=\"https:\/\/vieassociative.be\/actualites\/wp-content\/uploads\/2026\/01\/1769577449_990_12-emissions-comme-His-Hers-que-vous.jpg\" alt=\"En bas de la route du cimeti\u00e8re\" width=\"auto\" height=\"auto\" loading=\"lazy\">\n                                    <\/div>\n<\/p><\/div>\n<div class=\"order-2 ml-2 hidden w-32 shrink-0 items-center md:order-1 md:ml-0 md:flex\">\n<div class=\"flex aspect-video items-center justify-center\">\n                                            <img decoding=\"async\" class=\"m-0 max-h-full max-w-full rounded-md\" src=\"https:\/\/vieassociative.be\/actualites\/wp-content\/uploads\/2026\/01\/1769577449_990_12-emissions-comme-His-Hers-que-vous.jpg\" alt=\"En bas de la route du cimeti\u00e8re\" width=\"auto\" height=\"auto\" loading=\"lazy\">\n                                    <\/div>\n<\/p><\/div>\n<div class=\"order-3 flex grow flex-wrap md:hidden md:grow-0\">\n<div class=\"mt-4 w-full\">\n                        <button class=\"flex justify-center items-center w-full bg-brand-green text-white text-base font-sans font-medium rounded-md hover:bg-brand-green-700 hover:cursor-pointer md:text-sm h-11\"><\/p>\n<p>    Apprendre encore plus<br \/>\n<\/button>\n                    <\/div>\n<div class=\"mx-2 mt-4 w-full\">\n<div class=\" font-sans leading-4 text-black\">\n<div class=\"flex flex-wrap items-center justify-center gap-1 md:justify-start\">\n        <span class=\"font-bold\"><\/p>\n<p>                            <span class=\"font-medium\">sur Apple TV+<\/span><br \/>\n                    <\/span>\n            <\/div>\n<\/p><\/div>\n<\/p><\/div>\n<\/p><\/div>\n<\/p><\/div>\n<\/div>\n<hr>\n<h2 id=\"the-crystal-cuckoo-2025\"><em>Le coucou de cristal<\/em> (2025)<\/h2>\n<div class=\"mx-auto mt-8 w-full max-w-4xl aspect-video\">\n<div id=\"video-container-01KG1ERKQVP4N26EC3VJREN0S2\"><\/div>\n<\/div>\n<p>Clara Merlo (Catalina Sopelana) est r\u00e9sidente en m\u00e9decine dans un h\u00f4pital d&rsquo;une grande ville. Un quart de travail, elle s&rsquo;effondre, se r\u00e9veillant des semaines plus tard pour apprendre que son c\u0153ur a \u00e9chou\u00e9 et qu&rsquo;elle a re\u00e7u une greffe. Bien que les donateurs soient anonymes, elle d\u00e9cide qu&rsquo;elle a vraiment besoin de conna\u00eetre la personne avec qui elle se prom\u00e8ne dans le c\u0153ur. C&rsquo;est l\u00e0 que nous entrons dans la question \u00ab\u00a0Qu&rsquo;est-ce qui pourrait mal se passer?\u00a0\u00bb territoire. Elle parvient \u00e0 retracer le don jusqu&rsquo;\u00e0 une famille de la petite ville de Yesques, o\u00f9 elle apprend que le p\u00e8re de son donneur a disparu il y a des ann\u00e9es, tandis que son fr\u00e8re Juan (Alfons Nieto) a rejoint la police. C&rsquo;est une bonne chose aussi : elle aura besoin de son aide lorsqu&rsquo;elle se retrouvera impliqu\u00e9e dans un myst\u00e8re qui remonte \u00e0 deux d\u00e9cennies. <strong>Flux<em> Le coucou de cristal<\/em> sur Netflix<\/strong>. <\/p>\n<div class=\"pogoClear mb-12 mt-10 rounded-md border-2 border-gray-100 py-7 shadow-xl md:py-6\">\n<div class=\"flex flex-wrap justify-between px-7 text-black no-underline md:flex-nowrap md:px-8\">\n<div class=\"order-1 mx-auto flex flex-col justify-center md:order-2 md:ml-4 md:w-full md:grow\">\n<div class=\"block cursor-pointer text-center font-akshar text-2xl font-medium leading-7 text-brand-green duration-200 ease-in-out hover:text-brand-green-700 md:text-left md:text-xl md:leading-6\">Le coucou de cristal (2025)\n                <\/div>\n<div class=\"mt-4 hidden md:flex md:justify-between\">\n<div class=\"self-end\">\n<div class=\"mb-0 h-11 md:flex md:flex-col md:justify-center\">\n<div class=\" font-sans leading-4 text-black\">\n<div class=\"flex flex-wrap items-center justify-center gap-1 md:justify-start\">\n        <span class=\"font-bold\"><\/p>\n<p>                            <span class=\"font-medium\">chez Netflix<\/span><br \/>\n                    <\/span>\n            <\/div>\n<\/p><\/div>\n<\/p><\/div>\n<\/p><\/div>\n<div class=\"w-44 self-end\">\n                            <button class=\"flex justify-center items-center w-full bg-brand-green text-white text-base font-sans font-medium rounded-md hover:bg-brand-green-700 hover:cursor-pointer md:text-sm h-11\"><\/p>\n<p>    Apprendre encore plus<br \/>\n<\/button>\n                        <\/div>\n<\/p><\/div>\n<\/p><\/div>\n<div class=\"order-2 mt-5 h-auto w-full md:order-1 md:mt-0 md:hidden\">\n<div class=\"flex aspect-video items-center justify-center\">\n                                            <img decoding=\"async\" class=\"m-0 max-h-full max-w-full rounded-md\" src=\"https:\/\/vieassociative.be\/actualites\/wp-content\/uploads\/2026\/01\/1769577449_132_12-emissions-comme-His-Hers-que-vous.jpg\" alt=\"Le coucou de cristal (2025)\" width=\"auto\" height=\"auto\" loading=\"lazy\">\n                                    <\/div>\n<\/p><\/div>\n<div class=\"order-2 ml-2 hidden w-32 shrink-0 items-center md:order-1 md:ml-0 md:flex\">\n<div class=\"flex aspect-video items-center justify-center\">\n                                            <img decoding=\"async\" class=\"m-0 max-h-full max-w-full rounded-md\" src=\"https:\/\/vieassociative.be\/actualites\/wp-content\/uploads\/2026\/01\/1769577449_132_12-emissions-comme-His-Hers-que-vous.jpg\" alt=\"Le coucou de cristal (2025)\" width=\"auto\" height=\"auto\" loading=\"lazy\">\n                                    <\/div>\n<\/p><\/div>\n<div class=\"order-3 flex grow flex-wrap md:hidden md:grow-0\">\n<div class=\"mt-4 w-full\">\n                        <button class=\"flex justify-center items-center w-full bg-brand-green text-white text-base font-sans font-medium rounded-md hover:bg-brand-green-700 hover:cursor-pointer md:text-sm h-11\"><\/p>\n<p>    Apprendre encore plus<br \/>\n<\/button>\n                    <\/div>\n<div class=\"mx-2 mt-4 w-full\">\n<div class=\" font-sans leading-4 text-black\">\n<div class=\"flex flex-wrap items-center justify-center gap-1 md:justify-start\">\n        <span class=\"font-bold\"><\/p>\n<p>                            <span class=\"font-medium\">chez Netflix<\/span><br \/>\n                    <\/span>\n            <\/div>\n<\/p><\/div>\n<\/p><\/div>\n<\/p><\/div>\n<\/p><\/div>\n<\/div>\n<hr>\n<h2 id=\"the-last-thing-he-told-me-2023\"><em>La derni\u00e8re chose qu&rsquo;il m&rsquo;a dite<\/em> (2023 \u2013 )<\/h2>\n<div class=\"mx-auto mt-8 w-full max-w-4xl aspect-video\">\n<div id=\"video-container-01KG1ERKQX0NK7APZ2MK71YXKW\"><\/div>\n<\/div>\n<p>La premi\u00e8re saison s&rsquo;est class\u00e9e comme la s\u00e9rie limit\u00e9e la plus regard\u00e9e d&rsquo;Apple, nous en obtenons donc naturellement une seconde, bas\u00e9e sur un autre best-seller de Laura Dave. Jennifer Garner incarne Hannah Hall, une tourneuse sur bois \u00e0 succ\u00e8s (il y en a maintenant une nouvelle dans les thrillers policiers) qui tente de forger un lien avec sa belle-fille afin de l&rsquo;aider \u00e0 r\u00e9soudre le myst\u00e8re de son mari disparu. <strong>Flux <em>La derni\u00e8re chose qu&rsquo;il m&rsquo;a dite<\/em> sur Apple TV+<\/strong>.<\/p>\n<div class=\"pogoClear mb-12 mt-10 rounded-md border-2 border-gray-100 py-7 shadow-xl md:py-6\">\n<div class=\"flex flex-wrap justify-between px-7 text-black no-underline md:flex-nowrap md:px-8\">\n<div class=\"order-1 mx-auto flex flex-col justify-center md:order-2 md:ml-4 md:w-full md:grow\">\n<div class=\"block cursor-pointer text-center font-akshar text-2xl font-medium leading-7 text-brand-green duration-200 ease-in-out hover:text-brand-green-700 md:text-left md:text-xl md:leading-6\">La derni\u00e8re chose qu&rsquo;il m&rsquo;a dite\n                <\/div>\n<div class=\"mt-4 hidden md:flex md:justify-between\">\n<div class=\"self-end\">\n<div class=\"mb-0 h-11 md:flex md:flex-col md:justify-center\">\n<div class=\" font-sans leading-4 text-black\">\n<div class=\"flex flex-wrap items-center justify-center gap-1 md:justify-start\">\n        <span class=\"font-bold\"><\/p>\n<p>                            <span class=\"font-medium\">sur Apple TV+<\/span><br \/>\n                    <\/span>\n            <\/div>\n<\/p><\/div>\n<\/p><\/div>\n<\/p><\/div>\n<div class=\"w-44 self-end\">\n                            <button class=\"flex justify-center items-center w-full bg-brand-green text-white text-base font-sans font-medium rounded-md hover:bg-brand-green-700 hover:cursor-pointer md:text-sm h-11\"><\/p>\n<p>    Apprendre encore plus<br \/>\n<\/button>\n                        <\/div>\n<\/p><\/div>\n<\/p><\/div>\n<div class=\"order-2 mt-5 h-auto w-full md:order-1 md:mt-0 md:hidden\">\n<div class=\"flex aspect-video items-center justify-center\">\n                                            <img decoding=\"async\" class=\"m-0 max-h-full max-w-full rounded-md\" src=\"https:\/\/vieassociative.be\/actualites\/wp-content\/uploads\/2026\/01\/1769577449_526_12-emissions-comme-His-Hers-que-vous.jpg\" alt=\"La derni\u00e8re chose qu'il m'a dite\" width=\"auto\" height=\"auto\" loading=\"lazy\">\n                                    <\/div>\n<\/p><\/div>\n<div class=\"order-2 ml-2 hidden w-32 shrink-0 items-center md:order-1 md:ml-0 md:flex\">\n<div class=\"flex aspect-video items-center justify-center\">\n                                            <img decoding=\"async\" class=\"m-0 max-h-full max-w-full rounded-md\" src=\"https:\/\/vieassociative.be\/actualites\/wp-content\/uploads\/2026\/01\/1769577449_526_12-emissions-comme-His-Hers-que-vous.jpg\" alt=\"La derni\u00e8re chose qu'il m'a dite\" width=\"auto\" height=\"auto\" loading=\"lazy\">\n                                    <\/div>\n<\/p><\/div>\n<div class=\"order-3 flex grow flex-wrap md:hidden md:grow-0\">\n<div class=\"mt-4 w-full\">\n                        <button class=\"flex justify-center items-center w-full bg-brand-green text-white text-base font-sans font-medium rounded-md hover:bg-brand-green-700 hover:cursor-pointer md:text-sm h-11\"><\/p>\n<p>    Apprendre encore plus<br \/>\n<\/button>\n                    <\/div>\n<div class=\"mx-2 mt-4 w-full\">\n<div class=\" font-sans leading-4 text-black\">\n<div class=\"flex flex-wrap items-center justify-center gap-1 md:justify-start\">\n        <span class=\"font-bold\"><\/p>\n<p>                            <span class=\"font-medium\">sur Apple TV+<\/span><br \/>\n                    <\/span>\n            <\/div>\n<\/p><\/div>\n<\/p><\/div>\n<\/p><\/div>\n<\/p><\/div>\n<\/div>\n<hr>\n<h2 id=\"the-frog-2024\"><em>La grenouille<\/em> (2024)<\/h2>\n<div class=\"mx-auto mt-8 w-full max-w-4xl aspect-video\">\n<div id=\"video-container-01KG1ERKQYKDAM8PJCD5QGC2PK\"><\/div>\n<\/div>\n<p>Apr\u00e8s la mort de sa femme, Yeong-ha (Kim Yoon-seok) veut juste vivre une vie tranquille dans la ville isol\u00e9e o\u00f9 il vit \u2013 m\u00eame s&rsquo;il n&rsquo;est m\u00eame pas tr\u00e8s enthousiaste \u00e0 ce sujet. Tout va bien jusqu&rsquo;\u00e0 ce qu&rsquo;une jeune femme se pr\u00e9sente dans le logement d&rsquo;\u00e0 c\u00f4t\u00e9 avec son fils, puis disparaisse brusquement, laissant derri\u00e8re elle des taches de sang et, plus inqui\u00e9tant encore, l&rsquo;enfant. Ce thriller cin\u00e9matographique \u00e0 combustion lente a une structure narrative qui serait un spoiler pour en dire trop, mais y r\u00e9fl\u00e9chir est certainement gratifiant. <strong>Flux <em>La grenouille sur Netflix<\/em>.<\/strong><\/p>\n<div class=\"pogoClear mb-12 mt-10 rounded-md border-2 border-gray-100 py-7 shadow-xl md:py-6\">\n<div class=\"flex flex-wrap justify-between px-7 text-black no-underline md:flex-nowrap md:px-8\">\n<div class=\"order-1 mx-auto flex flex-col justify-center md:order-2 md:ml-4 md:w-full md:grow\">\n<div class=\"block cursor-pointer text-center font-akshar text-2xl font-medium leading-7 text-brand-green duration-200 ease-in-out hover:text-brand-green-700 md:text-left md:text-xl md:leading-6\">La grenouille (2024)\n                <\/div>\n<div class=\"mt-4 hidden md:flex md:justify-between\">\n<div class=\"self-end\">\n<div class=\"mb-0 h-11 md:flex md:flex-col md:justify-center\">\n<div class=\" font-sans leading-4 text-black\">\n<div class=\"flex flex-wrap items-center justify-center gap-1 md:justify-start\">\n        <span class=\"font-bold\"><\/p>\n<p>                            <span class=\"font-medium\">chez Netflix<\/span><br \/>\n                    <\/span>\n            <\/div>\n<\/p><\/div>\n<\/p><\/div>\n<\/p><\/div>\n<div class=\"w-44 self-end\">\n                            <button class=\"flex justify-center items-center w-full bg-brand-green text-white text-base font-sans font-medium rounded-md hover:bg-brand-green-700 hover:cursor-pointer md:text-sm h-11\"><\/p>\n<p>    Apprendre encore plus<br \/>\n<\/button>\n                        <\/div>\n<\/p><\/div>\n<\/p><\/div>\n<div class=\"order-2 mt-5 h-auto w-full md:order-1 md:mt-0 md:hidden\">\n<div class=\"flex aspect-video items-center justify-center\">\n                                            <img decoding=\"async\" class=\"m-0 max-h-full max-w-full rounded-md\" src=\"https:\/\/vieassociative.be\/actualites\/wp-content\/uploads\/2026\/01\/1769577449_957_12-emissions-comme-His-Hers-que-vous.jpg\" alt=\"La grenouille (2024)\" width=\"auto\" height=\"auto\" loading=\"lazy\">\n                                    <\/div>\n<\/p><\/div>\n<div class=\"order-2 ml-2 hidden w-32 shrink-0 items-center md:order-1 md:ml-0 md:flex\">\n<div class=\"flex aspect-video items-center justify-center\">\n                                            <img decoding=\"async\" class=\"m-0 max-h-full max-w-full rounded-md\" src=\"https:\/\/vieassociative.be\/actualites\/wp-content\/uploads\/2026\/01\/1769577449_957_12-emissions-comme-His-Hers-que-vous.jpg\" alt=\"La grenouille (2024)\" width=\"auto\" height=\"auto\" loading=\"lazy\">\n                                    <\/div>\n<\/p><\/div>\n<div class=\"order-3 flex grow flex-wrap md:hidden md:grow-0\">\n<div class=\"mt-4 w-full\">\n                        <button class=\"flex justify-center items-center w-full bg-brand-green text-white text-base font-sans font-medium rounded-md hover:bg-brand-green-700 hover:cursor-pointer md:text-sm h-11\"><\/p>\n<p>    Apprendre encore plus<br \/>\n<\/button>\n                    <\/div>\n<div class=\"mx-2 mt-4 w-full\">\n<div class=\" font-sans leading-4 text-black\">\n<div class=\"flex flex-wrap items-center justify-center gap-1 md:justify-start\">\n        <span class=\"font-bold\"><\/p>\n<p>                            <span class=\"font-medium\">chez Netflix<\/span><br \/>\n                    <\/span>\n            <\/div>\n<\/p><\/div>\n<\/p><\/div>\n<\/p><\/div>\n<\/p><\/div>\n<\/div>\n<hr>\n<h2 id=\"when-no-one-sees-us-2025\"><em>Quand personne ne nous voit<\/em> (2025 \u2013 )<\/h2>\n<div class=\"mx-auto mt-8 w-full max-w-4xl aspect-video\">\n<div id=\"video-container-01KG1ERKQZPA8AJWQ8KG1JNKQC\"><\/div>\n<\/div>\n<p>Un thriller policier original import\u00e9 d&rsquo;Espagne, <em>Quand personne ne nous voit<\/em> met en vedette Mariela Garriga (<em>Mission Impossible\u00a0:\u00a0\u00e0 l&rsquo;estime<\/em>) en tant qu&rsquo;agent sp\u00e9cial cubano-am\u00e9ricain de l&rsquo;arm\u00e9e am\u00e9ricaine, et Maribel Verd\u00fa (<em>Le labyrinthe de Pan<\/em>) en tant que sergent de la Garde civile espagnole aux prises avec une vie familiale complexe. Tous deux enqu\u00eatent sur une mort apparente par suicide violent sur une base a\u00e9rienne pendant la Semaine Sainte. C&rsquo;est un autre myst\u00e8re complexe, mais les performances et l&rsquo;accent mis sur le personnage plut\u00f4t que sur l&rsquo;intrigue en font un personnage remarquable. <strong>Flux <em>Quand personne ne nous voit<\/em> sur HBO Max<\/strong>.<\/p>\n<div class=\"pogoClear mb-12 mt-10 rounded-md border-2 border-gray-100 py-7 shadow-xl md:py-6\">\n<div class=\"flex flex-wrap justify-between px-7 text-black no-underline md:flex-nowrap md:px-8\">\n<div class=\"order-1 mx-auto flex flex-col justify-center md:order-2 md:ml-4 md:w-full md:grow\">\n<div class=\"block cursor-pointer text-center font-akshar text-2xl font-medium leading-7 text-brand-green duration-200 ease-in-out hover:text-brand-green-700 md:text-left md:text-xl md:leading-6\">Quand personne ne nous voit (2025 \u2013)\n                <\/div>\n<div class=\"mt-4 hidden md:flex md:justify-between\">\n<div class=\"self-end\">\n<div class=\"mb-0 h-11 md:flex md:flex-col md:justify-center\">\n<div class=\" font-sans leading-4 text-black\">\n<div class=\"flex flex-wrap items-center justify-center gap-1 md:justify-start\">\n        <span class=\"font-bold\"><\/p>\n<p>                            <span class=\"font-medium\">chez HBO Max<\/span><br \/>\n                    <\/span>\n            <\/div>\n<\/p><\/div>\n<\/p><\/div>\n<\/p><\/div>\n<div class=\"w-44 self-end\">\n                            <button class=\"flex justify-center items-center w-full bg-brand-green text-white text-base font-sans font-medium rounded-md hover:bg-brand-green-700 hover:cursor-pointer md:text-sm h-11\"><\/p>\n<p>    Apprendre encore plus<br \/>\n<\/button>\n                        <\/div>\n<\/p><\/div>\n<\/p><\/div>\n<div class=\"order-2 mt-5 h-auto w-full md:order-1 md:mt-0 md:hidden\">\n<div class=\"flex aspect-video items-center justify-center\">\n                                            <img decoding=\"async\" class=\"m-0 max-h-full max-w-full rounded-md\" src=\"https:\/\/vieassociative.be\/actualites\/wp-content\/uploads\/2026\/01\/1769577449_440_12-emissions-comme-His-Hers-que-vous.jpg\" alt=\"Quand personne ne nous voit (2025 \u2013)\" width=\"auto\" height=\"auto\" loading=\"lazy\">\n                                    <\/div>\n<\/p><\/div>\n<div class=\"order-2 ml-2 hidden w-32 shrink-0 items-center md:order-1 md:ml-0 md:flex\">\n<div class=\"flex aspect-video items-center justify-center\">\n                                            <img decoding=\"async\" class=\"m-0 max-h-full max-w-full rounded-md\" src=\"https:\/\/vieassociative.be\/actualites\/wp-content\/uploads\/2026\/01\/1769577449_440_12-emissions-comme-His-Hers-que-vous.jpg\" alt=\"Quand personne ne nous voit (2025 \u2013)\" width=\"auto\" height=\"auto\" loading=\"lazy\">\n                                    <\/div>\n<\/p><\/div>\n<div class=\"order-3 flex grow flex-wrap md:hidden md:grow-0\">\n<div class=\"mt-4 w-full\">\n                        <button class=\"flex justify-center items-center w-full bg-brand-green text-white text-base font-sans font-medium rounded-md hover:bg-brand-green-700 hover:cursor-pointer md:text-sm h-11\"><\/p>\n<p>    Apprendre encore plus<br \/>\n<\/button>\n                    <\/div>\n<div class=\"mx-2 mt-4 w-full\">\n<div class=\" font-sans leading-4 text-black\">\n<div class=\"flex flex-wrap items-center justify-center gap-1 md:justify-start\">\n        <span class=\"font-bold\"><\/p>\n<p>                            <span class=\"font-medium\">chez HBO Max<\/span><br \/>\n                    <\/span>\n            <\/div>\n<\/p><\/div>\n<\/p><\/div>\n<\/p><\/div>\n<\/p><\/div>\n<\/div>\n<hr>\n<h2 id=\"disclaimer-2024\"><em>Clause de non-responsabilit\u00e9<\/em> (2024)<\/h2>\n<div class=\"mx-auto mt-8 w-full max-w-4xl aspect-video\">\n<div id=\"video-container-01KG1ERKR15CDG6SJQZ5X7Q0YS\"><\/div>\n<\/div>\n<p>Cr\u00e9\u00e9, \u00e9crit et r\u00e9alis\u00e9 par Alfonso Cuar\u00f3n, quatre fois oscaris\u00e9, <em>Clause de non-responsabilit\u00e9<\/em> a un pedigree aussi impressionnant que ce que l\u2019on pourrait esp\u00e9rer sur la t\u00e9l\u00e9vision en streaming. Cate Blanchett et Kevin Kline (tous deux oscaris\u00e9s) jouent aux c\u00f4t\u00e9s de Sacha Baron Cohen et Leila George. Blanchett incarne Catherine Ravenscroft, une journaliste prim\u00e9e qui re\u00e7oit un myst\u00e9rieux manuscrit, un roman dont elle appara\u00eet elle-m\u00eame comme le personnage principal et qui r\u00e9v\u00e8le des secrets de son pass\u00e9 qu&rsquo;elle pensait enfouis depuis longtemps. <strong>Flux <em>Clause de non-responsabilit\u00e9<\/em><\/strong><strong>  sur Apple TV+<\/strong><strong>.<\/strong><\/p>\n<div class=\"pogoClear mb-12 mt-10 rounded-md border-2 border-gray-100 py-7 shadow-xl md:py-6\">\n<div class=\"flex flex-wrap justify-between px-7 text-black no-underline md:flex-nowrap md:px-8\">\n<div class=\"order-1 mx-auto flex flex-col justify-center md:order-2 md:ml-4 md:w-full md:grow\">\n<div class=\"block cursor-pointer text-center font-akshar text-2xl font-medium leading-7 text-brand-green duration-200 ease-in-out hover:text-brand-green-700 md:text-left md:text-xl md:leading-6\">Avis de non-responsabilit\u00e9 (2024)\n                <\/div>\n<div class=\"mt-4 hidden md:flex md:justify-between\">\n<div class=\"self-end\">\n<div class=\"mb-0 h-11 md:flex md:flex-col md:justify-center\">\n<div class=\" font-sans leading-4 text-black\">\n<div class=\"flex flex-wrap items-center justify-center gap-1 md:justify-start\">\n        <span class=\"font-bold\"><\/p>\n<p>                            <span class=\"font-medium\">sur Apple TV+<\/span><br \/>\n                    <\/span>\n            <\/div>\n<\/p><\/div>\n<\/p><\/div>\n<\/p><\/div>\n<div class=\"w-44 self-end\">\n                            <button class=\"flex justify-center items-center w-full bg-brand-green text-white text-base font-sans font-medium rounded-md hover:bg-brand-green-700 hover:cursor-pointer md:text-sm h-11\"><\/p>\n<p>    Apprendre encore plus<br \/>\n<\/button>\n                        <\/div>\n<\/p><\/div>\n<\/p><\/div>\n<div class=\"order-2 mt-5 h-auto w-full md:order-1 md:mt-0 md:hidden\">\n<div class=\"flex aspect-video items-center justify-center\">\n                                            <img decoding=\"async\" class=\"m-0 max-h-full max-w-full rounded-md\" src=\"https:\/\/vieassociative.be\/actualites\/wp-content\/uploads\/2026\/01\/1769577449_135_12-emissions-comme-His-Hers-que-vous.jpg\" alt=\"Avis de non-responsabilit\u00e9 (2024)\" width=\"auto\" height=\"auto\" loading=\"lazy\">\n                                    <\/div>\n<\/p><\/div>\n<div class=\"order-2 ml-2 hidden w-32 shrink-0 items-center md:order-1 md:ml-0 md:flex\">\n<div class=\"flex aspect-video items-center justify-center\">\n                                            <img decoding=\"async\" class=\"m-0 max-h-full max-w-full rounded-md\" src=\"https:\/\/vieassociative.be\/actualites\/wp-content\/uploads\/2026\/01\/1769577449_135_12-emissions-comme-His-Hers-que-vous.jpg\" alt=\"Avis de non-responsabilit\u00e9 (2024)\" width=\"auto\" height=\"auto\" loading=\"lazy\">\n                                    <\/div>\n<\/p><\/div>\n<div class=\"order-3 flex grow flex-wrap md:hidden md:grow-0\">\n<div class=\"mt-4 w-full\">\n                        <button class=\"flex justify-center items-center w-full bg-brand-green text-white text-base font-sans font-medium rounded-md hover:bg-brand-green-700 hover:cursor-pointer md:text-sm h-11\"><\/p>\n<p>    Apprendre encore plus<br \/>\n<\/button>\n                    <\/div>\n<div class=\"mx-2 mt-4 w-full\">\n<div class=\" font-sans leading-4 text-black\">\n<div class=\"flex flex-wrap items-center justify-center gap-1 md:justify-start\">\n        <span class=\"font-bold\"><\/p>\n<p>                            <span class=\"font-medium\">sur Apple TV+<\/span><br \/>\n                    <\/span>\n            <\/div>\n<\/p><\/div>\n<\/p><\/div>\n<\/p><\/div>\n<\/p><\/div>\n<\/div>\n<hr>\n<h2 id=\"true-detective-night-country-2024\"><em>True Detective\u00a0:\u00a0Pays de la nuit<\/em> (2024)<\/h2>\n<div class=\"mx-auto mt-8 w-full max-w-4xl aspect-video\">\n<div id=\"video-container-01KG1ERKR2SJ7CRFF3R0D6TQVG\"><\/div>\n<\/div>\n<p>Il y a quelque chose \u00e0 dire pour chacun des <em>Vrai d\u00e9tective<\/em>c&rsquo;est quatre saisons, mais <em>Pays de nuit<\/em> s&rsquo;\u00e9loigne de l&rsquo;\u00e9nergie en sueur des fr\u00e8res des saisons pr\u00e9c\u00e9dentes pour un myst\u00e8re beaucoup plus glacial impliquant des scientifiques disparus dans une station de recherche pr\u00e8s d&rsquo;une petite ville d&rsquo;Alaska, o\u00f9 l&rsquo;obscurit\u00e9 et le froid sont pratiquement des personnages eux-m\u00eames. Le myst\u00e8re qui en r\u00e9sulte relie la v\u00e9t\u00e9ran chef Liz Danvers (Jodie Foster) et la soldate Evangeline Navarro (Kali Reis), deux femmes au pass\u00e9 compliqu\u00e9 et \u00e0 la vie de famille actuelle foir\u00e9e. La r\u00e9solution de ce myst\u00e8re \u00e9poustouflant a suscit\u00e9 de nombreux d\u00e9bats, mais les performances et le sentiment froid de terreur r\u00e9aliste et magique sont de premier ordre. <strong>Flux <em>True Detective\u00a0:\u00a0Pays de la nuit<\/em> sur HBO Max<\/strong>.<\/p>\n<div class=\"pogoClear mb-12 mt-10 rounded-md border-2 border-gray-100 py-7 shadow-xl md:py-6\">\n<div class=\"flex flex-wrap justify-between px-7 text-black no-underline md:flex-nowrap md:px-8\">\n<div class=\"order-1 mx-auto flex flex-col justify-center md:order-2 md:ml-4 md:w-full md:grow\">\n<div class=\"block cursor-pointer text-center font-akshar text-2xl font-medium leading-7 text-brand-green duration-200 ease-in-out hover:text-brand-green-700 md:text-left md:text-xl md:leading-6\">True Detective\u00a0:\u00a0Pays de la nuit\n                <\/div>\n<div class=\"mt-4 hidden md:flex md:justify-between\">\n<div class=\"self-end\">\n<div class=\"mb-0 h-11 md:flex md:flex-col md:justify-center\">\n<div class=\" font-sans leading-4 text-black\">\n<div class=\"flex flex-wrap items-center justify-center gap-1 md:justify-start\">\n        <span class=\"font-bold\"><\/p>\n<p>                            <span class=\"font-medium\">chez HBO Max<\/span><br \/>\n                    <\/span>\n            <\/div>\n<\/p><\/div>\n<\/p><\/div>\n<\/p><\/div>\n<div class=\"w-44 self-end\">\n                            <button class=\"flex justify-center items-center w-full bg-brand-green text-white text-base font-sans font-medium rounded-md hover:bg-brand-green-700 hover:cursor-pointer md:text-sm h-11\"><\/p>\n<p>    Apprendre encore plus<br \/>\n<\/button>\n                        <\/div>\n<\/p><\/div>\n<\/p><\/div>\n<div class=\"order-2 mt-5 h-auto w-full md:order-1 md:mt-0 md:hidden\">\n<div class=\"flex aspect-video items-center justify-center\">\n                                            <img decoding=\"async\" class=\"m-0 max-h-full max-w-full rounded-md\" src=\"https:\/\/vieassociative.be\/actualites\/wp-content\/uploads\/2026\/01\/1769577450_357_12-emissions-comme-His-Hers-que-vous.jpg\" alt=\"True Detective\u00a0:\u00a0Pays de la nuit\" width=\"auto\" height=\"auto\" loading=\"lazy\">\n                                    <\/div>\n<\/p><\/div>\n<div class=\"order-2 ml-2 hidden w-32 shrink-0 items-center md:order-1 md:ml-0 md:flex\">\n<div class=\"flex aspect-video items-center justify-center\">\n                                            <img decoding=\"async\" class=\"m-0 max-h-full max-w-full rounded-md\" src=\"https:\/\/vieassociative.be\/actualites\/wp-content\/uploads\/2026\/01\/1769577450_357_12-emissions-comme-His-Hers-que-vous.jpg\" alt=\"True Detective\u00a0:\u00a0Pays de la nuit\" width=\"auto\" height=\"auto\" loading=\"lazy\">\n                                    <\/div>\n<\/p><\/div>\n<div class=\"order-3 flex grow flex-wrap md:hidden md:grow-0\">\n<div class=\"mt-4 w-full\">\n                        <button class=\"flex justify-center items-center w-full bg-brand-green text-white text-base font-sans font-medium rounded-md hover:bg-brand-green-700 hover:cursor-pointer md:text-sm h-11\"><\/p>\n<p>    Apprendre encore plus<br \/>\n<\/button>\n                    <\/div>\n<div class=\"mx-2 mt-4 w-full\">\n<div class=\" font-sans leading-4 text-black\">\n<div class=\"flex flex-wrap items-center justify-center gap-1 md:justify-start\">\n        <span class=\"font-bold\"><\/p>\n<p>                            <span class=\"font-medium\">chez HBO Max<\/span><br \/>\n                    <\/span>\n            <\/div>\n<\/p><\/div>\n<\/p><\/div>\n<\/p><\/div>\n<\/p><\/div>\n<\/div>\n","protected":false},"excerpt":{"rendered":"<p>Nous pouvons gagner une commission sur les liens sur cette page. Le premier d&rsquo;un trio de thrillers d&rsquo;Alice Feeney adapt\u00e9s en s\u00e9rie en streaming, Le<\/p>\n","protected":false},"author":1,"featured_media":12391,"comment_status":"","ping_status":"","sticky":false,"template":"","format":"standard","meta":{"footnotes":""},"categories":[1],"tags":[1254,636,1931,4466,1924,4],"class_list":["post-12390","post","type-post","status-publish","format-standard","has-post-thumbnail","hentry","category-non-classe","tag-comme","tag-devriez","tag-emissions","tag-ensuite","tag-regarder","tag-vous","generate-columns","tablet-grid-50","mobile-grid-100","grid-parent","grid-33"],"yoast_head":"<!-- This site is optimized with the Yoast SEO plugin v24.0 - https:\/\/yoast.com\/wordpress\/plugins\/seo\/ -->\n<title>12 \u00e9missions comme \u00ab His &amp; Hers \u00bb que vous devriez regarder ensuite | Vie Associative<\/title>\n<meta name=\"robots\" content=\"index, follow, max-snippet:-1, max-image-preview:large, max-video-preview:-1\" \/>\n<link rel=\"canonical\" href=\"https:\/\/vieassociative.be\/actualites\/12-emissions-comme-his-hers-que-vous-devriez-regarder-ensuite\/\" \/>\n<meta property=\"og:locale\" content=\"fr_FR\" \/>\n<meta property=\"og:type\" content=\"article\" \/>\n<meta property=\"og:title\" content=\"12 \u00e9missions comme \u00ab His &amp; Hers \u00bb que vous devriez regarder ensuite | Vie Associative\" \/>\n<meta property=\"og:description\" content=\"Nous pouvons gagner une commission sur les liens sur cette page. Le premier d&rsquo;un trio de thrillers d&rsquo;Alice Feeney adapt\u00e9s en s\u00e9rie en streaming, Le\" \/>\n<meta property=\"og:url\" content=\"https:\/\/vieassociative.be\/actualites\/12-emissions-comme-his-hers-que-vous-devriez-regarder-ensuite\/\" \/>\n<meta property=\"og:site_name\" content=\"Vie Associative\" \/>\n<meta property=\"article:published_time\" content=\"2026-01-28T05:17:30+00:00\" \/>\n<meta property=\"og:image\" content=\"https:\/\/vieassociative.be\/actualites\/wp-content\/uploads\/2026\/01\/12-emissions-comme-His-Hers-que-vous.jpg\" \/>\n<meta name=\"author\" content=\"Julien\" \/>\n<meta name=\"twitter:card\" content=\"summary_large_image\" \/>\n<meta name=\"twitter:label1\" content=\"\u00c9crit par\" \/>\n\t<meta name=\"twitter:data1\" content=\"Julien\" \/>\n\t<meta name=\"twitter:label2\" content=\"Dur\u00e9e de lecture est.\" \/>\n\t<meta name=\"twitter:data2\" content=\"9 minutes\" \/>\n<script type=\"application\/ld+json\" class=\"yoast-schema-graph\">{\"@context\":\"https:\/\/schema.org\",\"@graph\":[{\"@type\":\"Article\",\"@id\":\"https:\/\/vieassociative.be\/actualites\/12-emissions-comme-his-hers-que-vous-devriez-regarder-ensuite\/#article\",\"isPartOf\":{\"@id\":\"https:\/\/vieassociative.be\/actualites\/12-emissions-comme-his-hers-que-vous-devriez-regarder-ensuite\/\"},\"author\":{\"name\":\"Julien\",\"@id\":\"https:\/\/vieassociative.be\/actualites\/#\/schema\/person\/b87ac4f82f9d4e7b7cec7395b679edc4\"},\"headline\":\"12 \u00e9missions comme \u00ab His &#038; Hers \u00bb que vous devriez regarder ensuite\",\"datePublished\":\"2026-01-28T05:17:30+00:00\",\"dateModified\":\"2026-01-28T05:17:30+00:00\",\"mainEntityOfPage\":{\"@id\":\"https:\/\/vieassociative.be\/actualites\/12-emissions-comme-his-hers-que-vous-devriez-regarder-ensuite\/\"},\"wordCount\":1959,\"publisher\":{\"@id\":\"https:\/\/vieassociative.be\/actualites\/#organization\"},\"image\":{\"@id\":\"https:\/\/vieassociative.be\/actualites\/12-emissions-comme-his-hers-que-vous-devriez-regarder-ensuite\/#primaryimage\"},\"thumbnailUrl\":\"https:\/\/vieassociative.be\/actualites\/wp-content\/uploads\/2026\/01\/1769577451_12-emissions-comme-His-Hers-que-vous.jpg\",\"keywords\":[\"comme\",\"devriez\",\"\u00e9missions\",\"ensuite\",\"regarder\",\"Vous\"],\"inLanguage\":\"fr-BE\"},{\"@type\":\"WebPage\",\"@id\":\"https:\/\/vieassociative.be\/actualites\/12-emissions-comme-his-hers-que-vous-devriez-regarder-ensuite\/\",\"url\":\"https:\/\/vieassociative.be\/actualites\/12-emissions-comme-his-hers-que-vous-devriez-regarder-ensuite\/\",\"name\":\"12 \u00e9missions comme \u00ab His & Hers \u00bb que vous devriez regarder ensuite | Vie Associative\",\"isPartOf\":{\"@id\":\"https:\/\/vieassociative.be\/actualites\/#website\"},\"primaryImageOfPage\":{\"@id\":\"https:\/\/vieassociative.be\/actualites\/12-emissions-comme-his-hers-que-vous-devriez-regarder-ensuite\/#primaryimage\"},\"image\":{\"@id\":\"https:\/\/vieassociative.be\/actualites\/12-emissions-comme-his-hers-que-vous-devriez-regarder-ensuite\/#primaryimage\"},\"thumbnailUrl\":\"https:\/\/vieassociative.be\/actualites\/wp-content\/uploads\/2026\/01\/1769577451_12-emissions-comme-His-Hers-que-vous.jpg\",\"datePublished\":\"2026-01-28T05:17:30+00:00\",\"dateModified\":\"2026-01-28T05:17:30+00:00\",\"breadcrumb\":{\"@id\":\"https:\/\/vieassociative.be\/actualites\/12-emissions-comme-his-hers-que-vous-devriez-regarder-ensuite\/#breadcrumb\"},\"inLanguage\":\"fr-BE\",\"potentialAction\":[{\"@type\":\"ReadAction\",\"target\":[\"https:\/\/vieassociative.be\/actualites\/12-emissions-comme-his-hers-que-vous-devriez-regarder-ensuite\/\"]}]},{\"@type\":\"ImageObject\",\"inLanguage\":\"fr-BE\",\"@id\":\"https:\/\/vieassociative.be\/actualites\/12-emissions-comme-his-hers-que-vous-devriez-regarder-ensuite\/#primaryimage\",\"url\":\"https:\/\/vieassociative.be\/actualites\/wp-content\/uploads\/2026\/01\/1769577451_12-emissions-comme-His-Hers-que-vous.jpg\",\"contentUrl\":\"https:\/\/vieassociative.be\/actualites\/wp-content\/uploads\/2026\/01\/1769577451_12-emissions-comme-His-Hers-que-vous.jpg\",\"width\":1200,\"height\":675,\"caption\":\"12 \u00e9missions comme \u00ab His & Hers \u00bb que vous devriez regarder ensuite\"},{\"@type\":\"BreadcrumbList\",\"@id\":\"https:\/\/vieassociative.be\/actualites\/12-emissions-comme-his-hers-que-vous-devriez-regarder-ensuite\/#breadcrumb\",\"itemListElement\":[{\"@type\":\"ListItem\",\"position\":1,\"name\":\"Accueil\",\"item\":\"https:\/\/vieassociative.be\/actualites\/\"},{\"@type\":\"ListItem\",\"position\":2,\"name\":\"12 \u00e9missions comme \u00ab His &#038; Hers \u00bb que vous devriez regarder ensuite\"}]},{\"@type\":\"WebSite\",\"@id\":\"https:\/\/vieassociative.be\/actualites\/#website\",\"url\":\"https:\/\/vieassociative.be\/actualites\/\",\"name\":\"Vie Associative\",\"description\":\"\",\"publisher\":{\"@id\":\"https:\/\/vieassociative.be\/actualites\/#organization\"},\"potentialAction\":[{\"@type\":\"SearchAction\",\"target\":{\"@type\":\"EntryPoint\",\"urlTemplate\":\"https:\/\/vieassociative.be\/actualites\/?s={search_term_string}\"},\"query-input\":{\"@type\":\"PropertyValueSpecification\",\"valueRequired\":true,\"valueName\":\"search_term_string\"}}],\"inLanguage\":\"fr-BE\"},{\"@type\":\"Organization\",\"@id\":\"https:\/\/vieassociative.be\/actualites\/#organization\",\"name\":\"Vie Associative\",\"url\":\"https:\/\/vieassociative.be\/actualites\/\",\"logo\":{\"@type\":\"ImageObject\",\"inLanguage\":\"fr-BE\",\"@id\":\"https:\/\/vieassociative.be\/actualites\/#\/schema\/logo\/image\/\",\"url\":\"https:\/\/vieassociative.be\/actualites\/wp-content\/uploads\/2024\/09\/cropped-vieassociative_favicon.ico.png\",\"contentUrl\":\"https:\/\/vieassociative.be\/actualites\/wp-content\/uploads\/2024\/09\/cropped-vieassociative_favicon.ico.png\",\"width\":512,\"height\":512,\"caption\":\"Vie Associative\"},\"image\":{\"@id\":\"https:\/\/vieassociative.be\/actualites\/#\/schema\/logo\/image\/\"}},{\"@type\":\"Person\",\"@id\":\"https:\/\/vieassociative.be\/actualites\/#\/schema\/person\/b87ac4f82f9d4e7b7cec7395b679edc4\",\"name\":\"Julien\",\"image\":{\"@type\":\"ImageObject\",\"inLanguage\":\"fr-BE\",\"@id\":\"https:\/\/vieassociative.be\/actualites\/#\/schema\/person\/image\/\",\"url\":\"https:\/\/vieassociative.be\/actualites\/wp-content\/uploads\/2024\/09\/vie-associative-1-150x150.jpg\",\"contentUrl\":\"https:\/\/vieassociative.be\/actualites\/wp-content\/uploads\/2024\/09\/vie-associative-1-150x150.jpg\",\"caption\":\"Julien\"},\"description\":\"Je suis Julien, r\u00e9dacteur pour Vie Associative. Passionn\u00e9 par le monde associatif depuis plus de 10 ans, j'ai \u00e0 c\u0153ur de partager des histoires inspirantes et de mettre en lumi\u00e8re les initiatives locales. Mon objectif est de sensibiliser et d'encourager l'engagement communautaire \u00e0 travers mes articles.\",\"sameAs\":[\"https:\/\/vieassociative.be\/\"]}]}<\/script>\n<!-- \/ Yoast SEO plugin. -->","yoast_head_json":{"title":"12 \u00e9missions comme \u00ab His & Hers \u00bb que vous devriez regarder ensuite | Vie Associative","robots":{"index":"index","follow":"follow","max-snippet":"max-snippet:-1","max-image-preview":"max-image-preview:large","max-video-preview":"max-video-preview:-1"},"canonical":"https:\/\/vieassociative.be\/actualites\/12-emissions-comme-his-hers-que-vous-devriez-regarder-ensuite\/","og_locale":"fr_FR","og_type":"article","og_title":"12 \u00e9missions comme \u00ab His & Hers \u00bb que vous devriez regarder ensuite | Vie Associative","og_description":"Nous pouvons gagner une commission sur les liens sur cette page. Le premier d&rsquo;un trio de thrillers d&rsquo;Alice Feeney adapt\u00e9s en s\u00e9rie en streaming, Le","og_url":"https:\/\/vieassociative.be\/actualites\/12-emissions-comme-his-hers-que-vous-devriez-regarder-ensuite\/","og_site_name":"Vie Associative","article_published_time":"2026-01-28T05:17:30+00:00","og_image":[{"url":"https:\/\/vieassociative.be\/actualites\/wp-content\/uploads\/2026\/01\/12-emissions-comme-His-Hers-que-vous.jpg","type":"","width":"","height":""}],"author":"Julien","twitter_card":"summary_large_image","twitter_misc":{"\u00c9crit par":"Julien","Dur\u00e9e de lecture est.":"9 minutes"},"schema":{"@context":"https:\/\/schema.org","@graph":[{"@type":"Article","@id":"https:\/\/vieassociative.be\/actualites\/12-emissions-comme-his-hers-que-vous-devriez-regarder-ensuite\/#article","isPartOf":{"@id":"https:\/\/vieassociative.be\/actualites\/12-emissions-comme-his-hers-que-vous-devriez-regarder-ensuite\/"},"author":{"name":"Julien","@id":"https:\/\/vieassociative.be\/actualites\/#\/schema\/person\/b87ac4f82f9d4e7b7cec7395b679edc4"},"headline":"12 \u00e9missions comme \u00ab His &#038; Hers \u00bb que vous devriez regarder ensuite","datePublished":"2026-01-28T05:17:30+00:00","dateModified":"2026-01-28T05:17:30+00:00","mainEntityOfPage":{"@id":"https:\/\/vieassociative.be\/actualites\/12-emissions-comme-his-hers-que-vous-devriez-regarder-ensuite\/"},"wordCount":1959,"publisher":{"@id":"https:\/\/vieassociative.be\/actualites\/#organization"},"image":{"@id":"https:\/\/vieassociative.be\/actualites\/12-emissions-comme-his-hers-que-vous-devriez-regarder-ensuite\/#primaryimage"},"thumbnailUrl":"https:\/\/vieassociative.be\/actualites\/wp-content\/uploads\/2026\/01\/1769577451_12-emissions-comme-His-Hers-que-vous.jpg","keywords":["comme","devriez","\u00e9missions","ensuite","regarder","Vous"],"inLanguage":"fr-BE"},{"@type":"WebPage","@id":"https:\/\/vieassociative.be\/actualites\/12-emissions-comme-his-hers-que-vous-devriez-regarder-ensuite\/","url":"https:\/\/vieassociative.be\/actualites\/12-emissions-comme-his-hers-que-vous-devriez-regarder-ensuite\/","name":"12 \u00e9missions comme \u00ab His & Hers \u00bb que vous devriez regarder ensuite | Vie Associative","isPartOf":{"@id":"https:\/\/vieassociative.be\/actualites\/#website"},"primaryImageOfPage":{"@id":"https:\/\/vieassociative.be\/actualites\/12-emissions-comme-his-hers-que-vous-devriez-regarder-ensuite\/#primaryimage"},"image":{"@id":"https:\/\/vieassociative.be\/actualites\/12-emissions-comme-his-hers-que-vous-devriez-regarder-ensuite\/#primaryimage"},"thumbnailUrl":"https:\/\/vieassociative.be\/actualites\/wp-content\/uploads\/2026\/01\/1769577451_12-emissions-comme-His-Hers-que-vous.jpg","datePublished":"2026-01-28T05:17:30+00:00","dateModified":"2026-01-28T05:17:30+00:00","breadcrumb":{"@id":"https:\/\/vieassociative.be\/actualites\/12-emissions-comme-his-hers-que-vous-devriez-regarder-ensuite\/#breadcrumb"},"inLanguage":"fr-BE","potentialAction":[{"@type":"ReadAction","target":["https:\/\/vieassociative.be\/actualites\/12-emissions-comme-his-hers-que-vous-devriez-regarder-ensuite\/"]}]},{"@type":"ImageObject","inLanguage":"fr-BE","@id":"https:\/\/vieassociative.be\/actualites\/12-emissions-comme-his-hers-que-vous-devriez-regarder-ensuite\/#primaryimage","url":"https:\/\/vieassociative.be\/actualites\/wp-content\/uploads\/2026\/01\/1769577451_12-emissions-comme-His-Hers-que-vous.jpg","contentUrl":"https:\/\/vieassociative.be\/actualites\/wp-content\/uploads\/2026\/01\/1769577451_12-emissions-comme-His-Hers-que-vous.jpg","width":1200,"height":675,"caption":"12 \u00e9missions comme \u00ab His & Hers \u00bb que vous devriez regarder ensuite"},{"@type":"BreadcrumbList","@id":"https:\/\/vieassociative.be\/actualites\/12-emissions-comme-his-hers-que-vous-devriez-regarder-ensuite\/#breadcrumb","itemListElement":[{"@type":"ListItem","position":1,"name":"Accueil","item":"https:\/\/vieassociative.be\/actualites\/"},{"@type":"ListItem","position":2,"name":"12 \u00e9missions comme \u00ab His &#038; Hers \u00bb que vous devriez regarder ensuite"}]},{"@type":"WebSite","@id":"https:\/\/vieassociative.be\/actualites\/#website","url":"https:\/\/vieassociative.be\/actualites\/","name":"Vie Associative","description":"","publisher":{"@id":"https:\/\/vieassociative.be\/actualites\/#organization"},"potentialAction":[{"@type":"SearchAction","target":{"@type":"EntryPoint","urlTemplate":"https:\/\/vieassociative.be\/actualites\/?s={search_term_string}"},"query-input":{"@type":"PropertyValueSpecification","valueRequired":true,"valueName":"search_term_string"}}],"inLanguage":"fr-BE"},{"@type":"Organization","@id":"https:\/\/vieassociative.be\/actualites\/#organization","name":"Vie Associative","url":"https:\/\/vieassociative.be\/actualites\/","logo":{"@type":"ImageObject","inLanguage":"fr-BE","@id":"https:\/\/vieassociative.be\/actualites\/#\/schema\/logo\/image\/","url":"https:\/\/vieassociative.be\/actualites\/wp-content\/uploads\/2024\/09\/cropped-vieassociative_favicon.ico.png","contentUrl":"https:\/\/vieassociative.be\/actualites\/wp-content\/uploads\/2024\/09\/cropped-vieassociative_favicon.ico.png","width":512,"height":512,"caption":"Vie Associative"},"image":{"@id":"https:\/\/vieassociative.be\/actualites\/#\/schema\/logo\/image\/"}},{"@type":"Person","@id":"https:\/\/vieassociative.be\/actualites\/#\/schema\/person\/b87ac4f82f9d4e7b7cec7395b679edc4","name":"Julien","image":{"@type":"ImageObject","inLanguage":"fr-BE","@id":"https:\/\/vieassociative.be\/actualites\/#\/schema\/person\/image\/","url":"https:\/\/vieassociative.be\/actualites\/wp-content\/uploads\/2024\/09\/vie-associative-1-150x150.jpg","contentUrl":"https:\/\/vieassociative.be\/actualites\/wp-content\/uploads\/2024\/09\/vie-associative-1-150x150.jpg","caption":"Julien"},"description":"Je suis Julien, r\u00e9dacteur pour Vie Associative. Passionn\u00e9 par le monde associatif depuis plus de 10 ans, j'ai \u00e0 c\u0153ur de partager des histoires inspirantes et de mettre en lumi\u00e8re les initiatives locales. Mon objectif est de sensibiliser et d'encourager l'engagement communautaire \u00e0 travers mes articles.","sameAs":["https:\/\/vieassociative.be\/"]}]}},"_links":{"self":[{"href":"https:\/\/vieassociative.be\/actualites\/wp-json\/wp\/v2\/posts\/12390"}],"collection":[{"href":"https:\/\/vieassociative.be\/actualites\/wp-json\/wp\/v2\/posts"}],"about":[{"href":"https:\/\/vieassociative.be\/actualites\/wp-json\/wp\/v2\/types\/post"}],"author":[{"embeddable":true,"href":"https:\/\/vieassociative.be\/actualites\/wp-json\/wp\/v2\/users\/1"}],"replies":[{"embeddable":true,"href":"https:\/\/vieassociative.be\/actualites\/wp-json\/wp\/v2\/comments?post=12390"}],"version-history":[{"count":0,"href":"https:\/\/vieassociative.be\/actualites\/wp-json\/wp\/v2\/posts\/12390\/revisions"}],"wp:featuredmedia":[{"embeddable":true,"href":"https:\/\/vieassociative.be\/actualites\/wp-json\/wp\/v2\/media\/12391"}],"wp:attachment":[{"href":"https:\/\/vieassociative.be\/actualites\/wp-json\/wp\/v2\/media?parent=12390"}],"wp:term":[{"taxonomy":"category","embeddable":true,"href":"https:\/\/vieassociative.be\/actualites\/wp-json\/wp\/v2\/categories?post=12390"},{"taxonomy":"post_tag","embeddable":true,"href":"https:\/\/vieassociative.be\/actualites\/wp-json\/wp\/v2\/tags?post=12390"}],"curies":[{"name":"wp","href":"https:\/\/api.w.org\/{rel}","templated":true}]}}