{"id":12388,"date":"2026-01-28T01:17:31","date_gmt":"2026-01-28T00:17:31","guid":{"rendered":"https:\/\/vieassociative.be\/actualites\/11-las-eupen-cede-a-nouveau-la-tete-deja-a-cinq-points-de-la-6eme-place-du-classement\/"},"modified":"2026-01-28T01:17:31","modified_gmt":"2026-01-28T00:17:31","slug":"11-las-eupen-cede-a-nouveau-la-tete-deja-a-cinq-points-de-la-6eme-place-du-classement","status":"publish","type":"post","link":"https:\/\/vieassociative.be\/actualites\/11-las-eupen-cede-a-nouveau-la-tete-deja-a-cinq-points-de-la-6eme-place-du-classement\/","title":{"rendered":"1:1 \u2013 L&rsquo;AS Eupen c\u00e8de \u00e0 nouveau la t\u00eate \u2013 d\u00e9j\u00e0 \u00e0 cinq points de la 6\u00e8me place du classement"},"content":{"rendered":"<p><strong>Trois jours apr\u00e8s la douloureuse d\u00e9faite du SK Lommel, l&rsquo;AS Eupen n&rsquo;a pas r\u00e9ussi \u00e0 conserver son avance dans le temps face au KSC Lokeren. Apr\u00e8s avoir men\u00e9 1-0, les Noirs et Blancs ont encore sensiblement ralenti en seconde p\u00e9riode et ont conc\u00e9d\u00e9 l&rsquo;\u00e9galisation pour porter le score \u00e0 1-1.<\/strong><\/p>\n<p><span id=\"more-434810\"><\/span>Pour cette rencontre contre le KSC Lokeren, invaincu depuis 12 matches, l&rsquo;entra\u00eeneur de l&rsquo;AS Bruno Pinheiro a proc\u00e9d\u00e9 \u00e0 quatre changements par rapport au match de Lommel : Hiller est venu pour Nurudeen, Bitumazala pour Delaurier-Choodet, Bokadi pour Plastun et la nouvelle recrue Kikas pour Atteri. Il sera int\u00e9ressant de voir comment se comportera le nouveau venu portugais.<\/p>\n<p>Le onze de d\u00e9part d&rsquo;Eupen : Hiller \u2013 Van Genechten, Paeshuyse, Bokadi, Gavory \u2013 Keita, M\u00f6hwald, Bar\u00e8s, Bitumazala \u2013 Nuhu, Kikas.<\/p>\n<p>Le mauvais temps et les deux d\u00e9faites contre Beveren et \u00e0 Lommel n&rsquo;ont pas vraiment attir\u00e9 les spectateurs au stade Kehrweg.<\/p>\n<div id=\"attachment_422552\" class=\"wp-caption alignnone\" style=\"max-width: 300px\"><img fetchpriority=\"high\" decoding=\"async\" class=\"size-medium wp-image-422552\" src=\"https:\/\/vieassociative.be\/actualites\/wp-content\/uploads\/2025\/08\/1755375449_427_1-1-Comme-Eupen-prouve-le-caractere-et-se.jpg\" alt=\"\" width=\"300\" height=\"200\"  ><\/div>\n<p>Le gardien d&rsquo;Eupen \u00e9tait d\u00e9j\u00e0 interpell\u00e9 d\u00e8s la 6e minute par un tir lointain de Palacios. \u00c0 la 9e minute, Kikas s&rsquo;est montr\u00e9 utile avec un corner de Nuhu. Le nouveau venu portugais a remport\u00e9 le duel de la t\u00eate face \u00e0 sa garde. Le gardien de Lokeren n&rsquo;a pas pu retenir le ballon et la d\u00e9fense de Lokeren n&rsquo;a pas pu le faire sortir de la zone de danger, ce que Van Genechten, t\u00eatu, a profit\u00e9 froidement de la glace pour d\u00e9placer le ballon au-dessus de la ligne de but, 1-0.<\/p>\n<p>Van Genechten, entre autres : le KSC Lokeren semble \u00eatre l&rsquo;adversaire favori du num\u00e9ro 2 d&rsquo;Eupen, puisque l&rsquo;arri\u00e8re droit a marqu\u00e9 les trois buts d&rsquo;Eupen lors du match aller 3-3 \u00e0 Lokeren.<\/p>\n<p>Apr\u00e8s environ 20 minutes, Lokeren a pris le magazine entre ses mains. Les choses deviennent dangereuses pour AS \u00e0 la 28e minute. Heureusement, Gavory a r\u00e9ussi \u00e0 d\u00e9gager un centre pr\u00e9cis dans la surface de r\u00e9paration d&rsquo;Eupen avant qu&rsquo;un joueur de Lokeren ne puisse r\u00e9cup\u00e9rer le ballon.<\/p>\n<div id=\"attachment_418091\" class=\"wp-caption alignleft\" style=\"max-width: 300px\"><img decoding=\"async\" class=\"wp-image-418091 size-medium\" src=\"https:\/\/vieassociative.be\/actualites\/wp-content\/uploads\/2025\/08\/1754770661_504_2-0-Debut-de-la-victoire-pour-As-Eupen-contre-FC.jpg\" alt=\"\" width=\"300\" height=\"200\"><\/div>\n<p>A la 39e minute, M\u00f6hwald a test\u00e9 le gardien de Lokeren Troost apr\u00e8s un corner. Le score restait 1-0 jusqu&rsquo;au coup de sifflet de la mi-temps. Il \u00e9tait important pour AS de ne pas tenter de d\u00e9fendre son avance 1-0, mais de prolonger son avance.<\/p>\n<p>Quelques secondes apr\u00e8s la reprise, Lokeren mena\u00e7ait imm\u00e9diatement le but de Brrou. Peu de temps apr\u00e8s, une erreur flagrante du Bokadi Eupen a failli devenir fatale. A la 57e minute, Bitumazala M\u00f6hwald a parfaitement jou\u00e9, mais l&rsquo;ancien joueur de l&rsquo;Union Berlin n&rsquo;a pas pu profiter de cette belle occasion de but. Le num\u00e9ro 8 d&rsquo;Eupen recevait pr\u00e9cipitamment le ballon qui passait au-dessus du but de Troost.<\/p>\n<p>Eupen \u00e9tait de plus en plus repouss\u00e9 dans sa moiti\u00e9 de terrain, qui prenait sa revanche \u00e0 la 71e minute lorsque Soumar\u00e9 \u00e9galisait pour les visiteurs, 1-1. Comme \u00e0 Lommel, Eupen n&rsquo;avait rien pour contrer les remplacements de joueurs adverses.<\/p>\n<p>Dans la phase finale, Lokeren a mis beaucoup de pression. Hiller devait intervenir \u00e9nergiquement apr\u00e8s un centre de Palacios vers Brrou. Dans les arr\u00eats de jeu, Brrou n&rsquo;a touch\u00e9 que le petit filet. Et puis c\u2019est encore Hiller qui a r\u00e9ussi \u00e0 sauver au moins un point pour AS. <\/p>\n<p>Apr\u00e8s le coup de sifflet final, le public d&rsquo;Eupen a exprim\u00e9 son m\u00e9contentement en sifflant. Gr\u00e2ce au Patro Eisden et au FC L\u00fcttich qui ont remport\u00e9 leurs matchs, Eupen est d\u00e9sormais \u00e0 cinq points de la sixi\u00e8me place du classement. (cr\u00e9er)<\/p>\n","protected":false},"excerpt":{"rendered":"<p>Trois jours apr\u00e8s la douloureuse d\u00e9faite du SK Lommel, l&rsquo;AS Eupen n&rsquo;a pas r\u00e9ussi \u00e0 conserver son avance dans le temps face au KSC Lokeren.<\/p>\n","protected":false},"author":1,"featured_media":12389,"comment_status":"","ping_status":"","sticky":false,"template":"","format":"standard","meta":{"footnotes":""},"categories":[298],"tags":[2334,2596,317,2335,1936,2329,2353,553,204,5876,2699],"class_list":["post-12388","post","type-post","status-publish","format-standard","has-post-thumbnail","hentry","category-belgique","tag-6eme","tag-cede","tag-cinq","tag-classement","tag-deja","tag-eupen","tag-las","tag-nouveau","tag-place","tag-points","tag-tete","generate-columns","tablet-grid-50","mobile-grid-100","grid-parent","grid-33"],"yoast_head":"<!-- This site is optimized with the Yoast SEO plugin v24.0 - https:\/\/yoast.com\/wordpress\/plugins\/seo\/ -->\n<title>1:1 \u2013 L&#039;AS Eupen c\u00e8de \u00e0 nouveau la t\u00eate \u2013 d\u00e9j\u00e0 \u00e0 cinq points de la 6\u00e8me place du classement | Vie Associative<\/title>\n<meta name=\"robots\" content=\"index, follow, max-snippet:-1, max-image-preview:large, max-video-preview:-1\" \/>\n<link rel=\"canonical\" href=\"https:\/\/vieassociative.be\/actualites\/11-las-eupen-cede-a-nouveau-la-tete-deja-a-cinq-points-de-la-6eme-place-du-classement\/\" \/>\n<meta property=\"og:locale\" content=\"fr_FR\" \/>\n<meta property=\"og:type\" content=\"article\" \/>\n<meta property=\"og:title\" content=\"1:1 \u2013 L&#039;AS Eupen c\u00e8de \u00e0 nouveau la t\u00eate \u2013 d\u00e9j\u00e0 \u00e0 cinq points de la 6\u00e8me place du classement | Vie Associative\" \/>\n<meta property=\"og:description\" content=\"Trois jours apr\u00e8s la douloureuse d\u00e9faite du SK Lommel, l&rsquo;AS Eupen n&rsquo;a pas r\u00e9ussi \u00e0 conserver son avance dans le temps face au KSC Lokeren.\" \/>\n<meta property=\"og:url\" content=\"https:\/\/vieassociative.be\/actualites\/11-las-eupen-cede-a-nouveau-la-tete-deja-a-cinq-points-de-la-6eme-place-du-classement\/\" \/>\n<meta property=\"og:site_name\" content=\"Vie Associative\" \/>\n<meta property=\"article:published_time\" content=\"2026-01-28T00:17:31+00:00\" \/>\n<meta property=\"og:image\" content=\"https:\/\/vieassociative.be\/actualites\/wp-content\/uploads\/2024\/09\/header_backgroundk-01-e1726694325946.png\" \/>\n\t<meta property=\"og:image:width\" content=\"279\" \/>\n\t<meta property=\"og:image:height\" content=\"92\" \/>\n\t<meta property=\"og:image:type\" content=\"image\/png\" \/>\n<meta name=\"author\" content=\"Julien\" \/>\n<meta name=\"twitter:card\" content=\"summary_large_image\" \/>\n<meta name=\"twitter:label1\" content=\"\u00c9crit par\" \/>\n\t<meta name=\"twitter:data1\" content=\"Julien\" \/>\n\t<meta name=\"twitter:label2\" content=\"Dur\u00e9e de lecture est.\" \/>\n\t<meta name=\"twitter:data2\" content=\"3 minutes\" \/>\n<script type=\"application\/ld+json\" class=\"yoast-schema-graph\">{\"@context\":\"https:\/\/schema.org\",\"@graph\":[{\"@type\":\"Article\",\"@id\":\"https:\/\/vieassociative.be\/actualites\/11-las-eupen-cede-a-nouveau-la-tete-deja-a-cinq-points-de-la-6eme-place-du-classement\/#article\",\"isPartOf\":{\"@id\":\"https:\/\/vieassociative.be\/actualites\/11-las-eupen-cede-a-nouveau-la-tete-deja-a-cinq-points-de-la-6eme-place-du-classement\/\"},\"author\":{\"name\":\"Julien\",\"@id\":\"https:\/\/vieassociative.be\/actualites\/#\/schema\/person\/b87ac4f82f9d4e7b7cec7395b679edc4\"},\"headline\":\"1:1 \u2013 L&rsquo;AS Eupen c\u00e8de \u00e0 nouveau la t\u00eate \u2013 d\u00e9j\u00e0 \u00e0 cinq points de la 6\u00e8me place du classement\",\"datePublished\":\"2026-01-28T00:17:31+00:00\",\"dateModified\":\"2026-01-28T00:17:31+00:00\",\"mainEntityOfPage\":{\"@id\":\"https:\/\/vieassociative.be\/actualites\/11-las-eupen-cede-a-nouveau-la-tete-deja-a-cinq-points-de-la-6eme-place-du-classement\/\"},\"wordCount\":632,\"publisher\":{\"@id\":\"https:\/\/vieassociative.be\/actualites\/#organization\"},\"image\":{\"@id\":\"https:\/\/vieassociative.be\/actualites\/11-las-eupen-cede-a-nouveau-la-tete-deja-a-cinq-points-de-la-6eme-place-du-classement\/#primaryimage\"},\"thumbnailUrl\":\"https:\/\/vieassociative.be\/actualites\/wp-content\/uploads\/2026\/01\/11-\u2013-LAS-Eupen-cede-a-nouveau-la-tete-\u2013.jpg\",\"keywords\":[\"6\u00e8me\",\"c\u00e8de\",\"Cinq\",\"classement\",\"d\u00e9j\u00e0\",\"Eupen\",\"lAS\",\"nouveau\",\"place\",\"points\",\"t\u00eate\"],\"articleSection\":[\"Belgique\"],\"inLanguage\":\"fr-BE\"},{\"@type\":\"WebPage\",\"@id\":\"https:\/\/vieassociative.be\/actualites\/11-las-eupen-cede-a-nouveau-la-tete-deja-a-cinq-points-de-la-6eme-place-du-classement\/\",\"url\":\"https:\/\/vieassociative.be\/actualites\/11-las-eupen-cede-a-nouveau-la-tete-deja-a-cinq-points-de-la-6eme-place-du-classement\/\",\"name\":\"1:1 \u2013 L'AS Eupen c\u00e8de \u00e0 nouveau la t\u00eate \u2013 d\u00e9j\u00e0 \u00e0 cinq points de la 6\u00e8me place du classement | Vie Associative\",\"isPartOf\":{\"@id\":\"https:\/\/vieassociative.be\/actualites\/#website\"},\"primaryImageOfPage\":{\"@id\":\"https:\/\/vieassociative.be\/actualites\/11-las-eupen-cede-a-nouveau-la-tete-deja-a-cinq-points-de-la-6eme-place-du-classement\/#primaryimage\"},\"image\":{\"@id\":\"https:\/\/vieassociative.be\/actualites\/11-las-eupen-cede-a-nouveau-la-tete-deja-a-cinq-points-de-la-6eme-place-du-classement\/#primaryimage\"},\"thumbnailUrl\":\"https:\/\/vieassociative.be\/actualites\/wp-content\/uploads\/2026\/01\/11-\u2013-LAS-Eupen-cede-a-nouveau-la-tete-\u2013.jpg\",\"datePublished\":\"2026-01-28T00:17:31+00:00\",\"dateModified\":\"2026-01-28T00:17:31+00:00\",\"breadcrumb\":{\"@id\":\"https:\/\/vieassociative.be\/actualites\/11-las-eupen-cede-a-nouveau-la-tete-deja-a-cinq-points-de-la-6eme-place-du-classement\/#breadcrumb\"},\"inLanguage\":\"fr-BE\",\"potentialAction\":[{\"@type\":\"ReadAction\",\"target\":[\"https:\/\/vieassociative.be\/actualites\/11-las-eupen-cede-a-nouveau-la-tete-deja-a-cinq-points-de-la-6eme-place-du-classement\/\"]}]},{\"@type\":\"ImageObject\",\"inLanguage\":\"fr-BE\",\"@id\":\"https:\/\/vieassociative.be\/actualites\/11-las-eupen-cede-a-nouveau-la-tete-deja-a-cinq-points-de-la-6eme-place-du-classement\/#primaryimage\",\"url\":\"https:\/\/vieassociative.be\/actualites\/wp-content\/uploads\/2026\/01\/11-\u2013-LAS-Eupen-cede-a-nouveau-la-tete-\u2013.jpg\",\"contentUrl\":\"https:\/\/vieassociative.be\/actualites\/wp-content\/uploads\/2026\/01\/11-\u2013-LAS-Eupen-cede-a-nouveau-la-tete-\u2013.jpg\",\"width\":1200,\"height\":801,\"caption\":\"1:1 \u2013 L'AS Eupen c\u00e8de \u00e0 nouveau la t\u00eate \u2013 d\u00e9j\u00e0 \u00e0 cinq points de la 6\u00e8me place du classement\"},{\"@type\":\"BreadcrumbList\",\"@id\":\"https:\/\/vieassociative.be\/actualites\/11-las-eupen-cede-a-nouveau-la-tete-deja-a-cinq-points-de-la-6eme-place-du-classement\/#breadcrumb\",\"itemListElement\":[{\"@type\":\"ListItem\",\"position\":1,\"name\":\"Accueil\",\"item\":\"https:\/\/vieassociative.be\/actualites\/\"},{\"@type\":\"ListItem\",\"position\":2,\"name\":\"1:1 \u2013 L&rsquo;AS Eupen c\u00e8de \u00e0 nouveau la t\u00eate \u2013 d\u00e9j\u00e0 \u00e0 cinq points de la 6\u00e8me place du classement\"}]},{\"@type\":\"WebSite\",\"@id\":\"https:\/\/vieassociative.be\/actualites\/#website\",\"url\":\"https:\/\/vieassociative.be\/actualites\/\",\"name\":\"Vie Associative\",\"description\":\"\",\"publisher\":{\"@id\":\"https:\/\/vieassociative.be\/actualites\/#organization\"},\"potentialAction\":[{\"@type\":\"SearchAction\",\"target\":{\"@type\":\"EntryPoint\",\"urlTemplate\":\"https:\/\/vieassociative.be\/actualites\/?s={search_term_string}\"},\"query-input\":{\"@type\":\"PropertyValueSpecification\",\"valueRequired\":true,\"valueName\":\"search_term_string\"}}],\"inLanguage\":\"fr-BE\"},{\"@type\":\"Organization\",\"@id\":\"https:\/\/vieassociative.be\/actualites\/#organization\",\"name\":\"Vie Associative\",\"url\":\"https:\/\/vieassociative.be\/actualites\/\",\"logo\":{\"@type\":\"ImageObject\",\"inLanguage\":\"fr-BE\",\"@id\":\"https:\/\/vieassociative.be\/actualites\/#\/schema\/logo\/image\/\",\"url\":\"https:\/\/vieassociative.be\/actualites\/wp-content\/uploads\/2024\/09\/cropped-vieassociative_favicon.ico.png\",\"contentUrl\":\"https:\/\/vieassociative.be\/actualites\/wp-content\/uploads\/2024\/09\/cropped-vieassociative_favicon.ico.png\",\"width\":512,\"height\":512,\"caption\":\"Vie Associative\"},\"image\":{\"@id\":\"https:\/\/vieassociative.be\/actualites\/#\/schema\/logo\/image\/\"}},{\"@type\":\"Person\",\"@id\":\"https:\/\/vieassociative.be\/actualites\/#\/schema\/person\/b87ac4f82f9d4e7b7cec7395b679edc4\",\"name\":\"Julien\",\"image\":{\"@type\":\"ImageObject\",\"inLanguage\":\"fr-BE\",\"@id\":\"https:\/\/vieassociative.be\/actualites\/#\/schema\/person\/image\/\",\"url\":\"https:\/\/vieassociative.be\/actualites\/wp-content\/uploads\/2024\/09\/vie-associative-1-150x150.jpg\",\"contentUrl\":\"https:\/\/vieassociative.be\/actualites\/wp-content\/uploads\/2024\/09\/vie-associative-1-150x150.jpg\",\"caption\":\"Julien\"},\"description\":\"Je suis Julien, r\u00e9dacteur pour Vie Associative. Passionn\u00e9 par le monde associatif depuis plus de 10 ans, j'ai \u00e0 c\u0153ur de partager des histoires inspirantes et de mettre en lumi\u00e8re les initiatives locales. Mon objectif est de sensibiliser et d'encourager l'engagement communautaire \u00e0 travers mes articles.\",\"sameAs\":[\"https:\/\/vieassociative.be\/\"]}]}<\/script>\n<!-- \/ Yoast SEO plugin. -->","yoast_head_json":{"title":"1:1 \u2013 L'AS Eupen c\u00e8de \u00e0 nouveau la t\u00eate \u2013 d\u00e9j\u00e0 \u00e0 cinq points de la 6\u00e8me place du classement | Vie Associative","robots":{"index":"index","follow":"follow","max-snippet":"max-snippet:-1","max-image-preview":"max-image-preview:large","max-video-preview":"max-video-preview:-1"},"canonical":"https:\/\/vieassociative.be\/actualites\/11-las-eupen-cede-a-nouveau-la-tete-deja-a-cinq-points-de-la-6eme-place-du-classement\/","og_locale":"fr_FR","og_type":"article","og_title":"1:1 \u2013 L'AS Eupen c\u00e8de \u00e0 nouveau la t\u00eate \u2013 d\u00e9j\u00e0 \u00e0 cinq points de la 6\u00e8me place du classement | Vie Associative","og_description":"Trois jours apr\u00e8s la douloureuse d\u00e9faite du SK Lommel, l&rsquo;AS Eupen n&rsquo;a pas r\u00e9ussi \u00e0 conserver son avance dans le temps face au KSC Lokeren.","og_url":"https:\/\/vieassociative.be\/actualites\/11-las-eupen-cede-a-nouveau-la-tete-deja-a-cinq-points-de-la-6eme-place-du-classement\/","og_site_name":"Vie Associative","article_published_time":"2026-01-28T00:17:31+00:00","og_image":[{"width":279,"height":92,"url":"https:\/\/vieassociative.be\/actualites\/wp-content\/uploads\/2024\/09\/header_backgroundk-01-e1726694325946.png","type":"image\/png"}],"author":"Julien","twitter_card":"summary_large_image","twitter_misc":{"\u00c9crit par":"Julien","Dur\u00e9e de lecture est.":"3 minutes"},"schema":{"@context":"https:\/\/schema.org","@graph":[{"@type":"Article","@id":"https:\/\/vieassociative.be\/actualites\/11-las-eupen-cede-a-nouveau-la-tete-deja-a-cinq-points-de-la-6eme-place-du-classement\/#article","isPartOf":{"@id":"https:\/\/vieassociative.be\/actualites\/11-las-eupen-cede-a-nouveau-la-tete-deja-a-cinq-points-de-la-6eme-place-du-classement\/"},"author":{"name":"Julien","@id":"https:\/\/vieassociative.be\/actualites\/#\/schema\/person\/b87ac4f82f9d4e7b7cec7395b679edc4"},"headline":"1:1 \u2013 L&rsquo;AS Eupen c\u00e8de \u00e0 nouveau la t\u00eate \u2013 d\u00e9j\u00e0 \u00e0 cinq points de la 6\u00e8me place du classement","datePublished":"2026-01-28T00:17:31+00:00","dateModified":"2026-01-28T00:17:31+00:00","mainEntityOfPage":{"@id":"https:\/\/vieassociative.be\/actualites\/11-las-eupen-cede-a-nouveau-la-tete-deja-a-cinq-points-de-la-6eme-place-du-classement\/"},"wordCount":632,"publisher":{"@id":"https:\/\/vieassociative.be\/actualites\/#organization"},"image":{"@id":"https:\/\/vieassociative.be\/actualites\/11-las-eupen-cede-a-nouveau-la-tete-deja-a-cinq-points-de-la-6eme-place-du-classement\/#primaryimage"},"thumbnailUrl":"https:\/\/vieassociative.be\/actualites\/wp-content\/uploads\/2026\/01\/11-\u2013-LAS-Eupen-cede-a-nouveau-la-tete-\u2013.jpg","keywords":["6\u00e8me","c\u00e8de","Cinq","classement","d\u00e9j\u00e0","Eupen","lAS","nouveau","place","points","t\u00eate"],"articleSection":["Belgique"],"inLanguage":"fr-BE"},{"@type":"WebPage","@id":"https:\/\/vieassociative.be\/actualites\/11-las-eupen-cede-a-nouveau-la-tete-deja-a-cinq-points-de-la-6eme-place-du-classement\/","url":"https:\/\/vieassociative.be\/actualites\/11-las-eupen-cede-a-nouveau-la-tete-deja-a-cinq-points-de-la-6eme-place-du-classement\/","name":"1:1 \u2013 L'AS Eupen c\u00e8de \u00e0 nouveau la t\u00eate \u2013 d\u00e9j\u00e0 \u00e0 cinq points de la 6\u00e8me place du classement | Vie Associative","isPartOf":{"@id":"https:\/\/vieassociative.be\/actualites\/#website"},"primaryImageOfPage":{"@id":"https:\/\/vieassociative.be\/actualites\/11-las-eupen-cede-a-nouveau-la-tete-deja-a-cinq-points-de-la-6eme-place-du-classement\/#primaryimage"},"image":{"@id":"https:\/\/vieassociative.be\/actualites\/11-las-eupen-cede-a-nouveau-la-tete-deja-a-cinq-points-de-la-6eme-place-du-classement\/#primaryimage"},"thumbnailUrl":"https:\/\/vieassociative.be\/actualites\/wp-content\/uploads\/2026\/01\/11-\u2013-LAS-Eupen-cede-a-nouveau-la-tete-\u2013.jpg","datePublished":"2026-01-28T00:17:31+00:00","dateModified":"2026-01-28T00:17:31+00:00","breadcrumb":{"@id":"https:\/\/vieassociative.be\/actualites\/11-las-eupen-cede-a-nouveau-la-tete-deja-a-cinq-points-de-la-6eme-place-du-classement\/#breadcrumb"},"inLanguage":"fr-BE","potentialAction":[{"@type":"ReadAction","target":["https:\/\/vieassociative.be\/actualites\/11-las-eupen-cede-a-nouveau-la-tete-deja-a-cinq-points-de-la-6eme-place-du-classement\/"]}]},{"@type":"ImageObject","inLanguage":"fr-BE","@id":"https:\/\/vieassociative.be\/actualites\/11-las-eupen-cede-a-nouveau-la-tete-deja-a-cinq-points-de-la-6eme-place-du-classement\/#primaryimage","url":"https:\/\/vieassociative.be\/actualites\/wp-content\/uploads\/2026\/01\/11-\u2013-LAS-Eupen-cede-a-nouveau-la-tete-\u2013.jpg","contentUrl":"https:\/\/vieassociative.be\/actualites\/wp-content\/uploads\/2026\/01\/11-\u2013-LAS-Eupen-cede-a-nouveau-la-tete-\u2013.jpg","width":1200,"height":801,"caption":"1:1 \u2013 L'AS Eupen c\u00e8de \u00e0 nouveau la t\u00eate \u2013 d\u00e9j\u00e0 \u00e0 cinq points de la 6\u00e8me place du classement"},{"@type":"BreadcrumbList","@id":"https:\/\/vieassociative.be\/actualites\/11-las-eupen-cede-a-nouveau-la-tete-deja-a-cinq-points-de-la-6eme-place-du-classement\/#breadcrumb","itemListElement":[{"@type":"ListItem","position":1,"name":"Accueil","item":"https:\/\/vieassociative.be\/actualites\/"},{"@type":"ListItem","position":2,"name":"1:1 \u2013 L&rsquo;AS Eupen c\u00e8de \u00e0 nouveau la t\u00eate \u2013 d\u00e9j\u00e0 \u00e0 cinq points de la 6\u00e8me place du classement"}]},{"@type":"WebSite","@id":"https:\/\/vieassociative.be\/actualites\/#website","url":"https:\/\/vieassociative.be\/actualites\/","name":"Vie Associative","description":"","publisher":{"@id":"https:\/\/vieassociative.be\/actualites\/#organization"},"potentialAction":[{"@type":"SearchAction","target":{"@type":"EntryPoint","urlTemplate":"https:\/\/vieassociative.be\/actualites\/?s={search_term_string}"},"query-input":{"@type":"PropertyValueSpecification","valueRequired":true,"valueName":"search_term_string"}}],"inLanguage":"fr-BE"},{"@type":"Organization","@id":"https:\/\/vieassociative.be\/actualites\/#organization","name":"Vie Associative","url":"https:\/\/vieassociative.be\/actualites\/","logo":{"@type":"ImageObject","inLanguage":"fr-BE","@id":"https:\/\/vieassociative.be\/actualites\/#\/schema\/logo\/image\/","url":"https:\/\/vieassociative.be\/actualites\/wp-content\/uploads\/2024\/09\/cropped-vieassociative_favicon.ico.png","contentUrl":"https:\/\/vieassociative.be\/actualites\/wp-content\/uploads\/2024\/09\/cropped-vieassociative_favicon.ico.png","width":512,"height":512,"caption":"Vie Associative"},"image":{"@id":"https:\/\/vieassociative.be\/actualites\/#\/schema\/logo\/image\/"}},{"@type":"Person","@id":"https:\/\/vieassociative.be\/actualites\/#\/schema\/person\/b87ac4f82f9d4e7b7cec7395b679edc4","name":"Julien","image":{"@type":"ImageObject","inLanguage":"fr-BE","@id":"https:\/\/vieassociative.be\/actualites\/#\/schema\/person\/image\/","url":"https:\/\/vieassociative.be\/actualites\/wp-content\/uploads\/2024\/09\/vie-associative-1-150x150.jpg","contentUrl":"https:\/\/vieassociative.be\/actualites\/wp-content\/uploads\/2024\/09\/vie-associative-1-150x150.jpg","caption":"Julien"},"description":"Je suis Julien, r\u00e9dacteur pour Vie Associative. Passionn\u00e9 par le monde associatif depuis plus de 10 ans, j'ai \u00e0 c\u0153ur de partager des histoires inspirantes et de mettre en lumi\u00e8re les initiatives locales. Mon objectif est de sensibiliser et d'encourager l'engagement communautaire \u00e0 travers mes articles.","sameAs":["https:\/\/vieassociative.be\/"]}]}},"_links":{"self":[{"href":"https:\/\/vieassociative.be\/actualites\/wp-json\/wp\/v2\/posts\/12388"}],"collection":[{"href":"https:\/\/vieassociative.be\/actualites\/wp-json\/wp\/v2\/posts"}],"about":[{"href":"https:\/\/vieassociative.be\/actualites\/wp-json\/wp\/v2\/types\/post"}],"author":[{"embeddable":true,"href":"https:\/\/vieassociative.be\/actualites\/wp-json\/wp\/v2\/users\/1"}],"replies":[{"embeddable":true,"href":"https:\/\/vieassociative.be\/actualites\/wp-json\/wp\/v2\/comments?post=12388"}],"version-history":[{"count":0,"href":"https:\/\/vieassociative.be\/actualites\/wp-json\/wp\/v2\/posts\/12388\/revisions"}],"wp:featuredmedia":[{"embeddable":true,"href":"https:\/\/vieassociative.be\/actualites\/wp-json\/wp\/v2\/media\/12389"}],"wp:attachment":[{"href":"https:\/\/vieassociative.be\/actualites\/wp-json\/wp\/v2\/media?parent=12388"}],"wp:term":[{"taxonomy":"category","embeddable":true,"href":"https:\/\/vieassociative.be\/actualites\/wp-json\/wp\/v2\/categories?post=12388"},{"taxonomy":"post_tag","embeddable":true,"href":"https:\/\/vieassociative.be\/actualites\/wp-json\/wp\/v2\/tags?post=12388"}],"curies":[{"name":"wp","href":"https:\/\/api.w.org\/{rel}","templated":true}]}}