{"id":12382,"date":"2026-01-27T18:17:23","date_gmt":"2026-01-27T17:17:23","guid":{"rendered":"https:\/\/vieassociative.be\/actualites\/ce-pack-de-quatre-cameras-de-securite-eufy-est-en-vente-au-prix-de-180\/"},"modified":"2026-01-27T18:17:23","modified_gmt":"2026-01-27T17:17:23","slug":"ce-pack-de-quatre-cameras-de-securite-eufy-est-en-vente-au-prix-de-180","status":"publish","type":"post","link":"https:\/\/vieassociative.be\/actualites\/ce-pack-de-quatre-cameras-de-securite-eufy-est-en-vente-au-prix-de-180\/","title":{"rendered":"Ce pack de quatre cam\u00e9ras de s\u00e9curit\u00e9 Eufy est en vente au prix de 180 $"},"content":{"rendered":"<p>Nous pouvons gagner une commission sur les liens sur cette page. Les prix et la disponibilit\u00e9 de l&rsquo;offre sont sujets \u00e0 changement apr\u00e8s la publication.<\/p>\n<p>Les configurations de s\u00e9curit\u00e9 \u00e0 domicile ont tendance \u00e0 devenir rapidement co\u00fbteuses, surtout lorsque vous essayez de couvrir plus que la porte d&rsquo;entr\u00e9e. C\u2019est ce qui rend l\u2019accord actuel sur le pack de 4 cam\u00e9ras Eufy Security SoloCam S220 int\u00e9ressant \u00e0 consid\u00e9rer. Il est actuellement tomb\u00e9 \u00e0 179,99 $ sur Amazon, soit une forte baisse par rapport \u00e0 son prix habituel de 399,99 $ et son prix le plus bas jamais vu, selon les trackers de prix. \u00c0 environ 45 $ par cam\u00e9ra, vous b\u00e9n\u00e9ficiez d&rsquo;une couverture compl\u00e8te du p\u00e9rim\u00e8tre pour un prix inf\u00e9rieur au co\u00fbt d&rsquo;une seule cam\u00e9ra haut de gamme de certains concurrents, ce qui en fait une valeur solide pour quiconque essaie de garder un \u0153il sur plusieurs points d&rsquo;entr\u00e9e.<\/p>\n<div class=\"pogoClear mb-12 mt-10 rounded-md border-2 border-gray-100 py-7 shadow-xl md:py-6\">\n<div class=\"flex flex-wrap justify-between px-7 text-black no-underline md:flex-nowrap md:px-8\">\n<div class=\"order-1 mx-auto flex flex-col justify-center md:order-2 md:ml-4 md:w-full md:grow\">\n<div class=\"block cursor-pointer text-center font-akshar text-2xl font-medium leading-7 text-brand-green duration-200 ease-in-out hover:text-brand-green-700 md:text-left md:text-xl md:leading-6\">Cam\u00e9ra de s\u00e9curit\u00e9 solaire Eufy Security S220 SoloCam (paquet de 4)\n                <\/div>\n<div class=\"mt-4 hidden md:flex md:justify-between\">\n<div class=\"self-end\">\n<div class=\"mb-0 h-11 md:flex md:flex-col md:justify-center\">\n<div class=\" font-sans leading-4 text-black\">\n<div class=\"flex flex-wrap items-center justify-center gap-1 md:justify-start\">\n        <span class=\"font-bold\"><\/p>\n<p>            179,99\u00a0$<br \/>\n                            <span class=\"font-medium\">chez Amazon<\/span><br \/>\n                    <\/span>\n            <\/div>\n<div class=\"flex items-center justify-center gap-x-1 font-bold md:justify-start\">\n            <span class=\"text-sm line-through\">399,99\u00a0$<\/span><br \/>\n            <span class=\"text-sm text-brand-green\">\u00c9conomisez 220,00\u00a0$<\/span>\n        <\/div>\n<\/p><\/div>\n<\/p><\/div>\n<\/p><\/div>\n<div class=\"w-44 self-end\">\n                            <button class=\"flex justify-center items-center w-full bg-brand-green text-white text-base font-sans font-medium rounded-md hover:bg-brand-green-700 hover:cursor-pointer md:text-sm h-11\"><\/p>\n<p>    Obtenez une offre<br \/>\n<\/button>\n                        <\/div>\n<\/p><\/div>\n<\/p><\/div>\n<div class=\"order-2 mt-5 h-auto w-full md:order-1 md:mt-0 md:hidden\">\n<div class=\"flex aspect-video items-center justify-center\">\n                                            <img decoding=\"async\" class=\"m-0 max-h-full max-w-full rounded-md\" src=\"https:\/\/vieassociative.be\/actualites\/wp-content\/uploads\/2026\/01\/Ce-pack-de-quatre-cameras-de-securite-Eufy-est-en.jpg\" alt=\"Cam\u00e9ra de s\u00e9curit\u00e9 solaire Eufy Security S220 SoloCam (paquet de 4)\" width=\"auto\" height=\"auto\" loading=\"lazy\">\n                                    <\/div>\n<\/p><\/div>\n<div class=\"order-2 ml-2 hidden w-32 shrink-0 items-center md:order-1 md:ml-0 md:flex\">\n<div class=\"flex aspect-video items-center justify-center\">\n                                            <img decoding=\"async\" class=\"m-0 max-h-full max-w-full rounded-md\" src=\"https:\/\/vieassociative.be\/actualites\/wp-content\/uploads\/2026\/01\/Ce-pack-de-quatre-cameras-de-securite-Eufy-est-en.jpg\" alt=\"Cam\u00e9ra de s\u00e9curit\u00e9 solaire Eufy Security S220 SoloCam (paquet de 4)\" width=\"auto\" height=\"auto\" loading=\"lazy\">\n                                    <\/div>\n<\/p><\/div>\n<div class=\"order-3 flex grow flex-wrap md:hidden md:grow-0\">\n<div class=\"mt-4 w-full\">\n                        <button class=\"flex justify-center items-center w-full bg-brand-green text-white text-base font-sans font-medium rounded-md hover:bg-brand-green-700 hover:cursor-pointer md:text-sm h-11\"><\/p>\n<p>    Obtenez une offre<br \/>\n<\/button>\n                    <\/div>\n<div class=\"mx-2 mt-4 w-full\">\n<div class=\" font-sans leading-4 text-black\">\n<div class=\"flex flex-wrap items-center justify-center gap-1 md:justify-start\">\n        <span class=\"font-bold\"><\/p>\n<p>            179,99\u00a0$<br \/>\n                            <span class=\"font-medium\">chez Amazon<\/span><br \/>\n                    <\/span>\n            <\/div>\n<div class=\"flex items-center justify-center gap-x-1 font-bold md:justify-start\">\n            <span class=\"text-sm line-through\">399,99\u00a0$<\/span><br \/>\n            <span class=\"text-sm text-brand-green\">\u00c9conomisez 220,00\u00a0$<\/span>\n        <\/div>\n<\/p><\/div>\n<\/p><\/div>\n<\/p><\/div>\n<\/p><\/div>\n<\/div>\n<p>Ce sont des unit\u00e9s sans fil aliment\u00e9es par des panneaux solaires int\u00e9gr\u00e9s, ce qui signifie que vous n&rsquo;avez pas besoin de vous soucier des fils ou des prises. Cela dit, si vos points de montage ne re\u00e7oivent pas beaucoup de soleil, vous devrez peut-\u00eatre les charger manuellement de temps en temps. Une fois qu&rsquo;ils sont en cours d&rsquo;ex\u00e9cution, la vid\u00e9o est enregistr\u00e9e \u00e0 une r\u00e9solution 2K, qui est suffisamment nette pendant la journ\u00e9e et r\u00e9siste bien la nuit avec l&rsquo;infrarouge. Les alertes de mouvement utilisent la d\u00e9tection IA int\u00e9gr\u00e9e qui peut distinguer les personnes des animaux de compagnie. Vous pouvez \u00e9galement d\u00e9finir jusqu&rsquo;\u00e0 deux zones d&rsquo;activit\u00e9 par cam\u00e9ra, ce qui permet de r\u00e9duire les notifications inutiles. Il existe un syst\u00e8me audio bidirectionnel, vous pouvez donc parler \u00e0 quelqu&rsquo;un \u00e0 votre porte ou dans votre all\u00e9e, ainsi qu&rsquo;une prise en charge d&rsquo;Alexa et de Google Assistant, bien qu&rsquo;Apple HomeKit ne soit pas pris en charge.<\/p>\n<p>Ces cam\u00e9ras incluent chacune 8 Go de stockage int\u00e9gr\u00e9, qui peut durer une semaine ou deux en fonction de l&rsquo;activit\u00e9 qu&rsquo;elles captent. Mais si vous souhaitez une reconnaissance faciale ou si vous avez besoin de sauvegardes plus longues, vous devrez vous procurer le HomeBase 3 s\u00e9par\u00e9ment. A noter \u00e9galement : ce syst\u00e8me ne fonctionne que sur le wifi 2,4 GHz, donc si votre routeur est surcharg\u00e9 ou si la force de votre signal varie, attendez-vous \u00e0 quelques rat\u00e9s. Pourtant, pour moins de la moiti\u00e9 du prix initial, cet ensemble r\u00e9pond \u00e0 la plupart des crit\u00e8res de s\u00e9curit\u00e9 ext\u00e9rieure de base, sans frais mensuels ni installation compliqu\u00e9e.<\/p>\n<div class=\" relative flex justify-center py-16 md:left-1\/2 md:w-(780px) md:max-w-max md:-translate-x-1\/2\">\n<div class=\"w-max text-center sm:text-left\">\n<div class=\"custom-gradient-background mb-6 rounded-md p-(2px) sm:rounded-tl-none\">\n<div class=\"flex flex-col rounded bg-white sm:rounded-tl-none\">\n                    <span class=\"-mt-4 block w-fit max-w-(calc(100%-1rem)) self-center bg-white px-3 text-center font-akshar text-xl font-medium capitalize text-gray-800 sm:max-w-(calc(100%-2.5rem)) sm:self-start sm:px-10 sm:text-left sm:text-2xl\">Nos meilleures offres technologiques approuv\u00e9es par les \u00e9diteurs en ce moment<\/span><\/p>\n<div class=\"flex flex-col gap-3 p-3 pb-4 text-sm sm:p-10 sm:pt-6 sm:text-justify sm:text-base\">\n<div>\n<p>    \u00c9couteurs sans fil Apple AirPods Pro 3 \u00e0 r\u00e9duction de bruit et fr\u00e9quence cardiaque<\/p>\n<p>                                <span class=\"text-black\"><br \/>\n                                    \u2014<br \/>\n                                    <span class=\"font-bold\">199,00\u00a0$<\/span><br \/>\n                                    <span class=\"!text-xs italic sm:!text-sm\"><\/p>\n<p>                                        (Prix catalogue 249,00 $)<br \/>\n                                    <\/span><br \/>\n                                <\/span>\n                            <\/div>\n<div>\n<p>    Montre intelligente Apple Watch Series 11 (GPS 46 mm) avec bo\u00eetier en aluminium noir de jais et bracelet sport noir &#8211; M\/L. Score de sommeil, tracker d&rsquo;activit\u00e9, surveillance de la sant\u00e9, affichage permanent, r\u00e9sistant \u00e0 l&rsquo;eau<\/p>\n<p>                                <span class=\"text-black\"><br \/>\n                                    \u2014<br \/>\n                                    <span class=\"font-bold\">399,00\u00a0$<\/span><br \/>\n                                    <span class=\"!text-xs italic sm:!text-sm\"><\/p>\n<p>                                        (Prix catalogue 429,00 $)<br \/>\n                                    <\/span><br \/>\n                                <\/span>\n                            <\/div>\n<div>\n<p>    Cl\u00e9 Amazon Fire TV 4K Plus<\/p>\n<p>                                <span class=\"text-black\"><br \/>\n                                    \u2014<br \/>\n                                    <span class=\"font-bold\"><\/span><br \/>\n                                    <span class=\"!text-xs italic sm:!text-sm\"><\/p>\n<p>                                        (Prix catalogue 24,99 $ avec le code \u00ab FTV4K25 \u00bb)<br \/>\n                                    <\/span><br \/>\n                                <\/span>\n                            <\/div>\n<div>\n<p>    Tablette Samsung Galaxy Tab A9+ 64 Go Wi-Fi 11&Prime; (argent)<\/p>\n<p>                                <span class=\"text-black\"><br \/>\n                                    \u2014<br \/>\n                                    <span class=\"font-bold\">159,99\u00a0$<\/span><br \/>\n                                    <span class=\"!text-xs italic sm:!text-sm\"><\/p>\n<p>                                        (Prix catalogue 219,99 $)<br \/>\n                                    <\/span><br \/>\n                                <\/span>\n                            <\/div>\n<\/p><\/div>\n<\/p><\/div>\n<\/p><\/div>\n<div class=\"flex flex-col items-center justify-between text-black sm:flex-row sm:px-6\">\n                <span class=\"text-xs italic sm:ml-7 sm:text-sm\">Les offres sont s\u00e9lectionn\u00e9es par notre \u00e9quipe commerciale<\/span><\/p><\/div>\n<\/p><\/div>\n<\/p><\/div>\n","protected":false},"excerpt":{"rendered":"<p>Nous pouvons gagner une commission sur les liens sur cette page. Les prix et la disponibilit\u00e9 de l&rsquo;offre sont sujets \u00e0 changement apr\u00e8s la publication.<\/p>\n","protected":false},"author":1,"featured_media":12383,"comment_status":"","ping_status":"","sticky":false,"template":"","format":"standard","meta":{"footnotes":""},"categories":[13],"tags":[3519,76,8585,7248,1399,1435,151,223],"class_list":["post-12382","post","type-post","status-publish","format-standard","has-post-thumbnail","hentry","category-technologie","tag-cameras","tag-est","tag-eufy","tag-pack","tag-prix","tag-quatre","tag-securite","tag-vente","generate-columns","tablet-grid-50","mobile-grid-100","grid-parent","grid-33"],"yoast_head":"<!-- This site is optimized with the Yoast SEO plugin v24.0 - https:\/\/yoast.com\/wordpress\/plugins\/seo\/ -->\n<title>Ce pack de quatre cam\u00e9ras de s\u00e9curit\u00e9 Eufy est en vente au prix de 180 $ | Vie Associative<\/title>\n<meta name=\"robots\" content=\"index, follow, max-snippet:-1, max-image-preview:large, max-video-preview:-1\" \/>\n<link rel=\"canonical\" href=\"https:\/\/vieassociative.be\/actualites\/ce-pack-de-quatre-cameras-de-securite-eufy-est-en-vente-au-prix-de-180\/\" \/>\n<meta property=\"og:locale\" content=\"fr_FR\" \/>\n<meta property=\"og:type\" content=\"article\" \/>\n<meta property=\"og:title\" content=\"Ce pack de quatre cam\u00e9ras de s\u00e9curit\u00e9 Eufy est en vente au prix de 180 $ | Vie Associative\" \/>\n<meta property=\"og:description\" content=\"Nous pouvons gagner une commission sur les liens sur cette page. Les prix et la disponibilit\u00e9 de l&rsquo;offre sont sujets \u00e0 changement apr\u00e8s la publication.\" \/>\n<meta property=\"og:url\" content=\"https:\/\/vieassociative.be\/actualites\/ce-pack-de-quatre-cameras-de-securite-eufy-est-en-vente-au-prix-de-180\/\" \/>\n<meta property=\"og:site_name\" content=\"Vie Associative\" \/>\n<meta property=\"article:published_time\" content=\"2026-01-27T17:17:23+00:00\" \/>\n<meta property=\"og:image\" content=\"https:\/\/vieassociative.be\/actualites\/wp-content\/uploads\/2026\/01\/Ce-pack-de-quatre-cameras-de-securite-Eufy-est-en.jpg\" \/>\n<meta name=\"author\" content=\"Julien\" \/>\n<meta name=\"twitter:card\" content=\"summary_large_image\" \/>\n<meta name=\"twitter:label1\" content=\"\u00c9crit par\" \/>\n\t<meta name=\"twitter:data1\" content=\"Julien\" \/>\n\t<meta name=\"twitter:label2\" content=\"Dur\u00e9e de lecture est.\" \/>\n\t<meta name=\"twitter:data2\" content=\"3 minutes\" \/>\n<script type=\"application\/ld+json\" class=\"yoast-schema-graph\">{\"@context\":\"https:\/\/schema.org\",\"@graph\":[{\"@type\":\"Article\",\"@id\":\"https:\/\/vieassociative.be\/actualites\/ce-pack-de-quatre-cameras-de-securite-eufy-est-en-vente-au-prix-de-180\/#article\",\"isPartOf\":{\"@id\":\"https:\/\/vieassociative.be\/actualites\/ce-pack-de-quatre-cameras-de-securite-eufy-est-en-vente-au-prix-de-180\/\"},\"author\":{\"name\":\"Julien\",\"@id\":\"https:\/\/vieassociative.be\/actualites\/#\/schema\/person\/b87ac4f82f9d4e7b7cec7395b679edc4\"},\"headline\":\"Ce pack de quatre cam\u00e9ras de s\u00e9curit\u00e9 Eufy est en vente au prix de 180 $\",\"datePublished\":\"2026-01-27T17:17:23+00:00\",\"dateModified\":\"2026-01-27T17:17:23+00:00\",\"mainEntityOfPage\":{\"@id\":\"https:\/\/vieassociative.be\/actualites\/ce-pack-de-quatre-cameras-de-securite-eufy-est-en-vente-au-prix-de-180\/\"},\"wordCount\":592,\"publisher\":{\"@id\":\"https:\/\/vieassociative.be\/actualites\/#organization\"},\"image\":{\"@id\":\"https:\/\/vieassociative.be\/actualites\/ce-pack-de-quatre-cameras-de-securite-eufy-est-en-vente-au-prix-de-180\/#primaryimage\"},\"thumbnailUrl\":\"https:\/\/vieassociative.be\/actualites\/wp-content\/uploads\/2026\/01\/Ce-pack-de-quatre-cameras-de-securite-Eufy-est-en.png\",\"keywords\":[\"cam\u00e9ras\",\"est\",\"EUFY\",\"pack\",\"prix\",\"Quatre\",\"s\u00e9curit\u00e9\",\"vente\"],\"articleSection\":[\"Technologie\"],\"inLanguage\":\"fr-BE\"},{\"@type\":\"WebPage\",\"@id\":\"https:\/\/vieassociative.be\/actualites\/ce-pack-de-quatre-cameras-de-securite-eufy-est-en-vente-au-prix-de-180\/\",\"url\":\"https:\/\/vieassociative.be\/actualites\/ce-pack-de-quatre-cameras-de-securite-eufy-est-en-vente-au-prix-de-180\/\",\"name\":\"Ce pack de quatre cam\u00e9ras de s\u00e9curit\u00e9 Eufy est en vente au prix de 180 $ | Vie Associative\",\"isPartOf\":{\"@id\":\"https:\/\/vieassociative.be\/actualites\/#website\"},\"primaryImageOfPage\":{\"@id\":\"https:\/\/vieassociative.be\/actualites\/ce-pack-de-quatre-cameras-de-securite-eufy-est-en-vente-au-prix-de-180\/#primaryimage\"},\"image\":{\"@id\":\"https:\/\/vieassociative.be\/actualites\/ce-pack-de-quatre-cameras-de-securite-eufy-est-en-vente-au-prix-de-180\/#primaryimage\"},\"thumbnailUrl\":\"https:\/\/vieassociative.be\/actualites\/wp-content\/uploads\/2026\/01\/Ce-pack-de-quatre-cameras-de-securite-Eufy-est-en.png\",\"datePublished\":\"2026-01-27T17:17:23+00:00\",\"dateModified\":\"2026-01-27T17:17:23+00:00\",\"breadcrumb\":{\"@id\":\"https:\/\/vieassociative.be\/actualites\/ce-pack-de-quatre-cameras-de-securite-eufy-est-en-vente-au-prix-de-180\/#breadcrumb\"},\"inLanguage\":\"fr-BE\",\"potentialAction\":[{\"@type\":\"ReadAction\",\"target\":[\"https:\/\/vieassociative.be\/actualites\/ce-pack-de-quatre-cameras-de-securite-eufy-est-en-vente-au-prix-de-180\/\"]}]},{\"@type\":\"ImageObject\",\"inLanguage\":\"fr-BE\",\"@id\":\"https:\/\/vieassociative.be\/actualites\/ce-pack-de-quatre-cameras-de-securite-eufy-est-en-vente-au-prix-de-180\/#primaryimage\",\"url\":\"https:\/\/vieassociative.be\/actualites\/wp-content\/uploads\/2026\/01\/Ce-pack-de-quatre-cameras-de-securite-Eufy-est-en.png\",\"contentUrl\":\"https:\/\/vieassociative.be\/actualites\/wp-content\/uploads\/2026\/01\/Ce-pack-de-quatre-cameras-de-securite-Eufy-est-en.png\",\"width\":1200,\"height\":675,\"caption\":\"Ce pack de quatre cam\u00e9ras de s\u00e9curit\u00e9 Eufy est en vente au prix de 180 $\"},{\"@type\":\"BreadcrumbList\",\"@id\":\"https:\/\/vieassociative.be\/actualites\/ce-pack-de-quatre-cameras-de-securite-eufy-est-en-vente-au-prix-de-180\/#breadcrumb\",\"itemListElement\":[{\"@type\":\"ListItem\",\"position\":1,\"name\":\"Accueil\",\"item\":\"https:\/\/vieassociative.be\/actualites\/\"},{\"@type\":\"ListItem\",\"position\":2,\"name\":\"Ce pack de quatre cam\u00e9ras de s\u00e9curit\u00e9 Eufy est en vente au prix de 180 $\"}]},{\"@type\":\"WebSite\",\"@id\":\"https:\/\/vieassociative.be\/actualites\/#website\",\"url\":\"https:\/\/vieassociative.be\/actualites\/\",\"name\":\"Vie Associative\",\"description\":\"\",\"publisher\":{\"@id\":\"https:\/\/vieassociative.be\/actualites\/#organization\"},\"potentialAction\":[{\"@type\":\"SearchAction\",\"target\":{\"@type\":\"EntryPoint\",\"urlTemplate\":\"https:\/\/vieassociative.be\/actualites\/?s={search_term_string}\"},\"query-input\":{\"@type\":\"PropertyValueSpecification\",\"valueRequired\":true,\"valueName\":\"search_term_string\"}}],\"inLanguage\":\"fr-BE\"},{\"@type\":\"Organization\",\"@id\":\"https:\/\/vieassociative.be\/actualites\/#organization\",\"name\":\"Vie Associative\",\"url\":\"https:\/\/vieassociative.be\/actualites\/\",\"logo\":{\"@type\":\"ImageObject\",\"inLanguage\":\"fr-BE\",\"@id\":\"https:\/\/vieassociative.be\/actualites\/#\/schema\/logo\/image\/\",\"url\":\"https:\/\/vieassociative.be\/actualites\/wp-content\/uploads\/2024\/09\/cropped-vieassociative_favicon.ico.png\",\"contentUrl\":\"https:\/\/vieassociative.be\/actualites\/wp-content\/uploads\/2024\/09\/cropped-vieassociative_favicon.ico.png\",\"width\":512,\"height\":512,\"caption\":\"Vie Associative\"},\"image\":{\"@id\":\"https:\/\/vieassociative.be\/actualites\/#\/schema\/logo\/image\/\"}},{\"@type\":\"Person\",\"@id\":\"https:\/\/vieassociative.be\/actualites\/#\/schema\/person\/b87ac4f82f9d4e7b7cec7395b679edc4\",\"name\":\"Julien\",\"image\":{\"@type\":\"ImageObject\",\"inLanguage\":\"fr-BE\",\"@id\":\"https:\/\/vieassociative.be\/actualites\/#\/schema\/person\/image\/\",\"url\":\"https:\/\/vieassociative.be\/actualites\/wp-content\/uploads\/2024\/09\/vie-associative-1-150x150.jpg\",\"contentUrl\":\"https:\/\/vieassociative.be\/actualites\/wp-content\/uploads\/2024\/09\/vie-associative-1-150x150.jpg\",\"caption\":\"Julien\"},\"description\":\"Je suis Julien, r\u00e9dacteur pour Vie Associative. Passionn\u00e9 par le monde associatif depuis plus de 10 ans, j'ai \u00e0 c\u0153ur de partager des histoires inspirantes et de mettre en lumi\u00e8re les initiatives locales. Mon objectif est de sensibiliser et d'encourager l'engagement communautaire \u00e0 travers mes articles.\",\"sameAs\":[\"https:\/\/vieassociative.be\/\"]}]}<\/script>\n<!-- \/ Yoast SEO plugin. -->","yoast_head_json":{"title":"Ce pack de quatre cam\u00e9ras de s\u00e9curit\u00e9 Eufy est en vente au prix de 180 $ | Vie Associative","robots":{"index":"index","follow":"follow","max-snippet":"max-snippet:-1","max-image-preview":"max-image-preview:large","max-video-preview":"max-video-preview:-1"},"canonical":"https:\/\/vieassociative.be\/actualites\/ce-pack-de-quatre-cameras-de-securite-eufy-est-en-vente-au-prix-de-180\/","og_locale":"fr_FR","og_type":"article","og_title":"Ce pack de quatre cam\u00e9ras de s\u00e9curit\u00e9 Eufy est en vente au prix de 180 $ | Vie Associative","og_description":"Nous pouvons gagner une commission sur les liens sur cette page. Les prix et la disponibilit\u00e9 de l&rsquo;offre sont sujets \u00e0 changement apr\u00e8s la publication.","og_url":"https:\/\/vieassociative.be\/actualites\/ce-pack-de-quatre-cameras-de-securite-eufy-est-en-vente-au-prix-de-180\/","og_site_name":"Vie Associative","article_published_time":"2026-01-27T17:17:23+00:00","og_image":[{"url":"https:\/\/vieassociative.be\/actualites\/wp-content\/uploads\/2026\/01\/Ce-pack-de-quatre-cameras-de-securite-Eufy-est-en.jpg","type":"","width":"","height":""}],"author":"Julien","twitter_card":"summary_large_image","twitter_misc":{"\u00c9crit par":"Julien","Dur\u00e9e de lecture est.":"3 minutes"},"schema":{"@context":"https:\/\/schema.org","@graph":[{"@type":"Article","@id":"https:\/\/vieassociative.be\/actualites\/ce-pack-de-quatre-cameras-de-securite-eufy-est-en-vente-au-prix-de-180\/#article","isPartOf":{"@id":"https:\/\/vieassociative.be\/actualites\/ce-pack-de-quatre-cameras-de-securite-eufy-est-en-vente-au-prix-de-180\/"},"author":{"name":"Julien","@id":"https:\/\/vieassociative.be\/actualites\/#\/schema\/person\/b87ac4f82f9d4e7b7cec7395b679edc4"},"headline":"Ce pack de quatre cam\u00e9ras de s\u00e9curit\u00e9 Eufy est en vente au prix de 180 $","datePublished":"2026-01-27T17:17:23+00:00","dateModified":"2026-01-27T17:17:23+00:00","mainEntityOfPage":{"@id":"https:\/\/vieassociative.be\/actualites\/ce-pack-de-quatre-cameras-de-securite-eufy-est-en-vente-au-prix-de-180\/"},"wordCount":592,"publisher":{"@id":"https:\/\/vieassociative.be\/actualites\/#organization"},"image":{"@id":"https:\/\/vieassociative.be\/actualites\/ce-pack-de-quatre-cameras-de-securite-eufy-est-en-vente-au-prix-de-180\/#primaryimage"},"thumbnailUrl":"https:\/\/vieassociative.be\/actualites\/wp-content\/uploads\/2026\/01\/Ce-pack-de-quatre-cameras-de-securite-Eufy-est-en.png","keywords":["cam\u00e9ras","est","EUFY","pack","prix","Quatre","s\u00e9curit\u00e9","vente"],"articleSection":["Technologie"],"inLanguage":"fr-BE"},{"@type":"WebPage","@id":"https:\/\/vieassociative.be\/actualites\/ce-pack-de-quatre-cameras-de-securite-eufy-est-en-vente-au-prix-de-180\/","url":"https:\/\/vieassociative.be\/actualites\/ce-pack-de-quatre-cameras-de-securite-eufy-est-en-vente-au-prix-de-180\/","name":"Ce pack de quatre cam\u00e9ras de s\u00e9curit\u00e9 Eufy est en vente au prix de 180 $ | Vie Associative","isPartOf":{"@id":"https:\/\/vieassociative.be\/actualites\/#website"},"primaryImageOfPage":{"@id":"https:\/\/vieassociative.be\/actualites\/ce-pack-de-quatre-cameras-de-securite-eufy-est-en-vente-au-prix-de-180\/#primaryimage"},"image":{"@id":"https:\/\/vieassociative.be\/actualites\/ce-pack-de-quatre-cameras-de-securite-eufy-est-en-vente-au-prix-de-180\/#primaryimage"},"thumbnailUrl":"https:\/\/vieassociative.be\/actualites\/wp-content\/uploads\/2026\/01\/Ce-pack-de-quatre-cameras-de-securite-Eufy-est-en.png","datePublished":"2026-01-27T17:17:23+00:00","dateModified":"2026-01-27T17:17:23+00:00","breadcrumb":{"@id":"https:\/\/vieassociative.be\/actualites\/ce-pack-de-quatre-cameras-de-securite-eufy-est-en-vente-au-prix-de-180\/#breadcrumb"},"inLanguage":"fr-BE","potentialAction":[{"@type":"ReadAction","target":["https:\/\/vieassociative.be\/actualites\/ce-pack-de-quatre-cameras-de-securite-eufy-est-en-vente-au-prix-de-180\/"]}]},{"@type":"ImageObject","inLanguage":"fr-BE","@id":"https:\/\/vieassociative.be\/actualites\/ce-pack-de-quatre-cameras-de-securite-eufy-est-en-vente-au-prix-de-180\/#primaryimage","url":"https:\/\/vieassociative.be\/actualites\/wp-content\/uploads\/2026\/01\/Ce-pack-de-quatre-cameras-de-securite-Eufy-est-en.png","contentUrl":"https:\/\/vieassociative.be\/actualites\/wp-content\/uploads\/2026\/01\/Ce-pack-de-quatre-cameras-de-securite-Eufy-est-en.png","width":1200,"height":675,"caption":"Ce pack de quatre cam\u00e9ras de s\u00e9curit\u00e9 Eufy est en vente au prix de 180 $"},{"@type":"BreadcrumbList","@id":"https:\/\/vieassociative.be\/actualites\/ce-pack-de-quatre-cameras-de-securite-eufy-est-en-vente-au-prix-de-180\/#breadcrumb","itemListElement":[{"@type":"ListItem","position":1,"name":"Accueil","item":"https:\/\/vieassociative.be\/actualites\/"},{"@type":"ListItem","position":2,"name":"Ce pack de quatre cam\u00e9ras de s\u00e9curit\u00e9 Eufy est en vente au prix de 180 $"}]},{"@type":"WebSite","@id":"https:\/\/vieassociative.be\/actualites\/#website","url":"https:\/\/vieassociative.be\/actualites\/","name":"Vie Associative","description":"","publisher":{"@id":"https:\/\/vieassociative.be\/actualites\/#organization"},"potentialAction":[{"@type":"SearchAction","target":{"@type":"EntryPoint","urlTemplate":"https:\/\/vieassociative.be\/actualites\/?s={search_term_string}"},"query-input":{"@type":"PropertyValueSpecification","valueRequired":true,"valueName":"search_term_string"}}],"inLanguage":"fr-BE"},{"@type":"Organization","@id":"https:\/\/vieassociative.be\/actualites\/#organization","name":"Vie Associative","url":"https:\/\/vieassociative.be\/actualites\/","logo":{"@type":"ImageObject","inLanguage":"fr-BE","@id":"https:\/\/vieassociative.be\/actualites\/#\/schema\/logo\/image\/","url":"https:\/\/vieassociative.be\/actualites\/wp-content\/uploads\/2024\/09\/cropped-vieassociative_favicon.ico.png","contentUrl":"https:\/\/vieassociative.be\/actualites\/wp-content\/uploads\/2024\/09\/cropped-vieassociative_favicon.ico.png","width":512,"height":512,"caption":"Vie Associative"},"image":{"@id":"https:\/\/vieassociative.be\/actualites\/#\/schema\/logo\/image\/"}},{"@type":"Person","@id":"https:\/\/vieassociative.be\/actualites\/#\/schema\/person\/b87ac4f82f9d4e7b7cec7395b679edc4","name":"Julien","image":{"@type":"ImageObject","inLanguage":"fr-BE","@id":"https:\/\/vieassociative.be\/actualites\/#\/schema\/person\/image\/","url":"https:\/\/vieassociative.be\/actualites\/wp-content\/uploads\/2024\/09\/vie-associative-1-150x150.jpg","contentUrl":"https:\/\/vieassociative.be\/actualites\/wp-content\/uploads\/2024\/09\/vie-associative-1-150x150.jpg","caption":"Julien"},"description":"Je suis Julien, r\u00e9dacteur pour Vie Associative. Passionn\u00e9 par le monde associatif depuis plus de 10 ans, j'ai \u00e0 c\u0153ur de partager des histoires inspirantes et de mettre en lumi\u00e8re les initiatives locales. Mon objectif est de sensibiliser et d'encourager l'engagement communautaire \u00e0 travers mes articles.","sameAs":["https:\/\/vieassociative.be\/"]}]}},"_links":{"self":[{"href":"https:\/\/vieassociative.be\/actualites\/wp-json\/wp\/v2\/posts\/12382"}],"collection":[{"href":"https:\/\/vieassociative.be\/actualites\/wp-json\/wp\/v2\/posts"}],"about":[{"href":"https:\/\/vieassociative.be\/actualites\/wp-json\/wp\/v2\/types\/post"}],"author":[{"embeddable":true,"href":"https:\/\/vieassociative.be\/actualites\/wp-json\/wp\/v2\/users\/1"}],"replies":[{"embeddable":true,"href":"https:\/\/vieassociative.be\/actualites\/wp-json\/wp\/v2\/comments?post=12382"}],"version-history":[{"count":0,"href":"https:\/\/vieassociative.be\/actualites\/wp-json\/wp\/v2\/posts\/12382\/revisions"}],"wp:featuredmedia":[{"embeddable":true,"href":"https:\/\/vieassociative.be\/actualites\/wp-json\/wp\/v2\/media\/12383"}],"wp:attachment":[{"href":"https:\/\/vieassociative.be\/actualites\/wp-json\/wp\/v2\/media?parent=12382"}],"wp:term":[{"taxonomy":"category","embeddable":true,"href":"https:\/\/vieassociative.be\/actualites\/wp-json\/wp\/v2\/categories?post=12382"},{"taxonomy":"post_tag","embeddable":true,"href":"https:\/\/vieassociative.be\/actualites\/wp-json\/wp\/v2\/tags?post=12382"}],"curies":[{"name":"wp","href":"https:\/\/api.w.org\/{rel}","templated":true}]}}