{"id":12379,"date":"2026-01-27T07:17:17","date_gmt":"2026-01-27T06:17:17","guid":{"rendered":"https:\/\/vieassociative.be\/actualites\/le-prix-de-lor-depasse-la-barre-des-5-000-dollars\/"},"modified":"2026-01-27T07:17:17","modified_gmt":"2026-01-27T06:17:17","slug":"le-prix-de-lor-depasse-la-barre-des-5-000-dollars","status":"publish","type":"post","link":"https:\/\/vieassociative.be\/actualites\/le-prix-de-lor-depasse-la-barre-des-5-000-dollars\/","title":{"rendered":"Le prix de l&rsquo;or d\u00e9passe la barre des 5 000 dollars"},"content":{"rendered":"<p><strong>Pour de nombreuses personnes, les bijoux, les pi\u00e8ces de monnaie ou les petits lingots d\u2019or sont des investissements. Et la valeur augmente de plus en plus. Cela a beaucoup \u00e0 voir avec la politique.<\/strong><\/p>\n<p><span id=\"more-434619\"><\/span>Le prix de l\u2019or a franchi pour la premi\u00e8re fois la barre des 5 000 dollars. Le prix de l&rsquo;once troy (environ 31,1 grammes) a grimp\u00e9 de 2% \u00e0 5.093 dollars am\u00e9ricains (4.296 euros) en d\u00e9but de s\u00e9ance \u00e0 la Bourse des m\u00e9taux de Londres, ce qui le rend plus \u00e9lev\u00e9 que jamais.<\/p>\n<p>Les facteurs les plus importants sont les risques g\u00e9opolitiques, les achats des banques centrales et les sp\u00e9culations selon lesquelles les taux d&rsquo;int\u00e9r\u00eat aux \u00c9tats-Unis continueront de baisser.<\/p>\n<p>Le prix de l&rsquo;or a augment\u00e9 de pr\u00e8s de 18 pour cent au cours des premi\u00e8res semaines de l&rsquo;ann\u00e9e, apr\u00e8s que le prix du m\u00e9tal pr\u00e9cieux avait d\u00e9j\u00e0 augment\u00e9 de 65 pour cent l&rsquo;ann\u00e9e pr\u00e9c\u00e9dente. Il s\u2019agit de la plus forte augmentation annuelle depuis 1979. Le prix a augment\u00e9 de plus de 2 000 dollars en 2025.<\/p>\n<div id=\"attachment_434624\" class=\"wp-caption alignleft\" style=\"max-width: 300px\"><img fetchpriority=\"high\" decoding=\"async\" class=\"wp-image-434624 size-medium\" src=\"https:\/\/vieassociative.be\/actualites\/wp-content\/uploads\/2026\/01\/Le-prix-de-lor-depasse-la-barre-des-5-000.jpeg\" alt=\"\" width=\"300\" height=\"200\"  ><\/div>\n<p><strong>\u2013 Les tensions politiques mondiales d\u00e9terminent les prix\u00a0:<\/strong> L\u2019ann\u00e9e derni\u00e8re, les facteurs d\u00e9terminants des prix comprenaient, entre autres, les nombreux conflits \u00e0 travers le monde. Les tensions politiques ont \u00e9galement provoqu\u00e9 une hausse de la demande en 2026. Les experts attribuent les gains enregistr\u00e9s au cours des premiers jours de bourse de l&rsquo;ann\u00e9e principalement \u00e0 la situation en Iran et aux menaces tarifaires temporaires du pr\u00e9sident am\u00e9ricain Donald Trump contre huit pays europ\u00e9ens en relation avec le Groenland.<\/p>\n<p>L&rsquo;argent est \u00e9galement tr\u00e8s demand\u00e9 en bourse : le prix de l&rsquo;once troy a d\u00e9pass\u00e9 les 100 dollars pour la premi\u00e8re fois la semaine derni\u00e8re. L&rsquo;argent est un m\u00e9tal industriel important, n\u00e9cessaire \u00e0 de nombreuses applications li\u00e9es \u00e0 l&rsquo;IA, \u00e0 la robotique et \u00e0 l&rsquo;\u00e9nergie.<\/p>\n<p>L\u2019or est demand\u00e9 comme \u00ab valeur refuge \u00bb : De nombreux investisseurs consid\u00e8rent les m\u00e9taux pr\u00e9cieux \u2013 en particulier l\u2019or \u2013 comme des \u00ab valeurs refuges \u00bb en temps de crise. L&rsquo;ind\u00e9pendance de la R\u00e9serve f\u00e9d\u00e9rale am\u00e9ricaine suscite \u00e9galement des inqui\u00e9tudes. Les attaques r\u00e9p\u00e9t\u00e9es de Trump contre le pr\u00e9sident de la Fed, Jerome Powell, alimentent les craintes que la puissante banque centrale ne puisse plus agir de mani\u00e8re ind\u00e9pendante \u00e0 l&rsquo;avenir et soit plut\u00f4t contr\u00f4l\u00e9e politiquement.<\/p>\n<div id=\"attachment_378813\" class=\"wp-caption alignnone\" style=\"max-width: 300px\"><img decoding=\"async\" class=\"size-medium wp-image-378813\" src=\"https:\/\/vieassociative.be\/actualites\/wp-content\/uploads\/2025\/08\/1754381941_254_Sechapper-dans-lor-laugmentation-des-prix-est-presque-imparable.jpg\" alt=\"\" width=\"300\" height=\"194\"><\/div>\n<p><strong>\u2013 Achats d\u2019or par les banques centrales :<\/strong> Les banques centrales du monde entier, notamment dans les pays \u00e9mergents comme la Chine, ont consid\u00e9rablement augment\u00e9 leurs r\u00e9serves d\u2019or ces derni\u00e8res ann\u00e9es. Ces achats visent \u00e0 rendre les r\u00e9serves nationales moins d\u00e9pendantes du dollar am\u00e9ricain et sont consid\u00e9r\u00e9s comme un important facteur de prix.<\/p>\n<p>La baisse des taux d\u2019int\u00e9r\u00eat, comme l\u2019a r\u00e9cemment annonc\u00e9 la R\u00e9serve f\u00e9d\u00e9rale am\u00e9ricaine, joue souvent un r\u00f4le lorsque le prix de l\u2019or augmente. \u00c9tant donn\u00e9 que l\u2019or ne rapporte ni int\u00e9r\u00eats ni dividendes, la perspective d\u2019une baisse des taux d\u2019int\u00e9r\u00eat augmente la demande pour ce m\u00e9tal pr\u00e9cieux. Lorsque les taux d\u2019int\u00e9r\u00eat sont plus bas, les investissements \u00e0 taux fixe tels que les obligations d\u2019\u00c9tat deviennent moins attractifs en comparaison.<\/p>\n<p><strong>\u2013 Recommandations aux investisseurs :<\/strong> L\u2019or est consid\u00e9r\u00e9 comme ayant une valeur stable et a conserv\u00e9 sa valeur sur de longues p\u00e9riodes. Le m\u00e9tal pr\u00e9cieux a surv\u00e9cu aux guerres, aux r\u00e9formes mon\u00e9taires et aux r\u00e9cessions, ce qui le rend attrayant pour beaucoup en tant qu&rsquo;investissement \u00e0 long terme. La Stiftung Warentest recommande par exemple d\u2019investir environ dix pour cent de votre actif total dans l\u2019or. Toutefois, l\u2019or ne doit \u00eatre achet\u00e9 qu\u2019avec de l\u2019argent qui peut \u00eatre \u00e9pargn\u00e9 \u00e0 long terme.<\/p>\n<p>Malgr\u00e9 cette hausse, certaines banques estiment que des prix de l\u2019or encore plus \u00e9lev\u00e9s sont possibles. La banque d&rsquo;investissement am\u00e9ricaine Goldman Sachs a r\u00e9cemment relev\u00e9 ses pr\u00e9visions pour fin 2026 de 4 900 \u00e0 5 400 dollars l&rsquo;once troy. Dans le m\u00eame temps, certains experts avertissent que le record d\u2019or est exag\u00e9r\u00e9. (dpa)<\/p>\n","protected":false},"excerpt":{"rendered":"<p>Pour de nombreuses personnes, les bijoux, les pi\u00e8ces de monnaie ou les petits lingots d\u2019or sont des investissements. Et la valeur augmente de plus en<\/p>\n","protected":false},"author":1,"featured_media":6954,"comment_status":"","ping_status":"","sticky":false,"template":"","format":"standard","meta":{"footnotes":""},"categories":[298],"tags":[2178,4153,29,3349,2566,1399],"class_list":["post-12379","post","type-post","status-publish","format-standard","has-post-thumbnail","hentry","category-belgique","tag-barre","tag-depasse","tag-des","tag-dollars","tag-lor","tag-prix","generate-columns","tablet-grid-50","mobile-grid-100","grid-parent","grid-33"],"yoast_head":"<!-- This site is optimized with the Yoast SEO plugin v24.0 - https:\/\/yoast.com\/wordpress\/plugins\/seo\/ -->\n<title>Le prix de l&#039;or d\u00e9passe la barre des 5 000 dollars | Vie Associative<\/title>\n<meta name=\"robots\" content=\"index, follow, max-snippet:-1, max-image-preview:large, max-video-preview:-1\" \/>\n<link rel=\"canonical\" href=\"https:\/\/vieassociative.be\/actualites\/le-prix-de-lor-depasse-la-barre-des-5-000-dollars\/\" \/>\n<meta property=\"og:locale\" content=\"fr_FR\" \/>\n<meta property=\"og:type\" content=\"article\" \/>\n<meta property=\"og:title\" content=\"Le prix de l&#039;or d\u00e9passe la barre des 5 000 dollars | Vie Associative\" \/>\n<meta property=\"og:description\" content=\"Pour de nombreuses personnes, les bijoux, les pi\u00e8ces de monnaie ou les petits lingots d\u2019or sont des investissements. Et la valeur augmente de plus en\" \/>\n<meta property=\"og:url\" content=\"https:\/\/vieassociative.be\/actualites\/le-prix-de-lor-depasse-la-barre-des-5-000-dollars\/\" \/>\n<meta property=\"og:site_name\" content=\"Vie Associative\" \/>\n<meta property=\"article:published_time\" content=\"2026-01-27T06:17:17+00:00\" \/>\n<meta property=\"og:image\" content=\"https:\/\/vieassociative.be\/actualites\/wp-content\/uploads\/2024\/09\/header_backgroundk-01-e1726694325946.png\" \/>\n\t<meta property=\"og:image:width\" content=\"279\" \/>\n\t<meta property=\"og:image:height\" content=\"92\" \/>\n\t<meta property=\"og:image:type\" content=\"image\/png\" \/>\n<meta name=\"author\" content=\"Julien\" \/>\n<meta name=\"twitter:card\" content=\"summary_large_image\" \/>\n<meta name=\"twitter:label1\" content=\"\u00c9crit par\" \/>\n\t<meta name=\"twitter:data1\" content=\"Julien\" \/>\n\t<meta name=\"twitter:label2\" content=\"Dur\u00e9e de lecture est.\" \/>\n\t<meta name=\"twitter:data2\" content=\"3 minutes\" \/>\n<script type=\"application\/ld+json\" class=\"yoast-schema-graph\">{\"@context\":\"https:\/\/schema.org\",\"@graph\":[{\"@type\":\"Article\",\"@id\":\"https:\/\/vieassociative.be\/actualites\/le-prix-de-lor-depasse-la-barre-des-5-000-dollars\/#article\",\"isPartOf\":{\"@id\":\"https:\/\/vieassociative.be\/actualites\/le-prix-de-lor-depasse-la-barre-des-5-000-dollars\/\"},\"author\":{\"name\":\"Julien\",\"@id\":\"https:\/\/vieassociative.be\/actualites\/#\/schema\/person\/b87ac4f82f9d4e7b7cec7395b679edc4\"},\"headline\":\"Le prix de l&rsquo;or d\u00e9passe la barre des 5 000 dollars\",\"datePublished\":\"2026-01-27T06:17:17+00:00\",\"dateModified\":\"2026-01-27T06:17:17+00:00\",\"mainEntityOfPage\":{\"@id\":\"https:\/\/vieassociative.be\/actualites\/le-prix-de-lor-depasse-la-barre-des-5-000-dollars\/\"},\"wordCount\":723,\"publisher\":{\"@id\":\"https:\/\/vieassociative.be\/actualites\/#organization\"},\"image\":{\"@id\":\"https:\/\/vieassociative.be\/actualites\/le-prix-de-lor-depasse-la-barre-des-5-000-dollars\/#primaryimage\"},\"thumbnailUrl\":\"https:\/\/vieassociative.be\/actualites\/wp-content\/uploads\/2025\/04\/Des-doutes-sur-la-politique-economique-de-Trump-stimulent-le.jpg\",\"keywords\":[\"barre\",\"d\u00e9passe\",\"Des\",\"dollars\",\"lor\",\"prix\"],\"articleSection\":[\"Belgique\"],\"inLanguage\":\"fr-BE\"},{\"@type\":\"WebPage\",\"@id\":\"https:\/\/vieassociative.be\/actualites\/le-prix-de-lor-depasse-la-barre-des-5-000-dollars\/\",\"url\":\"https:\/\/vieassociative.be\/actualites\/le-prix-de-lor-depasse-la-barre-des-5-000-dollars\/\",\"name\":\"Le prix de l'or d\u00e9passe la barre des 5 000 dollars | Vie Associative\",\"isPartOf\":{\"@id\":\"https:\/\/vieassociative.be\/actualites\/#website\"},\"primaryImageOfPage\":{\"@id\":\"https:\/\/vieassociative.be\/actualites\/le-prix-de-lor-depasse-la-barre-des-5-000-dollars\/#primaryimage\"},\"image\":{\"@id\":\"https:\/\/vieassociative.be\/actualites\/le-prix-de-lor-depasse-la-barre-des-5-000-dollars\/#primaryimage\"},\"thumbnailUrl\":\"https:\/\/vieassociative.be\/actualites\/wp-content\/uploads\/2025\/04\/Des-doutes-sur-la-politique-economique-de-Trump-stimulent-le.jpg\",\"datePublished\":\"2026-01-27T06:17:17+00:00\",\"dateModified\":\"2026-01-27T06:17:17+00:00\",\"breadcrumb\":{\"@id\":\"https:\/\/vieassociative.be\/actualites\/le-prix-de-lor-depasse-la-barre-des-5-000-dollars\/#breadcrumb\"},\"inLanguage\":\"fr-BE\",\"potentialAction\":[{\"@type\":\"ReadAction\",\"target\":[\"https:\/\/vieassociative.be\/actualites\/le-prix-de-lor-depasse-la-barre-des-5-000-dollars\/\"]}]},{\"@type\":\"ImageObject\",\"inLanguage\":\"fr-BE\",\"@id\":\"https:\/\/vieassociative.be\/actualites\/le-prix-de-lor-depasse-la-barre-des-5-000-dollars\/#primaryimage\",\"url\":\"https:\/\/vieassociative.be\/actualites\/wp-content\/uploads\/2025\/04\/Des-doutes-sur-la-politique-economique-de-Trump-stimulent-le.jpg\",\"contentUrl\":\"https:\/\/vieassociative.be\/actualites\/wp-content\/uploads\/2025\/04\/Des-doutes-sur-la-politique-economique-de-Trump-stimulent-le.jpg\",\"width\":1200,\"height\":798,\"caption\":\"Des doutes sur la politique \u00e9conomique de Trump stimulent le prix de l'or pour un nouveau record de 3 500 $\"},{\"@type\":\"BreadcrumbList\",\"@id\":\"https:\/\/vieassociative.be\/actualites\/le-prix-de-lor-depasse-la-barre-des-5-000-dollars\/#breadcrumb\",\"itemListElement\":[{\"@type\":\"ListItem\",\"position\":1,\"name\":\"Accueil\",\"item\":\"https:\/\/vieassociative.be\/actualites\/\"},{\"@type\":\"ListItem\",\"position\":2,\"name\":\"Le prix de l&rsquo;or d\u00e9passe la barre des 5 000 dollars\"}]},{\"@type\":\"WebSite\",\"@id\":\"https:\/\/vieassociative.be\/actualites\/#website\",\"url\":\"https:\/\/vieassociative.be\/actualites\/\",\"name\":\"Vie Associative\",\"description\":\"\",\"publisher\":{\"@id\":\"https:\/\/vieassociative.be\/actualites\/#organization\"},\"potentialAction\":[{\"@type\":\"SearchAction\",\"target\":{\"@type\":\"EntryPoint\",\"urlTemplate\":\"https:\/\/vieassociative.be\/actualites\/?s={search_term_string}\"},\"query-input\":{\"@type\":\"PropertyValueSpecification\",\"valueRequired\":true,\"valueName\":\"search_term_string\"}}],\"inLanguage\":\"fr-BE\"},{\"@type\":\"Organization\",\"@id\":\"https:\/\/vieassociative.be\/actualites\/#organization\",\"name\":\"Vie Associative\",\"url\":\"https:\/\/vieassociative.be\/actualites\/\",\"logo\":{\"@type\":\"ImageObject\",\"inLanguage\":\"fr-BE\",\"@id\":\"https:\/\/vieassociative.be\/actualites\/#\/schema\/logo\/image\/\",\"url\":\"https:\/\/vieassociative.be\/actualites\/wp-content\/uploads\/2024\/09\/cropped-vieassociative_favicon.ico.png\",\"contentUrl\":\"https:\/\/vieassociative.be\/actualites\/wp-content\/uploads\/2024\/09\/cropped-vieassociative_favicon.ico.png\",\"width\":512,\"height\":512,\"caption\":\"Vie Associative\"},\"image\":{\"@id\":\"https:\/\/vieassociative.be\/actualites\/#\/schema\/logo\/image\/\"}},{\"@type\":\"Person\",\"@id\":\"https:\/\/vieassociative.be\/actualites\/#\/schema\/person\/b87ac4f82f9d4e7b7cec7395b679edc4\",\"name\":\"Julien\",\"image\":{\"@type\":\"ImageObject\",\"inLanguage\":\"fr-BE\",\"@id\":\"https:\/\/vieassociative.be\/actualites\/#\/schema\/person\/image\/\",\"url\":\"https:\/\/vieassociative.be\/actualites\/wp-content\/uploads\/2024\/09\/vie-associative-1-150x150.jpg\",\"contentUrl\":\"https:\/\/vieassociative.be\/actualites\/wp-content\/uploads\/2024\/09\/vie-associative-1-150x150.jpg\",\"caption\":\"Julien\"},\"description\":\"Je suis Julien, r\u00e9dacteur pour Vie Associative. Passionn\u00e9 par le monde associatif depuis plus de 10 ans, j'ai \u00e0 c\u0153ur de partager des histoires inspirantes et de mettre en lumi\u00e8re les initiatives locales. Mon objectif est de sensibiliser et d'encourager l'engagement communautaire \u00e0 travers mes articles.\",\"sameAs\":[\"https:\/\/vieassociative.be\/\"]}]}<\/script>\n<!-- \/ Yoast SEO plugin. -->","yoast_head_json":{"title":"Le prix de l'or d\u00e9passe la barre des 5 000 dollars | Vie Associative","robots":{"index":"index","follow":"follow","max-snippet":"max-snippet:-1","max-image-preview":"max-image-preview:large","max-video-preview":"max-video-preview:-1"},"canonical":"https:\/\/vieassociative.be\/actualites\/le-prix-de-lor-depasse-la-barre-des-5-000-dollars\/","og_locale":"fr_FR","og_type":"article","og_title":"Le prix de l'or d\u00e9passe la barre des 5 000 dollars | Vie Associative","og_description":"Pour de nombreuses personnes, les bijoux, les pi\u00e8ces de monnaie ou les petits lingots d\u2019or sont des investissements. Et la valeur augmente de plus en","og_url":"https:\/\/vieassociative.be\/actualites\/le-prix-de-lor-depasse-la-barre-des-5-000-dollars\/","og_site_name":"Vie Associative","article_published_time":"2026-01-27T06:17:17+00:00","og_image":[{"width":279,"height":92,"url":"https:\/\/vieassociative.be\/actualites\/wp-content\/uploads\/2024\/09\/header_backgroundk-01-e1726694325946.png","type":"image\/png"}],"author":"Julien","twitter_card":"summary_large_image","twitter_misc":{"\u00c9crit par":"Julien","Dur\u00e9e de lecture est.":"3 minutes"},"schema":{"@context":"https:\/\/schema.org","@graph":[{"@type":"Article","@id":"https:\/\/vieassociative.be\/actualites\/le-prix-de-lor-depasse-la-barre-des-5-000-dollars\/#article","isPartOf":{"@id":"https:\/\/vieassociative.be\/actualites\/le-prix-de-lor-depasse-la-barre-des-5-000-dollars\/"},"author":{"name":"Julien","@id":"https:\/\/vieassociative.be\/actualites\/#\/schema\/person\/b87ac4f82f9d4e7b7cec7395b679edc4"},"headline":"Le prix de l&rsquo;or d\u00e9passe la barre des 5 000 dollars","datePublished":"2026-01-27T06:17:17+00:00","dateModified":"2026-01-27T06:17:17+00:00","mainEntityOfPage":{"@id":"https:\/\/vieassociative.be\/actualites\/le-prix-de-lor-depasse-la-barre-des-5-000-dollars\/"},"wordCount":723,"publisher":{"@id":"https:\/\/vieassociative.be\/actualites\/#organization"},"image":{"@id":"https:\/\/vieassociative.be\/actualites\/le-prix-de-lor-depasse-la-barre-des-5-000-dollars\/#primaryimage"},"thumbnailUrl":"https:\/\/vieassociative.be\/actualites\/wp-content\/uploads\/2025\/04\/Des-doutes-sur-la-politique-economique-de-Trump-stimulent-le.jpg","keywords":["barre","d\u00e9passe","Des","dollars","lor","prix"],"articleSection":["Belgique"],"inLanguage":"fr-BE"},{"@type":"WebPage","@id":"https:\/\/vieassociative.be\/actualites\/le-prix-de-lor-depasse-la-barre-des-5-000-dollars\/","url":"https:\/\/vieassociative.be\/actualites\/le-prix-de-lor-depasse-la-barre-des-5-000-dollars\/","name":"Le prix de l'or d\u00e9passe la barre des 5 000 dollars | Vie Associative","isPartOf":{"@id":"https:\/\/vieassociative.be\/actualites\/#website"},"primaryImageOfPage":{"@id":"https:\/\/vieassociative.be\/actualites\/le-prix-de-lor-depasse-la-barre-des-5-000-dollars\/#primaryimage"},"image":{"@id":"https:\/\/vieassociative.be\/actualites\/le-prix-de-lor-depasse-la-barre-des-5-000-dollars\/#primaryimage"},"thumbnailUrl":"https:\/\/vieassociative.be\/actualites\/wp-content\/uploads\/2025\/04\/Des-doutes-sur-la-politique-economique-de-Trump-stimulent-le.jpg","datePublished":"2026-01-27T06:17:17+00:00","dateModified":"2026-01-27T06:17:17+00:00","breadcrumb":{"@id":"https:\/\/vieassociative.be\/actualites\/le-prix-de-lor-depasse-la-barre-des-5-000-dollars\/#breadcrumb"},"inLanguage":"fr-BE","potentialAction":[{"@type":"ReadAction","target":["https:\/\/vieassociative.be\/actualites\/le-prix-de-lor-depasse-la-barre-des-5-000-dollars\/"]}]},{"@type":"ImageObject","inLanguage":"fr-BE","@id":"https:\/\/vieassociative.be\/actualites\/le-prix-de-lor-depasse-la-barre-des-5-000-dollars\/#primaryimage","url":"https:\/\/vieassociative.be\/actualites\/wp-content\/uploads\/2025\/04\/Des-doutes-sur-la-politique-economique-de-Trump-stimulent-le.jpg","contentUrl":"https:\/\/vieassociative.be\/actualites\/wp-content\/uploads\/2025\/04\/Des-doutes-sur-la-politique-economique-de-Trump-stimulent-le.jpg","width":1200,"height":798,"caption":"Des doutes sur la politique \u00e9conomique de Trump stimulent le prix de l'or pour un nouveau record de 3 500 $"},{"@type":"BreadcrumbList","@id":"https:\/\/vieassociative.be\/actualites\/le-prix-de-lor-depasse-la-barre-des-5-000-dollars\/#breadcrumb","itemListElement":[{"@type":"ListItem","position":1,"name":"Accueil","item":"https:\/\/vieassociative.be\/actualites\/"},{"@type":"ListItem","position":2,"name":"Le prix de l&rsquo;or d\u00e9passe la barre des 5 000 dollars"}]},{"@type":"WebSite","@id":"https:\/\/vieassociative.be\/actualites\/#website","url":"https:\/\/vieassociative.be\/actualites\/","name":"Vie Associative","description":"","publisher":{"@id":"https:\/\/vieassociative.be\/actualites\/#organization"},"potentialAction":[{"@type":"SearchAction","target":{"@type":"EntryPoint","urlTemplate":"https:\/\/vieassociative.be\/actualites\/?s={search_term_string}"},"query-input":{"@type":"PropertyValueSpecification","valueRequired":true,"valueName":"search_term_string"}}],"inLanguage":"fr-BE"},{"@type":"Organization","@id":"https:\/\/vieassociative.be\/actualites\/#organization","name":"Vie Associative","url":"https:\/\/vieassociative.be\/actualites\/","logo":{"@type":"ImageObject","inLanguage":"fr-BE","@id":"https:\/\/vieassociative.be\/actualites\/#\/schema\/logo\/image\/","url":"https:\/\/vieassociative.be\/actualites\/wp-content\/uploads\/2024\/09\/cropped-vieassociative_favicon.ico.png","contentUrl":"https:\/\/vieassociative.be\/actualites\/wp-content\/uploads\/2024\/09\/cropped-vieassociative_favicon.ico.png","width":512,"height":512,"caption":"Vie Associative"},"image":{"@id":"https:\/\/vieassociative.be\/actualites\/#\/schema\/logo\/image\/"}},{"@type":"Person","@id":"https:\/\/vieassociative.be\/actualites\/#\/schema\/person\/b87ac4f82f9d4e7b7cec7395b679edc4","name":"Julien","image":{"@type":"ImageObject","inLanguage":"fr-BE","@id":"https:\/\/vieassociative.be\/actualites\/#\/schema\/person\/image\/","url":"https:\/\/vieassociative.be\/actualites\/wp-content\/uploads\/2024\/09\/vie-associative-1-150x150.jpg","contentUrl":"https:\/\/vieassociative.be\/actualites\/wp-content\/uploads\/2024\/09\/vie-associative-1-150x150.jpg","caption":"Julien"},"description":"Je suis Julien, r\u00e9dacteur pour Vie Associative. Passionn\u00e9 par le monde associatif depuis plus de 10 ans, j'ai \u00e0 c\u0153ur de partager des histoires inspirantes et de mettre en lumi\u00e8re les initiatives locales. Mon objectif est de sensibiliser et d'encourager l'engagement communautaire \u00e0 travers mes articles.","sameAs":["https:\/\/vieassociative.be\/"]}]}},"_links":{"self":[{"href":"https:\/\/vieassociative.be\/actualites\/wp-json\/wp\/v2\/posts\/12379"}],"collection":[{"href":"https:\/\/vieassociative.be\/actualites\/wp-json\/wp\/v2\/posts"}],"about":[{"href":"https:\/\/vieassociative.be\/actualites\/wp-json\/wp\/v2\/types\/post"}],"author":[{"embeddable":true,"href":"https:\/\/vieassociative.be\/actualites\/wp-json\/wp\/v2\/users\/1"}],"replies":[{"embeddable":true,"href":"https:\/\/vieassociative.be\/actualites\/wp-json\/wp\/v2\/comments?post=12379"}],"version-history":[{"count":0,"href":"https:\/\/vieassociative.be\/actualites\/wp-json\/wp\/v2\/posts\/12379\/revisions"}],"wp:featuredmedia":[{"embeddable":true,"href":"https:\/\/vieassociative.be\/actualites\/wp-json\/wp\/v2\/media\/6954"}],"wp:attachment":[{"href":"https:\/\/vieassociative.be\/actualites\/wp-json\/wp\/v2\/media?parent=12379"}],"wp:term":[{"taxonomy":"category","embeddable":true,"href":"https:\/\/vieassociative.be\/actualites\/wp-json\/wp\/v2\/categories?post=12379"},{"taxonomy":"post_tag","embeddable":true,"href":"https:\/\/vieassociative.be\/actualites\/wp-json\/wp\/v2\/tags?post=12379"}],"curies":[{"name":"wp","href":"https:\/\/api.w.org\/{rel}","templated":true}]}}