{"id":12377,"date":"2026-01-27T06:17:23","date_gmt":"2026-01-27T05:17:23","guid":{"rendered":"https:\/\/vieassociative.be\/actualites\/nous-savons-maintenant-ce-qui-a-cause-la-panne-de-tiktok\/"},"modified":"2026-01-27T06:17:23","modified_gmt":"2026-01-27T05:17:23","slug":"nous-savons-maintenant-ce-qui-a-cause-la-panne-de-tiktok","status":"publish","type":"post","link":"https:\/\/vieassociative.be\/actualites\/nous-savons-maintenant-ce-qui-a-cause-la-panne-de-tiktok\/","title":{"rendered":"Nous savons maintenant ce qui a caus\u00e9 la panne de TikTok"},"content":{"rendered":"<p>Si vous avez essay\u00e9 de sauter sur TikTok dimanche, vous avez peut-\u00eatre remarqu\u00e9 quelque chose d&rsquo;\u00e9trange\u00a0: l&rsquo;application ne fonctionnait pas. Des pannes se produisent, bien s\u00fbr, comme peut en t\u00e9moigner toute personne poss\u00e9dant Verizon. Mais sur le moment, les th\u00e9ories volaient \u00e0 droite et \u00e0 gauche. TikTok venait tout juste de passer officiellement sous le contr\u00f4le des \u00c9tats-Unis, ce qui a amen\u00e9 certains \u00e0 sp\u00e9culer que la panne avait quelque chose \u00e0 voir avec ce changement de propri\u00e9taire. Comme l&rsquo;a dit un utilisateur, \u00ab\u00a0TikTok \u00e9tant en panne quelques jours apr\u00e8s que les personnes qu&rsquo;ils ont \u00e9t\u00e9 forc\u00e9s de vendre pour le reprendre ne semblent pas \u00eatre une co\u00efncidence\u00a0\u00bb. <\/p>\n<p>Il se trouve que la rel\u00e8ve de la garde semble \u00eatre responsable de la panne, mais pas de la mani\u00e8re dont certaines th\u00e9ories du complot pourraient le sugg\u00e9rer. TikTok a finalement publi\u00e9 une d\u00e9claration lundi matin, attribuant la panne \u00e0 des probl\u00e8mes dans un centre de donn\u00e9es am\u00e9ricain. La d\u00e9claration est la suivante : \u00ab\u00a0Depuis hier, nous travaillons pour restaurer nos services suite \u00e0 une panne de courant dans un centre de donn\u00e9es am\u00e9ricain affectant TikTok et d&rsquo;autres applications que nous exploitons. Nous travaillons avec notre partenaire de centre de donn\u00e9es pour stabiliser notre service. Nous sommes d\u00e9sol\u00e9s pour cette perturbation et esp\u00e9rons la r\u00e9soudre bient\u00f4t.\u00a0\u00bb   <\/p>\n<h2 id=\"the-outage-might-not-be-the-only-thing-different-about-tiktok\">La panne n\u2019est peut-\u00eatre pas la seule chose diff\u00e9rente \u00e0 propos de TikTok<\/h2>\n<p>De son c\u00f4t\u00e9, TikTok est tr\u00e8s op\u00e9rationnel en ce moment. Si le probl\u00e8me \u00e9tait r\u00e9ellement limit\u00e9 \u00e0 une panne de courant dans ce centre de donn\u00e9es, ce centre de donn\u00e9es semble avoir r\u00e9par\u00e9 les choses. Mais cela ne signifie pas pour autant que la r\u00e9putation de l\u2019entreprise est rafistol\u00e9e. Les utilisateurs accusent les nouveaux propri\u00e9taires de l&rsquo;application d&rsquo;avoir modifi\u00e9 l&rsquo;algorithme, se plaignant de la r\u00e9initialisation des pages For You, du contenu non pertinent dans les flux et du contenu g\u00e9n\u00e9r\u00e9 par l&rsquo;IA. J&rsquo;ai vu des utilisateurs accuser l&rsquo;application de bloquer les contenus anti-Trump et anti-ICE, tandis que le com\u00e9dien Gianmarco Soresi affirme que m\u00eame certains de ses TikToks apolitiques n&rsquo;ont \u00ab aucune vue \u00bb, ce qu&rsquo;il attribue \u00e0 l&rsquo;inefficacit\u00e9 des personnes qui g\u00e8rent l&rsquo;application. (J&rsquo;ai contact\u00e9 TikTok pour commenter les rapports des utilisateurs sur les modifications apport\u00e9es \u00e0 l&rsquo;algorithme et je le mettrai \u00e0 jour si j&rsquo;ai une r\u00e9ponse.)<\/p>\n<p>Il nous faudra plus de temps pour savoir si des changements s\u00e9rieux ont \u00e9t\u00e9 apport\u00e9s \u00e0 l&rsquo;algorithme de TikTok et aux flux des utilisateurs \u00e0 la suite de cette vente. Mais l&rsquo;application <em>est<\/em> en cours d&rsquo;ex\u00e9cution &#8211; du moins, pour l&rsquo;instant.  <\/p>\n","protected":false},"excerpt":{"rendered":"<p>Si vous avez essay\u00e9 de sauter sur TikTok dimanche, vous avez peut-\u00eatre remarqu\u00e9 quelque chose d&rsquo;\u00e9trange\u00a0: l&rsquo;application ne fonctionnait pas. Des pannes se produisent, bien<\/p>\n","protected":false},"author":1,"featured_media":12378,"comment_status":"","ping_status":"","sticky":false,"template":"","format":"standard","meta":{"footnotes":""},"categories":[13],"tags":[9283,233,393,1137,99,4320,75],"class_list":["post-12377","post","type-post","status-publish","format-standard","has-post-thumbnail","hentry","category-technologie","tag-cause","tag-maintenant","tag-nous","tag-panne","tag-qui","tag-savons","tag-tiktok","generate-columns","tablet-grid-50","mobile-grid-100","grid-parent","grid-33"],"yoast_head":"<!-- This site is optimized with the Yoast SEO plugin v24.0 - https:\/\/yoast.com\/wordpress\/plugins\/seo\/ -->\n<title>Nous savons maintenant ce qui a caus\u00e9 la panne de TikTok | Vie Associative<\/title>\n<meta name=\"robots\" content=\"index, follow, max-snippet:-1, max-image-preview:large, max-video-preview:-1\" \/>\n<link rel=\"canonical\" href=\"https:\/\/vieassociative.be\/actualites\/nous-savons-maintenant-ce-qui-a-cause-la-panne-de-tiktok\/\" \/>\n<meta property=\"og:locale\" content=\"fr_FR\" \/>\n<meta property=\"og:type\" content=\"article\" \/>\n<meta property=\"og:title\" content=\"Nous savons maintenant ce qui a caus\u00e9 la panne de TikTok | Vie Associative\" \/>\n<meta property=\"og:description\" content=\"Si vous avez essay\u00e9 de sauter sur TikTok dimanche, vous avez peut-\u00eatre remarqu\u00e9 quelque chose d&rsquo;\u00e9trange\u00a0: l&rsquo;application ne fonctionnait pas. Des pannes se produisent, bien\" \/>\n<meta property=\"og:url\" content=\"https:\/\/vieassociative.be\/actualites\/nous-savons-maintenant-ce-qui-a-cause-la-panne-de-tiktok\/\" \/>\n<meta property=\"og:site_name\" content=\"Vie Associative\" \/>\n<meta property=\"article:published_time\" content=\"2026-01-27T05:17:23+00:00\" \/>\n<meta property=\"og:image\" content=\"https:\/\/vieassociative.be\/actualites\/wp-content\/uploads\/2024\/09\/header_backgroundk-01-e1726694325946.png\" \/>\n\t<meta property=\"og:image:width\" content=\"279\" \/>\n\t<meta property=\"og:image:height\" content=\"92\" \/>\n\t<meta property=\"og:image:type\" content=\"image\/png\" \/>\n<meta name=\"author\" content=\"Julien\" \/>\n<meta name=\"twitter:card\" content=\"summary_large_image\" \/>\n<meta name=\"twitter:label1\" content=\"\u00c9crit par\" \/>\n\t<meta name=\"twitter:data1\" content=\"Julien\" \/>\n\t<meta name=\"twitter:label2\" content=\"Dur\u00e9e de lecture est.\" \/>\n\t<meta name=\"twitter:data2\" content=\"2 minutes\" \/>\n<script type=\"application\/ld+json\" class=\"yoast-schema-graph\">{\"@context\":\"https:\/\/schema.org\",\"@graph\":[{\"@type\":\"Article\",\"@id\":\"https:\/\/vieassociative.be\/actualites\/nous-savons-maintenant-ce-qui-a-cause-la-panne-de-tiktok\/#article\",\"isPartOf\":{\"@id\":\"https:\/\/vieassociative.be\/actualites\/nous-savons-maintenant-ce-qui-a-cause-la-panne-de-tiktok\/\"},\"author\":{\"name\":\"Julien\",\"@id\":\"https:\/\/vieassociative.be\/actualites\/#\/schema\/person\/b87ac4f82f9d4e7b7cec7395b679edc4\"},\"headline\":\"Nous savons maintenant ce qui a caus\u00e9 la panne de TikTok\",\"datePublished\":\"2026-01-27T05:17:23+00:00\",\"dateModified\":\"2026-01-27T05:17:23+00:00\",\"mainEntityOfPage\":{\"@id\":\"https:\/\/vieassociative.be\/actualites\/nous-savons-maintenant-ce-qui-a-cause-la-panne-de-tiktok\/\"},\"wordCount\":488,\"publisher\":{\"@id\":\"https:\/\/vieassociative.be\/actualites\/#organization\"},\"image\":{\"@id\":\"https:\/\/vieassociative.be\/actualites\/nous-savons-maintenant-ce-qui-a-cause-la-panne-de-tiktok\/#primaryimage\"},\"thumbnailUrl\":\"https:\/\/vieassociative.be\/actualites\/wp-content\/uploads\/2026\/01\/1769491044_Nous-savons-maintenant-ce-qui-a-cause-la-panne-de.jpg\",\"keywords\":[\"caus\u00e9\",\"maintenant\",\"nous\",\"panne\",\"qui\",\"savons\",\"TikTok\"],\"articleSection\":[\"Technologie\"],\"inLanguage\":\"fr-BE\"},{\"@type\":\"WebPage\",\"@id\":\"https:\/\/vieassociative.be\/actualites\/nous-savons-maintenant-ce-qui-a-cause-la-panne-de-tiktok\/\",\"url\":\"https:\/\/vieassociative.be\/actualites\/nous-savons-maintenant-ce-qui-a-cause-la-panne-de-tiktok\/\",\"name\":\"Nous savons maintenant ce qui a caus\u00e9 la panne de TikTok | Vie Associative\",\"isPartOf\":{\"@id\":\"https:\/\/vieassociative.be\/actualites\/#website\"},\"primaryImageOfPage\":{\"@id\":\"https:\/\/vieassociative.be\/actualites\/nous-savons-maintenant-ce-qui-a-cause-la-panne-de-tiktok\/#primaryimage\"},\"image\":{\"@id\":\"https:\/\/vieassociative.be\/actualites\/nous-savons-maintenant-ce-qui-a-cause-la-panne-de-tiktok\/#primaryimage\"},\"thumbnailUrl\":\"https:\/\/vieassociative.be\/actualites\/wp-content\/uploads\/2026\/01\/1769491044_Nous-savons-maintenant-ce-qui-a-cause-la-panne-de.jpg\",\"datePublished\":\"2026-01-27T05:17:23+00:00\",\"dateModified\":\"2026-01-27T05:17:23+00:00\",\"breadcrumb\":{\"@id\":\"https:\/\/vieassociative.be\/actualites\/nous-savons-maintenant-ce-qui-a-cause-la-panne-de-tiktok\/#breadcrumb\"},\"inLanguage\":\"fr-BE\",\"potentialAction\":[{\"@type\":\"ReadAction\",\"target\":[\"https:\/\/vieassociative.be\/actualites\/nous-savons-maintenant-ce-qui-a-cause-la-panne-de-tiktok\/\"]}]},{\"@type\":\"ImageObject\",\"inLanguage\":\"fr-BE\",\"@id\":\"https:\/\/vieassociative.be\/actualites\/nous-savons-maintenant-ce-qui-a-cause-la-panne-de-tiktok\/#primaryimage\",\"url\":\"https:\/\/vieassociative.be\/actualites\/wp-content\/uploads\/2026\/01\/1769491044_Nous-savons-maintenant-ce-qui-a-cause-la-panne-de.jpg\",\"contentUrl\":\"https:\/\/vieassociative.be\/actualites\/wp-content\/uploads\/2026\/01\/1769491044_Nous-savons-maintenant-ce-qui-a-cause-la-panne-de.jpg\",\"width\":1200,\"height\":675,\"caption\":\"Nous savons maintenant ce qui a caus\u00e9 la panne de TikTok\"},{\"@type\":\"BreadcrumbList\",\"@id\":\"https:\/\/vieassociative.be\/actualites\/nous-savons-maintenant-ce-qui-a-cause-la-panne-de-tiktok\/#breadcrumb\",\"itemListElement\":[{\"@type\":\"ListItem\",\"position\":1,\"name\":\"Accueil\",\"item\":\"https:\/\/vieassociative.be\/actualites\/\"},{\"@type\":\"ListItem\",\"position\":2,\"name\":\"Nous savons maintenant ce qui a caus\u00e9 la panne de TikTok\"}]},{\"@type\":\"WebSite\",\"@id\":\"https:\/\/vieassociative.be\/actualites\/#website\",\"url\":\"https:\/\/vieassociative.be\/actualites\/\",\"name\":\"Vie Associative\",\"description\":\"\",\"publisher\":{\"@id\":\"https:\/\/vieassociative.be\/actualites\/#organization\"},\"potentialAction\":[{\"@type\":\"SearchAction\",\"target\":{\"@type\":\"EntryPoint\",\"urlTemplate\":\"https:\/\/vieassociative.be\/actualites\/?s={search_term_string}\"},\"query-input\":{\"@type\":\"PropertyValueSpecification\",\"valueRequired\":true,\"valueName\":\"search_term_string\"}}],\"inLanguage\":\"fr-BE\"},{\"@type\":\"Organization\",\"@id\":\"https:\/\/vieassociative.be\/actualites\/#organization\",\"name\":\"Vie Associative\",\"url\":\"https:\/\/vieassociative.be\/actualites\/\",\"logo\":{\"@type\":\"ImageObject\",\"inLanguage\":\"fr-BE\",\"@id\":\"https:\/\/vieassociative.be\/actualites\/#\/schema\/logo\/image\/\",\"url\":\"https:\/\/vieassociative.be\/actualites\/wp-content\/uploads\/2024\/09\/cropped-vieassociative_favicon.ico.png\",\"contentUrl\":\"https:\/\/vieassociative.be\/actualites\/wp-content\/uploads\/2024\/09\/cropped-vieassociative_favicon.ico.png\",\"width\":512,\"height\":512,\"caption\":\"Vie Associative\"},\"image\":{\"@id\":\"https:\/\/vieassociative.be\/actualites\/#\/schema\/logo\/image\/\"}},{\"@type\":\"Person\",\"@id\":\"https:\/\/vieassociative.be\/actualites\/#\/schema\/person\/b87ac4f82f9d4e7b7cec7395b679edc4\",\"name\":\"Julien\",\"image\":{\"@type\":\"ImageObject\",\"inLanguage\":\"fr-BE\",\"@id\":\"https:\/\/vieassociative.be\/actualites\/#\/schema\/person\/image\/\",\"url\":\"https:\/\/vieassociative.be\/actualites\/wp-content\/uploads\/2024\/09\/vie-associative-1-150x150.jpg\",\"contentUrl\":\"https:\/\/vieassociative.be\/actualites\/wp-content\/uploads\/2024\/09\/vie-associative-1-150x150.jpg\",\"caption\":\"Julien\"},\"description\":\"Je suis Julien, r\u00e9dacteur pour Vie Associative. Passionn\u00e9 par le monde associatif depuis plus de 10 ans, j'ai \u00e0 c\u0153ur de partager des histoires inspirantes et de mettre en lumi\u00e8re les initiatives locales. Mon objectif est de sensibiliser et d'encourager l'engagement communautaire \u00e0 travers mes articles.\",\"sameAs\":[\"https:\/\/vieassociative.be\/\"]}]}<\/script>\n<!-- \/ Yoast SEO plugin. -->","yoast_head_json":{"title":"Nous savons maintenant ce qui a caus\u00e9 la panne de TikTok | Vie Associative","robots":{"index":"index","follow":"follow","max-snippet":"max-snippet:-1","max-image-preview":"max-image-preview:large","max-video-preview":"max-video-preview:-1"},"canonical":"https:\/\/vieassociative.be\/actualites\/nous-savons-maintenant-ce-qui-a-cause-la-panne-de-tiktok\/","og_locale":"fr_FR","og_type":"article","og_title":"Nous savons maintenant ce qui a caus\u00e9 la panne de TikTok | Vie Associative","og_description":"Si vous avez essay\u00e9 de sauter sur TikTok dimanche, vous avez peut-\u00eatre remarqu\u00e9 quelque chose d&rsquo;\u00e9trange\u00a0: l&rsquo;application ne fonctionnait pas. Des pannes se produisent, bien","og_url":"https:\/\/vieassociative.be\/actualites\/nous-savons-maintenant-ce-qui-a-cause-la-panne-de-tiktok\/","og_site_name":"Vie Associative","article_published_time":"2026-01-27T05:17:23+00:00","og_image":[{"width":279,"height":92,"url":"https:\/\/vieassociative.be\/actualites\/wp-content\/uploads\/2024\/09\/header_backgroundk-01-e1726694325946.png","type":"image\/png"}],"author":"Julien","twitter_card":"summary_large_image","twitter_misc":{"\u00c9crit par":"Julien","Dur\u00e9e de lecture est.":"2 minutes"},"schema":{"@context":"https:\/\/schema.org","@graph":[{"@type":"Article","@id":"https:\/\/vieassociative.be\/actualites\/nous-savons-maintenant-ce-qui-a-cause-la-panne-de-tiktok\/#article","isPartOf":{"@id":"https:\/\/vieassociative.be\/actualites\/nous-savons-maintenant-ce-qui-a-cause-la-panne-de-tiktok\/"},"author":{"name":"Julien","@id":"https:\/\/vieassociative.be\/actualites\/#\/schema\/person\/b87ac4f82f9d4e7b7cec7395b679edc4"},"headline":"Nous savons maintenant ce qui a caus\u00e9 la panne de TikTok","datePublished":"2026-01-27T05:17:23+00:00","dateModified":"2026-01-27T05:17:23+00:00","mainEntityOfPage":{"@id":"https:\/\/vieassociative.be\/actualites\/nous-savons-maintenant-ce-qui-a-cause-la-panne-de-tiktok\/"},"wordCount":488,"publisher":{"@id":"https:\/\/vieassociative.be\/actualites\/#organization"},"image":{"@id":"https:\/\/vieassociative.be\/actualites\/nous-savons-maintenant-ce-qui-a-cause-la-panne-de-tiktok\/#primaryimage"},"thumbnailUrl":"https:\/\/vieassociative.be\/actualites\/wp-content\/uploads\/2026\/01\/1769491044_Nous-savons-maintenant-ce-qui-a-cause-la-panne-de.jpg","keywords":["caus\u00e9","maintenant","nous","panne","qui","savons","TikTok"],"articleSection":["Technologie"],"inLanguage":"fr-BE"},{"@type":"WebPage","@id":"https:\/\/vieassociative.be\/actualites\/nous-savons-maintenant-ce-qui-a-cause-la-panne-de-tiktok\/","url":"https:\/\/vieassociative.be\/actualites\/nous-savons-maintenant-ce-qui-a-cause-la-panne-de-tiktok\/","name":"Nous savons maintenant ce qui a caus\u00e9 la panne de TikTok | Vie Associative","isPartOf":{"@id":"https:\/\/vieassociative.be\/actualites\/#website"},"primaryImageOfPage":{"@id":"https:\/\/vieassociative.be\/actualites\/nous-savons-maintenant-ce-qui-a-cause-la-panne-de-tiktok\/#primaryimage"},"image":{"@id":"https:\/\/vieassociative.be\/actualites\/nous-savons-maintenant-ce-qui-a-cause-la-panne-de-tiktok\/#primaryimage"},"thumbnailUrl":"https:\/\/vieassociative.be\/actualites\/wp-content\/uploads\/2026\/01\/1769491044_Nous-savons-maintenant-ce-qui-a-cause-la-panne-de.jpg","datePublished":"2026-01-27T05:17:23+00:00","dateModified":"2026-01-27T05:17:23+00:00","breadcrumb":{"@id":"https:\/\/vieassociative.be\/actualites\/nous-savons-maintenant-ce-qui-a-cause-la-panne-de-tiktok\/#breadcrumb"},"inLanguage":"fr-BE","potentialAction":[{"@type":"ReadAction","target":["https:\/\/vieassociative.be\/actualites\/nous-savons-maintenant-ce-qui-a-cause-la-panne-de-tiktok\/"]}]},{"@type":"ImageObject","inLanguage":"fr-BE","@id":"https:\/\/vieassociative.be\/actualites\/nous-savons-maintenant-ce-qui-a-cause-la-panne-de-tiktok\/#primaryimage","url":"https:\/\/vieassociative.be\/actualites\/wp-content\/uploads\/2026\/01\/1769491044_Nous-savons-maintenant-ce-qui-a-cause-la-panne-de.jpg","contentUrl":"https:\/\/vieassociative.be\/actualites\/wp-content\/uploads\/2026\/01\/1769491044_Nous-savons-maintenant-ce-qui-a-cause-la-panne-de.jpg","width":1200,"height":675,"caption":"Nous savons maintenant ce qui a caus\u00e9 la panne de TikTok"},{"@type":"BreadcrumbList","@id":"https:\/\/vieassociative.be\/actualites\/nous-savons-maintenant-ce-qui-a-cause-la-panne-de-tiktok\/#breadcrumb","itemListElement":[{"@type":"ListItem","position":1,"name":"Accueil","item":"https:\/\/vieassociative.be\/actualites\/"},{"@type":"ListItem","position":2,"name":"Nous savons maintenant ce qui a caus\u00e9 la panne de TikTok"}]},{"@type":"WebSite","@id":"https:\/\/vieassociative.be\/actualites\/#website","url":"https:\/\/vieassociative.be\/actualites\/","name":"Vie Associative","description":"","publisher":{"@id":"https:\/\/vieassociative.be\/actualites\/#organization"},"potentialAction":[{"@type":"SearchAction","target":{"@type":"EntryPoint","urlTemplate":"https:\/\/vieassociative.be\/actualites\/?s={search_term_string}"},"query-input":{"@type":"PropertyValueSpecification","valueRequired":true,"valueName":"search_term_string"}}],"inLanguage":"fr-BE"},{"@type":"Organization","@id":"https:\/\/vieassociative.be\/actualites\/#organization","name":"Vie Associative","url":"https:\/\/vieassociative.be\/actualites\/","logo":{"@type":"ImageObject","inLanguage":"fr-BE","@id":"https:\/\/vieassociative.be\/actualites\/#\/schema\/logo\/image\/","url":"https:\/\/vieassociative.be\/actualites\/wp-content\/uploads\/2024\/09\/cropped-vieassociative_favicon.ico.png","contentUrl":"https:\/\/vieassociative.be\/actualites\/wp-content\/uploads\/2024\/09\/cropped-vieassociative_favicon.ico.png","width":512,"height":512,"caption":"Vie Associative"},"image":{"@id":"https:\/\/vieassociative.be\/actualites\/#\/schema\/logo\/image\/"}},{"@type":"Person","@id":"https:\/\/vieassociative.be\/actualites\/#\/schema\/person\/b87ac4f82f9d4e7b7cec7395b679edc4","name":"Julien","image":{"@type":"ImageObject","inLanguage":"fr-BE","@id":"https:\/\/vieassociative.be\/actualites\/#\/schema\/person\/image\/","url":"https:\/\/vieassociative.be\/actualites\/wp-content\/uploads\/2024\/09\/vie-associative-1-150x150.jpg","contentUrl":"https:\/\/vieassociative.be\/actualites\/wp-content\/uploads\/2024\/09\/vie-associative-1-150x150.jpg","caption":"Julien"},"description":"Je suis Julien, r\u00e9dacteur pour Vie Associative. Passionn\u00e9 par le monde associatif depuis plus de 10 ans, j'ai \u00e0 c\u0153ur de partager des histoires inspirantes et de mettre en lumi\u00e8re les initiatives locales. Mon objectif est de sensibiliser et d'encourager l'engagement communautaire \u00e0 travers mes articles.","sameAs":["https:\/\/vieassociative.be\/"]}]}},"_links":{"self":[{"href":"https:\/\/vieassociative.be\/actualites\/wp-json\/wp\/v2\/posts\/12377"}],"collection":[{"href":"https:\/\/vieassociative.be\/actualites\/wp-json\/wp\/v2\/posts"}],"about":[{"href":"https:\/\/vieassociative.be\/actualites\/wp-json\/wp\/v2\/types\/post"}],"author":[{"embeddable":true,"href":"https:\/\/vieassociative.be\/actualites\/wp-json\/wp\/v2\/users\/1"}],"replies":[{"embeddable":true,"href":"https:\/\/vieassociative.be\/actualites\/wp-json\/wp\/v2\/comments?post=12377"}],"version-history":[{"count":0,"href":"https:\/\/vieassociative.be\/actualites\/wp-json\/wp\/v2\/posts\/12377\/revisions"}],"wp:featuredmedia":[{"embeddable":true,"href":"https:\/\/vieassociative.be\/actualites\/wp-json\/wp\/v2\/media\/12378"}],"wp:attachment":[{"href":"https:\/\/vieassociative.be\/actualites\/wp-json\/wp\/v2\/media?parent=12377"}],"wp:term":[{"taxonomy":"category","embeddable":true,"href":"https:\/\/vieassociative.be\/actualites\/wp-json\/wp\/v2\/categories?post=12377"},{"taxonomy":"post_tag","embeddable":true,"href":"https:\/\/vieassociative.be\/actualites\/wp-json\/wp\/v2\/tags?post=12377"}],"curies":[{"name":"wp","href":"https:\/\/api.w.org\/{rel}","templated":true}]}}