{"id":12375,"date":"2026-01-27T01:17:24","date_gmt":"2026-01-27T00:17:24","guid":{"rendered":"https:\/\/vieassociative.be\/actualites\/la-police-vous-rappelle-que-vous-ne-devez-pas-quitter-votre-voiture-tant-quelle-nest-pas-verrouillee\/"},"modified":"2026-01-27T01:17:24","modified_gmt":"2026-01-27T00:17:24","slug":"la-police-vous-rappelle-que-vous-ne-devez-pas-quitter-votre-voiture-tant-quelle-nest-pas-verrouillee","status":"publish","type":"post","link":"https:\/\/vieassociative.be\/actualites\/la-police-vous-rappelle-que-vous-ne-devez-pas-quitter-votre-voiture-tant-quelle-nest-pas-verrouillee\/","title":{"rendered":"La police vous rappelle que vous ne devez pas quitter votre voiture tant qu&rsquo;elle n&rsquo;est pas verrouill\u00e9e"},"content":{"rendered":"<p><strong>Il y avait beaucoup \u00e0 faire ce week-end pour la zone de police de Weser-G\u00f6hl, comme le montre le rapport de police de lundi. Plusieurs missions ont eu lieu entre le 23 et le 26 janvier 2026.<\/strong><\/p>\n<p><span id=\"more-434746\"><\/span><strong>\u2013 Vols dans des v\u00e9hicules \u00e0 Eupen et Kettenis :<\/strong> Le 23 janvier, plusieurs citoyens d&rsquo;Eupen et de Kettenis ont signal\u00e9 que des personnes \u00e9taient mont\u00e9es dans leur v\u00e9hicule et que divers objets et esp\u00e8ces avaient \u00e9t\u00e9 vol\u00e9s. Les vols ont eu lieu, entre autres, dans les rues Rotenberg, Talstrasse, De Grand Ry-Strasse et Am Kalkofen. La police enqu\u00eate.<\/p>\n<p><em>Les v\u00e9hicules concern\u00e9s n&rsquo;\u00e9taient probablement pas correctement verrouill\u00e9s. Ainsi, la Zone de Police Weser-G\u00f6hl rappelle que le Code de la route belge pr\u00e9cise que le conducteur ne doit pas quitter le v\u00e9hicule sans prendre les pr\u00e9cautions n\u00e9cessaires pour \u00e9viter tout accident et toute utilisation abusive par des tiers. Si le v\u00e9hicule est \u00e9quip\u00e9 d&rsquo;un antivol, celui-ci DOIT \u00eatre utilis\u00e9.<\/em><\/p>\n<div id=\"attachment_333560\" class=\"wp-caption alignleft\" style=\"max-width: 300px\"><img fetchpriority=\"high\" decoding=\"async\" class=\"wp-image-333560 size-medium\" src=\"https:\/\/vieassociative.be\/actualites\/wp-content\/uploads\/2025\/10\/Controle-des-camions-17-fonctionnaires-en-action-de-nombreuses-violations.jpeg\" alt=\"\" width=\"300\" height=\"200\"  ><\/div>\n<p><em>Si vous avez \u00e9t\u00e9 victime d&rsquo;un vol, vous devez toujours appeler la police sur place (num\u00e9ro d&rsquo;urgence 101) afin de proc\u00e9der aux premi\u00e8res constatations avant que les traces ne soient rendues inutilisables.<\/em><\/p>\n<p><strong>\u2013 Vol au supermarch\u00e9 d\u2019Eupen :<\/strong> Le 23 janvier vers 15h30, un vol dans un supermarch\u00e9 de la Herbesthaler Stra\u00dfe \u00e0 Eupen a \u00e9t\u00e9 signal\u00e9 \u00e0 la zone de police de Weser-G\u00f6hl. Un jeune homme a \u00e9t\u00e9 interpell\u00e9 par un agent de s\u00e9curit\u00e9 d&rsquo;un magasin alors qu&rsquo;il \u00e9tait t\u00e9moin d&rsquo;un vol. L&rsquo;Eupennais avait vol\u00e9 divers objets \u00e9lectroniques d&rsquo;une valeur d&rsquo;environ 150 euros, dont des \u00e9couteurs, des powerbanks et un haut-parleur. Il a \u00e9t\u00e9 arr\u00eat\u00e9 et mis \u00e0 la disposition du procureur de la R\u00e9publique.<\/p>\n<p><strong>\u2013 Contr\u00f4le de la circulation \u00e0 Hauset :<\/strong> Le 2301 vers 19h30, des policiers ont proc\u00e9d\u00e9 \u00e0 un contr\u00f4le routier dans la Aachener Stra\u00dfe \u00e0 Hauset. Un homme \u00e2g\u00e9 de Raeren a tent\u00e9 d&rsquo;\u00e9chapper au test d&rsquo;alcool\u00e9mie en n&rsquo;arr\u00eatant pas son v\u00e9hicule, en d\u00e9tournant la t\u00eate du test et en acc\u00e9l\u00e9rant finalement pour s&rsquo;enfuir. Les policiers ont pu le poursuivre, l&rsquo;arr\u00eater dans la rue Frepert et le contr\u00f4ler. L&rsquo;homme a d\u00e9clar\u00e9 qu&rsquo;il \u00e9tait encore capable de conduire. L&rsquo;alcootest a prouv\u00e9 le contraire. Il a re\u00e7u une suspension de permis de conduire de 15 jours et plusieurs rapports.<\/p>\n<div id=\"attachment_77836\" class=\"wp-caption alignleft\" style=\"max-width: 300px\"><img decoding=\"async\" class=\"wp-image-77836 size-medium\" src=\"https:\/\/vieassociative.be\/actualites\/wp-content\/uploads\/2025\/12\/395-euros-pour-eviter-les-controles-dalcool-de-la-police.jpg\" alt=\"\" width=\"300\" height=\"207\"  ><\/div>\n<p><strong>\u2013 Contr\u00f4les de bus \u00e0 Eynatten :<\/strong> Le 23 janvier vers 20h40, des policiers ont contr\u00f4l\u00e9 un bus dans la Aachener Stra\u00dfe \u00e0 Eynatten. Un passager \u00e9tait visiblement sous l&#8217;emprise de drogues et a imm\u00e9diatement d\u00e9clar\u00e9 qu&rsquo;il transportait de la drogue avec lui. Environ 6 grammes de cannabis et d&rsquo;amph\u00e9tamines ont \u00e9t\u00e9 saisis. Le jeune homme de Saint-Vith a \u00e9t\u00e9 enregistr\u00e9. Le m\u00eame jour, vers 21h20, un jeune homme de Raeren, qui transportait \u00e9galement du cannabis, a \u00e9galement \u00e9t\u00e9 contr\u00f4l\u00e9 et a \u00e9t\u00e9 signal\u00e9.<\/p>\n<p><strong>\u2013 Accident de la route avec bless\u00e9 \u00e0 Eupen :<\/strong> Le 24\/01. Vers 10h50, une femme a signal\u00e9 un accident de la route avec un bless\u00e9 dans la N\u00f6retherstrasse \u00e0 Eupen. Le conducteur, un jeune homme de Kettenis, avait probablement n\u00e9glig\u00e9 un arbre et \u00e9tait entr\u00e9 en collision avec celui-ci. Les tests d&rsquo;alcool\u00e9mie et de drogue se sont r\u00e9v\u00e9l\u00e9s n\u00e9gatifs. La voiture a \u00e9t\u00e9 d\u00e9truite et a d\u00fb \u00eatre remorqu\u00e9e. Le conducteur a \u00e9t\u00e9 transport\u00e9 \u00e0 l&rsquo;h\u00f4pital d&rsquo;Eupen.<\/p>\n<p><strong>\u2013 Contr\u00f4le de la circulation \u00e0 Eupen :<\/strong> Dans la soir\u00e9e du 25 janvier, des policiers ont proc\u00e9d\u00e9 \u00e0 un contr\u00f4le routier dans la Herbesthaler Stra\u00dfe \u00e0 Eupen. 98 conducteurs ont \u00e9t\u00e9 test\u00e9s pour leur consommation d&rsquo;alcool. Vers 21h30, deux jeunes Bruxellois ont \u00e9t\u00e9 contr\u00f4l\u00e9s sans porter correctement leur ceinture de s\u00e9curit\u00e9. Ils ont re\u00e7u un protocole.<\/p>\n","protected":false},"excerpt":{"rendered":"<p>Il y avait beaucoup \u00e0 faire ce week-end pour la zone de police de Weser-G\u00f6hl, comme le montre le rapport de police de lundi. Plusieurs<\/p>\n","protected":false},"author":1,"featured_media":12376,"comment_status":"","ping_status":"","sticky":false,"template":"","format":"standard","meta":{"footnotes":""},"categories":[298],"tags":[1086,1082,126,2741,1411,1746,5024,1745,9869,1229,8,4],"class_list":["post-12375","post","type-post","status-publish","format-standard","has-post-thumbnail","hentry","category-belgique","tag-devez","tag-nest","tag-pas","tag-police","tag-quelle","tag-quitter","tag-rappelle","tag-tant","tag-verrouillee","tag-voiture","tag-votre","tag-vous","generate-columns","tablet-grid-50","mobile-grid-100","grid-parent","grid-33"],"yoast_head":"<!-- This site is optimized with the Yoast SEO plugin v24.0 - https:\/\/yoast.com\/wordpress\/plugins\/seo\/ -->\n<title>La police vous rappelle que vous ne devez pas quitter votre voiture tant qu&#039;elle n&#039;est pas verrouill\u00e9e | Vie Associative<\/title>\n<meta name=\"robots\" content=\"index, follow, max-snippet:-1, max-image-preview:large, max-video-preview:-1\" \/>\n<link rel=\"canonical\" href=\"https:\/\/vieassociative.be\/actualites\/la-police-vous-rappelle-que-vous-ne-devez-pas-quitter-votre-voiture-tant-quelle-nest-pas-verrouillee\/\" \/>\n<meta property=\"og:locale\" content=\"fr_FR\" \/>\n<meta property=\"og:type\" content=\"article\" \/>\n<meta property=\"og:title\" content=\"La police vous rappelle que vous ne devez pas quitter votre voiture tant qu&#039;elle n&#039;est pas verrouill\u00e9e | Vie Associative\" \/>\n<meta property=\"og:description\" content=\"Il y avait beaucoup \u00e0 faire ce week-end pour la zone de police de Weser-G\u00f6hl, comme le montre le rapport de police de lundi. Plusieurs\" \/>\n<meta property=\"og:url\" content=\"https:\/\/vieassociative.be\/actualites\/la-police-vous-rappelle-que-vous-ne-devez-pas-quitter-votre-voiture-tant-quelle-nest-pas-verrouillee\/\" \/>\n<meta property=\"og:site_name\" content=\"Vie Associative\" \/>\n<meta property=\"article:published_time\" content=\"2026-01-27T00:17:24+00:00\" \/>\n<meta property=\"og:image\" content=\"https:\/\/vieassociative.be\/actualites\/wp-content\/uploads\/2024\/09\/header_backgroundk-01-e1726694325946.png\" \/>\n\t<meta property=\"og:image:width\" content=\"279\" \/>\n\t<meta property=\"og:image:height\" content=\"92\" \/>\n\t<meta property=\"og:image:type\" content=\"image\/png\" \/>\n<meta name=\"author\" content=\"Julien\" \/>\n<meta name=\"twitter:card\" content=\"summary_large_image\" \/>\n<meta name=\"twitter:label1\" content=\"\u00c9crit par\" \/>\n\t<meta name=\"twitter:data1\" content=\"Julien\" \/>\n\t<meta name=\"twitter:label2\" content=\"Dur\u00e9e de lecture est.\" \/>\n\t<meta name=\"twitter:data2\" content=\"3 minutes\" \/>\n<script type=\"application\/ld+json\" class=\"yoast-schema-graph\">{\"@context\":\"https:\/\/schema.org\",\"@graph\":[{\"@type\":\"Article\",\"@id\":\"https:\/\/vieassociative.be\/actualites\/la-police-vous-rappelle-que-vous-ne-devez-pas-quitter-votre-voiture-tant-quelle-nest-pas-verrouillee\/#article\",\"isPartOf\":{\"@id\":\"https:\/\/vieassociative.be\/actualites\/la-police-vous-rappelle-que-vous-ne-devez-pas-quitter-votre-voiture-tant-quelle-nest-pas-verrouillee\/\"},\"author\":{\"name\":\"Julien\",\"@id\":\"https:\/\/vieassociative.be\/actualites\/#\/schema\/person\/b87ac4f82f9d4e7b7cec7395b679edc4\"},\"headline\":\"La police vous rappelle que vous ne devez pas quitter votre voiture tant qu&rsquo;elle n&rsquo;est pas verrouill\u00e9e\",\"datePublished\":\"2026-01-27T00:17:24+00:00\",\"dateModified\":\"2026-01-27T00:17:24+00:00\",\"mainEntityOfPage\":{\"@id\":\"https:\/\/vieassociative.be\/actualites\/la-police-vous-rappelle-que-vous-ne-devez-pas-quitter-votre-voiture-tant-quelle-nest-pas-verrouillee\/\"},\"wordCount\":660,\"publisher\":{\"@id\":\"https:\/\/vieassociative.be\/actualites\/#organization\"},\"image\":{\"@id\":\"https:\/\/vieassociative.be\/actualites\/la-police-vous-rappelle-que-vous-ne-devez-pas-quitter-votre-voiture-tant-quelle-nest-pas-verrouillee\/#primaryimage\"},\"thumbnailUrl\":\"https:\/\/vieassociative.be\/actualites\/wp-content\/uploads\/2026\/01\/La-police-vous-rappelle-que-vous-ne-devez-pas-quitter.jpg\",\"keywords\":[\"devez\",\"nest\",\"pas\",\"police\",\"quelle\",\"quitter\",\"rappelle\",\"tant\",\"verrouill\u00e9e\",\"voiture\",\"votre\",\"Vous\"],\"articleSection\":[\"Belgique\"],\"inLanguage\":\"fr-BE\"},{\"@type\":\"WebPage\",\"@id\":\"https:\/\/vieassociative.be\/actualites\/la-police-vous-rappelle-que-vous-ne-devez-pas-quitter-votre-voiture-tant-quelle-nest-pas-verrouillee\/\",\"url\":\"https:\/\/vieassociative.be\/actualites\/la-police-vous-rappelle-que-vous-ne-devez-pas-quitter-votre-voiture-tant-quelle-nest-pas-verrouillee\/\",\"name\":\"La police vous rappelle que vous ne devez pas quitter votre voiture tant qu'elle n'est pas verrouill\u00e9e | Vie Associative\",\"isPartOf\":{\"@id\":\"https:\/\/vieassociative.be\/actualites\/#website\"},\"primaryImageOfPage\":{\"@id\":\"https:\/\/vieassociative.be\/actualites\/la-police-vous-rappelle-que-vous-ne-devez-pas-quitter-votre-voiture-tant-quelle-nest-pas-verrouillee\/#primaryimage\"},\"image\":{\"@id\":\"https:\/\/vieassociative.be\/actualites\/la-police-vous-rappelle-que-vous-ne-devez-pas-quitter-votre-voiture-tant-quelle-nest-pas-verrouillee\/#primaryimage\"},\"thumbnailUrl\":\"https:\/\/vieassociative.be\/actualites\/wp-content\/uploads\/2026\/01\/La-police-vous-rappelle-que-vous-ne-devez-pas-quitter.jpg\",\"datePublished\":\"2026-01-27T00:17:24+00:00\",\"dateModified\":\"2026-01-27T00:17:24+00:00\",\"breadcrumb\":{\"@id\":\"https:\/\/vieassociative.be\/actualites\/la-police-vous-rappelle-que-vous-ne-devez-pas-quitter-votre-voiture-tant-quelle-nest-pas-verrouillee\/#breadcrumb\"},\"inLanguage\":\"fr-BE\",\"potentialAction\":[{\"@type\":\"ReadAction\",\"target\":[\"https:\/\/vieassociative.be\/actualites\/la-police-vous-rappelle-que-vous-ne-devez-pas-quitter-votre-voiture-tant-quelle-nest-pas-verrouillee\/\"]}]},{\"@type\":\"ImageObject\",\"inLanguage\":\"fr-BE\",\"@id\":\"https:\/\/vieassociative.be\/actualites\/la-police-vous-rappelle-que-vous-ne-devez-pas-quitter-votre-voiture-tant-quelle-nest-pas-verrouillee\/#primaryimage\",\"url\":\"https:\/\/vieassociative.be\/actualites\/wp-content\/uploads\/2026\/01\/La-police-vous-rappelle-que-vous-ne-devez-pas-quitter.jpg\",\"contentUrl\":\"https:\/\/vieassociative.be\/actualites\/wp-content\/uploads\/2026\/01\/La-police-vous-rappelle-que-vous-ne-devez-pas-quitter.jpg\",\"width\":1200,\"height\":801,\"caption\":\"La police vous rappelle que vous ne devez pas quitter votre voiture tant qu'elle n'est pas verrouill\u00e9e\"},{\"@type\":\"BreadcrumbList\",\"@id\":\"https:\/\/vieassociative.be\/actualites\/la-police-vous-rappelle-que-vous-ne-devez-pas-quitter-votre-voiture-tant-quelle-nest-pas-verrouillee\/#breadcrumb\",\"itemListElement\":[{\"@type\":\"ListItem\",\"position\":1,\"name\":\"Accueil\",\"item\":\"https:\/\/vieassociative.be\/actualites\/\"},{\"@type\":\"ListItem\",\"position\":2,\"name\":\"La police vous rappelle que vous ne devez pas quitter votre voiture tant qu&rsquo;elle n&rsquo;est pas verrouill\u00e9e\"}]},{\"@type\":\"WebSite\",\"@id\":\"https:\/\/vieassociative.be\/actualites\/#website\",\"url\":\"https:\/\/vieassociative.be\/actualites\/\",\"name\":\"Vie Associative\",\"description\":\"\",\"publisher\":{\"@id\":\"https:\/\/vieassociative.be\/actualites\/#organization\"},\"potentialAction\":[{\"@type\":\"SearchAction\",\"target\":{\"@type\":\"EntryPoint\",\"urlTemplate\":\"https:\/\/vieassociative.be\/actualites\/?s={search_term_string}\"},\"query-input\":{\"@type\":\"PropertyValueSpecification\",\"valueRequired\":true,\"valueName\":\"search_term_string\"}}],\"inLanguage\":\"fr-BE\"},{\"@type\":\"Organization\",\"@id\":\"https:\/\/vieassociative.be\/actualites\/#organization\",\"name\":\"Vie Associative\",\"url\":\"https:\/\/vieassociative.be\/actualites\/\",\"logo\":{\"@type\":\"ImageObject\",\"inLanguage\":\"fr-BE\",\"@id\":\"https:\/\/vieassociative.be\/actualites\/#\/schema\/logo\/image\/\",\"url\":\"https:\/\/vieassociative.be\/actualites\/wp-content\/uploads\/2024\/09\/cropped-vieassociative_favicon.ico.png\",\"contentUrl\":\"https:\/\/vieassociative.be\/actualites\/wp-content\/uploads\/2024\/09\/cropped-vieassociative_favicon.ico.png\",\"width\":512,\"height\":512,\"caption\":\"Vie Associative\"},\"image\":{\"@id\":\"https:\/\/vieassociative.be\/actualites\/#\/schema\/logo\/image\/\"}},{\"@type\":\"Person\",\"@id\":\"https:\/\/vieassociative.be\/actualites\/#\/schema\/person\/b87ac4f82f9d4e7b7cec7395b679edc4\",\"name\":\"Julien\",\"image\":{\"@type\":\"ImageObject\",\"inLanguage\":\"fr-BE\",\"@id\":\"https:\/\/vieassociative.be\/actualites\/#\/schema\/person\/image\/\",\"url\":\"https:\/\/vieassociative.be\/actualites\/wp-content\/uploads\/2024\/09\/vie-associative-1-150x150.jpg\",\"contentUrl\":\"https:\/\/vieassociative.be\/actualites\/wp-content\/uploads\/2024\/09\/vie-associative-1-150x150.jpg\",\"caption\":\"Julien\"},\"description\":\"Je suis Julien, r\u00e9dacteur pour Vie Associative. Passionn\u00e9 par le monde associatif depuis plus de 10 ans, j'ai \u00e0 c\u0153ur de partager des histoires inspirantes et de mettre en lumi\u00e8re les initiatives locales. Mon objectif est de sensibiliser et d'encourager l'engagement communautaire \u00e0 travers mes articles.\",\"sameAs\":[\"https:\/\/vieassociative.be\/\"]}]}<\/script>\n<!-- \/ Yoast SEO plugin. -->","yoast_head_json":{"title":"La police vous rappelle que vous ne devez pas quitter votre voiture tant qu'elle n'est pas verrouill\u00e9e | Vie Associative","robots":{"index":"index","follow":"follow","max-snippet":"max-snippet:-1","max-image-preview":"max-image-preview:large","max-video-preview":"max-video-preview:-1"},"canonical":"https:\/\/vieassociative.be\/actualites\/la-police-vous-rappelle-que-vous-ne-devez-pas-quitter-votre-voiture-tant-quelle-nest-pas-verrouillee\/","og_locale":"fr_FR","og_type":"article","og_title":"La police vous rappelle que vous ne devez pas quitter votre voiture tant qu'elle n'est pas verrouill\u00e9e | Vie Associative","og_description":"Il y avait beaucoup \u00e0 faire ce week-end pour la zone de police de Weser-G\u00f6hl, comme le montre le rapport de police de lundi. Plusieurs","og_url":"https:\/\/vieassociative.be\/actualites\/la-police-vous-rappelle-que-vous-ne-devez-pas-quitter-votre-voiture-tant-quelle-nest-pas-verrouillee\/","og_site_name":"Vie Associative","article_published_time":"2026-01-27T00:17:24+00:00","og_image":[{"width":279,"height":92,"url":"https:\/\/vieassociative.be\/actualites\/wp-content\/uploads\/2024\/09\/header_backgroundk-01-e1726694325946.png","type":"image\/png"}],"author":"Julien","twitter_card":"summary_large_image","twitter_misc":{"\u00c9crit par":"Julien","Dur\u00e9e de lecture est.":"3 minutes"},"schema":{"@context":"https:\/\/schema.org","@graph":[{"@type":"Article","@id":"https:\/\/vieassociative.be\/actualites\/la-police-vous-rappelle-que-vous-ne-devez-pas-quitter-votre-voiture-tant-quelle-nest-pas-verrouillee\/#article","isPartOf":{"@id":"https:\/\/vieassociative.be\/actualites\/la-police-vous-rappelle-que-vous-ne-devez-pas-quitter-votre-voiture-tant-quelle-nest-pas-verrouillee\/"},"author":{"name":"Julien","@id":"https:\/\/vieassociative.be\/actualites\/#\/schema\/person\/b87ac4f82f9d4e7b7cec7395b679edc4"},"headline":"La police vous rappelle que vous ne devez pas quitter votre voiture tant qu&rsquo;elle n&rsquo;est pas verrouill\u00e9e","datePublished":"2026-01-27T00:17:24+00:00","dateModified":"2026-01-27T00:17:24+00:00","mainEntityOfPage":{"@id":"https:\/\/vieassociative.be\/actualites\/la-police-vous-rappelle-que-vous-ne-devez-pas-quitter-votre-voiture-tant-quelle-nest-pas-verrouillee\/"},"wordCount":660,"publisher":{"@id":"https:\/\/vieassociative.be\/actualites\/#organization"},"image":{"@id":"https:\/\/vieassociative.be\/actualites\/la-police-vous-rappelle-que-vous-ne-devez-pas-quitter-votre-voiture-tant-quelle-nest-pas-verrouillee\/#primaryimage"},"thumbnailUrl":"https:\/\/vieassociative.be\/actualites\/wp-content\/uploads\/2026\/01\/La-police-vous-rappelle-que-vous-ne-devez-pas-quitter.jpg","keywords":["devez","nest","pas","police","quelle","quitter","rappelle","tant","verrouill\u00e9e","voiture","votre","Vous"],"articleSection":["Belgique"],"inLanguage":"fr-BE"},{"@type":"WebPage","@id":"https:\/\/vieassociative.be\/actualites\/la-police-vous-rappelle-que-vous-ne-devez-pas-quitter-votre-voiture-tant-quelle-nest-pas-verrouillee\/","url":"https:\/\/vieassociative.be\/actualites\/la-police-vous-rappelle-que-vous-ne-devez-pas-quitter-votre-voiture-tant-quelle-nest-pas-verrouillee\/","name":"La police vous rappelle que vous ne devez pas quitter votre voiture tant qu'elle n'est pas verrouill\u00e9e | Vie Associative","isPartOf":{"@id":"https:\/\/vieassociative.be\/actualites\/#website"},"primaryImageOfPage":{"@id":"https:\/\/vieassociative.be\/actualites\/la-police-vous-rappelle-que-vous-ne-devez-pas-quitter-votre-voiture-tant-quelle-nest-pas-verrouillee\/#primaryimage"},"image":{"@id":"https:\/\/vieassociative.be\/actualites\/la-police-vous-rappelle-que-vous-ne-devez-pas-quitter-votre-voiture-tant-quelle-nest-pas-verrouillee\/#primaryimage"},"thumbnailUrl":"https:\/\/vieassociative.be\/actualites\/wp-content\/uploads\/2026\/01\/La-police-vous-rappelle-que-vous-ne-devez-pas-quitter.jpg","datePublished":"2026-01-27T00:17:24+00:00","dateModified":"2026-01-27T00:17:24+00:00","breadcrumb":{"@id":"https:\/\/vieassociative.be\/actualites\/la-police-vous-rappelle-que-vous-ne-devez-pas-quitter-votre-voiture-tant-quelle-nest-pas-verrouillee\/#breadcrumb"},"inLanguage":"fr-BE","potentialAction":[{"@type":"ReadAction","target":["https:\/\/vieassociative.be\/actualites\/la-police-vous-rappelle-que-vous-ne-devez-pas-quitter-votre-voiture-tant-quelle-nest-pas-verrouillee\/"]}]},{"@type":"ImageObject","inLanguage":"fr-BE","@id":"https:\/\/vieassociative.be\/actualites\/la-police-vous-rappelle-que-vous-ne-devez-pas-quitter-votre-voiture-tant-quelle-nest-pas-verrouillee\/#primaryimage","url":"https:\/\/vieassociative.be\/actualites\/wp-content\/uploads\/2026\/01\/La-police-vous-rappelle-que-vous-ne-devez-pas-quitter.jpg","contentUrl":"https:\/\/vieassociative.be\/actualites\/wp-content\/uploads\/2026\/01\/La-police-vous-rappelle-que-vous-ne-devez-pas-quitter.jpg","width":1200,"height":801,"caption":"La police vous rappelle que vous ne devez pas quitter votre voiture tant qu'elle n'est pas verrouill\u00e9e"},{"@type":"BreadcrumbList","@id":"https:\/\/vieassociative.be\/actualites\/la-police-vous-rappelle-que-vous-ne-devez-pas-quitter-votre-voiture-tant-quelle-nest-pas-verrouillee\/#breadcrumb","itemListElement":[{"@type":"ListItem","position":1,"name":"Accueil","item":"https:\/\/vieassociative.be\/actualites\/"},{"@type":"ListItem","position":2,"name":"La police vous rappelle que vous ne devez pas quitter votre voiture tant qu&rsquo;elle n&rsquo;est pas verrouill\u00e9e"}]},{"@type":"WebSite","@id":"https:\/\/vieassociative.be\/actualites\/#website","url":"https:\/\/vieassociative.be\/actualites\/","name":"Vie Associative","description":"","publisher":{"@id":"https:\/\/vieassociative.be\/actualites\/#organization"},"potentialAction":[{"@type":"SearchAction","target":{"@type":"EntryPoint","urlTemplate":"https:\/\/vieassociative.be\/actualites\/?s={search_term_string}"},"query-input":{"@type":"PropertyValueSpecification","valueRequired":true,"valueName":"search_term_string"}}],"inLanguage":"fr-BE"},{"@type":"Organization","@id":"https:\/\/vieassociative.be\/actualites\/#organization","name":"Vie Associative","url":"https:\/\/vieassociative.be\/actualites\/","logo":{"@type":"ImageObject","inLanguage":"fr-BE","@id":"https:\/\/vieassociative.be\/actualites\/#\/schema\/logo\/image\/","url":"https:\/\/vieassociative.be\/actualites\/wp-content\/uploads\/2024\/09\/cropped-vieassociative_favicon.ico.png","contentUrl":"https:\/\/vieassociative.be\/actualites\/wp-content\/uploads\/2024\/09\/cropped-vieassociative_favicon.ico.png","width":512,"height":512,"caption":"Vie Associative"},"image":{"@id":"https:\/\/vieassociative.be\/actualites\/#\/schema\/logo\/image\/"}},{"@type":"Person","@id":"https:\/\/vieassociative.be\/actualites\/#\/schema\/person\/b87ac4f82f9d4e7b7cec7395b679edc4","name":"Julien","image":{"@type":"ImageObject","inLanguage":"fr-BE","@id":"https:\/\/vieassociative.be\/actualites\/#\/schema\/person\/image\/","url":"https:\/\/vieassociative.be\/actualites\/wp-content\/uploads\/2024\/09\/vie-associative-1-150x150.jpg","contentUrl":"https:\/\/vieassociative.be\/actualites\/wp-content\/uploads\/2024\/09\/vie-associative-1-150x150.jpg","caption":"Julien"},"description":"Je suis Julien, r\u00e9dacteur pour Vie Associative. Passionn\u00e9 par le monde associatif depuis plus de 10 ans, j'ai \u00e0 c\u0153ur de partager des histoires inspirantes et de mettre en lumi\u00e8re les initiatives locales. Mon objectif est de sensibiliser et d'encourager l'engagement communautaire \u00e0 travers mes articles.","sameAs":["https:\/\/vieassociative.be\/"]}]}},"_links":{"self":[{"href":"https:\/\/vieassociative.be\/actualites\/wp-json\/wp\/v2\/posts\/12375"}],"collection":[{"href":"https:\/\/vieassociative.be\/actualites\/wp-json\/wp\/v2\/posts"}],"about":[{"href":"https:\/\/vieassociative.be\/actualites\/wp-json\/wp\/v2\/types\/post"}],"author":[{"embeddable":true,"href":"https:\/\/vieassociative.be\/actualites\/wp-json\/wp\/v2\/users\/1"}],"replies":[{"embeddable":true,"href":"https:\/\/vieassociative.be\/actualites\/wp-json\/wp\/v2\/comments?post=12375"}],"version-history":[{"count":0,"href":"https:\/\/vieassociative.be\/actualites\/wp-json\/wp\/v2\/posts\/12375\/revisions"}],"wp:featuredmedia":[{"embeddable":true,"href":"https:\/\/vieassociative.be\/actualites\/wp-json\/wp\/v2\/media\/12376"}],"wp:attachment":[{"href":"https:\/\/vieassociative.be\/actualites\/wp-json\/wp\/v2\/media?parent=12375"}],"wp:term":[{"taxonomy":"category","embeddable":true,"href":"https:\/\/vieassociative.be\/actualites\/wp-json\/wp\/v2\/categories?post=12375"},{"taxonomy":"post_tag","embeddable":true,"href":"https:\/\/vieassociative.be\/actualites\/wp-json\/wp\/v2\/tags?post=12375"}],"curies":[{"name":"wp","href":"https:\/\/api.w.org\/{rel}","templated":true}]}}