{"id":12371,"date":"2026-01-26T19:17:43","date_gmt":"2026-01-26T18:17:43","guid":{"rendered":"https:\/\/vieassociative.be\/actualites\/levi-i-lang-est-lenfant-prince-deupen-galerie-photo\/"},"modified":"2026-01-26T19:17:43","modified_gmt":"2026-01-26T18:17:43","slug":"levi-i-lang-est-lenfant-prince-deupen-galerie-photo","status":"publish","type":"post","link":"https:\/\/vieassociative.be\/actualites\/levi-i-lang-est-lenfant-prince-deupen-galerie-photo\/","title":{"rendered":"Levi I. (Lang) est l&rsquo;enfant prince d&rsquo;Eupen (galerie photo)"},"content":{"rendered":"<p><strong>Cette p\u00e9riode insens\u00e9e touche \u00e0 son paroxysme : apr\u00e8s que le grand prince fr\u00e8re Patrick Ier (Koonen) ait \u00e9t\u00e9 solennellement proclam\u00e9 \u00e0 Eupen le 3 janvier, l&rsquo;enfant prince a \u00e9t\u00e9 proclam\u00e9 dimanche.<\/strong><\/p>\n<p><span id=\"more-434398\"><\/span>Le spectacle haut en couleur s&rsquo;est d\u00e9roul\u00e9 dans la salle d\u00e9cor\u00e9e de mani\u00e8re festive du lieu \u00e9v\u00e9nementiel Eastbelgica, sur la Place d&rsquo;Eupen. Avant que le secret de la nouvelle r\u00e9gence ne soit r\u00e9v\u00e9l\u00e9, le prince enfant Tom II a d\u00fb dire au revoir avec ses pages Lilja et Freya.<\/p>\n<p>L\u00e9vi I (Long) fut proclam\u00e9 son successeur. Le nouveau triumvirat sera pr\u00e9sent\u00e9 cette ann\u00e9e par le Royal. Garde de ville vert et blanc fourni. Levi I. est assist\u00e9 des pages Jil (Wagner) et Roxane (Keutgen).<\/p>\n<\/p>\n<div id=\"attachment_434739\" class=\"wp-caption alignleft\" style=\"max-width: 300px\"><img fetchpriority=\"high\" decoding=\"async\" class=\"wp-image-434739 size-medium\" src=\"https:\/\/vieassociative.be\/actualites\/wp-content\/uploads\/2026\/01\/Levi-I-Lang-est-lenfant-prince-dEupen-galerie-photo.jpg\" alt=\"\" width=\"300\" height=\"199\"><\/div>\n<p>Levi Ier f\u00eate vendredi son 9e anniversaire, moins d&rsquo;une semaine apr\u00e8s sa proclamation. Il fr\u00e9quente l&rsquo;\u00e9cole primaire municipale de Kettenis, joue au football au sein de la JSG Walhorn-Lontzen et est fan du Bayern Munich et de l&rsquo;AS Eupen.<\/p>\n<p>La famille Lang r\u00e8gne depuis longtemps dans une atmosph\u00e8re de carnaval : la m\u00e8re de Levi, Anne, \u00e9tait membre de la famille royale. Garde municipal Gr\u00fcn Weiss de 1992 \u00e0 2010. Ses parents Anne et Raphael et sa tante Sabine \u00e9taient ensemble Prince et Pagen \u00e0 Raeren en 2011\/2012. <\/p>\n<\/p>\n<div id=\"attachment_434728\" class=\"wp-caption alignleft\" style=\"max-width: 300px\"><img decoding=\"async\" class=\"wp-image-434728 size-medium\" src=\"https:\/\/vieassociative.be\/actualites\/wp-content\/uploads\/2026\/01\/1769451460_925_Levi-I-Lang-est-lenfant-prince-dEupen-galerie-photo.jpg\" alt=\"\" width=\"300\" height=\"199\"><\/div>\n<p>Le fr\u00e8re de Levi, Leon, \u00e9tait enfant prince \u00e0 Raeren en 2023\/2024. Son fr\u00e8re Lennox l&rsquo;\u00e9tait lors de la session 2024\/2025. Sa cousine Samantha \u00e9tait une Kinderpage 2015\/2016 \u00e0 Eupen, sa cousine Alexia \u00e9tait \u00e9galement une Kinderpage 2017\/2018 \u00e0 Eupen. Son cousin Thibo \u00e9tait l&rsquo;enfant prince 2023\/2024 \u00e0 Eupen.<\/p>\n<p>D&rsquo;ailleurs, la premi\u00e8re visite de Levi au carnaval \u00e9tait la proclamation du prince enfant de sa cousine Alexia, alors qu&rsquo;il n&rsquo;avait que six jours et qu&rsquo;il dormait pratiquement pendant tout. Depuis sa naissance, Levi fait partie de la famille royale. Comit\u00e9 du carnaval de Raeren. Ses parents, ses fr\u00e8res et s\u0153urs l&rsquo;\u00e9taient aussi jusqu&rsquo;\u00e0 l&rsquo;\u00e9t\u00e9 2025.<\/p>\n<p>Levi aimerait devenir plus tard footballeur, id\u00e9alement gardien de but du FC Bayern, entra\u00eeneur et\/ou policier. Avec sa proclamation d&rsquo;enfant prince, il a d\u00e9j\u00e0 r\u00e9alis\u00e9 un de ses r\u00eaves, car il voulait aussi vraiment devenir un enfant prince. (cr\u00e9er)<\/p>\n<p><em><strong>Vous trouverez ci-dessous une GALERIE DE PHOTOS avec des images du photographe Helmut Koch de la proclamation du nouveau Prince Enfant d&rsquo;Eupen (cliquez sur l&rsquo;image pour l&rsquo;agrandir) :<\/strong><\/em><\/p>\n<div class=\"wp-gallery row\">\n<figure class=\"column small-6 medium-3 end\"><img decoding=\"async\" src=\"https:\/\/vieassociative.be\/actualites\/wp-content\/uploads\/2026\/01\/1769451460_959_Levi-I-Lang-est-lenfant-prince-dEupen-galerie-photo.jpg\" width=\"159\" height=\"159\" alt=\"\"><\/figure>\n<figure class=\"column small-6 medium-3 end\"><img loading=\"lazy\" decoding=\"async\" src=\"https:\/\/vieassociative.be\/actualites\/wp-content\/uploads\/2026\/01\/1769451460_379_Levi-I-Lang-est-lenfant-prince-dEupen-galerie-photo.jpg\" width=\"159\" height=\"159\" alt=\"\"><\/figure>\n<figure class=\"column small-6 medium-3 end\"><img loading=\"lazy\" decoding=\"async\" src=\"https:\/\/vieassociative.be\/actualites\/wp-content\/uploads\/2026\/01\/1769451460_23_Levi-I-Lang-est-lenfant-prince-dEupen-galerie-photo.jpg\" width=\"159\" height=\"159\" alt=\"\"><\/figure>\n<figure class=\"column small-6 medium-3 end\"><img loading=\"lazy\" decoding=\"async\" src=\"https:\/\/vieassociative.be\/actualites\/wp-content\/uploads\/2026\/01\/1769451460_496_Levi-I-Lang-est-lenfant-prince-dEupen-galerie-photo.jpg\" width=\"159\" height=\"159\" alt=\"\"><\/figure>\n<figure class=\"column small-6 medium-3 end\"><img loading=\"lazy\" decoding=\"async\" src=\"https:\/\/vieassociative.be\/actualites\/wp-content\/uploads\/2026\/01\/1769451460_282_Levi-I-Lang-est-lenfant-prince-dEupen-galerie-photo.jpg\" width=\"159\" height=\"159\" alt=\"\"><\/figure>\n<figure class=\"column small-6 medium-3 end\"><img loading=\"lazy\" decoding=\"async\" src=\"https:\/\/vieassociative.be\/actualites\/wp-content\/uploads\/2026\/01\/1769451460_681_Levi-I-Lang-est-lenfant-prince-dEupen-galerie-photo.jpg\" width=\"159\" height=\"159\" alt=\"\"><\/figure>\n<figure class=\"column small-6 medium-3 end\"><img loading=\"lazy\" decoding=\"async\" src=\"https:\/\/vieassociative.be\/actualites\/wp-content\/uploads\/2026\/01\/1769451460_742_Levi-I-Lang-est-lenfant-prince-dEupen-galerie-photo.jpg\" width=\"159\" height=\"159\" alt=\"\"><\/figure>\n<figure class=\"column small-6 medium-3 end\"><img loading=\"lazy\" decoding=\"async\" src=\"https:\/\/vieassociative.be\/actualites\/wp-content\/uploads\/2026\/01\/1769451460_33_Levi-I-Lang-est-lenfant-prince-dEupen-galerie-photo.jpg\" width=\"159\" height=\"159\" alt=\"\"><\/figure>\n<figure class=\"column small-6 medium-3 end\"><img loading=\"lazy\" decoding=\"async\" src=\"https:\/\/vieassociative.be\/actualites\/wp-content\/uploads\/2026\/01\/1769451460_495_Levi-I-Lang-est-lenfant-prince-dEupen-galerie-photo.jpg\" width=\"159\" height=\"159\" alt=\"\"><\/figure>\n<figure class=\"column small-6 medium-3 end\"><img loading=\"lazy\" decoding=\"async\" src=\"https:\/\/vieassociative.be\/actualites\/wp-content\/uploads\/2026\/01\/1769451460_415_Levi-I-Lang-est-lenfant-prince-dEupen-galerie-photo.jpg\" width=\"159\" height=\"159\" alt=\"\"><\/figure>\n<figure class=\"column small-6 medium-3 end\"><img loading=\"lazy\" decoding=\"async\" src=\"https:\/\/vieassociative.be\/actualites\/wp-content\/uploads\/2026\/01\/1769451460_97_Levi-I-Lang-est-lenfant-prince-dEupen-galerie-photo.jpg\" width=\"159\" height=\"159\" alt=\"\"><\/figure>\n<figure class=\"column small-6 medium-3 end\"><img loading=\"lazy\" decoding=\"async\" src=\"https:\/\/vieassociative.be\/actualites\/wp-content\/uploads\/2026\/01\/1769451460_693_Levi-I-Lang-est-lenfant-prince-dEupen-galerie-photo.jpg\" width=\"159\" height=\"159\" alt=\"\"><\/figure>\n<figure class=\"column small-6 medium-3 end\"><img loading=\"lazy\" decoding=\"async\" src=\"https:\/\/vieassociative.be\/actualites\/wp-content\/uploads\/2026\/01\/1769451460_351_Levi-I-Lang-est-lenfant-prince-dEupen-galerie-photo.jpg\" width=\"159\" height=\"159\" alt=\"\"><\/figure>\n<figure class=\"column small-6 medium-3 end\"><img loading=\"lazy\" decoding=\"async\" src=\"https:\/\/vieassociative.be\/actualites\/wp-content\/uploads\/2026\/01\/1769451460_166_Levi-I-Lang-est-lenfant-prince-dEupen-galerie-photo.jpg\" width=\"159\" height=\"159\" alt=\"\"><\/figure>\n<figure class=\"column small-6 medium-3 end\"><img loading=\"lazy\" decoding=\"async\" src=\"https:\/\/vieassociative.be\/actualites\/wp-content\/uploads\/2026\/01\/1769451460_783_Levi-I-Lang-est-lenfant-prince-dEupen-galerie-photo.jpg\" width=\"159\" height=\"159\" alt=\"\"><\/figure>\n<figure class=\"column small-6 medium-3 end\"><img loading=\"lazy\" decoding=\"async\" src=\"https:\/\/vieassociative.be\/actualites\/wp-content\/uploads\/2026\/01\/1769451460_756_Levi-I-Lang-est-lenfant-prince-dEupen-galerie-photo.jpg\" width=\"159\" height=\"159\" alt=\"\"><\/figure>\n<figure class=\"column small-6 medium-3 end\"><img loading=\"lazy\" decoding=\"async\" src=\"https:\/\/vieassociative.be\/actualites\/wp-content\/uploads\/2026\/01\/1769451460_765_Levi-I-Lang-est-lenfant-prince-dEupen-galerie-photo.jpg\" width=\"159\" height=\"159\" alt=\"\"><\/figure>\n<figure class=\"column small-6 medium-3 end\"><img loading=\"lazy\" decoding=\"async\" src=\"https:\/\/vieassociative.be\/actualites\/wp-content\/uploads\/2026\/01\/1769451460_804_Levi-I-Lang-est-lenfant-prince-dEupen-galerie-photo.jpg\" width=\"159\" height=\"159\" alt=\"\"><\/figure>\n<figure class=\"column small-6 medium-3 end\"><img loading=\"lazy\" decoding=\"async\" src=\"https:\/\/vieassociative.be\/actualites\/wp-content\/uploads\/2026\/01\/1769451460_565_Levi-I-Lang-est-lenfant-prince-dEupen-galerie-photo.jpg\" width=\"159\" height=\"159\" alt=\"\"><\/figure>\n<figure class=\"column small-6 medium-3 end\"><img loading=\"lazy\" decoding=\"async\" src=\"https:\/\/vieassociative.be\/actualites\/wp-content\/uploads\/2026\/01\/1769451460_835_Levi-I-Lang-est-lenfant-prince-dEupen-galerie-photo.jpg\" width=\"159\" height=\"159\" alt=\"\"><\/figure>\n<figure class=\"column small-6 medium-3 end\"><img loading=\"lazy\" decoding=\"async\" src=\"https:\/\/vieassociative.be\/actualites\/wp-content\/uploads\/2026\/01\/1769451460_936_Levi-I-Lang-est-lenfant-prince-dEupen-galerie-photo.jpg\" width=\"159\" height=\"159\" alt=\"\"><\/figure>\n<figure class=\"column small-6 medium-3 end\"><img loading=\"lazy\" decoding=\"async\" src=\"https:\/\/vieassociative.be\/actualites\/wp-content\/uploads\/2026\/01\/1769451461_836_Levi-I-Lang-est-lenfant-prince-dEupen-galerie-photo.jpg\" width=\"159\" height=\"159\" alt=\"\"><\/figure>\n<figure class=\"column small-6 medium-3 end\"><img loading=\"lazy\" decoding=\"async\" src=\"https:\/\/vieassociative.be\/actualites\/wp-content\/uploads\/2026\/01\/1769451461_622_Levi-I-Lang-est-lenfant-prince-dEupen-galerie-photo.jpg\" width=\"159\" height=\"159\" alt=\"\"><\/figure>\n<figure class=\"column small-6 medium-3 end\"><img loading=\"lazy\" decoding=\"async\" src=\"https:\/\/vieassociative.be\/actualites\/wp-content\/uploads\/2026\/01\/1769451461_637_Levi-I-Lang-est-lenfant-prince-dEupen-galerie-photo.jpg\" width=\"159\" height=\"159\" alt=\"\"><\/figure>\n<figure class=\"column small-6 medium-3 end\"><img loading=\"lazy\" decoding=\"async\" src=\"https:\/\/vieassociative.be\/actualites\/wp-content\/uploads\/2026\/01\/1769451461_982_Levi-I-Lang-est-lenfant-prince-dEupen-galerie-photo.jpg\" width=\"159\" height=\"159\" alt=\"\"><\/figure>\n<figure class=\"column small-6 medium-3 end\"><img loading=\"lazy\" decoding=\"async\" src=\"https:\/\/vieassociative.be\/actualites\/wp-content\/uploads\/2026\/01\/1769451461_436_Levi-I-Lang-est-lenfant-prince-dEupen-galerie-photo.jpg\" width=\"159\" height=\"159\" alt=\"\"><\/figure>\n<figure class=\"column small-6 medium-3 end\"><img loading=\"lazy\" decoding=\"async\" src=\"https:\/\/vieassociative.be\/actualites\/wp-content\/uploads\/2026\/01\/1769451461_439_Levi-I-Lang-est-lenfant-prince-dEupen-galerie-photo.jpg\" width=\"159\" height=\"159\" alt=\"\"><\/figure>\n<figure class=\"column small-6 medium-3 end\"><img loading=\"lazy\" decoding=\"async\" src=\"https:\/\/vieassociative.be\/actualites\/wp-content\/uploads\/2026\/01\/1769451461_904_Levi-I-Lang-est-lenfant-prince-dEupen-galerie-photo.jpg\" width=\"159\" height=\"159\" alt=\"\"><\/figure>\n<figure class=\"column small-6 medium-3 end\"><img loading=\"lazy\" decoding=\"async\" src=\"https:\/\/vieassociative.be\/actualites\/wp-content\/uploads\/2026\/01\/1769451461_588_Levi-I-Lang-est-lenfant-prince-dEupen-galerie-photo.jpg\" width=\"159\" height=\"159\" alt=\"\"><\/figure>\n<figure class=\"column small-6 medium-3 end\"><img loading=\"lazy\" decoding=\"async\" src=\"https:\/\/vieassociative.be\/actualites\/wp-content\/uploads\/2026\/01\/1769451461_365_Levi-I-Lang-est-lenfant-prince-dEupen-galerie-photo.jpg\" width=\"159\" height=\"159\" alt=\"\"><\/figure>\n<figure class=\"column small-6 medium-3 end\"><img loading=\"lazy\" decoding=\"async\" src=\"https:\/\/vieassociative.be\/actualites\/wp-content\/uploads\/2026\/01\/1769451461_467_Levi-I-Lang-est-lenfant-prince-dEupen-galerie-photo.jpg\" width=\"159\" height=\"159\" alt=\"\"><\/figure>\n<figure class=\"column small-6 medium-3 end\"><img loading=\"lazy\" decoding=\"async\" src=\"https:\/\/vieassociative.be\/actualites\/wp-content\/uploads\/2026\/01\/1769451461_438_Levi-I-Lang-est-lenfant-prince-dEupen-galerie-photo.jpg\" width=\"159\" height=\"159\" alt=\"\"><\/figure>\n<figure class=\"column small-6 medium-3 end\"><img loading=\"lazy\" decoding=\"async\" src=\"https:\/\/vieassociative.be\/actualites\/wp-content\/uploads\/2026\/01\/1769451461_299_Levi-I-Lang-est-lenfant-prince-dEupen-galerie-photo.jpg\" width=\"159\" height=\"159\" alt=\"\"><\/figure>\n<figure class=\"column small-6 medium-3 end\"><img loading=\"lazy\" decoding=\"async\" src=\"https:\/\/vieassociative.be\/actualites\/wp-content\/uploads\/2026\/01\/1769451461_782_Levi-I-Lang-est-lenfant-prince-dEupen-galerie-photo.jpg\" width=\"159\" height=\"159\" alt=\"\"><\/figure>\n<figure class=\"column small-6 medium-3 end\"><img loading=\"lazy\" decoding=\"async\" src=\"https:\/\/vieassociative.be\/actualites\/wp-content\/uploads\/2026\/01\/1769451461_884_Levi-I-Lang-est-lenfant-prince-dEupen-galerie-photo.jpg\" width=\"159\" height=\"159\" alt=\"\"><\/figure>\n<figure class=\"column small-6 medium-3 end\"><img loading=\"lazy\" decoding=\"async\" src=\"https:\/\/vieassociative.be\/actualites\/wp-content\/uploads\/2026\/01\/1769451461_683_Levi-I-Lang-est-lenfant-prince-dEupen-galerie-photo.jpg\" width=\"159\" height=\"159\" alt=\"\"><\/figure>\n<figure class=\"column small-6 medium-3 end\"><img loading=\"lazy\" decoding=\"async\" src=\"https:\/\/vieassociative.be\/actualites\/wp-content\/uploads\/2026\/01\/1769451461_265_Levi-I-Lang-est-lenfant-prince-dEupen-galerie-photo.jpg\" width=\"159\" height=\"159\" alt=\"\"><\/figure>\n<figure class=\"column small-6 medium-3 end\"><img loading=\"lazy\" decoding=\"async\" src=\"https:\/\/vieassociative.be\/actualites\/wp-content\/uploads\/2026\/01\/1769451461_928_Levi-I-Lang-est-lenfant-prince-dEupen-galerie-photo.jpg\" width=\"159\" height=\"159\" alt=\"\"><\/figure>\n<figure class=\"column small-6 medium-3 end\"><img loading=\"lazy\" decoding=\"async\" src=\"https:\/\/vieassociative.be\/actualites\/wp-content\/uploads\/2026\/01\/1769451461_929_Levi-I-Lang-est-lenfant-prince-dEupen-galerie-photo.jpg\" width=\"159\" height=\"159\" alt=\"\"><\/figure>\n<figure class=\"column small-6 medium-3 end\"><img loading=\"lazy\" decoding=\"async\" src=\"https:\/\/vieassociative.be\/actualites\/wp-content\/uploads\/2026\/01\/1769451461_188_Levi-I-Lang-est-lenfant-prince-dEupen-galerie-photo.jpg\" width=\"159\" height=\"159\" alt=\"\"><\/figure>\n<figure class=\"column small-6 medium-3 end\"><img loading=\"lazy\" decoding=\"async\" src=\"https:\/\/vieassociative.be\/actualites\/wp-content\/uploads\/2026\/01\/1769451462_457_Levi-I-Lang-est-lenfant-prince-dEupen-galerie-photo.jpg\" width=\"159\" height=\"159\" alt=\"\"><\/figure>\n<figure class=\"column small-6 medium-3 end\"><img loading=\"lazy\" decoding=\"async\" src=\"https:\/\/vieassociative.be\/actualites\/wp-content\/uploads\/2026\/01\/1769451462_109_Levi-I-Lang-est-lenfant-prince-dEupen-galerie-photo.jpg\" width=\"159\" height=\"159\" alt=\"\"><\/figure>\n<figure class=\"column small-6 medium-3 end\"><img loading=\"lazy\" decoding=\"async\" src=\"https:\/\/vieassociative.be\/actualites\/wp-content\/uploads\/2026\/01\/1769451462_276_Levi-I-Lang-est-lenfant-prince-dEupen-galerie-photo.jpg\" width=\"159\" height=\"159\" alt=\"\"><\/figure>\n<figure class=\"column small-6 medium-3 end\"><img loading=\"lazy\" decoding=\"async\" src=\"https:\/\/vieassociative.be\/actualites\/wp-content\/uploads\/2026\/01\/1769451462_394_Levi-I-Lang-est-lenfant-prince-dEupen-galerie-photo.jpg\" width=\"159\" height=\"159\" alt=\"\"><\/figure>\n<figure class=\"column small-6 medium-3 end\"><img loading=\"lazy\" decoding=\"async\" src=\"https:\/\/vieassociative.be\/actualites\/wp-content\/uploads\/2026\/01\/1769451462_677_Levi-I-Lang-est-lenfant-prince-dEupen-galerie-photo.jpg\" width=\"159\" height=\"159\" alt=\"\"><\/figure>\n<figure class=\"column small-6 medium-3 end\"><img loading=\"lazy\" decoding=\"async\" src=\"https:\/\/vieassociative.be\/actualites\/wp-content\/uploads\/2026\/01\/1769451462_467_Levi-I-Lang-est-lenfant-prince-dEupen-galerie-photo.jpg\" width=\"159\" height=\"159\" alt=\"\"><\/figure>\n<figure class=\"column small-6 medium-3 end\"><img loading=\"lazy\" decoding=\"async\" src=\"https:\/\/vieassociative.be\/actualites\/wp-content\/uploads\/2026\/01\/1769451462_848_Levi-I-Lang-est-lenfant-prince-dEupen-galerie-photo.jpg\" width=\"159\" height=\"159\" alt=\"\"><\/figure>\n<figure class=\"column small-6 medium-3 end\"><img loading=\"lazy\" decoding=\"async\" src=\"https:\/\/vieassociative.be\/actualites\/wp-content\/uploads\/2026\/01\/1769451462_706_Levi-I-Lang-est-lenfant-prince-dEupen-galerie-photo.jpg\" width=\"159\" height=\"159\" alt=\"\"><\/figure>\n<figure class=\"column small-6 medium-3 end\"><img loading=\"lazy\" decoding=\"async\" src=\"https:\/\/vieassociative.be\/actualites\/wp-content\/uploads\/2026\/01\/1769451462_824_Levi-I-Lang-est-lenfant-prince-dEupen-galerie-photo.jpg\" width=\"159\" height=\"159\" alt=\"\"><\/figure>\n<figure class=\"column small-6 medium-3 end\"><img loading=\"lazy\" decoding=\"async\" src=\"https:\/\/vieassociative.be\/actualites\/wp-content\/uploads\/2026\/01\/1769451462_915_Levi-I-Lang-est-lenfant-prince-dEupen-galerie-photo.jpg\" width=\"159\" height=\"159\" alt=\"\"><\/figure>\n<figure class=\"column small-6 medium-3 end\"><img loading=\"lazy\" decoding=\"async\" src=\"https:\/\/vieassociative.be\/actualites\/wp-content\/uploads\/2026\/01\/1769451462_229_Levi-I-Lang-est-lenfant-prince-dEupen-galerie-photo.jpg\" width=\"159\" height=\"159\" alt=\"\"><\/figure>\n<figure class=\"column small-6 medium-3 end\"><img loading=\"lazy\" decoding=\"async\" src=\"https:\/\/vieassociative.be\/actualites\/wp-content\/uploads\/2026\/01\/1769451462_821_Levi-I-Lang-est-lenfant-prince-dEupen-galerie-photo.jpg\" width=\"159\" height=\"159\" alt=\"\"><\/figure>\n<figure class=\"column small-6 medium-3 end\"><img loading=\"lazy\" decoding=\"async\" src=\"https:\/\/vieassociative.be\/actualites\/wp-content\/uploads\/2026\/01\/1769451462_229_Levi-I-Lang-est-lenfant-prince-dEupen-galerie-photo.jpg\" width=\"159\" height=\"159\" alt=\"\"><\/figure>\n<figure class=\"column small-6 medium-3 end\"><img loading=\"lazy\" decoding=\"async\" src=\"https:\/\/vieassociative.be\/actualites\/wp-content\/uploads\/2026\/01\/1769451462_399_Levi-I-Lang-est-lenfant-prince-dEupen-galerie-photo.jpg\" width=\"159\" height=\"159\" alt=\"\"><\/figure>\n<figure class=\"column small-6 medium-3 end\"><img loading=\"lazy\" decoding=\"async\" src=\"https:\/\/vieassociative.be\/actualites\/wp-content\/uploads\/2026\/01\/1769451462_139_Levi-I-Lang-est-lenfant-prince-dEupen-galerie-photo.jpg\" width=\"159\" height=\"159\" alt=\"\"><\/figure>\n<figure class=\"column small-6 medium-3 end\"><img loading=\"lazy\" decoding=\"async\" src=\"https:\/\/vieassociative.be\/actualites\/wp-content\/uploads\/2026\/01\/1769451462_57_Levi-I-Lang-est-lenfant-prince-dEupen-galerie-photo.jpg\" width=\"159\" height=\"159\" alt=\"\"><\/figure>\n<figure class=\"column small-6 medium-3 end\"><img loading=\"lazy\" decoding=\"async\" src=\"https:\/\/vieassociative.be\/actualites\/wp-content\/uploads\/2026\/01\/1769451462_98_Levi-I-Lang-est-lenfant-prince-dEupen-galerie-photo.jpg\" width=\"159\" height=\"159\" alt=\"\"><\/figure>\n<figure class=\"column small-6 medium-3 end\"><img loading=\"lazy\" decoding=\"async\" src=\"https:\/\/vieassociative.be\/actualites\/wp-content\/uploads\/2026\/01\/1769451462_592_Levi-I-Lang-est-lenfant-prince-dEupen-galerie-photo.jpg\" width=\"159\" height=\"159\" alt=\"\"><\/figure>\n<figure class=\"column small-6 medium-3 end\"><img loading=\"lazy\" decoding=\"async\" src=\"https:\/\/vieassociative.be\/actualites\/wp-content\/uploads\/2026\/01\/1769451463_62_Levi-I-Lang-est-lenfant-prince-dEupen-galerie-photo.jpg\" width=\"159\" height=\"159\" alt=\"\"><\/figure>\n<figure class=\"column small-6 medium-3 end\"><img loading=\"lazy\" decoding=\"async\" src=\"https:\/\/vieassociative.be\/actualites\/wp-content\/uploads\/2026\/01\/1769451463_441_Levi-I-Lang-est-lenfant-prince-dEupen-galerie-photo.jpg\" width=\"159\" height=\"159\" alt=\"\"><\/figure>\n<figure class=\"column small-6 medium-3 end\"><img loading=\"lazy\" decoding=\"async\" src=\"https:\/\/vieassociative.be\/actualites\/wp-content\/uploads\/2026\/01\/1769451463_341_Levi-I-Lang-est-lenfant-prince-dEupen-galerie-photo.jpg\" width=\"159\" height=\"159\" alt=\"\"><\/figure>\n<figure class=\"column small-6 medium-3 end\"><img loading=\"lazy\" decoding=\"async\" src=\"https:\/\/vieassociative.be\/actualites\/wp-content\/uploads\/2026\/01\/1769451463_189_Levi-I-Lang-est-lenfant-prince-dEupen-galerie-photo.jpg\" width=\"159\" height=\"159\" alt=\"\"><\/figure>\n<figure class=\"column small-6 medium-3 end\"><img loading=\"lazy\" decoding=\"async\" src=\"https:\/\/vieassociative.be\/actualites\/wp-content\/uploads\/2026\/01\/1769451463_304_Levi-I-Lang-est-lenfant-prince-dEupen-galerie-photo.jpg\" width=\"159\" height=\"159\" alt=\"\"><\/figure>\n<figure class=\"column small-6 medium-3 end\"><img loading=\"lazy\" decoding=\"async\" src=\"https:\/\/vieassociative.be\/actualites\/wp-content\/uploads\/2026\/01\/1769451463_632_Levi-I-Lang-est-lenfant-prince-dEupen-galerie-photo.jpg\" width=\"159\" height=\"159\" alt=\"\"><\/figure>\n<figure class=\"column small-6 medium-3 end\"><img loading=\"lazy\" decoding=\"async\" src=\"https:\/\/vieassociative.be\/actualites\/wp-content\/uploads\/2026\/01\/1769451463_428_Levi-I-Lang-est-lenfant-prince-dEupen-galerie-photo.jpg\" width=\"159\" height=\"159\" alt=\"\"><\/figure>\n<figure class=\"column small-6 medium-3 end\"><img loading=\"lazy\" decoding=\"async\" src=\"https:\/\/vieassociative.be\/actualites\/wp-content\/uploads\/2026\/01\/1769451463_639_Levi-I-Lang-est-lenfant-prince-dEupen-galerie-photo.jpg\" width=\"159\" height=\"159\" alt=\"\"><\/figure>\n<figure class=\"column small-6 medium-3 end\"><img loading=\"lazy\" decoding=\"async\" src=\"https:\/\/vieassociative.be\/actualites\/wp-content\/uploads\/2026\/01\/1769451463_617_Levi-I-Lang-est-lenfant-prince-dEupen-galerie-photo.jpg\" width=\"159\" height=\"159\" alt=\"\"><\/figure>\n<figure class=\"column small-6 medium-3 end\"><img loading=\"lazy\" decoding=\"async\" src=\"https:\/\/vieassociative.be\/actualites\/wp-content\/uploads\/2026\/01\/1769451463_629_Levi-I-Lang-est-lenfant-prince-dEupen-galerie-photo.jpg\" width=\"159\" height=\"159\" alt=\"\"><\/figure>\n<figure class=\"column small-6 medium-3 end\"><img loading=\"lazy\" decoding=\"async\" src=\"https:\/\/vieassociative.be\/actualites\/wp-content\/uploads\/2026\/01\/1769451463_381_Levi-I-Lang-est-lenfant-prince-dEupen-galerie-photo.jpg\" width=\"159\" height=\"159\" alt=\"\"><\/figure>\n<figure class=\"column small-6 medium-3 end\"><img loading=\"lazy\" decoding=\"async\" src=\"https:\/\/vieassociative.be\/actualites\/wp-content\/uploads\/2026\/01\/1769451463_953_Levi-I-Lang-est-lenfant-prince-dEupen-galerie-photo.jpg\" width=\"159\" height=\"159\" alt=\"\"><\/figure>\n<figure class=\"column small-6 medium-3 end\"><img loading=\"lazy\" decoding=\"async\" src=\"https:\/\/vieassociative.be\/actualites\/wp-content\/uploads\/2026\/01\/1769451463_623_Levi-I-Lang-est-lenfant-prince-dEupen-galerie-photo.jpg\" width=\"159\" height=\"159\" alt=\"\"><\/figure>\n<figure class=\"column small-6 medium-3 end\"><img loading=\"lazy\" decoding=\"async\" src=\"https:\/\/vieassociative.be\/actualites\/wp-content\/uploads\/2026\/01\/1769451463_715_Levi-I-Lang-est-lenfant-prince-dEupen-galerie-photo.jpg\" width=\"159\" height=\"159\" alt=\"\"><\/figure>\n<figure class=\"column small-6 medium-3 end\"><img loading=\"lazy\" decoding=\"async\" src=\"https:\/\/vieassociative.be\/actualites\/wp-content\/uploads\/2026\/01\/1769451463_540_Levi-I-Lang-est-lenfant-prince-dEupen-galerie-photo.jpg\" width=\"159\" height=\"159\" alt=\"\"><\/figure>\n<figure class=\"column small-6 medium-3 end\"><img loading=\"lazy\" decoding=\"async\" src=\"https:\/\/vieassociative.be\/actualites\/wp-content\/uploads\/2026\/01\/1769451463_847_Levi-I-Lang-est-lenfant-prince-dEupen-galerie-photo.jpg\" width=\"159\" height=\"159\" alt=\"\"><\/figure>\n<figure class=\"column small-6 medium-3 end\"><img loading=\"lazy\" decoding=\"async\" src=\"https:\/\/vieassociative.be\/actualites\/wp-content\/uploads\/2026\/01\/1769451463_630_Levi-I-Lang-est-lenfant-prince-dEupen-galerie-photo.jpg\" width=\"159\" height=\"159\" alt=\"\"><\/figure>\n<figure class=\"column small-6 medium-3 end\"><img loading=\"lazy\" decoding=\"async\" src=\"https:\/\/vieassociative.be\/actualites\/wp-content\/uploads\/2026\/01\/1769451463_683_Levi-I-Lang-est-lenfant-prince-dEupen-galerie-photo.jpg\" width=\"159\" height=\"159\" alt=\"\"><\/figure>\n<\/div>\n","protected":false},"excerpt":{"rendered":"<p>Cette p\u00e9riode insens\u00e9e touche \u00e0 son paroxysme : apr\u00e8s que le grand prince fr\u00e8re Patrick Ier (Koonen) ait \u00e9t\u00e9 solennellement proclam\u00e9 \u00e0 Eupen le 3<\/p>\n","protected":false},"author":1,"featured_media":12372,"comment_status":"","ping_status":"","sticky":false,"template":"","format":"standard","meta":{"footnotes":""},"categories":[298],"tags":[2403,76,3257,400,1288,9868,2013,4525],"class_list":["post-12371","post","type-post","status-publish","format-standard","has-post-thumbnail","hentry","category-belgique","tag-deupen","tag-est","tag-galerie","tag-lang","tag-lenfant","tag-levi","tag-photo","tag-prince","generate-columns","tablet-grid-50","mobile-grid-100","grid-parent","grid-33"],"yoast_head":"<!-- This site is optimized with the Yoast SEO plugin v24.0 - https:\/\/yoast.com\/wordpress\/plugins\/seo\/ -->\n<title>Levi I. (Lang) est l&#039;enfant prince d&#039;Eupen (galerie photo) | Vie Associative<\/title>\n<meta name=\"robots\" content=\"index, follow, max-snippet:-1, max-image-preview:large, max-video-preview:-1\" \/>\n<link rel=\"canonical\" href=\"https:\/\/vieassociative.be\/actualites\/levi-i-lang-est-lenfant-prince-deupen-galerie-photo\/\" \/>\n<meta property=\"og:locale\" content=\"fr_FR\" \/>\n<meta property=\"og:type\" content=\"article\" \/>\n<meta property=\"og:title\" content=\"Levi I. (Lang) est l&#039;enfant prince d&#039;Eupen (galerie photo) | Vie Associative\" \/>\n<meta property=\"og:description\" content=\"Cette p\u00e9riode insens\u00e9e touche \u00e0 son paroxysme : apr\u00e8s que le grand prince fr\u00e8re Patrick Ier (Koonen) ait \u00e9t\u00e9 solennellement proclam\u00e9 \u00e0 Eupen le 3\" \/>\n<meta property=\"og:url\" content=\"https:\/\/vieassociative.be\/actualites\/levi-i-lang-est-lenfant-prince-deupen-galerie-photo\/\" \/>\n<meta property=\"og:site_name\" content=\"Vie Associative\" \/>\n<meta property=\"article:published_time\" content=\"2026-01-26T18:17:43+00:00\" \/>\n<meta property=\"og:image\" content=\"https:\/\/vieassociative.be\/actualites\/wp-content\/uploads\/2024\/09\/header_backgroundk-01-e1726694325946.png\" \/>\n\t<meta property=\"og:image:width\" content=\"279\" \/>\n\t<meta property=\"og:image:height\" content=\"92\" \/>\n\t<meta property=\"og:image:type\" content=\"image\/png\" \/>\n<meta name=\"author\" content=\"Julien\" \/>\n<meta name=\"twitter:card\" content=\"summary_large_image\" \/>\n<meta name=\"twitter:label1\" content=\"\u00c9crit par\" \/>\n\t<meta name=\"twitter:data1\" content=\"Julien\" \/>\n\t<meta name=\"twitter:label2\" content=\"Dur\u00e9e de lecture est.\" \/>\n\t<meta name=\"twitter:data2\" content=\"2 minutes\" \/>\n<script type=\"application\/ld+json\" class=\"yoast-schema-graph\">{\"@context\":\"https:\/\/schema.org\",\"@graph\":[{\"@type\":\"Article\",\"@id\":\"https:\/\/vieassociative.be\/actualites\/levi-i-lang-est-lenfant-prince-deupen-galerie-photo\/#article\",\"isPartOf\":{\"@id\":\"https:\/\/vieassociative.be\/actualites\/levi-i-lang-est-lenfant-prince-deupen-galerie-photo\/\"},\"author\":{\"name\":\"Julien\",\"@id\":\"https:\/\/vieassociative.be\/actualites\/#\/schema\/person\/b87ac4f82f9d4e7b7cec7395b679edc4\"},\"headline\":\"Levi I. (Lang) est l&rsquo;enfant prince d&rsquo;Eupen (galerie photo)\",\"datePublished\":\"2026-01-26T18:17:43+00:00\",\"dateModified\":\"2026-01-26T18:17:43+00:00\",\"mainEntityOfPage\":{\"@id\":\"https:\/\/vieassociative.be\/actualites\/levi-i-lang-est-lenfant-prince-deupen-galerie-photo\/\"},\"wordCount\":418,\"publisher\":{\"@id\":\"https:\/\/vieassociative.be\/actualites\/#organization\"},\"image\":{\"@id\":\"https:\/\/vieassociative.be\/actualites\/levi-i-lang-est-lenfant-prince-deupen-galerie-photo\/#primaryimage\"},\"thumbnailUrl\":\"https:\/\/vieassociative.be\/actualites\/wp-content\/uploads\/2026\/01\/1769451478_Levi-I-Lang-est-lenfant-prince-dEupen-galerie-photo.jpg\",\"keywords\":[\"dEupen\",\"est\",\"galerie\",\"lang\",\"lenfant\",\"Levi\",\"photo\",\"prince\"],\"articleSection\":[\"Belgique\"],\"inLanguage\":\"fr-BE\"},{\"@type\":\"WebPage\",\"@id\":\"https:\/\/vieassociative.be\/actualites\/levi-i-lang-est-lenfant-prince-deupen-galerie-photo\/\",\"url\":\"https:\/\/vieassociative.be\/actualites\/levi-i-lang-est-lenfant-prince-deupen-galerie-photo\/\",\"name\":\"Levi I. (Lang) est l'enfant prince d'Eupen (galerie photo) | Vie Associative\",\"isPartOf\":{\"@id\":\"https:\/\/vieassociative.be\/actualites\/#website\"},\"primaryImageOfPage\":{\"@id\":\"https:\/\/vieassociative.be\/actualites\/levi-i-lang-est-lenfant-prince-deupen-galerie-photo\/#primaryimage\"},\"image\":{\"@id\":\"https:\/\/vieassociative.be\/actualites\/levi-i-lang-est-lenfant-prince-deupen-galerie-photo\/#primaryimage\"},\"thumbnailUrl\":\"https:\/\/vieassociative.be\/actualites\/wp-content\/uploads\/2026\/01\/1769451478_Levi-I-Lang-est-lenfant-prince-dEupen-galerie-photo.jpg\",\"datePublished\":\"2026-01-26T18:17:43+00:00\",\"dateModified\":\"2026-01-26T18:17:43+00:00\",\"breadcrumb\":{\"@id\":\"https:\/\/vieassociative.be\/actualites\/levi-i-lang-est-lenfant-prince-deupen-galerie-photo\/#breadcrumb\"},\"inLanguage\":\"fr-BE\",\"potentialAction\":[{\"@type\":\"ReadAction\",\"target\":[\"https:\/\/vieassociative.be\/actualites\/levi-i-lang-est-lenfant-prince-deupen-galerie-photo\/\"]}]},{\"@type\":\"ImageObject\",\"inLanguage\":\"fr-BE\",\"@id\":\"https:\/\/vieassociative.be\/actualites\/levi-i-lang-est-lenfant-prince-deupen-galerie-photo\/#primaryimage\",\"url\":\"https:\/\/vieassociative.be\/actualites\/wp-content\/uploads\/2026\/01\/1769451478_Levi-I-Lang-est-lenfant-prince-dEupen-galerie-photo.jpg\",\"contentUrl\":\"https:\/\/vieassociative.be\/actualites\/wp-content\/uploads\/2026\/01\/1769451478_Levi-I-Lang-est-lenfant-prince-dEupen-galerie-photo.jpg\",\"width\":1200,\"height\":800,\"caption\":\"Levi I. (Lang) est l'enfant prince d'Eupen (galerie photo)\"},{\"@type\":\"BreadcrumbList\",\"@id\":\"https:\/\/vieassociative.be\/actualites\/levi-i-lang-est-lenfant-prince-deupen-galerie-photo\/#breadcrumb\",\"itemListElement\":[{\"@type\":\"ListItem\",\"position\":1,\"name\":\"Accueil\",\"item\":\"https:\/\/vieassociative.be\/actualites\/\"},{\"@type\":\"ListItem\",\"position\":2,\"name\":\"Levi I. (Lang) est l&rsquo;enfant prince d&rsquo;Eupen (galerie photo)\"}]},{\"@type\":\"WebSite\",\"@id\":\"https:\/\/vieassociative.be\/actualites\/#website\",\"url\":\"https:\/\/vieassociative.be\/actualites\/\",\"name\":\"Vie Associative\",\"description\":\"\",\"publisher\":{\"@id\":\"https:\/\/vieassociative.be\/actualites\/#organization\"},\"potentialAction\":[{\"@type\":\"SearchAction\",\"target\":{\"@type\":\"EntryPoint\",\"urlTemplate\":\"https:\/\/vieassociative.be\/actualites\/?s={search_term_string}\"},\"query-input\":{\"@type\":\"PropertyValueSpecification\",\"valueRequired\":true,\"valueName\":\"search_term_string\"}}],\"inLanguage\":\"fr-BE\"},{\"@type\":\"Organization\",\"@id\":\"https:\/\/vieassociative.be\/actualites\/#organization\",\"name\":\"Vie Associative\",\"url\":\"https:\/\/vieassociative.be\/actualites\/\",\"logo\":{\"@type\":\"ImageObject\",\"inLanguage\":\"fr-BE\",\"@id\":\"https:\/\/vieassociative.be\/actualites\/#\/schema\/logo\/image\/\",\"url\":\"https:\/\/vieassociative.be\/actualites\/wp-content\/uploads\/2024\/09\/cropped-vieassociative_favicon.ico.png\",\"contentUrl\":\"https:\/\/vieassociative.be\/actualites\/wp-content\/uploads\/2024\/09\/cropped-vieassociative_favicon.ico.png\",\"width\":512,\"height\":512,\"caption\":\"Vie Associative\"},\"image\":{\"@id\":\"https:\/\/vieassociative.be\/actualites\/#\/schema\/logo\/image\/\"}},{\"@type\":\"Person\",\"@id\":\"https:\/\/vieassociative.be\/actualites\/#\/schema\/person\/b87ac4f82f9d4e7b7cec7395b679edc4\",\"name\":\"Julien\",\"image\":{\"@type\":\"ImageObject\",\"inLanguage\":\"fr-BE\",\"@id\":\"https:\/\/vieassociative.be\/actualites\/#\/schema\/person\/image\/\",\"url\":\"https:\/\/vieassociative.be\/actualites\/wp-content\/uploads\/2024\/09\/vie-associative-1-150x150.jpg\",\"contentUrl\":\"https:\/\/vieassociative.be\/actualites\/wp-content\/uploads\/2024\/09\/vie-associative-1-150x150.jpg\",\"caption\":\"Julien\"},\"description\":\"Je suis Julien, r\u00e9dacteur pour Vie Associative. Passionn\u00e9 par le monde associatif depuis plus de 10 ans, j'ai \u00e0 c\u0153ur de partager des histoires inspirantes et de mettre en lumi\u00e8re les initiatives locales. Mon objectif est de sensibiliser et d'encourager l'engagement communautaire \u00e0 travers mes articles.\",\"sameAs\":[\"https:\/\/vieassociative.be\/\"]}]}<\/script>\n<!-- \/ Yoast SEO plugin. -->","yoast_head_json":{"title":"Levi I. (Lang) est l'enfant prince d'Eupen (galerie photo) | Vie Associative","robots":{"index":"index","follow":"follow","max-snippet":"max-snippet:-1","max-image-preview":"max-image-preview:large","max-video-preview":"max-video-preview:-1"},"canonical":"https:\/\/vieassociative.be\/actualites\/levi-i-lang-est-lenfant-prince-deupen-galerie-photo\/","og_locale":"fr_FR","og_type":"article","og_title":"Levi I. (Lang) est l'enfant prince d'Eupen (galerie photo) | Vie Associative","og_description":"Cette p\u00e9riode insens\u00e9e touche \u00e0 son paroxysme : apr\u00e8s que le grand prince fr\u00e8re Patrick Ier (Koonen) ait \u00e9t\u00e9 solennellement proclam\u00e9 \u00e0 Eupen le 3","og_url":"https:\/\/vieassociative.be\/actualites\/levi-i-lang-est-lenfant-prince-deupen-galerie-photo\/","og_site_name":"Vie Associative","article_published_time":"2026-01-26T18:17:43+00:00","og_image":[{"width":279,"height":92,"url":"https:\/\/vieassociative.be\/actualites\/wp-content\/uploads\/2024\/09\/header_backgroundk-01-e1726694325946.png","type":"image\/png"}],"author":"Julien","twitter_card":"summary_large_image","twitter_misc":{"\u00c9crit par":"Julien","Dur\u00e9e de lecture est.":"2 minutes"},"schema":{"@context":"https:\/\/schema.org","@graph":[{"@type":"Article","@id":"https:\/\/vieassociative.be\/actualites\/levi-i-lang-est-lenfant-prince-deupen-galerie-photo\/#article","isPartOf":{"@id":"https:\/\/vieassociative.be\/actualites\/levi-i-lang-est-lenfant-prince-deupen-galerie-photo\/"},"author":{"name":"Julien","@id":"https:\/\/vieassociative.be\/actualites\/#\/schema\/person\/b87ac4f82f9d4e7b7cec7395b679edc4"},"headline":"Levi I. (Lang) est l&rsquo;enfant prince d&rsquo;Eupen (galerie photo)","datePublished":"2026-01-26T18:17:43+00:00","dateModified":"2026-01-26T18:17:43+00:00","mainEntityOfPage":{"@id":"https:\/\/vieassociative.be\/actualites\/levi-i-lang-est-lenfant-prince-deupen-galerie-photo\/"},"wordCount":418,"publisher":{"@id":"https:\/\/vieassociative.be\/actualites\/#organization"},"image":{"@id":"https:\/\/vieassociative.be\/actualites\/levi-i-lang-est-lenfant-prince-deupen-galerie-photo\/#primaryimage"},"thumbnailUrl":"https:\/\/vieassociative.be\/actualites\/wp-content\/uploads\/2026\/01\/1769451478_Levi-I-Lang-est-lenfant-prince-dEupen-galerie-photo.jpg","keywords":["dEupen","est","galerie","lang","lenfant","Levi","photo","prince"],"articleSection":["Belgique"],"inLanguage":"fr-BE"},{"@type":"WebPage","@id":"https:\/\/vieassociative.be\/actualites\/levi-i-lang-est-lenfant-prince-deupen-galerie-photo\/","url":"https:\/\/vieassociative.be\/actualites\/levi-i-lang-est-lenfant-prince-deupen-galerie-photo\/","name":"Levi I. (Lang) est l'enfant prince d'Eupen (galerie photo) | Vie Associative","isPartOf":{"@id":"https:\/\/vieassociative.be\/actualites\/#website"},"primaryImageOfPage":{"@id":"https:\/\/vieassociative.be\/actualites\/levi-i-lang-est-lenfant-prince-deupen-galerie-photo\/#primaryimage"},"image":{"@id":"https:\/\/vieassociative.be\/actualites\/levi-i-lang-est-lenfant-prince-deupen-galerie-photo\/#primaryimage"},"thumbnailUrl":"https:\/\/vieassociative.be\/actualites\/wp-content\/uploads\/2026\/01\/1769451478_Levi-I-Lang-est-lenfant-prince-dEupen-galerie-photo.jpg","datePublished":"2026-01-26T18:17:43+00:00","dateModified":"2026-01-26T18:17:43+00:00","breadcrumb":{"@id":"https:\/\/vieassociative.be\/actualites\/levi-i-lang-est-lenfant-prince-deupen-galerie-photo\/#breadcrumb"},"inLanguage":"fr-BE","potentialAction":[{"@type":"ReadAction","target":["https:\/\/vieassociative.be\/actualites\/levi-i-lang-est-lenfant-prince-deupen-galerie-photo\/"]}]},{"@type":"ImageObject","inLanguage":"fr-BE","@id":"https:\/\/vieassociative.be\/actualites\/levi-i-lang-est-lenfant-prince-deupen-galerie-photo\/#primaryimage","url":"https:\/\/vieassociative.be\/actualites\/wp-content\/uploads\/2026\/01\/1769451478_Levi-I-Lang-est-lenfant-prince-dEupen-galerie-photo.jpg","contentUrl":"https:\/\/vieassociative.be\/actualites\/wp-content\/uploads\/2026\/01\/1769451478_Levi-I-Lang-est-lenfant-prince-dEupen-galerie-photo.jpg","width":1200,"height":800,"caption":"Levi I. (Lang) est l'enfant prince d'Eupen (galerie photo)"},{"@type":"BreadcrumbList","@id":"https:\/\/vieassociative.be\/actualites\/levi-i-lang-est-lenfant-prince-deupen-galerie-photo\/#breadcrumb","itemListElement":[{"@type":"ListItem","position":1,"name":"Accueil","item":"https:\/\/vieassociative.be\/actualites\/"},{"@type":"ListItem","position":2,"name":"Levi I. (Lang) est l&rsquo;enfant prince d&rsquo;Eupen (galerie photo)"}]},{"@type":"WebSite","@id":"https:\/\/vieassociative.be\/actualites\/#website","url":"https:\/\/vieassociative.be\/actualites\/","name":"Vie Associative","description":"","publisher":{"@id":"https:\/\/vieassociative.be\/actualites\/#organization"},"potentialAction":[{"@type":"SearchAction","target":{"@type":"EntryPoint","urlTemplate":"https:\/\/vieassociative.be\/actualites\/?s={search_term_string}"},"query-input":{"@type":"PropertyValueSpecification","valueRequired":true,"valueName":"search_term_string"}}],"inLanguage":"fr-BE"},{"@type":"Organization","@id":"https:\/\/vieassociative.be\/actualites\/#organization","name":"Vie Associative","url":"https:\/\/vieassociative.be\/actualites\/","logo":{"@type":"ImageObject","inLanguage":"fr-BE","@id":"https:\/\/vieassociative.be\/actualites\/#\/schema\/logo\/image\/","url":"https:\/\/vieassociative.be\/actualites\/wp-content\/uploads\/2024\/09\/cropped-vieassociative_favicon.ico.png","contentUrl":"https:\/\/vieassociative.be\/actualites\/wp-content\/uploads\/2024\/09\/cropped-vieassociative_favicon.ico.png","width":512,"height":512,"caption":"Vie Associative"},"image":{"@id":"https:\/\/vieassociative.be\/actualites\/#\/schema\/logo\/image\/"}},{"@type":"Person","@id":"https:\/\/vieassociative.be\/actualites\/#\/schema\/person\/b87ac4f82f9d4e7b7cec7395b679edc4","name":"Julien","image":{"@type":"ImageObject","inLanguage":"fr-BE","@id":"https:\/\/vieassociative.be\/actualites\/#\/schema\/person\/image\/","url":"https:\/\/vieassociative.be\/actualites\/wp-content\/uploads\/2024\/09\/vie-associative-1-150x150.jpg","contentUrl":"https:\/\/vieassociative.be\/actualites\/wp-content\/uploads\/2024\/09\/vie-associative-1-150x150.jpg","caption":"Julien"},"description":"Je suis Julien, r\u00e9dacteur pour Vie Associative. Passionn\u00e9 par le monde associatif depuis plus de 10 ans, j'ai \u00e0 c\u0153ur de partager des histoires inspirantes et de mettre en lumi\u00e8re les initiatives locales. Mon objectif est de sensibiliser et d'encourager l'engagement communautaire \u00e0 travers mes articles.","sameAs":["https:\/\/vieassociative.be\/"]}]}},"_links":{"self":[{"href":"https:\/\/vieassociative.be\/actualites\/wp-json\/wp\/v2\/posts\/12371"}],"collection":[{"href":"https:\/\/vieassociative.be\/actualites\/wp-json\/wp\/v2\/posts"}],"about":[{"href":"https:\/\/vieassociative.be\/actualites\/wp-json\/wp\/v2\/types\/post"}],"author":[{"embeddable":true,"href":"https:\/\/vieassociative.be\/actualites\/wp-json\/wp\/v2\/users\/1"}],"replies":[{"embeddable":true,"href":"https:\/\/vieassociative.be\/actualites\/wp-json\/wp\/v2\/comments?post=12371"}],"version-history":[{"count":0,"href":"https:\/\/vieassociative.be\/actualites\/wp-json\/wp\/v2\/posts\/12371\/revisions"}],"wp:featuredmedia":[{"embeddable":true,"href":"https:\/\/vieassociative.be\/actualites\/wp-json\/wp\/v2\/media\/12372"}],"wp:attachment":[{"href":"https:\/\/vieassociative.be\/actualites\/wp-json\/wp\/v2\/media?parent=12371"}],"wp:term":[{"taxonomy":"category","embeddable":true,"href":"https:\/\/vieassociative.be\/actualites\/wp-json\/wp\/v2\/categories?post=12371"},{"taxonomy":"post_tag","embeddable":true,"href":"https:\/\/vieassociative.be\/actualites\/wp-json\/wp\/v2\/tags?post=12371"}],"curies":[{"name":"wp","href":"https:\/\/api.w.org\/{rel}","templated":true}]}}