{"id":12369,"date":"2026-01-26T18:17:22","date_gmt":"2026-01-26T17:17:22","guid":{"rendered":"https:\/\/vieassociative.be\/actualites\/meta-est-poursuivi-pour-savoir-si-whatsapp-chiffre-reellement-vos-messages\/"},"modified":"2026-01-26T18:17:22","modified_gmt":"2026-01-26T17:17:22","slug":"meta-est-poursuivi-pour-savoir-si-whatsapp-chiffre-reellement-vos-messages","status":"publish","type":"post","link":"https:\/\/vieassociative.be\/actualites\/meta-est-poursuivi-pour-savoir-si-whatsapp-chiffre-reellement-vos-messages\/","title":{"rendered":"Meta est poursuivi pour savoir si WhatsApp chiffre r\u00e9ellement vos messages"},"content":{"rendered":"<p>Peu de temps apr\u00e8s que Meta (alors Facebook) a achet\u00e9 WhatsApp en 2014, la soci\u00e9t\u00e9 a promis de mettre en \u0153uvre une fonctionnalit\u00e9 \u00e9tonnamment diff\u00e9rente de celle de Facebook\u00a0: le cryptage de bout en bout. Cette d\u00e9cision \u00e9tait cens\u00e9e \u00eatre une aubaine pour la confidentialit\u00e9, garantissant que personne ne puisse voir vos messages en dehors du destinataire et de vous-m\u00eame. M\u00eame aujourd&rsquo;hui, le site Web de WhatsApp affirme : \u00ab\u00a0Personne en dehors du chat, pas m\u00eame WhatsApp, ne peut lire, \u00e9couter ou partager (vos messages).\u00a0\u00bb Cependant, une nouvelle plainte d\u00e9pos\u00e9e devant le tribunal de district am\u00e9ricain de San Francisco affirme d\u00e9sormais que ce n&rsquo;est pas le cas.<\/p>\n<p>Selon un rapport de Bloomberg, un groupe international de plaignants a poursuivi Meta en justice, affirmant que les affirmations de l&rsquo;application concernant le cryptage de bout en bout sont un mensonge. Le proc\u00e8s all\u00e8gue que Meta et WhatsApp \u00ab stockent, analysent et peuvent acc\u00e9der \u00e0 pratiquement toutes les communications pr\u00e9tendument \u00ab priv\u00e9es \u00bb des utilisateurs de WhatsApp.<\/p>\n<p>Les plaignants comprennent des utilisateurs d&rsquo;Australie, du Br\u00e9sil, d&rsquo;Inde, du Mexique et d&rsquo;Afrique du Sud, repr\u00e9sent\u00e9s par des avocats de plusieurs cabinets. Les all\u00e9gations citent des \u00ab\u00a0lanceurs d\u2019alerte\u00a0\u00bb qui ont contribu\u00e9 \u00e0 faire conna\u00eetre cette information, mais on n\u2019en sait pas davantage pour l\u2019instant.<\/p>\n<p>Dans un e-mail adress\u00e9 \u00e0 Bloomberg, Meta a fermement ni\u00e9 ces all\u00e9gations. La soci\u00e9t\u00e9 a qualifi\u00e9 le proc\u00e8s de \u00ab frivole \u00bb, assurant aux utilisateurs que WhatsApp utilise le protocole open source Signal pour le cryptage et ajoutant que \u00ab toute affirmation selon laquelle les messages WhatsApp des gens ne sont pas crypt\u00e9s est cat\u00e9goriquement fausse et absurde \u00bb.<\/p>\n<p>Si le proc\u00e8s aboutit, cela pourrait affecter des milliards d\u2019utilisateurs \u00e0 travers le monde. C&rsquo;est parce que les avocats des plaignants demandent au tribunal de certifier un recours collectif.<\/p>\n<p>En attendant, WhatApp est loin d\u2019\u00eatre la seule option pour les applications de messagerie crypt\u00e9es. Bien que l&rsquo;on ne sache pas exactement comment le proc\u00e8s se d\u00e9roulera, ceux qui cherchent \u00e0 quitter le navire pourraient plut\u00f4t envisager des alternatives comme Signal ou Viber. Notez que certaines applications, comme Telegram, proposent un cryptage de bout en bout, mais ne l&rsquo;activent pas par d\u00e9faut. (Personnellement, j&rsquo;utilise Line, \u00e0 cause des autocollants anim\u00e9s.)<\/p>\n<p>J&rsquo;ai contact\u00e9 Meta pour obtenir d&rsquo;autres commentaires et je mettrai \u00e0 jour cette histoire une fois que j&rsquo;aurai re\u00e7u une r\u00e9ponse.<\/p>\n","protected":false},"excerpt":{"rendered":"<p>Peu de temps apr\u00e8s que Meta (alors Facebook) a achet\u00e9 WhatsApp en 2014, la soci\u00e9t\u00e9 a promis de mettre en \u0153uvre une fonctionnalit\u00e9 \u00e9tonnamment diff\u00e9rente<\/p>\n","protected":false},"author":1,"featured_media":12370,"comment_status":"","ping_status":"","sticky":false,"template":"","format":"standard","meta":{"footnotes":""},"categories":[13],"tags":[9867,76,28,487,81,8132,85,183,27,4046],"class_list":["post-12369","post","type-post","status-publish","format-standard","has-post-thumbnail","hentry","category-technologie","tag-chiffre","tag-est","tag-messages","tag-meta","tag-pour","tag-poursuivi","tag-reellement","tag-savoir","tag-vos","tag-whatsapp","generate-columns","tablet-grid-50","mobile-grid-100","grid-parent","grid-33"],"yoast_head":"<!-- This site is optimized with the Yoast SEO plugin v24.0 - https:\/\/yoast.com\/wordpress\/plugins\/seo\/ -->\n<title>Meta est poursuivi pour savoir si WhatsApp chiffre r\u00e9ellement vos messages | Vie Associative<\/title>\n<meta name=\"robots\" content=\"index, follow, max-snippet:-1, max-image-preview:large, max-video-preview:-1\" \/>\n<link rel=\"canonical\" href=\"https:\/\/vieassociative.be\/actualites\/meta-est-poursuivi-pour-savoir-si-whatsapp-chiffre-reellement-vos-messages\/\" \/>\n<meta property=\"og:locale\" content=\"fr_FR\" \/>\n<meta property=\"og:type\" content=\"article\" \/>\n<meta property=\"og:title\" content=\"Meta est poursuivi pour savoir si WhatsApp chiffre r\u00e9ellement vos messages | Vie Associative\" \/>\n<meta property=\"og:description\" content=\"Peu de temps apr\u00e8s que Meta (alors Facebook) a achet\u00e9 WhatsApp en 2014, la soci\u00e9t\u00e9 a promis de mettre en \u0153uvre une fonctionnalit\u00e9 \u00e9tonnamment diff\u00e9rente\" \/>\n<meta property=\"og:url\" content=\"https:\/\/vieassociative.be\/actualites\/meta-est-poursuivi-pour-savoir-si-whatsapp-chiffre-reellement-vos-messages\/\" \/>\n<meta property=\"og:site_name\" content=\"Vie Associative\" \/>\n<meta property=\"article:published_time\" content=\"2026-01-26T17:17:22+00:00\" \/>\n<meta property=\"og:image\" content=\"https:\/\/vieassociative.be\/actualites\/wp-content\/uploads\/2024\/09\/header_backgroundk-01-e1726694325946.png\" \/>\n\t<meta property=\"og:image:width\" content=\"279\" \/>\n\t<meta property=\"og:image:height\" content=\"92\" \/>\n\t<meta property=\"og:image:type\" content=\"image\/png\" \/>\n<meta name=\"author\" content=\"Julien\" \/>\n<meta name=\"twitter:card\" content=\"summary_large_image\" \/>\n<meta name=\"twitter:label1\" content=\"\u00c9crit par\" \/>\n\t<meta name=\"twitter:data1\" content=\"Julien\" \/>\n\t<meta name=\"twitter:label2\" content=\"Dur\u00e9e de lecture est.\" \/>\n\t<meta name=\"twitter:data2\" content=\"2 minutes\" \/>\n<script type=\"application\/ld+json\" class=\"yoast-schema-graph\">{\"@context\":\"https:\/\/schema.org\",\"@graph\":[{\"@type\":\"Article\",\"@id\":\"https:\/\/vieassociative.be\/actualites\/meta-est-poursuivi-pour-savoir-si-whatsapp-chiffre-reellement-vos-messages\/#article\",\"isPartOf\":{\"@id\":\"https:\/\/vieassociative.be\/actualites\/meta-est-poursuivi-pour-savoir-si-whatsapp-chiffre-reellement-vos-messages\/\"},\"author\":{\"name\":\"Julien\",\"@id\":\"https:\/\/vieassociative.be\/actualites\/#\/schema\/person\/b87ac4f82f9d4e7b7cec7395b679edc4\"},\"headline\":\"Meta est poursuivi pour savoir si WhatsApp chiffre r\u00e9ellement vos messages\",\"datePublished\":\"2026-01-26T17:17:22+00:00\",\"dateModified\":\"2026-01-26T17:17:22+00:00\",\"mainEntityOfPage\":{\"@id\":\"https:\/\/vieassociative.be\/actualites\/meta-est-poursuivi-pour-savoir-si-whatsapp-chiffre-reellement-vos-messages\/\"},\"wordCount\":437,\"publisher\":{\"@id\":\"https:\/\/vieassociative.be\/actualites\/#organization\"},\"image\":{\"@id\":\"https:\/\/vieassociative.be\/actualites\/meta-est-poursuivi-pour-savoir-si-whatsapp-chiffre-reellement-vos-messages\/#primaryimage\"},\"thumbnailUrl\":\"https:\/\/vieassociative.be\/actualites\/wp-content\/uploads\/2026\/01\/Meta-est-poursuivi-pour-savoir-si-WhatsApp-chiffre-reellement-vos.png\",\"keywords\":[\"chiffre\",\"est\",\"messages\",\"Meta\",\"pour\",\"poursuivi\",\"r\u00e9ellement\",\"savoir\",\"vos\",\"WhatsApp\"],\"articleSection\":[\"Technologie\"],\"inLanguage\":\"fr-BE\"},{\"@type\":\"WebPage\",\"@id\":\"https:\/\/vieassociative.be\/actualites\/meta-est-poursuivi-pour-savoir-si-whatsapp-chiffre-reellement-vos-messages\/\",\"url\":\"https:\/\/vieassociative.be\/actualites\/meta-est-poursuivi-pour-savoir-si-whatsapp-chiffre-reellement-vos-messages\/\",\"name\":\"Meta est poursuivi pour savoir si WhatsApp chiffre r\u00e9ellement vos messages | Vie Associative\",\"isPartOf\":{\"@id\":\"https:\/\/vieassociative.be\/actualites\/#website\"},\"primaryImageOfPage\":{\"@id\":\"https:\/\/vieassociative.be\/actualites\/meta-est-poursuivi-pour-savoir-si-whatsapp-chiffre-reellement-vos-messages\/#primaryimage\"},\"image\":{\"@id\":\"https:\/\/vieassociative.be\/actualites\/meta-est-poursuivi-pour-savoir-si-whatsapp-chiffre-reellement-vos-messages\/#primaryimage\"},\"thumbnailUrl\":\"https:\/\/vieassociative.be\/actualites\/wp-content\/uploads\/2026\/01\/Meta-est-poursuivi-pour-savoir-si-WhatsApp-chiffre-reellement-vos.png\",\"datePublished\":\"2026-01-26T17:17:22+00:00\",\"dateModified\":\"2026-01-26T17:17:22+00:00\",\"breadcrumb\":{\"@id\":\"https:\/\/vieassociative.be\/actualites\/meta-est-poursuivi-pour-savoir-si-whatsapp-chiffre-reellement-vos-messages\/#breadcrumb\"},\"inLanguage\":\"fr-BE\",\"potentialAction\":[{\"@type\":\"ReadAction\",\"target\":[\"https:\/\/vieassociative.be\/actualites\/meta-est-poursuivi-pour-savoir-si-whatsapp-chiffre-reellement-vos-messages\/\"]}]},{\"@type\":\"ImageObject\",\"inLanguage\":\"fr-BE\",\"@id\":\"https:\/\/vieassociative.be\/actualites\/meta-est-poursuivi-pour-savoir-si-whatsapp-chiffre-reellement-vos-messages\/#primaryimage\",\"url\":\"https:\/\/vieassociative.be\/actualites\/wp-content\/uploads\/2026\/01\/Meta-est-poursuivi-pour-savoir-si-WhatsApp-chiffre-reellement-vos.png\",\"contentUrl\":\"https:\/\/vieassociative.be\/actualites\/wp-content\/uploads\/2026\/01\/Meta-est-poursuivi-pour-savoir-si-WhatsApp-chiffre-reellement-vos.png\",\"width\":1200,\"height\":675,\"caption\":\"Meta est poursuivi pour savoir si WhatsApp chiffre r\u00e9ellement vos messages\"},{\"@type\":\"BreadcrumbList\",\"@id\":\"https:\/\/vieassociative.be\/actualites\/meta-est-poursuivi-pour-savoir-si-whatsapp-chiffre-reellement-vos-messages\/#breadcrumb\",\"itemListElement\":[{\"@type\":\"ListItem\",\"position\":1,\"name\":\"Accueil\",\"item\":\"https:\/\/vieassociative.be\/actualites\/\"},{\"@type\":\"ListItem\",\"position\":2,\"name\":\"Meta est poursuivi pour savoir si WhatsApp chiffre r\u00e9ellement vos messages\"}]},{\"@type\":\"WebSite\",\"@id\":\"https:\/\/vieassociative.be\/actualites\/#website\",\"url\":\"https:\/\/vieassociative.be\/actualites\/\",\"name\":\"Vie Associative\",\"description\":\"\",\"publisher\":{\"@id\":\"https:\/\/vieassociative.be\/actualites\/#organization\"},\"potentialAction\":[{\"@type\":\"SearchAction\",\"target\":{\"@type\":\"EntryPoint\",\"urlTemplate\":\"https:\/\/vieassociative.be\/actualites\/?s={search_term_string}\"},\"query-input\":{\"@type\":\"PropertyValueSpecification\",\"valueRequired\":true,\"valueName\":\"search_term_string\"}}],\"inLanguage\":\"fr-BE\"},{\"@type\":\"Organization\",\"@id\":\"https:\/\/vieassociative.be\/actualites\/#organization\",\"name\":\"Vie Associative\",\"url\":\"https:\/\/vieassociative.be\/actualites\/\",\"logo\":{\"@type\":\"ImageObject\",\"inLanguage\":\"fr-BE\",\"@id\":\"https:\/\/vieassociative.be\/actualites\/#\/schema\/logo\/image\/\",\"url\":\"https:\/\/vieassociative.be\/actualites\/wp-content\/uploads\/2024\/09\/cropped-vieassociative_favicon.ico.png\",\"contentUrl\":\"https:\/\/vieassociative.be\/actualites\/wp-content\/uploads\/2024\/09\/cropped-vieassociative_favicon.ico.png\",\"width\":512,\"height\":512,\"caption\":\"Vie Associative\"},\"image\":{\"@id\":\"https:\/\/vieassociative.be\/actualites\/#\/schema\/logo\/image\/\"}},{\"@type\":\"Person\",\"@id\":\"https:\/\/vieassociative.be\/actualites\/#\/schema\/person\/b87ac4f82f9d4e7b7cec7395b679edc4\",\"name\":\"Julien\",\"image\":{\"@type\":\"ImageObject\",\"inLanguage\":\"fr-BE\",\"@id\":\"https:\/\/vieassociative.be\/actualites\/#\/schema\/person\/image\/\",\"url\":\"https:\/\/vieassociative.be\/actualites\/wp-content\/uploads\/2024\/09\/vie-associative-1-150x150.jpg\",\"contentUrl\":\"https:\/\/vieassociative.be\/actualites\/wp-content\/uploads\/2024\/09\/vie-associative-1-150x150.jpg\",\"caption\":\"Julien\"},\"description\":\"Je suis Julien, r\u00e9dacteur pour Vie Associative. Passionn\u00e9 par le monde associatif depuis plus de 10 ans, j'ai \u00e0 c\u0153ur de partager des histoires inspirantes et de mettre en lumi\u00e8re les initiatives locales. Mon objectif est de sensibiliser et d'encourager l'engagement communautaire \u00e0 travers mes articles.\",\"sameAs\":[\"https:\/\/vieassociative.be\/\"]}]}<\/script>\n<!-- \/ Yoast SEO plugin. -->","yoast_head_json":{"title":"Meta est poursuivi pour savoir si WhatsApp chiffre r\u00e9ellement vos messages | Vie Associative","robots":{"index":"index","follow":"follow","max-snippet":"max-snippet:-1","max-image-preview":"max-image-preview:large","max-video-preview":"max-video-preview:-1"},"canonical":"https:\/\/vieassociative.be\/actualites\/meta-est-poursuivi-pour-savoir-si-whatsapp-chiffre-reellement-vos-messages\/","og_locale":"fr_FR","og_type":"article","og_title":"Meta est poursuivi pour savoir si WhatsApp chiffre r\u00e9ellement vos messages | Vie Associative","og_description":"Peu de temps apr\u00e8s que Meta (alors Facebook) a achet\u00e9 WhatsApp en 2014, la soci\u00e9t\u00e9 a promis de mettre en \u0153uvre une fonctionnalit\u00e9 \u00e9tonnamment diff\u00e9rente","og_url":"https:\/\/vieassociative.be\/actualites\/meta-est-poursuivi-pour-savoir-si-whatsapp-chiffre-reellement-vos-messages\/","og_site_name":"Vie Associative","article_published_time":"2026-01-26T17:17:22+00:00","og_image":[{"width":279,"height":92,"url":"https:\/\/vieassociative.be\/actualites\/wp-content\/uploads\/2024\/09\/header_backgroundk-01-e1726694325946.png","type":"image\/png"}],"author":"Julien","twitter_card":"summary_large_image","twitter_misc":{"\u00c9crit par":"Julien","Dur\u00e9e de lecture est.":"2 minutes"},"schema":{"@context":"https:\/\/schema.org","@graph":[{"@type":"Article","@id":"https:\/\/vieassociative.be\/actualites\/meta-est-poursuivi-pour-savoir-si-whatsapp-chiffre-reellement-vos-messages\/#article","isPartOf":{"@id":"https:\/\/vieassociative.be\/actualites\/meta-est-poursuivi-pour-savoir-si-whatsapp-chiffre-reellement-vos-messages\/"},"author":{"name":"Julien","@id":"https:\/\/vieassociative.be\/actualites\/#\/schema\/person\/b87ac4f82f9d4e7b7cec7395b679edc4"},"headline":"Meta est poursuivi pour savoir si WhatsApp chiffre r\u00e9ellement vos messages","datePublished":"2026-01-26T17:17:22+00:00","dateModified":"2026-01-26T17:17:22+00:00","mainEntityOfPage":{"@id":"https:\/\/vieassociative.be\/actualites\/meta-est-poursuivi-pour-savoir-si-whatsapp-chiffre-reellement-vos-messages\/"},"wordCount":437,"publisher":{"@id":"https:\/\/vieassociative.be\/actualites\/#organization"},"image":{"@id":"https:\/\/vieassociative.be\/actualites\/meta-est-poursuivi-pour-savoir-si-whatsapp-chiffre-reellement-vos-messages\/#primaryimage"},"thumbnailUrl":"https:\/\/vieassociative.be\/actualites\/wp-content\/uploads\/2026\/01\/Meta-est-poursuivi-pour-savoir-si-WhatsApp-chiffre-reellement-vos.png","keywords":["chiffre","est","messages","Meta","pour","poursuivi","r\u00e9ellement","savoir","vos","WhatsApp"],"articleSection":["Technologie"],"inLanguage":"fr-BE"},{"@type":"WebPage","@id":"https:\/\/vieassociative.be\/actualites\/meta-est-poursuivi-pour-savoir-si-whatsapp-chiffre-reellement-vos-messages\/","url":"https:\/\/vieassociative.be\/actualites\/meta-est-poursuivi-pour-savoir-si-whatsapp-chiffre-reellement-vos-messages\/","name":"Meta est poursuivi pour savoir si WhatsApp chiffre r\u00e9ellement vos messages | Vie Associative","isPartOf":{"@id":"https:\/\/vieassociative.be\/actualites\/#website"},"primaryImageOfPage":{"@id":"https:\/\/vieassociative.be\/actualites\/meta-est-poursuivi-pour-savoir-si-whatsapp-chiffre-reellement-vos-messages\/#primaryimage"},"image":{"@id":"https:\/\/vieassociative.be\/actualites\/meta-est-poursuivi-pour-savoir-si-whatsapp-chiffre-reellement-vos-messages\/#primaryimage"},"thumbnailUrl":"https:\/\/vieassociative.be\/actualites\/wp-content\/uploads\/2026\/01\/Meta-est-poursuivi-pour-savoir-si-WhatsApp-chiffre-reellement-vos.png","datePublished":"2026-01-26T17:17:22+00:00","dateModified":"2026-01-26T17:17:22+00:00","breadcrumb":{"@id":"https:\/\/vieassociative.be\/actualites\/meta-est-poursuivi-pour-savoir-si-whatsapp-chiffre-reellement-vos-messages\/#breadcrumb"},"inLanguage":"fr-BE","potentialAction":[{"@type":"ReadAction","target":["https:\/\/vieassociative.be\/actualites\/meta-est-poursuivi-pour-savoir-si-whatsapp-chiffre-reellement-vos-messages\/"]}]},{"@type":"ImageObject","inLanguage":"fr-BE","@id":"https:\/\/vieassociative.be\/actualites\/meta-est-poursuivi-pour-savoir-si-whatsapp-chiffre-reellement-vos-messages\/#primaryimage","url":"https:\/\/vieassociative.be\/actualites\/wp-content\/uploads\/2026\/01\/Meta-est-poursuivi-pour-savoir-si-WhatsApp-chiffre-reellement-vos.png","contentUrl":"https:\/\/vieassociative.be\/actualites\/wp-content\/uploads\/2026\/01\/Meta-est-poursuivi-pour-savoir-si-WhatsApp-chiffre-reellement-vos.png","width":1200,"height":675,"caption":"Meta est poursuivi pour savoir si WhatsApp chiffre r\u00e9ellement vos messages"},{"@type":"BreadcrumbList","@id":"https:\/\/vieassociative.be\/actualites\/meta-est-poursuivi-pour-savoir-si-whatsapp-chiffre-reellement-vos-messages\/#breadcrumb","itemListElement":[{"@type":"ListItem","position":1,"name":"Accueil","item":"https:\/\/vieassociative.be\/actualites\/"},{"@type":"ListItem","position":2,"name":"Meta est poursuivi pour savoir si WhatsApp chiffre r\u00e9ellement vos messages"}]},{"@type":"WebSite","@id":"https:\/\/vieassociative.be\/actualites\/#website","url":"https:\/\/vieassociative.be\/actualites\/","name":"Vie Associative","description":"","publisher":{"@id":"https:\/\/vieassociative.be\/actualites\/#organization"},"potentialAction":[{"@type":"SearchAction","target":{"@type":"EntryPoint","urlTemplate":"https:\/\/vieassociative.be\/actualites\/?s={search_term_string}"},"query-input":{"@type":"PropertyValueSpecification","valueRequired":true,"valueName":"search_term_string"}}],"inLanguage":"fr-BE"},{"@type":"Organization","@id":"https:\/\/vieassociative.be\/actualites\/#organization","name":"Vie Associative","url":"https:\/\/vieassociative.be\/actualites\/","logo":{"@type":"ImageObject","inLanguage":"fr-BE","@id":"https:\/\/vieassociative.be\/actualites\/#\/schema\/logo\/image\/","url":"https:\/\/vieassociative.be\/actualites\/wp-content\/uploads\/2024\/09\/cropped-vieassociative_favicon.ico.png","contentUrl":"https:\/\/vieassociative.be\/actualites\/wp-content\/uploads\/2024\/09\/cropped-vieassociative_favicon.ico.png","width":512,"height":512,"caption":"Vie Associative"},"image":{"@id":"https:\/\/vieassociative.be\/actualites\/#\/schema\/logo\/image\/"}},{"@type":"Person","@id":"https:\/\/vieassociative.be\/actualites\/#\/schema\/person\/b87ac4f82f9d4e7b7cec7395b679edc4","name":"Julien","image":{"@type":"ImageObject","inLanguage":"fr-BE","@id":"https:\/\/vieassociative.be\/actualites\/#\/schema\/person\/image\/","url":"https:\/\/vieassociative.be\/actualites\/wp-content\/uploads\/2024\/09\/vie-associative-1-150x150.jpg","contentUrl":"https:\/\/vieassociative.be\/actualites\/wp-content\/uploads\/2024\/09\/vie-associative-1-150x150.jpg","caption":"Julien"},"description":"Je suis Julien, r\u00e9dacteur pour Vie Associative. Passionn\u00e9 par le monde associatif depuis plus de 10 ans, j'ai \u00e0 c\u0153ur de partager des histoires inspirantes et de mettre en lumi\u00e8re les initiatives locales. Mon objectif est de sensibiliser et d'encourager l'engagement communautaire \u00e0 travers mes articles.","sameAs":["https:\/\/vieassociative.be\/"]}]}},"_links":{"self":[{"href":"https:\/\/vieassociative.be\/actualites\/wp-json\/wp\/v2\/posts\/12369"}],"collection":[{"href":"https:\/\/vieassociative.be\/actualites\/wp-json\/wp\/v2\/posts"}],"about":[{"href":"https:\/\/vieassociative.be\/actualites\/wp-json\/wp\/v2\/types\/post"}],"author":[{"embeddable":true,"href":"https:\/\/vieassociative.be\/actualites\/wp-json\/wp\/v2\/users\/1"}],"replies":[{"embeddable":true,"href":"https:\/\/vieassociative.be\/actualites\/wp-json\/wp\/v2\/comments?post=12369"}],"version-history":[{"count":0,"href":"https:\/\/vieassociative.be\/actualites\/wp-json\/wp\/v2\/posts\/12369\/revisions"}],"wp:featuredmedia":[{"embeddable":true,"href":"https:\/\/vieassociative.be\/actualites\/wp-json\/wp\/v2\/media\/12370"}],"wp:attachment":[{"href":"https:\/\/vieassociative.be\/actualites\/wp-json\/wp\/v2\/media?parent=12369"}],"wp:term":[{"taxonomy":"category","embeddable":true,"href":"https:\/\/vieassociative.be\/actualites\/wp-json\/wp\/v2\/categories?post=12369"},{"taxonomy":"post_tag","embeddable":true,"href":"https:\/\/vieassociative.be\/actualites\/wp-json\/wp\/v2\/tags?post=12369"}],"curies":[{"name":"wp","href":"https:\/\/api.w.org\/{rel}","templated":true}]}}