{"id":12363,"date":"2026-01-26T01:17:56","date_gmt":"2026-01-26T00:17:56","guid":{"rendered":"https:\/\/vieassociative.be\/actualites\/colere-et-contestation-apres-la-fusillade-mortelle-a-minneapolis-la-politique-radicale-dexpulsion-de-trump-a-un-tournant\/"},"modified":"2026-01-26T01:17:56","modified_gmt":"2026-01-26T00:17:56","slug":"colere-et-contestation-apres-la-fusillade-mortelle-a-minneapolis-la-politique-radicale-dexpulsion-de-trump-a-un-tournant","status":"publish","type":"post","link":"https:\/\/vieassociative.be\/actualites\/colere-et-contestation-apres-la-fusillade-mortelle-a-minneapolis-la-politique-radicale-dexpulsion-de-trump-a-un-tournant\/","title":{"rendered":"Col\u00e8re et contestation apr\u00e8s la fusillade mortelle \u00e0 Minneapolis : la politique radicale d&rsquo;expulsion de Trump \u00e0 un tournant ?"},"content":{"rendered":"<p><strong>Dans de nombreuses villes am\u00e9ricaines, la population descend dans la rue contre les op\u00e9rations d\u2019expulsion ordonn\u00e9es par Donald Trump. Lors d&rsquo;une op\u00e9ration, des coups de feu mortels sont \u00e0 nouveau tir\u00e9s. Est-ce le point de bascule ?<\/strong><\/p>\n<p><span id=\"more-434592\"><\/span>Il ne fait plus noir et froid depuis longtemps, la temp\u00e9rature est tomb\u00e9e \u00e0 moins 20 degr\u00e9s. Mais les gens se rassemblent encore l\u00e0 o\u00f9 Alex Pretti, 37 ans, a \u00e9t\u00e9 abattu par des agents f\u00e9d\u00e9raux am\u00e9ricains. <\/p>\n<p>Les observateurs de Minneapolis d\u00e9crivent un sentiment quelque part entre une veill\u00e9e et une protestation. La politique d&rsquo;expulsion du pr\u00e9sident am\u00e9ricain Donald Trump, qui a provoqu\u00e9 en quelques jours un deuxi\u00e8me d\u00e9c\u00e8s dans l&rsquo;\u00c9tat du Minnesota, pourrait marquer un tournant.<\/p>\n<div id=\"attachment_434596\" class=\"wp-caption alignleft\" style=\"max-width: 300px\"><img fetchpriority=\"high\" decoding=\"async\" class=\"wp-image-434596 size-medium\" src=\"https:\/\/vieassociative.be\/actualites\/wp-content\/uploads\/2026\/01\/Colere-et-contestation-apres-la-fusillade-mortelle-a-Minneapolis.jpg\" alt=\"\" width=\"300\" height=\"200\"><\/div>\n<p>Dans tout le pays, les gens descendent dans la rue pour manifester contre le recours \u00e0 l\u2019agence de migration, souvent rigoureuse, ICE. Beaucoup sont motiv\u00e9s par un sentiment d&rsquo;impuissance, d\u00e9clench\u00e9 par la politique rigoureuse du gouvernement am\u00e9ricain. Dans le cas Pretti \u00e9galement, l\u2019administration Trump ne fait rien pour d\u00e9samorcer la situation. Bien que beaucoup de choses restent floues, le gouvernement d\u00e9clare tr\u00e8s t\u00f4t : l&rsquo;homme arm\u00e9 qui aurait protest\u00e9 contre le d\u00e9ploiement des agents f\u00e9d\u00e9raux n&rsquo;a pas \u00e9t\u00e9 injustement abattu par les agents.<\/p>\n<p><strong>\u2013 Il s\u2019agit de souverainet\u00e9 d\u2019interpr\u00e9tation :<\/strong> \u00c0 l&rsquo;instar de la fusillade mortelle de Ren\u00e9e Good, 37 ans, par des responsables f\u00e9d\u00e9raux le 7 janvier, l&rsquo;accent du gouvernement am\u00e9ricain n&rsquo;est pas mis sur la clarification, mais plut\u00f4t sur la souverainet\u00e9 de l&rsquo;interpr\u00e9tation.<\/p>\n<p>Les d\u00e9mocrates appellent \u00e0 manifester contre Trump et contre les raids des autorit\u00e9s f\u00e9d\u00e9rales contre les migrants \u2013 le gouvernement am\u00e9ricain riposte. Des d\u00e9bats au Parlement am\u00e9ricain sont attendus dans les prochains jours, les d\u00e9mocrates tentant de bloquer le financement de la politique d&rsquo;expulsion. Tout cela pourrait m\u00eame aboutir \u00e0 un arr\u00eat des affaires gouvernementales \u2013 un nouvel arr\u00eat \u2013 aux \u00c9tats-Unis.<\/p>\n<p><strong>\u2013 \u00ab\u00a0Combien d\u2019Am\u00e9ricains suppl\u00e9mentaires devront mourir\u00a0?\u00a0\u00bb\u00a0:  <\/strong>Le maire de Minneapolis, le d\u00e9mocrate Jacob Frey, s\u2019est adress\u00e9 directement au pr\u00e9sident am\u00e9ricain lors d\u2019une conf\u00e9rence de presse : \u00ab Combien d\u2019Am\u00e9ricains suppl\u00e9mentaires devront mourir ou \u00eatre gri\u00e8vement bless\u00e9s pour que cette op\u00e9ration prenne fin ? Si le but de la mission est d\u2019assurer la paix et la s\u00e9curit\u00e9, elle fait exactement le contraire.<\/p>\n<div id=\"attachment_434597\" class=\"wp-caption alignleft\" style=\"max-width: 300px\"><img decoding=\"async\" class=\"wp-image-434597 size-medium\" src=\"https:\/\/vieassociative.be\/actualites\/wp-content\/uploads\/2026\/01\/1769386676_86_Colere-et-contestation-apres-la-fusillade-mortelle-a-Minneapolis.jpg\" alt=\"\" width=\"300\" height=\"200\"><\/div>\n<p>Le gouverneur de l&rsquo;\u00c9tat voisin du Minnesota, le d\u00e9mocrate Tim Walz, appelle Trump \u00e0 retirer ses forces du Minnesota. \u00ab\u00a0Ils s\u00e8ment le chaos et la violence.\u00a0\u00bb Et : \u00ab\u00a0Nous ne pouvons pas vivre ainsi. Nos enfants sont traumatis\u00e9s.\u00a0\u00bb Le gouverneur d\u00e9mocrate de l&rsquo;Illinois, et donc de Chicago, o\u00f9 se sont d\u00e9roul\u00e9es de grandes manifestations contre les op\u00e9rations, JB Pritzker, a appel\u00e9 \u00e0 \u00ab\u00a0nous devons tous nous opposer \u00e0 l&rsquo;anarchie qui existe dans nos villes\u00a0\u00bb.<\/p>\n<p>Dans d\u2019autres pays, les d\u00e9mocrates tentent d\u00e9sormais de former une force concentr\u00e9e et de mettre les r\u00e9publicains \u00e0 leurs c\u00f4t\u00e9s. Si cela se produit, cela pourrait constituer un tournant pour l\u2019administration Trump. Il est difficile de dire qui a combien de partisans. De nombreuses vid\u00e9os des op\u00e9rations de l&rsquo;ICE circulent sur les r\u00e9seaux sociaux \u2013 certaines avec des commentaires effrayants ou des c\u00e9l\u00e9brations fr\u00e9n\u00e9tiques. Il existe \u00e9galement plusieurs vid\u00e9os de chaque tournage. Ni l\u2019un ni l\u2019autre ne garantit qu\u2019une des parties admette qu\u2019elle a mal \u00e9valu\u00e9 la situation.<\/p>\n<p><strong>\u2013 Que fait le gouvernement am\u00e9ricain ?<\/strong> Le d\u00e9partement am\u00e9ricain de la S\u00e9curit\u00e9 int\u00e9rieure publie une photo d&rsquo;une arme que la personne tu\u00e9e aurait port\u00e9e sur elle. Trump \u00e9crit sur la plateforme Truth Social que l\u2019arme \u00e9tait charg\u00e9e. Il adresse \u00e9galement des critiques \u00e0 la ville et \u00e9crit que les agents de l&rsquo;ICE n&rsquo;ont pas \u00e9t\u00e9 prot\u00e9g\u00e9s par la police locale pendant leurs op\u00e9rations. Il d\u00e9crit les officiers de l&rsquo;ICE comme des patriotes. Il accuse le maire et le gouverneur d&rsquo;inciter la population du Minnesota par leur rh\u00e9torique.<\/p>\n<p>Aux \u00c9tats-Unis, les raids au cours desquels les migrants sont emmen\u00e9s sont devenus presque quotidiens. Le gouvernement am\u00e9ricain parle de poursuites judiciaires r\u00e9ussies contre des \u00e9trangers s\u00e9journant ill\u00e9galement aux \u00c9tats-Unis et souligne que de nombreux criminels ont \u00e9t\u00e9 arr\u00eat\u00e9s.<\/p>\n<p><strong>\u2013 Plusieurs poursuites contre les autorit\u00e9s f\u00e9d\u00e9rales :<\/strong> Les op\u00e9rations ICE font partie de la politique d\u2019expulsion plus stricte du deuxi\u00e8me mandat de Trump. Selon le gouvernement am\u00e9ricain, environ 3 000 personnes ont \u00e9t\u00e9 arr\u00eat\u00e9es depuis le d\u00e9but des op\u00e9rations intensifi\u00e9es au Minnesota. Plusieurs poursuites intent\u00e9es par des autorit\u00e9s locales contre les actions des autorit\u00e9s f\u00e9d\u00e9rales sont actuellement en cours devant les tribunaux.<\/p>\n<div id=\"attachment_434598\" class=\"wp-caption alignleft\" style=\"max-width: 300px\"><img decoding=\"async\" class=\"wp-image-434598 size-medium\" src=\"https:\/\/vieassociative.be\/actualites\/wp-content\/uploads\/2026\/01\/1769386676_493_Colere-et-contestation-apres-la-fusillade-mortelle-a-Minneapolis.jpg\" alt=\"\" width=\"300\" height=\"200\"><\/div>\n<p>Les passants peuvent \u00eatre t\u00e9moins de ces raids dans la rue. Dans la capitale am\u00e9ricaine Washington, par exemple, on assiste \u00e0 des op\u00e9rations au cours desquelles des agents arm\u00e9s s&rsquo;introduisent par effraction dans des immeubles r\u00e9sidentiels. Les critiques de la politique s\u00e9curitaire et migratoire men\u00e9e sous Trump font parfois des comparaisons avec l\u2019Allemagne des ann\u00e9es 1930 et parlent de \u00ab Gestapo \u00bb et de \u00ab m\u00e9thodes nazies \u00bb. Le gouvernement am\u00e9ricain rejette de telles comparaisons.<\/p>\n<p>Les opposants \u00e0 cette politique se sont d\u00e9sormais organis\u00e9s dans de nombreuses villes. Ils se pr\u00e9viennent mutuellement des missions ou font du bruit avec des sifflets ou frappent sur des pots lorsqu&rsquo;ils remarquent un raid.<\/p>\n<p><strong>\u2013 D\u2019autres manifestations attendues :<\/strong> Presque personne ne croit que l\u2019ambiance va se calmer dans les prochains jours. Vendredi dernier, malgr\u00e9 des temp\u00e9ratures glaciales, des milliers de personnes ont manifest\u00e9 dans le Minnesota contre les op\u00e9rations controvers\u00e9es des autorit\u00e9s de l&rsquo;immigration. Les organisateurs de la journ\u00e9e d&rsquo;action ont appel\u00e9 au retrait des agents de l&rsquo;ICE du Minnesota.<\/p>\n<p>De nombreuses personnes \u00e9taient encore sous l&rsquo;impression des tirs d\u00e9but janvier. Ren\u00e9e Good a \u00e9t\u00e9 abattue dans sa voiture et, l\u00e0 aussi, le gouvernement a qualifi\u00e9 cet acte de l\u00e9gitime d\u00e9fense. Les d\u00e9mocrates et les manifestants ont \u00e9voqu\u00e9 une force excessive et un manque de transparence dans le processus. (dpa)<\/p>\n","protected":false},"excerpt":{"rendered":"<p>Dans de nombreuses villes am\u00e9ricaines, la population descend dans la rue contre les op\u00e9rations d\u2019expulsion ordonn\u00e9es par Donald Trump. Lors d&rsquo;une op\u00e9ration, des coups de<\/p>\n","protected":false},"author":1,"featured_media":12364,"comment_status":"","ping_status":"","sticky":false,"template":"","format":"standard","meta":{"footnotes":""},"categories":[298],"tags":[472,2363,9863,9865,5828,9864,4325,1513,3412,8815,2425],"class_list":["post-12363","post","type-post","status-publish","format-standard","has-post-thumbnail","hentry","category-belgique","tag-apres","tag-colere","tag-contestation","tag-dexpulsion","tag-fusillade","tag-minneapolis","tag-mortelle","tag-politique","tag-radicale","tag-tournant","tag-trump","generate-columns","tablet-grid-50","mobile-grid-100","grid-parent","grid-33"],"yoast_head":"<!-- This site is optimized with the Yoast SEO plugin v24.0 - https:\/\/yoast.com\/wordpress\/plugins\/seo\/ -->\n<title>Col\u00e8re et contestation apr\u00e8s la fusillade mortelle \u00e0 Minneapolis : la politique radicale d&#039;expulsion de Trump \u00e0 un tournant ? | Vie Associative<\/title>\n<meta name=\"robots\" content=\"index, follow, max-snippet:-1, max-image-preview:large, max-video-preview:-1\" \/>\n<link rel=\"canonical\" href=\"https:\/\/vieassociative.be\/actualites\/colere-et-contestation-apres-la-fusillade-mortelle-a-minneapolis-la-politique-radicale-dexpulsion-de-trump-a-un-tournant\/\" \/>\n<meta property=\"og:locale\" content=\"fr_FR\" \/>\n<meta property=\"og:type\" content=\"article\" \/>\n<meta property=\"og:title\" content=\"Col\u00e8re et contestation apr\u00e8s la fusillade mortelle \u00e0 Minneapolis : la politique radicale d&#039;expulsion de Trump \u00e0 un tournant ? | Vie Associative\" \/>\n<meta property=\"og:description\" content=\"Dans de nombreuses villes am\u00e9ricaines, la population descend dans la rue contre les op\u00e9rations d\u2019expulsion ordonn\u00e9es par Donald Trump. Lors d&rsquo;une op\u00e9ration, des coups de\" \/>\n<meta property=\"og:url\" content=\"https:\/\/vieassociative.be\/actualites\/colere-et-contestation-apres-la-fusillade-mortelle-a-minneapolis-la-politique-radicale-dexpulsion-de-trump-a-un-tournant\/\" \/>\n<meta property=\"og:site_name\" content=\"Vie Associative\" \/>\n<meta property=\"article:published_time\" content=\"2026-01-26T00:17:56+00:00\" \/>\n<meta property=\"og:image\" content=\"https:\/\/vieassociative.be\/actualites\/wp-content\/uploads\/2024\/09\/header_backgroundk-01-e1726694325946.png\" \/>\n\t<meta property=\"og:image:width\" content=\"279\" \/>\n\t<meta property=\"og:image:height\" content=\"92\" \/>\n\t<meta property=\"og:image:type\" content=\"image\/png\" \/>\n<meta name=\"author\" content=\"Julien\" \/>\n<meta name=\"twitter:card\" content=\"summary_large_image\" \/>\n<meta name=\"twitter:label1\" content=\"\u00c9crit par\" \/>\n\t<meta name=\"twitter:data1\" content=\"Julien\" \/>\n\t<meta name=\"twitter:label2\" content=\"Dur\u00e9e de lecture est.\" \/>\n\t<meta name=\"twitter:data2\" content=\"5 minutes\" \/>\n<script type=\"application\/ld+json\" class=\"yoast-schema-graph\">{\"@context\":\"https:\/\/schema.org\",\"@graph\":[{\"@type\":\"Article\",\"@id\":\"https:\/\/vieassociative.be\/actualites\/colere-et-contestation-apres-la-fusillade-mortelle-a-minneapolis-la-politique-radicale-dexpulsion-de-trump-a-un-tournant\/#article\",\"isPartOf\":{\"@id\":\"https:\/\/vieassociative.be\/actualites\/colere-et-contestation-apres-la-fusillade-mortelle-a-minneapolis-la-politique-radicale-dexpulsion-de-trump-a-un-tournant\/\"},\"author\":{\"name\":\"Julien\",\"@id\":\"https:\/\/vieassociative.be\/actualites\/#\/schema\/person\/b87ac4f82f9d4e7b7cec7395b679edc4\"},\"headline\":\"Col\u00e8re et contestation apr\u00e8s la fusillade mortelle \u00e0 Minneapolis : la politique radicale d&rsquo;expulsion de Trump \u00e0 un tournant ?\",\"datePublished\":\"2026-01-26T00:17:56+00:00\",\"dateModified\":\"2026-01-26T00:17:56+00:00\",\"mainEntityOfPage\":{\"@id\":\"https:\/\/vieassociative.be\/actualites\/colere-et-contestation-apres-la-fusillade-mortelle-a-minneapolis-la-politique-radicale-dexpulsion-de-trump-a-un-tournant\/\"},\"wordCount\":1092,\"publisher\":{\"@id\":\"https:\/\/vieassociative.be\/actualites\/#organization\"},\"image\":{\"@id\":\"https:\/\/vieassociative.be\/actualites\/colere-et-contestation-apres-la-fusillade-mortelle-a-minneapolis-la-politique-radicale-dexpulsion-de-trump-a-un-tournant\/#primaryimage\"},\"thumbnailUrl\":\"https:\/\/vieassociative.be\/actualites\/wp-content\/uploads\/2026\/01\/1769386677_Colere-et-contestation-apres-la-fusillade-mortelle-a-Minneapolis.jpg\",\"keywords\":[\"Apr\u00e8s\",\"col\u00e8re\",\"contestation\",\"dexpulsion\",\"fusillade\",\"Minneapolis\",\"mortelle\",\"politique\",\"radicale\",\"tournant\",\"Trump\"],\"articleSection\":[\"Belgique\"],\"inLanguage\":\"fr-BE\"},{\"@type\":\"WebPage\",\"@id\":\"https:\/\/vieassociative.be\/actualites\/colere-et-contestation-apres-la-fusillade-mortelle-a-minneapolis-la-politique-radicale-dexpulsion-de-trump-a-un-tournant\/\",\"url\":\"https:\/\/vieassociative.be\/actualites\/colere-et-contestation-apres-la-fusillade-mortelle-a-minneapolis-la-politique-radicale-dexpulsion-de-trump-a-un-tournant\/\",\"name\":\"Col\u00e8re et contestation apr\u00e8s la fusillade mortelle \u00e0 Minneapolis : la politique radicale d'expulsion de Trump \u00e0 un tournant ? | Vie Associative\",\"isPartOf\":{\"@id\":\"https:\/\/vieassociative.be\/actualites\/#website\"},\"primaryImageOfPage\":{\"@id\":\"https:\/\/vieassociative.be\/actualites\/colere-et-contestation-apres-la-fusillade-mortelle-a-minneapolis-la-politique-radicale-dexpulsion-de-trump-a-un-tournant\/#primaryimage\"},\"image\":{\"@id\":\"https:\/\/vieassociative.be\/actualites\/colere-et-contestation-apres-la-fusillade-mortelle-a-minneapolis-la-politique-radicale-dexpulsion-de-trump-a-un-tournant\/#primaryimage\"},\"thumbnailUrl\":\"https:\/\/vieassociative.be\/actualites\/wp-content\/uploads\/2026\/01\/1769386677_Colere-et-contestation-apres-la-fusillade-mortelle-a-Minneapolis.jpg\",\"datePublished\":\"2026-01-26T00:17:56+00:00\",\"dateModified\":\"2026-01-26T00:17:56+00:00\",\"breadcrumb\":{\"@id\":\"https:\/\/vieassociative.be\/actualites\/colere-et-contestation-apres-la-fusillade-mortelle-a-minneapolis-la-politique-radicale-dexpulsion-de-trump-a-un-tournant\/#breadcrumb\"},\"inLanguage\":\"fr-BE\",\"potentialAction\":[{\"@type\":\"ReadAction\",\"target\":[\"https:\/\/vieassociative.be\/actualites\/colere-et-contestation-apres-la-fusillade-mortelle-a-minneapolis-la-politique-radicale-dexpulsion-de-trump-a-un-tournant\/\"]}]},{\"@type\":\"ImageObject\",\"inLanguage\":\"fr-BE\",\"@id\":\"https:\/\/vieassociative.be\/actualites\/colere-et-contestation-apres-la-fusillade-mortelle-a-minneapolis-la-politique-radicale-dexpulsion-de-trump-a-un-tournant\/#primaryimage\",\"url\":\"https:\/\/vieassociative.be\/actualites\/wp-content\/uploads\/2026\/01\/1769386677_Colere-et-contestation-apres-la-fusillade-mortelle-a-Minneapolis.jpg\",\"contentUrl\":\"https:\/\/vieassociative.be\/actualites\/wp-content\/uploads\/2026\/01\/1769386677_Colere-et-contestation-apres-la-fusillade-mortelle-a-Minneapolis.jpg\",\"width\":1200,\"height\":799,\"caption\":\"Col\u00e8re et contestation apr\u00e8s la fusillade mortelle \u00e0 Minneapolis : la politique radicale d'expulsion de Trump \u00e0 un tournant ?\"},{\"@type\":\"BreadcrumbList\",\"@id\":\"https:\/\/vieassociative.be\/actualites\/colere-et-contestation-apres-la-fusillade-mortelle-a-minneapolis-la-politique-radicale-dexpulsion-de-trump-a-un-tournant\/#breadcrumb\",\"itemListElement\":[{\"@type\":\"ListItem\",\"position\":1,\"name\":\"Accueil\",\"item\":\"https:\/\/vieassociative.be\/actualites\/\"},{\"@type\":\"ListItem\",\"position\":2,\"name\":\"Col\u00e8re et contestation apr\u00e8s la fusillade mortelle \u00e0 Minneapolis : la politique radicale d&rsquo;expulsion de Trump \u00e0 un tournant ?\"}]},{\"@type\":\"WebSite\",\"@id\":\"https:\/\/vieassociative.be\/actualites\/#website\",\"url\":\"https:\/\/vieassociative.be\/actualites\/\",\"name\":\"Vie Associative\",\"description\":\"\",\"publisher\":{\"@id\":\"https:\/\/vieassociative.be\/actualites\/#organization\"},\"potentialAction\":[{\"@type\":\"SearchAction\",\"target\":{\"@type\":\"EntryPoint\",\"urlTemplate\":\"https:\/\/vieassociative.be\/actualites\/?s={search_term_string}\"},\"query-input\":{\"@type\":\"PropertyValueSpecification\",\"valueRequired\":true,\"valueName\":\"search_term_string\"}}],\"inLanguage\":\"fr-BE\"},{\"@type\":\"Organization\",\"@id\":\"https:\/\/vieassociative.be\/actualites\/#organization\",\"name\":\"Vie Associative\",\"url\":\"https:\/\/vieassociative.be\/actualites\/\",\"logo\":{\"@type\":\"ImageObject\",\"inLanguage\":\"fr-BE\",\"@id\":\"https:\/\/vieassociative.be\/actualites\/#\/schema\/logo\/image\/\",\"url\":\"https:\/\/vieassociative.be\/actualites\/wp-content\/uploads\/2024\/09\/cropped-vieassociative_favicon.ico.png\",\"contentUrl\":\"https:\/\/vieassociative.be\/actualites\/wp-content\/uploads\/2024\/09\/cropped-vieassociative_favicon.ico.png\",\"width\":512,\"height\":512,\"caption\":\"Vie Associative\"},\"image\":{\"@id\":\"https:\/\/vieassociative.be\/actualites\/#\/schema\/logo\/image\/\"}},{\"@type\":\"Person\",\"@id\":\"https:\/\/vieassociative.be\/actualites\/#\/schema\/person\/b87ac4f82f9d4e7b7cec7395b679edc4\",\"name\":\"Julien\",\"image\":{\"@type\":\"ImageObject\",\"inLanguage\":\"fr-BE\",\"@id\":\"https:\/\/vieassociative.be\/actualites\/#\/schema\/person\/image\/\",\"url\":\"https:\/\/vieassociative.be\/actualites\/wp-content\/uploads\/2024\/09\/vie-associative-1-150x150.jpg\",\"contentUrl\":\"https:\/\/vieassociative.be\/actualites\/wp-content\/uploads\/2024\/09\/vie-associative-1-150x150.jpg\",\"caption\":\"Julien\"},\"description\":\"Je suis Julien, r\u00e9dacteur pour Vie Associative. Passionn\u00e9 par le monde associatif depuis plus de 10 ans, j'ai \u00e0 c\u0153ur de partager des histoires inspirantes et de mettre en lumi\u00e8re les initiatives locales. Mon objectif est de sensibiliser et d'encourager l'engagement communautaire \u00e0 travers mes articles.\",\"sameAs\":[\"https:\/\/vieassociative.be\/\"]}]}<\/script>\n<!-- \/ Yoast SEO plugin. -->","yoast_head_json":{"title":"Col\u00e8re et contestation apr\u00e8s la fusillade mortelle \u00e0 Minneapolis : la politique radicale d'expulsion de Trump \u00e0 un tournant ? | Vie Associative","robots":{"index":"index","follow":"follow","max-snippet":"max-snippet:-1","max-image-preview":"max-image-preview:large","max-video-preview":"max-video-preview:-1"},"canonical":"https:\/\/vieassociative.be\/actualites\/colere-et-contestation-apres-la-fusillade-mortelle-a-minneapolis-la-politique-radicale-dexpulsion-de-trump-a-un-tournant\/","og_locale":"fr_FR","og_type":"article","og_title":"Col\u00e8re et contestation apr\u00e8s la fusillade mortelle \u00e0 Minneapolis : la politique radicale d'expulsion de Trump \u00e0 un tournant ? | Vie Associative","og_description":"Dans de nombreuses villes am\u00e9ricaines, la population descend dans la rue contre les op\u00e9rations d\u2019expulsion ordonn\u00e9es par Donald Trump. Lors d&rsquo;une op\u00e9ration, des coups de","og_url":"https:\/\/vieassociative.be\/actualites\/colere-et-contestation-apres-la-fusillade-mortelle-a-minneapolis-la-politique-radicale-dexpulsion-de-trump-a-un-tournant\/","og_site_name":"Vie Associative","article_published_time":"2026-01-26T00:17:56+00:00","og_image":[{"width":279,"height":92,"url":"https:\/\/vieassociative.be\/actualites\/wp-content\/uploads\/2024\/09\/header_backgroundk-01-e1726694325946.png","type":"image\/png"}],"author":"Julien","twitter_card":"summary_large_image","twitter_misc":{"\u00c9crit par":"Julien","Dur\u00e9e de lecture est.":"5 minutes"},"schema":{"@context":"https:\/\/schema.org","@graph":[{"@type":"Article","@id":"https:\/\/vieassociative.be\/actualites\/colere-et-contestation-apres-la-fusillade-mortelle-a-minneapolis-la-politique-radicale-dexpulsion-de-trump-a-un-tournant\/#article","isPartOf":{"@id":"https:\/\/vieassociative.be\/actualites\/colere-et-contestation-apres-la-fusillade-mortelle-a-minneapolis-la-politique-radicale-dexpulsion-de-trump-a-un-tournant\/"},"author":{"name":"Julien","@id":"https:\/\/vieassociative.be\/actualites\/#\/schema\/person\/b87ac4f82f9d4e7b7cec7395b679edc4"},"headline":"Col\u00e8re et contestation apr\u00e8s la fusillade mortelle \u00e0 Minneapolis : la politique radicale d&rsquo;expulsion de Trump \u00e0 un tournant ?","datePublished":"2026-01-26T00:17:56+00:00","dateModified":"2026-01-26T00:17:56+00:00","mainEntityOfPage":{"@id":"https:\/\/vieassociative.be\/actualites\/colere-et-contestation-apres-la-fusillade-mortelle-a-minneapolis-la-politique-radicale-dexpulsion-de-trump-a-un-tournant\/"},"wordCount":1092,"publisher":{"@id":"https:\/\/vieassociative.be\/actualites\/#organization"},"image":{"@id":"https:\/\/vieassociative.be\/actualites\/colere-et-contestation-apres-la-fusillade-mortelle-a-minneapolis-la-politique-radicale-dexpulsion-de-trump-a-un-tournant\/#primaryimage"},"thumbnailUrl":"https:\/\/vieassociative.be\/actualites\/wp-content\/uploads\/2026\/01\/1769386677_Colere-et-contestation-apres-la-fusillade-mortelle-a-Minneapolis.jpg","keywords":["Apr\u00e8s","col\u00e8re","contestation","dexpulsion","fusillade","Minneapolis","mortelle","politique","radicale","tournant","Trump"],"articleSection":["Belgique"],"inLanguage":"fr-BE"},{"@type":"WebPage","@id":"https:\/\/vieassociative.be\/actualites\/colere-et-contestation-apres-la-fusillade-mortelle-a-minneapolis-la-politique-radicale-dexpulsion-de-trump-a-un-tournant\/","url":"https:\/\/vieassociative.be\/actualites\/colere-et-contestation-apres-la-fusillade-mortelle-a-minneapolis-la-politique-radicale-dexpulsion-de-trump-a-un-tournant\/","name":"Col\u00e8re et contestation apr\u00e8s la fusillade mortelle \u00e0 Minneapolis : la politique radicale d'expulsion de Trump \u00e0 un tournant ? | Vie Associative","isPartOf":{"@id":"https:\/\/vieassociative.be\/actualites\/#website"},"primaryImageOfPage":{"@id":"https:\/\/vieassociative.be\/actualites\/colere-et-contestation-apres-la-fusillade-mortelle-a-minneapolis-la-politique-radicale-dexpulsion-de-trump-a-un-tournant\/#primaryimage"},"image":{"@id":"https:\/\/vieassociative.be\/actualites\/colere-et-contestation-apres-la-fusillade-mortelle-a-minneapolis-la-politique-radicale-dexpulsion-de-trump-a-un-tournant\/#primaryimage"},"thumbnailUrl":"https:\/\/vieassociative.be\/actualites\/wp-content\/uploads\/2026\/01\/1769386677_Colere-et-contestation-apres-la-fusillade-mortelle-a-Minneapolis.jpg","datePublished":"2026-01-26T00:17:56+00:00","dateModified":"2026-01-26T00:17:56+00:00","breadcrumb":{"@id":"https:\/\/vieassociative.be\/actualites\/colere-et-contestation-apres-la-fusillade-mortelle-a-minneapolis-la-politique-radicale-dexpulsion-de-trump-a-un-tournant\/#breadcrumb"},"inLanguage":"fr-BE","potentialAction":[{"@type":"ReadAction","target":["https:\/\/vieassociative.be\/actualites\/colere-et-contestation-apres-la-fusillade-mortelle-a-minneapolis-la-politique-radicale-dexpulsion-de-trump-a-un-tournant\/"]}]},{"@type":"ImageObject","inLanguage":"fr-BE","@id":"https:\/\/vieassociative.be\/actualites\/colere-et-contestation-apres-la-fusillade-mortelle-a-minneapolis-la-politique-radicale-dexpulsion-de-trump-a-un-tournant\/#primaryimage","url":"https:\/\/vieassociative.be\/actualites\/wp-content\/uploads\/2026\/01\/1769386677_Colere-et-contestation-apres-la-fusillade-mortelle-a-Minneapolis.jpg","contentUrl":"https:\/\/vieassociative.be\/actualites\/wp-content\/uploads\/2026\/01\/1769386677_Colere-et-contestation-apres-la-fusillade-mortelle-a-Minneapolis.jpg","width":1200,"height":799,"caption":"Col\u00e8re et contestation apr\u00e8s la fusillade mortelle \u00e0 Minneapolis : la politique radicale d'expulsion de Trump \u00e0 un tournant ?"},{"@type":"BreadcrumbList","@id":"https:\/\/vieassociative.be\/actualites\/colere-et-contestation-apres-la-fusillade-mortelle-a-minneapolis-la-politique-radicale-dexpulsion-de-trump-a-un-tournant\/#breadcrumb","itemListElement":[{"@type":"ListItem","position":1,"name":"Accueil","item":"https:\/\/vieassociative.be\/actualites\/"},{"@type":"ListItem","position":2,"name":"Col\u00e8re et contestation apr\u00e8s la fusillade mortelle \u00e0 Minneapolis : la politique radicale d&rsquo;expulsion de Trump \u00e0 un tournant ?"}]},{"@type":"WebSite","@id":"https:\/\/vieassociative.be\/actualites\/#website","url":"https:\/\/vieassociative.be\/actualites\/","name":"Vie Associative","description":"","publisher":{"@id":"https:\/\/vieassociative.be\/actualites\/#organization"},"potentialAction":[{"@type":"SearchAction","target":{"@type":"EntryPoint","urlTemplate":"https:\/\/vieassociative.be\/actualites\/?s={search_term_string}"},"query-input":{"@type":"PropertyValueSpecification","valueRequired":true,"valueName":"search_term_string"}}],"inLanguage":"fr-BE"},{"@type":"Organization","@id":"https:\/\/vieassociative.be\/actualites\/#organization","name":"Vie Associative","url":"https:\/\/vieassociative.be\/actualites\/","logo":{"@type":"ImageObject","inLanguage":"fr-BE","@id":"https:\/\/vieassociative.be\/actualites\/#\/schema\/logo\/image\/","url":"https:\/\/vieassociative.be\/actualites\/wp-content\/uploads\/2024\/09\/cropped-vieassociative_favicon.ico.png","contentUrl":"https:\/\/vieassociative.be\/actualites\/wp-content\/uploads\/2024\/09\/cropped-vieassociative_favicon.ico.png","width":512,"height":512,"caption":"Vie Associative"},"image":{"@id":"https:\/\/vieassociative.be\/actualites\/#\/schema\/logo\/image\/"}},{"@type":"Person","@id":"https:\/\/vieassociative.be\/actualites\/#\/schema\/person\/b87ac4f82f9d4e7b7cec7395b679edc4","name":"Julien","image":{"@type":"ImageObject","inLanguage":"fr-BE","@id":"https:\/\/vieassociative.be\/actualites\/#\/schema\/person\/image\/","url":"https:\/\/vieassociative.be\/actualites\/wp-content\/uploads\/2024\/09\/vie-associative-1-150x150.jpg","contentUrl":"https:\/\/vieassociative.be\/actualites\/wp-content\/uploads\/2024\/09\/vie-associative-1-150x150.jpg","caption":"Julien"},"description":"Je suis Julien, r\u00e9dacteur pour Vie Associative. Passionn\u00e9 par le monde associatif depuis plus de 10 ans, j'ai \u00e0 c\u0153ur de partager des histoires inspirantes et de mettre en lumi\u00e8re les initiatives locales. Mon objectif est de sensibiliser et d'encourager l'engagement communautaire \u00e0 travers mes articles.","sameAs":["https:\/\/vieassociative.be\/"]}]}},"_links":{"self":[{"href":"https:\/\/vieassociative.be\/actualites\/wp-json\/wp\/v2\/posts\/12363"}],"collection":[{"href":"https:\/\/vieassociative.be\/actualites\/wp-json\/wp\/v2\/posts"}],"about":[{"href":"https:\/\/vieassociative.be\/actualites\/wp-json\/wp\/v2\/types\/post"}],"author":[{"embeddable":true,"href":"https:\/\/vieassociative.be\/actualites\/wp-json\/wp\/v2\/users\/1"}],"replies":[{"embeddable":true,"href":"https:\/\/vieassociative.be\/actualites\/wp-json\/wp\/v2\/comments?post=12363"}],"version-history":[{"count":0,"href":"https:\/\/vieassociative.be\/actualites\/wp-json\/wp\/v2\/posts\/12363\/revisions"}],"wp:featuredmedia":[{"embeddable":true,"href":"https:\/\/vieassociative.be\/actualites\/wp-json\/wp\/v2\/media\/12364"}],"wp:attachment":[{"href":"https:\/\/vieassociative.be\/actualites\/wp-json\/wp\/v2\/media?parent=12363"}],"wp:term":[{"taxonomy":"category","embeddable":true,"href":"https:\/\/vieassociative.be\/actualites\/wp-json\/wp\/v2\/categories?post=12363"},{"taxonomy":"post_tag","embeddable":true,"href":"https:\/\/vieassociative.be\/actualites\/wp-json\/wp\/v2\/tags?post=12363"}],"curies":[{"name":"wp","href":"https:\/\/api.w.org\/{rel}","templated":true}]}}