{"id":12359,"date":"2026-01-25T19:17:52","date_gmt":"2026-01-25T18:17:52","guid":{"rendered":"https:\/\/vieassociative.be\/actualites\/une-greve-de-cinq-jours-touche-les-transports-publics-locaux-cette-semaine-le-tec-est-egalement-touche\/"},"modified":"2026-01-25T19:17:52","modified_gmt":"2026-01-25T18:17:52","slug":"une-greve-de-cinq-jours-touche-les-transports-publics-locaux-cette-semaine-le-tec-est-egalement-touche","status":"publish","type":"post","link":"https:\/\/vieassociative.be\/actualites\/une-greve-de-cinq-jours-touche-les-transports-publics-locaux-cette-semaine-le-tec-est-egalement-touche\/","title":{"rendered":"Une gr\u00e8ve de cinq jours touche les transports publics locaux cette semaine &#8211; le TEC est \u00e9galement touch\u00e9"},"content":{"rendered":"<p><strong>Cinq syndicats ferroviaires se sont mobilis\u00e9s pour autant de journ\u00e9es de gr\u00e8ve du 26 au 30 janvier. Les trains seront m\u00eame \u00e0 l&rsquo;arr\u00eat \u00e0 partir de dimanche \u00e0 22 heures. jusqu&rsquo;\u00e0 vendredi prochain \u00e0 la m\u00eame heure. Les transports publics en R\u00e9gion wallonne seront \u00e9galement durement touch\u00e9s cette semaine en raison d&rsquo;une gr\u00e8ve commune.<\/strong><\/p>\n<p><span id=\"more-434571\"><\/span>La desserte ferroviaire sera fortement affect\u00e9e tout au long de la semaine en raison d&rsquo;une gr\u00e8ve de cinq syndicats ferroviaires (CGSP Cheminots, CSC Transcom, SLFP Cheminots, SIC et SACT). La circulation sera perturb\u00e9e par des arr\u00eats de travail \u00e0 partir de 22 heures. Dimanche jusqu&rsquo;\u00e0 22h Vendredi 30 janvier.<\/p>\n<p>Le m\u00e9contentement des syndicats est dirig\u00e9 contre l&rsquo;avant-projet de r\u00e9forme ferroviaire du ministre de la Mobilit\u00e9 Jean-Luc Crucke (Les Engag\u00e9s). Les syndicats d\u00e9noncent une baisse de la qualit\u00e9 des services publics et s&rsquo;inqui\u00e8tent des objectifs contradictoires impos\u00e9s \u00e0 la SNCB : augmenter le service et le nombre de passagers tout en r\u00e9duisant les d\u00e9penses.<\/p>\n<div id=\"attachment_406045\" class=\"wp-caption alignleft\" style=\"max-width: 300px\"><img fetchpriority=\"high\" decoding=\"async\" class=\"wp-image-406045 size-medium\" src=\"https:\/\/vieassociative.be\/actualites\/wp-content\/uploads\/2025\/01\/Une-greve-nationale-devrait-paralyser-la-Belgique-aujourdhui.jpg\" alt=\"\" width=\"300\" height=\"200\"><\/div>\n<p><strong>\u2013 Circulation restreinte :<\/strong> Pour limiter l&rsquo;impact sur les consommateurs, la SNCB a mis en place un service alternatif. Le lundi 26 janvier, trois des quatre trains IC (reliant les grandes villes) et deux des trois trains L et S utilis\u00e9s pour les itin\u00e9raires locaux circuleront. Les trains P, destin\u00e9s aux heures de pointe, circuleront tr\u00e8s rarement, \u00e0 l&rsquo;exception des liaisons du dimanche soir vers des villes universitaires comme Bruxelles, Louvain, Gand, Li\u00e8ge et Louvain-la-Neuve, qui seront maintenues pour les \u00e9tudiants.<\/p>\n<p>Des perturbations sont \u00e9galement attendues dans le trafic international : 12 des 16 trains EuroCity \u00e0 destination de Rotterdam et environ la moiti\u00e9 des trains EuroCity Direct \u00e0 destination d&rsquo;Amsterdam fonctionneront, tous les trains ICE et OUIGO seront conserv\u00e9s ;<\/p>\n<p>Des annulations de trains TGV INOUI \u00e0 destination et en provenance de Nantes sont annonc\u00e9es pour dimanche et lundi. Le Nightjet \u00e0 destination de Vienne ne se rendra \u00e0 Cologne que dimanche soir et ne partira de Cologne que lundi soir. La SNCB demande aux passagers de consulter r\u00e9guli\u00e8rement le calculateur de trajet sur son site Internet ou via son application pour ajuster en temps r\u00e9el leur trajet.<\/p>\n<p><strong>\u2013 Le r\u00e9seau TEC est \u00e9galement concern\u00e9 :<\/strong> Les transports publics de la R\u00e9gion wallonne (TEC) seront \u00e9galement durement touch\u00e9s \u00e0 partir de ce lundi en raison de mesures de gr\u00e8ve communes. <\/p>\n<\/p>\n<div id=\"attachment_32140\" class=\"wp-caption alignleft\" style=\"max-width: 300px\"><img decoding=\"async\" class=\"wp-image-32140 size-medium\" src=\"https:\/\/vieassociative.be\/actualites\/wp-content\/uploads\/2026\/01\/Une-greve-de-cinq-jours-touche-les-transports-publics-locaux.jpg\" alt=\"\" width=\"300\" height=\"201\"  ><\/div>\n<p>Les syndicats rejettent les mesures d&rsquo;aust\u00e9rit\u00e9 impos\u00e9es par le gouvernement wallon dans le cadre de la r\u00e9vision du contrat de service public. Ils critiquent les coupes budg\u00e9taires \u00ab aux d\u00e9pens des travailleurs \u00bb et craignent une d\u00e9gradation du service aux usagers.<\/p>\n<p>Des perturbations importantes pourraient survenir sur l&rsquo;ensemble du r\u00e9seau wallon, m\u00eame si l&rsquo;on ne sait pas encore quelles connexions seront concern\u00e9es. Les voyageurs sont pri\u00e9s de s&rsquo;informer sur le site Internet du TEC ou via ses canaux officiels.<\/p>\n<p><strong>\u2013 Mobilisation pr\u00e9vue \u00e0 Bruxelles :<\/strong> La soci\u00e9t\u00e9 de transports publics bruxellois STIB n&rsquo;est pas concern\u00e9e par un appel \u00e0 la gr\u00e8ve, mais des perturbations ponctuelles pourraient encore survenir, notamment lundi matin lors d&rsquo;un rassemblement intersectoriel organis\u00e9 par la FGTB pr\u00e8s de la gare centrale de Bruxelles. Le syndicat socialiste STIB a appel\u00e9 ses adh\u00e9rents \u00e0 y participer.<\/p>\n<p>L&rsquo;ann\u00e9e 2026 d\u00e9bute sur fond de fortes tensions sociales dans le secteur des transports, apr\u00e8s que l&rsquo;ann\u00e9e 2025 ait d\u00e9j\u00e0 \u00e9t\u00e9 marqu\u00e9e par 27 jours de gr\u00e8ve \u00e0 la SNCB, dont 21 \u00e0 l&rsquo;initiative des syndicats ferroviaires. Le conflit du travail le plus long a dur\u00e9 neuf jours cons\u00e9cutifs fin f\u00e9vrier, peu apr\u00e8s la formation du gouvernement f\u00e9d\u00e9ral sous la direction du Premier ministre Bart De Wever (N-VA). (cr\u00e9er)<\/p>\n<p><em><strong>Sur le sujet, voir aussi l&rsquo;article suivant sur l&rsquo;OD :<\/strong><\/em><\/p>\n<div class=\"responsive-embed widescreen\">\n<blockquote class=\"wp-embedded-content\" data-secret=\"5bgaOtCZgK\">\n<p>SONDAGE \u2013 45,2% POUR et 53,2% CONTRE la gr\u00e8ve<\/p>\n<\/blockquote>\n<p><iframe loading=\"lazy\" class=\"wp-embedded-content\" sandbox=\"allow-scripts\" security=\"restricted\" style=\"position: absolute; visibility: hidden;\" title=\"\u201eUMFRAGE \u2013 45,2 % F\u00dcR und 53,2 % GEGEN Streik\u201c \u2013 Ostbelgien Direkt\" src=\"https:\/\/ostbelgiendirekt.be\/about:blank\" data-secret=\"5bgaOtCZgK\" width=\"500\" height=\"282\" frameborder=\"0\" marginwidth=\"0\" marginheight=\"0\" scrolling=\"no\" data-rocket-lazyload=\"fitvidscompatible\" data-lazy-src=\"https:\/\/ostbelgiendirekt.be\/dreitaegiger-streik-belgien-430221\/embed#?secret=LGicovPTFq#?secret=5bgaOtCZgK\"><\/iframe><noscript><iframe class=\"wp-embedded-content\" sandbox=\"allow-scripts\" security=\"restricted\" style=\"position: absolute; visibility: hidden;\" title=\"\u201eUMFRAGE \u2013 45,2 % F\u00dcR und 53,2 % GEGEN Streik\u201c \u2013 Ostbelgien Direkt\" src=\"https:\/\/ostbelgiendirekt.be\/dreitaegiger-streik-belgien-430221\/embed#?secret=LGicovPTFq#?secret=5bgaOtCZgK\" data-secret=\"5bgaOtCZgK\" width=\"500\" height=\"282\" frameborder=\"0\" marginwidth=\"0\" marginheight=\"0\" scrolling=\"no\"><\/iframe><\/noscript><\/p>\n<\/div>\n","protected":false},"excerpt":{"rendered":"<p>Cinq syndicats ferroviaires se sont mobilis\u00e9s pour autant de journ\u00e9es de gr\u00e8ve du 26 au 30 janvier. Les trains seront m\u00eame \u00e0 l&rsquo;arr\u00eat \u00e0 partir<\/p>\n","protected":false},"author":1,"featured_media":12360,"comment_status":"","ping_status":"","sticky":false,"template":"","format":"standard","meta":{"footnotes":""},"categories":[298],"tags":[206,317,172,76,3095,937,14,3700,4851,1348,7612,1744,9862,110],"class_list":["post-12359","post","type-post","status-publish","format-standard","has-post-thumbnail","hentry","category-belgique","tag-cette","tag-cinq","tag-egalement","tag-est","tag-greve","tag-jours","tag-les","tag-locaux","tag-publics","tag-semaine","tag-tec","tag-touche","tag-transports","tag-une","generate-columns","tablet-grid-50","mobile-grid-100","grid-parent","grid-33"],"yoast_head":"<!-- This site is optimized with the Yoast SEO plugin v24.0 - https:\/\/yoast.com\/wordpress\/plugins\/seo\/ -->\n<title>Une gr\u00e8ve de cinq jours touche les transports publics locaux cette semaine - le TEC est \u00e9galement touch\u00e9 | Vie Associative<\/title>\n<meta name=\"robots\" content=\"index, follow, max-snippet:-1, max-image-preview:large, max-video-preview:-1\" \/>\n<link rel=\"canonical\" href=\"https:\/\/vieassociative.be\/actualites\/une-greve-de-cinq-jours-touche-les-transports-publics-locaux-cette-semaine-le-tec-est-egalement-touche\/\" \/>\n<meta property=\"og:locale\" content=\"fr_FR\" \/>\n<meta property=\"og:type\" content=\"article\" \/>\n<meta property=\"og:title\" content=\"Une gr\u00e8ve de cinq jours touche les transports publics locaux cette semaine - le TEC est \u00e9galement touch\u00e9 | Vie Associative\" \/>\n<meta property=\"og:description\" content=\"Cinq syndicats ferroviaires se sont mobilis\u00e9s pour autant de journ\u00e9es de gr\u00e8ve du 26 au 30 janvier. Les trains seront m\u00eame \u00e0 l&rsquo;arr\u00eat \u00e0 partir\" \/>\n<meta property=\"og:url\" content=\"https:\/\/vieassociative.be\/actualites\/une-greve-de-cinq-jours-touche-les-transports-publics-locaux-cette-semaine-le-tec-est-egalement-touche\/\" \/>\n<meta property=\"og:site_name\" content=\"Vie Associative\" \/>\n<meta property=\"article:published_time\" content=\"2026-01-25T18:17:52+00:00\" \/>\n<meta property=\"og:image\" content=\"https:\/\/vieassociative.be\/actualites\/wp-content\/uploads\/2024\/09\/header_backgroundk-01-e1726694325946.png\" \/>\n\t<meta property=\"og:image:width\" content=\"279\" \/>\n\t<meta property=\"og:image:height\" content=\"92\" \/>\n\t<meta property=\"og:image:type\" content=\"image\/png\" \/>\n<meta name=\"author\" content=\"Julien\" \/>\n<meta name=\"twitter:card\" content=\"summary_large_image\" \/>\n<meta name=\"twitter:label1\" content=\"\u00c9crit par\" \/>\n\t<meta name=\"twitter:data1\" content=\"Julien\" \/>\n\t<meta name=\"twitter:label2\" content=\"Dur\u00e9e de lecture est.\" \/>\n\t<meta name=\"twitter:data2\" content=\"3 minutes\" \/>\n<script type=\"application\/ld+json\" class=\"yoast-schema-graph\">{\"@context\":\"https:\/\/schema.org\",\"@graph\":[{\"@type\":\"Article\",\"@id\":\"https:\/\/vieassociative.be\/actualites\/une-greve-de-cinq-jours-touche-les-transports-publics-locaux-cette-semaine-le-tec-est-egalement-touche\/#article\",\"isPartOf\":{\"@id\":\"https:\/\/vieassociative.be\/actualites\/une-greve-de-cinq-jours-touche-les-transports-publics-locaux-cette-semaine-le-tec-est-egalement-touche\/\"},\"author\":{\"name\":\"Julien\",\"@id\":\"https:\/\/vieassociative.be\/actualites\/#\/schema\/person\/b87ac4f82f9d4e7b7cec7395b679edc4\"},\"headline\":\"Une gr\u00e8ve de cinq jours touche les transports publics locaux cette semaine &#8211; le TEC est \u00e9galement touch\u00e9\",\"datePublished\":\"2026-01-25T18:17:52+00:00\",\"dateModified\":\"2026-01-25T18:17:52+00:00\",\"mainEntityOfPage\":{\"@id\":\"https:\/\/vieassociative.be\/actualites\/une-greve-de-cinq-jours-touche-les-transports-publics-locaux-cette-semaine-le-tec-est-egalement-touche\/\"},\"wordCount\":661,\"publisher\":{\"@id\":\"https:\/\/vieassociative.be\/actualites\/#organization\"},\"image\":{\"@id\":\"https:\/\/vieassociative.be\/actualites\/une-greve-de-cinq-jours-touche-les-transports-publics-locaux-cette-semaine-le-tec-est-egalement-touche\/#primaryimage\"},\"thumbnailUrl\":\"https:\/\/vieassociative.be\/actualites\/wp-content\/uploads\/2026\/01\/Une-greve-de-cinq-jours-touche-les-transports-publics-locaux.jpeg\",\"keywords\":[\"cette\",\"Cinq\",\"\u00e9galement\",\"est\",\"gr\u00e8ve\",\"jours\",\"Les\",\"locaux\",\"publics\",\"semaine\",\"TEC\",\"touch\u00e9\",\"transports\",\"une\"],\"articleSection\":[\"Belgique\"],\"inLanguage\":\"fr-BE\"},{\"@type\":\"WebPage\",\"@id\":\"https:\/\/vieassociative.be\/actualites\/une-greve-de-cinq-jours-touche-les-transports-publics-locaux-cette-semaine-le-tec-est-egalement-touche\/\",\"url\":\"https:\/\/vieassociative.be\/actualites\/une-greve-de-cinq-jours-touche-les-transports-publics-locaux-cette-semaine-le-tec-est-egalement-touche\/\",\"name\":\"Une gr\u00e8ve de cinq jours touche les transports publics locaux cette semaine - le TEC est \u00e9galement touch\u00e9 | Vie Associative\",\"isPartOf\":{\"@id\":\"https:\/\/vieassociative.be\/actualites\/#website\"},\"primaryImageOfPage\":{\"@id\":\"https:\/\/vieassociative.be\/actualites\/une-greve-de-cinq-jours-touche-les-transports-publics-locaux-cette-semaine-le-tec-est-egalement-touche\/#primaryimage\"},\"image\":{\"@id\":\"https:\/\/vieassociative.be\/actualites\/une-greve-de-cinq-jours-touche-les-transports-publics-locaux-cette-semaine-le-tec-est-egalement-touche\/#primaryimage\"},\"thumbnailUrl\":\"https:\/\/vieassociative.be\/actualites\/wp-content\/uploads\/2026\/01\/Une-greve-de-cinq-jours-touche-les-transports-publics-locaux.jpeg\",\"datePublished\":\"2026-01-25T18:17:52+00:00\",\"dateModified\":\"2026-01-25T18:17:52+00:00\",\"breadcrumb\":{\"@id\":\"https:\/\/vieassociative.be\/actualites\/une-greve-de-cinq-jours-touche-les-transports-publics-locaux-cette-semaine-le-tec-est-egalement-touche\/#breadcrumb\"},\"inLanguage\":\"fr-BE\",\"potentialAction\":[{\"@type\":\"ReadAction\",\"target\":[\"https:\/\/vieassociative.be\/actualites\/une-greve-de-cinq-jours-touche-les-transports-publics-locaux-cette-semaine-le-tec-est-egalement-touche\/\"]}]},{\"@type\":\"ImageObject\",\"inLanguage\":\"fr-BE\",\"@id\":\"https:\/\/vieassociative.be\/actualites\/une-greve-de-cinq-jours-touche-les-transports-publics-locaux-cette-semaine-le-tec-est-egalement-touche\/#primaryimage\",\"url\":\"https:\/\/vieassociative.be\/actualites\/wp-content\/uploads\/2026\/01\/Une-greve-de-cinq-jours-touche-les-transports-publics-locaux.jpeg\",\"contentUrl\":\"https:\/\/vieassociative.be\/actualites\/wp-content\/uploads\/2026\/01\/Une-greve-de-cinq-jours-touche-les-transports-publics-locaux.jpeg\",\"width\":1000,\"height\":669,\"caption\":\"Une gr\u00e8ve de cinq jours touche les transports publics locaux cette semaine - le TEC est \u00e9galement touch\u00e9\"},{\"@type\":\"BreadcrumbList\",\"@id\":\"https:\/\/vieassociative.be\/actualites\/une-greve-de-cinq-jours-touche-les-transports-publics-locaux-cette-semaine-le-tec-est-egalement-touche\/#breadcrumb\",\"itemListElement\":[{\"@type\":\"ListItem\",\"position\":1,\"name\":\"Accueil\",\"item\":\"https:\/\/vieassociative.be\/actualites\/\"},{\"@type\":\"ListItem\",\"position\":2,\"name\":\"Une gr\u00e8ve de cinq jours touche les transports publics locaux cette semaine &#8211; le TEC est \u00e9galement touch\u00e9\"}]},{\"@type\":\"WebSite\",\"@id\":\"https:\/\/vieassociative.be\/actualites\/#website\",\"url\":\"https:\/\/vieassociative.be\/actualites\/\",\"name\":\"Vie Associative\",\"description\":\"\",\"publisher\":{\"@id\":\"https:\/\/vieassociative.be\/actualites\/#organization\"},\"potentialAction\":[{\"@type\":\"SearchAction\",\"target\":{\"@type\":\"EntryPoint\",\"urlTemplate\":\"https:\/\/vieassociative.be\/actualites\/?s={search_term_string}\"},\"query-input\":{\"@type\":\"PropertyValueSpecification\",\"valueRequired\":true,\"valueName\":\"search_term_string\"}}],\"inLanguage\":\"fr-BE\"},{\"@type\":\"Organization\",\"@id\":\"https:\/\/vieassociative.be\/actualites\/#organization\",\"name\":\"Vie Associative\",\"url\":\"https:\/\/vieassociative.be\/actualites\/\",\"logo\":{\"@type\":\"ImageObject\",\"inLanguage\":\"fr-BE\",\"@id\":\"https:\/\/vieassociative.be\/actualites\/#\/schema\/logo\/image\/\",\"url\":\"https:\/\/vieassociative.be\/actualites\/wp-content\/uploads\/2024\/09\/cropped-vieassociative_favicon.ico.png\",\"contentUrl\":\"https:\/\/vieassociative.be\/actualites\/wp-content\/uploads\/2024\/09\/cropped-vieassociative_favicon.ico.png\",\"width\":512,\"height\":512,\"caption\":\"Vie Associative\"},\"image\":{\"@id\":\"https:\/\/vieassociative.be\/actualites\/#\/schema\/logo\/image\/\"}},{\"@type\":\"Person\",\"@id\":\"https:\/\/vieassociative.be\/actualites\/#\/schema\/person\/b87ac4f82f9d4e7b7cec7395b679edc4\",\"name\":\"Julien\",\"image\":{\"@type\":\"ImageObject\",\"inLanguage\":\"fr-BE\",\"@id\":\"https:\/\/vieassociative.be\/actualites\/#\/schema\/person\/image\/\",\"url\":\"https:\/\/vieassociative.be\/actualites\/wp-content\/uploads\/2024\/09\/vie-associative-1-150x150.jpg\",\"contentUrl\":\"https:\/\/vieassociative.be\/actualites\/wp-content\/uploads\/2024\/09\/vie-associative-1-150x150.jpg\",\"caption\":\"Julien\"},\"description\":\"Je suis Julien, r\u00e9dacteur pour Vie Associative. Passionn\u00e9 par le monde associatif depuis plus de 10 ans, j'ai \u00e0 c\u0153ur de partager des histoires inspirantes et de mettre en lumi\u00e8re les initiatives locales. Mon objectif est de sensibiliser et d'encourager l'engagement communautaire \u00e0 travers mes articles.\",\"sameAs\":[\"https:\/\/vieassociative.be\/\"]}]}<\/script>\n<!-- \/ Yoast SEO plugin. -->","yoast_head_json":{"title":"Une gr\u00e8ve de cinq jours touche les transports publics locaux cette semaine - le TEC est \u00e9galement touch\u00e9 | Vie Associative","robots":{"index":"index","follow":"follow","max-snippet":"max-snippet:-1","max-image-preview":"max-image-preview:large","max-video-preview":"max-video-preview:-1"},"canonical":"https:\/\/vieassociative.be\/actualites\/une-greve-de-cinq-jours-touche-les-transports-publics-locaux-cette-semaine-le-tec-est-egalement-touche\/","og_locale":"fr_FR","og_type":"article","og_title":"Une gr\u00e8ve de cinq jours touche les transports publics locaux cette semaine - le TEC est \u00e9galement touch\u00e9 | Vie Associative","og_description":"Cinq syndicats ferroviaires se sont mobilis\u00e9s pour autant de journ\u00e9es de gr\u00e8ve du 26 au 30 janvier. Les trains seront m\u00eame \u00e0 l&rsquo;arr\u00eat \u00e0 partir","og_url":"https:\/\/vieassociative.be\/actualites\/une-greve-de-cinq-jours-touche-les-transports-publics-locaux-cette-semaine-le-tec-est-egalement-touche\/","og_site_name":"Vie Associative","article_published_time":"2026-01-25T18:17:52+00:00","og_image":[{"width":279,"height":92,"url":"https:\/\/vieassociative.be\/actualites\/wp-content\/uploads\/2024\/09\/header_backgroundk-01-e1726694325946.png","type":"image\/png"}],"author":"Julien","twitter_card":"summary_large_image","twitter_misc":{"\u00c9crit par":"Julien","Dur\u00e9e de lecture est.":"3 minutes"},"schema":{"@context":"https:\/\/schema.org","@graph":[{"@type":"Article","@id":"https:\/\/vieassociative.be\/actualites\/une-greve-de-cinq-jours-touche-les-transports-publics-locaux-cette-semaine-le-tec-est-egalement-touche\/#article","isPartOf":{"@id":"https:\/\/vieassociative.be\/actualites\/une-greve-de-cinq-jours-touche-les-transports-publics-locaux-cette-semaine-le-tec-est-egalement-touche\/"},"author":{"name":"Julien","@id":"https:\/\/vieassociative.be\/actualites\/#\/schema\/person\/b87ac4f82f9d4e7b7cec7395b679edc4"},"headline":"Une gr\u00e8ve de cinq jours touche les transports publics locaux cette semaine &#8211; le TEC est \u00e9galement touch\u00e9","datePublished":"2026-01-25T18:17:52+00:00","dateModified":"2026-01-25T18:17:52+00:00","mainEntityOfPage":{"@id":"https:\/\/vieassociative.be\/actualites\/une-greve-de-cinq-jours-touche-les-transports-publics-locaux-cette-semaine-le-tec-est-egalement-touche\/"},"wordCount":661,"publisher":{"@id":"https:\/\/vieassociative.be\/actualites\/#organization"},"image":{"@id":"https:\/\/vieassociative.be\/actualites\/une-greve-de-cinq-jours-touche-les-transports-publics-locaux-cette-semaine-le-tec-est-egalement-touche\/#primaryimage"},"thumbnailUrl":"https:\/\/vieassociative.be\/actualites\/wp-content\/uploads\/2026\/01\/Une-greve-de-cinq-jours-touche-les-transports-publics-locaux.jpeg","keywords":["cette","Cinq","\u00e9galement","est","gr\u00e8ve","jours","Les","locaux","publics","semaine","TEC","touch\u00e9","transports","une"],"articleSection":["Belgique"],"inLanguage":"fr-BE"},{"@type":"WebPage","@id":"https:\/\/vieassociative.be\/actualites\/une-greve-de-cinq-jours-touche-les-transports-publics-locaux-cette-semaine-le-tec-est-egalement-touche\/","url":"https:\/\/vieassociative.be\/actualites\/une-greve-de-cinq-jours-touche-les-transports-publics-locaux-cette-semaine-le-tec-est-egalement-touche\/","name":"Une gr\u00e8ve de cinq jours touche les transports publics locaux cette semaine - le TEC est \u00e9galement touch\u00e9 | Vie Associative","isPartOf":{"@id":"https:\/\/vieassociative.be\/actualites\/#website"},"primaryImageOfPage":{"@id":"https:\/\/vieassociative.be\/actualites\/une-greve-de-cinq-jours-touche-les-transports-publics-locaux-cette-semaine-le-tec-est-egalement-touche\/#primaryimage"},"image":{"@id":"https:\/\/vieassociative.be\/actualites\/une-greve-de-cinq-jours-touche-les-transports-publics-locaux-cette-semaine-le-tec-est-egalement-touche\/#primaryimage"},"thumbnailUrl":"https:\/\/vieassociative.be\/actualites\/wp-content\/uploads\/2026\/01\/Une-greve-de-cinq-jours-touche-les-transports-publics-locaux.jpeg","datePublished":"2026-01-25T18:17:52+00:00","dateModified":"2026-01-25T18:17:52+00:00","breadcrumb":{"@id":"https:\/\/vieassociative.be\/actualites\/une-greve-de-cinq-jours-touche-les-transports-publics-locaux-cette-semaine-le-tec-est-egalement-touche\/#breadcrumb"},"inLanguage":"fr-BE","potentialAction":[{"@type":"ReadAction","target":["https:\/\/vieassociative.be\/actualites\/une-greve-de-cinq-jours-touche-les-transports-publics-locaux-cette-semaine-le-tec-est-egalement-touche\/"]}]},{"@type":"ImageObject","inLanguage":"fr-BE","@id":"https:\/\/vieassociative.be\/actualites\/une-greve-de-cinq-jours-touche-les-transports-publics-locaux-cette-semaine-le-tec-est-egalement-touche\/#primaryimage","url":"https:\/\/vieassociative.be\/actualites\/wp-content\/uploads\/2026\/01\/Une-greve-de-cinq-jours-touche-les-transports-publics-locaux.jpeg","contentUrl":"https:\/\/vieassociative.be\/actualites\/wp-content\/uploads\/2026\/01\/Une-greve-de-cinq-jours-touche-les-transports-publics-locaux.jpeg","width":1000,"height":669,"caption":"Une gr\u00e8ve de cinq jours touche les transports publics locaux cette semaine - le TEC est \u00e9galement touch\u00e9"},{"@type":"BreadcrumbList","@id":"https:\/\/vieassociative.be\/actualites\/une-greve-de-cinq-jours-touche-les-transports-publics-locaux-cette-semaine-le-tec-est-egalement-touche\/#breadcrumb","itemListElement":[{"@type":"ListItem","position":1,"name":"Accueil","item":"https:\/\/vieassociative.be\/actualites\/"},{"@type":"ListItem","position":2,"name":"Une gr\u00e8ve de cinq jours touche les transports publics locaux cette semaine &#8211; le TEC est \u00e9galement touch\u00e9"}]},{"@type":"WebSite","@id":"https:\/\/vieassociative.be\/actualites\/#website","url":"https:\/\/vieassociative.be\/actualites\/","name":"Vie Associative","description":"","publisher":{"@id":"https:\/\/vieassociative.be\/actualites\/#organization"},"potentialAction":[{"@type":"SearchAction","target":{"@type":"EntryPoint","urlTemplate":"https:\/\/vieassociative.be\/actualites\/?s={search_term_string}"},"query-input":{"@type":"PropertyValueSpecification","valueRequired":true,"valueName":"search_term_string"}}],"inLanguage":"fr-BE"},{"@type":"Organization","@id":"https:\/\/vieassociative.be\/actualites\/#organization","name":"Vie Associative","url":"https:\/\/vieassociative.be\/actualites\/","logo":{"@type":"ImageObject","inLanguage":"fr-BE","@id":"https:\/\/vieassociative.be\/actualites\/#\/schema\/logo\/image\/","url":"https:\/\/vieassociative.be\/actualites\/wp-content\/uploads\/2024\/09\/cropped-vieassociative_favicon.ico.png","contentUrl":"https:\/\/vieassociative.be\/actualites\/wp-content\/uploads\/2024\/09\/cropped-vieassociative_favicon.ico.png","width":512,"height":512,"caption":"Vie Associative"},"image":{"@id":"https:\/\/vieassociative.be\/actualites\/#\/schema\/logo\/image\/"}},{"@type":"Person","@id":"https:\/\/vieassociative.be\/actualites\/#\/schema\/person\/b87ac4f82f9d4e7b7cec7395b679edc4","name":"Julien","image":{"@type":"ImageObject","inLanguage":"fr-BE","@id":"https:\/\/vieassociative.be\/actualites\/#\/schema\/person\/image\/","url":"https:\/\/vieassociative.be\/actualites\/wp-content\/uploads\/2024\/09\/vie-associative-1-150x150.jpg","contentUrl":"https:\/\/vieassociative.be\/actualites\/wp-content\/uploads\/2024\/09\/vie-associative-1-150x150.jpg","caption":"Julien"},"description":"Je suis Julien, r\u00e9dacteur pour Vie Associative. Passionn\u00e9 par le monde associatif depuis plus de 10 ans, j'ai \u00e0 c\u0153ur de partager des histoires inspirantes et de mettre en lumi\u00e8re les initiatives locales. Mon objectif est de sensibiliser et d'encourager l'engagement communautaire \u00e0 travers mes articles.","sameAs":["https:\/\/vieassociative.be\/"]}]}},"_links":{"self":[{"href":"https:\/\/vieassociative.be\/actualites\/wp-json\/wp\/v2\/posts\/12359"}],"collection":[{"href":"https:\/\/vieassociative.be\/actualites\/wp-json\/wp\/v2\/posts"}],"about":[{"href":"https:\/\/vieassociative.be\/actualites\/wp-json\/wp\/v2\/types\/post"}],"author":[{"embeddable":true,"href":"https:\/\/vieassociative.be\/actualites\/wp-json\/wp\/v2\/users\/1"}],"replies":[{"embeddable":true,"href":"https:\/\/vieassociative.be\/actualites\/wp-json\/wp\/v2\/comments?post=12359"}],"version-history":[{"count":0,"href":"https:\/\/vieassociative.be\/actualites\/wp-json\/wp\/v2\/posts\/12359\/revisions"}],"wp:featuredmedia":[{"embeddable":true,"href":"https:\/\/vieassociative.be\/actualites\/wp-json\/wp\/v2\/media\/12360"}],"wp:attachment":[{"href":"https:\/\/vieassociative.be\/actualites\/wp-json\/wp\/v2\/media?parent=12359"}],"wp:term":[{"taxonomy":"category","embeddable":true,"href":"https:\/\/vieassociative.be\/actualites\/wp-json\/wp\/v2\/categories?post=12359"},{"taxonomy":"post_tag","embeddable":true,"href":"https:\/\/vieassociative.be\/actualites\/wp-json\/wp\/v2\/tags?post=12359"}],"curies":[{"name":"wp","href":"https:\/\/api.w.org\/{rel}","templated":true}]}}