{"id":12357,"date":"2026-01-25T18:17:24","date_gmt":"2026-01-25T17:17:24","guid":{"rendered":"https:\/\/vieassociative.be\/actualites\/a-quel-point-est-il-trop-froid-pour-courir-dehors\/"},"modified":"2026-01-25T18:17:24","modified_gmt":"2026-01-25T17:17:24","slug":"a-quel-point-est-il-trop-froid-pour-courir-dehors","status":"publish","type":"post","link":"https:\/\/vieassociative.be\/actualites\/a-quel-point-est-il-trop-froid-pour-courir-dehors\/","title":{"rendered":"\u00c0 quel point est-il trop froid pour courir dehors ?"},"content":{"rendered":"<p>Les coureurs d\u00e9vou\u00e9s et les athl\u00e8tes d\u2019hiver vous le diront : faire de l\u2019exercice dans le froid n\u2019est pas aussi difficile qu\u2019il y para\u00eet. Personnellement, je pr\u00e9f\u00e8re risquer des engelures lors de toute course sur tapis roulant qui dure plus de 20 minutes. Mais y a-t-il un moment o\u00f9 les courses hivernales passent de difficiles \u00e0 dangereuses ? <\/p>\n<h2 id=\"there-is-no-clear-cut-off\">Il n&rsquo;y a pas de limite claire<\/h2>\n<p>La plupart des experts sugg\u00e8rent que la zone de danger commence autour de -18\u00b0F (-28\u00b0 Celsius), en particulier si l&rsquo;on prend en compte le refroidissement \u00e9olien. \u00c0 ces temp\u00e9ratures extr\u00eames, le risque d\u2019engelures augmente consid\u00e9rablement et respirer de l\u2019air glacial peut devenir inconfortable, voire nocif pour vos poumons et vos voies respiratoires.<\/p>\n<p>Mais au-del\u00e0 de la temp\u00e9rature brute, certaines conditions devraient vous inciter \u00e0 privil\u00e9gier le tapis de course plut\u00f4t que le trail. Le refroidissement \u00e9olien est bien plus important que la temp\u00e9rature r\u00e9elle : une journ\u00e9e \u00e0 20 \u00b0F avec des vents de 25 mph donne l&rsquo;impression de -4 \u00b0F et comporte des risques similaires. Les pr\u00e9cipitations combin\u00e9es au froid sont particuli\u00e8rement dangereuses, car les v\u00eatements mouill\u00e9s acc\u00e9l\u00e8rent rapidement la perte de chaleur.<\/p>\n<p>Les conditions glaciales cr\u00e9ent des risques de chute \u00e9vidents, et une cheville tordue ou une autre blessure devient beaucoup plus grave lorsque vous \u00eates \u00e0 des kilom\u00e8tres de chez vous par des temp\u00e9ratures inf\u00e9rieures \u00e0 z\u00e9ro. Si le pied est dangereux avec la glace ou si vous ne parvenez pas \u00e0 prot\u00e9ger ad\u00e9quatement vos extr\u00e9mit\u00e9s avec l&rsquo;\u00e9quipement dont vous disposez, il est sage d&rsquo;\u00e9viter la course en plein air. Faites confiance \u00e0 votre instinct\u00a0: si le froid est vraiment douloureux au cours des premi\u00e8res minutes plut\u00f4t que simplement inconfortable, c&rsquo;est que votre corps envoie un message clair.<\/p>\n<p>Encore une fois, ce seuil n&rsquo;est pas absolu. Votre tol\u00e9rance personnelle au froid, votre niveau d\u2019exp\u00e9rience, l\u2019\u00e9quipement que vous poss\u00e9dez et les conditions m\u00e9t\u00e9orologiques sp\u00e9cifiques jouent tous un r\u00f4le. Je sais que j&rsquo;ai r\u00e9ussi \u00e0 courir \u00e0 10\u00b0F, principalement parce qu&rsquo;il faisait tr\u00e8s ensoleill\u00e9, sans vent, et que j&rsquo;\u00e9tais parfaitement emmitoufl\u00e9. Voici quelques activit\u00e9s \u00e0 faire si vous \u00eates une \u00e2me courageuse qui part courir dans un froid glacial.<\/p>\n<h2 id=\"how-to-avoid-cold-related-injuries-while-running\">Comment \u00e9viter les blessures li\u00e9es au froid en courant<\/h2>\n<p>Si vous vous aventurez par temps tr\u00e8s froid, la pr\u00e9paration est primordiale. Habillez-vous en couches en utilisant des couches de base qui \u00e9vacuent l&rsquo;humidit\u00e9, des couches interm\u00e9diaires isolantes et des coques ext\u00e9rieures coupe-vent. Prot\u00e9gez soigneusement vos extr\u00e9mit\u00e9s avec des gants ou des mitaines, un chapeau ou un bandeau et des chaussettes chaudes. Un cache-cou est indispensable \u00e0 remonter sur votre nez et votre bouche pour aider \u00e0 r\u00e9chauffer l&rsquo;air avant qu&rsquo;il n&rsquo;atteigne les poumons.<\/p>\n<p>Commencez votre course face au vent pour l&rsquo;avoir sur le dos lorsque vous transpirez et \u00eates plus vuln\u00e9rable aux pertes de chaleur lors du voyage de retour. R\u00e9duisez vos courses et restez pr\u00e8s de chez vous ou dans les zones offrant des options de sauvetage. Informez quelqu&rsquo;un de votre itin\u00e9raire et de l&rsquo;heure de retour pr\u00e9vue. Cela permet \u00e9galement de modifier physiquement votre itin\u00e9raire pour accueillir les couches. Planifiez une course o\u00f9 vous pourrez perdre des couches suppl\u00e9mentaires apr\u00e8s le premier kilom\u00e8tre, puis r\u00e9cup\u00e9rez-les au retour.<\/p>\n<p>Faites attention \u00e0 votre corps tout au long de la course. Tout engourdissement, douleur excessive, confusion ou tremblements intenses signifie qu&rsquo;il est temps de rentrer imm\u00e9diatement \u00e0 l&rsquo;int\u00e9rieur. N&rsquo;oubliez pas que vous pouvez toujours \u00e9courter une course : il n&rsquo;y a aucune honte \u00e0 donner la priorit\u00e9 \u00e0 votre s\u00e9curit\u00e9 plut\u00f4t qu&rsquo;\u00e0 une s\u00e9ance d&rsquo;entra\u00eenement.<\/p>\n<p>Un autre conseil, issu de nombreuses exp\u00e9riences personnelles : soyez tr\u00e8s attentif \u00e0 la respiration buccale lorsque vous courez dans de l&rsquo;air froid et sec. Je recommande de courir avec des pastilles contre la toux afin de vous aider \u00e0 vous entra\u00eener \u00e0 respirer par le nez.<\/p>\n<h2 id=\"the-bottom-line\">L&rsquo;essentiel<\/h2>\n<p>Je me dis toujours que si quelque chose ne va pas apr\u00e8s mon premier kilom\u00e8tre, j&rsquo;ai le droit de faire demi-tour et de rentrer chez moi \u00e0 pied. Accordez-vous une indulgence suppl\u00e9mentaire dans des conditions m\u00e9t\u00e9orologiques extr\u00eames. Si vous ne pouvez vraiment pas supporter de manquer des kilom\u00e8tres, envisagez un plan hybride consistant \u00e0 parcourir la moiti\u00e9 de votre itin\u00e9raire \u00e0 l&rsquo;ext\u00e9rieur et l&rsquo;autre moiti\u00e9 sur un tapis roulant.<\/p>\n<p>Vous pouvez courir dehors \u00e0 des temp\u00e9ratures assez fra\u00eeches avant de risquer s\u00e9rieusement des engelures ou toute autre cons\u00e9quence du froid. Pour la plupart des coureurs, la limite pratique pour courir en ext\u00e9rieur en toute s\u00e9curit\u00e9 se situe entre 0 et -20\u00b0F. Tant que vous \u00eates pr\u00e9par\u00e9 avec un \u00e9quipement de protection, vous pouvez \u00e9couter votre corps pour s&rsquo;acclimater aux temp\u00e9ratures froides du mieux que vous le pouvez personnellement. <\/p>\n","protected":false},"excerpt":{"rendered":"<p>Les coureurs d\u00e9vou\u00e9s et les athl\u00e8tes d\u2019hiver vous le diront : faire de l\u2019exercice dans le froid n\u2019est pas aussi difficile qu\u2019il y para\u00eet. Personnellement,<\/p>\n","protected":false},"author":1,"featured_media":12358,"comment_status":"","ping_status":"","sticky":false,"template":"","format":"standard","meta":{"footnotes":""},"categories":[1],"tags":[3810,2585,586,1130,174,81,794,656],"class_list":["post-12357","post","type-post","status-publish","format-standard","has-post-thumbnail","hentry","category-non-classe","tag-courir","tag-dehors","tag-estil","tag-froid","tag-point","tag-pour","tag-quel","tag-trop","generate-columns","tablet-grid-50","mobile-grid-100","grid-parent","grid-33"],"yoast_head":"<!-- This site is optimized with the Yoast SEO plugin v24.0 - https:\/\/yoast.com\/wordpress\/plugins\/seo\/ -->\n<title>\u00c0 quel point est-il trop froid pour courir dehors ? | Vie Associative<\/title>\n<meta name=\"robots\" content=\"index, follow, max-snippet:-1, max-image-preview:large, max-video-preview:-1\" \/>\n<link rel=\"canonical\" href=\"https:\/\/vieassociative.be\/actualites\/a-quel-point-est-il-trop-froid-pour-courir-dehors\/\" \/>\n<meta property=\"og:locale\" content=\"fr_FR\" \/>\n<meta property=\"og:type\" content=\"article\" \/>\n<meta property=\"og:title\" content=\"\u00c0 quel point est-il trop froid pour courir dehors ? | Vie Associative\" \/>\n<meta property=\"og:description\" content=\"Les coureurs d\u00e9vou\u00e9s et les athl\u00e8tes d\u2019hiver vous le diront : faire de l\u2019exercice dans le froid n\u2019est pas aussi difficile qu\u2019il y para\u00eet. Personnellement,\" \/>\n<meta property=\"og:url\" content=\"https:\/\/vieassociative.be\/actualites\/a-quel-point-est-il-trop-froid-pour-courir-dehors\/\" \/>\n<meta property=\"og:site_name\" content=\"Vie Associative\" \/>\n<meta property=\"article:published_time\" content=\"2026-01-25T17:17:24+00:00\" \/>\n<meta property=\"og:image\" content=\"https:\/\/vieassociative.be\/actualites\/wp-content\/uploads\/2024\/09\/header_backgroundk-01-e1726694325946.png\" \/>\n\t<meta property=\"og:image:width\" content=\"279\" \/>\n\t<meta property=\"og:image:height\" content=\"92\" \/>\n\t<meta property=\"og:image:type\" content=\"image\/png\" \/>\n<meta name=\"author\" content=\"Julien\" \/>\n<meta name=\"twitter:card\" content=\"summary_large_image\" \/>\n<meta name=\"twitter:label1\" content=\"\u00c9crit par\" \/>\n\t<meta name=\"twitter:data1\" content=\"Julien\" \/>\n\t<meta name=\"twitter:label2\" content=\"Dur\u00e9e de lecture est.\" \/>\n\t<meta name=\"twitter:data2\" content=\"4 minutes\" \/>\n<script type=\"application\/ld+json\" class=\"yoast-schema-graph\">{\"@context\":\"https:\/\/schema.org\",\"@graph\":[{\"@type\":\"Article\",\"@id\":\"https:\/\/vieassociative.be\/actualites\/a-quel-point-est-il-trop-froid-pour-courir-dehors\/#article\",\"isPartOf\":{\"@id\":\"https:\/\/vieassociative.be\/actualites\/a-quel-point-est-il-trop-froid-pour-courir-dehors\/\"},\"author\":{\"name\":\"Julien\",\"@id\":\"https:\/\/vieassociative.be\/actualites\/#\/schema\/person\/b87ac4f82f9d4e7b7cec7395b679edc4\"},\"headline\":\"\u00c0 quel point est-il trop froid pour courir dehors ?\",\"datePublished\":\"2026-01-25T17:17:24+00:00\",\"dateModified\":\"2026-01-25T17:17:24+00:00\",\"mainEntityOfPage\":{\"@id\":\"https:\/\/vieassociative.be\/actualites\/a-quel-point-est-il-trop-froid-pour-courir-dehors\/\"},\"wordCount\":868,\"publisher\":{\"@id\":\"https:\/\/vieassociative.be\/actualites\/#organization\"},\"image\":{\"@id\":\"https:\/\/vieassociative.be\/actualites\/a-quel-point-est-il-trop-froid-pour-courir-dehors\/#primaryimage\"},\"thumbnailUrl\":\"https:\/\/vieassociative.be\/actualites\/wp-content\/uploads\/2026\/01\/A-quel-point-est-il-trop-froid-pour-courir-dehors.jpg\",\"keywords\":[\"courir\",\"dehors\",\"estil\",\"froid\",\"point\",\"pour\",\"Quel\",\"trop\"],\"inLanguage\":\"fr-BE\"},{\"@type\":\"WebPage\",\"@id\":\"https:\/\/vieassociative.be\/actualites\/a-quel-point-est-il-trop-froid-pour-courir-dehors\/\",\"url\":\"https:\/\/vieassociative.be\/actualites\/a-quel-point-est-il-trop-froid-pour-courir-dehors\/\",\"name\":\"\u00c0 quel point est-il trop froid pour courir dehors ? | Vie Associative\",\"isPartOf\":{\"@id\":\"https:\/\/vieassociative.be\/actualites\/#website\"},\"primaryImageOfPage\":{\"@id\":\"https:\/\/vieassociative.be\/actualites\/a-quel-point-est-il-trop-froid-pour-courir-dehors\/#primaryimage\"},\"image\":{\"@id\":\"https:\/\/vieassociative.be\/actualites\/a-quel-point-est-il-trop-froid-pour-courir-dehors\/#primaryimage\"},\"thumbnailUrl\":\"https:\/\/vieassociative.be\/actualites\/wp-content\/uploads\/2026\/01\/A-quel-point-est-il-trop-froid-pour-courir-dehors.jpg\",\"datePublished\":\"2026-01-25T17:17:24+00:00\",\"dateModified\":\"2026-01-25T17:17:24+00:00\",\"breadcrumb\":{\"@id\":\"https:\/\/vieassociative.be\/actualites\/a-quel-point-est-il-trop-froid-pour-courir-dehors\/#breadcrumb\"},\"inLanguage\":\"fr-BE\",\"potentialAction\":[{\"@type\":\"ReadAction\",\"target\":[\"https:\/\/vieassociative.be\/actualites\/a-quel-point-est-il-trop-froid-pour-courir-dehors\/\"]}]},{\"@type\":\"ImageObject\",\"inLanguage\":\"fr-BE\",\"@id\":\"https:\/\/vieassociative.be\/actualites\/a-quel-point-est-il-trop-froid-pour-courir-dehors\/#primaryimage\",\"url\":\"https:\/\/vieassociative.be\/actualites\/wp-content\/uploads\/2026\/01\/A-quel-point-est-il-trop-froid-pour-courir-dehors.jpg\",\"contentUrl\":\"https:\/\/vieassociative.be\/actualites\/wp-content\/uploads\/2026\/01\/A-quel-point-est-il-trop-froid-pour-courir-dehors.jpg\",\"width\":1200,\"height\":675,\"caption\":\"\u00c0 quel point est-il trop froid pour courir dehors ?\"},{\"@type\":\"BreadcrumbList\",\"@id\":\"https:\/\/vieassociative.be\/actualites\/a-quel-point-est-il-trop-froid-pour-courir-dehors\/#breadcrumb\",\"itemListElement\":[{\"@type\":\"ListItem\",\"position\":1,\"name\":\"Accueil\",\"item\":\"https:\/\/vieassociative.be\/actualites\/\"},{\"@type\":\"ListItem\",\"position\":2,\"name\":\"\u00c0 quel point est-il trop froid pour courir dehors ?\"}]},{\"@type\":\"WebSite\",\"@id\":\"https:\/\/vieassociative.be\/actualites\/#website\",\"url\":\"https:\/\/vieassociative.be\/actualites\/\",\"name\":\"Vie Associative\",\"description\":\"\",\"publisher\":{\"@id\":\"https:\/\/vieassociative.be\/actualites\/#organization\"},\"potentialAction\":[{\"@type\":\"SearchAction\",\"target\":{\"@type\":\"EntryPoint\",\"urlTemplate\":\"https:\/\/vieassociative.be\/actualites\/?s={search_term_string}\"},\"query-input\":{\"@type\":\"PropertyValueSpecification\",\"valueRequired\":true,\"valueName\":\"search_term_string\"}}],\"inLanguage\":\"fr-BE\"},{\"@type\":\"Organization\",\"@id\":\"https:\/\/vieassociative.be\/actualites\/#organization\",\"name\":\"Vie Associative\",\"url\":\"https:\/\/vieassociative.be\/actualites\/\",\"logo\":{\"@type\":\"ImageObject\",\"inLanguage\":\"fr-BE\",\"@id\":\"https:\/\/vieassociative.be\/actualites\/#\/schema\/logo\/image\/\",\"url\":\"https:\/\/vieassociative.be\/actualites\/wp-content\/uploads\/2024\/09\/cropped-vieassociative_favicon.ico.png\",\"contentUrl\":\"https:\/\/vieassociative.be\/actualites\/wp-content\/uploads\/2024\/09\/cropped-vieassociative_favicon.ico.png\",\"width\":512,\"height\":512,\"caption\":\"Vie Associative\"},\"image\":{\"@id\":\"https:\/\/vieassociative.be\/actualites\/#\/schema\/logo\/image\/\"}},{\"@type\":\"Person\",\"@id\":\"https:\/\/vieassociative.be\/actualites\/#\/schema\/person\/b87ac4f82f9d4e7b7cec7395b679edc4\",\"name\":\"Julien\",\"image\":{\"@type\":\"ImageObject\",\"inLanguage\":\"fr-BE\",\"@id\":\"https:\/\/vieassociative.be\/actualites\/#\/schema\/person\/image\/\",\"url\":\"https:\/\/vieassociative.be\/actualites\/wp-content\/uploads\/2024\/09\/vie-associative-1-150x150.jpg\",\"contentUrl\":\"https:\/\/vieassociative.be\/actualites\/wp-content\/uploads\/2024\/09\/vie-associative-1-150x150.jpg\",\"caption\":\"Julien\"},\"description\":\"Je suis Julien, r\u00e9dacteur pour Vie Associative. Passionn\u00e9 par le monde associatif depuis plus de 10 ans, j'ai \u00e0 c\u0153ur de partager des histoires inspirantes et de mettre en lumi\u00e8re les initiatives locales. Mon objectif est de sensibiliser et d'encourager l'engagement communautaire \u00e0 travers mes articles.\",\"sameAs\":[\"https:\/\/vieassociative.be\/\"]}]}<\/script>\n<!-- \/ Yoast SEO plugin. -->","yoast_head_json":{"title":"\u00c0 quel point est-il trop froid pour courir dehors ? | Vie Associative","robots":{"index":"index","follow":"follow","max-snippet":"max-snippet:-1","max-image-preview":"max-image-preview:large","max-video-preview":"max-video-preview:-1"},"canonical":"https:\/\/vieassociative.be\/actualites\/a-quel-point-est-il-trop-froid-pour-courir-dehors\/","og_locale":"fr_FR","og_type":"article","og_title":"\u00c0 quel point est-il trop froid pour courir dehors ? | Vie Associative","og_description":"Les coureurs d\u00e9vou\u00e9s et les athl\u00e8tes d\u2019hiver vous le diront : faire de l\u2019exercice dans le froid n\u2019est pas aussi difficile qu\u2019il y para\u00eet. Personnellement,","og_url":"https:\/\/vieassociative.be\/actualites\/a-quel-point-est-il-trop-froid-pour-courir-dehors\/","og_site_name":"Vie Associative","article_published_time":"2026-01-25T17:17:24+00:00","og_image":[{"width":279,"height":92,"url":"https:\/\/vieassociative.be\/actualites\/wp-content\/uploads\/2024\/09\/header_backgroundk-01-e1726694325946.png","type":"image\/png"}],"author":"Julien","twitter_card":"summary_large_image","twitter_misc":{"\u00c9crit par":"Julien","Dur\u00e9e de lecture est.":"4 minutes"},"schema":{"@context":"https:\/\/schema.org","@graph":[{"@type":"Article","@id":"https:\/\/vieassociative.be\/actualites\/a-quel-point-est-il-trop-froid-pour-courir-dehors\/#article","isPartOf":{"@id":"https:\/\/vieassociative.be\/actualites\/a-quel-point-est-il-trop-froid-pour-courir-dehors\/"},"author":{"name":"Julien","@id":"https:\/\/vieassociative.be\/actualites\/#\/schema\/person\/b87ac4f82f9d4e7b7cec7395b679edc4"},"headline":"\u00c0 quel point est-il trop froid pour courir dehors ?","datePublished":"2026-01-25T17:17:24+00:00","dateModified":"2026-01-25T17:17:24+00:00","mainEntityOfPage":{"@id":"https:\/\/vieassociative.be\/actualites\/a-quel-point-est-il-trop-froid-pour-courir-dehors\/"},"wordCount":868,"publisher":{"@id":"https:\/\/vieassociative.be\/actualites\/#organization"},"image":{"@id":"https:\/\/vieassociative.be\/actualites\/a-quel-point-est-il-trop-froid-pour-courir-dehors\/#primaryimage"},"thumbnailUrl":"https:\/\/vieassociative.be\/actualites\/wp-content\/uploads\/2026\/01\/A-quel-point-est-il-trop-froid-pour-courir-dehors.jpg","keywords":["courir","dehors","estil","froid","point","pour","Quel","trop"],"inLanguage":"fr-BE"},{"@type":"WebPage","@id":"https:\/\/vieassociative.be\/actualites\/a-quel-point-est-il-trop-froid-pour-courir-dehors\/","url":"https:\/\/vieassociative.be\/actualites\/a-quel-point-est-il-trop-froid-pour-courir-dehors\/","name":"\u00c0 quel point est-il trop froid pour courir dehors ? | Vie Associative","isPartOf":{"@id":"https:\/\/vieassociative.be\/actualites\/#website"},"primaryImageOfPage":{"@id":"https:\/\/vieassociative.be\/actualites\/a-quel-point-est-il-trop-froid-pour-courir-dehors\/#primaryimage"},"image":{"@id":"https:\/\/vieassociative.be\/actualites\/a-quel-point-est-il-trop-froid-pour-courir-dehors\/#primaryimage"},"thumbnailUrl":"https:\/\/vieassociative.be\/actualites\/wp-content\/uploads\/2026\/01\/A-quel-point-est-il-trop-froid-pour-courir-dehors.jpg","datePublished":"2026-01-25T17:17:24+00:00","dateModified":"2026-01-25T17:17:24+00:00","breadcrumb":{"@id":"https:\/\/vieassociative.be\/actualites\/a-quel-point-est-il-trop-froid-pour-courir-dehors\/#breadcrumb"},"inLanguage":"fr-BE","potentialAction":[{"@type":"ReadAction","target":["https:\/\/vieassociative.be\/actualites\/a-quel-point-est-il-trop-froid-pour-courir-dehors\/"]}]},{"@type":"ImageObject","inLanguage":"fr-BE","@id":"https:\/\/vieassociative.be\/actualites\/a-quel-point-est-il-trop-froid-pour-courir-dehors\/#primaryimage","url":"https:\/\/vieassociative.be\/actualites\/wp-content\/uploads\/2026\/01\/A-quel-point-est-il-trop-froid-pour-courir-dehors.jpg","contentUrl":"https:\/\/vieassociative.be\/actualites\/wp-content\/uploads\/2026\/01\/A-quel-point-est-il-trop-froid-pour-courir-dehors.jpg","width":1200,"height":675,"caption":"\u00c0 quel point est-il trop froid pour courir dehors ?"},{"@type":"BreadcrumbList","@id":"https:\/\/vieassociative.be\/actualites\/a-quel-point-est-il-trop-froid-pour-courir-dehors\/#breadcrumb","itemListElement":[{"@type":"ListItem","position":1,"name":"Accueil","item":"https:\/\/vieassociative.be\/actualites\/"},{"@type":"ListItem","position":2,"name":"\u00c0 quel point est-il trop froid pour courir dehors ?"}]},{"@type":"WebSite","@id":"https:\/\/vieassociative.be\/actualites\/#website","url":"https:\/\/vieassociative.be\/actualites\/","name":"Vie Associative","description":"","publisher":{"@id":"https:\/\/vieassociative.be\/actualites\/#organization"},"potentialAction":[{"@type":"SearchAction","target":{"@type":"EntryPoint","urlTemplate":"https:\/\/vieassociative.be\/actualites\/?s={search_term_string}"},"query-input":{"@type":"PropertyValueSpecification","valueRequired":true,"valueName":"search_term_string"}}],"inLanguage":"fr-BE"},{"@type":"Organization","@id":"https:\/\/vieassociative.be\/actualites\/#organization","name":"Vie Associative","url":"https:\/\/vieassociative.be\/actualites\/","logo":{"@type":"ImageObject","inLanguage":"fr-BE","@id":"https:\/\/vieassociative.be\/actualites\/#\/schema\/logo\/image\/","url":"https:\/\/vieassociative.be\/actualites\/wp-content\/uploads\/2024\/09\/cropped-vieassociative_favicon.ico.png","contentUrl":"https:\/\/vieassociative.be\/actualites\/wp-content\/uploads\/2024\/09\/cropped-vieassociative_favicon.ico.png","width":512,"height":512,"caption":"Vie Associative"},"image":{"@id":"https:\/\/vieassociative.be\/actualites\/#\/schema\/logo\/image\/"}},{"@type":"Person","@id":"https:\/\/vieassociative.be\/actualites\/#\/schema\/person\/b87ac4f82f9d4e7b7cec7395b679edc4","name":"Julien","image":{"@type":"ImageObject","inLanguage":"fr-BE","@id":"https:\/\/vieassociative.be\/actualites\/#\/schema\/person\/image\/","url":"https:\/\/vieassociative.be\/actualites\/wp-content\/uploads\/2024\/09\/vie-associative-1-150x150.jpg","contentUrl":"https:\/\/vieassociative.be\/actualites\/wp-content\/uploads\/2024\/09\/vie-associative-1-150x150.jpg","caption":"Julien"},"description":"Je suis Julien, r\u00e9dacteur pour Vie Associative. Passionn\u00e9 par le monde associatif depuis plus de 10 ans, j'ai \u00e0 c\u0153ur de partager des histoires inspirantes et de mettre en lumi\u00e8re les initiatives locales. Mon objectif est de sensibiliser et d'encourager l'engagement communautaire \u00e0 travers mes articles.","sameAs":["https:\/\/vieassociative.be\/"]}]}},"_links":{"self":[{"href":"https:\/\/vieassociative.be\/actualites\/wp-json\/wp\/v2\/posts\/12357"}],"collection":[{"href":"https:\/\/vieassociative.be\/actualites\/wp-json\/wp\/v2\/posts"}],"about":[{"href":"https:\/\/vieassociative.be\/actualites\/wp-json\/wp\/v2\/types\/post"}],"author":[{"embeddable":true,"href":"https:\/\/vieassociative.be\/actualites\/wp-json\/wp\/v2\/users\/1"}],"replies":[{"embeddable":true,"href":"https:\/\/vieassociative.be\/actualites\/wp-json\/wp\/v2\/comments?post=12357"}],"version-history":[{"count":0,"href":"https:\/\/vieassociative.be\/actualites\/wp-json\/wp\/v2\/posts\/12357\/revisions"}],"wp:featuredmedia":[{"embeddable":true,"href":"https:\/\/vieassociative.be\/actualites\/wp-json\/wp\/v2\/media\/12358"}],"wp:attachment":[{"href":"https:\/\/vieassociative.be\/actualites\/wp-json\/wp\/v2\/media?parent=12357"}],"wp:term":[{"taxonomy":"category","embeddable":true,"href":"https:\/\/vieassociative.be\/actualites\/wp-json\/wp\/v2\/categories?post=12357"},{"taxonomy":"post_tag","embeddable":true,"href":"https:\/\/vieassociative.be\/actualites\/wp-json\/wp\/v2\/tags?post=12357"}],"curies":[{"name":"wp","href":"https:\/\/api.w.org\/{rel}","templated":true}]}}