{"id":12355,"date":"2026-01-25T13:17:39","date_gmt":"2026-01-25T12:17:39","guid":{"rendered":"https:\/\/vieassociative.be\/actualites\/les-points-chauds-du-monde-trump-la-belgique-et-lue-soiree-a-theme-avec-le-ministre-des-affaires-etrangeres-prevot-a-eupen\/"},"modified":"2026-01-25T13:17:39","modified_gmt":"2026-01-25T12:17:39","slug":"les-points-chauds-du-monde-trump-la-belgique-et-lue-soiree-a-theme-avec-le-ministre-des-affaires-etrangeres-prevot-a-eupen","status":"publish","type":"post","link":"https:\/\/vieassociative.be\/actualites\/les-points-chauds-du-monde-trump-la-belgique-et-lue-soiree-a-theme-avec-le-ministre-des-affaires-etrangeres-prevot-a-eupen\/","title":{"rendered":"Les points chauds du monde, Trump, la Belgique et l&rsquo;UE : soir\u00e9e \u00e0 th\u00e8me avec le ministre des Affaires \u00e9trang\u00e8res Pr\u00e9vot \u00e0 Eupen"},"content":{"rendered":"<p><strong>L&rsquo;ordre international est confront\u00e9 \u00e0 de profonds d\u00e9fis : les guerres, les changements de pouvoir g\u00e9opolitiques et les incertitudes croissantes continueront de fa\u00e7onner la situation politique mondiale en 2026. Dans ce contexte, l&rsquo;eurod\u00e9put\u00e9 de l&rsquo;Est de la Belgique Pascal Arimont (CSP-PPE) vous invite \u00e0 une soir\u00e9e publique th\u00e9matique \u00e0 Eupen le mercredi 4 f\u00e9vrier 2026.<\/strong><\/p>\n<p><span id=\"more-434551\"><\/span>Sous le titre \u00ab Les points chauds du monde et le r\u00f4le de la Belgique et de l&rsquo;UE \u00bb, Arimont accueille deux invit\u00e9s marquants de la politique \u00e9trang\u00e8re europ\u00e9enne : le ministre belge des Affaires \u00e9trang\u00e8res Maxime Pr\u00e9vot (Les Engag\u00e9s) et David McAllister (CDU-PPE), pr\u00e9sident de la commission des Affaires \u00e9trang\u00e8res du Parlement europ\u00e9en.<\/p>\n<div id=\"attachment_434560\" class=\"wp-caption alignleft\" style=\"max-width: 300px\"><img fetchpriority=\"high\" decoding=\"async\" class=\"wp-image-434560 size-medium\" src=\"https:\/\/vieassociative.be\/actualites\/wp-content\/uploads\/2026\/01\/Les-points-chauds-du-monde-Trump-la-Belgique-et-lUE.jpg\" alt=\"\" width=\"300\" height=\"200\"><\/div>\n<p>L&rsquo;\u00e9v\u00e9nement commence \u00e0 20 heures. dans le foyer du J\u00fcnglingshaus \u00e0 Eupen (Neustra\u00dfe 86).<\/p>\n<p>\u00abIl est tr\u00e8s important pour moi de discuter ouvertement des grandes questions de politique \u00e9trang\u00e8re de notre \u00e9poque ici dans l&rsquo;Est de la Belgique\u00bb, explique l&rsquo;animateur Arimont.<\/p>\n<p>\u00ab\u00a0Le fait que nous ayons r\u00e9ussi \u00e0 convaincre le ministre belge des Affaires \u00e9trang\u00e8res et le pr\u00e9sident de la commission des Affaires \u00e9trang\u00e8res du Parlement europ\u00e9en souligne l&rsquo;importance de cette soir\u00e9e.\u00a0\u00bb<\/p>\n<p>Le nom de Donald Trump n&rsquo;est m\u00eame pas mentionn\u00e9 dans l&rsquo;annonce de cette soir\u00e9e \u00e0 th\u00e8me, mais tout tournera probablement autour du pr\u00e9sident am\u00e9ricain le 4 f\u00e9vrier \u00e0 Eupen.<\/p>\n<p>Dans un discours d&rsquo;ouverture, le ministre des Affaires \u00e9trang\u00e8res Maxime Pr\u00e9vot expliquera d&rsquo;abord quelle contribution la Belgique peut apporter face aux crises mondiales actuelles. David McAllister examinera ensuite le r\u00f4le de l&rsquo;Union europ\u00e9enne dans un ordre mondial de plus en plus fragment\u00e9.<\/p>\n<div id=\"attachment_434569\" class=\"wp-caption alignleft\" style=\"max-width: 300px\"><img decoding=\"async\" class=\"wp-image-434569 size-medium\" src=\"https:\/\/vieassociative.be\/actualites\/wp-content\/uploads\/2026\/01\/1769343459_636_Les-points-chauds-du-monde-Trump-la-Belgique-et-lUE.jpg\" alt=\"\" width=\"300\" height=\"200\"><\/div>\n<p>Le c\u0153ur de l&rsquo;\u00e9v\u00e9nement est une table ronde \u00e0 laquelle participeront, outre Pr\u00e9vot et McAllister, la politologue Ulrike Franke (Senior Policy Fellow au Conseil europ\u00e9en des relations \u00e9trang\u00e8res) et le d\u00e9put\u00e9 de l&rsquo;Est de la Belgique, Luc Frank.<\/p>\n<p>Entre autres choses, seront abord\u00e9s la capacit\u00e9 d&rsquo;action de l&rsquo;Europe, la mani\u00e8re de g\u00e9rer les points chauds actuels tels que l&rsquo;Ukraine ou le conflit du Moyen-Orient, les questions de la capacit\u00e9 de d\u00e9fense europ\u00e9enne et la r\u00e9organisation g\u00e9opolitique dans la zone de tension entre les \u00c9tats-Unis, la Chine et l&rsquo;Europe.<\/p>\n<p>Apr\u00e8s la table ronde, il y aura une longue s\u00e9ance de questions et r\u00e9ponses avec le public. Une interpr\u00e9tation simultan\u00e9e allemand-fran\u00e7ais est propos\u00e9e. \u00abTous les citoyens int\u00e9ress\u00e9s sont chaleureusement invit\u00e9s \u00e0 participer \u00e0 la discussion et \u00e0 soumettre leurs questions\u00bb, souligne Arimont. L&rsquo;entr\u00e9e est gratuite. (cr\u00e9er)<\/p>\n","protected":false},"excerpt":{"rendered":"<p>L&rsquo;ordre international est confront\u00e9 \u00e0 de profonds d\u00e9fis : les guerres, les changements de pouvoir g\u00e9opolitiques et les incertitudes croissantes continueront de fa\u00e7onner la situation<\/p>\n","protected":false},"author":1,"featured_media":12356,"comment_status":"","ping_status":"","sticky":false,"template":"","format":"standard","meta":{"footnotes":""},"categories":[298],"tags":[2395,61,383,2775,29,6046,2329,14,3578,1245,237,5876,9424,4840,2541,2425],"class_list":["post-12355","post","type-post","status-publish","format-standard","has-post-thumbnail","hentry","category-belgique","tag-affaires","tag-avec","tag-belgique","tag-chauds","tag-des","tag-etrangeres","tag-eupen","tag-les","tag-lue","tag-ministre","tag-monde","tag-points","tag-prevot","tag-soiree","tag-theme","tag-trump","generate-columns","tablet-grid-50","mobile-grid-100","grid-parent","grid-33"],"yoast_head":"<!-- This site is optimized with the Yoast SEO plugin v24.0 - https:\/\/yoast.com\/wordpress\/plugins\/seo\/ -->\n<title>Les points chauds du monde, Trump, la Belgique et l&#039;UE : soir\u00e9e \u00e0 th\u00e8me avec le ministre des Affaires \u00e9trang\u00e8res Pr\u00e9vot \u00e0 Eupen | Vie Associative<\/title>\n<meta name=\"robots\" content=\"index, follow, max-snippet:-1, max-image-preview:large, max-video-preview:-1\" \/>\n<link rel=\"canonical\" href=\"https:\/\/vieassociative.be\/actualites\/les-points-chauds-du-monde-trump-la-belgique-et-lue-soiree-a-theme-avec-le-ministre-des-affaires-etrangeres-prevot-a-eupen\/\" \/>\n<meta property=\"og:locale\" content=\"fr_FR\" \/>\n<meta property=\"og:type\" content=\"article\" \/>\n<meta property=\"og:title\" content=\"Les points chauds du monde, Trump, la Belgique et l&#039;UE : soir\u00e9e \u00e0 th\u00e8me avec le ministre des Affaires \u00e9trang\u00e8res Pr\u00e9vot \u00e0 Eupen | Vie Associative\" \/>\n<meta property=\"og:description\" content=\"L&rsquo;ordre international est confront\u00e9 \u00e0 de profonds d\u00e9fis : les guerres, les changements de pouvoir g\u00e9opolitiques et les incertitudes croissantes continueront de fa\u00e7onner la situation\" \/>\n<meta property=\"og:url\" content=\"https:\/\/vieassociative.be\/actualites\/les-points-chauds-du-monde-trump-la-belgique-et-lue-soiree-a-theme-avec-le-ministre-des-affaires-etrangeres-prevot-a-eupen\/\" \/>\n<meta property=\"og:site_name\" content=\"Vie Associative\" \/>\n<meta property=\"article:published_time\" content=\"2026-01-25T12:17:39+00:00\" \/>\n<meta property=\"og:image\" content=\"https:\/\/vieassociative.be\/actualites\/wp-content\/uploads\/2024\/09\/header_backgroundk-01-e1726694325946.png\" \/>\n\t<meta property=\"og:image:width\" content=\"279\" \/>\n\t<meta property=\"og:image:height\" content=\"92\" \/>\n\t<meta property=\"og:image:type\" content=\"image\/png\" \/>\n<meta name=\"author\" content=\"Julien\" \/>\n<meta name=\"twitter:card\" content=\"summary_large_image\" \/>\n<meta name=\"twitter:label1\" content=\"\u00c9crit par\" \/>\n\t<meta name=\"twitter:data1\" content=\"Julien\" \/>\n\t<meta name=\"twitter:label2\" content=\"Dur\u00e9e de lecture est.\" \/>\n\t<meta name=\"twitter:data2\" content=\"2 minutes\" \/>\n<script type=\"application\/ld+json\" class=\"yoast-schema-graph\">{\"@context\":\"https:\/\/schema.org\",\"@graph\":[{\"@type\":\"Article\",\"@id\":\"https:\/\/vieassociative.be\/actualites\/les-points-chauds-du-monde-trump-la-belgique-et-lue-soiree-a-theme-avec-le-ministre-des-affaires-etrangeres-prevot-a-eupen\/#article\",\"isPartOf\":{\"@id\":\"https:\/\/vieassociative.be\/actualites\/les-points-chauds-du-monde-trump-la-belgique-et-lue-soiree-a-theme-avec-le-ministre-des-affaires-etrangeres-prevot-a-eupen\/\"},\"author\":{\"name\":\"Julien\",\"@id\":\"https:\/\/vieassociative.be\/actualites\/#\/schema\/person\/b87ac4f82f9d4e7b7cec7395b679edc4\"},\"headline\":\"Les points chauds du monde, Trump, la Belgique et l&rsquo;UE : soir\u00e9e \u00e0 th\u00e8me avec le ministre des Affaires \u00e9trang\u00e8res Pr\u00e9vot \u00e0 Eupen\",\"datePublished\":\"2026-01-25T12:17:39+00:00\",\"dateModified\":\"2026-01-25T12:17:39+00:00\",\"mainEntityOfPage\":{\"@id\":\"https:\/\/vieassociative.be\/actualites\/les-points-chauds-du-monde-trump-la-belgique-et-lue-soiree-a-theme-avec-le-ministre-des-affaires-etrangeres-prevot-a-eupen\/\"},\"wordCount\":472,\"publisher\":{\"@id\":\"https:\/\/vieassociative.be\/actualites\/#organization\"},\"image\":{\"@id\":\"https:\/\/vieassociative.be\/actualites\/les-points-chauds-du-monde-trump-la-belgique-et-lue-soiree-a-theme-avec-le-ministre-des-affaires-etrangeres-prevot-a-eupen\/#primaryimage\"},\"thumbnailUrl\":\"https:\/\/vieassociative.be\/actualites\/wp-content\/uploads\/2026\/01\/1769343460_Les-points-chauds-du-monde-Trump-la-Belgique-et-lUE.jpg\",\"keywords\":[\"affaires\",\"avec\",\"Belgique\",\"chauds\",\"Des\",\"\u00e9trang\u00e8res\",\"Eupen\",\"Les\",\"LUE\",\"ministre\",\"monde\",\"points\",\"Pr\u00e9vot\",\"soir\u00e9e\",\"th\u00e8me\",\"Trump\"],\"articleSection\":[\"Belgique\"],\"inLanguage\":\"fr-BE\"},{\"@type\":\"WebPage\",\"@id\":\"https:\/\/vieassociative.be\/actualites\/les-points-chauds-du-monde-trump-la-belgique-et-lue-soiree-a-theme-avec-le-ministre-des-affaires-etrangeres-prevot-a-eupen\/\",\"url\":\"https:\/\/vieassociative.be\/actualites\/les-points-chauds-du-monde-trump-la-belgique-et-lue-soiree-a-theme-avec-le-ministre-des-affaires-etrangeres-prevot-a-eupen\/\",\"name\":\"Les points chauds du monde, Trump, la Belgique et l'UE : soir\u00e9e \u00e0 th\u00e8me avec le ministre des Affaires \u00e9trang\u00e8res Pr\u00e9vot \u00e0 Eupen | Vie Associative\",\"isPartOf\":{\"@id\":\"https:\/\/vieassociative.be\/actualites\/#website\"},\"primaryImageOfPage\":{\"@id\":\"https:\/\/vieassociative.be\/actualites\/les-points-chauds-du-monde-trump-la-belgique-et-lue-soiree-a-theme-avec-le-ministre-des-affaires-etrangeres-prevot-a-eupen\/#primaryimage\"},\"image\":{\"@id\":\"https:\/\/vieassociative.be\/actualites\/les-points-chauds-du-monde-trump-la-belgique-et-lue-soiree-a-theme-avec-le-ministre-des-affaires-etrangeres-prevot-a-eupen\/#primaryimage\"},\"thumbnailUrl\":\"https:\/\/vieassociative.be\/actualites\/wp-content\/uploads\/2026\/01\/1769343460_Les-points-chauds-du-monde-Trump-la-Belgique-et-lUE.jpg\",\"datePublished\":\"2026-01-25T12:17:39+00:00\",\"dateModified\":\"2026-01-25T12:17:39+00:00\",\"breadcrumb\":{\"@id\":\"https:\/\/vieassociative.be\/actualites\/les-points-chauds-du-monde-trump-la-belgique-et-lue-soiree-a-theme-avec-le-ministre-des-affaires-etrangeres-prevot-a-eupen\/#breadcrumb\"},\"inLanguage\":\"fr-BE\",\"potentialAction\":[{\"@type\":\"ReadAction\",\"target\":[\"https:\/\/vieassociative.be\/actualites\/les-points-chauds-du-monde-trump-la-belgique-et-lue-soiree-a-theme-avec-le-ministre-des-affaires-etrangeres-prevot-a-eupen\/\"]}]},{\"@type\":\"ImageObject\",\"inLanguage\":\"fr-BE\",\"@id\":\"https:\/\/vieassociative.be\/actualites\/les-points-chauds-du-monde-trump-la-belgique-et-lue-soiree-a-theme-avec-le-ministre-des-affaires-etrangeres-prevot-a-eupen\/#primaryimage\",\"url\":\"https:\/\/vieassociative.be\/actualites\/wp-content\/uploads\/2026\/01\/1769343460_Les-points-chauds-du-monde-Trump-la-Belgique-et-lUE.jpg\",\"contentUrl\":\"https:\/\/vieassociative.be\/actualites\/wp-content\/uploads\/2026\/01\/1769343460_Les-points-chauds-du-monde-Trump-la-Belgique-et-lUE.jpg\",\"width\":1280,\"height\":855,\"caption\":\"Les points chauds du monde, Trump, la Belgique et l'UE : soir\u00e9e \u00e0 th\u00e8me avec le ministre des Affaires \u00e9trang\u00e8res Pr\u00e9vot \u00e0 Eupen\"},{\"@type\":\"BreadcrumbList\",\"@id\":\"https:\/\/vieassociative.be\/actualites\/les-points-chauds-du-monde-trump-la-belgique-et-lue-soiree-a-theme-avec-le-ministre-des-affaires-etrangeres-prevot-a-eupen\/#breadcrumb\",\"itemListElement\":[{\"@type\":\"ListItem\",\"position\":1,\"name\":\"Accueil\",\"item\":\"https:\/\/vieassociative.be\/actualites\/\"},{\"@type\":\"ListItem\",\"position\":2,\"name\":\"Les points chauds du monde, Trump, la Belgique et l&rsquo;UE : soir\u00e9e \u00e0 th\u00e8me avec le ministre des Affaires \u00e9trang\u00e8res Pr\u00e9vot \u00e0 Eupen\"}]},{\"@type\":\"WebSite\",\"@id\":\"https:\/\/vieassociative.be\/actualites\/#website\",\"url\":\"https:\/\/vieassociative.be\/actualites\/\",\"name\":\"Vie Associative\",\"description\":\"\",\"publisher\":{\"@id\":\"https:\/\/vieassociative.be\/actualites\/#organization\"},\"potentialAction\":[{\"@type\":\"SearchAction\",\"target\":{\"@type\":\"EntryPoint\",\"urlTemplate\":\"https:\/\/vieassociative.be\/actualites\/?s={search_term_string}\"},\"query-input\":{\"@type\":\"PropertyValueSpecification\",\"valueRequired\":true,\"valueName\":\"search_term_string\"}}],\"inLanguage\":\"fr-BE\"},{\"@type\":\"Organization\",\"@id\":\"https:\/\/vieassociative.be\/actualites\/#organization\",\"name\":\"Vie Associative\",\"url\":\"https:\/\/vieassociative.be\/actualites\/\",\"logo\":{\"@type\":\"ImageObject\",\"inLanguage\":\"fr-BE\",\"@id\":\"https:\/\/vieassociative.be\/actualites\/#\/schema\/logo\/image\/\",\"url\":\"https:\/\/vieassociative.be\/actualites\/wp-content\/uploads\/2024\/09\/cropped-vieassociative_favicon.ico.png\",\"contentUrl\":\"https:\/\/vieassociative.be\/actualites\/wp-content\/uploads\/2024\/09\/cropped-vieassociative_favicon.ico.png\",\"width\":512,\"height\":512,\"caption\":\"Vie Associative\"},\"image\":{\"@id\":\"https:\/\/vieassociative.be\/actualites\/#\/schema\/logo\/image\/\"}},{\"@type\":\"Person\",\"@id\":\"https:\/\/vieassociative.be\/actualites\/#\/schema\/person\/b87ac4f82f9d4e7b7cec7395b679edc4\",\"name\":\"Julien\",\"image\":{\"@type\":\"ImageObject\",\"inLanguage\":\"fr-BE\",\"@id\":\"https:\/\/vieassociative.be\/actualites\/#\/schema\/person\/image\/\",\"url\":\"https:\/\/vieassociative.be\/actualites\/wp-content\/uploads\/2024\/09\/vie-associative-1-150x150.jpg\",\"contentUrl\":\"https:\/\/vieassociative.be\/actualites\/wp-content\/uploads\/2024\/09\/vie-associative-1-150x150.jpg\",\"caption\":\"Julien\"},\"description\":\"Je suis Julien, r\u00e9dacteur pour Vie Associative. Passionn\u00e9 par le monde associatif depuis plus de 10 ans, j'ai \u00e0 c\u0153ur de partager des histoires inspirantes et de mettre en lumi\u00e8re les initiatives locales. Mon objectif est de sensibiliser et d'encourager l'engagement communautaire \u00e0 travers mes articles.\",\"sameAs\":[\"https:\/\/vieassociative.be\/\"]}]}<\/script>\n<!-- \/ Yoast SEO plugin. -->","yoast_head_json":{"title":"Les points chauds du monde, Trump, la Belgique et l'UE : soir\u00e9e \u00e0 th\u00e8me avec le ministre des Affaires \u00e9trang\u00e8res Pr\u00e9vot \u00e0 Eupen | Vie Associative","robots":{"index":"index","follow":"follow","max-snippet":"max-snippet:-1","max-image-preview":"max-image-preview:large","max-video-preview":"max-video-preview:-1"},"canonical":"https:\/\/vieassociative.be\/actualites\/les-points-chauds-du-monde-trump-la-belgique-et-lue-soiree-a-theme-avec-le-ministre-des-affaires-etrangeres-prevot-a-eupen\/","og_locale":"fr_FR","og_type":"article","og_title":"Les points chauds du monde, Trump, la Belgique et l'UE : soir\u00e9e \u00e0 th\u00e8me avec le ministre des Affaires \u00e9trang\u00e8res Pr\u00e9vot \u00e0 Eupen | Vie Associative","og_description":"L&rsquo;ordre international est confront\u00e9 \u00e0 de profonds d\u00e9fis : les guerres, les changements de pouvoir g\u00e9opolitiques et les incertitudes croissantes continueront de fa\u00e7onner la situation","og_url":"https:\/\/vieassociative.be\/actualites\/les-points-chauds-du-monde-trump-la-belgique-et-lue-soiree-a-theme-avec-le-ministre-des-affaires-etrangeres-prevot-a-eupen\/","og_site_name":"Vie Associative","article_published_time":"2026-01-25T12:17:39+00:00","og_image":[{"width":279,"height":92,"url":"https:\/\/vieassociative.be\/actualites\/wp-content\/uploads\/2024\/09\/header_backgroundk-01-e1726694325946.png","type":"image\/png"}],"author":"Julien","twitter_card":"summary_large_image","twitter_misc":{"\u00c9crit par":"Julien","Dur\u00e9e de lecture est.":"2 minutes"},"schema":{"@context":"https:\/\/schema.org","@graph":[{"@type":"Article","@id":"https:\/\/vieassociative.be\/actualites\/les-points-chauds-du-monde-trump-la-belgique-et-lue-soiree-a-theme-avec-le-ministre-des-affaires-etrangeres-prevot-a-eupen\/#article","isPartOf":{"@id":"https:\/\/vieassociative.be\/actualites\/les-points-chauds-du-monde-trump-la-belgique-et-lue-soiree-a-theme-avec-le-ministre-des-affaires-etrangeres-prevot-a-eupen\/"},"author":{"name":"Julien","@id":"https:\/\/vieassociative.be\/actualites\/#\/schema\/person\/b87ac4f82f9d4e7b7cec7395b679edc4"},"headline":"Les points chauds du monde, Trump, la Belgique et l&rsquo;UE : soir\u00e9e \u00e0 th\u00e8me avec le ministre des Affaires \u00e9trang\u00e8res Pr\u00e9vot \u00e0 Eupen","datePublished":"2026-01-25T12:17:39+00:00","dateModified":"2026-01-25T12:17:39+00:00","mainEntityOfPage":{"@id":"https:\/\/vieassociative.be\/actualites\/les-points-chauds-du-monde-trump-la-belgique-et-lue-soiree-a-theme-avec-le-ministre-des-affaires-etrangeres-prevot-a-eupen\/"},"wordCount":472,"publisher":{"@id":"https:\/\/vieassociative.be\/actualites\/#organization"},"image":{"@id":"https:\/\/vieassociative.be\/actualites\/les-points-chauds-du-monde-trump-la-belgique-et-lue-soiree-a-theme-avec-le-ministre-des-affaires-etrangeres-prevot-a-eupen\/#primaryimage"},"thumbnailUrl":"https:\/\/vieassociative.be\/actualites\/wp-content\/uploads\/2026\/01\/1769343460_Les-points-chauds-du-monde-Trump-la-Belgique-et-lUE.jpg","keywords":["affaires","avec","Belgique","chauds","Des","\u00e9trang\u00e8res","Eupen","Les","LUE","ministre","monde","points","Pr\u00e9vot","soir\u00e9e","th\u00e8me","Trump"],"articleSection":["Belgique"],"inLanguage":"fr-BE"},{"@type":"WebPage","@id":"https:\/\/vieassociative.be\/actualites\/les-points-chauds-du-monde-trump-la-belgique-et-lue-soiree-a-theme-avec-le-ministre-des-affaires-etrangeres-prevot-a-eupen\/","url":"https:\/\/vieassociative.be\/actualites\/les-points-chauds-du-monde-trump-la-belgique-et-lue-soiree-a-theme-avec-le-ministre-des-affaires-etrangeres-prevot-a-eupen\/","name":"Les points chauds du monde, Trump, la Belgique et l'UE : soir\u00e9e \u00e0 th\u00e8me avec le ministre des Affaires \u00e9trang\u00e8res Pr\u00e9vot \u00e0 Eupen | Vie Associative","isPartOf":{"@id":"https:\/\/vieassociative.be\/actualites\/#website"},"primaryImageOfPage":{"@id":"https:\/\/vieassociative.be\/actualites\/les-points-chauds-du-monde-trump-la-belgique-et-lue-soiree-a-theme-avec-le-ministre-des-affaires-etrangeres-prevot-a-eupen\/#primaryimage"},"image":{"@id":"https:\/\/vieassociative.be\/actualites\/les-points-chauds-du-monde-trump-la-belgique-et-lue-soiree-a-theme-avec-le-ministre-des-affaires-etrangeres-prevot-a-eupen\/#primaryimage"},"thumbnailUrl":"https:\/\/vieassociative.be\/actualites\/wp-content\/uploads\/2026\/01\/1769343460_Les-points-chauds-du-monde-Trump-la-Belgique-et-lUE.jpg","datePublished":"2026-01-25T12:17:39+00:00","dateModified":"2026-01-25T12:17:39+00:00","breadcrumb":{"@id":"https:\/\/vieassociative.be\/actualites\/les-points-chauds-du-monde-trump-la-belgique-et-lue-soiree-a-theme-avec-le-ministre-des-affaires-etrangeres-prevot-a-eupen\/#breadcrumb"},"inLanguage":"fr-BE","potentialAction":[{"@type":"ReadAction","target":["https:\/\/vieassociative.be\/actualites\/les-points-chauds-du-monde-trump-la-belgique-et-lue-soiree-a-theme-avec-le-ministre-des-affaires-etrangeres-prevot-a-eupen\/"]}]},{"@type":"ImageObject","inLanguage":"fr-BE","@id":"https:\/\/vieassociative.be\/actualites\/les-points-chauds-du-monde-trump-la-belgique-et-lue-soiree-a-theme-avec-le-ministre-des-affaires-etrangeres-prevot-a-eupen\/#primaryimage","url":"https:\/\/vieassociative.be\/actualites\/wp-content\/uploads\/2026\/01\/1769343460_Les-points-chauds-du-monde-Trump-la-Belgique-et-lUE.jpg","contentUrl":"https:\/\/vieassociative.be\/actualites\/wp-content\/uploads\/2026\/01\/1769343460_Les-points-chauds-du-monde-Trump-la-Belgique-et-lUE.jpg","width":1280,"height":855,"caption":"Les points chauds du monde, Trump, la Belgique et l'UE : soir\u00e9e \u00e0 th\u00e8me avec le ministre des Affaires \u00e9trang\u00e8res Pr\u00e9vot \u00e0 Eupen"},{"@type":"BreadcrumbList","@id":"https:\/\/vieassociative.be\/actualites\/les-points-chauds-du-monde-trump-la-belgique-et-lue-soiree-a-theme-avec-le-ministre-des-affaires-etrangeres-prevot-a-eupen\/#breadcrumb","itemListElement":[{"@type":"ListItem","position":1,"name":"Accueil","item":"https:\/\/vieassociative.be\/actualites\/"},{"@type":"ListItem","position":2,"name":"Les points chauds du monde, Trump, la Belgique et l&rsquo;UE : soir\u00e9e \u00e0 th\u00e8me avec le ministre des Affaires \u00e9trang\u00e8res Pr\u00e9vot \u00e0 Eupen"}]},{"@type":"WebSite","@id":"https:\/\/vieassociative.be\/actualites\/#website","url":"https:\/\/vieassociative.be\/actualites\/","name":"Vie Associative","description":"","publisher":{"@id":"https:\/\/vieassociative.be\/actualites\/#organization"},"potentialAction":[{"@type":"SearchAction","target":{"@type":"EntryPoint","urlTemplate":"https:\/\/vieassociative.be\/actualites\/?s={search_term_string}"},"query-input":{"@type":"PropertyValueSpecification","valueRequired":true,"valueName":"search_term_string"}}],"inLanguage":"fr-BE"},{"@type":"Organization","@id":"https:\/\/vieassociative.be\/actualites\/#organization","name":"Vie Associative","url":"https:\/\/vieassociative.be\/actualites\/","logo":{"@type":"ImageObject","inLanguage":"fr-BE","@id":"https:\/\/vieassociative.be\/actualites\/#\/schema\/logo\/image\/","url":"https:\/\/vieassociative.be\/actualites\/wp-content\/uploads\/2024\/09\/cropped-vieassociative_favicon.ico.png","contentUrl":"https:\/\/vieassociative.be\/actualites\/wp-content\/uploads\/2024\/09\/cropped-vieassociative_favicon.ico.png","width":512,"height":512,"caption":"Vie Associative"},"image":{"@id":"https:\/\/vieassociative.be\/actualites\/#\/schema\/logo\/image\/"}},{"@type":"Person","@id":"https:\/\/vieassociative.be\/actualites\/#\/schema\/person\/b87ac4f82f9d4e7b7cec7395b679edc4","name":"Julien","image":{"@type":"ImageObject","inLanguage":"fr-BE","@id":"https:\/\/vieassociative.be\/actualites\/#\/schema\/person\/image\/","url":"https:\/\/vieassociative.be\/actualites\/wp-content\/uploads\/2024\/09\/vie-associative-1-150x150.jpg","contentUrl":"https:\/\/vieassociative.be\/actualites\/wp-content\/uploads\/2024\/09\/vie-associative-1-150x150.jpg","caption":"Julien"},"description":"Je suis Julien, r\u00e9dacteur pour Vie Associative. Passionn\u00e9 par le monde associatif depuis plus de 10 ans, j'ai \u00e0 c\u0153ur de partager des histoires inspirantes et de mettre en lumi\u00e8re les initiatives locales. Mon objectif est de sensibiliser et d'encourager l'engagement communautaire \u00e0 travers mes articles.","sameAs":["https:\/\/vieassociative.be\/"]}]}},"_links":{"self":[{"href":"https:\/\/vieassociative.be\/actualites\/wp-json\/wp\/v2\/posts\/12355"}],"collection":[{"href":"https:\/\/vieassociative.be\/actualites\/wp-json\/wp\/v2\/posts"}],"about":[{"href":"https:\/\/vieassociative.be\/actualites\/wp-json\/wp\/v2\/types\/post"}],"author":[{"embeddable":true,"href":"https:\/\/vieassociative.be\/actualites\/wp-json\/wp\/v2\/users\/1"}],"replies":[{"embeddable":true,"href":"https:\/\/vieassociative.be\/actualites\/wp-json\/wp\/v2\/comments?post=12355"}],"version-history":[{"count":0,"href":"https:\/\/vieassociative.be\/actualites\/wp-json\/wp\/v2\/posts\/12355\/revisions"}],"wp:featuredmedia":[{"embeddable":true,"href":"https:\/\/vieassociative.be\/actualites\/wp-json\/wp\/v2\/media\/12356"}],"wp:attachment":[{"href":"https:\/\/vieassociative.be\/actualites\/wp-json\/wp\/v2\/media?parent=12355"}],"wp:term":[{"taxonomy":"category","embeddable":true,"href":"https:\/\/vieassociative.be\/actualites\/wp-json\/wp\/v2\/categories?post=12355"},{"taxonomy":"post_tag","embeddable":true,"href":"https:\/\/vieassociative.be\/actualites\/wp-json\/wp\/v2\/tags?post=12355"}],"curies":[{"name":"wp","href":"https:\/\/api.w.org\/{rel}","templated":true}]}}