{"id":12349,"date":"2026-01-25T01:17:22","date_gmt":"2026-01-25T00:17:22","guid":{"rendered":"https:\/\/vieassociative.be\/actualites\/revers-dans-la-lutte-pour-le-top-6-las-eupen-a-gaspille-une-avance-de-deux-buts-et-sest-incline-2-3-a-lommel\/"},"modified":"2026-01-25T01:17:22","modified_gmt":"2026-01-25T00:17:22","slug":"revers-dans-la-lutte-pour-le-top-6-las-eupen-a-gaspille-une-avance-de-deux-buts-et-sest-incline-2-3-a-lommel","status":"publish","type":"post","link":"https:\/\/vieassociative.be\/actualites\/revers-dans-la-lutte-pour-le-top-6-las-eupen-a-gaspille-une-avance-de-deux-buts-et-sest-incline-2-3-a-lommel\/","title":{"rendered":"Revers dans la lutte pour le top 6 : l&rsquo;AS Eupen a gaspill\u00e9 une avance de deux buts et s&rsquo;est inclin\u00e9 2-3 \u00e0 Lommel"},"content":{"rendered":"<p><strong>L&rsquo;AS Eupen avait longtemps eu pour objectif de s&rsquo;imposer contre le SK Lommel samedi, mais a ensuite d\u00fb s&rsquo;avouer vaincu. Les Noirs et Blancs ont perdu 3-2 apr\u00e8s une avance de 2-0.<\/strong><\/p>\n<p><span id=\"more-434510\"><\/span>Deux joueurs ont \u00e9t\u00e9 recrut\u00e9s du c\u00f4t\u00e9 d&rsquo;Eupen dans la semaine. La nouvelle recrue Kikas a d\u00e9but\u00e9 sur le banc des rempla\u00e7ants. Le joueur national qatari Mustafa Tarek Mashaal n&rsquo;\u00e9tait pas encore \u00e9ligible pour jouer. Dans le but, Nurudeen a remplac\u00e9 Hiller, qui ne s&rsquo;\u00e9tait pas encore remis d&rsquo;une commotion c\u00e9r\u00e9brale.<\/p>\n<p>Le onze de d\u00e9part de l&rsquo;AS : Nurudeen \u2013 Van Genechten, Paeshyuse, Plastun, Gavory \u2013 Bar\u00e8s, Keita, M\u00f6hwald, Delaurier-Choodet \u2013 Atteri, Nuhu.<\/p>\n<div id=\"attachment_336266\" class=\"wp-caption alignleft\" style=\"max-width: 200px\"><img fetchpriority=\"high\" decoding=\"async\" class=\"wp-image-336266 size-medium\" src=\"https:\/\/vieassociative.be\/actualites\/wp-content\/uploads\/2026\/01\/Revers-dans-la-lutte-pour-le-top-6-lAS.jpeg\" alt=\"\" width=\"200\" height=\"300\"  ><\/div>\n<p>Nurudeen a \u00e9t\u00e9 sollicit\u00e9 d\u00e8s la 6e minute. Apr\u00e8s un corner, Banguera a dirig\u00e9 le ballon, que le gardien de l&rsquo;AS a dirig\u00e9 au-dessus de la barre transversale.<\/p>\n<p>\u00c0 la 13e minute, le match s\u2019est d\u00e9roul\u00e9 comme dans une cour d\u2019\u00e9cole. Aucun passeport n&rsquo;est arriv\u00e9 correctement. Heureusement, la sc\u00e8ne n\u2019a eu aucune cons\u00e9quence pour l\u2019AS. \u00c0 la 17\u00e8me minute, les visiteurs ont tir\u00e9 leur premier tir au but gr\u00e2ce \u00e0 Atteri, qui \u00e9tait tr\u00e8s int\u00e9ress\u00e9 \u00e0 se faire remarquer gr\u00e2ce \u00e0 la signature de Kikas.<\/p>\n<p>A la 21e minute, Eupen \u00e9tait de bonne humeur lorsque Wouters touchait le poteau apr\u00e8s un centre de De Grand.<\/p>\n<p>\u00c0 la 29e minute, Van Genechten a eu une bonne occasion gr\u00e2ce \u00e0 une contre-attaque rapide. Peu de temps apr\u00e8s, les choses se d\u00e9cha\u00eenaient dans la surface de r\u00e9paration de Lommel. Le ballon est finalement arriv\u00e9 \u00e0 Nuhu, qui a trouv\u00e9 l&rsquo;\u00e9cart entre l&#8217;embuscade entre ami et ennemi et a donn\u00e9 l&rsquo;avantage aux visiteurs, 0-1.<\/p>\n<p>\u00c0 la 22e minute, Eupen a eu une nouvelle occasion de marquer apr\u00e8s que Delaurier-Choodet a fait une perc\u00e9e et a transmis le ballon \u00e0 Atteri. Le gardien de Lommel, Ivezic, a dirig\u00e9 le ballon vers le corner. <\/p>\n<p>Delaurier-Chaut a d\u00e9coch\u00e9 le corner. Le ballon est arriv\u00e9 \u00e0 Nuhu, qui a \u00e9t\u00e9 laiss\u00e9 seul criminellement par la d\u00e9fense de Lommel. L&rsquo;attaquant ghan\u00e9en a \u00e9t\u00e9 parfait et a port\u00e9 le score \u00e0 0-2 avec son deuxi\u00e8me but de la soir\u00e9e, son huiti\u00e8me depuis le d\u00e9but de la saison.<\/p>\n<\/p>\n<div id=\"attachment_434489\" class=\"wp-caption alignleft\" style=\"max-width: 300px\"><img decoding=\"async\" class=\"wp-image-434489 size-medium\" src=\"https:\/\/vieassociative.be\/actualites\/wp-content\/uploads\/2026\/01\/Revers-dans-la-lutte-pour-le-top-6-lAS.jpg\" alt=\"\" width=\"300\" height=\"200\"><\/div>\n<p>\u00c0 la 48e minute, Delaurier-Chautt a eu la premi\u00e8re occasion de marquer de la seconde p\u00e9riode apr\u00e8s une contre-attaque rapide, mais le ballon est pass\u00e9 juste \u00e0 c\u00f4t\u00e9 du but. A la 53e minute, Atteri tentait sa chance avec un tir lointain depuis la ligne m\u00e9diane, sans succ\u00e8s.<\/p>\n<p>Apr\u00e8s un peu moins d&rsquo;une heure, Lommel a recrut\u00e9 quatre nouveaux joueurs. A Eupen, M\u00fcller rempla\u00e7a M\u00f6hwald. Eupen n&rsquo;en a pas fait assez dans le match. Cela a pris sa revanche \u00e0 la 71e minute lorsque Lommel a marqu\u00e9 via Vancsa pour porter le score \u00e0 1-2.<\/p>\n<p>Dans la phase finale, Kikas, la nouvelle recrue d&rsquo;Eupen, est entr\u00e9 en jeu. Il a imm\u00e9diatement eu une occasion, mais le ballon est pass\u00e9 au-dessus du but de Lommel. En revanche, les h\u00f4tes ont eu une autre opportunit\u00e9.<\/p>\n<p>DervSK Lommel a r\u00e9ussi \u00e0 \u00e9galiser gr\u00e2ce \u00e0 De Grand, et m\u00eame \u00e0 marquer le but vainqueur pour porter le score \u00e0 3-2 gr\u00e2ce \u00e0 Rommens. Peu de temps auparavant, Eupen s&rsquo;\u00e9tait vu refuser une p\u00e9nalit\u00e9 de main claire. <\/p>\n<p>Encaisser deux buts dans le temps additionnel est amer, mais en grande partie auto-inflig\u00e9. En seconde p\u00e9riode, Eupen s&rsquo;est trop repli\u00e9 dans sa moiti\u00e9 de terrain et s&rsquo;est comport\u00e9 de mani\u00e8re beaucoup trop passive.<\/p>\n<p>Mardi \u00e0 20h, l&rsquo;AS Eupen accueillera l&rsquo;\u00e9quipe de Lokeren \u00e0 20h. avant de recevoir Jong Genk le vendredi 30 janvier \u00e0 20h. (cr\u00e9er)<\/p>\n","protected":false},"excerpt":{"rendered":"<p>L&rsquo;AS Eupen avait longtemps eu pour objectif de s&rsquo;imposer contre le SK Lommel samedi, mais a ensuite d\u00fb s&rsquo;avouer vaincu. Les Noirs et Blancs ont<\/p>\n","protected":false},"author":1,"featured_media":12350,"comment_status":"","ping_status":"","sticky":false,"template":"","format":"standard","meta":{"footnotes":""},"categories":[298],"tags":[7854,3241,166,114,2329,9857,9858,2353,5102,8704,81,3327,3119,3169,110],"class_list":["post-12349","post","type-post","status-publish","format-standard","has-post-thumbnail","hentry","category-belgique","tag-avance","tag-buts","tag-dans","tag-deux","tag-eupen","tag-gaspille","tag-incline","tag-las","tag-lommel","tag-lutte","tag-pour","tag-revers","tag-sest","tag-top","tag-une","generate-columns","tablet-grid-50","mobile-grid-100","grid-parent","grid-33"],"yoast_head":"<!-- This site is optimized with the Yoast SEO plugin v24.0 - https:\/\/yoast.com\/wordpress\/plugins\/seo\/ -->\n<title>Revers dans la lutte pour le top 6 : l&#039;AS Eupen a gaspill\u00e9 une avance de deux buts et s&#039;est inclin\u00e9 2-3 \u00e0 Lommel | Vie Associative<\/title>\n<meta name=\"robots\" content=\"index, follow, max-snippet:-1, max-image-preview:large, max-video-preview:-1\" \/>\n<link rel=\"canonical\" href=\"https:\/\/vieassociative.be\/actualites\/revers-dans-la-lutte-pour-le-top-6-las-eupen-a-gaspille-une-avance-de-deux-buts-et-sest-incline-2-3-a-lommel\/\" \/>\n<meta property=\"og:locale\" content=\"fr_FR\" \/>\n<meta property=\"og:type\" content=\"article\" \/>\n<meta property=\"og:title\" content=\"Revers dans la lutte pour le top 6 : l&#039;AS Eupen a gaspill\u00e9 une avance de deux buts et s&#039;est inclin\u00e9 2-3 \u00e0 Lommel | Vie Associative\" \/>\n<meta property=\"og:description\" content=\"L&rsquo;AS Eupen avait longtemps eu pour objectif de s&rsquo;imposer contre le SK Lommel samedi, mais a ensuite d\u00fb s&rsquo;avouer vaincu. Les Noirs et Blancs ont\" \/>\n<meta property=\"og:url\" content=\"https:\/\/vieassociative.be\/actualites\/revers-dans-la-lutte-pour-le-top-6-las-eupen-a-gaspille-une-avance-de-deux-buts-et-sest-incline-2-3-a-lommel\/\" \/>\n<meta property=\"og:site_name\" content=\"Vie Associative\" \/>\n<meta property=\"article:published_time\" content=\"2026-01-25T00:17:22+00:00\" \/>\n<meta property=\"og:image\" content=\"https:\/\/vieassociative.be\/actualites\/wp-content\/uploads\/2024\/09\/header_backgroundk-01-e1726694325946.png\" \/>\n\t<meta property=\"og:image:width\" content=\"279\" \/>\n\t<meta property=\"og:image:height\" content=\"92\" \/>\n\t<meta property=\"og:image:type\" content=\"image\/png\" \/>\n<meta name=\"author\" content=\"Julien\" \/>\n<meta name=\"twitter:card\" content=\"summary_large_image\" \/>\n<meta name=\"twitter:label1\" content=\"\u00c9crit par\" \/>\n\t<meta name=\"twitter:data1\" content=\"Julien\" \/>\n\t<meta name=\"twitter:label2\" content=\"Dur\u00e9e de lecture est.\" \/>\n\t<meta name=\"twitter:data2\" content=\"3 minutes\" \/>\n<script type=\"application\/ld+json\" class=\"yoast-schema-graph\">{\"@context\":\"https:\/\/schema.org\",\"@graph\":[{\"@type\":\"Article\",\"@id\":\"https:\/\/vieassociative.be\/actualites\/revers-dans-la-lutte-pour-le-top-6-las-eupen-a-gaspille-une-avance-de-deux-buts-et-sest-incline-2-3-a-lommel\/#article\",\"isPartOf\":{\"@id\":\"https:\/\/vieassociative.be\/actualites\/revers-dans-la-lutte-pour-le-top-6-las-eupen-a-gaspille-une-avance-de-deux-buts-et-sest-incline-2-3-a-lommel\/\"},\"author\":{\"name\":\"Julien\",\"@id\":\"https:\/\/vieassociative.be\/actualites\/#\/schema\/person\/b87ac4f82f9d4e7b7cec7395b679edc4\"},\"headline\":\"Revers dans la lutte pour le top 6 : l&rsquo;AS Eupen a gaspill\u00e9 une avance de deux buts et s&rsquo;est inclin\u00e9 2-3 \u00e0 Lommel\",\"datePublished\":\"2026-01-25T00:17:22+00:00\",\"dateModified\":\"2026-01-25T00:17:22+00:00\",\"mainEntityOfPage\":{\"@id\":\"https:\/\/vieassociative.be\/actualites\/revers-dans-la-lutte-pour-le-top-6-las-eupen-a-gaspille-une-avance-de-deux-buts-et-sest-incline-2-3-a-lommel\/\"},\"wordCount\":655,\"publisher\":{\"@id\":\"https:\/\/vieassociative.be\/actualites\/#organization\"},\"image\":{\"@id\":\"https:\/\/vieassociative.be\/actualites\/revers-dans-la-lutte-pour-le-top-6-las-eupen-a-gaspille-une-avance-de-deux-buts-et-sest-incline-2-3-a-lommel\/#primaryimage\"},\"thumbnailUrl\":\"https:\/\/vieassociative.be\/actualites\/wp-content\/uploads\/2026\/01\/1769300243_Revers-dans-la-lutte-pour-le-top-6-lAS.jpg\",\"keywords\":[\"avanc\u00e9\",\"buts\",\"dans\",\"deux\",\"Eupen\",\"gaspill\u00e9\",\"inclin\u00e9\",\"lAS\",\"Lommel\",\"lutte\",\"pour\",\"Revers\",\"sest\",\"top\",\"une\"],\"articleSection\":[\"Belgique\"],\"inLanguage\":\"fr-BE\"},{\"@type\":\"WebPage\",\"@id\":\"https:\/\/vieassociative.be\/actualites\/revers-dans-la-lutte-pour-le-top-6-las-eupen-a-gaspille-une-avance-de-deux-buts-et-sest-incline-2-3-a-lommel\/\",\"url\":\"https:\/\/vieassociative.be\/actualites\/revers-dans-la-lutte-pour-le-top-6-las-eupen-a-gaspille-une-avance-de-deux-buts-et-sest-incline-2-3-a-lommel\/\",\"name\":\"Revers dans la lutte pour le top 6 : l'AS Eupen a gaspill\u00e9 une avance de deux buts et s'est inclin\u00e9 2-3 \u00e0 Lommel | Vie Associative\",\"isPartOf\":{\"@id\":\"https:\/\/vieassociative.be\/actualites\/#website\"},\"primaryImageOfPage\":{\"@id\":\"https:\/\/vieassociative.be\/actualites\/revers-dans-la-lutte-pour-le-top-6-las-eupen-a-gaspille-une-avance-de-deux-buts-et-sest-incline-2-3-a-lommel\/#primaryimage\"},\"image\":{\"@id\":\"https:\/\/vieassociative.be\/actualites\/revers-dans-la-lutte-pour-le-top-6-las-eupen-a-gaspille-une-avance-de-deux-buts-et-sest-incline-2-3-a-lommel\/#primaryimage\"},\"thumbnailUrl\":\"https:\/\/vieassociative.be\/actualites\/wp-content\/uploads\/2026\/01\/1769300243_Revers-dans-la-lutte-pour-le-top-6-lAS.jpg\",\"datePublished\":\"2026-01-25T00:17:22+00:00\",\"dateModified\":\"2026-01-25T00:17:22+00:00\",\"breadcrumb\":{\"@id\":\"https:\/\/vieassociative.be\/actualites\/revers-dans-la-lutte-pour-le-top-6-las-eupen-a-gaspille-une-avance-de-deux-buts-et-sest-incline-2-3-a-lommel\/#breadcrumb\"},\"inLanguage\":\"fr-BE\",\"potentialAction\":[{\"@type\":\"ReadAction\",\"target\":[\"https:\/\/vieassociative.be\/actualites\/revers-dans-la-lutte-pour-le-top-6-las-eupen-a-gaspille-une-avance-de-deux-buts-et-sest-incline-2-3-a-lommel\/\"]}]},{\"@type\":\"ImageObject\",\"inLanguage\":\"fr-BE\",\"@id\":\"https:\/\/vieassociative.be\/actualites\/revers-dans-la-lutte-pour-le-top-6-las-eupen-a-gaspille-une-avance-de-deux-buts-et-sest-incline-2-3-a-lommel\/#primaryimage\",\"url\":\"https:\/\/vieassociative.be\/actualites\/wp-content\/uploads\/2026\/01\/1769300243_Revers-dans-la-lutte-pour-le-top-6-lAS.jpg\",\"contentUrl\":\"https:\/\/vieassociative.be\/actualites\/wp-content\/uploads\/2026\/01\/1769300243_Revers-dans-la-lutte-pour-le-top-6-lAS.jpg\",\"width\":1200,\"height\":800,\"caption\":\"Revers dans la lutte pour le top 6 : l'AS Eupen a gaspill\u00e9 une avance de deux buts et s'est inclin\u00e9 2-3 \u00e0 Lommel\"},{\"@type\":\"BreadcrumbList\",\"@id\":\"https:\/\/vieassociative.be\/actualites\/revers-dans-la-lutte-pour-le-top-6-las-eupen-a-gaspille-une-avance-de-deux-buts-et-sest-incline-2-3-a-lommel\/#breadcrumb\",\"itemListElement\":[{\"@type\":\"ListItem\",\"position\":1,\"name\":\"Accueil\",\"item\":\"https:\/\/vieassociative.be\/actualites\/\"},{\"@type\":\"ListItem\",\"position\":2,\"name\":\"Revers dans la lutte pour le top 6 : l&rsquo;AS Eupen a gaspill\u00e9 une avance de deux buts et s&rsquo;est inclin\u00e9 2-3 \u00e0 Lommel\"}]},{\"@type\":\"WebSite\",\"@id\":\"https:\/\/vieassociative.be\/actualites\/#website\",\"url\":\"https:\/\/vieassociative.be\/actualites\/\",\"name\":\"Vie Associative\",\"description\":\"\",\"publisher\":{\"@id\":\"https:\/\/vieassociative.be\/actualites\/#organization\"},\"potentialAction\":[{\"@type\":\"SearchAction\",\"target\":{\"@type\":\"EntryPoint\",\"urlTemplate\":\"https:\/\/vieassociative.be\/actualites\/?s={search_term_string}\"},\"query-input\":{\"@type\":\"PropertyValueSpecification\",\"valueRequired\":true,\"valueName\":\"search_term_string\"}}],\"inLanguage\":\"fr-BE\"},{\"@type\":\"Organization\",\"@id\":\"https:\/\/vieassociative.be\/actualites\/#organization\",\"name\":\"Vie Associative\",\"url\":\"https:\/\/vieassociative.be\/actualites\/\",\"logo\":{\"@type\":\"ImageObject\",\"inLanguage\":\"fr-BE\",\"@id\":\"https:\/\/vieassociative.be\/actualites\/#\/schema\/logo\/image\/\",\"url\":\"https:\/\/vieassociative.be\/actualites\/wp-content\/uploads\/2024\/09\/cropped-vieassociative_favicon.ico.png\",\"contentUrl\":\"https:\/\/vieassociative.be\/actualites\/wp-content\/uploads\/2024\/09\/cropped-vieassociative_favicon.ico.png\",\"width\":512,\"height\":512,\"caption\":\"Vie Associative\"},\"image\":{\"@id\":\"https:\/\/vieassociative.be\/actualites\/#\/schema\/logo\/image\/\"}},{\"@type\":\"Person\",\"@id\":\"https:\/\/vieassociative.be\/actualites\/#\/schema\/person\/b87ac4f82f9d4e7b7cec7395b679edc4\",\"name\":\"Julien\",\"image\":{\"@type\":\"ImageObject\",\"inLanguage\":\"fr-BE\",\"@id\":\"https:\/\/vieassociative.be\/actualites\/#\/schema\/person\/image\/\",\"url\":\"https:\/\/vieassociative.be\/actualites\/wp-content\/uploads\/2024\/09\/vie-associative-1-150x150.jpg\",\"contentUrl\":\"https:\/\/vieassociative.be\/actualites\/wp-content\/uploads\/2024\/09\/vie-associative-1-150x150.jpg\",\"caption\":\"Julien\"},\"description\":\"Je suis Julien, r\u00e9dacteur pour Vie Associative. Passionn\u00e9 par le monde associatif depuis plus de 10 ans, j'ai \u00e0 c\u0153ur de partager des histoires inspirantes et de mettre en lumi\u00e8re les initiatives locales. Mon objectif est de sensibiliser et d'encourager l'engagement communautaire \u00e0 travers mes articles.\",\"sameAs\":[\"https:\/\/vieassociative.be\/\"]}]}<\/script>\n<!-- \/ Yoast SEO plugin. -->","yoast_head_json":{"title":"Revers dans la lutte pour le top 6 : l'AS Eupen a gaspill\u00e9 une avance de deux buts et s'est inclin\u00e9 2-3 \u00e0 Lommel | Vie Associative","robots":{"index":"index","follow":"follow","max-snippet":"max-snippet:-1","max-image-preview":"max-image-preview:large","max-video-preview":"max-video-preview:-1"},"canonical":"https:\/\/vieassociative.be\/actualites\/revers-dans-la-lutte-pour-le-top-6-las-eupen-a-gaspille-une-avance-de-deux-buts-et-sest-incline-2-3-a-lommel\/","og_locale":"fr_FR","og_type":"article","og_title":"Revers dans la lutte pour le top 6 : l'AS Eupen a gaspill\u00e9 une avance de deux buts et s'est inclin\u00e9 2-3 \u00e0 Lommel | Vie Associative","og_description":"L&rsquo;AS Eupen avait longtemps eu pour objectif de s&rsquo;imposer contre le SK Lommel samedi, mais a ensuite d\u00fb s&rsquo;avouer vaincu. Les Noirs et Blancs ont","og_url":"https:\/\/vieassociative.be\/actualites\/revers-dans-la-lutte-pour-le-top-6-las-eupen-a-gaspille-une-avance-de-deux-buts-et-sest-incline-2-3-a-lommel\/","og_site_name":"Vie Associative","article_published_time":"2026-01-25T00:17:22+00:00","og_image":[{"width":279,"height":92,"url":"https:\/\/vieassociative.be\/actualites\/wp-content\/uploads\/2024\/09\/header_backgroundk-01-e1726694325946.png","type":"image\/png"}],"author":"Julien","twitter_card":"summary_large_image","twitter_misc":{"\u00c9crit par":"Julien","Dur\u00e9e de lecture est.":"3 minutes"},"schema":{"@context":"https:\/\/schema.org","@graph":[{"@type":"Article","@id":"https:\/\/vieassociative.be\/actualites\/revers-dans-la-lutte-pour-le-top-6-las-eupen-a-gaspille-une-avance-de-deux-buts-et-sest-incline-2-3-a-lommel\/#article","isPartOf":{"@id":"https:\/\/vieassociative.be\/actualites\/revers-dans-la-lutte-pour-le-top-6-las-eupen-a-gaspille-une-avance-de-deux-buts-et-sest-incline-2-3-a-lommel\/"},"author":{"name":"Julien","@id":"https:\/\/vieassociative.be\/actualites\/#\/schema\/person\/b87ac4f82f9d4e7b7cec7395b679edc4"},"headline":"Revers dans la lutte pour le top 6 : l&rsquo;AS Eupen a gaspill\u00e9 une avance de deux buts et s&rsquo;est inclin\u00e9 2-3 \u00e0 Lommel","datePublished":"2026-01-25T00:17:22+00:00","dateModified":"2026-01-25T00:17:22+00:00","mainEntityOfPage":{"@id":"https:\/\/vieassociative.be\/actualites\/revers-dans-la-lutte-pour-le-top-6-las-eupen-a-gaspille-une-avance-de-deux-buts-et-sest-incline-2-3-a-lommel\/"},"wordCount":655,"publisher":{"@id":"https:\/\/vieassociative.be\/actualites\/#organization"},"image":{"@id":"https:\/\/vieassociative.be\/actualites\/revers-dans-la-lutte-pour-le-top-6-las-eupen-a-gaspille-une-avance-de-deux-buts-et-sest-incline-2-3-a-lommel\/#primaryimage"},"thumbnailUrl":"https:\/\/vieassociative.be\/actualites\/wp-content\/uploads\/2026\/01\/1769300243_Revers-dans-la-lutte-pour-le-top-6-lAS.jpg","keywords":["avanc\u00e9","buts","dans","deux","Eupen","gaspill\u00e9","inclin\u00e9","lAS","Lommel","lutte","pour","Revers","sest","top","une"],"articleSection":["Belgique"],"inLanguage":"fr-BE"},{"@type":"WebPage","@id":"https:\/\/vieassociative.be\/actualites\/revers-dans-la-lutte-pour-le-top-6-las-eupen-a-gaspille-une-avance-de-deux-buts-et-sest-incline-2-3-a-lommel\/","url":"https:\/\/vieassociative.be\/actualites\/revers-dans-la-lutte-pour-le-top-6-las-eupen-a-gaspille-une-avance-de-deux-buts-et-sest-incline-2-3-a-lommel\/","name":"Revers dans la lutte pour le top 6 : l'AS Eupen a gaspill\u00e9 une avance de deux buts et s'est inclin\u00e9 2-3 \u00e0 Lommel | Vie Associative","isPartOf":{"@id":"https:\/\/vieassociative.be\/actualites\/#website"},"primaryImageOfPage":{"@id":"https:\/\/vieassociative.be\/actualites\/revers-dans-la-lutte-pour-le-top-6-las-eupen-a-gaspille-une-avance-de-deux-buts-et-sest-incline-2-3-a-lommel\/#primaryimage"},"image":{"@id":"https:\/\/vieassociative.be\/actualites\/revers-dans-la-lutte-pour-le-top-6-las-eupen-a-gaspille-une-avance-de-deux-buts-et-sest-incline-2-3-a-lommel\/#primaryimage"},"thumbnailUrl":"https:\/\/vieassociative.be\/actualites\/wp-content\/uploads\/2026\/01\/1769300243_Revers-dans-la-lutte-pour-le-top-6-lAS.jpg","datePublished":"2026-01-25T00:17:22+00:00","dateModified":"2026-01-25T00:17:22+00:00","breadcrumb":{"@id":"https:\/\/vieassociative.be\/actualites\/revers-dans-la-lutte-pour-le-top-6-las-eupen-a-gaspille-une-avance-de-deux-buts-et-sest-incline-2-3-a-lommel\/#breadcrumb"},"inLanguage":"fr-BE","potentialAction":[{"@type":"ReadAction","target":["https:\/\/vieassociative.be\/actualites\/revers-dans-la-lutte-pour-le-top-6-las-eupen-a-gaspille-une-avance-de-deux-buts-et-sest-incline-2-3-a-lommel\/"]}]},{"@type":"ImageObject","inLanguage":"fr-BE","@id":"https:\/\/vieassociative.be\/actualites\/revers-dans-la-lutte-pour-le-top-6-las-eupen-a-gaspille-une-avance-de-deux-buts-et-sest-incline-2-3-a-lommel\/#primaryimage","url":"https:\/\/vieassociative.be\/actualites\/wp-content\/uploads\/2026\/01\/1769300243_Revers-dans-la-lutte-pour-le-top-6-lAS.jpg","contentUrl":"https:\/\/vieassociative.be\/actualites\/wp-content\/uploads\/2026\/01\/1769300243_Revers-dans-la-lutte-pour-le-top-6-lAS.jpg","width":1200,"height":800,"caption":"Revers dans la lutte pour le top 6 : l'AS Eupen a gaspill\u00e9 une avance de deux buts et s'est inclin\u00e9 2-3 \u00e0 Lommel"},{"@type":"BreadcrumbList","@id":"https:\/\/vieassociative.be\/actualites\/revers-dans-la-lutte-pour-le-top-6-las-eupen-a-gaspille-une-avance-de-deux-buts-et-sest-incline-2-3-a-lommel\/#breadcrumb","itemListElement":[{"@type":"ListItem","position":1,"name":"Accueil","item":"https:\/\/vieassociative.be\/actualites\/"},{"@type":"ListItem","position":2,"name":"Revers dans la lutte pour le top 6 : l&rsquo;AS Eupen a gaspill\u00e9 une avance de deux buts et s&rsquo;est inclin\u00e9 2-3 \u00e0 Lommel"}]},{"@type":"WebSite","@id":"https:\/\/vieassociative.be\/actualites\/#website","url":"https:\/\/vieassociative.be\/actualites\/","name":"Vie Associative","description":"","publisher":{"@id":"https:\/\/vieassociative.be\/actualites\/#organization"},"potentialAction":[{"@type":"SearchAction","target":{"@type":"EntryPoint","urlTemplate":"https:\/\/vieassociative.be\/actualites\/?s={search_term_string}"},"query-input":{"@type":"PropertyValueSpecification","valueRequired":true,"valueName":"search_term_string"}}],"inLanguage":"fr-BE"},{"@type":"Organization","@id":"https:\/\/vieassociative.be\/actualites\/#organization","name":"Vie Associative","url":"https:\/\/vieassociative.be\/actualites\/","logo":{"@type":"ImageObject","inLanguage":"fr-BE","@id":"https:\/\/vieassociative.be\/actualites\/#\/schema\/logo\/image\/","url":"https:\/\/vieassociative.be\/actualites\/wp-content\/uploads\/2024\/09\/cropped-vieassociative_favicon.ico.png","contentUrl":"https:\/\/vieassociative.be\/actualites\/wp-content\/uploads\/2024\/09\/cropped-vieassociative_favicon.ico.png","width":512,"height":512,"caption":"Vie Associative"},"image":{"@id":"https:\/\/vieassociative.be\/actualites\/#\/schema\/logo\/image\/"}},{"@type":"Person","@id":"https:\/\/vieassociative.be\/actualites\/#\/schema\/person\/b87ac4f82f9d4e7b7cec7395b679edc4","name":"Julien","image":{"@type":"ImageObject","inLanguage":"fr-BE","@id":"https:\/\/vieassociative.be\/actualites\/#\/schema\/person\/image\/","url":"https:\/\/vieassociative.be\/actualites\/wp-content\/uploads\/2024\/09\/vie-associative-1-150x150.jpg","contentUrl":"https:\/\/vieassociative.be\/actualites\/wp-content\/uploads\/2024\/09\/vie-associative-1-150x150.jpg","caption":"Julien"},"description":"Je suis Julien, r\u00e9dacteur pour Vie Associative. Passionn\u00e9 par le monde associatif depuis plus de 10 ans, j'ai \u00e0 c\u0153ur de partager des histoires inspirantes et de mettre en lumi\u00e8re les initiatives locales. Mon objectif est de sensibiliser et d'encourager l'engagement communautaire \u00e0 travers mes articles.","sameAs":["https:\/\/vieassociative.be\/"]}]}},"_links":{"self":[{"href":"https:\/\/vieassociative.be\/actualites\/wp-json\/wp\/v2\/posts\/12349"}],"collection":[{"href":"https:\/\/vieassociative.be\/actualites\/wp-json\/wp\/v2\/posts"}],"about":[{"href":"https:\/\/vieassociative.be\/actualites\/wp-json\/wp\/v2\/types\/post"}],"author":[{"embeddable":true,"href":"https:\/\/vieassociative.be\/actualites\/wp-json\/wp\/v2\/users\/1"}],"replies":[{"embeddable":true,"href":"https:\/\/vieassociative.be\/actualites\/wp-json\/wp\/v2\/comments?post=12349"}],"version-history":[{"count":0,"href":"https:\/\/vieassociative.be\/actualites\/wp-json\/wp\/v2\/posts\/12349\/revisions"}],"wp:featuredmedia":[{"embeddable":true,"href":"https:\/\/vieassociative.be\/actualites\/wp-json\/wp\/v2\/media\/12350"}],"wp:attachment":[{"href":"https:\/\/vieassociative.be\/actualites\/wp-json\/wp\/v2\/media?parent=12349"}],"wp:term":[{"taxonomy":"category","embeddable":true,"href":"https:\/\/vieassociative.be\/actualites\/wp-json\/wp\/v2\/categories?post=12349"},{"taxonomy":"post_tag","embeddable":true,"href":"https:\/\/vieassociative.be\/actualites\/wp-json\/wp\/v2\/tags?post=12349"}],"curies":[{"name":"wp","href":"https:\/\/api.w.org\/{rel}","templated":true}]}}