{"id":12345,"date":"2026-01-24T19:17:18","date_gmt":"2026-01-24T18:17:18","guid":{"rendered":"https:\/\/vieassociative.be\/actualites\/le-fc-bayern-a-etonnamment-subi-sa-premiere-defaite\/"},"modified":"2026-01-24T19:17:18","modified_gmt":"2026-01-24T18:17:18","slug":"le-fc-bayern-a-etonnamment-subi-sa-premiere-defaite","status":"publish","type":"post","link":"https:\/\/vieassociative.be\/actualites\/le-fc-bayern-a-etonnamment-subi-sa-premiere-defaite\/","title":{"rendered":"Le FC Bayern a \u00e9tonnamment subi sa premi\u00e8re d\u00e9faite"},"content":{"rendered":"<p><strong>Le FC Bayern Munich a connu une tr\u00e8s mauvaise surprise face au FC Augsburg. Lorsque le footballeur national Jamal Musiala a fait son retour \u00e0 domicile, l&rsquo;\u00e9quipe de Munich a subi sa premi\u00e8re d\u00e9faite en Bundesliga depuis le 2:3 contre le VfL Bochum le 8 mars 2025 lors du derby contre ses voisins indisciplin\u00e9s de Souabe sur le score de 1:2 (1:0).<\/strong><\/p>\n<p><span id=\"more-434500\"><\/span>Le d\u00e9fenseur Hiroki Ito a donn\u00e9 l&rsquo;avantage au Bayern gr\u00e2ce \u00e0 sa t\u00eate \u00e0 la 23e minute devant 75 000 spectateurs dans une Munich Arena \u00e0 guichets ferm\u00e9s. Dans la phase finale, cependant, pour ses d\u00e9buts, Arthur Chaves (75e) et Han-Noah Massengo (81e) ont transform\u00e9 le duel sur l&rsquo;Isar pour le courageux Augsbourg. Michael Olise a \u00e9chou\u00e9 \u00e0 la derni\u00e8re seconde sur l&rsquo;aluminium.<\/p>\n<p>Ce FC Augsbourg encore et encore : les habitants de Fuggerstadt peuvent tout simplement jouer contre le FC Bayern. En avril 2014, le FC Augsburg a mis fin \u00e0 la plus longue s\u00e9quence sans d\u00e9faite de Munich apr\u00e8s 53 matches de Bundesliga sans d\u00e9faite avec une victoire 1-0. La FCA a d\u00e9sormais stopp\u00e9 le FC Bayern dans sa deuxi\u00e8me plus longue s\u00e9quence apr\u00e8s 27 matches de championnat sans d\u00e9faite. Apr\u00e8s trois points contre Wolfsburg (8:1), Cologne (3:1), Leipzig (5:1) et Saint-Gilloise (2:0), c&rsquo;\u00e9tait la premi\u00e8re d\u00e9faite du Bayern cette ann\u00e9e footballistique.<\/p>\n<div id=\"attachment_434506\" class=\"wp-caption alignnone\" style=\"max-width: 300px\"><img fetchpriority=\"high\" decoding=\"async\" class=\"size-medium wp-image-434506\" src=\"https:\/\/vieassociative.be\/actualites\/wp-content\/uploads\/2026\/01\/Le-FC-Bayern-a-etonnamment-subi-sa-premiere-defaite.jpg\" alt=\"\" width=\"300\" height=\"241\"><\/div>\n<p><strong>Le FC Bayern a pris le contr\u00f4le \u2013 quoi d\u2019autre ?<\/strong> Cependant, Augsbourg ne leur a pas rendu la t\u00e2che particuli\u00e8rement facile. Avant le coup d&rsquo;envoi, l&rsquo;entra\u00eeneur Manuel Baum n&rsquo;a pas voulu parler de limiter les d\u00e9g\u00e2ts pour son club, qui se battait pour rester en championnat, mais a plut\u00f4t appel\u00e9 au courage de son \u00e9quipe. Et le FC Augsbourg l\u2019a montr\u00e9 jusqu\u2019au coup de sifflet final.<\/p>\n<p>Le Bayern a combin\u00e9, mais les Souabes bavarois ont couvert de pr\u00e8s et ont tent\u00e9 de perturber le match d\u00e8s le d\u00e9but. Cela a plut\u00f4t bien fonctionn\u00e9 jusqu&rsquo;\u00e0 ce qu&rsquo;Ito hoche la t\u00eate pour prendre l&rsquo;avantage apr\u00e8s un corner de Michael Olise.<\/p>\n<div id=\"attachment_434507\" class=\"wp-caption alignleft\" style=\"max-width: 300px\"><img decoding=\"async\" class=\"wp-image-434507 size-medium\" src=\"https:\/\/vieassociative.be\/actualites\/wp-content\/uploads\/2026\/01\/1769278638_827_Le-FC-Bayern-a-etonnamment-subi-sa-premiere-defaite.jpg\" alt=\"\" width=\"300\" height=\"201\"><\/div>\n<p>Le d\u00e9fenseur japonais (pour Rapha\u00ebl Guerreiro) \u00e9tait l&rsquo;un des quatre nouveaux venus parmi les champions du record aux c\u00f4t\u00e9s de Jonas Urbig (Manuel Neuer), Leon Goretzka (Joshua Kimmich) et Alphonso Davies (Tom Bischof). Davies \u00e9tait m\u00eame de retour dans le onze de d\u00e9part de Munich pour la premi\u00e8re fois depuis sa d\u00e9chirure des ligaments crois\u00e9s en mars. Mais cette fois, de mani\u00e8re inhabituelle, en tant qu\u2019arri\u00e8re droit.<\/p>\n<p><strong>\u2013 Douche froide du Bayern apr\u00e8s le changement :<\/strong> Luis Diaz d&rsquo;Augsbourg \u00e9tait difficile \u00e0 rattraper sur le c\u00f4t\u00e9 gauche du Bayern. Une collision entre l&rsquo;international colombien et Finn Dahmen d&rsquo;Augsbourg (29e) dans la surface de r\u00e9paration et la pause d&rsquo;une minute du gardien pour se faire soigner ont bris\u00e9 le rythme de l&rsquo;\u00e9quipe locale autour du capitaine rempla\u00e7ant Harry Kane. Robin Fellhauer (45e+4) \u00e9tait \u00e0 deux doigts d&rsquo;\u00e9galiser lorsqu&rsquo;il a tir\u00e9 contre la barre transversale juste avant la pause. Urbig n&rsquo;aurait eu aucune chance \u00e0 une dizaine de m\u00e8tres.<\/p>\n<p>Augsbourg restait mal \u00e0 l&rsquo;aise en d\u00e9but de seconde p\u00e9riode. Le Bayern a fait appel \u00e0 Musiala pour le jeune fautif Lennart Karl et \u00e0 Joshua Kimmich pour Davies \u00e0 la 61e minute. Mais l&rsquo;\u00e9quipe d&rsquo;Augsbourg, qui n&rsquo;a jamais abandonn\u00e9, a \u00e9tonnamment marqu\u00e9 deux coups s\u00fbrs. Comme en 2014, lorsque les Souabes ont mis fin \u00e0 la s\u00e9rie record de matchs sans d\u00e9faite de Munich, ils ont de nouveau c\u00e9l\u00e9br\u00e9 cette fois (2027).<\/p>\n","protected":false},"excerpt":{"rendered":"<p>Le FC Bayern Munich a connu une tr\u00e8s mauvaise surprise face au FC Augsburg. Lorsque le footballeur national Jamal Musiala a fait son retour \u00e0<\/p>\n","protected":false},"author":1,"featured_media":12346,"comment_status":"","ping_status":"","sticky":false,"template":"","format":"standard","meta":{"footnotes":""},"categories":[298],"tags":[2298,2350,4607,610,2354],"class_list":["post-12345","post","type-post","status-publish","format-standard","has-post-thumbnail","hentry","category-belgique","tag-bayern","tag-defaite","tag-etonnamment","tag-premiere","tag-subi","generate-columns","tablet-grid-50","mobile-grid-100","grid-parent","grid-33"],"yoast_head":"<!-- This site is optimized with the Yoast SEO plugin v24.0 - https:\/\/yoast.com\/wordpress\/plugins\/seo\/ -->\n<title>Le FC Bayern a \u00e9tonnamment subi sa premi\u00e8re d\u00e9faite | Vie Associative<\/title>\n<meta name=\"robots\" content=\"index, follow, max-snippet:-1, max-image-preview:large, max-video-preview:-1\" \/>\n<link rel=\"canonical\" href=\"https:\/\/vieassociative.be\/actualites\/le-fc-bayern-a-etonnamment-subi-sa-premiere-defaite\/\" \/>\n<meta property=\"og:locale\" content=\"fr_FR\" \/>\n<meta property=\"og:type\" content=\"article\" \/>\n<meta property=\"og:title\" content=\"Le FC Bayern a \u00e9tonnamment subi sa premi\u00e8re d\u00e9faite | Vie Associative\" \/>\n<meta property=\"og:description\" content=\"Le FC Bayern Munich a connu une tr\u00e8s mauvaise surprise face au FC Augsburg. Lorsque le footballeur national Jamal Musiala a fait son retour \u00e0\" \/>\n<meta property=\"og:url\" content=\"https:\/\/vieassociative.be\/actualites\/le-fc-bayern-a-etonnamment-subi-sa-premiere-defaite\/\" \/>\n<meta property=\"og:site_name\" content=\"Vie Associative\" \/>\n<meta property=\"article:published_time\" content=\"2026-01-24T18:17:18+00:00\" \/>\n<meta property=\"og:image\" content=\"https:\/\/vieassociative.be\/actualites\/wp-content\/uploads\/2024\/09\/header_backgroundk-01-e1726694325946.png\" \/>\n\t<meta property=\"og:image:width\" content=\"279\" \/>\n\t<meta property=\"og:image:height\" content=\"92\" \/>\n\t<meta property=\"og:image:type\" content=\"image\/png\" \/>\n<meta name=\"author\" content=\"Julien\" \/>\n<meta name=\"twitter:card\" content=\"summary_large_image\" \/>\n<meta name=\"twitter:label1\" content=\"\u00c9crit par\" \/>\n\t<meta name=\"twitter:data1\" content=\"Julien\" \/>\n\t<meta name=\"twitter:label2\" content=\"Dur\u00e9e de lecture est.\" \/>\n\t<meta name=\"twitter:data2\" content=\"3 minutes\" \/>\n<script type=\"application\/ld+json\" class=\"yoast-schema-graph\">{\"@context\":\"https:\/\/schema.org\",\"@graph\":[{\"@type\":\"Article\",\"@id\":\"https:\/\/vieassociative.be\/actualites\/le-fc-bayern-a-etonnamment-subi-sa-premiere-defaite\/#article\",\"isPartOf\":{\"@id\":\"https:\/\/vieassociative.be\/actualites\/le-fc-bayern-a-etonnamment-subi-sa-premiere-defaite\/\"},\"author\":{\"name\":\"Julien\",\"@id\":\"https:\/\/vieassociative.be\/actualites\/#\/schema\/person\/b87ac4f82f9d4e7b7cec7395b679edc4\"},\"headline\":\"Le FC Bayern a \u00e9tonnamment subi sa premi\u00e8re d\u00e9faite\",\"datePublished\":\"2026-01-24T18:17:18+00:00\",\"dateModified\":\"2026-01-24T18:17:18+00:00\",\"mainEntityOfPage\":{\"@id\":\"https:\/\/vieassociative.be\/actualites\/le-fc-bayern-a-etonnamment-subi-sa-premiere-defaite\/\"},\"wordCount\":617,\"publisher\":{\"@id\":\"https:\/\/vieassociative.be\/actualites\/#organization\"},\"image\":{\"@id\":\"https:\/\/vieassociative.be\/actualites\/le-fc-bayern-a-etonnamment-subi-sa-premiere-defaite\/#primaryimage\"},\"thumbnailUrl\":\"https:\/\/vieassociative.be\/actualites\/wp-content\/uploads\/2026\/01\/1769278641_Le-FC-Bayern-a-etonnamment-subi-sa-premiere-defaite.jpg\",\"keywords\":[\"Bayern\",\"D\u00e9faite\",\"\u00e9tonnamment\",\"premi\u00e8re\",\"subi\"],\"articleSection\":[\"Belgique\"],\"inLanguage\":\"fr-BE\"},{\"@type\":\"WebPage\",\"@id\":\"https:\/\/vieassociative.be\/actualites\/le-fc-bayern-a-etonnamment-subi-sa-premiere-defaite\/\",\"url\":\"https:\/\/vieassociative.be\/actualites\/le-fc-bayern-a-etonnamment-subi-sa-premiere-defaite\/\",\"name\":\"Le FC Bayern a \u00e9tonnamment subi sa premi\u00e8re d\u00e9faite | Vie Associative\",\"isPartOf\":{\"@id\":\"https:\/\/vieassociative.be\/actualites\/#website\"},\"primaryImageOfPage\":{\"@id\":\"https:\/\/vieassociative.be\/actualites\/le-fc-bayern-a-etonnamment-subi-sa-premiere-defaite\/#primaryimage\"},\"image\":{\"@id\":\"https:\/\/vieassociative.be\/actualites\/le-fc-bayern-a-etonnamment-subi-sa-premiere-defaite\/#primaryimage\"},\"thumbnailUrl\":\"https:\/\/vieassociative.be\/actualites\/wp-content\/uploads\/2026\/01\/1769278641_Le-FC-Bayern-a-etonnamment-subi-sa-premiere-defaite.jpg\",\"datePublished\":\"2026-01-24T18:17:18+00:00\",\"dateModified\":\"2026-01-24T18:17:18+00:00\",\"breadcrumb\":{\"@id\":\"https:\/\/vieassociative.be\/actualites\/le-fc-bayern-a-etonnamment-subi-sa-premiere-defaite\/#breadcrumb\"},\"inLanguage\":\"fr-BE\",\"potentialAction\":[{\"@type\":\"ReadAction\",\"target\":[\"https:\/\/vieassociative.be\/actualites\/le-fc-bayern-a-etonnamment-subi-sa-premiere-defaite\/\"]}]},{\"@type\":\"ImageObject\",\"inLanguage\":\"fr-BE\",\"@id\":\"https:\/\/vieassociative.be\/actualites\/le-fc-bayern-a-etonnamment-subi-sa-premiere-defaite\/#primaryimage\",\"url\":\"https:\/\/vieassociative.be\/actualites\/wp-content\/uploads\/2026\/01\/1769278641_Le-FC-Bayern-a-etonnamment-subi-sa-premiere-defaite.jpg\",\"contentUrl\":\"https:\/\/vieassociative.be\/actualites\/wp-content\/uploads\/2026\/01\/1769278641_Le-FC-Bayern-a-etonnamment-subi-sa-premiere-defaite.jpg\",\"width\":1200,\"height\":805,\"caption\":\"Le FC Bayern a \u00e9tonnamment subi sa premi\u00e8re d\u00e9faite\"},{\"@type\":\"BreadcrumbList\",\"@id\":\"https:\/\/vieassociative.be\/actualites\/le-fc-bayern-a-etonnamment-subi-sa-premiere-defaite\/#breadcrumb\",\"itemListElement\":[{\"@type\":\"ListItem\",\"position\":1,\"name\":\"Accueil\",\"item\":\"https:\/\/vieassociative.be\/actualites\/\"},{\"@type\":\"ListItem\",\"position\":2,\"name\":\"Le FC Bayern a \u00e9tonnamment subi sa premi\u00e8re d\u00e9faite\"}]},{\"@type\":\"WebSite\",\"@id\":\"https:\/\/vieassociative.be\/actualites\/#website\",\"url\":\"https:\/\/vieassociative.be\/actualites\/\",\"name\":\"Vie Associative\",\"description\":\"\",\"publisher\":{\"@id\":\"https:\/\/vieassociative.be\/actualites\/#organization\"},\"potentialAction\":[{\"@type\":\"SearchAction\",\"target\":{\"@type\":\"EntryPoint\",\"urlTemplate\":\"https:\/\/vieassociative.be\/actualites\/?s={search_term_string}\"},\"query-input\":{\"@type\":\"PropertyValueSpecification\",\"valueRequired\":true,\"valueName\":\"search_term_string\"}}],\"inLanguage\":\"fr-BE\"},{\"@type\":\"Organization\",\"@id\":\"https:\/\/vieassociative.be\/actualites\/#organization\",\"name\":\"Vie Associative\",\"url\":\"https:\/\/vieassociative.be\/actualites\/\",\"logo\":{\"@type\":\"ImageObject\",\"inLanguage\":\"fr-BE\",\"@id\":\"https:\/\/vieassociative.be\/actualites\/#\/schema\/logo\/image\/\",\"url\":\"https:\/\/vieassociative.be\/actualites\/wp-content\/uploads\/2024\/09\/cropped-vieassociative_favicon.ico.png\",\"contentUrl\":\"https:\/\/vieassociative.be\/actualites\/wp-content\/uploads\/2024\/09\/cropped-vieassociative_favicon.ico.png\",\"width\":512,\"height\":512,\"caption\":\"Vie Associative\"},\"image\":{\"@id\":\"https:\/\/vieassociative.be\/actualites\/#\/schema\/logo\/image\/\"}},{\"@type\":\"Person\",\"@id\":\"https:\/\/vieassociative.be\/actualites\/#\/schema\/person\/b87ac4f82f9d4e7b7cec7395b679edc4\",\"name\":\"Julien\",\"image\":{\"@type\":\"ImageObject\",\"inLanguage\":\"fr-BE\",\"@id\":\"https:\/\/vieassociative.be\/actualites\/#\/schema\/person\/image\/\",\"url\":\"https:\/\/vieassociative.be\/actualites\/wp-content\/uploads\/2024\/09\/vie-associative-1-150x150.jpg\",\"contentUrl\":\"https:\/\/vieassociative.be\/actualites\/wp-content\/uploads\/2024\/09\/vie-associative-1-150x150.jpg\",\"caption\":\"Julien\"},\"description\":\"Je suis Julien, r\u00e9dacteur pour Vie Associative. Passionn\u00e9 par le monde associatif depuis plus de 10 ans, j'ai \u00e0 c\u0153ur de partager des histoires inspirantes et de mettre en lumi\u00e8re les initiatives locales. Mon objectif est de sensibiliser et d'encourager l'engagement communautaire \u00e0 travers mes articles.\",\"sameAs\":[\"https:\/\/vieassociative.be\/\"]}]}<\/script>\n<!-- \/ Yoast SEO plugin. -->","yoast_head_json":{"title":"Le FC Bayern a \u00e9tonnamment subi sa premi\u00e8re d\u00e9faite | Vie Associative","robots":{"index":"index","follow":"follow","max-snippet":"max-snippet:-1","max-image-preview":"max-image-preview:large","max-video-preview":"max-video-preview:-1"},"canonical":"https:\/\/vieassociative.be\/actualites\/le-fc-bayern-a-etonnamment-subi-sa-premiere-defaite\/","og_locale":"fr_FR","og_type":"article","og_title":"Le FC Bayern a \u00e9tonnamment subi sa premi\u00e8re d\u00e9faite | Vie Associative","og_description":"Le FC Bayern Munich a connu une tr\u00e8s mauvaise surprise face au FC Augsburg. Lorsque le footballeur national Jamal Musiala a fait son retour \u00e0","og_url":"https:\/\/vieassociative.be\/actualites\/le-fc-bayern-a-etonnamment-subi-sa-premiere-defaite\/","og_site_name":"Vie Associative","article_published_time":"2026-01-24T18:17:18+00:00","og_image":[{"width":279,"height":92,"url":"https:\/\/vieassociative.be\/actualites\/wp-content\/uploads\/2024\/09\/header_backgroundk-01-e1726694325946.png","type":"image\/png"}],"author":"Julien","twitter_card":"summary_large_image","twitter_misc":{"\u00c9crit par":"Julien","Dur\u00e9e de lecture est.":"3 minutes"},"schema":{"@context":"https:\/\/schema.org","@graph":[{"@type":"Article","@id":"https:\/\/vieassociative.be\/actualites\/le-fc-bayern-a-etonnamment-subi-sa-premiere-defaite\/#article","isPartOf":{"@id":"https:\/\/vieassociative.be\/actualites\/le-fc-bayern-a-etonnamment-subi-sa-premiere-defaite\/"},"author":{"name":"Julien","@id":"https:\/\/vieassociative.be\/actualites\/#\/schema\/person\/b87ac4f82f9d4e7b7cec7395b679edc4"},"headline":"Le FC Bayern a \u00e9tonnamment subi sa premi\u00e8re d\u00e9faite","datePublished":"2026-01-24T18:17:18+00:00","dateModified":"2026-01-24T18:17:18+00:00","mainEntityOfPage":{"@id":"https:\/\/vieassociative.be\/actualites\/le-fc-bayern-a-etonnamment-subi-sa-premiere-defaite\/"},"wordCount":617,"publisher":{"@id":"https:\/\/vieassociative.be\/actualites\/#organization"},"image":{"@id":"https:\/\/vieassociative.be\/actualites\/le-fc-bayern-a-etonnamment-subi-sa-premiere-defaite\/#primaryimage"},"thumbnailUrl":"https:\/\/vieassociative.be\/actualites\/wp-content\/uploads\/2026\/01\/1769278641_Le-FC-Bayern-a-etonnamment-subi-sa-premiere-defaite.jpg","keywords":["Bayern","D\u00e9faite","\u00e9tonnamment","premi\u00e8re","subi"],"articleSection":["Belgique"],"inLanguage":"fr-BE"},{"@type":"WebPage","@id":"https:\/\/vieassociative.be\/actualites\/le-fc-bayern-a-etonnamment-subi-sa-premiere-defaite\/","url":"https:\/\/vieassociative.be\/actualites\/le-fc-bayern-a-etonnamment-subi-sa-premiere-defaite\/","name":"Le FC Bayern a \u00e9tonnamment subi sa premi\u00e8re d\u00e9faite | Vie Associative","isPartOf":{"@id":"https:\/\/vieassociative.be\/actualites\/#website"},"primaryImageOfPage":{"@id":"https:\/\/vieassociative.be\/actualites\/le-fc-bayern-a-etonnamment-subi-sa-premiere-defaite\/#primaryimage"},"image":{"@id":"https:\/\/vieassociative.be\/actualites\/le-fc-bayern-a-etonnamment-subi-sa-premiere-defaite\/#primaryimage"},"thumbnailUrl":"https:\/\/vieassociative.be\/actualites\/wp-content\/uploads\/2026\/01\/1769278641_Le-FC-Bayern-a-etonnamment-subi-sa-premiere-defaite.jpg","datePublished":"2026-01-24T18:17:18+00:00","dateModified":"2026-01-24T18:17:18+00:00","breadcrumb":{"@id":"https:\/\/vieassociative.be\/actualites\/le-fc-bayern-a-etonnamment-subi-sa-premiere-defaite\/#breadcrumb"},"inLanguage":"fr-BE","potentialAction":[{"@type":"ReadAction","target":["https:\/\/vieassociative.be\/actualites\/le-fc-bayern-a-etonnamment-subi-sa-premiere-defaite\/"]}]},{"@type":"ImageObject","inLanguage":"fr-BE","@id":"https:\/\/vieassociative.be\/actualites\/le-fc-bayern-a-etonnamment-subi-sa-premiere-defaite\/#primaryimage","url":"https:\/\/vieassociative.be\/actualites\/wp-content\/uploads\/2026\/01\/1769278641_Le-FC-Bayern-a-etonnamment-subi-sa-premiere-defaite.jpg","contentUrl":"https:\/\/vieassociative.be\/actualites\/wp-content\/uploads\/2026\/01\/1769278641_Le-FC-Bayern-a-etonnamment-subi-sa-premiere-defaite.jpg","width":1200,"height":805,"caption":"Le FC Bayern a \u00e9tonnamment subi sa premi\u00e8re d\u00e9faite"},{"@type":"BreadcrumbList","@id":"https:\/\/vieassociative.be\/actualites\/le-fc-bayern-a-etonnamment-subi-sa-premiere-defaite\/#breadcrumb","itemListElement":[{"@type":"ListItem","position":1,"name":"Accueil","item":"https:\/\/vieassociative.be\/actualites\/"},{"@type":"ListItem","position":2,"name":"Le FC Bayern a \u00e9tonnamment subi sa premi\u00e8re d\u00e9faite"}]},{"@type":"WebSite","@id":"https:\/\/vieassociative.be\/actualites\/#website","url":"https:\/\/vieassociative.be\/actualites\/","name":"Vie Associative","description":"","publisher":{"@id":"https:\/\/vieassociative.be\/actualites\/#organization"},"potentialAction":[{"@type":"SearchAction","target":{"@type":"EntryPoint","urlTemplate":"https:\/\/vieassociative.be\/actualites\/?s={search_term_string}"},"query-input":{"@type":"PropertyValueSpecification","valueRequired":true,"valueName":"search_term_string"}}],"inLanguage":"fr-BE"},{"@type":"Organization","@id":"https:\/\/vieassociative.be\/actualites\/#organization","name":"Vie Associative","url":"https:\/\/vieassociative.be\/actualites\/","logo":{"@type":"ImageObject","inLanguage":"fr-BE","@id":"https:\/\/vieassociative.be\/actualites\/#\/schema\/logo\/image\/","url":"https:\/\/vieassociative.be\/actualites\/wp-content\/uploads\/2024\/09\/cropped-vieassociative_favicon.ico.png","contentUrl":"https:\/\/vieassociative.be\/actualites\/wp-content\/uploads\/2024\/09\/cropped-vieassociative_favicon.ico.png","width":512,"height":512,"caption":"Vie Associative"},"image":{"@id":"https:\/\/vieassociative.be\/actualites\/#\/schema\/logo\/image\/"}},{"@type":"Person","@id":"https:\/\/vieassociative.be\/actualites\/#\/schema\/person\/b87ac4f82f9d4e7b7cec7395b679edc4","name":"Julien","image":{"@type":"ImageObject","inLanguage":"fr-BE","@id":"https:\/\/vieassociative.be\/actualites\/#\/schema\/person\/image\/","url":"https:\/\/vieassociative.be\/actualites\/wp-content\/uploads\/2024\/09\/vie-associative-1-150x150.jpg","contentUrl":"https:\/\/vieassociative.be\/actualites\/wp-content\/uploads\/2024\/09\/vie-associative-1-150x150.jpg","caption":"Julien"},"description":"Je suis Julien, r\u00e9dacteur pour Vie Associative. Passionn\u00e9 par le monde associatif depuis plus de 10 ans, j'ai \u00e0 c\u0153ur de partager des histoires inspirantes et de mettre en lumi\u00e8re les initiatives locales. Mon objectif est de sensibiliser et d'encourager l'engagement communautaire \u00e0 travers mes articles.","sameAs":["https:\/\/vieassociative.be\/"]}]}},"_links":{"self":[{"href":"https:\/\/vieassociative.be\/actualites\/wp-json\/wp\/v2\/posts\/12345"}],"collection":[{"href":"https:\/\/vieassociative.be\/actualites\/wp-json\/wp\/v2\/posts"}],"about":[{"href":"https:\/\/vieassociative.be\/actualites\/wp-json\/wp\/v2\/types\/post"}],"author":[{"embeddable":true,"href":"https:\/\/vieassociative.be\/actualites\/wp-json\/wp\/v2\/users\/1"}],"replies":[{"embeddable":true,"href":"https:\/\/vieassociative.be\/actualites\/wp-json\/wp\/v2\/comments?post=12345"}],"version-history":[{"count":0,"href":"https:\/\/vieassociative.be\/actualites\/wp-json\/wp\/v2\/posts\/12345\/revisions"}],"wp:featuredmedia":[{"embeddable":true,"href":"https:\/\/vieassociative.be\/actualites\/wp-json\/wp\/v2\/media\/12346"}],"wp:attachment":[{"href":"https:\/\/vieassociative.be\/actualites\/wp-json\/wp\/v2\/media?parent=12345"}],"wp:term":[{"taxonomy":"category","embeddable":true,"href":"https:\/\/vieassociative.be\/actualites\/wp-json\/wp\/v2\/categories?post=12345"},{"taxonomy":"post_tag","embeddable":true,"href":"https:\/\/vieassociative.be\/actualites\/wp-json\/wp\/v2\/tags?post=12345"}],"curies":[{"name":"wp","href":"https:\/\/api.w.org\/{rel}","templated":true}]}}