{"id":12343,"date":"2026-01-24T18:17:27","date_gmt":"2026-01-24T17:17:27","guid":{"rendered":"https:\/\/vieassociative.be\/actualites\/google-chrome-est-sur-le-point-dabandonner-la-prise-en-charge-de-ces-mac\/"},"modified":"2026-01-24T18:17:27","modified_gmt":"2026-01-24T17:17:27","slug":"google-chrome-est-sur-le-point-dabandonner-la-prise-en-charge-de-ces-mac","status":"publish","type":"post","link":"https:\/\/vieassociative.be\/actualites\/google-chrome-est-sur-le-point-dabandonner-la-prise-en-charge-de-ces-mac\/","title":{"rendered":"Google Chrome est sur le point d&rsquo;abandonner la prise en charge de ces Mac"},"content":{"rendered":"<p>Rien n\u2019est \u00e9ternel et la technologie ne fait pas exception. Aussi brillant et neuf que soit votre ordinateur lorsque vous l&rsquo;avez achet\u00e9 pour la premi\u00e8re fois, les d\u00e9veloppeurs finiront par abandonner son support. On ne sait pas quand exactement, mais \u00e0 un moment donn\u00e9, vous ouvrirez une application pour trouver un message qui dit quelque chose comme\u00a0: \u00ab\u00a0Cet appareil ne prend pas en charge la derni\u00e8re version de cette application. Veuillez mettre \u00e0 jour votre mat\u00e9riel.\u00a0\u00bb<\/p>\n<p>Cela vaut \u00e9galement pour les Mac. Vous pourriez oublier ce fait, car les ordinateurs Apple ont tendance \u00e0 rester longtemps. Mais in\u00e9vitablement, l\u2019ombre des politiques de fin de vie se profile aussi pour eux. Si vous utilisez toujours un Mac plus ancien, j&rsquo;ai une mauvaise nouvelle, en particulier si vous utilisez Chrome\u00a0: Google pr\u00e9voit officiellement sa derni\u00e8re version prise en charge du navigateur.   <\/p>\n<h2 id=\"google-chrome-is-dropping-support-for-macos-monterey\">Google Chrome abandonne la prise en charge de macOS Monterey <\/h2>\n<p>Google a discr\u00e8tement annonc\u00e9 la nouvelle dans un article sur le site Chrome Platform Status. La soci\u00e9t\u00e9 a confirm\u00e9 que Chrome 150 sera la derni\u00e8re version du navigateur \u00e0 prendre en charge macOS 12, \u00e9galement connu sous le nom de macOS Monterey. Une fois que Google publiera finalement Chrome 151, les utilisateurs de macOS 12 ne pourront pas l&rsquo;installer et seront bloqu\u00e9s pour toujours sur Chrome 150. Google n&rsquo;a pas pr\u00e9cis\u00e9 quand Chrome 150 sera r\u00e9ellement abandonn\u00e9 (nous sommes actuellement sur Chrome 143), mais MacRumors estime que ce sera vers le milieu de 2026, sur la base des versions pr\u00e9c\u00e9dentes.<\/p>\n<p>Avant de paniquer, sachez qu\u2019il y a quelques mises en garde ici. Premi\u00e8rement, Chrome ne cessera pas de fonctionner sur macOS 12 une fois la version 151 abandonn\u00e9e. Vous pourrez toujours utiliser Chrome comme vous l&rsquo;avez toujours fait. En fait, vous ne remarquerez peut-\u00eatre m\u00eame pas la diff\u00e9rence, sans compter les nouvelles fonctionnalit\u00e9s et modifications que Google d\u00e9ploiera dans les futures versions du logiciel. Vous verrez une alerte indiquant que votre navigateur est obsol\u00e8te, mais elle vous m\u00e8nera toujours \u00e0 YouTube, Gmail et Vie Associative.<\/p>\n<p>Cette version de macOS est \u00e9galement assez obsol\u00e8te. Google ne choisit pas seulement la version macOS de l\u2019ann\u00e9e derni\u00e8re, ou celle d\u2019avant. Nous utilisons actuellement macOS 26, qui, \u00e0 ces fins, pourrait \u00eatre lu comme macOS 16. Il s&rsquo;agit de la quatri\u00e8me version de macOS depuis Monterey, ce qui signifie qu&rsquo;\u00e0 moins que vous sachiez que votre Mac ex\u00e9cute macOS 12, il y a de fortes chances que vous ex\u00e9cutiez quelque chose que Chrome prend toujours en charge. <\/p>\n<p>Si vous n&rsquo;\u00eates pas s\u00fbr, cliquez sur Apple dans le coin sup\u00e9rieur gauche, puis choisissez \u00ab \u00c0 propos de ce Mac \u00bb. Ici, vous trouverez la version de macOS \u00e0 c\u00f4t\u00e9 de \u00ab macOS \u00bb.<\/p>\n<h2 id=\"security-concerns-with-using-chrome-on-macos-12\">Probl\u00e8mes de s\u00e9curit\u00e9 li\u00e9s \u00e0 l&rsquo;utilisation de Chrome sur macOS 12<\/h2>\n<p>Disons que votre Mac ex\u00e9cute macOS 12. Si tel est le cas, vous devriez vraiment arr\u00eater d&rsquo;utiliser Chrome une fois la version 151 abandonn\u00e9e. En effet, vous ne recevrez plus les derni\u00e8res mises \u00e0 jour de s\u00e9curit\u00e9 de Google pour le navigateur, ce qui met votre ordinateur (et ses donn\u00e9es) en danger. <\/p>\n<p>Une fois Chrome 150 abandonn\u00e9, les mauvais acteurs rechercheront des failles de s\u00e9curit\u00e9 dans le code \u00e0 exploiter. Google fera de m\u00eame et corrigera tout ce que les chercheurs tiers trouveront. Une fois la version 151 publi\u00e9e, elle inclura ces correctifs, mais les utilisateurs de Chrome 150 seront laiss\u00e9s pour compte. Le risque ne fait qu&rsquo;augmenter \u00e0 mesure que de nouvelles vuln\u00e9rabilit\u00e9s sont d\u00e9couvertes et que de nouvelles versions de Chrome sont publi\u00e9es. <\/p>\n<p>En tant que tel, vous disposez de plusieurs options si vous utilisez macOS 12. La premi\u00e8re consiste \u00e0 mettre \u00e0 jour votre syst\u00e8me d&rsquo;exploitation, si vous avez ce choix. Si votre Mac prend en charge macOS 13 ou une version ult\u00e9rieure, la mise \u00e0 jour vous ouvrira les nouvelles versions de Chrome. Bien s\u00fbr, la raison pour laquelle vous utilisez macOS 12 est peut-\u00eatre parce que vous ne pouvez pas mettre \u00e0 jour. Bien que cela affecte largement les Mac \u00e2g\u00e9s d\u2019au moins 10 ans, il existe encore de nombreuses machines de ce type. Il existe d&rsquo;autres moyens de mettre \u00e0 jour votre ancien Mac, m\u00eame si Apple ne vous le permet pas, comme avec OpenCore Legacy Patcher, mais cela peut \u00eatre trop technique pour certains. <\/p>\n<p>L&rsquo;autre option ici consiste \u00e0 arr\u00eater d&rsquo;utiliser Chrome et \u00e0 passer \u00e0 un navigateur prenant en charge macOS 12. Firefox, par exemple, prend en charge macOS 10.15 ou version ult\u00e9rieure, et Microsoft Edge prend enti\u00e8rement en charge macOS 12 et versions ult\u00e9rieures. (Safari lui-m\u00eame n&rsquo;a pas \u00e9t\u00e9 mis \u00e0 jour sur macOS 12 depuis juillet 2024.) <\/p>\n<p>Ce n&rsquo;est pas amusant de voir votre technologie vieillir, mais vous n&rsquo;avez pas besoin de jeter votre Mac simplement parce que Chrome cessera de prendre en charge cette ann\u00e9e, m\u00eame si les plus r\u00e9cents sont <em>vraiment<\/em> bien. <\/p>\n","protected":false},"excerpt":{"rendered":"<p>Rien n\u2019est \u00e9ternel et la technologie ne fait pas exception. Aussi brillant et neuf que soit votre ordinateur lorsque vous l&rsquo;avez achet\u00e9 pour la premi\u00e8re<\/p>\n","protected":false},"author":1,"featured_media":12344,"comment_status":"","ping_status":"","sticky":false,"template":"","format":"standard","meta":{"footnotes":""},"categories":[1],"tags":[248,3135,2499,2693,76,968,1112,174,3677,33],"class_list":["post-12343","post","type-post","status-publish","format-standard","has-post-thumbnail","hentry","category-non-classe","tag-ces","tag-charge","tag-chrome","tag-dabandonner","tag-est","tag-google","tag-mac","tag-point","tag-prise","tag-sur","generate-columns","tablet-grid-50","mobile-grid-100","grid-parent","grid-33"],"yoast_head":"<!-- This site is optimized with the Yoast SEO plugin v24.0 - https:\/\/yoast.com\/wordpress\/plugins\/seo\/ -->\n<title>Google Chrome est sur le point d&#039;abandonner la prise en charge de ces Mac | Vie Associative<\/title>\n<meta name=\"robots\" content=\"index, follow, max-snippet:-1, max-image-preview:large, max-video-preview:-1\" \/>\n<link rel=\"canonical\" href=\"https:\/\/vieassociative.be\/actualites\/google-chrome-est-sur-le-point-dabandonner-la-prise-en-charge-de-ces-mac\/\" \/>\n<meta property=\"og:locale\" content=\"fr_FR\" \/>\n<meta property=\"og:type\" content=\"article\" \/>\n<meta property=\"og:title\" content=\"Google Chrome est sur le point d&#039;abandonner la prise en charge de ces Mac | Vie Associative\" \/>\n<meta property=\"og:description\" content=\"Rien n\u2019est \u00e9ternel et la technologie ne fait pas exception. Aussi brillant et neuf que soit votre ordinateur lorsque vous l&rsquo;avez achet\u00e9 pour la premi\u00e8re\" \/>\n<meta property=\"og:url\" content=\"https:\/\/vieassociative.be\/actualites\/google-chrome-est-sur-le-point-dabandonner-la-prise-en-charge-de-ces-mac\/\" \/>\n<meta property=\"og:site_name\" content=\"Vie Associative\" \/>\n<meta property=\"article:published_time\" content=\"2026-01-24T17:17:27+00:00\" \/>\n<meta property=\"og:image\" content=\"https:\/\/vieassociative.be\/actualites\/wp-content\/uploads\/2024\/09\/header_backgroundk-01-e1726694325946.png\" \/>\n\t<meta property=\"og:image:width\" content=\"279\" \/>\n\t<meta property=\"og:image:height\" content=\"92\" \/>\n\t<meta property=\"og:image:type\" content=\"image\/png\" \/>\n<meta name=\"author\" content=\"Julien\" \/>\n<meta name=\"twitter:card\" content=\"summary_large_image\" \/>\n<meta name=\"twitter:label1\" content=\"\u00c9crit par\" \/>\n\t<meta name=\"twitter:data1\" content=\"Julien\" \/>\n\t<meta name=\"twitter:label2\" content=\"Dur\u00e9e de lecture est.\" \/>\n\t<meta name=\"twitter:data2\" content=\"4 minutes\" \/>\n<script type=\"application\/ld+json\" class=\"yoast-schema-graph\">{\"@context\":\"https:\/\/schema.org\",\"@graph\":[{\"@type\":\"Article\",\"@id\":\"https:\/\/vieassociative.be\/actualites\/google-chrome-est-sur-le-point-dabandonner-la-prise-en-charge-de-ces-mac\/#article\",\"isPartOf\":{\"@id\":\"https:\/\/vieassociative.be\/actualites\/google-chrome-est-sur-le-point-dabandonner-la-prise-en-charge-de-ces-mac\/\"},\"author\":{\"name\":\"Julien\",\"@id\":\"https:\/\/vieassociative.be\/actualites\/#\/schema\/person\/b87ac4f82f9d4e7b7cec7395b679edc4\"},\"headline\":\"Google Chrome est sur le point d&rsquo;abandonner la prise en charge de ces Mac\",\"datePublished\":\"2026-01-24T17:17:27+00:00\",\"dateModified\":\"2026-01-24T17:17:27+00:00\",\"mainEntityOfPage\":{\"@id\":\"https:\/\/vieassociative.be\/actualites\/google-chrome-est-sur-le-point-dabandonner-la-prise-en-charge-de-ces-mac\/\"},\"wordCount\":852,\"publisher\":{\"@id\":\"https:\/\/vieassociative.be\/actualites\/#organization\"},\"image\":{\"@id\":\"https:\/\/vieassociative.be\/actualites\/google-chrome-est-sur-le-point-dabandonner-la-prise-en-charge-de-ces-mac\/#primaryimage\"},\"thumbnailUrl\":\"https:\/\/vieassociative.be\/actualites\/wp-content\/uploads\/2026\/01\/Google-Chrome-est-sur-le-point-dabandonner-la-prise-en.jpg\",\"keywords\":[\"ces\",\"charge\",\"Chrome\",\"dabandonner\",\"est\",\"Google\",\"Mac\",\"point\",\"prise\",\"sur\"],\"inLanguage\":\"fr-BE\"},{\"@type\":\"WebPage\",\"@id\":\"https:\/\/vieassociative.be\/actualites\/google-chrome-est-sur-le-point-dabandonner-la-prise-en-charge-de-ces-mac\/\",\"url\":\"https:\/\/vieassociative.be\/actualites\/google-chrome-est-sur-le-point-dabandonner-la-prise-en-charge-de-ces-mac\/\",\"name\":\"Google Chrome est sur le point d'abandonner la prise en charge de ces Mac | Vie Associative\",\"isPartOf\":{\"@id\":\"https:\/\/vieassociative.be\/actualites\/#website\"},\"primaryImageOfPage\":{\"@id\":\"https:\/\/vieassociative.be\/actualites\/google-chrome-est-sur-le-point-dabandonner-la-prise-en-charge-de-ces-mac\/#primaryimage\"},\"image\":{\"@id\":\"https:\/\/vieassociative.be\/actualites\/google-chrome-est-sur-le-point-dabandonner-la-prise-en-charge-de-ces-mac\/#primaryimage\"},\"thumbnailUrl\":\"https:\/\/vieassociative.be\/actualites\/wp-content\/uploads\/2026\/01\/Google-Chrome-est-sur-le-point-dabandonner-la-prise-en.jpg\",\"datePublished\":\"2026-01-24T17:17:27+00:00\",\"dateModified\":\"2026-01-24T17:17:27+00:00\",\"breadcrumb\":{\"@id\":\"https:\/\/vieassociative.be\/actualites\/google-chrome-est-sur-le-point-dabandonner-la-prise-en-charge-de-ces-mac\/#breadcrumb\"},\"inLanguage\":\"fr-BE\",\"potentialAction\":[{\"@type\":\"ReadAction\",\"target\":[\"https:\/\/vieassociative.be\/actualites\/google-chrome-est-sur-le-point-dabandonner-la-prise-en-charge-de-ces-mac\/\"]}]},{\"@type\":\"ImageObject\",\"inLanguage\":\"fr-BE\",\"@id\":\"https:\/\/vieassociative.be\/actualites\/google-chrome-est-sur-le-point-dabandonner-la-prise-en-charge-de-ces-mac\/#primaryimage\",\"url\":\"https:\/\/vieassociative.be\/actualites\/wp-content\/uploads\/2026\/01\/Google-Chrome-est-sur-le-point-dabandonner-la-prise-en.jpg\",\"contentUrl\":\"https:\/\/vieassociative.be\/actualites\/wp-content\/uploads\/2026\/01\/Google-Chrome-est-sur-le-point-dabandonner-la-prise-en.jpg\",\"width\":1200,\"height\":675,\"caption\":\"Google Chrome est sur le point d'abandonner la prise en charge de ces Mac\"},{\"@type\":\"BreadcrumbList\",\"@id\":\"https:\/\/vieassociative.be\/actualites\/google-chrome-est-sur-le-point-dabandonner-la-prise-en-charge-de-ces-mac\/#breadcrumb\",\"itemListElement\":[{\"@type\":\"ListItem\",\"position\":1,\"name\":\"Accueil\",\"item\":\"https:\/\/vieassociative.be\/actualites\/\"},{\"@type\":\"ListItem\",\"position\":2,\"name\":\"Google Chrome est sur le point d&rsquo;abandonner la prise en charge de ces Mac\"}]},{\"@type\":\"WebSite\",\"@id\":\"https:\/\/vieassociative.be\/actualites\/#website\",\"url\":\"https:\/\/vieassociative.be\/actualites\/\",\"name\":\"Vie Associative\",\"description\":\"\",\"publisher\":{\"@id\":\"https:\/\/vieassociative.be\/actualites\/#organization\"},\"potentialAction\":[{\"@type\":\"SearchAction\",\"target\":{\"@type\":\"EntryPoint\",\"urlTemplate\":\"https:\/\/vieassociative.be\/actualites\/?s={search_term_string}\"},\"query-input\":{\"@type\":\"PropertyValueSpecification\",\"valueRequired\":true,\"valueName\":\"search_term_string\"}}],\"inLanguage\":\"fr-BE\"},{\"@type\":\"Organization\",\"@id\":\"https:\/\/vieassociative.be\/actualites\/#organization\",\"name\":\"Vie Associative\",\"url\":\"https:\/\/vieassociative.be\/actualites\/\",\"logo\":{\"@type\":\"ImageObject\",\"inLanguage\":\"fr-BE\",\"@id\":\"https:\/\/vieassociative.be\/actualites\/#\/schema\/logo\/image\/\",\"url\":\"https:\/\/vieassociative.be\/actualites\/wp-content\/uploads\/2024\/09\/cropped-vieassociative_favicon.ico.png\",\"contentUrl\":\"https:\/\/vieassociative.be\/actualites\/wp-content\/uploads\/2024\/09\/cropped-vieassociative_favicon.ico.png\",\"width\":512,\"height\":512,\"caption\":\"Vie Associative\"},\"image\":{\"@id\":\"https:\/\/vieassociative.be\/actualites\/#\/schema\/logo\/image\/\"}},{\"@type\":\"Person\",\"@id\":\"https:\/\/vieassociative.be\/actualites\/#\/schema\/person\/b87ac4f82f9d4e7b7cec7395b679edc4\",\"name\":\"Julien\",\"image\":{\"@type\":\"ImageObject\",\"inLanguage\":\"fr-BE\",\"@id\":\"https:\/\/vieassociative.be\/actualites\/#\/schema\/person\/image\/\",\"url\":\"https:\/\/vieassociative.be\/actualites\/wp-content\/uploads\/2024\/09\/vie-associative-1-150x150.jpg\",\"contentUrl\":\"https:\/\/vieassociative.be\/actualites\/wp-content\/uploads\/2024\/09\/vie-associative-1-150x150.jpg\",\"caption\":\"Julien\"},\"description\":\"Je suis Julien, r\u00e9dacteur pour Vie Associative. Passionn\u00e9 par le monde associatif depuis plus de 10 ans, j'ai \u00e0 c\u0153ur de partager des histoires inspirantes et de mettre en lumi\u00e8re les initiatives locales. Mon objectif est de sensibiliser et d'encourager l'engagement communautaire \u00e0 travers mes articles.\",\"sameAs\":[\"https:\/\/vieassociative.be\/\"]}]}<\/script>\n<!-- \/ Yoast SEO plugin. -->","yoast_head_json":{"title":"Google Chrome est sur le point d'abandonner la prise en charge de ces Mac | Vie Associative","robots":{"index":"index","follow":"follow","max-snippet":"max-snippet:-1","max-image-preview":"max-image-preview:large","max-video-preview":"max-video-preview:-1"},"canonical":"https:\/\/vieassociative.be\/actualites\/google-chrome-est-sur-le-point-dabandonner-la-prise-en-charge-de-ces-mac\/","og_locale":"fr_FR","og_type":"article","og_title":"Google Chrome est sur le point d'abandonner la prise en charge de ces Mac | Vie Associative","og_description":"Rien n\u2019est \u00e9ternel et la technologie ne fait pas exception. Aussi brillant et neuf que soit votre ordinateur lorsque vous l&rsquo;avez achet\u00e9 pour la premi\u00e8re","og_url":"https:\/\/vieassociative.be\/actualites\/google-chrome-est-sur-le-point-dabandonner-la-prise-en-charge-de-ces-mac\/","og_site_name":"Vie Associative","article_published_time":"2026-01-24T17:17:27+00:00","og_image":[{"width":279,"height":92,"url":"https:\/\/vieassociative.be\/actualites\/wp-content\/uploads\/2024\/09\/header_backgroundk-01-e1726694325946.png","type":"image\/png"}],"author":"Julien","twitter_card":"summary_large_image","twitter_misc":{"\u00c9crit par":"Julien","Dur\u00e9e de lecture est.":"4 minutes"},"schema":{"@context":"https:\/\/schema.org","@graph":[{"@type":"Article","@id":"https:\/\/vieassociative.be\/actualites\/google-chrome-est-sur-le-point-dabandonner-la-prise-en-charge-de-ces-mac\/#article","isPartOf":{"@id":"https:\/\/vieassociative.be\/actualites\/google-chrome-est-sur-le-point-dabandonner-la-prise-en-charge-de-ces-mac\/"},"author":{"name":"Julien","@id":"https:\/\/vieassociative.be\/actualites\/#\/schema\/person\/b87ac4f82f9d4e7b7cec7395b679edc4"},"headline":"Google Chrome est sur le point d&rsquo;abandonner la prise en charge de ces Mac","datePublished":"2026-01-24T17:17:27+00:00","dateModified":"2026-01-24T17:17:27+00:00","mainEntityOfPage":{"@id":"https:\/\/vieassociative.be\/actualites\/google-chrome-est-sur-le-point-dabandonner-la-prise-en-charge-de-ces-mac\/"},"wordCount":852,"publisher":{"@id":"https:\/\/vieassociative.be\/actualites\/#organization"},"image":{"@id":"https:\/\/vieassociative.be\/actualites\/google-chrome-est-sur-le-point-dabandonner-la-prise-en-charge-de-ces-mac\/#primaryimage"},"thumbnailUrl":"https:\/\/vieassociative.be\/actualites\/wp-content\/uploads\/2026\/01\/Google-Chrome-est-sur-le-point-dabandonner-la-prise-en.jpg","keywords":["ces","charge","Chrome","dabandonner","est","Google","Mac","point","prise","sur"],"inLanguage":"fr-BE"},{"@type":"WebPage","@id":"https:\/\/vieassociative.be\/actualites\/google-chrome-est-sur-le-point-dabandonner-la-prise-en-charge-de-ces-mac\/","url":"https:\/\/vieassociative.be\/actualites\/google-chrome-est-sur-le-point-dabandonner-la-prise-en-charge-de-ces-mac\/","name":"Google Chrome est sur le point d'abandonner la prise en charge de ces Mac | Vie Associative","isPartOf":{"@id":"https:\/\/vieassociative.be\/actualites\/#website"},"primaryImageOfPage":{"@id":"https:\/\/vieassociative.be\/actualites\/google-chrome-est-sur-le-point-dabandonner-la-prise-en-charge-de-ces-mac\/#primaryimage"},"image":{"@id":"https:\/\/vieassociative.be\/actualites\/google-chrome-est-sur-le-point-dabandonner-la-prise-en-charge-de-ces-mac\/#primaryimage"},"thumbnailUrl":"https:\/\/vieassociative.be\/actualites\/wp-content\/uploads\/2026\/01\/Google-Chrome-est-sur-le-point-dabandonner-la-prise-en.jpg","datePublished":"2026-01-24T17:17:27+00:00","dateModified":"2026-01-24T17:17:27+00:00","breadcrumb":{"@id":"https:\/\/vieassociative.be\/actualites\/google-chrome-est-sur-le-point-dabandonner-la-prise-en-charge-de-ces-mac\/#breadcrumb"},"inLanguage":"fr-BE","potentialAction":[{"@type":"ReadAction","target":["https:\/\/vieassociative.be\/actualites\/google-chrome-est-sur-le-point-dabandonner-la-prise-en-charge-de-ces-mac\/"]}]},{"@type":"ImageObject","inLanguage":"fr-BE","@id":"https:\/\/vieassociative.be\/actualites\/google-chrome-est-sur-le-point-dabandonner-la-prise-en-charge-de-ces-mac\/#primaryimage","url":"https:\/\/vieassociative.be\/actualites\/wp-content\/uploads\/2026\/01\/Google-Chrome-est-sur-le-point-dabandonner-la-prise-en.jpg","contentUrl":"https:\/\/vieassociative.be\/actualites\/wp-content\/uploads\/2026\/01\/Google-Chrome-est-sur-le-point-dabandonner-la-prise-en.jpg","width":1200,"height":675,"caption":"Google Chrome est sur le point d'abandonner la prise en charge de ces Mac"},{"@type":"BreadcrumbList","@id":"https:\/\/vieassociative.be\/actualites\/google-chrome-est-sur-le-point-dabandonner-la-prise-en-charge-de-ces-mac\/#breadcrumb","itemListElement":[{"@type":"ListItem","position":1,"name":"Accueil","item":"https:\/\/vieassociative.be\/actualites\/"},{"@type":"ListItem","position":2,"name":"Google Chrome est sur le point d&rsquo;abandonner la prise en charge de ces Mac"}]},{"@type":"WebSite","@id":"https:\/\/vieassociative.be\/actualites\/#website","url":"https:\/\/vieassociative.be\/actualites\/","name":"Vie Associative","description":"","publisher":{"@id":"https:\/\/vieassociative.be\/actualites\/#organization"},"potentialAction":[{"@type":"SearchAction","target":{"@type":"EntryPoint","urlTemplate":"https:\/\/vieassociative.be\/actualites\/?s={search_term_string}"},"query-input":{"@type":"PropertyValueSpecification","valueRequired":true,"valueName":"search_term_string"}}],"inLanguage":"fr-BE"},{"@type":"Organization","@id":"https:\/\/vieassociative.be\/actualites\/#organization","name":"Vie Associative","url":"https:\/\/vieassociative.be\/actualites\/","logo":{"@type":"ImageObject","inLanguage":"fr-BE","@id":"https:\/\/vieassociative.be\/actualites\/#\/schema\/logo\/image\/","url":"https:\/\/vieassociative.be\/actualites\/wp-content\/uploads\/2024\/09\/cropped-vieassociative_favicon.ico.png","contentUrl":"https:\/\/vieassociative.be\/actualites\/wp-content\/uploads\/2024\/09\/cropped-vieassociative_favicon.ico.png","width":512,"height":512,"caption":"Vie Associative"},"image":{"@id":"https:\/\/vieassociative.be\/actualites\/#\/schema\/logo\/image\/"}},{"@type":"Person","@id":"https:\/\/vieassociative.be\/actualites\/#\/schema\/person\/b87ac4f82f9d4e7b7cec7395b679edc4","name":"Julien","image":{"@type":"ImageObject","inLanguage":"fr-BE","@id":"https:\/\/vieassociative.be\/actualites\/#\/schema\/person\/image\/","url":"https:\/\/vieassociative.be\/actualites\/wp-content\/uploads\/2024\/09\/vie-associative-1-150x150.jpg","contentUrl":"https:\/\/vieassociative.be\/actualites\/wp-content\/uploads\/2024\/09\/vie-associative-1-150x150.jpg","caption":"Julien"},"description":"Je suis Julien, r\u00e9dacteur pour Vie Associative. Passionn\u00e9 par le monde associatif depuis plus de 10 ans, j'ai \u00e0 c\u0153ur de partager des histoires inspirantes et de mettre en lumi\u00e8re les initiatives locales. Mon objectif est de sensibiliser et d'encourager l'engagement communautaire \u00e0 travers mes articles.","sameAs":["https:\/\/vieassociative.be\/"]}]}},"_links":{"self":[{"href":"https:\/\/vieassociative.be\/actualites\/wp-json\/wp\/v2\/posts\/12343"}],"collection":[{"href":"https:\/\/vieassociative.be\/actualites\/wp-json\/wp\/v2\/posts"}],"about":[{"href":"https:\/\/vieassociative.be\/actualites\/wp-json\/wp\/v2\/types\/post"}],"author":[{"embeddable":true,"href":"https:\/\/vieassociative.be\/actualites\/wp-json\/wp\/v2\/users\/1"}],"replies":[{"embeddable":true,"href":"https:\/\/vieassociative.be\/actualites\/wp-json\/wp\/v2\/comments?post=12343"}],"version-history":[{"count":0,"href":"https:\/\/vieassociative.be\/actualites\/wp-json\/wp\/v2\/posts\/12343\/revisions"}],"wp:featuredmedia":[{"embeddable":true,"href":"https:\/\/vieassociative.be\/actualites\/wp-json\/wp\/v2\/media\/12344"}],"wp:attachment":[{"href":"https:\/\/vieassociative.be\/actualites\/wp-json\/wp\/v2\/media?parent=12343"}],"wp:term":[{"taxonomy":"category","embeddable":true,"href":"https:\/\/vieassociative.be\/actualites\/wp-json\/wp\/v2\/categories?post=12343"},{"taxonomy":"post_tag","embeddable":true,"href":"https:\/\/vieassociative.be\/actualites\/wp-json\/wp\/v2\/tags?post=12343"}],"curies":[{"name":"wp","href":"https:\/\/api.w.org\/{rel}","templated":true}]}}