{"id":12341,"date":"2026-01-24T13:17:32","date_gmt":"2026-01-24T12:17:32","guid":{"rendered":"https:\/\/vieassociative.be\/actualites\/las-eupen-rend-visite-aujourdhui-a-son-rival-le-sk-lommel-la-bataille-pour-le-top-6-sannonce-passionnante\/"},"modified":"2026-01-24T13:17:32","modified_gmt":"2026-01-24T12:17:32","slug":"las-eupen-rend-visite-aujourdhui-a-son-rival-le-sk-lommel-la-bataille-pour-le-top-6-sannonce-passionnante","status":"publish","type":"post","link":"https:\/\/vieassociative.be\/actualites\/las-eupen-rend-visite-aujourdhui-a-son-rival-le-sk-lommel-la-bataille-pour-le-top-6-sannonce-passionnante\/","title":{"rendered":"L\u2019AS Eupen rend visite aujourd\u2019hui \u00e0 son rival le SK Lommel \u2013 la bataille pour le top 6 s\u2019annonce passionnante"},"content":{"rendered":"<p><strong>Avec la 20e journ\u00e9e de Challenger Pro League, la lutte pour la promotion en Jupiler Pro League entre dans une phase d\u00e9cisive. L&rsquo;\u00e9quipe de football de deuxi\u00e8me division AS Eupen est invit\u00e9e au SK Lommel. Les noirs et blancs ne peuvent plus se permettre de perdre trop de points.<\/strong><\/p>\n<p><span id=\"more-434471\"><\/span>Suite \u00e0 la d\u00e9faite 1:2 contre le SK Beveren, l&rsquo;AS Eupen est sorti du top 6. La rencontre contre les leaders du championnat a montr\u00e9 clairement que des renforts \u00e9taient n\u00e9cessaires de toute urgence au Kehrweg. Quelques jours plus tard, il \u00e9tait annonc\u00e9 qu&rsquo;Eupen avait recrut\u00e9 deux nouveaux joueurs pour les aider dans leur mission d&rsquo;acc\u00e9der \u00e0 la Jupiler League.<\/p>\n<p>L&rsquo;attaquant portugais Jo\u00e3o Diogo Alves Rodrigues \u2013 plus connu sous son surnom de \u00ab Kikas \u00bb \u2013 fait partie du groupe pour le match de ce soir \u00e0 Lommel (20h \/ en direct sur DAZN).<\/p>\n<\/p>\n<div id=\"attachment_423464\" class=\"wp-caption alignleft\" style=\"max-width: 300px\"><img fetchpriority=\"high\" decoding=\"async\" class=\"wp-image-423464 size-medium\" src=\"https:\/\/vieassociative.be\/actualites\/wp-content\/uploads\/2025\/08\/1-0-Plus-tard-frappe-par-Nuhu-le-As-Eupen.jpg\" alt=\"\" width=\"300\" height=\"200\"><\/div>\n<p>Il est \u00e9tonnant qu&rsquo;un joueur de la premi\u00e8re division du Portugal s&rsquo;engage dans un club professionnel belge. Comme l&rsquo;explique l&rsquo;ancien entra\u00eeneur du KRC Genk, Thorsten Fink, dans une interview au \u00ab M\u00fcnchner Abendzeitung \u00bb, le football de club belge jouit d&rsquo;une grande r\u00e9putation en tant que vivier de talents et constitue donc un tremplin pour les jeunes joueurs vers l&rsquo;une des 5 meilleures ligues (Angleterre, Espagne, Italie, Allemagne et France).<\/p>\n<p>Fink : \u00ab\u00a0En raison du grand nombre de jeunes joueurs utilis\u00e9s en Belgique, la Jupiler Pro League est la ligue la plus recherch\u00e9e d&rsquo;Europe. Cela est \u00e9galement li\u00e9 \u00e0 la g\u00e9ographie. La Belgique est facilement accessible, m\u00eame depuis la Grande-Bretagne via l&rsquo;Eurotunnel. Les donn\u00e9es sur les joueurs sont comparables \u00e0 celles de la Bundesliga et de la Premier League, c&rsquo;est-\u00e0-dire l&rsquo;intensit\u00e9, le rythme et le volume de jeu.\u00a0\u00bb<\/p>\n<p>Le deuxi\u00e8me nouveau venu, le joueur national qatari Mustafa Tarek Mashaal, n&rsquo;est en principe pas \u00e9ligible pour un poste \u00e0 Lommel car son permis de s\u00e9jour n&rsquo;\u00e9tait pas encore disponible vendredi.<\/p>\n<p>Il n&rsquo;est pas certain que le gardien Marco Hiller jouera, car il a subi une commotion c\u00e9r\u00e9brale lors du match contre Beveren. Si Hiller devait \u00eatre \u00e9pargn\u00e9 pour des raisons de s\u00e9curit\u00e9, l&rsquo;entra\u00eeneur devrait choisir entre Nurudeen et Renner. En raison d&rsquo;une blessure musculaire survenue \u00e0 l&rsquo;entra\u00eenement de la semaine derni\u00e8re, Lorenzo Youndje devrait \u00e9galement \u00eatre apte pour le match \u00e0 Lommel. (dpa)<\/p>\n","protected":false},"excerpt":{"rendered":"<p>Avec la 20e journ\u00e9e de Challenger Pro League, la lutte pour la promotion en Jupiler Pro League entre dans une phase d\u00e9cisive. L&rsquo;\u00e9quipe de football<\/p>\n","protected":false},"author":1,"featured_media":12342,"comment_status":"","ping_status":"","sticky":false,"template":"","format":"standard","meta":{"footnotes":""},"categories":[298],"tags":[2330,6336,2329,2353,5102,9854,81,1279,3209,9853,800,3169,4452],"class_list":["post-12341","post","type-post","status-publish","format-standard","has-post-thumbnail","hentry","category-belgique","tag-aujourdhui","tag-bataille","tag-eupen","tag-las","tag-lommel","tag-passionnante","tag-pour","tag-rend","tag-rival","tag-sannonce","tag-son","tag-top","tag-visite","generate-columns","tablet-grid-50","mobile-grid-100","grid-parent","grid-33"],"yoast_head":"<!-- This site is optimized with the Yoast SEO plugin v24.0 - https:\/\/yoast.com\/wordpress\/plugins\/seo\/ -->\n<title>L\u2019AS Eupen rend visite aujourd\u2019hui \u00e0 son rival le SK Lommel \u2013 la bataille pour le top 6 s\u2019annonce passionnante | Vie Associative<\/title>\n<meta name=\"robots\" content=\"index, follow, max-snippet:-1, max-image-preview:large, max-video-preview:-1\" \/>\n<link rel=\"canonical\" href=\"https:\/\/vieassociative.be\/actualites\/las-eupen-rend-visite-aujourdhui-a-son-rival-le-sk-lommel-la-bataille-pour-le-top-6-sannonce-passionnante\/\" \/>\n<meta property=\"og:locale\" content=\"fr_FR\" \/>\n<meta property=\"og:type\" content=\"article\" \/>\n<meta property=\"og:title\" content=\"L\u2019AS Eupen rend visite aujourd\u2019hui \u00e0 son rival le SK Lommel \u2013 la bataille pour le top 6 s\u2019annonce passionnante | Vie Associative\" \/>\n<meta property=\"og:description\" content=\"Avec la 20e journ\u00e9e de Challenger Pro League, la lutte pour la promotion en Jupiler Pro League entre dans une phase d\u00e9cisive. L&rsquo;\u00e9quipe de football\" \/>\n<meta property=\"og:url\" content=\"https:\/\/vieassociative.be\/actualites\/las-eupen-rend-visite-aujourdhui-a-son-rival-le-sk-lommel-la-bataille-pour-le-top-6-sannonce-passionnante\/\" \/>\n<meta property=\"og:site_name\" content=\"Vie Associative\" \/>\n<meta property=\"article:published_time\" content=\"2026-01-24T12:17:32+00:00\" \/>\n<meta property=\"og:image\" content=\"https:\/\/vieassociative.be\/actualites\/wp-content\/uploads\/2024\/09\/header_backgroundk-01-e1726694325946.png\" \/>\n\t<meta property=\"og:image:width\" content=\"279\" \/>\n\t<meta property=\"og:image:height\" content=\"92\" \/>\n\t<meta property=\"og:image:type\" content=\"image\/png\" \/>\n<meta name=\"author\" content=\"Julien\" \/>\n<meta name=\"twitter:card\" content=\"summary_large_image\" \/>\n<meta name=\"twitter:label1\" content=\"\u00c9crit par\" \/>\n\t<meta name=\"twitter:data1\" content=\"Julien\" \/>\n\t<meta name=\"twitter:label2\" content=\"Dur\u00e9e de lecture est.\" \/>\n\t<meta name=\"twitter:data2\" content=\"2 minutes\" \/>\n<script type=\"application\/ld+json\" class=\"yoast-schema-graph\">{\"@context\":\"https:\/\/schema.org\",\"@graph\":[{\"@type\":\"Article\",\"@id\":\"https:\/\/vieassociative.be\/actualites\/las-eupen-rend-visite-aujourdhui-a-son-rival-le-sk-lommel-la-bataille-pour-le-top-6-sannonce-passionnante\/#article\",\"isPartOf\":{\"@id\":\"https:\/\/vieassociative.be\/actualites\/las-eupen-rend-visite-aujourdhui-a-son-rival-le-sk-lommel-la-bataille-pour-le-top-6-sannonce-passionnante\/\"},\"author\":{\"name\":\"Julien\",\"@id\":\"https:\/\/vieassociative.be\/actualites\/#\/schema\/person\/b87ac4f82f9d4e7b7cec7395b679edc4\"},\"headline\":\"L\u2019AS Eupen rend visite aujourd\u2019hui \u00e0 son rival le SK Lommel \u2013 la bataille pour le top 6 s\u2019annonce passionnante\",\"datePublished\":\"2026-01-24T12:17:32+00:00\",\"dateModified\":\"2026-01-24T12:17:32+00:00\",\"mainEntityOfPage\":{\"@id\":\"https:\/\/vieassociative.be\/actualites\/las-eupen-rend-visite-aujourdhui-a-son-rival-le-sk-lommel-la-bataille-pour-le-top-6-sannonce-passionnante\/\"},\"wordCount\":424,\"publisher\":{\"@id\":\"https:\/\/vieassociative.be\/actualites\/#organization\"},\"image\":{\"@id\":\"https:\/\/vieassociative.be\/actualites\/las-eupen-rend-visite-aujourdhui-a-son-rival-le-sk-lommel-la-bataille-pour-le-top-6-sannonce-passionnante\/#primaryimage\"},\"thumbnailUrl\":\"https:\/\/vieassociative.be\/actualites\/wp-content\/uploads\/2026\/01\/LAS-Eupen-rend-visite-aujourdhui-a-son-rival-le-SK.jpg\",\"keywords\":[\"aujourdhui\",\"Bataille\",\"Eupen\",\"lAS\",\"Lommel\",\"passionnante\",\"pour\",\"rend\",\"rival\",\"sannonce\",\"son\",\"top\",\"visite\"],\"articleSection\":[\"Belgique\"],\"inLanguage\":\"fr-BE\"},{\"@type\":\"WebPage\",\"@id\":\"https:\/\/vieassociative.be\/actualites\/las-eupen-rend-visite-aujourdhui-a-son-rival-le-sk-lommel-la-bataille-pour-le-top-6-sannonce-passionnante\/\",\"url\":\"https:\/\/vieassociative.be\/actualites\/las-eupen-rend-visite-aujourdhui-a-son-rival-le-sk-lommel-la-bataille-pour-le-top-6-sannonce-passionnante\/\",\"name\":\"L\u2019AS Eupen rend visite aujourd\u2019hui \u00e0 son rival le SK Lommel \u2013 la bataille pour le top 6 s\u2019annonce passionnante | Vie Associative\",\"isPartOf\":{\"@id\":\"https:\/\/vieassociative.be\/actualites\/#website\"},\"primaryImageOfPage\":{\"@id\":\"https:\/\/vieassociative.be\/actualites\/las-eupen-rend-visite-aujourdhui-a-son-rival-le-sk-lommel-la-bataille-pour-le-top-6-sannonce-passionnante\/#primaryimage\"},\"image\":{\"@id\":\"https:\/\/vieassociative.be\/actualites\/las-eupen-rend-visite-aujourdhui-a-son-rival-le-sk-lommel-la-bataille-pour-le-top-6-sannonce-passionnante\/#primaryimage\"},\"thumbnailUrl\":\"https:\/\/vieassociative.be\/actualites\/wp-content\/uploads\/2026\/01\/LAS-Eupen-rend-visite-aujourdhui-a-son-rival-le-SK.jpg\",\"datePublished\":\"2026-01-24T12:17:32+00:00\",\"dateModified\":\"2026-01-24T12:17:32+00:00\",\"breadcrumb\":{\"@id\":\"https:\/\/vieassociative.be\/actualites\/las-eupen-rend-visite-aujourdhui-a-son-rival-le-sk-lommel-la-bataille-pour-le-top-6-sannonce-passionnante\/#breadcrumb\"},\"inLanguage\":\"fr-BE\",\"potentialAction\":[{\"@type\":\"ReadAction\",\"target\":[\"https:\/\/vieassociative.be\/actualites\/las-eupen-rend-visite-aujourdhui-a-son-rival-le-sk-lommel-la-bataille-pour-le-top-6-sannonce-passionnante\/\"]}]},{\"@type\":\"ImageObject\",\"inLanguage\":\"fr-BE\",\"@id\":\"https:\/\/vieassociative.be\/actualites\/las-eupen-rend-visite-aujourdhui-a-son-rival-le-sk-lommel-la-bataille-pour-le-top-6-sannonce-passionnante\/#primaryimage\",\"url\":\"https:\/\/vieassociative.be\/actualites\/wp-content\/uploads\/2026\/01\/LAS-Eupen-rend-visite-aujourdhui-a-son-rival-le-SK.jpg\",\"contentUrl\":\"https:\/\/vieassociative.be\/actualites\/wp-content\/uploads\/2026\/01\/LAS-Eupen-rend-visite-aujourdhui-a-son-rival-le-SK.jpg\",\"width\":1200,\"height\":800,\"caption\":\"L\u2019AS Eupen rend visite aujourd\u2019hui \u00e0 son rival le SK Lommel \u2013 la bataille pour le top 6 s\u2019annonce passionnante\"},{\"@type\":\"BreadcrumbList\",\"@id\":\"https:\/\/vieassociative.be\/actualites\/las-eupen-rend-visite-aujourdhui-a-son-rival-le-sk-lommel-la-bataille-pour-le-top-6-sannonce-passionnante\/#breadcrumb\",\"itemListElement\":[{\"@type\":\"ListItem\",\"position\":1,\"name\":\"Accueil\",\"item\":\"https:\/\/vieassociative.be\/actualites\/\"},{\"@type\":\"ListItem\",\"position\":2,\"name\":\"L\u2019AS Eupen rend visite aujourd\u2019hui \u00e0 son rival le SK Lommel \u2013 la bataille pour le top 6 s\u2019annonce passionnante\"}]},{\"@type\":\"WebSite\",\"@id\":\"https:\/\/vieassociative.be\/actualites\/#website\",\"url\":\"https:\/\/vieassociative.be\/actualites\/\",\"name\":\"Vie Associative\",\"description\":\"\",\"publisher\":{\"@id\":\"https:\/\/vieassociative.be\/actualites\/#organization\"},\"potentialAction\":[{\"@type\":\"SearchAction\",\"target\":{\"@type\":\"EntryPoint\",\"urlTemplate\":\"https:\/\/vieassociative.be\/actualites\/?s={search_term_string}\"},\"query-input\":{\"@type\":\"PropertyValueSpecification\",\"valueRequired\":true,\"valueName\":\"search_term_string\"}}],\"inLanguage\":\"fr-BE\"},{\"@type\":\"Organization\",\"@id\":\"https:\/\/vieassociative.be\/actualites\/#organization\",\"name\":\"Vie Associative\",\"url\":\"https:\/\/vieassociative.be\/actualites\/\",\"logo\":{\"@type\":\"ImageObject\",\"inLanguage\":\"fr-BE\",\"@id\":\"https:\/\/vieassociative.be\/actualites\/#\/schema\/logo\/image\/\",\"url\":\"https:\/\/vieassociative.be\/actualites\/wp-content\/uploads\/2024\/09\/cropped-vieassociative_favicon.ico.png\",\"contentUrl\":\"https:\/\/vieassociative.be\/actualites\/wp-content\/uploads\/2024\/09\/cropped-vieassociative_favicon.ico.png\",\"width\":512,\"height\":512,\"caption\":\"Vie Associative\"},\"image\":{\"@id\":\"https:\/\/vieassociative.be\/actualites\/#\/schema\/logo\/image\/\"}},{\"@type\":\"Person\",\"@id\":\"https:\/\/vieassociative.be\/actualites\/#\/schema\/person\/b87ac4f82f9d4e7b7cec7395b679edc4\",\"name\":\"Julien\",\"image\":{\"@type\":\"ImageObject\",\"inLanguage\":\"fr-BE\",\"@id\":\"https:\/\/vieassociative.be\/actualites\/#\/schema\/person\/image\/\",\"url\":\"https:\/\/vieassociative.be\/actualites\/wp-content\/uploads\/2024\/09\/vie-associative-1-150x150.jpg\",\"contentUrl\":\"https:\/\/vieassociative.be\/actualites\/wp-content\/uploads\/2024\/09\/vie-associative-1-150x150.jpg\",\"caption\":\"Julien\"},\"description\":\"Je suis Julien, r\u00e9dacteur pour Vie Associative. Passionn\u00e9 par le monde associatif depuis plus de 10 ans, j'ai \u00e0 c\u0153ur de partager des histoires inspirantes et de mettre en lumi\u00e8re les initiatives locales. Mon objectif est de sensibiliser et d'encourager l'engagement communautaire \u00e0 travers mes articles.\",\"sameAs\":[\"https:\/\/vieassociative.be\/\"]}]}<\/script>\n<!-- \/ Yoast SEO plugin. -->","yoast_head_json":{"title":"L\u2019AS Eupen rend visite aujourd\u2019hui \u00e0 son rival le SK Lommel \u2013 la bataille pour le top 6 s\u2019annonce passionnante | Vie Associative","robots":{"index":"index","follow":"follow","max-snippet":"max-snippet:-1","max-image-preview":"max-image-preview:large","max-video-preview":"max-video-preview:-1"},"canonical":"https:\/\/vieassociative.be\/actualites\/las-eupen-rend-visite-aujourdhui-a-son-rival-le-sk-lommel-la-bataille-pour-le-top-6-sannonce-passionnante\/","og_locale":"fr_FR","og_type":"article","og_title":"L\u2019AS Eupen rend visite aujourd\u2019hui \u00e0 son rival le SK Lommel \u2013 la bataille pour le top 6 s\u2019annonce passionnante | Vie Associative","og_description":"Avec la 20e journ\u00e9e de Challenger Pro League, la lutte pour la promotion en Jupiler Pro League entre dans une phase d\u00e9cisive. L&rsquo;\u00e9quipe de football","og_url":"https:\/\/vieassociative.be\/actualites\/las-eupen-rend-visite-aujourdhui-a-son-rival-le-sk-lommel-la-bataille-pour-le-top-6-sannonce-passionnante\/","og_site_name":"Vie Associative","article_published_time":"2026-01-24T12:17:32+00:00","og_image":[{"width":279,"height":92,"url":"https:\/\/vieassociative.be\/actualites\/wp-content\/uploads\/2024\/09\/header_backgroundk-01-e1726694325946.png","type":"image\/png"}],"author":"Julien","twitter_card":"summary_large_image","twitter_misc":{"\u00c9crit par":"Julien","Dur\u00e9e de lecture est.":"2 minutes"},"schema":{"@context":"https:\/\/schema.org","@graph":[{"@type":"Article","@id":"https:\/\/vieassociative.be\/actualites\/las-eupen-rend-visite-aujourdhui-a-son-rival-le-sk-lommel-la-bataille-pour-le-top-6-sannonce-passionnante\/#article","isPartOf":{"@id":"https:\/\/vieassociative.be\/actualites\/las-eupen-rend-visite-aujourdhui-a-son-rival-le-sk-lommel-la-bataille-pour-le-top-6-sannonce-passionnante\/"},"author":{"name":"Julien","@id":"https:\/\/vieassociative.be\/actualites\/#\/schema\/person\/b87ac4f82f9d4e7b7cec7395b679edc4"},"headline":"L\u2019AS Eupen rend visite aujourd\u2019hui \u00e0 son rival le SK Lommel \u2013 la bataille pour le top 6 s\u2019annonce passionnante","datePublished":"2026-01-24T12:17:32+00:00","dateModified":"2026-01-24T12:17:32+00:00","mainEntityOfPage":{"@id":"https:\/\/vieassociative.be\/actualites\/las-eupen-rend-visite-aujourdhui-a-son-rival-le-sk-lommel-la-bataille-pour-le-top-6-sannonce-passionnante\/"},"wordCount":424,"publisher":{"@id":"https:\/\/vieassociative.be\/actualites\/#organization"},"image":{"@id":"https:\/\/vieassociative.be\/actualites\/las-eupen-rend-visite-aujourdhui-a-son-rival-le-sk-lommel-la-bataille-pour-le-top-6-sannonce-passionnante\/#primaryimage"},"thumbnailUrl":"https:\/\/vieassociative.be\/actualites\/wp-content\/uploads\/2026\/01\/LAS-Eupen-rend-visite-aujourdhui-a-son-rival-le-SK.jpg","keywords":["aujourdhui","Bataille","Eupen","lAS","Lommel","passionnante","pour","rend","rival","sannonce","son","top","visite"],"articleSection":["Belgique"],"inLanguage":"fr-BE"},{"@type":"WebPage","@id":"https:\/\/vieassociative.be\/actualites\/las-eupen-rend-visite-aujourdhui-a-son-rival-le-sk-lommel-la-bataille-pour-le-top-6-sannonce-passionnante\/","url":"https:\/\/vieassociative.be\/actualites\/las-eupen-rend-visite-aujourdhui-a-son-rival-le-sk-lommel-la-bataille-pour-le-top-6-sannonce-passionnante\/","name":"L\u2019AS Eupen rend visite aujourd\u2019hui \u00e0 son rival le SK Lommel \u2013 la bataille pour le top 6 s\u2019annonce passionnante | Vie Associative","isPartOf":{"@id":"https:\/\/vieassociative.be\/actualites\/#website"},"primaryImageOfPage":{"@id":"https:\/\/vieassociative.be\/actualites\/las-eupen-rend-visite-aujourdhui-a-son-rival-le-sk-lommel-la-bataille-pour-le-top-6-sannonce-passionnante\/#primaryimage"},"image":{"@id":"https:\/\/vieassociative.be\/actualites\/las-eupen-rend-visite-aujourdhui-a-son-rival-le-sk-lommel-la-bataille-pour-le-top-6-sannonce-passionnante\/#primaryimage"},"thumbnailUrl":"https:\/\/vieassociative.be\/actualites\/wp-content\/uploads\/2026\/01\/LAS-Eupen-rend-visite-aujourdhui-a-son-rival-le-SK.jpg","datePublished":"2026-01-24T12:17:32+00:00","dateModified":"2026-01-24T12:17:32+00:00","breadcrumb":{"@id":"https:\/\/vieassociative.be\/actualites\/las-eupen-rend-visite-aujourdhui-a-son-rival-le-sk-lommel-la-bataille-pour-le-top-6-sannonce-passionnante\/#breadcrumb"},"inLanguage":"fr-BE","potentialAction":[{"@type":"ReadAction","target":["https:\/\/vieassociative.be\/actualites\/las-eupen-rend-visite-aujourdhui-a-son-rival-le-sk-lommel-la-bataille-pour-le-top-6-sannonce-passionnante\/"]}]},{"@type":"ImageObject","inLanguage":"fr-BE","@id":"https:\/\/vieassociative.be\/actualites\/las-eupen-rend-visite-aujourdhui-a-son-rival-le-sk-lommel-la-bataille-pour-le-top-6-sannonce-passionnante\/#primaryimage","url":"https:\/\/vieassociative.be\/actualites\/wp-content\/uploads\/2026\/01\/LAS-Eupen-rend-visite-aujourdhui-a-son-rival-le-SK.jpg","contentUrl":"https:\/\/vieassociative.be\/actualites\/wp-content\/uploads\/2026\/01\/LAS-Eupen-rend-visite-aujourdhui-a-son-rival-le-SK.jpg","width":1200,"height":800,"caption":"L\u2019AS Eupen rend visite aujourd\u2019hui \u00e0 son rival le SK Lommel \u2013 la bataille pour le top 6 s\u2019annonce passionnante"},{"@type":"BreadcrumbList","@id":"https:\/\/vieassociative.be\/actualites\/las-eupen-rend-visite-aujourdhui-a-son-rival-le-sk-lommel-la-bataille-pour-le-top-6-sannonce-passionnante\/#breadcrumb","itemListElement":[{"@type":"ListItem","position":1,"name":"Accueil","item":"https:\/\/vieassociative.be\/actualites\/"},{"@type":"ListItem","position":2,"name":"L\u2019AS Eupen rend visite aujourd\u2019hui \u00e0 son rival le SK Lommel \u2013 la bataille pour le top 6 s\u2019annonce passionnante"}]},{"@type":"WebSite","@id":"https:\/\/vieassociative.be\/actualites\/#website","url":"https:\/\/vieassociative.be\/actualites\/","name":"Vie Associative","description":"","publisher":{"@id":"https:\/\/vieassociative.be\/actualites\/#organization"},"potentialAction":[{"@type":"SearchAction","target":{"@type":"EntryPoint","urlTemplate":"https:\/\/vieassociative.be\/actualites\/?s={search_term_string}"},"query-input":{"@type":"PropertyValueSpecification","valueRequired":true,"valueName":"search_term_string"}}],"inLanguage":"fr-BE"},{"@type":"Organization","@id":"https:\/\/vieassociative.be\/actualites\/#organization","name":"Vie Associative","url":"https:\/\/vieassociative.be\/actualites\/","logo":{"@type":"ImageObject","inLanguage":"fr-BE","@id":"https:\/\/vieassociative.be\/actualites\/#\/schema\/logo\/image\/","url":"https:\/\/vieassociative.be\/actualites\/wp-content\/uploads\/2024\/09\/cropped-vieassociative_favicon.ico.png","contentUrl":"https:\/\/vieassociative.be\/actualites\/wp-content\/uploads\/2024\/09\/cropped-vieassociative_favicon.ico.png","width":512,"height":512,"caption":"Vie Associative"},"image":{"@id":"https:\/\/vieassociative.be\/actualites\/#\/schema\/logo\/image\/"}},{"@type":"Person","@id":"https:\/\/vieassociative.be\/actualites\/#\/schema\/person\/b87ac4f82f9d4e7b7cec7395b679edc4","name":"Julien","image":{"@type":"ImageObject","inLanguage":"fr-BE","@id":"https:\/\/vieassociative.be\/actualites\/#\/schema\/person\/image\/","url":"https:\/\/vieassociative.be\/actualites\/wp-content\/uploads\/2024\/09\/vie-associative-1-150x150.jpg","contentUrl":"https:\/\/vieassociative.be\/actualites\/wp-content\/uploads\/2024\/09\/vie-associative-1-150x150.jpg","caption":"Julien"},"description":"Je suis Julien, r\u00e9dacteur pour Vie Associative. Passionn\u00e9 par le monde associatif depuis plus de 10 ans, j'ai \u00e0 c\u0153ur de partager des histoires inspirantes et de mettre en lumi\u00e8re les initiatives locales. Mon objectif est de sensibiliser et d'encourager l'engagement communautaire \u00e0 travers mes articles.","sameAs":["https:\/\/vieassociative.be\/"]}]}},"_links":{"self":[{"href":"https:\/\/vieassociative.be\/actualites\/wp-json\/wp\/v2\/posts\/12341"}],"collection":[{"href":"https:\/\/vieassociative.be\/actualites\/wp-json\/wp\/v2\/posts"}],"about":[{"href":"https:\/\/vieassociative.be\/actualites\/wp-json\/wp\/v2\/types\/post"}],"author":[{"embeddable":true,"href":"https:\/\/vieassociative.be\/actualites\/wp-json\/wp\/v2\/users\/1"}],"replies":[{"embeddable":true,"href":"https:\/\/vieassociative.be\/actualites\/wp-json\/wp\/v2\/comments?post=12341"}],"version-history":[{"count":0,"href":"https:\/\/vieassociative.be\/actualites\/wp-json\/wp\/v2\/posts\/12341\/revisions"}],"wp:featuredmedia":[{"embeddable":true,"href":"https:\/\/vieassociative.be\/actualites\/wp-json\/wp\/v2\/media\/12342"}],"wp:attachment":[{"href":"https:\/\/vieassociative.be\/actualites\/wp-json\/wp\/v2\/media?parent=12341"}],"wp:term":[{"taxonomy":"category","embeddable":true,"href":"https:\/\/vieassociative.be\/actualites\/wp-json\/wp\/v2\/categories?post=12341"},{"taxonomy":"post_tag","embeddable":true,"href":"https:\/\/vieassociative.be\/actualites\/wp-json\/wp\/v2\/tags?post=12341"}],"curies":[{"name":"wp","href":"https:\/\/api.w.org\/{rel}","templated":true}]}}