{"id":12338,"date":"2026-01-24T07:17:27","date_gmt":"2026-01-24T06:17:27","guid":{"rendered":"https:\/\/vieassociative.be\/actualites\/une-ancienne-infirmiere-aurait-tue-plus-de-100-personnes\/"},"modified":"2026-01-24T07:17:27","modified_gmt":"2026-01-24T06:17:27","slug":"une-ancienne-infirmiere-aurait-tue-plus-de-100-personnes","status":"publish","type":"post","link":"https:\/\/vieassociative.be\/actualites\/une-ancienne-infirmiere-aurait-tue-plus-de-100-personnes\/","title":{"rendered":"Une ancienne infirmi\u00e8re aurait tu\u00e9 plus de 100 personnes"},"content":{"rendered":"<p><strong>En novembre, une ancienne infirmi\u00e8re allemande a \u00e9t\u00e9 reconnue coupable de dix chefs de meurtre. Mais il a peut-\u00eatre tu\u00e9 davantage de personnes \u2013 bien davantage. Il y a d&rsquo;autres exhumations.<\/strong><\/p>\n<p><span id=\"more-434332\"><\/span>Une ancienne infirmi\u00e8re d\u00e9j\u00e0 reconnue coupable de dix meurtres en Allemagne pourrait \u00eatre responsable de plus de 100 d\u00e9c\u00e8s suppl\u00e9mentaires.<\/p>\n<p>Il existe en cons\u00e9quence un nombre \u00e9lev\u00e9 de \u00ab cas suspects \u00bb, a d\u00e9clar\u00e9 la procureure g\u00e9n\u00e9rale Katja Schlenkermann-Pitts \u00e0 Aix-la-Chapelle. Les nouvelles enqu\u00eates portent sur d&rsquo;\u00e9ventuels d\u00e9lits au-del\u00e0 de plusieurs affaires d\u00e9j\u00e0 jug\u00e9es.<\/p>\n<p><strong>\u2013 Propre id\u00e9e de l\u2019ordre :<\/strong> L&rsquo;ex-infirmi\u00e8re a \u00e9t\u00e9 condamn\u00e9e \u00e0 la r\u00e9clusion \u00e0 perp\u00e9tuit\u00e9 par le tribunal r\u00e9gional d&rsquo;Aix-la-Chapelle en novembre 2025 pour 10 chefs de meurtre et 27 chefs de tentative de meurtre. Il a \u00e9galement \u00e9t\u00e9 d\u00e9termin\u00e9 que la culpabilit\u00e9 \u00e9tait particuli\u00e8rement grave : une lib\u00e9ration apr\u00e8s 15 ans est g\u00e9n\u00e9ralement exclue.<\/p>\n<p>Le tribunal a \u00e9t\u00e9 convaincu que l&rsquo;homme avait arbitrairement administr\u00e9 des quantit\u00e9s excessives de s\u00e9datifs \u00e0 des personnes gravement malades pendant son travail de nuit dans une clinique de W\u00fcrselen pr\u00e8s d&rsquo;Aix-la-Chapelle (Rh\u00e9nanie du Nord-Westphalie) &#8211; parfois en combinaison avec des analg\u00e9siques et parfois \u00e0 plusieurs reprises. Le d\u00e9clencheur aurait \u00e9t\u00e9 un sentiment personnel de perturbation et sa propre id\u00e9e de l&rsquo;ordre.<\/p>\n<\/p>\n<div id=\"attachment_408305\" class=\"wp-caption alignleft\" style=\"max-width: 300px\"><img fetchpriority=\"high\" decoding=\"async\" class=\"wp-image-408305 size-medium\" src=\"https:\/\/vieassociative.be\/actualites\/wp-content\/uploads\/2025\/02\/Lancienne-infirmiere-de-la-clinique-de-Wurselen-aurait-assassine-plusieurs.jpg\" alt=\"\" width=\"300\" height=\"200\"><\/div>\n<p>L&rsquo;infirmi\u00e8re elle-m\u00eame avait rejet\u00e9 les all\u00e9gations lors du proc\u00e8s. Il a d\u00e9clar\u00e9 dans un communiqu\u00e9 en mai 2025 qu\u2019il n\u2019administrait pas de m\u00e9dicaments dans le but de raccourcir la vie.<\/p>\n<p><strong>\u2013 Les cas suspects d\u00e9passent largement la centaine\u00a0:<\/strong> Les crimes en cause dans cette proc\u00e9dure se sont produits entre d\u00e9cembre 2023 et mai 2024. Les nouveaux cas suspects portent d\u00e9sormais sur d\u2019\u00e9ventuels homicides survenus au cours de la p\u00e9riode pr\u00e9c\u00e9dente. L&rsquo;Allemand travaillait \u00e0 la clinique de W\u00fcrselen depuis 2020. Apr\u00e8s le verdict, le parquet d&rsquo;Aix-la-Chapelle avait d\u00e9j\u00e0 annonc\u00e9 que de nouvelles accusations \u00e9taient probables.<\/p>\n<p>Il existe d\u00e9sormais un premier aper\u00e7u de ce que pourrait contenir un nouvel acte d\u2019accusation. \u00abLe nombre de cas suspects dans les proc\u00e9dures en cours d\u00e9passe actuellement largement la centaine\u00bb, a expliqu\u00e9 la procureure g\u00e9n\u00e9rale Katja Schlenkermann-Pitts. Dans le m\u00eame temps, elle a soulign\u00e9 qu\u2019il s\u2019agissait d\u2019un premier soup\u00e7on. \u00ab\u00a0Bien s\u00fbr, cela peut aussi \u00eatre omis.\u00a0\u00bb Il y a d\u00e9j\u00e0 eu 27 exhumations en lien avec les nouvelles all\u00e9gations. Une trentaine sont encore en suspens.<\/p>\n<p>L&rsquo;affaire s&rsquo;\u00e9tend d\u00e9sormais au-del\u00e0 d&rsquo;Aix-la-Chapelle : une enqu\u00eate est \u00e9galement en cours \u00e0 Cologne. L&rsquo;homme y a travaill\u00e9 jusqu&rsquo;en 2020. Le parquet de Cologne a confirm\u00e9 les exhumations en d\u00e9cembre.<\/p>\n<p>Des cas similaires provoquent encore et encore l\u2019horreur. Le cas de l&rsquo;ancien infirmier Niels H\u00f6gel est consid\u00e9r\u00e9 \u00e0 ce jour comme la plus grande s\u00e9rie de meurtres de l&rsquo;histoire allemande d&rsquo;apr\u00e8s-guerre : le tribunal r\u00e9gional d&rsquo;Oldenbourg l&rsquo;a condamn\u00e9 \u00e0 la r\u00e9clusion \u00e0 perp\u00e9tuit\u00e9 en 2019 pour 85 meurtres.<\/p>\n<p>\u00ab\u00a0Les soins et la m\u00e9decine ne transforment personne en d\u00e9linquants en s\u00e9rie. Cependant, les soins et la m\u00e9decine continuent de faciliter la t\u00e2che des d\u00e9linquants en s\u00e9rie\u00a0\u00bb, a critiqu\u00e9 le pr\u00e9sident de la Fondation allemande pour la protection des patients, Eugen Brysch, \u00e0 la lumi\u00e8re des nouveaux cas suspects. \u00ab Il y a un manque de culture du regard. \u00bb (dpa)<\/p>\n","protected":false},"excerpt":{"rendered":"<p>En novembre, une ancienne infirmi\u00e8re allemande a \u00e9t\u00e9 reconnue coupable de dix chefs de meurtre. Mais il a peut-\u00eatre tu\u00e9 davantage de personnes \u2013 bien<\/p>\n","protected":false},"author":1,"featured_media":11125,"comment_status":"","ping_status":"","sticky":false,"template":"","format":"standard","meta":{"footnotes":""},"categories":[298],"tags":[5668,5252,5364,714,4814,110],"class_list":["post-12338","post","type-post","status-publish","format-standard","has-post-thumbnail","hentry","category-belgique","tag-ancienne","tag-aurait","tag-infirmiere","tag-personnes","tag-tue","tag-une","generate-columns","tablet-grid-50","mobile-grid-100","grid-parent","grid-33"],"yoast_head":"<!-- This site is optimized with the Yoast SEO plugin v24.0 - https:\/\/yoast.com\/wordpress\/plugins\/seo\/ -->\n<title>Une ancienne infirmi\u00e8re aurait tu\u00e9 plus de 100 personnes | Vie Associative<\/title>\n<meta name=\"robots\" content=\"index, follow, max-snippet:-1, max-image-preview:large, max-video-preview:-1\" \/>\n<link rel=\"canonical\" href=\"https:\/\/vieassociative.be\/actualites\/une-ancienne-infirmiere-aurait-tue-plus-de-100-personnes\/\" \/>\n<meta property=\"og:locale\" content=\"fr_FR\" \/>\n<meta property=\"og:type\" content=\"article\" \/>\n<meta property=\"og:title\" content=\"Une ancienne infirmi\u00e8re aurait tu\u00e9 plus de 100 personnes | Vie Associative\" \/>\n<meta property=\"og:description\" content=\"En novembre, une ancienne infirmi\u00e8re allemande a \u00e9t\u00e9 reconnue coupable de dix chefs de meurtre. Mais il a peut-\u00eatre tu\u00e9 davantage de personnes \u2013 bien\" \/>\n<meta property=\"og:url\" content=\"https:\/\/vieassociative.be\/actualites\/une-ancienne-infirmiere-aurait-tue-plus-de-100-personnes\/\" \/>\n<meta property=\"og:site_name\" content=\"Vie Associative\" \/>\n<meta property=\"article:published_time\" content=\"2026-01-24T06:17:27+00:00\" \/>\n<meta property=\"og:image\" content=\"https:\/\/vieassociative.be\/actualites\/wp-content\/uploads\/2024\/09\/header_backgroundk-01-e1726694325946.png\" \/>\n\t<meta property=\"og:image:width\" content=\"279\" \/>\n\t<meta property=\"og:image:height\" content=\"92\" \/>\n\t<meta property=\"og:image:type\" content=\"image\/png\" \/>\n<meta name=\"author\" content=\"Julien\" \/>\n<meta name=\"twitter:card\" content=\"summary_large_image\" \/>\n<meta name=\"twitter:label1\" content=\"\u00c9crit par\" \/>\n\t<meta name=\"twitter:data1\" content=\"Julien\" \/>\n\t<meta name=\"twitter:label2\" content=\"Dur\u00e9e de lecture est.\" \/>\n\t<meta name=\"twitter:data2\" content=\"3 minutes\" \/>\n<script type=\"application\/ld+json\" class=\"yoast-schema-graph\">{\"@context\":\"https:\/\/schema.org\",\"@graph\":[{\"@type\":\"Article\",\"@id\":\"https:\/\/vieassociative.be\/actualites\/une-ancienne-infirmiere-aurait-tue-plus-de-100-personnes\/#article\",\"isPartOf\":{\"@id\":\"https:\/\/vieassociative.be\/actualites\/une-ancienne-infirmiere-aurait-tue-plus-de-100-personnes\/\"},\"author\":{\"name\":\"Julien\",\"@id\":\"https:\/\/vieassociative.be\/actualites\/#\/schema\/person\/b87ac4f82f9d4e7b7cec7395b679edc4\"},\"headline\":\"Une ancienne infirmi\u00e8re aurait tu\u00e9 plus de 100 personnes\",\"datePublished\":\"2026-01-24T06:17:27+00:00\",\"dateModified\":\"2026-01-24T06:17:27+00:00\",\"mainEntityOfPage\":{\"@id\":\"https:\/\/vieassociative.be\/actualites\/une-ancienne-infirmiere-aurait-tue-plus-de-100-personnes\/\"},\"wordCount\":594,\"publisher\":{\"@id\":\"https:\/\/vieassociative.be\/actualites\/#organization\"},\"image\":{\"@id\":\"https:\/\/vieassociative.be\/actualites\/une-ancienne-infirmiere-aurait-tue-plus-de-100-personnes\/#primaryimage\"},\"thumbnailUrl\":\"https:\/\/vieassociative.be\/actualites\/wp-content\/uploads\/2025\/11\/1762352389_Condamnation-a-perpetuite-contre-une-ancienne-infirmiere-dune-clinique-de.jpg\",\"keywords\":[\"ancienne\",\"aurait\",\"infirmi\u00e8re\",\"personnes\",\"tue\",\"une\"],\"articleSection\":[\"Belgique\"],\"inLanguage\":\"fr-BE\"},{\"@type\":\"WebPage\",\"@id\":\"https:\/\/vieassociative.be\/actualites\/une-ancienne-infirmiere-aurait-tue-plus-de-100-personnes\/\",\"url\":\"https:\/\/vieassociative.be\/actualites\/une-ancienne-infirmiere-aurait-tue-plus-de-100-personnes\/\",\"name\":\"Une ancienne infirmi\u00e8re aurait tu\u00e9 plus de 100 personnes | Vie Associative\",\"isPartOf\":{\"@id\":\"https:\/\/vieassociative.be\/actualites\/#website\"},\"primaryImageOfPage\":{\"@id\":\"https:\/\/vieassociative.be\/actualites\/une-ancienne-infirmiere-aurait-tue-plus-de-100-personnes\/#primaryimage\"},\"image\":{\"@id\":\"https:\/\/vieassociative.be\/actualites\/une-ancienne-infirmiere-aurait-tue-plus-de-100-personnes\/#primaryimage\"},\"thumbnailUrl\":\"https:\/\/vieassociative.be\/actualites\/wp-content\/uploads\/2025\/11\/1762352389_Condamnation-a-perpetuite-contre-une-ancienne-infirmiere-dune-clinique-de.jpg\",\"datePublished\":\"2026-01-24T06:17:27+00:00\",\"dateModified\":\"2026-01-24T06:17:27+00:00\",\"breadcrumb\":{\"@id\":\"https:\/\/vieassociative.be\/actualites\/une-ancienne-infirmiere-aurait-tue-plus-de-100-personnes\/#breadcrumb\"},\"inLanguage\":\"fr-BE\",\"potentialAction\":[{\"@type\":\"ReadAction\",\"target\":[\"https:\/\/vieassociative.be\/actualites\/une-ancienne-infirmiere-aurait-tue-plus-de-100-personnes\/\"]}]},{\"@type\":\"ImageObject\",\"inLanguage\":\"fr-BE\",\"@id\":\"https:\/\/vieassociative.be\/actualites\/une-ancienne-infirmiere-aurait-tue-plus-de-100-personnes\/#primaryimage\",\"url\":\"https:\/\/vieassociative.be\/actualites\/wp-content\/uploads\/2025\/11\/1762352389_Condamnation-a-perpetuite-contre-une-ancienne-infirmiere-dune-clinique-de.jpg\",\"contentUrl\":\"https:\/\/vieassociative.be\/actualites\/wp-content\/uploads\/2025\/11\/1762352389_Condamnation-a-perpetuite-contre-une-ancienne-infirmiere-dune-clinique-de.jpg\",\"width\":1200,\"height\":803,\"caption\":\"Condamnation \u00e0 perp\u00e9tuit\u00e9 contre une ancienne infirmi\u00e8re d'une clinique de W\u00fcrselen pour avoir assassin\u00e9 dix fois des patients\"},{\"@type\":\"BreadcrumbList\",\"@id\":\"https:\/\/vieassociative.be\/actualites\/une-ancienne-infirmiere-aurait-tue-plus-de-100-personnes\/#breadcrumb\",\"itemListElement\":[{\"@type\":\"ListItem\",\"position\":1,\"name\":\"Accueil\",\"item\":\"https:\/\/vieassociative.be\/actualites\/\"},{\"@type\":\"ListItem\",\"position\":2,\"name\":\"Une ancienne infirmi\u00e8re aurait tu\u00e9 plus de 100 personnes\"}]},{\"@type\":\"WebSite\",\"@id\":\"https:\/\/vieassociative.be\/actualites\/#website\",\"url\":\"https:\/\/vieassociative.be\/actualites\/\",\"name\":\"Vie Associative\",\"description\":\"\",\"publisher\":{\"@id\":\"https:\/\/vieassociative.be\/actualites\/#organization\"},\"potentialAction\":[{\"@type\":\"SearchAction\",\"target\":{\"@type\":\"EntryPoint\",\"urlTemplate\":\"https:\/\/vieassociative.be\/actualites\/?s={search_term_string}\"},\"query-input\":{\"@type\":\"PropertyValueSpecification\",\"valueRequired\":true,\"valueName\":\"search_term_string\"}}],\"inLanguage\":\"fr-BE\"},{\"@type\":\"Organization\",\"@id\":\"https:\/\/vieassociative.be\/actualites\/#organization\",\"name\":\"Vie Associative\",\"url\":\"https:\/\/vieassociative.be\/actualites\/\",\"logo\":{\"@type\":\"ImageObject\",\"inLanguage\":\"fr-BE\",\"@id\":\"https:\/\/vieassociative.be\/actualites\/#\/schema\/logo\/image\/\",\"url\":\"https:\/\/vieassociative.be\/actualites\/wp-content\/uploads\/2024\/09\/cropped-vieassociative_favicon.ico.png\",\"contentUrl\":\"https:\/\/vieassociative.be\/actualites\/wp-content\/uploads\/2024\/09\/cropped-vieassociative_favicon.ico.png\",\"width\":512,\"height\":512,\"caption\":\"Vie Associative\"},\"image\":{\"@id\":\"https:\/\/vieassociative.be\/actualites\/#\/schema\/logo\/image\/\"}},{\"@type\":\"Person\",\"@id\":\"https:\/\/vieassociative.be\/actualites\/#\/schema\/person\/b87ac4f82f9d4e7b7cec7395b679edc4\",\"name\":\"Julien\",\"image\":{\"@type\":\"ImageObject\",\"inLanguage\":\"fr-BE\",\"@id\":\"https:\/\/vieassociative.be\/actualites\/#\/schema\/person\/image\/\",\"url\":\"https:\/\/vieassociative.be\/actualites\/wp-content\/uploads\/2024\/09\/vie-associative-1-150x150.jpg\",\"contentUrl\":\"https:\/\/vieassociative.be\/actualites\/wp-content\/uploads\/2024\/09\/vie-associative-1-150x150.jpg\",\"caption\":\"Julien\"},\"description\":\"Je suis Julien, r\u00e9dacteur pour Vie Associative. Passionn\u00e9 par le monde associatif depuis plus de 10 ans, j'ai \u00e0 c\u0153ur de partager des histoires inspirantes et de mettre en lumi\u00e8re les initiatives locales. Mon objectif est de sensibiliser et d'encourager l'engagement communautaire \u00e0 travers mes articles.\",\"sameAs\":[\"https:\/\/vieassociative.be\/\"]}]}<\/script>\n<!-- \/ Yoast SEO plugin. -->","yoast_head_json":{"title":"Une ancienne infirmi\u00e8re aurait tu\u00e9 plus de 100 personnes | Vie Associative","robots":{"index":"index","follow":"follow","max-snippet":"max-snippet:-1","max-image-preview":"max-image-preview:large","max-video-preview":"max-video-preview:-1"},"canonical":"https:\/\/vieassociative.be\/actualites\/une-ancienne-infirmiere-aurait-tue-plus-de-100-personnes\/","og_locale":"fr_FR","og_type":"article","og_title":"Une ancienne infirmi\u00e8re aurait tu\u00e9 plus de 100 personnes | Vie Associative","og_description":"En novembre, une ancienne infirmi\u00e8re allemande a \u00e9t\u00e9 reconnue coupable de dix chefs de meurtre. Mais il a peut-\u00eatre tu\u00e9 davantage de personnes \u2013 bien","og_url":"https:\/\/vieassociative.be\/actualites\/une-ancienne-infirmiere-aurait-tue-plus-de-100-personnes\/","og_site_name":"Vie Associative","article_published_time":"2026-01-24T06:17:27+00:00","og_image":[{"width":279,"height":92,"url":"https:\/\/vieassociative.be\/actualites\/wp-content\/uploads\/2024\/09\/header_backgroundk-01-e1726694325946.png","type":"image\/png"}],"author":"Julien","twitter_card":"summary_large_image","twitter_misc":{"\u00c9crit par":"Julien","Dur\u00e9e de lecture est.":"3 minutes"},"schema":{"@context":"https:\/\/schema.org","@graph":[{"@type":"Article","@id":"https:\/\/vieassociative.be\/actualites\/une-ancienne-infirmiere-aurait-tue-plus-de-100-personnes\/#article","isPartOf":{"@id":"https:\/\/vieassociative.be\/actualites\/une-ancienne-infirmiere-aurait-tue-plus-de-100-personnes\/"},"author":{"name":"Julien","@id":"https:\/\/vieassociative.be\/actualites\/#\/schema\/person\/b87ac4f82f9d4e7b7cec7395b679edc4"},"headline":"Une ancienne infirmi\u00e8re aurait tu\u00e9 plus de 100 personnes","datePublished":"2026-01-24T06:17:27+00:00","dateModified":"2026-01-24T06:17:27+00:00","mainEntityOfPage":{"@id":"https:\/\/vieassociative.be\/actualites\/une-ancienne-infirmiere-aurait-tue-plus-de-100-personnes\/"},"wordCount":594,"publisher":{"@id":"https:\/\/vieassociative.be\/actualites\/#organization"},"image":{"@id":"https:\/\/vieassociative.be\/actualites\/une-ancienne-infirmiere-aurait-tue-plus-de-100-personnes\/#primaryimage"},"thumbnailUrl":"https:\/\/vieassociative.be\/actualites\/wp-content\/uploads\/2025\/11\/1762352389_Condamnation-a-perpetuite-contre-une-ancienne-infirmiere-dune-clinique-de.jpg","keywords":["ancienne","aurait","infirmi\u00e8re","personnes","tue","une"],"articleSection":["Belgique"],"inLanguage":"fr-BE"},{"@type":"WebPage","@id":"https:\/\/vieassociative.be\/actualites\/une-ancienne-infirmiere-aurait-tue-plus-de-100-personnes\/","url":"https:\/\/vieassociative.be\/actualites\/une-ancienne-infirmiere-aurait-tue-plus-de-100-personnes\/","name":"Une ancienne infirmi\u00e8re aurait tu\u00e9 plus de 100 personnes | Vie Associative","isPartOf":{"@id":"https:\/\/vieassociative.be\/actualites\/#website"},"primaryImageOfPage":{"@id":"https:\/\/vieassociative.be\/actualites\/une-ancienne-infirmiere-aurait-tue-plus-de-100-personnes\/#primaryimage"},"image":{"@id":"https:\/\/vieassociative.be\/actualites\/une-ancienne-infirmiere-aurait-tue-plus-de-100-personnes\/#primaryimage"},"thumbnailUrl":"https:\/\/vieassociative.be\/actualites\/wp-content\/uploads\/2025\/11\/1762352389_Condamnation-a-perpetuite-contre-une-ancienne-infirmiere-dune-clinique-de.jpg","datePublished":"2026-01-24T06:17:27+00:00","dateModified":"2026-01-24T06:17:27+00:00","breadcrumb":{"@id":"https:\/\/vieassociative.be\/actualites\/une-ancienne-infirmiere-aurait-tue-plus-de-100-personnes\/#breadcrumb"},"inLanguage":"fr-BE","potentialAction":[{"@type":"ReadAction","target":["https:\/\/vieassociative.be\/actualites\/une-ancienne-infirmiere-aurait-tue-plus-de-100-personnes\/"]}]},{"@type":"ImageObject","inLanguage":"fr-BE","@id":"https:\/\/vieassociative.be\/actualites\/une-ancienne-infirmiere-aurait-tue-plus-de-100-personnes\/#primaryimage","url":"https:\/\/vieassociative.be\/actualites\/wp-content\/uploads\/2025\/11\/1762352389_Condamnation-a-perpetuite-contre-une-ancienne-infirmiere-dune-clinique-de.jpg","contentUrl":"https:\/\/vieassociative.be\/actualites\/wp-content\/uploads\/2025\/11\/1762352389_Condamnation-a-perpetuite-contre-une-ancienne-infirmiere-dune-clinique-de.jpg","width":1200,"height":803,"caption":"Condamnation \u00e0 perp\u00e9tuit\u00e9 contre une ancienne infirmi\u00e8re d'une clinique de W\u00fcrselen pour avoir assassin\u00e9 dix fois des patients"},{"@type":"BreadcrumbList","@id":"https:\/\/vieassociative.be\/actualites\/une-ancienne-infirmiere-aurait-tue-plus-de-100-personnes\/#breadcrumb","itemListElement":[{"@type":"ListItem","position":1,"name":"Accueil","item":"https:\/\/vieassociative.be\/actualites\/"},{"@type":"ListItem","position":2,"name":"Une ancienne infirmi\u00e8re aurait tu\u00e9 plus de 100 personnes"}]},{"@type":"WebSite","@id":"https:\/\/vieassociative.be\/actualites\/#website","url":"https:\/\/vieassociative.be\/actualites\/","name":"Vie Associative","description":"","publisher":{"@id":"https:\/\/vieassociative.be\/actualites\/#organization"},"potentialAction":[{"@type":"SearchAction","target":{"@type":"EntryPoint","urlTemplate":"https:\/\/vieassociative.be\/actualites\/?s={search_term_string}"},"query-input":{"@type":"PropertyValueSpecification","valueRequired":true,"valueName":"search_term_string"}}],"inLanguage":"fr-BE"},{"@type":"Organization","@id":"https:\/\/vieassociative.be\/actualites\/#organization","name":"Vie Associative","url":"https:\/\/vieassociative.be\/actualites\/","logo":{"@type":"ImageObject","inLanguage":"fr-BE","@id":"https:\/\/vieassociative.be\/actualites\/#\/schema\/logo\/image\/","url":"https:\/\/vieassociative.be\/actualites\/wp-content\/uploads\/2024\/09\/cropped-vieassociative_favicon.ico.png","contentUrl":"https:\/\/vieassociative.be\/actualites\/wp-content\/uploads\/2024\/09\/cropped-vieassociative_favicon.ico.png","width":512,"height":512,"caption":"Vie Associative"},"image":{"@id":"https:\/\/vieassociative.be\/actualites\/#\/schema\/logo\/image\/"}},{"@type":"Person","@id":"https:\/\/vieassociative.be\/actualites\/#\/schema\/person\/b87ac4f82f9d4e7b7cec7395b679edc4","name":"Julien","image":{"@type":"ImageObject","inLanguage":"fr-BE","@id":"https:\/\/vieassociative.be\/actualites\/#\/schema\/person\/image\/","url":"https:\/\/vieassociative.be\/actualites\/wp-content\/uploads\/2024\/09\/vie-associative-1-150x150.jpg","contentUrl":"https:\/\/vieassociative.be\/actualites\/wp-content\/uploads\/2024\/09\/vie-associative-1-150x150.jpg","caption":"Julien"},"description":"Je suis Julien, r\u00e9dacteur pour Vie Associative. Passionn\u00e9 par le monde associatif depuis plus de 10 ans, j'ai \u00e0 c\u0153ur de partager des histoires inspirantes et de mettre en lumi\u00e8re les initiatives locales. Mon objectif est de sensibiliser et d'encourager l'engagement communautaire \u00e0 travers mes articles.","sameAs":["https:\/\/vieassociative.be\/"]}]}},"_links":{"self":[{"href":"https:\/\/vieassociative.be\/actualites\/wp-json\/wp\/v2\/posts\/12338"}],"collection":[{"href":"https:\/\/vieassociative.be\/actualites\/wp-json\/wp\/v2\/posts"}],"about":[{"href":"https:\/\/vieassociative.be\/actualites\/wp-json\/wp\/v2\/types\/post"}],"author":[{"embeddable":true,"href":"https:\/\/vieassociative.be\/actualites\/wp-json\/wp\/v2\/users\/1"}],"replies":[{"embeddable":true,"href":"https:\/\/vieassociative.be\/actualites\/wp-json\/wp\/v2\/comments?post=12338"}],"version-history":[{"count":0,"href":"https:\/\/vieassociative.be\/actualites\/wp-json\/wp\/v2\/posts\/12338\/revisions"}],"wp:featuredmedia":[{"embeddable":true,"href":"https:\/\/vieassociative.be\/actualites\/wp-json\/wp\/v2\/media\/11125"}],"wp:attachment":[{"href":"https:\/\/vieassociative.be\/actualites\/wp-json\/wp\/v2\/media?parent=12338"}],"wp:term":[{"taxonomy":"category","embeddable":true,"href":"https:\/\/vieassociative.be\/actualites\/wp-json\/wp\/v2\/categories?post=12338"},{"taxonomy":"post_tag","embeddable":true,"href":"https:\/\/vieassociative.be\/actualites\/wp-json\/wp\/v2\/tags?post=12338"}],"curies":[{"name":"wp","href":"https:\/\/api.w.org\/{rel}","templated":true}]}}