{"id":12334,"date":"2026-01-24T01:17:26","date_gmt":"2026-01-24T00:17:26","guid":{"rendered":"https:\/\/vieassociative.be\/actualites\/le-rfc-raeren-souhaite-fabriquer-des-petits-pains-a-lavenir-et-retire-la-premiere-equipe-des-classes-nationales\/"},"modified":"2026-01-24T01:17:26","modified_gmt":"2026-01-24T00:17:26","slug":"le-rfc-raeren-souhaite-fabriquer-des-petits-pains-a-lavenir-et-retire-la-premiere-equipe-des-classes-nationales","status":"publish","type":"post","link":"https:\/\/vieassociative.be\/actualites\/le-rfc-raeren-souhaite-fabriquer-des-petits-pains-a-lavenir-et-retire-la-premiere-equipe-des-classes-nationales\/","title":{"rendered":"Le RFC Raeren souhaite fabriquer des petits pains \u00e0 l&rsquo;avenir et retire la premi\u00e8re \u00e9quipe des classes nationales"},"content":{"rendered":"<p><strong>C&rsquo;est d\u00e9j\u00e0 un coup d&rsquo;\u00e9clat dans le football r\u00e9gional de l&rsquo;Est de la Belgique : pr\u00e8s de dix ans apr\u00e8s la fusion avec Rot-Weiss Eynatten, sept ans apr\u00e8s la promotion en D3 Amateurs et presque deux ans apr\u00e8s la promotion en D2 Amateurs, la direction du club du RFC Raeren-Eynatten a annonc\u00e9 vouloir pr\u00e9parer des petits pains d\u00e8s la saison prochaine.<\/strong><\/p>\n<p><span id=\"more-434421\"><\/span>Des revenus insuffisants et des d\u00e9penses excessives donnent mal \u00e0 la t\u00eate aux habitants de Raeren qui sont en septi\u00e8me ann\u00e9e dans les classes nationales. C&rsquo;est pourquoi vous souhaitez \u00e0 l&rsquo;avenir compter sur votre propre prog\u00e9niture. La deuxi\u00e8me \u00e9quipe, qui est en course pour une place de promotion en troisi\u00e8me division provinciale, devrait devenir la premi\u00e8re.<\/p>\n<div id=\"attachment_434431\" class=\"wp-caption alignleft\" style=\"max-width: 300px\"><img fetchpriority=\"high\" decoding=\"async\" class=\"wp-image-434431 size-medium\" src=\"https:\/\/vieassociative.be\/actualites\/wp-content\/uploads\/2026\/01\/Le-RFC-Raeren-souhaite-fabriquer-des-petits-pains-a-lavenir.jpg\" alt=\"\" width=\"300\" height=\"200\"  ><\/div>\n<p>En outre, le RFC Raeren-Eynatten a \u00e9galement d\u00fb apprendre que cette ascension rapide a \u00e9galement co\u00fbt\u00e9 un peu d&rsquo;identification au club et que le RFC d&rsquo;aujourd&rsquo;hui a de moins en moins de points communs avec celui du pass\u00e9.<\/p>\n<p>L&rsquo;annonce par la direction du club du retrait du RFC Raeren-Eynatten des classes nationales risque \u00e9galement de susciter des discussions entre son rival du championnat, le RFC Union Kelmis, o\u00f9 les noirs et les jaunes sont invit\u00e9s ce samedi \u00e0 19h30, ainsi qu&rsquo;avec l&rsquo;\u00e9quipe U23 de l&rsquo;AS Eupen, une classe inf\u00e9rieure, leader de la D3 Amateurs, et son rival municipal, le FC Eupen, dernier de classement de la D3 Amateurs. <\/p>\n<p>La nouvelle du retrait volontaire du RFC des classes nationales intervient moins d&rsquo;un an apr\u00e8s la d\u00e9mission de Walther Collubry, pr\u00e9sident du RFC Raeren-Eynatten pendant 18 ans. Une nouvelle \u00e8re commence au RFC Raeren apr\u00e8s la saison en cours. (cr\u00e9er)<\/p>\n","protected":false},"excerpt":{"rendered":"<p>C&rsquo;est d\u00e9j\u00e0 un coup d&rsquo;\u00e9clat dans le football r\u00e9gional de l&rsquo;Est de la Belgique : pr\u00e8s de dix ans apr\u00e8s la fusion avec Rot-Weiss Eynatten,<\/p>\n","protected":false},"author":1,"featured_media":12335,"comment_status":"","ping_status":"","sticky":false,"template":"","format":"standard","meta":{"footnotes":""},"categories":[298],"tags":[5037,29,3875,2489,2274,7420,9852,323,610,2645,2955,6359,7514],"class_list":["post-12334","post","type-post","status-publish","format-standard","has-post-thumbnail","hentry","category-belgique","tag-classes","tag-des","tag-equipe","tag-fabriquer","tag-lavenir","tag-nationales","tag-pains","tag-petits","tag-premiere","tag-raeren","tag-retire","tag-rfc","tag-souhaite","generate-columns","tablet-grid-50","mobile-grid-100","grid-parent","grid-33"],"yoast_head":"<!-- This site is optimized with the Yoast SEO plugin v24.0 - https:\/\/yoast.com\/wordpress\/plugins\/seo\/ -->\n<title>Le RFC Raeren souhaite fabriquer des petits pains \u00e0 l&#039;avenir et retire la premi\u00e8re \u00e9quipe des classes nationales | Vie Associative<\/title>\n<meta name=\"robots\" content=\"index, follow, max-snippet:-1, max-image-preview:large, max-video-preview:-1\" \/>\n<link rel=\"canonical\" href=\"https:\/\/vieassociative.be\/actualites\/le-rfc-raeren-souhaite-fabriquer-des-petits-pains-a-lavenir-et-retire-la-premiere-equipe-des-classes-nationales\/\" \/>\n<meta property=\"og:locale\" content=\"fr_FR\" \/>\n<meta property=\"og:type\" content=\"article\" \/>\n<meta property=\"og:title\" content=\"Le RFC Raeren souhaite fabriquer des petits pains \u00e0 l&#039;avenir et retire la premi\u00e8re \u00e9quipe des classes nationales | Vie Associative\" \/>\n<meta property=\"og:description\" content=\"C&rsquo;est d\u00e9j\u00e0 un coup d&rsquo;\u00e9clat dans le football r\u00e9gional de l&rsquo;Est de la Belgique : pr\u00e8s de dix ans apr\u00e8s la fusion avec Rot-Weiss Eynatten,\" \/>\n<meta property=\"og:url\" content=\"https:\/\/vieassociative.be\/actualites\/le-rfc-raeren-souhaite-fabriquer-des-petits-pains-a-lavenir-et-retire-la-premiere-equipe-des-classes-nationales\/\" \/>\n<meta property=\"og:site_name\" content=\"Vie Associative\" \/>\n<meta property=\"article:published_time\" content=\"2026-01-24T00:17:26+00:00\" \/>\n<meta property=\"og:image\" content=\"https:\/\/vieassociative.be\/actualites\/wp-content\/uploads\/2024\/09\/header_backgroundk-01-e1726694325946.png\" \/>\n\t<meta property=\"og:image:width\" content=\"279\" \/>\n\t<meta property=\"og:image:height\" content=\"92\" \/>\n\t<meta property=\"og:image:type\" content=\"image\/png\" \/>\n<meta name=\"author\" content=\"Julien\" \/>\n<meta name=\"twitter:card\" content=\"summary_large_image\" \/>\n<meta name=\"twitter:label1\" content=\"\u00c9crit par\" \/>\n\t<meta name=\"twitter:data1\" content=\"Julien\" \/>\n\t<meta name=\"twitter:label2\" content=\"Dur\u00e9e de lecture est.\" \/>\n\t<meta name=\"twitter:data2\" content=\"1 minute\" \/>\n<script type=\"application\/ld+json\" class=\"yoast-schema-graph\">{\"@context\":\"https:\/\/schema.org\",\"@graph\":[{\"@type\":\"Article\",\"@id\":\"https:\/\/vieassociative.be\/actualites\/le-rfc-raeren-souhaite-fabriquer-des-petits-pains-a-lavenir-et-retire-la-premiere-equipe-des-classes-nationales\/#article\",\"isPartOf\":{\"@id\":\"https:\/\/vieassociative.be\/actualites\/le-rfc-raeren-souhaite-fabriquer-des-petits-pains-a-lavenir-et-retire-la-premiere-equipe-des-classes-nationales\/\"},\"author\":{\"name\":\"Julien\",\"@id\":\"https:\/\/vieassociative.be\/actualites\/#\/schema\/person\/b87ac4f82f9d4e7b7cec7395b679edc4\"},\"headline\":\"Le RFC Raeren souhaite fabriquer des petits pains \u00e0 l&rsquo;avenir et retire la premi\u00e8re \u00e9quipe des classes nationales\",\"datePublished\":\"2026-01-24T00:17:26+00:00\",\"dateModified\":\"2026-01-24T00:17:26+00:00\",\"mainEntityOfPage\":{\"@id\":\"https:\/\/vieassociative.be\/actualites\/le-rfc-raeren-souhaite-fabriquer-des-petits-pains-a-lavenir-et-retire-la-premiere-equipe-des-classes-nationales\/\"},\"wordCount\":316,\"publisher\":{\"@id\":\"https:\/\/vieassociative.be\/actualites\/#organization\"},\"image\":{\"@id\":\"https:\/\/vieassociative.be\/actualites\/le-rfc-raeren-souhaite-fabriquer-des-petits-pains-a-lavenir-et-retire-la-premiere-equipe-des-classes-nationales\/#primaryimage\"},\"thumbnailUrl\":\"https:\/\/vieassociative.be\/actualites\/wp-content\/uploads\/2026\/01\/1769213847_Le-RFC-Raeren-souhaite-fabriquer-des-petits-pains-a-lavenir.jpg\",\"keywords\":[\"class\u00e9s\",\"Des\",\"\u00e9quipe\",\"fabriquer\",\"lavenir\",\"nationales\",\"pains\",\"petits\",\"premi\u00e8re\",\"Raeren\",\"retire\",\"RFC\",\"souhait\u00e9\"],\"articleSection\":[\"Belgique\"],\"inLanguage\":\"fr-BE\"},{\"@type\":\"WebPage\",\"@id\":\"https:\/\/vieassociative.be\/actualites\/le-rfc-raeren-souhaite-fabriquer-des-petits-pains-a-lavenir-et-retire-la-premiere-equipe-des-classes-nationales\/\",\"url\":\"https:\/\/vieassociative.be\/actualites\/le-rfc-raeren-souhaite-fabriquer-des-petits-pains-a-lavenir-et-retire-la-premiere-equipe-des-classes-nationales\/\",\"name\":\"Le RFC Raeren souhaite fabriquer des petits pains \u00e0 l'avenir et retire la premi\u00e8re \u00e9quipe des classes nationales | Vie Associative\",\"isPartOf\":{\"@id\":\"https:\/\/vieassociative.be\/actualites\/#website\"},\"primaryImageOfPage\":{\"@id\":\"https:\/\/vieassociative.be\/actualites\/le-rfc-raeren-souhaite-fabriquer-des-petits-pains-a-lavenir-et-retire-la-premiere-equipe-des-classes-nationales\/#primaryimage\"},\"image\":{\"@id\":\"https:\/\/vieassociative.be\/actualites\/le-rfc-raeren-souhaite-fabriquer-des-petits-pains-a-lavenir-et-retire-la-premiere-equipe-des-classes-nationales\/#primaryimage\"},\"thumbnailUrl\":\"https:\/\/vieassociative.be\/actualites\/wp-content\/uploads\/2026\/01\/1769213847_Le-RFC-Raeren-souhaite-fabriquer-des-petits-pains-a-lavenir.jpg\",\"datePublished\":\"2026-01-24T00:17:26+00:00\",\"dateModified\":\"2026-01-24T00:17:26+00:00\",\"breadcrumb\":{\"@id\":\"https:\/\/vieassociative.be\/actualites\/le-rfc-raeren-souhaite-fabriquer-des-petits-pains-a-lavenir-et-retire-la-premiere-equipe-des-classes-nationales\/#breadcrumb\"},\"inLanguage\":\"fr-BE\",\"potentialAction\":[{\"@type\":\"ReadAction\",\"target\":[\"https:\/\/vieassociative.be\/actualites\/le-rfc-raeren-souhaite-fabriquer-des-petits-pains-a-lavenir-et-retire-la-premiere-equipe-des-classes-nationales\/\"]}]},{\"@type\":\"ImageObject\",\"inLanguage\":\"fr-BE\",\"@id\":\"https:\/\/vieassociative.be\/actualites\/le-rfc-raeren-souhaite-fabriquer-des-petits-pains-a-lavenir-et-retire-la-premiere-equipe-des-classes-nationales\/#primaryimage\",\"url\":\"https:\/\/vieassociative.be\/actualites\/wp-content\/uploads\/2026\/01\/1769213847_Le-RFC-Raeren-souhaite-fabriquer-des-petits-pains-a-lavenir.jpg\",\"contentUrl\":\"https:\/\/vieassociative.be\/actualites\/wp-content\/uploads\/2026\/01\/1769213847_Le-RFC-Raeren-souhaite-fabriquer-des-petits-pains-a-lavenir.jpg\",\"width\":900,\"height\":600,\"caption\":\"Le RFC Raeren souhaite fabriquer des petits pains \u00e0 l'avenir et retire la premi\u00e8re \u00e9quipe des classes nationales\"},{\"@type\":\"BreadcrumbList\",\"@id\":\"https:\/\/vieassociative.be\/actualites\/le-rfc-raeren-souhaite-fabriquer-des-petits-pains-a-lavenir-et-retire-la-premiere-equipe-des-classes-nationales\/#breadcrumb\",\"itemListElement\":[{\"@type\":\"ListItem\",\"position\":1,\"name\":\"Accueil\",\"item\":\"https:\/\/vieassociative.be\/actualites\/\"},{\"@type\":\"ListItem\",\"position\":2,\"name\":\"Le RFC Raeren souhaite fabriquer des petits pains \u00e0 l&rsquo;avenir et retire la premi\u00e8re \u00e9quipe des classes nationales\"}]},{\"@type\":\"WebSite\",\"@id\":\"https:\/\/vieassociative.be\/actualites\/#website\",\"url\":\"https:\/\/vieassociative.be\/actualites\/\",\"name\":\"Vie Associative\",\"description\":\"\",\"publisher\":{\"@id\":\"https:\/\/vieassociative.be\/actualites\/#organization\"},\"potentialAction\":[{\"@type\":\"SearchAction\",\"target\":{\"@type\":\"EntryPoint\",\"urlTemplate\":\"https:\/\/vieassociative.be\/actualites\/?s={search_term_string}\"},\"query-input\":{\"@type\":\"PropertyValueSpecification\",\"valueRequired\":true,\"valueName\":\"search_term_string\"}}],\"inLanguage\":\"fr-BE\"},{\"@type\":\"Organization\",\"@id\":\"https:\/\/vieassociative.be\/actualites\/#organization\",\"name\":\"Vie Associative\",\"url\":\"https:\/\/vieassociative.be\/actualites\/\",\"logo\":{\"@type\":\"ImageObject\",\"inLanguage\":\"fr-BE\",\"@id\":\"https:\/\/vieassociative.be\/actualites\/#\/schema\/logo\/image\/\",\"url\":\"https:\/\/vieassociative.be\/actualites\/wp-content\/uploads\/2024\/09\/cropped-vieassociative_favicon.ico.png\",\"contentUrl\":\"https:\/\/vieassociative.be\/actualites\/wp-content\/uploads\/2024\/09\/cropped-vieassociative_favicon.ico.png\",\"width\":512,\"height\":512,\"caption\":\"Vie Associative\"},\"image\":{\"@id\":\"https:\/\/vieassociative.be\/actualites\/#\/schema\/logo\/image\/\"}},{\"@type\":\"Person\",\"@id\":\"https:\/\/vieassociative.be\/actualites\/#\/schema\/person\/b87ac4f82f9d4e7b7cec7395b679edc4\",\"name\":\"Julien\",\"image\":{\"@type\":\"ImageObject\",\"inLanguage\":\"fr-BE\",\"@id\":\"https:\/\/vieassociative.be\/actualites\/#\/schema\/person\/image\/\",\"url\":\"https:\/\/vieassociative.be\/actualites\/wp-content\/uploads\/2024\/09\/vie-associative-1-150x150.jpg\",\"contentUrl\":\"https:\/\/vieassociative.be\/actualites\/wp-content\/uploads\/2024\/09\/vie-associative-1-150x150.jpg\",\"caption\":\"Julien\"},\"description\":\"Je suis Julien, r\u00e9dacteur pour Vie Associative. Passionn\u00e9 par le monde associatif depuis plus de 10 ans, j'ai \u00e0 c\u0153ur de partager des histoires inspirantes et de mettre en lumi\u00e8re les initiatives locales. Mon objectif est de sensibiliser et d'encourager l'engagement communautaire \u00e0 travers mes articles.\",\"sameAs\":[\"https:\/\/vieassociative.be\/\"]}]}<\/script>\n<!-- \/ Yoast SEO plugin. -->","yoast_head_json":{"title":"Le RFC Raeren souhaite fabriquer des petits pains \u00e0 l'avenir et retire la premi\u00e8re \u00e9quipe des classes nationales | Vie Associative","robots":{"index":"index","follow":"follow","max-snippet":"max-snippet:-1","max-image-preview":"max-image-preview:large","max-video-preview":"max-video-preview:-1"},"canonical":"https:\/\/vieassociative.be\/actualites\/le-rfc-raeren-souhaite-fabriquer-des-petits-pains-a-lavenir-et-retire-la-premiere-equipe-des-classes-nationales\/","og_locale":"fr_FR","og_type":"article","og_title":"Le RFC Raeren souhaite fabriquer des petits pains \u00e0 l'avenir et retire la premi\u00e8re \u00e9quipe des classes nationales | Vie Associative","og_description":"C&rsquo;est d\u00e9j\u00e0 un coup d&rsquo;\u00e9clat dans le football r\u00e9gional de l&rsquo;Est de la Belgique : pr\u00e8s de dix ans apr\u00e8s la fusion avec Rot-Weiss Eynatten,","og_url":"https:\/\/vieassociative.be\/actualites\/le-rfc-raeren-souhaite-fabriquer-des-petits-pains-a-lavenir-et-retire-la-premiere-equipe-des-classes-nationales\/","og_site_name":"Vie Associative","article_published_time":"2026-01-24T00:17:26+00:00","og_image":[{"width":279,"height":92,"url":"https:\/\/vieassociative.be\/actualites\/wp-content\/uploads\/2024\/09\/header_backgroundk-01-e1726694325946.png","type":"image\/png"}],"author":"Julien","twitter_card":"summary_large_image","twitter_misc":{"\u00c9crit par":"Julien","Dur\u00e9e de lecture est.":"1 minute"},"schema":{"@context":"https:\/\/schema.org","@graph":[{"@type":"Article","@id":"https:\/\/vieassociative.be\/actualites\/le-rfc-raeren-souhaite-fabriquer-des-petits-pains-a-lavenir-et-retire-la-premiere-equipe-des-classes-nationales\/#article","isPartOf":{"@id":"https:\/\/vieassociative.be\/actualites\/le-rfc-raeren-souhaite-fabriquer-des-petits-pains-a-lavenir-et-retire-la-premiere-equipe-des-classes-nationales\/"},"author":{"name":"Julien","@id":"https:\/\/vieassociative.be\/actualites\/#\/schema\/person\/b87ac4f82f9d4e7b7cec7395b679edc4"},"headline":"Le RFC Raeren souhaite fabriquer des petits pains \u00e0 l&rsquo;avenir et retire la premi\u00e8re \u00e9quipe des classes nationales","datePublished":"2026-01-24T00:17:26+00:00","dateModified":"2026-01-24T00:17:26+00:00","mainEntityOfPage":{"@id":"https:\/\/vieassociative.be\/actualites\/le-rfc-raeren-souhaite-fabriquer-des-petits-pains-a-lavenir-et-retire-la-premiere-equipe-des-classes-nationales\/"},"wordCount":316,"publisher":{"@id":"https:\/\/vieassociative.be\/actualites\/#organization"},"image":{"@id":"https:\/\/vieassociative.be\/actualites\/le-rfc-raeren-souhaite-fabriquer-des-petits-pains-a-lavenir-et-retire-la-premiere-equipe-des-classes-nationales\/#primaryimage"},"thumbnailUrl":"https:\/\/vieassociative.be\/actualites\/wp-content\/uploads\/2026\/01\/1769213847_Le-RFC-Raeren-souhaite-fabriquer-des-petits-pains-a-lavenir.jpg","keywords":["class\u00e9s","Des","\u00e9quipe","fabriquer","lavenir","nationales","pains","petits","premi\u00e8re","Raeren","retire","RFC","souhait\u00e9"],"articleSection":["Belgique"],"inLanguage":"fr-BE"},{"@type":"WebPage","@id":"https:\/\/vieassociative.be\/actualites\/le-rfc-raeren-souhaite-fabriquer-des-petits-pains-a-lavenir-et-retire-la-premiere-equipe-des-classes-nationales\/","url":"https:\/\/vieassociative.be\/actualites\/le-rfc-raeren-souhaite-fabriquer-des-petits-pains-a-lavenir-et-retire-la-premiere-equipe-des-classes-nationales\/","name":"Le RFC Raeren souhaite fabriquer des petits pains \u00e0 l'avenir et retire la premi\u00e8re \u00e9quipe des classes nationales | Vie Associative","isPartOf":{"@id":"https:\/\/vieassociative.be\/actualites\/#website"},"primaryImageOfPage":{"@id":"https:\/\/vieassociative.be\/actualites\/le-rfc-raeren-souhaite-fabriquer-des-petits-pains-a-lavenir-et-retire-la-premiere-equipe-des-classes-nationales\/#primaryimage"},"image":{"@id":"https:\/\/vieassociative.be\/actualites\/le-rfc-raeren-souhaite-fabriquer-des-petits-pains-a-lavenir-et-retire-la-premiere-equipe-des-classes-nationales\/#primaryimage"},"thumbnailUrl":"https:\/\/vieassociative.be\/actualites\/wp-content\/uploads\/2026\/01\/1769213847_Le-RFC-Raeren-souhaite-fabriquer-des-petits-pains-a-lavenir.jpg","datePublished":"2026-01-24T00:17:26+00:00","dateModified":"2026-01-24T00:17:26+00:00","breadcrumb":{"@id":"https:\/\/vieassociative.be\/actualites\/le-rfc-raeren-souhaite-fabriquer-des-petits-pains-a-lavenir-et-retire-la-premiere-equipe-des-classes-nationales\/#breadcrumb"},"inLanguage":"fr-BE","potentialAction":[{"@type":"ReadAction","target":["https:\/\/vieassociative.be\/actualites\/le-rfc-raeren-souhaite-fabriquer-des-petits-pains-a-lavenir-et-retire-la-premiere-equipe-des-classes-nationales\/"]}]},{"@type":"ImageObject","inLanguage":"fr-BE","@id":"https:\/\/vieassociative.be\/actualites\/le-rfc-raeren-souhaite-fabriquer-des-petits-pains-a-lavenir-et-retire-la-premiere-equipe-des-classes-nationales\/#primaryimage","url":"https:\/\/vieassociative.be\/actualites\/wp-content\/uploads\/2026\/01\/1769213847_Le-RFC-Raeren-souhaite-fabriquer-des-petits-pains-a-lavenir.jpg","contentUrl":"https:\/\/vieassociative.be\/actualites\/wp-content\/uploads\/2026\/01\/1769213847_Le-RFC-Raeren-souhaite-fabriquer-des-petits-pains-a-lavenir.jpg","width":900,"height":600,"caption":"Le RFC Raeren souhaite fabriquer des petits pains \u00e0 l'avenir et retire la premi\u00e8re \u00e9quipe des classes nationales"},{"@type":"BreadcrumbList","@id":"https:\/\/vieassociative.be\/actualites\/le-rfc-raeren-souhaite-fabriquer-des-petits-pains-a-lavenir-et-retire-la-premiere-equipe-des-classes-nationales\/#breadcrumb","itemListElement":[{"@type":"ListItem","position":1,"name":"Accueil","item":"https:\/\/vieassociative.be\/actualites\/"},{"@type":"ListItem","position":2,"name":"Le RFC Raeren souhaite fabriquer des petits pains \u00e0 l&rsquo;avenir et retire la premi\u00e8re \u00e9quipe des classes nationales"}]},{"@type":"WebSite","@id":"https:\/\/vieassociative.be\/actualites\/#website","url":"https:\/\/vieassociative.be\/actualites\/","name":"Vie Associative","description":"","publisher":{"@id":"https:\/\/vieassociative.be\/actualites\/#organization"},"potentialAction":[{"@type":"SearchAction","target":{"@type":"EntryPoint","urlTemplate":"https:\/\/vieassociative.be\/actualites\/?s={search_term_string}"},"query-input":{"@type":"PropertyValueSpecification","valueRequired":true,"valueName":"search_term_string"}}],"inLanguage":"fr-BE"},{"@type":"Organization","@id":"https:\/\/vieassociative.be\/actualites\/#organization","name":"Vie Associative","url":"https:\/\/vieassociative.be\/actualites\/","logo":{"@type":"ImageObject","inLanguage":"fr-BE","@id":"https:\/\/vieassociative.be\/actualites\/#\/schema\/logo\/image\/","url":"https:\/\/vieassociative.be\/actualites\/wp-content\/uploads\/2024\/09\/cropped-vieassociative_favicon.ico.png","contentUrl":"https:\/\/vieassociative.be\/actualites\/wp-content\/uploads\/2024\/09\/cropped-vieassociative_favicon.ico.png","width":512,"height":512,"caption":"Vie Associative"},"image":{"@id":"https:\/\/vieassociative.be\/actualites\/#\/schema\/logo\/image\/"}},{"@type":"Person","@id":"https:\/\/vieassociative.be\/actualites\/#\/schema\/person\/b87ac4f82f9d4e7b7cec7395b679edc4","name":"Julien","image":{"@type":"ImageObject","inLanguage":"fr-BE","@id":"https:\/\/vieassociative.be\/actualites\/#\/schema\/person\/image\/","url":"https:\/\/vieassociative.be\/actualites\/wp-content\/uploads\/2024\/09\/vie-associative-1-150x150.jpg","contentUrl":"https:\/\/vieassociative.be\/actualites\/wp-content\/uploads\/2024\/09\/vie-associative-1-150x150.jpg","caption":"Julien"},"description":"Je suis Julien, r\u00e9dacteur pour Vie Associative. Passionn\u00e9 par le monde associatif depuis plus de 10 ans, j'ai \u00e0 c\u0153ur de partager des histoires inspirantes et de mettre en lumi\u00e8re les initiatives locales. Mon objectif est de sensibiliser et d'encourager l'engagement communautaire \u00e0 travers mes articles.","sameAs":["https:\/\/vieassociative.be\/"]}]}},"_links":{"self":[{"href":"https:\/\/vieassociative.be\/actualites\/wp-json\/wp\/v2\/posts\/12334"}],"collection":[{"href":"https:\/\/vieassociative.be\/actualites\/wp-json\/wp\/v2\/posts"}],"about":[{"href":"https:\/\/vieassociative.be\/actualites\/wp-json\/wp\/v2\/types\/post"}],"author":[{"embeddable":true,"href":"https:\/\/vieassociative.be\/actualites\/wp-json\/wp\/v2\/users\/1"}],"replies":[{"embeddable":true,"href":"https:\/\/vieassociative.be\/actualites\/wp-json\/wp\/v2\/comments?post=12334"}],"version-history":[{"count":0,"href":"https:\/\/vieassociative.be\/actualites\/wp-json\/wp\/v2\/posts\/12334\/revisions"}],"wp:featuredmedia":[{"embeddable":true,"href":"https:\/\/vieassociative.be\/actualites\/wp-json\/wp\/v2\/media\/12335"}],"wp:attachment":[{"href":"https:\/\/vieassociative.be\/actualites\/wp-json\/wp\/v2\/media?parent=12334"}],"wp:term":[{"taxonomy":"category","embeddable":true,"href":"https:\/\/vieassociative.be\/actualites\/wp-json\/wp\/v2\/categories?post=12334"},{"taxonomy":"post_tag","embeddable":true,"href":"https:\/\/vieassociative.be\/actualites\/wp-json\/wp\/v2\/tags?post=12334"}],"curies":[{"name":"wp","href":"https:\/\/api.w.org\/{rel}","templated":true}]}}