{"id":12330,"date":"2026-01-23T19:18:23","date_gmt":"2026-01-23T18:18:23","guid":{"rendered":"https:\/\/vieassociative.be\/actualites\/huit-bornes-de-recharge-pour-promouvoir-lelectromobilite-a-eupen-une-contribution-a-la-realisation-des-objectifs-climatiques\/"},"modified":"2026-01-23T19:18:23","modified_gmt":"2026-01-23T18:18:23","slug":"huit-bornes-de-recharge-pour-promouvoir-lelectromobilite-a-eupen-une-contribution-a-la-realisation-des-objectifs-climatiques","status":"publish","type":"post","link":"https:\/\/vieassociative.be\/actualites\/huit-bornes-de-recharge-pour-promouvoir-lelectromobilite-a-eupen-une-contribution-a-la-realisation-des-objectifs-climatiques\/","title":{"rendered":"Huit bornes de recharge pour promouvoir l\u2019\u00e9lectromobilit\u00e9 \u00e0 Eupen \u2013 \u00ab Une contribution \u00e0 la r\u00e9alisation des objectifs climatiques \u00bb"},"content":{"rendered":"<p><strong>La ville d&rsquo;Eupen promeut l&rsquo;\u00e9lectromobilit\u00e9 avec huit bornes de recharge sur la commune. \u00abL&rsquo;\u00e9lectromobilit\u00e9 a \u00e9t\u00e9 syst\u00e9matiquement prise en compte dans les projets d&rsquo;infrastructures urbaines\u00bb, pr\u00e9cise un communiqu\u00e9 de la ville d&rsquo;Eupen. Les trois premiers piliers ont \u00e9t\u00e9 install\u00e9s au club de tennis KTC, et cinq autres suivront progressivement d&rsquo;ici fin 2025.<\/strong><\/p>\n<p><span id=\"more-434446\"><\/span>Une partie de l&rsquo;\u00e9lectricit\u00e9 exc\u00e9dentaire produite par les installations photovolta\u00efques communales sur les toits du Stadthaus, du KTC et du Limburgerweg est transmise aux bornes de recharge.<\/p>\n<p>Les huit piliers sont exploit\u00e9s en collaboration avec le partenaire local Emyon. L&rsquo;\u00e9lectricit\u00e9 est fournie \u00e0 un tarif bas et moyen afin de rendre l&rsquo;\u00e9lectromobilit\u00e9 aussi accessible que possible aux citoyens.<\/p>\n<div id=\"attachment_232285\" class=\"wp-caption alignleft\" style=\"max-width: 300px\"><img fetchpriority=\"high\" decoding=\"async\" class=\"wp-image-232285 size-medium\" src=\"https:\/\/vieassociative.be\/actualites\/wp-content\/uploads\/2025\/10\/Il-existe-encore-de-nombreux-prejuges-contre-les-voitures-electriques.jpeg\" alt=\"\" width=\"300\" height=\"213\"><\/div>\n<p>Gr\u00e2ce \u00e0 l&#8217;emplacement central des colonnes, par exemple dans le parking de la Bergstrasse ou dans la maison mitoyenne, m\u00eame les personnes ne disposant pas de leur propre infrastructure de recharge \u00e0 domicile b\u00e9n\u00e9ficient de possibilit\u00e9s de recharge simples. L&rsquo;offre a toujours \u00e9t\u00e9 bien accueillie.<\/p>\n<p>Les places de stationnement au niveau des colonnes sont r\u00e9serv\u00e9es aux v\u00e9hicules pendant le processus de recharge. Des panneaux appropri\u00e9s l&rsquo;indiquent. Chaque borne de recharge a une puissance totale maximale de 22 kW, qui est r\u00e9partie de mani\u00e8re dynamique entre les deux points de recharge.<\/p>\n<p>\u00abL&rsquo;infrastructure urbaine de recharge \u00e9lectrique constitue une contribution suppl\u00e9mentaire de la ville \u00e0 la r\u00e9alisation des objectifs climatiques convenus dans le cadre du plan \u00e9nerg\u00e9tique et climatique de la Communaut\u00e9 germanophone pour l&rsquo;agglom\u00e9ration et l&rsquo;administration municipale\u00bb, souligne la ville d&rsquo;Eupen dans son communiqu\u00e9 de presse.<\/p>\n<p><em>Les emplacements des huit bornes de recharge urbaines :<\/em><\/p>\n<ul>\n<li>Maison de ville\u00a0: 3 bornes de recharge publiques<\/li>\n<li>Parking Bergstrasse : 2 bornes de recharge<\/li>\n<li>Limburgerweg : 2 bornes de recharge<\/li>\n<li>Scheiblerpark : 2 bornes de recharge<\/li>\n<li>KTC : 6 bornes de recharge<\/li>\n<\/ul>\n<p><em>Plus d&rsquo;informations sur le lien suivant : <\/em><em>https:\/\/www.eupen.be\/e-loading infrastructure\/<\/em><\/p>\n","protected":false},"excerpt":{"rendered":"<p>La ville d&rsquo;Eupen promeut l&rsquo;\u00e9lectromobilit\u00e9 avec huit bornes de recharge sur la commune. \u00abL&rsquo;\u00e9lectromobilit\u00e9 a \u00e9t\u00e9 syst\u00e9matiquement prise en compte dans les projets d&rsquo;infrastructures urbaines\u00bb,<\/p>\n","protected":false},"author":1,"featured_media":12331,"comment_status":"","ping_status":"","sticky":false,"template":"","format":"standard","meta":{"footnotes":""},"categories":[298],"tags":[9845,9850,8767,29,2329,78,9848,4396,81,9847,9849,9846,110],"class_list":["post-12330","post","type-post","status-publish","format-standard","has-post-thumbnail","hentry","category-belgique","tag-bornes","tag-climatiques","tag-contribution","tag-des","tag-eupen","tag-huit","tag-lelectromobilite","tag-objectifs","tag-pour","tag-promouvoir","tag-realisation","tag-recharge","tag-une","generate-columns","tablet-grid-50","mobile-grid-100","grid-parent","grid-33"],"yoast_head":"<!-- This site is optimized with the Yoast SEO plugin v24.0 - https:\/\/yoast.com\/wordpress\/plugins\/seo\/ -->\n<title>Huit bornes de recharge pour promouvoir l\u2019\u00e9lectromobilit\u00e9 \u00e0 Eupen \u2013 \u00ab Une contribution \u00e0 la r\u00e9alisation des objectifs climatiques \u00bb | Vie Associative<\/title>\n<meta name=\"robots\" content=\"index, follow, max-snippet:-1, max-image-preview:large, max-video-preview:-1\" \/>\n<link rel=\"canonical\" href=\"https:\/\/vieassociative.be\/actualites\/huit-bornes-de-recharge-pour-promouvoir-lelectromobilite-a-eupen-une-contribution-a-la-realisation-des-objectifs-climatiques\/\" \/>\n<meta property=\"og:locale\" content=\"fr_FR\" \/>\n<meta property=\"og:type\" content=\"article\" \/>\n<meta property=\"og:title\" content=\"Huit bornes de recharge pour promouvoir l\u2019\u00e9lectromobilit\u00e9 \u00e0 Eupen \u2013 \u00ab Une contribution \u00e0 la r\u00e9alisation des objectifs climatiques \u00bb | Vie Associative\" \/>\n<meta property=\"og:description\" content=\"La ville d&rsquo;Eupen promeut l&rsquo;\u00e9lectromobilit\u00e9 avec huit bornes de recharge sur la commune. \u00abL&rsquo;\u00e9lectromobilit\u00e9 a \u00e9t\u00e9 syst\u00e9matiquement prise en compte dans les projets d&rsquo;infrastructures urbaines\u00bb,\" \/>\n<meta property=\"og:url\" content=\"https:\/\/vieassociative.be\/actualites\/huit-bornes-de-recharge-pour-promouvoir-lelectromobilite-a-eupen-une-contribution-a-la-realisation-des-objectifs-climatiques\/\" \/>\n<meta property=\"og:site_name\" content=\"Vie Associative\" \/>\n<meta property=\"article:published_time\" content=\"2026-01-23T18:18:23+00:00\" \/>\n<meta property=\"og:image\" content=\"https:\/\/vieassociative.be\/actualites\/wp-content\/uploads\/2024\/09\/header_backgroundk-01-e1726694325946.png\" \/>\n\t<meta property=\"og:image:width\" content=\"279\" \/>\n\t<meta property=\"og:image:height\" content=\"92\" \/>\n\t<meta property=\"og:image:type\" content=\"image\/png\" \/>\n<meta name=\"author\" content=\"Julien\" \/>\n<meta name=\"twitter:card\" content=\"summary_large_image\" \/>\n<meta name=\"twitter:label1\" content=\"\u00c9crit par\" \/>\n\t<meta name=\"twitter:data1\" content=\"Julien\" \/>\n\t<meta name=\"twitter:label2\" content=\"Dur\u00e9e de lecture est.\" \/>\n\t<meta name=\"twitter:data2\" content=\"2 minutes\" \/>\n<script type=\"application\/ld+json\" class=\"yoast-schema-graph\">{\"@context\":\"https:\/\/schema.org\",\"@graph\":[{\"@type\":\"Article\",\"@id\":\"https:\/\/vieassociative.be\/actualites\/huit-bornes-de-recharge-pour-promouvoir-lelectromobilite-a-eupen-une-contribution-a-la-realisation-des-objectifs-climatiques\/#article\",\"isPartOf\":{\"@id\":\"https:\/\/vieassociative.be\/actualites\/huit-bornes-de-recharge-pour-promouvoir-lelectromobilite-a-eupen-une-contribution-a-la-realisation-des-objectifs-climatiques\/\"},\"author\":{\"name\":\"Julien\",\"@id\":\"https:\/\/vieassociative.be\/actualites\/#\/schema\/person\/b87ac4f82f9d4e7b7cec7395b679edc4\"},\"headline\":\"Huit bornes de recharge pour promouvoir l\u2019\u00e9lectromobilit\u00e9 \u00e0 Eupen \u2013 \u00ab Une contribution \u00e0 la r\u00e9alisation des objectifs climatiques \u00bb\",\"datePublished\":\"2026-01-23T18:18:23+00:00\",\"dateModified\":\"2026-01-23T18:18:23+00:00\",\"mainEntityOfPage\":{\"@id\":\"https:\/\/vieassociative.be\/actualites\/huit-bornes-de-recharge-pour-promouvoir-lelectromobilite-a-eupen-une-contribution-a-la-realisation-des-objectifs-climatiques\/\"},\"wordCount\":338,\"publisher\":{\"@id\":\"https:\/\/vieassociative.be\/actualites\/#organization\"},\"image\":{\"@id\":\"https:\/\/vieassociative.be\/actualites\/huit-bornes-de-recharge-pour-promouvoir-lelectromobilite-a-eupen-une-contribution-a-la-realisation-des-objectifs-climatiques\/#primaryimage\"},\"thumbnailUrl\":\"https:\/\/vieassociative.be\/actualites\/wp-content\/uploads\/2026\/01\/Huit-bornes-de-recharge-pour-promouvoir-lelectromobilite-a-Eupen-\u2013.jpg\",\"keywords\":[\"bornes\",\"climatiques\",\"contribution\",\"Des\",\"Eupen\",\"Huit\",\"l\u00e9lectromobilit\u00e9\",\"objectifs\",\"pour\",\"promouvoir\",\"r\u00e9alisation\",\"recharge\",\"une\"],\"articleSection\":[\"Belgique\"],\"inLanguage\":\"fr-BE\"},{\"@type\":\"WebPage\",\"@id\":\"https:\/\/vieassociative.be\/actualites\/huit-bornes-de-recharge-pour-promouvoir-lelectromobilite-a-eupen-une-contribution-a-la-realisation-des-objectifs-climatiques\/\",\"url\":\"https:\/\/vieassociative.be\/actualites\/huit-bornes-de-recharge-pour-promouvoir-lelectromobilite-a-eupen-une-contribution-a-la-realisation-des-objectifs-climatiques\/\",\"name\":\"Huit bornes de recharge pour promouvoir l\u2019\u00e9lectromobilit\u00e9 \u00e0 Eupen \u2013 \u00ab Une contribution \u00e0 la r\u00e9alisation des objectifs climatiques \u00bb | Vie Associative\",\"isPartOf\":{\"@id\":\"https:\/\/vieassociative.be\/actualites\/#website\"},\"primaryImageOfPage\":{\"@id\":\"https:\/\/vieassociative.be\/actualites\/huit-bornes-de-recharge-pour-promouvoir-lelectromobilite-a-eupen-une-contribution-a-la-realisation-des-objectifs-climatiques\/#primaryimage\"},\"image\":{\"@id\":\"https:\/\/vieassociative.be\/actualites\/huit-bornes-de-recharge-pour-promouvoir-lelectromobilite-a-eupen-une-contribution-a-la-realisation-des-objectifs-climatiques\/#primaryimage\"},\"thumbnailUrl\":\"https:\/\/vieassociative.be\/actualites\/wp-content\/uploads\/2026\/01\/Huit-bornes-de-recharge-pour-promouvoir-lelectromobilite-a-Eupen-\u2013.jpg\",\"datePublished\":\"2026-01-23T18:18:23+00:00\",\"dateModified\":\"2026-01-23T18:18:23+00:00\",\"breadcrumb\":{\"@id\":\"https:\/\/vieassociative.be\/actualites\/huit-bornes-de-recharge-pour-promouvoir-lelectromobilite-a-eupen-une-contribution-a-la-realisation-des-objectifs-climatiques\/#breadcrumb\"},\"inLanguage\":\"fr-BE\",\"potentialAction\":[{\"@type\":\"ReadAction\",\"target\":[\"https:\/\/vieassociative.be\/actualites\/huit-bornes-de-recharge-pour-promouvoir-lelectromobilite-a-eupen-une-contribution-a-la-realisation-des-objectifs-climatiques\/\"]}]},{\"@type\":\"ImageObject\",\"inLanguage\":\"fr-BE\",\"@id\":\"https:\/\/vieassociative.be\/actualites\/huit-bornes-de-recharge-pour-promouvoir-lelectromobilite-a-eupen-une-contribution-a-la-realisation-des-objectifs-climatiques\/#primaryimage\",\"url\":\"https:\/\/vieassociative.be\/actualites\/wp-content\/uploads\/2026\/01\/Huit-bornes-de-recharge-pour-promouvoir-lelectromobilite-a-Eupen-\u2013.jpg\",\"contentUrl\":\"https:\/\/vieassociative.be\/actualites\/wp-content\/uploads\/2026\/01\/Huit-bornes-de-recharge-pour-promouvoir-lelectromobilite-a-Eupen-\u2013.jpg\",\"width\":1200,\"height\":900,\"caption\":\"Huit bornes de recharge pour promouvoir l\u2019\u00e9lectromobilit\u00e9 \u00e0 Eupen \u2013 \u00ab Une contribution \u00e0 la r\u00e9alisation des objectifs climatiques \u00bb\"},{\"@type\":\"BreadcrumbList\",\"@id\":\"https:\/\/vieassociative.be\/actualites\/huit-bornes-de-recharge-pour-promouvoir-lelectromobilite-a-eupen-une-contribution-a-la-realisation-des-objectifs-climatiques\/#breadcrumb\",\"itemListElement\":[{\"@type\":\"ListItem\",\"position\":1,\"name\":\"Accueil\",\"item\":\"https:\/\/vieassociative.be\/actualites\/\"},{\"@type\":\"ListItem\",\"position\":2,\"name\":\"Huit bornes de recharge pour promouvoir l\u2019\u00e9lectromobilit\u00e9 \u00e0 Eupen \u2013 \u00ab Une contribution \u00e0 la r\u00e9alisation des objectifs climatiques \u00bb\"}]},{\"@type\":\"WebSite\",\"@id\":\"https:\/\/vieassociative.be\/actualites\/#website\",\"url\":\"https:\/\/vieassociative.be\/actualites\/\",\"name\":\"Vie Associative\",\"description\":\"\",\"publisher\":{\"@id\":\"https:\/\/vieassociative.be\/actualites\/#organization\"},\"potentialAction\":[{\"@type\":\"SearchAction\",\"target\":{\"@type\":\"EntryPoint\",\"urlTemplate\":\"https:\/\/vieassociative.be\/actualites\/?s={search_term_string}\"},\"query-input\":{\"@type\":\"PropertyValueSpecification\",\"valueRequired\":true,\"valueName\":\"search_term_string\"}}],\"inLanguage\":\"fr-BE\"},{\"@type\":\"Organization\",\"@id\":\"https:\/\/vieassociative.be\/actualites\/#organization\",\"name\":\"Vie Associative\",\"url\":\"https:\/\/vieassociative.be\/actualites\/\",\"logo\":{\"@type\":\"ImageObject\",\"inLanguage\":\"fr-BE\",\"@id\":\"https:\/\/vieassociative.be\/actualites\/#\/schema\/logo\/image\/\",\"url\":\"https:\/\/vieassociative.be\/actualites\/wp-content\/uploads\/2024\/09\/cropped-vieassociative_favicon.ico.png\",\"contentUrl\":\"https:\/\/vieassociative.be\/actualites\/wp-content\/uploads\/2024\/09\/cropped-vieassociative_favicon.ico.png\",\"width\":512,\"height\":512,\"caption\":\"Vie Associative\"},\"image\":{\"@id\":\"https:\/\/vieassociative.be\/actualites\/#\/schema\/logo\/image\/\"}},{\"@type\":\"Person\",\"@id\":\"https:\/\/vieassociative.be\/actualites\/#\/schema\/person\/b87ac4f82f9d4e7b7cec7395b679edc4\",\"name\":\"Julien\",\"image\":{\"@type\":\"ImageObject\",\"inLanguage\":\"fr-BE\",\"@id\":\"https:\/\/vieassociative.be\/actualites\/#\/schema\/person\/image\/\",\"url\":\"https:\/\/vieassociative.be\/actualites\/wp-content\/uploads\/2024\/09\/vie-associative-1-150x150.jpg\",\"contentUrl\":\"https:\/\/vieassociative.be\/actualites\/wp-content\/uploads\/2024\/09\/vie-associative-1-150x150.jpg\",\"caption\":\"Julien\"},\"description\":\"Je suis Julien, r\u00e9dacteur pour Vie Associative. Passionn\u00e9 par le monde associatif depuis plus de 10 ans, j'ai \u00e0 c\u0153ur de partager des histoires inspirantes et de mettre en lumi\u00e8re les initiatives locales. Mon objectif est de sensibiliser et d'encourager l'engagement communautaire \u00e0 travers mes articles.\",\"sameAs\":[\"https:\/\/vieassociative.be\/\"]}]}<\/script>\n<!-- \/ Yoast SEO plugin. -->","yoast_head_json":{"title":"Huit bornes de recharge pour promouvoir l\u2019\u00e9lectromobilit\u00e9 \u00e0 Eupen \u2013 \u00ab Une contribution \u00e0 la r\u00e9alisation des objectifs climatiques \u00bb | Vie Associative","robots":{"index":"index","follow":"follow","max-snippet":"max-snippet:-1","max-image-preview":"max-image-preview:large","max-video-preview":"max-video-preview:-1"},"canonical":"https:\/\/vieassociative.be\/actualites\/huit-bornes-de-recharge-pour-promouvoir-lelectromobilite-a-eupen-une-contribution-a-la-realisation-des-objectifs-climatiques\/","og_locale":"fr_FR","og_type":"article","og_title":"Huit bornes de recharge pour promouvoir l\u2019\u00e9lectromobilit\u00e9 \u00e0 Eupen \u2013 \u00ab Une contribution \u00e0 la r\u00e9alisation des objectifs climatiques \u00bb | Vie Associative","og_description":"La ville d&rsquo;Eupen promeut l&rsquo;\u00e9lectromobilit\u00e9 avec huit bornes de recharge sur la commune. \u00abL&rsquo;\u00e9lectromobilit\u00e9 a \u00e9t\u00e9 syst\u00e9matiquement prise en compte dans les projets d&rsquo;infrastructures urbaines\u00bb,","og_url":"https:\/\/vieassociative.be\/actualites\/huit-bornes-de-recharge-pour-promouvoir-lelectromobilite-a-eupen-une-contribution-a-la-realisation-des-objectifs-climatiques\/","og_site_name":"Vie Associative","article_published_time":"2026-01-23T18:18:23+00:00","og_image":[{"width":279,"height":92,"url":"https:\/\/vieassociative.be\/actualites\/wp-content\/uploads\/2024\/09\/header_backgroundk-01-e1726694325946.png","type":"image\/png"}],"author":"Julien","twitter_card":"summary_large_image","twitter_misc":{"\u00c9crit par":"Julien","Dur\u00e9e de lecture est.":"2 minutes"},"schema":{"@context":"https:\/\/schema.org","@graph":[{"@type":"Article","@id":"https:\/\/vieassociative.be\/actualites\/huit-bornes-de-recharge-pour-promouvoir-lelectromobilite-a-eupen-une-contribution-a-la-realisation-des-objectifs-climatiques\/#article","isPartOf":{"@id":"https:\/\/vieassociative.be\/actualites\/huit-bornes-de-recharge-pour-promouvoir-lelectromobilite-a-eupen-une-contribution-a-la-realisation-des-objectifs-climatiques\/"},"author":{"name":"Julien","@id":"https:\/\/vieassociative.be\/actualites\/#\/schema\/person\/b87ac4f82f9d4e7b7cec7395b679edc4"},"headline":"Huit bornes de recharge pour promouvoir l\u2019\u00e9lectromobilit\u00e9 \u00e0 Eupen \u2013 \u00ab Une contribution \u00e0 la r\u00e9alisation des objectifs climatiques \u00bb","datePublished":"2026-01-23T18:18:23+00:00","dateModified":"2026-01-23T18:18:23+00:00","mainEntityOfPage":{"@id":"https:\/\/vieassociative.be\/actualites\/huit-bornes-de-recharge-pour-promouvoir-lelectromobilite-a-eupen-une-contribution-a-la-realisation-des-objectifs-climatiques\/"},"wordCount":338,"publisher":{"@id":"https:\/\/vieassociative.be\/actualites\/#organization"},"image":{"@id":"https:\/\/vieassociative.be\/actualites\/huit-bornes-de-recharge-pour-promouvoir-lelectromobilite-a-eupen-une-contribution-a-la-realisation-des-objectifs-climatiques\/#primaryimage"},"thumbnailUrl":"https:\/\/vieassociative.be\/actualites\/wp-content\/uploads\/2026\/01\/Huit-bornes-de-recharge-pour-promouvoir-lelectromobilite-a-Eupen-\u2013.jpg","keywords":["bornes","climatiques","contribution","Des","Eupen","Huit","l\u00e9lectromobilit\u00e9","objectifs","pour","promouvoir","r\u00e9alisation","recharge","une"],"articleSection":["Belgique"],"inLanguage":"fr-BE"},{"@type":"WebPage","@id":"https:\/\/vieassociative.be\/actualites\/huit-bornes-de-recharge-pour-promouvoir-lelectromobilite-a-eupen-une-contribution-a-la-realisation-des-objectifs-climatiques\/","url":"https:\/\/vieassociative.be\/actualites\/huit-bornes-de-recharge-pour-promouvoir-lelectromobilite-a-eupen-une-contribution-a-la-realisation-des-objectifs-climatiques\/","name":"Huit bornes de recharge pour promouvoir l\u2019\u00e9lectromobilit\u00e9 \u00e0 Eupen \u2013 \u00ab Une contribution \u00e0 la r\u00e9alisation des objectifs climatiques \u00bb | Vie Associative","isPartOf":{"@id":"https:\/\/vieassociative.be\/actualites\/#website"},"primaryImageOfPage":{"@id":"https:\/\/vieassociative.be\/actualites\/huit-bornes-de-recharge-pour-promouvoir-lelectromobilite-a-eupen-une-contribution-a-la-realisation-des-objectifs-climatiques\/#primaryimage"},"image":{"@id":"https:\/\/vieassociative.be\/actualites\/huit-bornes-de-recharge-pour-promouvoir-lelectromobilite-a-eupen-une-contribution-a-la-realisation-des-objectifs-climatiques\/#primaryimage"},"thumbnailUrl":"https:\/\/vieassociative.be\/actualites\/wp-content\/uploads\/2026\/01\/Huit-bornes-de-recharge-pour-promouvoir-lelectromobilite-a-Eupen-\u2013.jpg","datePublished":"2026-01-23T18:18:23+00:00","dateModified":"2026-01-23T18:18:23+00:00","breadcrumb":{"@id":"https:\/\/vieassociative.be\/actualites\/huit-bornes-de-recharge-pour-promouvoir-lelectromobilite-a-eupen-une-contribution-a-la-realisation-des-objectifs-climatiques\/#breadcrumb"},"inLanguage":"fr-BE","potentialAction":[{"@type":"ReadAction","target":["https:\/\/vieassociative.be\/actualites\/huit-bornes-de-recharge-pour-promouvoir-lelectromobilite-a-eupen-une-contribution-a-la-realisation-des-objectifs-climatiques\/"]}]},{"@type":"ImageObject","inLanguage":"fr-BE","@id":"https:\/\/vieassociative.be\/actualites\/huit-bornes-de-recharge-pour-promouvoir-lelectromobilite-a-eupen-une-contribution-a-la-realisation-des-objectifs-climatiques\/#primaryimage","url":"https:\/\/vieassociative.be\/actualites\/wp-content\/uploads\/2026\/01\/Huit-bornes-de-recharge-pour-promouvoir-lelectromobilite-a-Eupen-\u2013.jpg","contentUrl":"https:\/\/vieassociative.be\/actualites\/wp-content\/uploads\/2026\/01\/Huit-bornes-de-recharge-pour-promouvoir-lelectromobilite-a-Eupen-\u2013.jpg","width":1200,"height":900,"caption":"Huit bornes de recharge pour promouvoir l\u2019\u00e9lectromobilit\u00e9 \u00e0 Eupen \u2013 \u00ab Une contribution \u00e0 la r\u00e9alisation des objectifs climatiques \u00bb"},{"@type":"BreadcrumbList","@id":"https:\/\/vieassociative.be\/actualites\/huit-bornes-de-recharge-pour-promouvoir-lelectromobilite-a-eupen-une-contribution-a-la-realisation-des-objectifs-climatiques\/#breadcrumb","itemListElement":[{"@type":"ListItem","position":1,"name":"Accueil","item":"https:\/\/vieassociative.be\/actualites\/"},{"@type":"ListItem","position":2,"name":"Huit bornes de recharge pour promouvoir l\u2019\u00e9lectromobilit\u00e9 \u00e0 Eupen \u2013 \u00ab Une contribution \u00e0 la r\u00e9alisation des objectifs climatiques \u00bb"}]},{"@type":"WebSite","@id":"https:\/\/vieassociative.be\/actualites\/#website","url":"https:\/\/vieassociative.be\/actualites\/","name":"Vie Associative","description":"","publisher":{"@id":"https:\/\/vieassociative.be\/actualites\/#organization"},"potentialAction":[{"@type":"SearchAction","target":{"@type":"EntryPoint","urlTemplate":"https:\/\/vieassociative.be\/actualites\/?s={search_term_string}"},"query-input":{"@type":"PropertyValueSpecification","valueRequired":true,"valueName":"search_term_string"}}],"inLanguage":"fr-BE"},{"@type":"Organization","@id":"https:\/\/vieassociative.be\/actualites\/#organization","name":"Vie Associative","url":"https:\/\/vieassociative.be\/actualites\/","logo":{"@type":"ImageObject","inLanguage":"fr-BE","@id":"https:\/\/vieassociative.be\/actualites\/#\/schema\/logo\/image\/","url":"https:\/\/vieassociative.be\/actualites\/wp-content\/uploads\/2024\/09\/cropped-vieassociative_favicon.ico.png","contentUrl":"https:\/\/vieassociative.be\/actualites\/wp-content\/uploads\/2024\/09\/cropped-vieassociative_favicon.ico.png","width":512,"height":512,"caption":"Vie Associative"},"image":{"@id":"https:\/\/vieassociative.be\/actualites\/#\/schema\/logo\/image\/"}},{"@type":"Person","@id":"https:\/\/vieassociative.be\/actualites\/#\/schema\/person\/b87ac4f82f9d4e7b7cec7395b679edc4","name":"Julien","image":{"@type":"ImageObject","inLanguage":"fr-BE","@id":"https:\/\/vieassociative.be\/actualites\/#\/schema\/person\/image\/","url":"https:\/\/vieassociative.be\/actualites\/wp-content\/uploads\/2024\/09\/vie-associative-1-150x150.jpg","contentUrl":"https:\/\/vieassociative.be\/actualites\/wp-content\/uploads\/2024\/09\/vie-associative-1-150x150.jpg","caption":"Julien"},"description":"Je suis Julien, r\u00e9dacteur pour Vie Associative. Passionn\u00e9 par le monde associatif depuis plus de 10 ans, j'ai \u00e0 c\u0153ur de partager des histoires inspirantes et de mettre en lumi\u00e8re les initiatives locales. Mon objectif est de sensibiliser et d'encourager l'engagement communautaire \u00e0 travers mes articles.","sameAs":["https:\/\/vieassociative.be\/"]}]}},"_links":{"self":[{"href":"https:\/\/vieassociative.be\/actualites\/wp-json\/wp\/v2\/posts\/12330"}],"collection":[{"href":"https:\/\/vieassociative.be\/actualites\/wp-json\/wp\/v2\/posts"}],"about":[{"href":"https:\/\/vieassociative.be\/actualites\/wp-json\/wp\/v2\/types\/post"}],"author":[{"embeddable":true,"href":"https:\/\/vieassociative.be\/actualites\/wp-json\/wp\/v2\/users\/1"}],"replies":[{"embeddable":true,"href":"https:\/\/vieassociative.be\/actualites\/wp-json\/wp\/v2\/comments?post=12330"}],"version-history":[{"count":0,"href":"https:\/\/vieassociative.be\/actualites\/wp-json\/wp\/v2\/posts\/12330\/revisions"}],"wp:featuredmedia":[{"embeddable":true,"href":"https:\/\/vieassociative.be\/actualites\/wp-json\/wp\/v2\/media\/12331"}],"wp:attachment":[{"href":"https:\/\/vieassociative.be\/actualites\/wp-json\/wp\/v2\/media?parent=12330"}],"wp:term":[{"taxonomy":"category","embeddable":true,"href":"https:\/\/vieassociative.be\/actualites\/wp-json\/wp\/v2\/categories?post=12330"},{"taxonomy":"post_tag","embeddable":true,"href":"https:\/\/vieassociative.be\/actualites\/wp-json\/wp\/v2\/tags?post=12330"}],"curies":[{"name":"wp","href":"https:\/\/api.w.org\/{rel}","templated":true}]}}