{"id":12328,"date":"2026-01-23T18:18:06","date_gmt":"2026-01-23T17:18:06","guid":{"rendered":"https:\/\/vieassociative.be\/actualites\/comment-pelleter-la-neige-sans-vous-faire-mal-au-dos\/"},"modified":"2026-01-23T18:18:06","modified_gmt":"2026-01-23T17:18:06","slug":"comment-pelleter-la-neige-sans-vous-faire-mal-au-dos","status":"publish","type":"post","link":"https:\/\/vieassociative.be\/actualites\/comment-pelleter-la-neige-sans-vous-faire-mal-au-dos\/","title":{"rendered":"Comment pelleter la neige sans vous faire mal au dos"},"content":{"rendered":"<p>Nous pouvons gagner une commission sur les liens sur cette page.<\/p>\n<p>Lorsque la nature d\u00e9verse une charge de neige sur votre all\u00e9e, c&rsquo;est un entra\u00eenement d\u00e9guis\u00e9 gratuit, mais peut-\u00eatre pas un entra\u00eenement auquel vous \u00eates vraiment en forme. Si vous \u00eates toujours endolori (ou, pire encore, bless\u00e9) apr\u00e8s la premi\u00e8re grosse temp\u00eate de la saison, lisez ces conseils pour faciliter le pelletage de votre corps.<\/p>\n<h2 id=\"recognize-what-youre-asking-your-body-to-do\">Reconnaissez ce que vous demandez \u00e0 votre corps de faire<\/h2>\n<p>\u00c9coute, juste parce que pelleter est un <em>commun<\/em> une corv\u00e9e ne signifie pas que le corps de chacun soit automatiquement pr\u00eat \u00e0 le faire. Soyez honn\u00eate quant \u00e0 savoir si vous \u00eates form\u00e9 pour cela. Vous ne vous demanderiez pas \u00ab\u00a0Comment puis-je courir un marathon sans avoir mal aux jambes le lendemain\u00a0?\u00a0\u00bb si vous n&rsquo;avez pas couru du tout au cours de l&rsquo;ann\u00e9e \u00e9coul\u00e9e. Se lancer dans quelque chose pour lequel vous n\u2019\u00eates pas pr\u00eat va \u00eatre nul.<\/p>\n<p>Si vous savez que vous allez pelleter beaucoup, planifiez \u00e0 l&rsquo;avance. Les soulev\u00e9s de terre dans la salle de sport vous aideront \u00e0 d\u00e9velopper la force dont vous avez besoin dans votre dos, votre tronc et vos jambes, par exemple. Si vous n\u2019\u00eates pas pr\u00eat \u00e0 le faire, n\u2019importe quel programme de remise en forme complet du corps vous pr\u00e9parera mieux que de ne rien faire. <\/p>\n<p>Et m\u00eame si nous parlons principalement de douleurs musculaires et articulaires douloureuses, il est important de savoir si votre syst\u00e8me cardiovasculaire est \u00e0 la hauteur. Si vous n&rsquo;avez pas l&rsquo;habitude de faire de l&rsquo;exercice et si vous \u00eates plus \u00e2g\u00e9 ou souffrez d&rsquo;une maladie cardiaque, vous voudrez peut-\u00eatre v\u00e9rifier aupr\u00e8s de votre m\u00e9decin si le pelletage pr\u00e9sente un risque pour votre c\u0153ur.<\/p>\n<h2 id=\"shovel-early-and-often\">Pelleter t\u00f4t et souvent<\/h2>\n<p>Si je devais donner au monde une seule astuce pour pelleter la neige, ce serait celle-ci\u00a0: pelleter quand il n&rsquo;y a qu&rsquo;un <em>petit<\/em> quantit\u00e9 de neige, m\u00eame si vous savez qu&rsquo;il y en aura encore davantage. Il est beaucoup plus facile pour votre corps de pelleter trois pouces de neige quatre fois au cours de la journ\u00e9e que de s&rsquo;attaquer \u00e0 12 pouces de neige d&rsquo;un seul coup. <\/p>\n<p>Si vous avez rat\u00e9 votre opportunit\u00e9, vous pouvez toujours pelleter en couches. Prenez une tranche sur le dessus, puis une tranche plus profonde, et ainsi de suite. Chaque pellet\u00e9e sera beaucoup plus l\u00e9g\u00e8re et plus facile \u00e0 manipuler, m\u00eame si vous en prenez plus au total.<\/p>\n<h2 id=\"push-instead-of-lift\">Pousser au lieu de soulever<\/h2>\n<p>Nous avons tendance \u00e0 imaginer le pelletage comme un mouvement r\u00e9p\u00e9titif de flexion et de levage, mais n&rsquo;oubliez pas que vous pouvez \u00e9galement utiliser votre pelle comme chasse-neige pour pousser la neige devant vous. Vous pouvez m\u00eame acheter des pelles destin\u00e9es \u00e0 \u00eatre utilis\u00e9es de cette fa\u00e7on, alors envisagez une mise \u00e0 niveau. <\/p>\n<p>Pousser la neige fonctionne mieux lorsqu&rsquo;elle est en couche mince, donc cela fonctionne bien avec le conseil de pelleter lorsqu&rsquo;il n&rsquo;y en a qu&rsquo;une petite quantit\u00e9 sur le sol. Mais m\u00eame si vous avez de la neige profonde, pousser peut vous \u00e9pargner certains efforts. Poussez jusqu&rsquo;\u00e0 obtenir un tas, puis coupez le tas en couches.<\/p>\n<h2 id=\"keep-your-back-straight\">Gardez le dos droit<\/h2>\n<p>Vous avez entendu le conseil de soulever des cartons lourds \u00ab avec vos jambes, pas avec votre dos \u00bb. Cela signifie r\u00e9ellement que votre dos est mieux prot\u00e9g\u00e9 contre les blessures lorsque vous pouvez le garder droit. Si votre dos s&rsquo;arrondit \u00e0 cause de la fatigue, faites une pause ou trouvez une technique qui vous permet de garder le dos droit m\u00eame lorsqu&rsquo;il est fatigu\u00e9. <\/p>\n<p>Par exemple, il est plus efficace de pelleter dans un mouvement de type soulev\u00e9 de terre\u00a0: votre dos est plus ou moins droit et vous vous articulez \u00e0 partir de vos hanches comme un oiseau ivre. Cela n\u00e9cessite beaucoup de travail de la part des muscles du bas du dos, vous soulevez donc techniquement \u00ab avec votre dos \u00bb, mais c&rsquo;est s\u00fbr tant que vos muscles du dos sont suffisamment forts pour garder votre torse droit et stable. <\/p>\n<p>\u00c0 mesure que les muscles de votre dos se fatiguent, il vous sera peut-\u00eatre plus facile de garder votre dos droit si vous le gardez plus droit. C\u2019est l\u00e0 qu\u2019intervient le mouvement de squat : le proverbial levage \u00ab avec les jambes \u00bb. \u00c9touffez-vous avec la pelle pour que le poids soit aussi pr\u00e8s que possible de votre corps et pliez davantage les genoux pour ne pas avoir \u00e0 vous pencher autant au niveau des hanches.<\/p>\n<h2 id=\"warm-up-take-breaks-and-go-easy-on-yourself\">\u00c9chauffez-vous, faites des pauses et soyez indulgent avec vous-m\u00eame<\/h2>\n<p>Ne vous faites pas d&rsquo;illusions\u00a0: il s&rsquo;agit d&rsquo;une s\u00e9ance d&rsquo;entra\u00eenement. Et comme pour tout entra\u00eenement, les 10 \u00e0 15 premi\u00e8res minutes seront les plus difficiles. Alors gardez le travail l\u00e9ger au d\u00e9but, prenez de plus petites pelles, par exemple. N&rsquo;oubliez pas non plus de faire des pauses. Vous ne trichez pas si vous vous arr\u00eatez quelques minutes pour laisser votre corps se reposer avant de vous y remettre.<\/p>\n<p>Changer de technique (comme ci-dessus) et de position peut aider \u00e0 r\u00e9partir la tension sur tout votre corps plut\u00f4t que de simplement marteler les m\u00eames muscles encore et encore. Faites la moiti\u00e9 de votre pelletage avec la pelle \u00e0 votre droite et l&rsquo;autre moiti\u00e9 avec la pelle \u00e0 votre gauche. <\/p>\n","protected":false},"excerpt":{"rendered":"<p>Nous pouvons gagner une commission sur les liens sur cette page. Lorsque la nature d\u00e9verse une charge de neige sur votre all\u00e9e, c&rsquo;est un entra\u00eenement<\/p>\n","protected":false},"author":1,"featured_media":12329,"comment_status":"","ping_status":"","sticky":false,"template":"","format":"standard","meta":{"footnotes":""},"categories":[1],"tags":[44,261,127,1299,1638,8020,130,4],"class_list":["post-12328","post","type-post","status-publish","format-standard","has-post-thumbnail","hentry","category-non-classe","tag-comment","tag-dos","tag-faire","tag-mal","tag-neige","tag-pelleter","tag-sans","tag-vous","generate-columns","tablet-grid-50","mobile-grid-100","grid-parent","grid-33"],"yoast_head":"<!-- This site is optimized with the Yoast SEO plugin v24.0 - https:\/\/yoast.com\/wordpress\/plugins\/seo\/ -->\n<title>Comment pelleter la neige sans vous faire mal au dos | Vie Associative<\/title>\n<meta name=\"robots\" content=\"index, follow, max-snippet:-1, max-image-preview:large, max-video-preview:-1\" \/>\n<link rel=\"canonical\" href=\"https:\/\/vieassociative.be\/actualites\/comment-pelleter-la-neige-sans-vous-faire-mal-au-dos\/\" \/>\n<meta property=\"og:locale\" content=\"fr_FR\" \/>\n<meta property=\"og:type\" content=\"article\" \/>\n<meta property=\"og:title\" content=\"Comment pelleter la neige sans vous faire mal au dos | Vie Associative\" \/>\n<meta property=\"og:description\" content=\"Nous pouvons gagner une commission sur les liens sur cette page. Lorsque la nature d\u00e9verse une charge de neige sur votre all\u00e9e, c&rsquo;est un entra\u00eenement\" \/>\n<meta property=\"og:url\" content=\"https:\/\/vieassociative.be\/actualites\/comment-pelleter-la-neige-sans-vous-faire-mal-au-dos\/\" \/>\n<meta property=\"og:site_name\" content=\"Vie Associative\" \/>\n<meta property=\"article:published_time\" content=\"2026-01-23T17:18:06+00:00\" \/>\n<meta property=\"og:image\" content=\"https:\/\/vieassociative.be\/actualites\/wp-content\/uploads\/2024\/09\/header_backgroundk-01-e1726694325946.png\" \/>\n\t<meta property=\"og:image:width\" content=\"279\" \/>\n\t<meta property=\"og:image:height\" content=\"92\" \/>\n\t<meta property=\"og:image:type\" content=\"image\/png\" \/>\n<meta name=\"author\" content=\"Julien\" \/>\n<meta name=\"twitter:card\" content=\"summary_large_image\" \/>\n<meta name=\"twitter:label1\" content=\"\u00c9crit par\" \/>\n\t<meta name=\"twitter:data1\" content=\"Julien\" \/>\n\t<meta name=\"twitter:label2\" content=\"Dur\u00e9e de lecture est.\" \/>\n\t<meta name=\"twitter:data2\" content=\"4 minutes\" \/>\n<script type=\"application\/ld+json\" class=\"yoast-schema-graph\">{\"@context\":\"https:\/\/schema.org\",\"@graph\":[{\"@type\":\"Article\",\"@id\":\"https:\/\/vieassociative.be\/actualites\/comment-pelleter-la-neige-sans-vous-faire-mal-au-dos\/#article\",\"isPartOf\":{\"@id\":\"https:\/\/vieassociative.be\/actualites\/comment-pelleter-la-neige-sans-vous-faire-mal-au-dos\/\"},\"author\":{\"name\":\"Julien\",\"@id\":\"https:\/\/vieassociative.be\/actualites\/#\/schema\/person\/b87ac4f82f9d4e7b7cec7395b679edc4\"},\"headline\":\"Comment pelleter la neige sans vous faire mal au dos\",\"datePublished\":\"2026-01-23T17:18:06+00:00\",\"dateModified\":\"2026-01-23T17:18:06+00:00\",\"mainEntityOfPage\":{\"@id\":\"https:\/\/vieassociative.be\/actualites\/comment-pelleter-la-neige-sans-vous-faire-mal-au-dos\/\"},\"wordCount\":933,\"publisher\":{\"@id\":\"https:\/\/vieassociative.be\/actualites\/#organization\"},\"image\":{\"@id\":\"https:\/\/vieassociative.be\/actualites\/comment-pelleter-la-neige-sans-vous-faire-mal-au-dos\/#primaryimage\"},\"thumbnailUrl\":\"https:\/\/vieassociative.be\/actualites\/wp-content\/uploads\/2026\/01\/Comment-pelleter-la-neige-sans-vous-faire-mal-au-dos.jpg\",\"keywords\":[\"Comment\",\"dos\",\"faire\",\"mal\",\"neige\",\"pelleter\",\"sans\",\"Vous\"],\"inLanguage\":\"fr-BE\"},{\"@type\":\"WebPage\",\"@id\":\"https:\/\/vieassociative.be\/actualites\/comment-pelleter-la-neige-sans-vous-faire-mal-au-dos\/\",\"url\":\"https:\/\/vieassociative.be\/actualites\/comment-pelleter-la-neige-sans-vous-faire-mal-au-dos\/\",\"name\":\"Comment pelleter la neige sans vous faire mal au dos | Vie Associative\",\"isPartOf\":{\"@id\":\"https:\/\/vieassociative.be\/actualites\/#website\"},\"primaryImageOfPage\":{\"@id\":\"https:\/\/vieassociative.be\/actualites\/comment-pelleter-la-neige-sans-vous-faire-mal-au-dos\/#primaryimage\"},\"image\":{\"@id\":\"https:\/\/vieassociative.be\/actualites\/comment-pelleter-la-neige-sans-vous-faire-mal-au-dos\/#primaryimage\"},\"thumbnailUrl\":\"https:\/\/vieassociative.be\/actualites\/wp-content\/uploads\/2026\/01\/Comment-pelleter-la-neige-sans-vous-faire-mal-au-dos.jpg\",\"datePublished\":\"2026-01-23T17:18:06+00:00\",\"dateModified\":\"2026-01-23T17:18:06+00:00\",\"breadcrumb\":{\"@id\":\"https:\/\/vieassociative.be\/actualites\/comment-pelleter-la-neige-sans-vous-faire-mal-au-dos\/#breadcrumb\"},\"inLanguage\":\"fr-BE\",\"potentialAction\":[{\"@type\":\"ReadAction\",\"target\":[\"https:\/\/vieassociative.be\/actualites\/comment-pelleter-la-neige-sans-vous-faire-mal-au-dos\/\"]}]},{\"@type\":\"ImageObject\",\"inLanguage\":\"fr-BE\",\"@id\":\"https:\/\/vieassociative.be\/actualites\/comment-pelleter-la-neige-sans-vous-faire-mal-au-dos\/#primaryimage\",\"url\":\"https:\/\/vieassociative.be\/actualites\/wp-content\/uploads\/2026\/01\/Comment-pelleter-la-neige-sans-vous-faire-mal-au-dos.jpg\",\"contentUrl\":\"https:\/\/vieassociative.be\/actualites\/wp-content\/uploads\/2026\/01\/Comment-pelleter-la-neige-sans-vous-faire-mal-au-dos.jpg\",\"width\":1200,\"height\":675,\"caption\":\"Comment pelleter la neige sans vous faire mal au dos\"},{\"@type\":\"BreadcrumbList\",\"@id\":\"https:\/\/vieassociative.be\/actualites\/comment-pelleter-la-neige-sans-vous-faire-mal-au-dos\/#breadcrumb\",\"itemListElement\":[{\"@type\":\"ListItem\",\"position\":1,\"name\":\"Accueil\",\"item\":\"https:\/\/vieassociative.be\/actualites\/\"},{\"@type\":\"ListItem\",\"position\":2,\"name\":\"Comment pelleter la neige sans vous faire mal au dos\"}]},{\"@type\":\"WebSite\",\"@id\":\"https:\/\/vieassociative.be\/actualites\/#website\",\"url\":\"https:\/\/vieassociative.be\/actualites\/\",\"name\":\"Vie Associative\",\"description\":\"\",\"publisher\":{\"@id\":\"https:\/\/vieassociative.be\/actualites\/#organization\"},\"potentialAction\":[{\"@type\":\"SearchAction\",\"target\":{\"@type\":\"EntryPoint\",\"urlTemplate\":\"https:\/\/vieassociative.be\/actualites\/?s={search_term_string}\"},\"query-input\":{\"@type\":\"PropertyValueSpecification\",\"valueRequired\":true,\"valueName\":\"search_term_string\"}}],\"inLanguage\":\"fr-BE\"},{\"@type\":\"Organization\",\"@id\":\"https:\/\/vieassociative.be\/actualites\/#organization\",\"name\":\"Vie Associative\",\"url\":\"https:\/\/vieassociative.be\/actualites\/\",\"logo\":{\"@type\":\"ImageObject\",\"inLanguage\":\"fr-BE\",\"@id\":\"https:\/\/vieassociative.be\/actualites\/#\/schema\/logo\/image\/\",\"url\":\"https:\/\/vieassociative.be\/actualites\/wp-content\/uploads\/2024\/09\/cropped-vieassociative_favicon.ico.png\",\"contentUrl\":\"https:\/\/vieassociative.be\/actualites\/wp-content\/uploads\/2024\/09\/cropped-vieassociative_favicon.ico.png\",\"width\":512,\"height\":512,\"caption\":\"Vie Associative\"},\"image\":{\"@id\":\"https:\/\/vieassociative.be\/actualites\/#\/schema\/logo\/image\/\"}},{\"@type\":\"Person\",\"@id\":\"https:\/\/vieassociative.be\/actualites\/#\/schema\/person\/b87ac4f82f9d4e7b7cec7395b679edc4\",\"name\":\"Julien\",\"image\":{\"@type\":\"ImageObject\",\"inLanguage\":\"fr-BE\",\"@id\":\"https:\/\/vieassociative.be\/actualites\/#\/schema\/person\/image\/\",\"url\":\"https:\/\/vieassociative.be\/actualites\/wp-content\/uploads\/2024\/09\/vie-associative-1-150x150.jpg\",\"contentUrl\":\"https:\/\/vieassociative.be\/actualites\/wp-content\/uploads\/2024\/09\/vie-associative-1-150x150.jpg\",\"caption\":\"Julien\"},\"description\":\"Je suis Julien, r\u00e9dacteur pour Vie Associative. Passionn\u00e9 par le monde associatif depuis plus de 10 ans, j'ai \u00e0 c\u0153ur de partager des histoires inspirantes et de mettre en lumi\u00e8re les initiatives locales. Mon objectif est de sensibiliser et d'encourager l'engagement communautaire \u00e0 travers mes articles.\",\"sameAs\":[\"https:\/\/vieassociative.be\/\"]}]}<\/script>\n<!-- \/ Yoast SEO plugin. -->","yoast_head_json":{"title":"Comment pelleter la neige sans vous faire mal au dos | Vie Associative","robots":{"index":"index","follow":"follow","max-snippet":"max-snippet:-1","max-image-preview":"max-image-preview:large","max-video-preview":"max-video-preview:-1"},"canonical":"https:\/\/vieassociative.be\/actualites\/comment-pelleter-la-neige-sans-vous-faire-mal-au-dos\/","og_locale":"fr_FR","og_type":"article","og_title":"Comment pelleter la neige sans vous faire mal au dos | Vie Associative","og_description":"Nous pouvons gagner une commission sur les liens sur cette page. Lorsque la nature d\u00e9verse une charge de neige sur votre all\u00e9e, c&rsquo;est un entra\u00eenement","og_url":"https:\/\/vieassociative.be\/actualites\/comment-pelleter-la-neige-sans-vous-faire-mal-au-dos\/","og_site_name":"Vie Associative","article_published_time":"2026-01-23T17:18:06+00:00","og_image":[{"width":279,"height":92,"url":"https:\/\/vieassociative.be\/actualites\/wp-content\/uploads\/2024\/09\/header_backgroundk-01-e1726694325946.png","type":"image\/png"}],"author":"Julien","twitter_card":"summary_large_image","twitter_misc":{"\u00c9crit par":"Julien","Dur\u00e9e de lecture est.":"4 minutes"},"schema":{"@context":"https:\/\/schema.org","@graph":[{"@type":"Article","@id":"https:\/\/vieassociative.be\/actualites\/comment-pelleter-la-neige-sans-vous-faire-mal-au-dos\/#article","isPartOf":{"@id":"https:\/\/vieassociative.be\/actualites\/comment-pelleter-la-neige-sans-vous-faire-mal-au-dos\/"},"author":{"name":"Julien","@id":"https:\/\/vieassociative.be\/actualites\/#\/schema\/person\/b87ac4f82f9d4e7b7cec7395b679edc4"},"headline":"Comment pelleter la neige sans vous faire mal au dos","datePublished":"2026-01-23T17:18:06+00:00","dateModified":"2026-01-23T17:18:06+00:00","mainEntityOfPage":{"@id":"https:\/\/vieassociative.be\/actualites\/comment-pelleter-la-neige-sans-vous-faire-mal-au-dos\/"},"wordCount":933,"publisher":{"@id":"https:\/\/vieassociative.be\/actualites\/#organization"},"image":{"@id":"https:\/\/vieassociative.be\/actualites\/comment-pelleter-la-neige-sans-vous-faire-mal-au-dos\/#primaryimage"},"thumbnailUrl":"https:\/\/vieassociative.be\/actualites\/wp-content\/uploads\/2026\/01\/Comment-pelleter-la-neige-sans-vous-faire-mal-au-dos.jpg","keywords":["Comment","dos","faire","mal","neige","pelleter","sans","Vous"],"inLanguage":"fr-BE"},{"@type":"WebPage","@id":"https:\/\/vieassociative.be\/actualites\/comment-pelleter-la-neige-sans-vous-faire-mal-au-dos\/","url":"https:\/\/vieassociative.be\/actualites\/comment-pelleter-la-neige-sans-vous-faire-mal-au-dos\/","name":"Comment pelleter la neige sans vous faire mal au dos | Vie Associative","isPartOf":{"@id":"https:\/\/vieassociative.be\/actualites\/#website"},"primaryImageOfPage":{"@id":"https:\/\/vieassociative.be\/actualites\/comment-pelleter-la-neige-sans-vous-faire-mal-au-dos\/#primaryimage"},"image":{"@id":"https:\/\/vieassociative.be\/actualites\/comment-pelleter-la-neige-sans-vous-faire-mal-au-dos\/#primaryimage"},"thumbnailUrl":"https:\/\/vieassociative.be\/actualites\/wp-content\/uploads\/2026\/01\/Comment-pelleter-la-neige-sans-vous-faire-mal-au-dos.jpg","datePublished":"2026-01-23T17:18:06+00:00","dateModified":"2026-01-23T17:18:06+00:00","breadcrumb":{"@id":"https:\/\/vieassociative.be\/actualites\/comment-pelleter-la-neige-sans-vous-faire-mal-au-dos\/#breadcrumb"},"inLanguage":"fr-BE","potentialAction":[{"@type":"ReadAction","target":["https:\/\/vieassociative.be\/actualites\/comment-pelleter-la-neige-sans-vous-faire-mal-au-dos\/"]}]},{"@type":"ImageObject","inLanguage":"fr-BE","@id":"https:\/\/vieassociative.be\/actualites\/comment-pelleter-la-neige-sans-vous-faire-mal-au-dos\/#primaryimage","url":"https:\/\/vieassociative.be\/actualites\/wp-content\/uploads\/2026\/01\/Comment-pelleter-la-neige-sans-vous-faire-mal-au-dos.jpg","contentUrl":"https:\/\/vieassociative.be\/actualites\/wp-content\/uploads\/2026\/01\/Comment-pelleter-la-neige-sans-vous-faire-mal-au-dos.jpg","width":1200,"height":675,"caption":"Comment pelleter la neige sans vous faire mal au dos"},{"@type":"BreadcrumbList","@id":"https:\/\/vieassociative.be\/actualites\/comment-pelleter-la-neige-sans-vous-faire-mal-au-dos\/#breadcrumb","itemListElement":[{"@type":"ListItem","position":1,"name":"Accueil","item":"https:\/\/vieassociative.be\/actualites\/"},{"@type":"ListItem","position":2,"name":"Comment pelleter la neige sans vous faire mal au dos"}]},{"@type":"WebSite","@id":"https:\/\/vieassociative.be\/actualites\/#website","url":"https:\/\/vieassociative.be\/actualites\/","name":"Vie Associative","description":"","publisher":{"@id":"https:\/\/vieassociative.be\/actualites\/#organization"},"potentialAction":[{"@type":"SearchAction","target":{"@type":"EntryPoint","urlTemplate":"https:\/\/vieassociative.be\/actualites\/?s={search_term_string}"},"query-input":{"@type":"PropertyValueSpecification","valueRequired":true,"valueName":"search_term_string"}}],"inLanguage":"fr-BE"},{"@type":"Organization","@id":"https:\/\/vieassociative.be\/actualites\/#organization","name":"Vie Associative","url":"https:\/\/vieassociative.be\/actualites\/","logo":{"@type":"ImageObject","inLanguage":"fr-BE","@id":"https:\/\/vieassociative.be\/actualites\/#\/schema\/logo\/image\/","url":"https:\/\/vieassociative.be\/actualites\/wp-content\/uploads\/2024\/09\/cropped-vieassociative_favicon.ico.png","contentUrl":"https:\/\/vieassociative.be\/actualites\/wp-content\/uploads\/2024\/09\/cropped-vieassociative_favicon.ico.png","width":512,"height":512,"caption":"Vie Associative"},"image":{"@id":"https:\/\/vieassociative.be\/actualites\/#\/schema\/logo\/image\/"}},{"@type":"Person","@id":"https:\/\/vieassociative.be\/actualites\/#\/schema\/person\/b87ac4f82f9d4e7b7cec7395b679edc4","name":"Julien","image":{"@type":"ImageObject","inLanguage":"fr-BE","@id":"https:\/\/vieassociative.be\/actualites\/#\/schema\/person\/image\/","url":"https:\/\/vieassociative.be\/actualites\/wp-content\/uploads\/2024\/09\/vie-associative-1-150x150.jpg","contentUrl":"https:\/\/vieassociative.be\/actualites\/wp-content\/uploads\/2024\/09\/vie-associative-1-150x150.jpg","caption":"Julien"},"description":"Je suis Julien, r\u00e9dacteur pour Vie Associative. Passionn\u00e9 par le monde associatif depuis plus de 10 ans, j'ai \u00e0 c\u0153ur de partager des histoires inspirantes et de mettre en lumi\u00e8re les initiatives locales. Mon objectif est de sensibiliser et d'encourager l'engagement communautaire \u00e0 travers mes articles.","sameAs":["https:\/\/vieassociative.be\/"]}]}},"_links":{"self":[{"href":"https:\/\/vieassociative.be\/actualites\/wp-json\/wp\/v2\/posts\/12328"}],"collection":[{"href":"https:\/\/vieassociative.be\/actualites\/wp-json\/wp\/v2\/posts"}],"about":[{"href":"https:\/\/vieassociative.be\/actualites\/wp-json\/wp\/v2\/types\/post"}],"author":[{"embeddable":true,"href":"https:\/\/vieassociative.be\/actualites\/wp-json\/wp\/v2\/users\/1"}],"replies":[{"embeddable":true,"href":"https:\/\/vieassociative.be\/actualites\/wp-json\/wp\/v2\/comments?post=12328"}],"version-history":[{"count":0,"href":"https:\/\/vieassociative.be\/actualites\/wp-json\/wp\/v2\/posts\/12328\/revisions"}],"wp:featuredmedia":[{"embeddable":true,"href":"https:\/\/vieassociative.be\/actualites\/wp-json\/wp\/v2\/media\/12329"}],"wp:attachment":[{"href":"https:\/\/vieassociative.be\/actualites\/wp-json\/wp\/v2\/media?parent=12328"}],"wp:term":[{"taxonomy":"category","embeddable":true,"href":"https:\/\/vieassociative.be\/actualites\/wp-json\/wp\/v2\/categories?post=12328"},{"taxonomy":"post_tag","embeddable":true,"href":"https:\/\/vieassociative.be\/actualites\/wp-json\/wp\/v2\/tags?post=12328"}],"curies":[{"name":"wp","href":"https:\/\/api.w.org\/{rel}","templated":true}]}}