{"id":12326,"date":"2026-01-23T13:17:48","date_gmt":"2026-01-23T12:17:48","guid":{"rendered":"https:\/\/vieassociative.be\/actualites\/chaos-a-utrecht-la-police-neerlandaise-exclut-1-200-supporters-de-genk-du-match-de-ligue-europa\/"},"modified":"2026-01-23T13:17:48","modified_gmt":"2026-01-23T12:17:48","slug":"chaos-a-utrecht-la-police-neerlandaise-exclut-1-200-supporters-de-genk-du-match-de-ligue-europa","status":"publish","type":"post","link":"https:\/\/vieassociative.be\/actualites\/chaos-a-utrecht-la-police-neerlandaise-exclut-1-200-supporters-de-genk-du-match-de-ligue-europa\/","title":{"rendered":"Chaos \u00e0 Utrecht : la police n\u00e9erlandaise exclut 1 200 supporters de Genk du match de Ligue Europa"},"content":{"rendered":"<p><strong>Le match de la Ligue Europa \u00e0 Utrecht se d\u00e9roulera sans les 1 200 supporters ext\u00e9rieurs pour des raisons de s\u00e9curit\u00e9. Le jeu commence beaucoup plus tard.<\/strong><\/p>\n<p><span id=\"more-434403\"><\/span>La police n\u00e9erlandaise a interdit \u00e0 environ 1.200 supporters de football du club belge du KRC Genk d&rsquo;assister au match de Ligue Europa au FC Utrecht. La raison \u00e9tait d&rsquo;importants probl\u00e8mes de s\u00e9curit\u00e9, car environ 300 supporters de Genk n&rsquo;avaient fait l&rsquo;objet d&rsquo;aucun contr\u00f4le d&rsquo;identit\u00e9 ni de fouille, a rapport\u00e9 l&rsquo;agence de presse Belga, citant des informations de la police. En raison de l&rsquo;\u00e9vacuation, le match a commenc\u00e9 avec 53 minutes de retard.<\/p>\n<p>Selon les rapports de la police, un groupe important de supporters venus de Belgique ont \u00e9chapp\u00e9 aux contr\u00f4les en escaladant les barri\u00e8res de s\u00e9curit\u00e9.<\/p>\n<div id=\"attachment_434406\" class=\"wp-caption alignleft\" style=\"max-width: 300px\"><img fetchpriority=\"high\" decoding=\"async\" class=\"wp-image-434406 size-medium\" src=\"https:\/\/vieassociative.be\/actualites\/wp-content\/uploads\/2026\/01\/Chaos-a-Utrecht-la-police-neerlandaise-exclut-1-200.jpg\" alt=\"\" width=\"300\" height=\"200\"><\/div>\n<p><strong>\u2013 Genk veut enqu\u00eater sur l\u2019incident : <\/strong>Selon ses propres informations, la police a fait sortir les 300 supporters concern\u00e9s de la tribune des visiteurs. Certains \u00e9taient arm\u00e9s de b\u00e2tons et de perches, ce qui a retard\u00e9 l&rsquo;\u00e9vacuation. En raison de ces incidents, le reste des supporters de Genk n&rsquo;ont pas non plus pu assister au match.<\/p>\n<p>Le KRC Genk, vainqueur 2-0, a condamn\u00e9 le comportement de ses supporters. \u00ab\u00a0Le club regrette les d\u00e9sagr\u00e9ments caus\u00e9s aux supporters et \u00e0 l&rsquo;organisation\u00a0\u00bb, a indiqu\u00e9 le quadruple champion de Belgique dans un communiqu\u00e9. Genk remboursera int\u00e9gralement les billets et les frais de voyage de ses supporters qui n&rsquo;ont pas pu assister jeudi au match de la Ligue Europa \u00e0 Utrecht en raison du comportement inappropri\u00e9 d&rsquo;une \u00ab\u00a0petite minorit\u00e9\u00a0\u00bb.<\/p>\n<p>\u00ab\u00a0Nous avons v\u00e9rifi\u00e9 si les supporters de Genk, qui avaient voyag\u00e9 dans d&rsquo;autres bus et n&rsquo;\u00e9taient pas encore arriv\u00e9s au stade, pouvaient encore s&rsquo;asseoir dans la tribune ext\u00e9rieure\u00a0\u00bb, ont indiqu\u00e9 les autorit\u00e9s locales dans un communiqu\u00e9. \u00ab\u00a0Malheureusement, les d\u00e9g\u00e2ts sur le stand des invit\u00e9s \u00e9taient si importants qu&rsquo;il n&rsquo;\u00e9tait plus possible de le nettoyer \u00e0 temps et surtout de le s\u00e9curiser.\u00a0\u00bb<\/p>\n<p>Les aspects sportifs sont pass\u00e9s au second plan en raison des exigences de formatage avant le coup d&rsquo;envoi. Le KRC Genk s&rsquo;est impos\u00e9 2-0. Gr\u00e2ce aux buts d&rsquo;El Ouahdi et de Heymans, le Limbourg s&rsquo;est assur\u00e9 au moins une place en s\u00e9ries \u00e9liminatoires pour les huiti\u00e8mes de finale de la Ligue Europa. Avec une victoire lors du dernier match de championnat jeudi prochain contre le Malm\u00f6 FF de Su\u00e8de, ils peuvent m\u00eame s&rsquo;assurer une place directe en huiti\u00e8mes de finale. (dpa\/cre)<\/p>\n","protected":false},"excerpt":{"rendered":"<p>Le match de la Ligue Europa \u00e0 Utrecht se d\u00e9roulera sans les 1 200 supporters ext\u00e9rieurs pour des raisons de s\u00e9curit\u00e9. Le jeu commence beaucoup<\/p>\n","protected":false},"author":1,"featured_media":12327,"comment_status":"","ping_status":"","sticky":false,"template":"","format":"standard","meta":{"footnotes":""},"categories":[298],"tags":[9842,724,2728,932,2817,2685,9844,2741,2962,9843],"class_list":["post-12326","post","type-post","status-publish","format-standard","has-post-thumbnail","hentry","category-belgique","tag-chaos","tag-europa","tag-exclut","tag-genk","tag-ligue","tag-match","tag-neerlandaise","tag-police","tag-supporters","tag-utrecht","generate-columns","tablet-grid-50","mobile-grid-100","grid-parent","grid-33"],"yoast_head":"<!-- This site is optimized with the Yoast SEO plugin v24.0 - https:\/\/yoast.com\/wordpress\/plugins\/seo\/ -->\n<title>Chaos \u00e0 Utrecht : la police n\u00e9erlandaise exclut 1 200 supporters de Genk du match de Ligue Europa | Vie Associative<\/title>\n<meta name=\"robots\" content=\"index, follow, max-snippet:-1, max-image-preview:large, max-video-preview:-1\" \/>\n<link rel=\"canonical\" href=\"https:\/\/vieassociative.be\/actualites\/chaos-a-utrecht-la-police-neerlandaise-exclut-1-200-supporters-de-genk-du-match-de-ligue-europa\/\" \/>\n<meta property=\"og:locale\" content=\"fr_FR\" \/>\n<meta property=\"og:type\" content=\"article\" \/>\n<meta property=\"og:title\" content=\"Chaos \u00e0 Utrecht : la police n\u00e9erlandaise exclut 1 200 supporters de Genk du match de Ligue Europa | Vie Associative\" \/>\n<meta property=\"og:description\" content=\"Le match de la Ligue Europa \u00e0 Utrecht se d\u00e9roulera sans les 1 200 supporters ext\u00e9rieurs pour des raisons de s\u00e9curit\u00e9. Le jeu commence beaucoup\" \/>\n<meta property=\"og:url\" content=\"https:\/\/vieassociative.be\/actualites\/chaos-a-utrecht-la-police-neerlandaise-exclut-1-200-supporters-de-genk-du-match-de-ligue-europa\/\" \/>\n<meta property=\"og:site_name\" content=\"Vie Associative\" \/>\n<meta property=\"article:published_time\" content=\"2026-01-23T12:17:48+00:00\" \/>\n<meta property=\"og:image\" content=\"https:\/\/vieassociative.be\/actualites\/wp-content\/uploads\/2024\/09\/header_backgroundk-01-e1726694325946.png\" \/>\n\t<meta property=\"og:image:width\" content=\"279\" \/>\n\t<meta property=\"og:image:height\" content=\"92\" \/>\n\t<meta property=\"og:image:type\" content=\"image\/png\" \/>\n<meta name=\"author\" content=\"Julien\" \/>\n<meta name=\"twitter:card\" content=\"summary_large_image\" \/>\n<meta name=\"twitter:label1\" content=\"\u00c9crit par\" \/>\n\t<meta name=\"twitter:data1\" content=\"Julien\" \/>\n\t<meta name=\"twitter:label2\" content=\"Dur\u00e9e de lecture est.\" \/>\n\t<meta name=\"twitter:data2\" content=\"2 minutes\" \/>\n<script type=\"application\/ld+json\" class=\"yoast-schema-graph\">{\"@context\":\"https:\/\/schema.org\",\"@graph\":[{\"@type\":\"Article\",\"@id\":\"https:\/\/vieassociative.be\/actualites\/chaos-a-utrecht-la-police-neerlandaise-exclut-1-200-supporters-de-genk-du-match-de-ligue-europa\/#article\",\"isPartOf\":{\"@id\":\"https:\/\/vieassociative.be\/actualites\/chaos-a-utrecht-la-police-neerlandaise-exclut-1-200-supporters-de-genk-du-match-de-ligue-europa\/\"},\"author\":{\"name\":\"Julien\",\"@id\":\"https:\/\/vieassociative.be\/actualites\/#\/schema\/person\/b87ac4f82f9d4e7b7cec7395b679edc4\"},\"headline\":\"Chaos \u00e0 Utrecht : la police n\u00e9erlandaise exclut 1 200 supporters de Genk du match de Ligue Europa\",\"datePublished\":\"2026-01-23T12:17:48+00:00\",\"dateModified\":\"2026-01-23T12:17:48+00:00\",\"mainEntityOfPage\":{\"@id\":\"https:\/\/vieassociative.be\/actualites\/chaos-a-utrecht-la-police-neerlandaise-exclut-1-200-supporters-de-genk-du-match-de-ligue-europa\/\"},\"wordCount\":451,\"publisher\":{\"@id\":\"https:\/\/vieassociative.be\/actualites\/#organization\"},\"image\":{\"@id\":\"https:\/\/vieassociative.be\/actualites\/chaos-a-utrecht-la-police-neerlandaise-exclut-1-200-supporters-de-genk-du-match-de-ligue-europa\/#primaryimage\"},\"thumbnailUrl\":\"https:\/\/vieassociative.be\/actualites\/wp-content\/uploads\/2026\/01\/1769170669_Chaos-a-Utrecht-la-police-neerlandaise-exclut-1-200.jpg\",\"keywords\":[\"Chaos\",\"Europa\",\"exclut\",\"Genk\",\"Ligue\",\"match\",\"n\u00e9erlandaise\",\"police\",\"supporters\",\"Utrecht\"],\"articleSection\":[\"Belgique\"],\"inLanguage\":\"fr-BE\"},{\"@type\":\"WebPage\",\"@id\":\"https:\/\/vieassociative.be\/actualites\/chaos-a-utrecht-la-police-neerlandaise-exclut-1-200-supporters-de-genk-du-match-de-ligue-europa\/\",\"url\":\"https:\/\/vieassociative.be\/actualites\/chaos-a-utrecht-la-police-neerlandaise-exclut-1-200-supporters-de-genk-du-match-de-ligue-europa\/\",\"name\":\"Chaos \u00e0 Utrecht : la police n\u00e9erlandaise exclut 1 200 supporters de Genk du match de Ligue Europa | Vie Associative\",\"isPartOf\":{\"@id\":\"https:\/\/vieassociative.be\/actualites\/#website\"},\"primaryImageOfPage\":{\"@id\":\"https:\/\/vieassociative.be\/actualites\/chaos-a-utrecht-la-police-neerlandaise-exclut-1-200-supporters-de-genk-du-match-de-ligue-europa\/#primaryimage\"},\"image\":{\"@id\":\"https:\/\/vieassociative.be\/actualites\/chaos-a-utrecht-la-police-neerlandaise-exclut-1-200-supporters-de-genk-du-match-de-ligue-europa\/#primaryimage\"},\"thumbnailUrl\":\"https:\/\/vieassociative.be\/actualites\/wp-content\/uploads\/2026\/01\/1769170669_Chaos-a-Utrecht-la-police-neerlandaise-exclut-1-200.jpg\",\"datePublished\":\"2026-01-23T12:17:48+00:00\",\"dateModified\":\"2026-01-23T12:17:48+00:00\",\"breadcrumb\":{\"@id\":\"https:\/\/vieassociative.be\/actualites\/chaos-a-utrecht-la-police-neerlandaise-exclut-1-200-supporters-de-genk-du-match-de-ligue-europa\/#breadcrumb\"},\"inLanguage\":\"fr-BE\",\"potentialAction\":[{\"@type\":\"ReadAction\",\"target\":[\"https:\/\/vieassociative.be\/actualites\/chaos-a-utrecht-la-police-neerlandaise-exclut-1-200-supporters-de-genk-du-match-de-ligue-europa\/\"]}]},{\"@type\":\"ImageObject\",\"inLanguage\":\"fr-BE\",\"@id\":\"https:\/\/vieassociative.be\/actualites\/chaos-a-utrecht-la-police-neerlandaise-exclut-1-200-supporters-de-genk-du-match-de-ligue-europa\/#primaryimage\",\"url\":\"https:\/\/vieassociative.be\/actualites\/wp-content\/uploads\/2026\/01\/1769170669_Chaos-a-Utrecht-la-police-neerlandaise-exclut-1-200.jpg\",\"contentUrl\":\"https:\/\/vieassociative.be\/actualites\/wp-content\/uploads\/2026\/01\/1769170669_Chaos-a-Utrecht-la-police-neerlandaise-exclut-1-200.jpg\",\"width\":1200,\"height\":800,\"caption\":\"Chaos \u00e0 Utrecht : la police n\u00e9erlandaise exclut 1 200 supporters de Genk du match de Ligue Europa\"},{\"@type\":\"BreadcrumbList\",\"@id\":\"https:\/\/vieassociative.be\/actualites\/chaos-a-utrecht-la-police-neerlandaise-exclut-1-200-supporters-de-genk-du-match-de-ligue-europa\/#breadcrumb\",\"itemListElement\":[{\"@type\":\"ListItem\",\"position\":1,\"name\":\"Accueil\",\"item\":\"https:\/\/vieassociative.be\/actualites\/\"},{\"@type\":\"ListItem\",\"position\":2,\"name\":\"Chaos \u00e0 Utrecht : la police n\u00e9erlandaise exclut 1 200 supporters de Genk du match de Ligue Europa\"}]},{\"@type\":\"WebSite\",\"@id\":\"https:\/\/vieassociative.be\/actualites\/#website\",\"url\":\"https:\/\/vieassociative.be\/actualites\/\",\"name\":\"Vie Associative\",\"description\":\"\",\"publisher\":{\"@id\":\"https:\/\/vieassociative.be\/actualites\/#organization\"},\"potentialAction\":[{\"@type\":\"SearchAction\",\"target\":{\"@type\":\"EntryPoint\",\"urlTemplate\":\"https:\/\/vieassociative.be\/actualites\/?s={search_term_string}\"},\"query-input\":{\"@type\":\"PropertyValueSpecification\",\"valueRequired\":true,\"valueName\":\"search_term_string\"}}],\"inLanguage\":\"fr-BE\"},{\"@type\":\"Organization\",\"@id\":\"https:\/\/vieassociative.be\/actualites\/#organization\",\"name\":\"Vie Associative\",\"url\":\"https:\/\/vieassociative.be\/actualites\/\",\"logo\":{\"@type\":\"ImageObject\",\"inLanguage\":\"fr-BE\",\"@id\":\"https:\/\/vieassociative.be\/actualites\/#\/schema\/logo\/image\/\",\"url\":\"https:\/\/vieassociative.be\/actualites\/wp-content\/uploads\/2024\/09\/cropped-vieassociative_favicon.ico.png\",\"contentUrl\":\"https:\/\/vieassociative.be\/actualites\/wp-content\/uploads\/2024\/09\/cropped-vieassociative_favicon.ico.png\",\"width\":512,\"height\":512,\"caption\":\"Vie Associative\"},\"image\":{\"@id\":\"https:\/\/vieassociative.be\/actualites\/#\/schema\/logo\/image\/\"}},{\"@type\":\"Person\",\"@id\":\"https:\/\/vieassociative.be\/actualites\/#\/schema\/person\/b87ac4f82f9d4e7b7cec7395b679edc4\",\"name\":\"Julien\",\"image\":{\"@type\":\"ImageObject\",\"inLanguage\":\"fr-BE\",\"@id\":\"https:\/\/vieassociative.be\/actualites\/#\/schema\/person\/image\/\",\"url\":\"https:\/\/vieassociative.be\/actualites\/wp-content\/uploads\/2024\/09\/vie-associative-1-150x150.jpg\",\"contentUrl\":\"https:\/\/vieassociative.be\/actualites\/wp-content\/uploads\/2024\/09\/vie-associative-1-150x150.jpg\",\"caption\":\"Julien\"},\"description\":\"Je suis Julien, r\u00e9dacteur pour Vie Associative. Passionn\u00e9 par le monde associatif depuis plus de 10 ans, j'ai \u00e0 c\u0153ur de partager des histoires inspirantes et de mettre en lumi\u00e8re les initiatives locales. Mon objectif est de sensibiliser et d'encourager l'engagement communautaire \u00e0 travers mes articles.\",\"sameAs\":[\"https:\/\/vieassociative.be\/\"]}]}<\/script>\n<!-- \/ Yoast SEO plugin. -->","yoast_head_json":{"title":"Chaos \u00e0 Utrecht : la police n\u00e9erlandaise exclut 1 200 supporters de Genk du match de Ligue Europa | Vie Associative","robots":{"index":"index","follow":"follow","max-snippet":"max-snippet:-1","max-image-preview":"max-image-preview:large","max-video-preview":"max-video-preview:-1"},"canonical":"https:\/\/vieassociative.be\/actualites\/chaos-a-utrecht-la-police-neerlandaise-exclut-1-200-supporters-de-genk-du-match-de-ligue-europa\/","og_locale":"fr_FR","og_type":"article","og_title":"Chaos \u00e0 Utrecht : la police n\u00e9erlandaise exclut 1 200 supporters de Genk du match de Ligue Europa | Vie Associative","og_description":"Le match de la Ligue Europa \u00e0 Utrecht se d\u00e9roulera sans les 1 200 supporters ext\u00e9rieurs pour des raisons de s\u00e9curit\u00e9. Le jeu commence beaucoup","og_url":"https:\/\/vieassociative.be\/actualites\/chaos-a-utrecht-la-police-neerlandaise-exclut-1-200-supporters-de-genk-du-match-de-ligue-europa\/","og_site_name":"Vie Associative","article_published_time":"2026-01-23T12:17:48+00:00","og_image":[{"width":279,"height":92,"url":"https:\/\/vieassociative.be\/actualites\/wp-content\/uploads\/2024\/09\/header_backgroundk-01-e1726694325946.png","type":"image\/png"}],"author":"Julien","twitter_card":"summary_large_image","twitter_misc":{"\u00c9crit par":"Julien","Dur\u00e9e de lecture est.":"2 minutes"},"schema":{"@context":"https:\/\/schema.org","@graph":[{"@type":"Article","@id":"https:\/\/vieassociative.be\/actualites\/chaos-a-utrecht-la-police-neerlandaise-exclut-1-200-supporters-de-genk-du-match-de-ligue-europa\/#article","isPartOf":{"@id":"https:\/\/vieassociative.be\/actualites\/chaos-a-utrecht-la-police-neerlandaise-exclut-1-200-supporters-de-genk-du-match-de-ligue-europa\/"},"author":{"name":"Julien","@id":"https:\/\/vieassociative.be\/actualites\/#\/schema\/person\/b87ac4f82f9d4e7b7cec7395b679edc4"},"headline":"Chaos \u00e0 Utrecht : la police n\u00e9erlandaise exclut 1 200 supporters de Genk du match de Ligue Europa","datePublished":"2026-01-23T12:17:48+00:00","dateModified":"2026-01-23T12:17:48+00:00","mainEntityOfPage":{"@id":"https:\/\/vieassociative.be\/actualites\/chaos-a-utrecht-la-police-neerlandaise-exclut-1-200-supporters-de-genk-du-match-de-ligue-europa\/"},"wordCount":451,"publisher":{"@id":"https:\/\/vieassociative.be\/actualites\/#organization"},"image":{"@id":"https:\/\/vieassociative.be\/actualites\/chaos-a-utrecht-la-police-neerlandaise-exclut-1-200-supporters-de-genk-du-match-de-ligue-europa\/#primaryimage"},"thumbnailUrl":"https:\/\/vieassociative.be\/actualites\/wp-content\/uploads\/2026\/01\/1769170669_Chaos-a-Utrecht-la-police-neerlandaise-exclut-1-200.jpg","keywords":["Chaos","Europa","exclut","Genk","Ligue","match","n\u00e9erlandaise","police","supporters","Utrecht"],"articleSection":["Belgique"],"inLanguage":"fr-BE"},{"@type":"WebPage","@id":"https:\/\/vieassociative.be\/actualites\/chaos-a-utrecht-la-police-neerlandaise-exclut-1-200-supporters-de-genk-du-match-de-ligue-europa\/","url":"https:\/\/vieassociative.be\/actualites\/chaos-a-utrecht-la-police-neerlandaise-exclut-1-200-supporters-de-genk-du-match-de-ligue-europa\/","name":"Chaos \u00e0 Utrecht : la police n\u00e9erlandaise exclut 1 200 supporters de Genk du match de Ligue Europa | Vie Associative","isPartOf":{"@id":"https:\/\/vieassociative.be\/actualites\/#website"},"primaryImageOfPage":{"@id":"https:\/\/vieassociative.be\/actualites\/chaos-a-utrecht-la-police-neerlandaise-exclut-1-200-supporters-de-genk-du-match-de-ligue-europa\/#primaryimage"},"image":{"@id":"https:\/\/vieassociative.be\/actualites\/chaos-a-utrecht-la-police-neerlandaise-exclut-1-200-supporters-de-genk-du-match-de-ligue-europa\/#primaryimage"},"thumbnailUrl":"https:\/\/vieassociative.be\/actualites\/wp-content\/uploads\/2026\/01\/1769170669_Chaos-a-Utrecht-la-police-neerlandaise-exclut-1-200.jpg","datePublished":"2026-01-23T12:17:48+00:00","dateModified":"2026-01-23T12:17:48+00:00","breadcrumb":{"@id":"https:\/\/vieassociative.be\/actualites\/chaos-a-utrecht-la-police-neerlandaise-exclut-1-200-supporters-de-genk-du-match-de-ligue-europa\/#breadcrumb"},"inLanguage":"fr-BE","potentialAction":[{"@type":"ReadAction","target":["https:\/\/vieassociative.be\/actualites\/chaos-a-utrecht-la-police-neerlandaise-exclut-1-200-supporters-de-genk-du-match-de-ligue-europa\/"]}]},{"@type":"ImageObject","inLanguage":"fr-BE","@id":"https:\/\/vieassociative.be\/actualites\/chaos-a-utrecht-la-police-neerlandaise-exclut-1-200-supporters-de-genk-du-match-de-ligue-europa\/#primaryimage","url":"https:\/\/vieassociative.be\/actualites\/wp-content\/uploads\/2026\/01\/1769170669_Chaos-a-Utrecht-la-police-neerlandaise-exclut-1-200.jpg","contentUrl":"https:\/\/vieassociative.be\/actualites\/wp-content\/uploads\/2026\/01\/1769170669_Chaos-a-Utrecht-la-police-neerlandaise-exclut-1-200.jpg","width":1200,"height":800,"caption":"Chaos \u00e0 Utrecht : la police n\u00e9erlandaise exclut 1 200 supporters de Genk du match de Ligue Europa"},{"@type":"BreadcrumbList","@id":"https:\/\/vieassociative.be\/actualites\/chaos-a-utrecht-la-police-neerlandaise-exclut-1-200-supporters-de-genk-du-match-de-ligue-europa\/#breadcrumb","itemListElement":[{"@type":"ListItem","position":1,"name":"Accueil","item":"https:\/\/vieassociative.be\/actualites\/"},{"@type":"ListItem","position":2,"name":"Chaos \u00e0 Utrecht : la police n\u00e9erlandaise exclut 1 200 supporters de Genk du match de Ligue Europa"}]},{"@type":"WebSite","@id":"https:\/\/vieassociative.be\/actualites\/#website","url":"https:\/\/vieassociative.be\/actualites\/","name":"Vie Associative","description":"","publisher":{"@id":"https:\/\/vieassociative.be\/actualites\/#organization"},"potentialAction":[{"@type":"SearchAction","target":{"@type":"EntryPoint","urlTemplate":"https:\/\/vieassociative.be\/actualites\/?s={search_term_string}"},"query-input":{"@type":"PropertyValueSpecification","valueRequired":true,"valueName":"search_term_string"}}],"inLanguage":"fr-BE"},{"@type":"Organization","@id":"https:\/\/vieassociative.be\/actualites\/#organization","name":"Vie Associative","url":"https:\/\/vieassociative.be\/actualites\/","logo":{"@type":"ImageObject","inLanguage":"fr-BE","@id":"https:\/\/vieassociative.be\/actualites\/#\/schema\/logo\/image\/","url":"https:\/\/vieassociative.be\/actualites\/wp-content\/uploads\/2024\/09\/cropped-vieassociative_favicon.ico.png","contentUrl":"https:\/\/vieassociative.be\/actualites\/wp-content\/uploads\/2024\/09\/cropped-vieassociative_favicon.ico.png","width":512,"height":512,"caption":"Vie Associative"},"image":{"@id":"https:\/\/vieassociative.be\/actualites\/#\/schema\/logo\/image\/"}},{"@type":"Person","@id":"https:\/\/vieassociative.be\/actualites\/#\/schema\/person\/b87ac4f82f9d4e7b7cec7395b679edc4","name":"Julien","image":{"@type":"ImageObject","inLanguage":"fr-BE","@id":"https:\/\/vieassociative.be\/actualites\/#\/schema\/person\/image\/","url":"https:\/\/vieassociative.be\/actualites\/wp-content\/uploads\/2024\/09\/vie-associative-1-150x150.jpg","contentUrl":"https:\/\/vieassociative.be\/actualites\/wp-content\/uploads\/2024\/09\/vie-associative-1-150x150.jpg","caption":"Julien"},"description":"Je suis Julien, r\u00e9dacteur pour Vie Associative. Passionn\u00e9 par le monde associatif depuis plus de 10 ans, j'ai \u00e0 c\u0153ur de partager des histoires inspirantes et de mettre en lumi\u00e8re les initiatives locales. Mon objectif est de sensibiliser et d'encourager l'engagement communautaire \u00e0 travers mes articles.","sameAs":["https:\/\/vieassociative.be\/"]}]}},"_links":{"self":[{"href":"https:\/\/vieassociative.be\/actualites\/wp-json\/wp\/v2\/posts\/12326"}],"collection":[{"href":"https:\/\/vieassociative.be\/actualites\/wp-json\/wp\/v2\/posts"}],"about":[{"href":"https:\/\/vieassociative.be\/actualites\/wp-json\/wp\/v2\/types\/post"}],"author":[{"embeddable":true,"href":"https:\/\/vieassociative.be\/actualites\/wp-json\/wp\/v2\/users\/1"}],"replies":[{"embeddable":true,"href":"https:\/\/vieassociative.be\/actualites\/wp-json\/wp\/v2\/comments?post=12326"}],"version-history":[{"count":0,"href":"https:\/\/vieassociative.be\/actualites\/wp-json\/wp\/v2\/posts\/12326\/revisions"}],"wp:featuredmedia":[{"embeddable":true,"href":"https:\/\/vieassociative.be\/actualites\/wp-json\/wp\/v2\/media\/12327"}],"wp:attachment":[{"href":"https:\/\/vieassociative.be\/actualites\/wp-json\/wp\/v2\/media?parent=12326"}],"wp:term":[{"taxonomy":"category","embeddable":true,"href":"https:\/\/vieassociative.be\/actualites\/wp-json\/wp\/v2\/categories?post=12326"},{"taxonomy":"post_tag","embeddable":true,"href":"https:\/\/vieassociative.be\/actualites\/wp-json\/wp\/v2\/tags?post=12326"}],"curies":[{"name":"wp","href":"https:\/\/api.w.org\/{rel}","templated":true}]}}