{"id":12323,"date":"2026-01-23T07:17:25","date_gmt":"2026-01-23T06:17:25","guid":{"rendered":"https:\/\/vieassociative.be\/actualites\/lettre-a-la-redaction-7-000-jeunes-de-dix-sept-ans-se-sont-portes-volontaires-pour-le-service-militaire\/"},"modified":"2026-01-23T07:17:25","modified_gmt":"2026-01-23T06:17:25","slug":"lettre-a-la-redaction-7-000-jeunes-de-dix-sept-ans-se-sont-portes-volontaires-pour-le-service-militaire","status":"publish","type":"post","link":"https:\/\/vieassociative.be\/actualites\/lettre-a-la-redaction-7-000-jeunes-de-dix-sept-ans-se-sont-portes-volontaires-pour-le-service-militaire\/","title":{"rendered":"LETTRE \u00c0 LA R\u00c9DACTION \u2013 7 000 jeunes de dix-sept ans se sont port\u00e9s volontaires pour le service militaire"},"content":{"rendered":"<p><strong>7 000 jeunes de dix-sept ans se sont port\u00e9s volontaires pour le service militaire. 7 000 qui ne viennent peut-\u00eatre pas d&rsquo;un foyer tr\u00e8s stable ou qui veulent vivre une ann\u00e9e d&rsquo;aventure.<\/strong><\/p>\n<p><span id=\"more-434349\"><\/span>Le ministre belge de la Guerre se trouvait m\u00eame au RSI d&rsquo;Eupen \u00e0 la recherche de chair \u00e0 canon fra\u00eeche. Notre Premier Ministre et le Directeur lui sourient. C\u2019est un ph\u00e9nom\u00e8ne bien connu que certains hommes politiques europ\u00e9ens sont accros \u00e0 la guerre.<\/p>\n<p>Le fait qu&rsquo;il y ait m\u00eame des combats contre les producteurs de denr\u00e9es alimentaires en Europe, comme ce fut le cas une fois de plus \u00e0 Bruxelles le 18 d\u00e9cembre, a m\u00eame suscit\u00e9 l&rsquo;indignation dans les cercles gouvernementaux am\u00e9ricains. Si les agriculteurs europ\u00e9ens d\u00e9posent les armes, c\u2019est-\u00e0-dire cessent de produire, l\u2019Europe souffrira de la faim, alors l\u2019accord du Mercosur, qu\u2019il soit sign\u00e9 ou non, ne vaut qu\u2019un morceau de papier toilette.<\/p>\n<p>Toutes les armes et toutes les guerres n&rsquo;aident aucune patrie, mais plut\u00f4t les peuples puissants du monde qui restent au pouvoir pendant des g\u00e9n\u00e9rations gr\u00e2ce \u00e0 leur augmentation quotidienne de capital. Pas ceux que l\u2019on entend quotidiennement aux informations, mais des noms qui ne sont pas rendus publics.<\/p>\n<p>Je ne veux pas d\u00e9courager les jeunes, mais plut\u00f4t leur recommander de rechercher la v\u00e9rit\u00e9 au lieu de croire les m\u00e9dias publics d&rsquo;\u00c9tat. Car celui qui consomme ces m\u00e9dias n\u2019est pas inform\u00e9, mais manipul\u00e9.<\/p>\n<p>Peut-\u00eatre pouvez-vous encore trouver des t\u00e9moins contemporains de la Seconde Guerre mondiale, puis demander : comment c&rsquo;\u00e9tait \u00e0 l&rsquo;\u00e9poque avec les armes, les soldats et la guerre ? Comment c\u2019\u00e9tait quand les gens des villes venaient mendier ? Comment \u00e9tait-ce \u00e0 l\u2019\u00e9poque o\u00f9 les Am\u00e9ricains et les Russes ont conquis Berlin et nous ont lib\u00e9r\u00e9s, non pas d\u2019un ennemi, mais de notre syst\u00e8me politique ? Ne vous laissez pas influencer par les bavardages politiques de droite et de gauche, le climat et le CO26 et ne riez pas si vous \u00eates insult\u00e9 en tant que penseur lat\u00e9ral ou th\u00e9oricien du complot, car ce ne sont pas des arguments, juste des paroles stupides.<\/p>\n<p>Je voudrais dire aux g\u00e9n\u00e9rations moyennes et \u00e2g\u00e9es que si les puissants de ce monde veulent faire la guerre, nous ne l\u2019emp\u00eacherons pas, mais nous ne sommes pas oblig\u00e9s de sacrifier nos fils ou petits-fils pour cette folie. Dans cette optique, je souhaite \u00e0 tous les habitants de cette terre une ann\u00e9e 2026 paisible !<\/p>\n<p><strong>22\/01\/2026 Ludwig Hacken, Meilescheid 69, 4760 Bullange<\/strong><\/p>\n","protected":false},"excerpt":{"rendered":"<p>7 000 jeunes de dix-sept ans se sont port\u00e9s volontaires pour le service militaire. 7 000 qui ne viennent peut-\u00eatre pas d&rsquo;un foyer tr\u00e8s stable<\/p>\n","protected":false},"author":1,"featured_media":2567,"comment_status":"","ping_status":"","sticky":false,"template":"","format":"standard","meta":{"footnotes":""},"categories":[298],"tags":[584,9840,5859,2628,7852,4881,81,3296,2911,18,9841],"class_list":["post-12323","post","type-post","status-publish","format-standard","has-post-thumbnail","hentry","category-belgique","tag-ans","tag-dixsept","tag-jeunes","tag-lettre","tag-militaire","tag-portes","tag-pour","tag-redaction","tag-service","tag-sont","tag-volontaires","generate-columns","tablet-grid-50","mobile-grid-100","grid-parent","grid-33"],"yoast_head":"<!-- This site is optimized with the Yoast SEO plugin v24.0 - https:\/\/yoast.com\/wordpress\/plugins\/seo\/ -->\n<title>LETTRE \u00c0 LA R\u00c9DACTION \u2013 7 000 jeunes de dix-sept ans se sont port\u00e9s volontaires pour le service militaire | Vie Associative<\/title>\n<meta name=\"robots\" content=\"index, follow, max-snippet:-1, max-image-preview:large, max-video-preview:-1\" \/>\n<link rel=\"canonical\" href=\"https:\/\/vieassociative.be\/actualites\/lettre-a-la-redaction-7-000-jeunes-de-dix-sept-ans-se-sont-portes-volontaires-pour-le-service-militaire\/\" \/>\n<meta property=\"og:locale\" content=\"fr_FR\" \/>\n<meta property=\"og:type\" content=\"article\" \/>\n<meta property=\"og:title\" content=\"LETTRE \u00c0 LA R\u00c9DACTION \u2013 7 000 jeunes de dix-sept ans se sont port\u00e9s volontaires pour le service militaire | Vie Associative\" \/>\n<meta property=\"og:description\" content=\"7 000 jeunes de dix-sept ans se sont port\u00e9s volontaires pour le service militaire. 7 000 qui ne viennent peut-\u00eatre pas d&rsquo;un foyer tr\u00e8s stable\" \/>\n<meta property=\"og:url\" content=\"https:\/\/vieassociative.be\/actualites\/lettre-a-la-redaction-7-000-jeunes-de-dix-sept-ans-se-sont-portes-volontaires-pour-le-service-militaire\/\" \/>\n<meta property=\"og:site_name\" content=\"Vie Associative\" \/>\n<meta property=\"article:published_time\" content=\"2026-01-23T06:17:25+00:00\" \/>\n<meta property=\"og:image\" content=\"https:\/\/vieassociative.be\/actualites\/wp-content\/uploads\/2024\/09\/header_backgroundk-01-e1726694325946.png\" \/>\n\t<meta property=\"og:image:width\" content=\"279\" \/>\n\t<meta property=\"og:image:height\" content=\"92\" \/>\n\t<meta property=\"og:image:type\" content=\"image\/png\" \/>\n<meta name=\"author\" content=\"Julien\" \/>\n<meta name=\"twitter:card\" content=\"summary_large_image\" \/>\n<meta name=\"twitter:label1\" content=\"\u00c9crit par\" \/>\n\t<meta name=\"twitter:data1\" content=\"Julien\" \/>\n\t<meta name=\"twitter:label2\" content=\"Dur\u00e9e de lecture est.\" \/>\n\t<meta name=\"twitter:data2\" content=\"2 minutes\" \/>\n<script type=\"application\/ld+json\" class=\"yoast-schema-graph\">{\"@context\":\"https:\/\/schema.org\",\"@graph\":[{\"@type\":\"Article\",\"@id\":\"https:\/\/vieassociative.be\/actualites\/lettre-a-la-redaction-7-000-jeunes-de-dix-sept-ans-se-sont-portes-volontaires-pour-le-service-militaire\/#article\",\"isPartOf\":{\"@id\":\"https:\/\/vieassociative.be\/actualites\/lettre-a-la-redaction-7-000-jeunes-de-dix-sept-ans-se-sont-portes-volontaires-pour-le-service-militaire\/\"},\"author\":{\"name\":\"Julien\",\"@id\":\"https:\/\/vieassociative.be\/actualites\/#\/schema\/person\/b87ac4f82f9d4e7b7cec7395b679edc4\"},\"headline\":\"LETTRE \u00c0 LA R\u00c9DACTION \u2013 7 000 jeunes de dix-sept ans se sont port\u00e9s volontaires pour le service militaire\",\"datePublished\":\"2026-01-23T06:17:25+00:00\",\"dateModified\":\"2026-01-23T06:17:25+00:00\",\"mainEntityOfPage\":{\"@id\":\"https:\/\/vieassociative.be\/actualites\/lettre-a-la-redaction-7-000-jeunes-de-dix-sept-ans-se-sont-portes-volontaires-pour-le-service-militaire\/\"},\"wordCount\":458,\"publisher\":{\"@id\":\"https:\/\/vieassociative.be\/actualites\/#organization\"},\"image\":{\"@id\":\"https:\/\/vieassociative.be\/actualites\/lettre-a-la-redaction-7-000-jeunes-de-dix-sept-ans-se-sont-portes-volontaires-pour-le-service-militaire\/#primaryimage\"},\"thumbnailUrl\":\"https:\/\/vieassociative.be\/actualites\/wp-content\/uploads\/2024\/11\/LETTRE-A-LA-REDACTION-\u2013-Audi-Bruxelles-dernier-avertissement-du.jpeg\",\"keywords\":[\"ans\",\"dixsept\",\"jeunes\",\"lettre\",\"militaire\",\"Portes\",\"pour\",\"R\u00c9DACTION\",\"service\",\"sont\",\"volontaires\"],\"articleSection\":[\"Belgique\"],\"inLanguage\":\"fr-BE\"},{\"@type\":\"WebPage\",\"@id\":\"https:\/\/vieassociative.be\/actualites\/lettre-a-la-redaction-7-000-jeunes-de-dix-sept-ans-se-sont-portes-volontaires-pour-le-service-militaire\/\",\"url\":\"https:\/\/vieassociative.be\/actualites\/lettre-a-la-redaction-7-000-jeunes-de-dix-sept-ans-se-sont-portes-volontaires-pour-le-service-militaire\/\",\"name\":\"LETTRE \u00c0 LA R\u00c9DACTION \u2013 7 000 jeunes de dix-sept ans se sont port\u00e9s volontaires pour le service militaire | Vie Associative\",\"isPartOf\":{\"@id\":\"https:\/\/vieassociative.be\/actualites\/#website\"},\"primaryImageOfPage\":{\"@id\":\"https:\/\/vieassociative.be\/actualites\/lettre-a-la-redaction-7-000-jeunes-de-dix-sept-ans-se-sont-portes-volontaires-pour-le-service-militaire\/#primaryimage\"},\"image\":{\"@id\":\"https:\/\/vieassociative.be\/actualites\/lettre-a-la-redaction-7-000-jeunes-de-dix-sept-ans-se-sont-portes-volontaires-pour-le-service-militaire\/#primaryimage\"},\"thumbnailUrl\":\"https:\/\/vieassociative.be\/actualites\/wp-content\/uploads\/2024\/11\/LETTRE-A-LA-REDACTION-\u2013-Audi-Bruxelles-dernier-avertissement-du.jpeg\",\"datePublished\":\"2026-01-23T06:17:25+00:00\",\"dateModified\":\"2026-01-23T06:17:25+00:00\",\"breadcrumb\":{\"@id\":\"https:\/\/vieassociative.be\/actualites\/lettre-a-la-redaction-7-000-jeunes-de-dix-sept-ans-se-sont-portes-volontaires-pour-le-service-militaire\/#breadcrumb\"},\"inLanguage\":\"fr-BE\",\"potentialAction\":[{\"@type\":\"ReadAction\",\"target\":[\"https:\/\/vieassociative.be\/actualites\/lettre-a-la-redaction-7-000-jeunes-de-dix-sept-ans-se-sont-portes-volontaires-pour-le-service-militaire\/\"]}]},{\"@type\":\"ImageObject\",\"inLanguage\":\"fr-BE\",\"@id\":\"https:\/\/vieassociative.be\/actualites\/lettre-a-la-redaction-7-000-jeunes-de-dix-sept-ans-se-sont-portes-volontaires-pour-le-service-militaire\/#primaryimage\",\"url\":\"https:\/\/vieassociative.be\/actualites\/wp-content\/uploads\/2024\/11\/LETTRE-A-LA-REDACTION-\u2013-Audi-Bruxelles-dernier-avertissement-du.jpeg\",\"contentUrl\":\"https:\/\/vieassociative.be\/actualites\/wp-content\/uploads\/2024\/11\/LETTRE-A-LA-REDACTION-\u2013-Audi-Bruxelles-dernier-avertissement-du.jpeg\",\"width\":1024,\"height\":747,\"caption\":\"LETTRE \u00c0 LA R\u00c9DACTION \u2013 Audi Bruxelles, dernier avertissement du gouffre\"},{\"@type\":\"BreadcrumbList\",\"@id\":\"https:\/\/vieassociative.be\/actualites\/lettre-a-la-redaction-7-000-jeunes-de-dix-sept-ans-se-sont-portes-volontaires-pour-le-service-militaire\/#breadcrumb\",\"itemListElement\":[{\"@type\":\"ListItem\",\"position\":1,\"name\":\"Accueil\",\"item\":\"https:\/\/vieassociative.be\/actualites\/\"},{\"@type\":\"ListItem\",\"position\":2,\"name\":\"LETTRE \u00c0 LA R\u00c9DACTION \u2013 7 000 jeunes de dix-sept ans se sont port\u00e9s volontaires pour le service militaire\"}]},{\"@type\":\"WebSite\",\"@id\":\"https:\/\/vieassociative.be\/actualites\/#website\",\"url\":\"https:\/\/vieassociative.be\/actualites\/\",\"name\":\"Vie Associative\",\"description\":\"\",\"publisher\":{\"@id\":\"https:\/\/vieassociative.be\/actualites\/#organization\"},\"potentialAction\":[{\"@type\":\"SearchAction\",\"target\":{\"@type\":\"EntryPoint\",\"urlTemplate\":\"https:\/\/vieassociative.be\/actualites\/?s={search_term_string}\"},\"query-input\":{\"@type\":\"PropertyValueSpecification\",\"valueRequired\":true,\"valueName\":\"search_term_string\"}}],\"inLanguage\":\"fr-BE\"},{\"@type\":\"Organization\",\"@id\":\"https:\/\/vieassociative.be\/actualites\/#organization\",\"name\":\"Vie Associative\",\"url\":\"https:\/\/vieassociative.be\/actualites\/\",\"logo\":{\"@type\":\"ImageObject\",\"inLanguage\":\"fr-BE\",\"@id\":\"https:\/\/vieassociative.be\/actualites\/#\/schema\/logo\/image\/\",\"url\":\"https:\/\/vieassociative.be\/actualites\/wp-content\/uploads\/2024\/09\/cropped-vieassociative_favicon.ico.png\",\"contentUrl\":\"https:\/\/vieassociative.be\/actualites\/wp-content\/uploads\/2024\/09\/cropped-vieassociative_favicon.ico.png\",\"width\":512,\"height\":512,\"caption\":\"Vie Associative\"},\"image\":{\"@id\":\"https:\/\/vieassociative.be\/actualites\/#\/schema\/logo\/image\/\"}},{\"@type\":\"Person\",\"@id\":\"https:\/\/vieassociative.be\/actualites\/#\/schema\/person\/b87ac4f82f9d4e7b7cec7395b679edc4\",\"name\":\"Julien\",\"image\":{\"@type\":\"ImageObject\",\"inLanguage\":\"fr-BE\",\"@id\":\"https:\/\/vieassociative.be\/actualites\/#\/schema\/person\/image\/\",\"url\":\"https:\/\/vieassociative.be\/actualites\/wp-content\/uploads\/2024\/09\/vie-associative-1-150x150.jpg\",\"contentUrl\":\"https:\/\/vieassociative.be\/actualites\/wp-content\/uploads\/2024\/09\/vie-associative-1-150x150.jpg\",\"caption\":\"Julien\"},\"description\":\"Je suis Julien, r\u00e9dacteur pour Vie Associative. Passionn\u00e9 par le monde associatif depuis plus de 10 ans, j'ai \u00e0 c\u0153ur de partager des histoires inspirantes et de mettre en lumi\u00e8re les initiatives locales. Mon objectif est de sensibiliser et d'encourager l'engagement communautaire \u00e0 travers mes articles.\",\"sameAs\":[\"https:\/\/vieassociative.be\/\"]}]}<\/script>\n<!-- \/ Yoast SEO plugin. -->","yoast_head_json":{"title":"LETTRE \u00c0 LA R\u00c9DACTION \u2013 7 000 jeunes de dix-sept ans se sont port\u00e9s volontaires pour le service militaire | Vie Associative","robots":{"index":"index","follow":"follow","max-snippet":"max-snippet:-1","max-image-preview":"max-image-preview:large","max-video-preview":"max-video-preview:-1"},"canonical":"https:\/\/vieassociative.be\/actualites\/lettre-a-la-redaction-7-000-jeunes-de-dix-sept-ans-se-sont-portes-volontaires-pour-le-service-militaire\/","og_locale":"fr_FR","og_type":"article","og_title":"LETTRE \u00c0 LA R\u00c9DACTION \u2013 7 000 jeunes de dix-sept ans se sont port\u00e9s volontaires pour le service militaire | Vie Associative","og_description":"7 000 jeunes de dix-sept ans se sont port\u00e9s volontaires pour le service militaire. 7 000 qui ne viennent peut-\u00eatre pas d&rsquo;un foyer tr\u00e8s stable","og_url":"https:\/\/vieassociative.be\/actualites\/lettre-a-la-redaction-7-000-jeunes-de-dix-sept-ans-se-sont-portes-volontaires-pour-le-service-militaire\/","og_site_name":"Vie Associative","article_published_time":"2026-01-23T06:17:25+00:00","og_image":[{"width":279,"height":92,"url":"https:\/\/vieassociative.be\/actualites\/wp-content\/uploads\/2024\/09\/header_backgroundk-01-e1726694325946.png","type":"image\/png"}],"author":"Julien","twitter_card":"summary_large_image","twitter_misc":{"\u00c9crit par":"Julien","Dur\u00e9e de lecture est.":"2 minutes"},"schema":{"@context":"https:\/\/schema.org","@graph":[{"@type":"Article","@id":"https:\/\/vieassociative.be\/actualites\/lettre-a-la-redaction-7-000-jeunes-de-dix-sept-ans-se-sont-portes-volontaires-pour-le-service-militaire\/#article","isPartOf":{"@id":"https:\/\/vieassociative.be\/actualites\/lettre-a-la-redaction-7-000-jeunes-de-dix-sept-ans-se-sont-portes-volontaires-pour-le-service-militaire\/"},"author":{"name":"Julien","@id":"https:\/\/vieassociative.be\/actualites\/#\/schema\/person\/b87ac4f82f9d4e7b7cec7395b679edc4"},"headline":"LETTRE \u00c0 LA R\u00c9DACTION \u2013 7 000 jeunes de dix-sept ans se sont port\u00e9s volontaires pour le service militaire","datePublished":"2026-01-23T06:17:25+00:00","dateModified":"2026-01-23T06:17:25+00:00","mainEntityOfPage":{"@id":"https:\/\/vieassociative.be\/actualites\/lettre-a-la-redaction-7-000-jeunes-de-dix-sept-ans-se-sont-portes-volontaires-pour-le-service-militaire\/"},"wordCount":458,"publisher":{"@id":"https:\/\/vieassociative.be\/actualites\/#organization"},"image":{"@id":"https:\/\/vieassociative.be\/actualites\/lettre-a-la-redaction-7-000-jeunes-de-dix-sept-ans-se-sont-portes-volontaires-pour-le-service-militaire\/#primaryimage"},"thumbnailUrl":"https:\/\/vieassociative.be\/actualites\/wp-content\/uploads\/2024\/11\/LETTRE-A-LA-REDACTION-\u2013-Audi-Bruxelles-dernier-avertissement-du.jpeg","keywords":["ans","dixsept","jeunes","lettre","militaire","Portes","pour","R\u00c9DACTION","service","sont","volontaires"],"articleSection":["Belgique"],"inLanguage":"fr-BE"},{"@type":"WebPage","@id":"https:\/\/vieassociative.be\/actualites\/lettre-a-la-redaction-7-000-jeunes-de-dix-sept-ans-se-sont-portes-volontaires-pour-le-service-militaire\/","url":"https:\/\/vieassociative.be\/actualites\/lettre-a-la-redaction-7-000-jeunes-de-dix-sept-ans-se-sont-portes-volontaires-pour-le-service-militaire\/","name":"LETTRE \u00c0 LA R\u00c9DACTION \u2013 7 000 jeunes de dix-sept ans se sont port\u00e9s volontaires pour le service militaire | Vie Associative","isPartOf":{"@id":"https:\/\/vieassociative.be\/actualites\/#website"},"primaryImageOfPage":{"@id":"https:\/\/vieassociative.be\/actualites\/lettre-a-la-redaction-7-000-jeunes-de-dix-sept-ans-se-sont-portes-volontaires-pour-le-service-militaire\/#primaryimage"},"image":{"@id":"https:\/\/vieassociative.be\/actualites\/lettre-a-la-redaction-7-000-jeunes-de-dix-sept-ans-se-sont-portes-volontaires-pour-le-service-militaire\/#primaryimage"},"thumbnailUrl":"https:\/\/vieassociative.be\/actualites\/wp-content\/uploads\/2024\/11\/LETTRE-A-LA-REDACTION-\u2013-Audi-Bruxelles-dernier-avertissement-du.jpeg","datePublished":"2026-01-23T06:17:25+00:00","dateModified":"2026-01-23T06:17:25+00:00","breadcrumb":{"@id":"https:\/\/vieassociative.be\/actualites\/lettre-a-la-redaction-7-000-jeunes-de-dix-sept-ans-se-sont-portes-volontaires-pour-le-service-militaire\/#breadcrumb"},"inLanguage":"fr-BE","potentialAction":[{"@type":"ReadAction","target":["https:\/\/vieassociative.be\/actualites\/lettre-a-la-redaction-7-000-jeunes-de-dix-sept-ans-se-sont-portes-volontaires-pour-le-service-militaire\/"]}]},{"@type":"ImageObject","inLanguage":"fr-BE","@id":"https:\/\/vieassociative.be\/actualites\/lettre-a-la-redaction-7-000-jeunes-de-dix-sept-ans-se-sont-portes-volontaires-pour-le-service-militaire\/#primaryimage","url":"https:\/\/vieassociative.be\/actualites\/wp-content\/uploads\/2024\/11\/LETTRE-A-LA-REDACTION-\u2013-Audi-Bruxelles-dernier-avertissement-du.jpeg","contentUrl":"https:\/\/vieassociative.be\/actualites\/wp-content\/uploads\/2024\/11\/LETTRE-A-LA-REDACTION-\u2013-Audi-Bruxelles-dernier-avertissement-du.jpeg","width":1024,"height":747,"caption":"LETTRE \u00c0 LA R\u00c9DACTION \u2013 Audi Bruxelles, dernier avertissement du gouffre"},{"@type":"BreadcrumbList","@id":"https:\/\/vieassociative.be\/actualites\/lettre-a-la-redaction-7-000-jeunes-de-dix-sept-ans-se-sont-portes-volontaires-pour-le-service-militaire\/#breadcrumb","itemListElement":[{"@type":"ListItem","position":1,"name":"Accueil","item":"https:\/\/vieassociative.be\/actualites\/"},{"@type":"ListItem","position":2,"name":"LETTRE \u00c0 LA R\u00c9DACTION \u2013 7 000 jeunes de dix-sept ans se sont port\u00e9s volontaires pour le service militaire"}]},{"@type":"WebSite","@id":"https:\/\/vieassociative.be\/actualites\/#website","url":"https:\/\/vieassociative.be\/actualites\/","name":"Vie Associative","description":"","publisher":{"@id":"https:\/\/vieassociative.be\/actualites\/#organization"},"potentialAction":[{"@type":"SearchAction","target":{"@type":"EntryPoint","urlTemplate":"https:\/\/vieassociative.be\/actualites\/?s={search_term_string}"},"query-input":{"@type":"PropertyValueSpecification","valueRequired":true,"valueName":"search_term_string"}}],"inLanguage":"fr-BE"},{"@type":"Organization","@id":"https:\/\/vieassociative.be\/actualites\/#organization","name":"Vie Associative","url":"https:\/\/vieassociative.be\/actualites\/","logo":{"@type":"ImageObject","inLanguage":"fr-BE","@id":"https:\/\/vieassociative.be\/actualites\/#\/schema\/logo\/image\/","url":"https:\/\/vieassociative.be\/actualites\/wp-content\/uploads\/2024\/09\/cropped-vieassociative_favicon.ico.png","contentUrl":"https:\/\/vieassociative.be\/actualites\/wp-content\/uploads\/2024\/09\/cropped-vieassociative_favicon.ico.png","width":512,"height":512,"caption":"Vie Associative"},"image":{"@id":"https:\/\/vieassociative.be\/actualites\/#\/schema\/logo\/image\/"}},{"@type":"Person","@id":"https:\/\/vieassociative.be\/actualites\/#\/schema\/person\/b87ac4f82f9d4e7b7cec7395b679edc4","name":"Julien","image":{"@type":"ImageObject","inLanguage":"fr-BE","@id":"https:\/\/vieassociative.be\/actualites\/#\/schema\/person\/image\/","url":"https:\/\/vieassociative.be\/actualites\/wp-content\/uploads\/2024\/09\/vie-associative-1-150x150.jpg","contentUrl":"https:\/\/vieassociative.be\/actualites\/wp-content\/uploads\/2024\/09\/vie-associative-1-150x150.jpg","caption":"Julien"},"description":"Je suis Julien, r\u00e9dacteur pour Vie Associative. Passionn\u00e9 par le monde associatif depuis plus de 10 ans, j'ai \u00e0 c\u0153ur de partager des histoires inspirantes et de mettre en lumi\u00e8re les initiatives locales. Mon objectif est de sensibiliser et d'encourager l'engagement communautaire \u00e0 travers mes articles.","sameAs":["https:\/\/vieassociative.be\/"]}]}},"_links":{"self":[{"href":"https:\/\/vieassociative.be\/actualites\/wp-json\/wp\/v2\/posts\/12323"}],"collection":[{"href":"https:\/\/vieassociative.be\/actualites\/wp-json\/wp\/v2\/posts"}],"about":[{"href":"https:\/\/vieassociative.be\/actualites\/wp-json\/wp\/v2\/types\/post"}],"author":[{"embeddable":true,"href":"https:\/\/vieassociative.be\/actualites\/wp-json\/wp\/v2\/users\/1"}],"replies":[{"embeddable":true,"href":"https:\/\/vieassociative.be\/actualites\/wp-json\/wp\/v2\/comments?post=12323"}],"version-history":[{"count":0,"href":"https:\/\/vieassociative.be\/actualites\/wp-json\/wp\/v2\/posts\/12323\/revisions"}],"wp:featuredmedia":[{"embeddable":true,"href":"https:\/\/vieassociative.be\/actualites\/wp-json\/wp\/v2\/media\/2567"}],"wp:attachment":[{"href":"https:\/\/vieassociative.be\/actualites\/wp-json\/wp\/v2\/media?parent=12323"}],"wp:term":[{"taxonomy":"category","embeddable":true,"href":"https:\/\/vieassociative.be\/actualites\/wp-json\/wp\/v2\/categories?post=12323"},{"taxonomy":"post_tag","embeddable":true,"href":"https:\/\/vieassociative.be\/actualites\/wp-json\/wp\/v2\/tags?post=12323"}],"curies":[{"name":"wp","href":"https:\/\/api.w.org\/{rel}","templated":true}]}}