{"id":12321,"date":"2026-01-23T06:17:32","date_gmt":"2026-01-23T05:17:32","guid":{"rendered":"https:\/\/vieassociative.be\/actualites\/comment-empecher-ce-nouveau-bug-pixel-de-divulguer-votre-audio-aux-appelants-entrants\/"},"modified":"2026-01-23T06:17:32","modified_gmt":"2026-01-23T05:17:32","slug":"comment-empecher-ce-nouveau-bug-pixel-de-divulguer-votre-audio-aux-appelants-entrants","status":"publish","type":"post","link":"https:\/\/vieassociative.be\/actualites\/comment-empecher-ce-nouveau-bug-pixel-de-divulguer-votre-audio-aux-appelants-entrants\/","title":{"rendered":"Comment emp\u00eacher ce nouveau bug Pixel de divulguer votre audio aux appelants entrants"},"content":{"rendered":"<p>Si vous poss\u00e9dez un Pixel, vous souhaiterez peut-\u00eatre mettre \u00e0 jour vos param\u00e8tres pour Phone by Google. 9to5Google rapporte qu&rsquo;une poign\u00e9e d&rsquo;utilisateurs ont rencontr\u00e9 un bug avec la fonctionnalit\u00e9 Prendre un message qui enregistre et envoie de l&rsquo;audio aux appelants lorsqu&rsquo;ils laissent un message vocal. <\/p>\n<p>Prendre un message est une fonctionnalit\u00e9 r\u00e9cemment introduite pour l&rsquo;application T\u00e9l\u00e9phone qui s&rsquo;active lorsque le destinataire n&rsquo;est pas disponible pour r\u00e9pondre (ou refuse l&rsquo;appel entrant). L&rsquo;appelant entend ce qui suit : \u00ab\u00a0La personne que vous avez appel\u00e9e n&rsquo;est pas disponible. Veuillez laisser un message apr\u00e8s la tonalit\u00e9.\u00a0\u00bb Si vous, en tant que destinataire, appuyez sur le <strong>Prendre un message<\/strong> notification sur votre appareil, vous pouvez voir une transcription de l&rsquo;audio en temps r\u00e9el et appuyer sur <strong>R\u00e9pondre<\/strong> si vous voulez d\u00e9crocher. (Prendre un message d\u00e9tectera \u00e9galement les appels ind\u00e9sirables et les marquera d&rsquo;un avertissement.)<\/p>\n<p>Quelques utilisateurs ont signal\u00e9 que Prendre un message \u00e9tait activ\u00e9 et permettait \u00e0 l&rsquo;appelant d&rsquo;entendre l&rsquo;audio de fond du destinataire lorsqu&rsquo;il laissait un message. Il est important de noter qu&rsquo;il s&rsquo;agit <em>pas<\/em> un probl\u00e8me r\u00e9pandu, et la plupart des rapports proviennent de personnes poss\u00e9dant des appareils Pixel plus anciens qui ne re\u00e7oivent plus de mises \u00e0 jour du syst\u00e8me d&rsquo;exploitation. Selon 9to5Google, Google enqu\u00eate sur ces rapports. <\/p>\n<p>Encore une fois, m\u00eame si cela ne semble pas \u00eatre un bug affectant la plupart des utilisateurs de Pixel, vous pouvez d\u00e9sactiver Prendre un message si vous \u00eates pr\u00e9occup\u00e9 par la confidentialit\u00e9, en particulier avec les appelants inconnus. <\/p>\n<h2 id=\"how-to-disable-take-a-message-on-your-pixel\">Comment d\u00e9sactiver Prendre un message sur votre Pixel<\/h2>\n<p>Ouvrez l&rsquo;application T\u00e9l\u00e9phone sur votre appareil et appuyez sur l&rsquo;ic\u00f4ne dans le coin sup\u00e9rieur gauche pour ouvrir <strong>Param\u00e8tres<\/strong>. Robinet <strong>Prendre un message<\/strong> sous la section Call Assist et d\u00e9sactivez la fonction. <\/p>\n","protected":false},"excerpt":{"rendered":"<p>Si vous poss\u00e9dez un Pixel, vous souhaiterez peut-\u00eatre mettre \u00e0 jour vos param\u00e8tres pour Phone by Google. 9to5Google rapporte qu&rsquo;une poign\u00e9e d&rsquo;utilisateurs ont rencontr\u00e9 un<\/p>\n","protected":false},"author":1,"featured_media":12322,"comment_status":"","ping_status":"","sticky":false,"template":"","format":"standard","meta":{"footnotes":""},"categories":[1],"tags":[9838,7923,289,20,44,9837,1889,9839,553,1278,8],"class_list":["post-12321","post","type-post","status-publish","format-standard","has-post-thumbnail","hentry","category-non-classe","tag-appelants","tag-audio","tag-aux","tag-bug","tag-comment","tag-divulguer","tag-empecher","tag-entrants","tag-nouveau","tag-pixel","tag-votre","generate-columns","tablet-grid-50","mobile-grid-100","grid-parent","grid-33"],"yoast_head":"<!-- This site is optimized with the Yoast SEO plugin v24.0 - https:\/\/yoast.com\/wordpress\/plugins\/seo\/ -->\n<title>Comment emp\u00eacher ce nouveau bug Pixel de divulguer votre audio aux appelants entrants | Vie Associative<\/title>\n<meta name=\"robots\" content=\"index, follow, max-snippet:-1, max-image-preview:large, max-video-preview:-1\" \/>\n<link rel=\"canonical\" href=\"https:\/\/vieassociative.be\/actualites\/comment-empecher-ce-nouveau-bug-pixel-de-divulguer-votre-audio-aux-appelants-entrants\/\" \/>\n<meta property=\"og:locale\" content=\"fr_FR\" \/>\n<meta property=\"og:type\" content=\"article\" \/>\n<meta property=\"og:title\" content=\"Comment emp\u00eacher ce nouveau bug Pixel de divulguer votre audio aux appelants entrants | Vie Associative\" \/>\n<meta property=\"og:description\" content=\"Si vous poss\u00e9dez un Pixel, vous souhaiterez peut-\u00eatre mettre \u00e0 jour vos param\u00e8tres pour Phone by Google. 9to5Google rapporte qu&rsquo;une poign\u00e9e d&rsquo;utilisateurs ont rencontr\u00e9 un\" \/>\n<meta property=\"og:url\" content=\"https:\/\/vieassociative.be\/actualites\/comment-empecher-ce-nouveau-bug-pixel-de-divulguer-votre-audio-aux-appelants-entrants\/\" \/>\n<meta property=\"og:site_name\" content=\"Vie Associative\" \/>\n<meta property=\"article:published_time\" content=\"2026-01-23T05:17:32+00:00\" \/>\n<meta property=\"og:image\" content=\"https:\/\/vieassociative.be\/actualites\/wp-content\/uploads\/2024\/09\/header_backgroundk-01-e1726694325946.png\" \/>\n\t<meta property=\"og:image:width\" content=\"279\" \/>\n\t<meta property=\"og:image:height\" content=\"92\" \/>\n\t<meta property=\"og:image:type\" content=\"image\/png\" \/>\n<meta name=\"author\" content=\"Julien\" \/>\n<meta name=\"twitter:card\" content=\"summary_large_image\" \/>\n<meta name=\"twitter:label1\" content=\"\u00c9crit par\" \/>\n\t<meta name=\"twitter:data1\" content=\"Julien\" \/>\n\t<meta name=\"twitter:label2\" content=\"Dur\u00e9e de lecture est.\" \/>\n\t<meta name=\"twitter:data2\" content=\"2 minutes\" \/>\n<script type=\"application\/ld+json\" class=\"yoast-schema-graph\">{\"@context\":\"https:\/\/schema.org\",\"@graph\":[{\"@type\":\"Article\",\"@id\":\"https:\/\/vieassociative.be\/actualites\/comment-empecher-ce-nouveau-bug-pixel-de-divulguer-votre-audio-aux-appelants-entrants\/#article\",\"isPartOf\":{\"@id\":\"https:\/\/vieassociative.be\/actualites\/comment-empecher-ce-nouveau-bug-pixel-de-divulguer-votre-audio-aux-appelants-entrants\/\"},\"author\":{\"name\":\"Julien\",\"@id\":\"https:\/\/vieassociative.be\/actualites\/#\/schema\/person\/b87ac4f82f9d4e7b7cec7395b679edc4\"},\"headline\":\"Comment emp\u00eacher ce nouveau bug Pixel de divulguer votre audio aux appelants entrants\",\"datePublished\":\"2026-01-23T05:17:32+00:00\",\"dateModified\":\"2026-01-23T05:17:32+00:00\",\"mainEntityOfPage\":{\"@id\":\"https:\/\/vieassociative.be\/actualites\/comment-empecher-ce-nouveau-bug-pixel-de-divulguer-votre-audio-aux-appelants-entrants\/\"},\"wordCount\":347,\"publisher\":{\"@id\":\"https:\/\/vieassociative.be\/actualites\/#organization\"},\"image\":{\"@id\":\"https:\/\/vieassociative.be\/actualites\/comment-empecher-ce-nouveau-bug-pixel-de-divulguer-votre-audio-aux-appelants-entrants\/#primaryimage\"},\"thumbnailUrl\":\"https:\/\/vieassociative.be\/actualites\/wp-content\/uploads\/2026\/01\/Comment-empecher-ce-nouveau-bug-Pixel-de-divulguer-votre-audio.png\",\"keywords\":[\"appelants\",\"audio\",\"aux\",\"bug\",\"Comment\",\"divulguer\",\"emp\u00eacher\",\"entrants\",\"nouveau\",\"Pixel\",\"votre\"],\"inLanguage\":\"fr-BE\"},{\"@type\":\"WebPage\",\"@id\":\"https:\/\/vieassociative.be\/actualites\/comment-empecher-ce-nouveau-bug-pixel-de-divulguer-votre-audio-aux-appelants-entrants\/\",\"url\":\"https:\/\/vieassociative.be\/actualites\/comment-empecher-ce-nouveau-bug-pixel-de-divulguer-votre-audio-aux-appelants-entrants\/\",\"name\":\"Comment emp\u00eacher ce nouveau bug Pixel de divulguer votre audio aux appelants entrants | Vie Associative\",\"isPartOf\":{\"@id\":\"https:\/\/vieassociative.be\/actualites\/#website\"},\"primaryImageOfPage\":{\"@id\":\"https:\/\/vieassociative.be\/actualites\/comment-empecher-ce-nouveau-bug-pixel-de-divulguer-votre-audio-aux-appelants-entrants\/#primaryimage\"},\"image\":{\"@id\":\"https:\/\/vieassociative.be\/actualites\/comment-empecher-ce-nouveau-bug-pixel-de-divulguer-votre-audio-aux-appelants-entrants\/#primaryimage\"},\"thumbnailUrl\":\"https:\/\/vieassociative.be\/actualites\/wp-content\/uploads\/2026\/01\/Comment-empecher-ce-nouveau-bug-Pixel-de-divulguer-votre-audio.png\",\"datePublished\":\"2026-01-23T05:17:32+00:00\",\"dateModified\":\"2026-01-23T05:17:32+00:00\",\"breadcrumb\":{\"@id\":\"https:\/\/vieassociative.be\/actualites\/comment-empecher-ce-nouveau-bug-pixel-de-divulguer-votre-audio-aux-appelants-entrants\/#breadcrumb\"},\"inLanguage\":\"fr-BE\",\"potentialAction\":[{\"@type\":\"ReadAction\",\"target\":[\"https:\/\/vieassociative.be\/actualites\/comment-empecher-ce-nouveau-bug-pixel-de-divulguer-votre-audio-aux-appelants-entrants\/\"]}]},{\"@type\":\"ImageObject\",\"inLanguage\":\"fr-BE\",\"@id\":\"https:\/\/vieassociative.be\/actualites\/comment-empecher-ce-nouveau-bug-pixel-de-divulguer-votre-audio-aux-appelants-entrants\/#primaryimage\",\"url\":\"https:\/\/vieassociative.be\/actualites\/wp-content\/uploads\/2026\/01\/Comment-empecher-ce-nouveau-bug-Pixel-de-divulguer-votre-audio.png\",\"contentUrl\":\"https:\/\/vieassociative.be\/actualites\/wp-content\/uploads\/2026\/01\/Comment-empecher-ce-nouveau-bug-Pixel-de-divulguer-votre-audio.png\",\"width\":1200,\"height\":675,\"caption\":\"Comment emp\u00eacher ce nouveau bug Pixel de divulguer votre audio aux appelants entrants\"},{\"@type\":\"BreadcrumbList\",\"@id\":\"https:\/\/vieassociative.be\/actualites\/comment-empecher-ce-nouveau-bug-pixel-de-divulguer-votre-audio-aux-appelants-entrants\/#breadcrumb\",\"itemListElement\":[{\"@type\":\"ListItem\",\"position\":1,\"name\":\"Accueil\",\"item\":\"https:\/\/vieassociative.be\/actualites\/\"},{\"@type\":\"ListItem\",\"position\":2,\"name\":\"Comment emp\u00eacher ce nouveau bug Pixel de divulguer votre audio aux appelants entrants\"}]},{\"@type\":\"WebSite\",\"@id\":\"https:\/\/vieassociative.be\/actualites\/#website\",\"url\":\"https:\/\/vieassociative.be\/actualites\/\",\"name\":\"Vie Associative\",\"description\":\"\",\"publisher\":{\"@id\":\"https:\/\/vieassociative.be\/actualites\/#organization\"},\"potentialAction\":[{\"@type\":\"SearchAction\",\"target\":{\"@type\":\"EntryPoint\",\"urlTemplate\":\"https:\/\/vieassociative.be\/actualites\/?s={search_term_string}\"},\"query-input\":{\"@type\":\"PropertyValueSpecification\",\"valueRequired\":true,\"valueName\":\"search_term_string\"}}],\"inLanguage\":\"fr-BE\"},{\"@type\":\"Organization\",\"@id\":\"https:\/\/vieassociative.be\/actualites\/#organization\",\"name\":\"Vie Associative\",\"url\":\"https:\/\/vieassociative.be\/actualites\/\",\"logo\":{\"@type\":\"ImageObject\",\"inLanguage\":\"fr-BE\",\"@id\":\"https:\/\/vieassociative.be\/actualites\/#\/schema\/logo\/image\/\",\"url\":\"https:\/\/vieassociative.be\/actualites\/wp-content\/uploads\/2024\/09\/cropped-vieassociative_favicon.ico.png\",\"contentUrl\":\"https:\/\/vieassociative.be\/actualites\/wp-content\/uploads\/2024\/09\/cropped-vieassociative_favicon.ico.png\",\"width\":512,\"height\":512,\"caption\":\"Vie Associative\"},\"image\":{\"@id\":\"https:\/\/vieassociative.be\/actualites\/#\/schema\/logo\/image\/\"}},{\"@type\":\"Person\",\"@id\":\"https:\/\/vieassociative.be\/actualites\/#\/schema\/person\/b87ac4f82f9d4e7b7cec7395b679edc4\",\"name\":\"Julien\",\"image\":{\"@type\":\"ImageObject\",\"inLanguage\":\"fr-BE\",\"@id\":\"https:\/\/vieassociative.be\/actualites\/#\/schema\/person\/image\/\",\"url\":\"https:\/\/vieassociative.be\/actualites\/wp-content\/uploads\/2024\/09\/vie-associative-1-150x150.jpg\",\"contentUrl\":\"https:\/\/vieassociative.be\/actualites\/wp-content\/uploads\/2024\/09\/vie-associative-1-150x150.jpg\",\"caption\":\"Julien\"},\"description\":\"Je suis Julien, r\u00e9dacteur pour Vie Associative. Passionn\u00e9 par le monde associatif depuis plus de 10 ans, j'ai \u00e0 c\u0153ur de partager des histoires inspirantes et de mettre en lumi\u00e8re les initiatives locales. Mon objectif est de sensibiliser et d'encourager l'engagement communautaire \u00e0 travers mes articles.\",\"sameAs\":[\"https:\/\/vieassociative.be\/\"]}]}<\/script>\n<!-- \/ Yoast SEO plugin. -->","yoast_head_json":{"title":"Comment emp\u00eacher ce nouveau bug Pixel de divulguer votre audio aux appelants entrants | Vie Associative","robots":{"index":"index","follow":"follow","max-snippet":"max-snippet:-1","max-image-preview":"max-image-preview:large","max-video-preview":"max-video-preview:-1"},"canonical":"https:\/\/vieassociative.be\/actualites\/comment-empecher-ce-nouveau-bug-pixel-de-divulguer-votre-audio-aux-appelants-entrants\/","og_locale":"fr_FR","og_type":"article","og_title":"Comment emp\u00eacher ce nouveau bug Pixel de divulguer votre audio aux appelants entrants | Vie Associative","og_description":"Si vous poss\u00e9dez un Pixel, vous souhaiterez peut-\u00eatre mettre \u00e0 jour vos param\u00e8tres pour Phone by Google. 9to5Google rapporte qu&rsquo;une poign\u00e9e d&rsquo;utilisateurs ont rencontr\u00e9 un","og_url":"https:\/\/vieassociative.be\/actualites\/comment-empecher-ce-nouveau-bug-pixel-de-divulguer-votre-audio-aux-appelants-entrants\/","og_site_name":"Vie Associative","article_published_time":"2026-01-23T05:17:32+00:00","og_image":[{"width":279,"height":92,"url":"https:\/\/vieassociative.be\/actualites\/wp-content\/uploads\/2024\/09\/header_backgroundk-01-e1726694325946.png","type":"image\/png"}],"author":"Julien","twitter_card":"summary_large_image","twitter_misc":{"\u00c9crit par":"Julien","Dur\u00e9e de lecture est.":"2 minutes"},"schema":{"@context":"https:\/\/schema.org","@graph":[{"@type":"Article","@id":"https:\/\/vieassociative.be\/actualites\/comment-empecher-ce-nouveau-bug-pixel-de-divulguer-votre-audio-aux-appelants-entrants\/#article","isPartOf":{"@id":"https:\/\/vieassociative.be\/actualites\/comment-empecher-ce-nouveau-bug-pixel-de-divulguer-votre-audio-aux-appelants-entrants\/"},"author":{"name":"Julien","@id":"https:\/\/vieassociative.be\/actualites\/#\/schema\/person\/b87ac4f82f9d4e7b7cec7395b679edc4"},"headline":"Comment emp\u00eacher ce nouveau bug Pixel de divulguer votre audio aux appelants entrants","datePublished":"2026-01-23T05:17:32+00:00","dateModified":"2026-01-23T05:17:32+00:00","mainEntityOfPage":{"@id":"https:\/\/vieassociative.be\/actualites\/comment-empecher-ce-nouveau-bug-pixel-de-divulguer-votre-audio-aux-appelants-entrants\/"},"wordCount":347,"publisher":{"@id":"https:\/\/vieassociative.be\/actualites\/#organization"},"image":{"@id":"https:\/\/vieassociative.be\/actualites\/comment-empecher-ce-nouveau-bug-pixel-de-divulguer-votre-audio-aux-appelants-entrants\/#primaryimage"},"thumbnailUrl":"https:\/\/vieassociative.be\/actualites\/wp-content\/uploads\/2026\/01\/Comment-empecher-ce-nouveau-bug-Pixel-de-divulguer-votre-audio.png","keywords":["appelants","audio","aux","bug","Comment","divulguer","emp\u00eacher","entrants","nouveau","Pixel","votre"],"inLanguage":"fr-BE"},{"@type":"WebPage","@id":"https:\/\/vieassociative.be\/actualites\/comment-empecher-ce-nouveau-bug-pixel-de-divulguer-votre-audio-aux-appelants-entrants\/","url":"https:\/\/vieassociative.be\/actualites\/comment-empecher-ce-nouveau-bug-pixel-de-divulguer-votre-audio-aux-appelants-entrants\/","name":"Comment emp\u00eacher ce nouveau bug Pixel de divulguer votre audio aux appelants entrants | Vie Associative","isPartOf":{"@id":"https:\/\/vieassociative.be\/actualites\/#website"},"primaryImageOfPage":{"@id":"https:\/\/vieassociative.be\/actualites\/comment-empecher-ce-nouveau-bug-pixel-de-divulguer-votre-audio-aux-appelants-entrants\/#primaryimage"},"image":{"@id":"https:\/\/vieassociative.be\/actualites\/comment-empecher-ce-nouveau-bug-pixel-de-divulguer-votre-audio-aux-appelants-entrants\/#primaryimage"},"thumbnailUrl":"https:\/\/vieassociative.be\/actualites\/wp-content\/uploads\/2026\/01\/Comment-empecher-ce-nouveau-bug-Pixel-de-divulguer-votre-audio.png","datePublished":"2026-01-23T05:17:32+00:00","dateModified":"2026-01-23T05:17:32+00:00","breadcrumb":{"@id":"https:\/\/vieassociative.be\/actualites\/comment-empecher-ce-nouveau-bug-pixel-de-divulguer-votre-audio-aux-appelants-entrants\/#breadcrumb"},"inLanguage":"fr-BE","potentialAction":[{"@type":"ReadAction","target":["https:\/\/vieassociative.be\/actualites\/comment-empecher-ce-nouveau-bug-pixel-de-divulguer-votre-audio-aux-appelants-entrants\/"]}]},{"@type":"ImageObject","inLanguage":"fr-BE","@id":"https:\/\/vieassociative.be\/actualites\/comment-empecher-ce-nouveau-bug-pixel-de-divulguer-votre-audio-aux-appelants-entrants\/#primaryimage","url":"https:\/\/vieassociative.be\/actualites\/wp-content\/uploads\/2026\/01\/Comment-empecher-ce-nouveau-bug-Pixel-de-divulguer-votre-audio.png","contentUrl":"https:\/\/vieassociative.be\/actualites\/wp-content\/uploads\/2026\/01\/Comment-empecher-ce-nouveau-bug-Pixel-de-divulguer-votre-audio.png","width":1200,"height":675,"caption":"Comment emp\u00eacher ce nouveau bug Pixel de divulguer votre audio aux appelants entrants"},{"@type":"BreadcrumbList","@id":"https:\/\/vieassociative.be\/actualites\/comment-empecher-ce-nouveau-bug-pixel-de-divulguer-votre-audio-aux-appelants-entrants\/#breadcrumb","itemListElement":[{"@type":"ListItem","position":1,"name":"Accueil","item":"https:\/\/vieassociative.be\/actualites\/"},{"@type":"ListItem","position":2,"name":"Comment emp\u00eacher ce nouveau bug Pixel de divulguer votre audio aux appelants entrants"}]},{"@type":"WebSite","@id":"https:\/\/vieassociative.be\/actualites\/#website","url":"https:\/\/vieassociative.be\/actualites\/","name":"Vie Associative","description":"","publisher":{"@id":"https:\/\/vieassociative.be\/actualites\/#organization"},"potentialAction":[{"@type":"SearchAction","target":{"@type":"EntryPoint","urlTemplate":"https:\/\/vieassociative.be\/actualites\/?s={search_term_string}"},"query-input":{"@type":"PropertyValueSpecification","valueRequired":true,"valueName":"search_term_string"}}],"inLanguage":"fr-BE"},{"@type":"Organization","@id":"https:\/\/vieassociative.be\/actualites\/#organization","name":"Vie Associative","url":"https:\/\/vieassociative.be\/actualites\/","logo":{"@type":"ImageObject","inLanguage":"fr-BE","@id":"https:\/\/vieassociative.be\/actualites\/#\/schema\/logo\/image\/","url":"https:\/\/vieassociative.be\/actualites\/wp-content\/uploads\/2024\/09\/cropped-vieassociative_favicon.ico.png","contentUrl":"https:\/\/vieassociative.be\/actualites\/wp-content\/uploads\/2024\/09\/cropped-vieassociative_favicon.ico.png","width":512,"height":512,"caption":"Vie Associative"},"image":{"@id":"https:\/\/vieassociative.be\/actualites\/#\/schema\/logo\/image\/"}},{"@type":"Person","@id":"https:\/\/vieassociative.be\/actualites\/#\/schema\/person\/b87ac4f82f9d4e7b7cec7395b679edc4","name":"Julien","image":{"@type":"ImageObject","inLanguage":"fr-BE","@id":"https:\/\/vieassociative.be\/actualites\/#\/schema\/person\/image\/","url":"https:\/\/vieassociative.be\/actualites\/wp-content\/uploads\/2024\/09\/vie-associative-1-150x150.jpg","contentUrl":"https:\/\/vieassociative.be\/actualites\/wp-content\/uploads\/2024\/09\/vie-associative-1-150x150.jpg","caption":"Julien"},"description":"Je suis Julien, r\u00e9dacteur pour Vie Associative. Passionn\u00e9 par le monde associatif depuis plus de 10 ans, j'ai \u00e0 c\u0153ur de partager des histoires inspirantes et de mettre en lumi\u00e8re les initiatives locales. Mon objectif est de sensibiliser et d'encourager l'engagement communautaire \u00e0 travers mes articles.","sameAs":["https:\/\/vieassociative.be\/"]}]}},"_links":{"self":[{"href":"https:\/\/vieassociative.be\/actualites\/wp-json\/wp\/v2\/posts\/12321"}],"collection":[{"href":"https:\/\/vieassociative.be\/actualites\/wp-json\/wp\/v2\/posts"}],"about":[{"href":"https:\/\/vieassociative.be\/actualites\/wp-json\/wp\/v2\/types\/post"}],"author":[{"embeddable":true,"href":"https:\/\/vieassociative.be\/actualites\/wp-json\/wp\/v2\/users\/1"}],"replies":[{"embeddable":true,"href":"https:\/\/vieassociative.be\/actualites\/wp-json\/wp\/v2\/comments?post=12321"}],"version-history":[{"count":0,"href":"https:\/\/vieassociative.be\/actualites\/wp-json\/wp\/v2\/posts\/12321\/revisions"}],"wp:featuredmedia":[{"embeddable":true,"href":"https:\/\/vieassociative.be\/actualites\/wp-json\/wp\/v2\/media\/12322"}],"wp:attachment":[{"href":"https:\/\/vieassociative.be\/actualites\/wp-json\/wp\/v2\/media?parent=12321"}],"wp:term":[{"taxonomy":"category","embeddable":true,"href":"https:\/\/vieassociative.be\/actualites\/wp-json\/wp\/v2\/categories?post=12321"},{"taxonomy":"post_tag","embeddable":true,"href":"https:\/\/vieassociative.be\/actualites\/wp-json\/wp\/v2\/tags?post=12321"}],"curies":[{"name":"wp","href":"https:\/\/api.w.org\/{rel}","templated":true}]}}