{"id":12319,"date":"2026-01-23T01:18:03","date_gmt":"2026-01-23T00:18:03","guid":{"rendered":"https:\/\/vieassociative.be\/actualites\/lancien-chanteur-et-pop-star-frederic-mathieu-de-kelmis-est-decede-a-lage-de-93-ans\/"},"modified":"2026-01-23T01:18:03","modified_gmt":"2026-01-23T00:18:03","slug":"lancien-chanteur-et-pop-star-frederic-mathieu-de-kelmis-est-decede-a-lage-de-93-ans","status":"publish","type":"post","link":"https:\/\/vieassociative.be\/actualites\/lancien-chanteur-et-pop-star-frederic-mathieu-de-kelmis-est-decede-a-lage-de-93-ans\/","title":{"rendered":"L&rsquo;ancien chanteur et pop star Fr\u00e9d\u00e9ric Mathieu de Kelmis est d\u00e9c\u00e9d\u00e9 \u00e0 l&rsquo;\u00e2ge de 93 ans"},"content":{"rendered":"<p><strong>Avec ses \u00ab Singing Boys \u00bb, Fr\u00e9d\u00e9ric Mathieu de Kelmis a attir\u00e9 les foules partout dans l&rsquo;Est de la Belgique et au-del\u00e0, notamment dans les ann\u00e9es 1960 et 1970. Que ce soit sous les chapiteaux du festival, dans la salle Bosten ou \u00e0 Geulen \u00e0 Eilendorf, le musicien et son groupe ont su inspirer. Le natif de l&rsquo;Est de la Belgique est d\u00e9c\u00e9d\u00e9 le 20 janvier 2026 \u00e0 l&rsquo;\u00e2ge de 93 ans.<\/strong><\/p>\n<p><span id=\"more-434378\"><\/span>En 1950, Fr\u00e9d\u00e9ric Mathieu Huppermans fonde son premier groupe. Jusque-l\u00e0, il se pr\u00e9sentait comme un artiste solo. Les \u00ab Singing Boys \u00bb sont n\u00e9s en 1965. La pop star a c\u00e9l\u00e9br\u00e9 ses plus grands succ\u00e8s avec ce groupe.<\/p>\n<p>Fr\u00e9d\u00e9ric Mathieu disait souvent avec fiert\u00e9 qu&rsquo;il avait m\u00eame travaill\u00e9 avec des grands comme Roy Black, Rex Gildo, Heino, Howard Carpendale, G\u00e9rard Lenorman et Claude Fran\u00e7ois. Il y a eu des engagements non seulement dans le triangle frontalier local, mais aussi \u00e0 Bruxelles, Ostende, Cologne, D\u00fcsseldorf et Luxembourg.<\/p>\n<p>Le premier disque du groupe est sorti en 1967. Le concert d&rsquo;adieu a eu lieu 22 ans plus tard dans la salle polyvalente de Kettenis. En 2000, un CD \u00ab Best of \u00bb est sorti. (cr\u00e9er)<\/p>\n","protected":false},"excerpt":{"rendered":"<p>Avec ses \u00ab Singing Boys \u00bb, Fr\u00e9d\u00e9ric Mathieu de Kelmis a attir\u00e9 les foules partout dans l&rsquo;Est de la Belgique et au-del\u00e0, notamment dans les<\/p>\n","protected":false},"author":1,"featured_media":12320,"comment_status":"","ping_status":"","sticky":false,"template":"","format":"standard","meta":{"footnotes":""},"categories":[298],"tags":[584,9834,1223,76,9836,3719,501,4356,6075,9835,7018],"class_list":["post-12319","post","type-post","status-publish","format-standard","has-post-thumbnail","hentry","category-belgique","tag-ans","tag-chanteur","tag-decede","tag-est","tag-frederic","tag-kelmis","tag-lage","tag-lancien","tag-mathieu","tag-pop","tag-star","generate-columns","tablet-grid-50","mobile-grid-100","grid-parent","grid-33"],"yoast_head":"<!-- This site is optimized with the Yoast SEO plugin v24.0 - https:\/\/yoast.com\/wordpress\/plugins\/seo\/ -->\n<title>L&#039;ancien chanteur et pop star Fr\u00e9d\u00e9ric Mathieu de Kelmis est d\u00e9c\u00e9d\u00e9 \u00e0 l&#039;\u00e2ge de 93 ans | Vie Associative<\/title>\n<meta name=\"robots\" content=\"index, follow, max-snippet:-1, max-image-preview:large, max-video-preview:-1\" \/>\n<link rel=\"canonical\" href=\"https:\/\/vieassociative.be\/actualites\/lancien-chanteur-et-pop-star-frederic-mathieu-de-kelmis-est-decede-a-lage-de-93-ans\/\" \/>\n<meta property=\"og:locale\" content=\"fr_FR\" \/>\n<meta property=\"og:type\" content=\"article\" \/>\n<meta property=\"og:title\" content=\"L&#039;ancien chanteur et pop star Fr\u00e9d\u00e9ric Mathieu de Kelmis est d\u00e9c\u00e9d\u00e9 \u00e0 l&#039;\u00e2ge de 93 ans | Vie Associative\" \/>\n<meta property=\"og:description\" content=\"Avec ses \u00ab Singing Boys \u00bb, Fr\u00e9d\u00e9ric Mathieu de Kelmis a attir\u00e9 les foules partout dans l&rsquo;Est de la Belgique et au-del\u00e0, notamment dans les\" \/>\n<meta property=\"og:url\" content=\"https:\/\/vieassociative.be\/actualites\/lancien-chanteur-et-pop-star-frederic-mathieu-de-kelmis-est-decede-a-lage-de-93-ans\/\" \/>\n<meta property=\"og:site_name\" content=\"Vie Associative\" \/>\n<meta property=\"article:published_time\" content=\"2026-01-23T00:18:03+00:00\" \/>\n<meta property=\"og:image\" content=\"https:\/\/vieassociative.be\/actualites\/wp-content\/uploads\/2024\/09\/header_backgroundk-01-e1726694325946.png\" \/>\n\t<meta property=\"og:image:width\" content=\"279\" \/>\n\t<meta property=\"og:image:height\" content=\"92\" \/>\n\t<meta property=\"og:image:type\" content=\"image\/png\" \/>\n<meta name=\"author\" content=\"Julien\" \/>\n<meta name=\"twitter:card\" content=\"summary_large_image\" \/>\n<meta name=\"twitter:label1\" content=\"\u00c9crit par\" \/>\n\t<meta name=\"twitter:data1\" content=\"Julien\" \/>\n\t<meta name=\"twitter:label2\" content=\"Dur\u00e9e de lecture est.\" \/>\n\t<meta name=\"twitter:data2\" content=\"1 minute\" \/>\n<script type=\"application\/ld+json\" class=\"yoast-schema-graph\">{\"@context\":\"https:\/\/schema.org\",\"@graph\":[{\"@type\":\"Article\",\"@id\":\"https:\/\/vieassociative.be\/actualites\/lancien-chanteur-et-pop-star-frederic-mathieu-de-kelmis-est-decede-a-lage-de-93-ans\/#article\",\"isPartOf\":{\"@id\":\"https:\/\/vieassociative.be\/actualites\/lancien-chanteur-et-pop-star-frederic-mathieu-de-kelmis-est-decede-a-lage-de-93-ans\/\"},\"author\":{\"name\":\"Julien\",\"@id\":\"https:\/\/vieassociative.be\/actualites\/#\/schema\/person\/b87ac4f82f9d4e7b7cec7395b679edc4\"},\"headline\":\"L&rsquo;ancien chanteur et pop star Fr\u00e9d\u00e9ric Mathieu de Kelmis est d\u00e9c\u00e9d\u00e9 \u00e0 l&rsquo;\u00e2ge de 93 ans\",\"datePublished\":\"2026-01-23T00:18:03+00:00\",\"dateModified\":\"2026-01-23T00:18:03+00:00\",\"mainEntityOfPage\":{\"@id\":\"https:\/\/vieassociative.be\/actualites\/lancien-chanteur-et-pop-star-frederic-mathieu-de-kelmis-est-decede-a-lage-de-93-ans\/\"},\"wordCount\":218,\"publisher\":{\"@id\":\"https:\/\/vieassociative.be\/actualites\/#organization\"},\"image\":{\"@id\":\"https:\/\/vieassociative.be\/actualites\/lancien-chanteur-et-pop-star-frederic-mathieu-de-kelmis-est-decede-a-lage-de-93-ans\/#primaryimage\"},\"thumbnailUrl\":\"https:\/\/vieassociative.be\/actualites\/wp-content\/uploads\/2026\/01\/Lancien-chanteur-et-pop-star-Frederic-Mathieu-de-Kelmis-est.jpg\",\"keywords\":[\"ans\",\"chanteur\",\"d\u00e9c\u00e9d\u00e9\",\"est\",\"Fr\u00e9d\u00e9ric\",\"Kelmis\",\"l\u00e2ge\",\"Lancien\",\"Mathieu\",\"pop\",\"star\"],\"articleSection\":[\"Belgique\"],\"inLanguage\":\"fr-BE\"},{\"@type\":\"WebPage\",\"@id\":\"https:\/\/vieassociative.be\/actualites\/lancien-chanteur-et-pop-star-frederic-mathieu-de-kelmis-est-decede-a-lage-de-93-ans\/\",\"url\":\"https:\/\/vieassociative.be\/actualites\/lancien-chanteur-et-pop-star-frederic-mathieu-de-kelmis-est-decede-a-lage-de-93-ans\/\",\"name\":\"L'ancien chanteur et pop star Fr\u00e9d\u00e9ric Mathieu de Kelmis est d\u00e9c\u00e9d\u00e9 \u00e0 l'\u00e2ge de 93 ans | Vie Associative\",\"isPartOf\":{\"@id\":\"https:\/\/vieassociative.be\/actualites\/#website\"},\"primaryImageOfPage\":{\"@id\":\"https:\/\/vieassociative.be\/actualites\/lancien-chanteur-et-pop-star-frederic-mathieu-de-kelmis-est-decede-a-lage-de-93-ans\/#primaryimage\"},\"image\":{\"@id\":\"https:\/\/vieassociative.be\/actualites\/lancien-chanteur-et-pop-star-frederic-mathieu-de-kelmis-est-decede-a-lage-de-93-ans\/#primaryimage\"},\"thumbnailUrl\":\"https:\/\/vieassociative.be\/actualites\/wp-content\/uploads\/2026\/01\/Lancien-chanteur-et-pop-star-Frederic-Mathieu-de-Kelmis-est.jpg\",\"datePublished\":\"2026-01-23T00:18:03+00:00\",\"dateModified\":\"2026-01-23T00:18:03+00:00\",\"breadcrumb\":{\"@id\":\"https:\/\/vieassociative.be\/actualites\/lancien-chanteur-et-pop-star-frederic-mathieu-de-kelmis-est-decede-a-lage-de-93-ans\/#breadcrumb\"},\"inLanguage\":\"fr-BE\",\"potentialAction\":[{\"@type\":\"ReadAction\",\"target\":[\"https:\/\/vieassociative.be\/actualites\/lancien-chanteur-et-pop-star-frederic-mathieu-de-kelmis-est-decede-a-lage-de-93-ans\/\"]}]},{\"@type\":\"ImageObject\",\"inLanguage\":\"fr-BE\",\"@id\":\"https:\/\/vieassociative.be\/actualites\/lancien-chanteur-et-pop-star-frederic-mathieu-de-kelmis-est-decede-a-lage-de-93-ans\/#primaryimage\",\"url\":\"https:\/\/vieassociative.be\/actualites\/wp-content\/uploads\/2026\/01\/Lancien-chanteur-et-pop-star-Frederic-Mathieu-de-Kelmis-est.jpg\",\"contentUrl\":\"https:\/\/vieassociative.be\/actualites\/wp-content\/uploads\/2026\/01\/Lancien-chanteur-et-pop-star-Frederic-Mathieu-de-Kelmis-est.jpg\",\"width\":1200,\"height\":1200,\"caption\":\"L'ancien chanteur et pop star Fr\u00e9d\u00e9ric Mathieu de Kelmis est d\u00e9c\u00e9d\u00e9 \u00e0 l'\u00e2ge de 93 ans\"},{\"@type\":\"BreadcrumbList\",\"@id\":\"https:\/\/vieassociative.be\/actualites\/lancien-chanteur-et-pop-star-frederic-mathieu-de-kelmis-est-decede-a-lage-de-93-ans\/#breadcrumb\",\"itemListElement\":[{\"@type\":\"ListItem\",\"position\":1,\"name\":\"Accueil\",\"item\":\"https:\/\/vieassociative.be\/actualites\/\"},{\"@type\":\"ListItem\",\"position\":2,\"name\":\"L&rsquo;ancien chanteur et pop star Fr\u00e9d\u00e9ric Mathieu de Kelmis est d\u00e9c\u00e9d\u00e9 \u00e0 l&rsquo;\u00e2ge de 93 ans\"}]},{\"@type\":\"WebSite\",\"@id\":\"https:\/\/vieassociative.be\/actualites\/#website\",\"url\":\"https:\/\/vieassociative.be\/actualites\/\",\"name\":\"Vie Associative\",\"description\":\"\",\"publisher\":{\"@id\":\"https:\/\/vieassociative.be\/actualites\/#organization\"},\"potentialAction\":[{\"@type\":\"SearchAction\",\"target\":{\"@type\":\"EntryPoint\",\"urlTemplate\":\"https:\/\/vieassociative.be\/actualites\/?s={search_term_string}\"},\"query-input\":{\"@type\":\"PropertyValueSpecification\",\"valueRequired\":true,\"valueName\":\"search_term_string\"}}],\"inLanguage\":\"fr-BE\"},{\"@type\":\"Organization\",\"@id\":\"https:\/\/vieassociative.be\/actualites\/#organization\",\"name\":\"Vie Associative\",\"url\":\"https:\/\/vieassociative.be\/actualites\/\",\"logo\":{\"@type\":\"ImageObject\",\"inLanguage\":\"fr-BE\",\"@id\":\"https:\/\/vieassociative.be\/actualites\/#\/schema\/logo\/image\/\",\"url\":\"https:\/\/vieassociative.be\/actualites\/wp-content\/uploads\/2024\/09\/cropped-vieassociative_favicon.ico.png\",\"contentUrl\":\"https:\/\/vieassociative.be\/actualites\/wp-content\/uploads\/2024\/09\/cropped-vieassociative_favicon.ico.png\",\"width\":512,\"height\":512,\"caption\":\"Vie Associative\"},\"image\":{\"@id\":\"https:\/\/vieassociative.be\/actualites\/#\/schema\/logo\/image\/\"}},{\"@type\":\"Person\",\"@id\":\"https:\/\/vieassociative.be\/actualites\/#\/schema\/person\/b87ac4f82f9d4e7b7cec7395b679edc4\",\"name\":\"Julien\",\"image\":{\"@type\":\"ImageObject\",\"inLanguage\":\"fr-BE\",\"@id\":\"https:\/\/vieassociative.be\/actualites\/#\/schema\/person\/image\/\",\"url\":\"https:\/\/vieassociative.be\/actualites\/wp-content\/uploads\/2024\/09\/vie-associative-1-150x150.jpg\",\"contentUrl\":\"https:\/\/vieassociative.be\/actualites\/wp-content\/uploads\/2024\/09\/vie-associative-1-150x150.jpg\",\"caption\":\"Julien\"},\"description\":\"Je suis Julien, r\u00e9dacteur pour Vie Associative. Passionn\u00e9 par le monde associatif depuis plus de 10 ans, j'ai \u00e0 c\u0153ur de partager des histoires inspirantes et de mettre en lumi\u00e8re les initiatives locales. Mon objectif est de sensibiliser et d'encourager l'engagement communautaire \u00e0 travers mes articles.\",\"sameAs\":[\"https:\/\/vieassociative.be\/\"]}]}<\/script>\n<!-- \/ Yoast SEO plugin. -->","yoast_head_json":{"title":"L'ancien chanteur et pop star Fr\u00e9d\u00e9ric Mathieu de Kelmis est d\u00e9c\u00e9d\u00e9 \u00e0 l'\u00e2ge de 93 ans | Vie Associative","robots":{"index":"index","follow":"follow","max-snippet":"max-snippet:-1","max-image-preview":"max-image-preview:large","max-video-preview":"max-video-preview:-1"},"canonical":"https:\/\/vieassociative.be\/actualites\/lancien-chanteur-et-pop-star-frederic-mathieu-de-kelmis-est-decede-a-lage-de-93-ans\/","og_locale":"fr_FR","og_type":"article","og_title":"L'ancien chanteur et pop star Fr\u00e9d\u00e9ric Mathieu de Kelmis est d\u00e9c\u00e9d\u00e9 \u00e0 l'\u00e2ge de 93 ans | Vie Associative","og_description":"Avec ses \u00ab Singing Boys \u00bb, Fr\u00e9d\u00e9ric Mathieu de Kelmis a attir\u00e9 les foules partout dans l&rsquo;Est de la Belgique et au-del\u00e0, notamment dans les","og_url":"https:\/\/vieassociative.be\/actualites\/lancien-chanteur-et-pop-star-frederic-mathieu-de-kelmis-est-decede-a-lage-de-93-ans\/","og_site_name":"Vie Associative","article_published_time":"2026-01-23T00:18:03+00:00","og_image":[{"width":279,"height":92,"url":"https:\/\/vieassociative.be\/actualites\/wp-content\/uploads\/2024\/09\/header_backgroundk-01-e1726694325946.png","type":"image\/png"}],"author":"Julien","twitter_card":"summary_large_image","twitter_misc":{"\u00c9crit par":"Julien","Dur\u00e9e de lecture est.":"1 minute"},"schema":{"@context":"https:\/\/schema.org","@graph":[{"@type":"Article","@id":"https:\/\/vieassociative.be\/actualites\/lancien-chanteur-et-pop-star-frederic-mathieu-de-kelmis-est-decede-a-lage-de-93-ans\/#article","isPartOf":{"@id":"https:\/\/vieassociative.be\/actualites\/lancien-chanteur-et-pop-star-frederic-mathieu-de-kelmis-est-decede-a-lage-de-93-ans\/"},"author":{"name":"Julien","@id":"https:\/\/vieassociative.be\/actualites\/#\/schema\/person\/b87ac4f82f9d4e7b7cec7395b679edc4"},"headline":"L&rsquo;ancien chanteur et pop star Fr\u00e9d\u00e9ric Mathieu de Kelmis est d\u00e9c\u00e9d\u00e9 \u00e0 l&rsquo;\u00e2ge de 93 ans","datePublished":"2026-01-23T00:18:03+00:00","dateModified":"2026-01-23T00:18:03+00:00","mainEntityOfPage":{"@id":"https:\/\/vieassociative.be\/actualites\/lancien-chanteur-et-pop-star-frederic-mathieu-de-kelmis-est-decede-a-lage-de-93-ans\/"},"wordCount":218,"publisher":{"@id":"https:\/\/vieassociative.be\/actualites\/#organization"},"image":{"@id":"https:\/\/vieassociative.be\/actualites\/lancien-chanteur-et-pop-star-frederic-mathieu-de-kelmis-est-decede-a-lage-de-93-ans\/#primaryimage"},"thumbnailUrl":"https:\/\/vieassociative.be\/actualites\/wp-content\/uploads\/2026\/01\/Lancien-chanteur-et-pop-star-Frederic-Mathieu-de-Kelmis-est.jpg","keywords":["ans","chanteur","d\u00e9c\u00e9d\u00e9","est","Fr\u00e9d\u00e9ric","Kelmis","l\u00e2ge","Lancien","Mathieu","pop","star"],"articleSection":["Belgique"],"inLanguage":"fr-BE"},{"@type":"WebPage","@id":"https:\/\/vieassociative.be\/actualites\/lancien-chanteur-et-pop-star-frederic-mathieu-de-kelmis-est-decede-a-lage-de-93-ans\/","url":"https:\/\/vieassociative.be\/actualites\/lancien-chanteur-et-pop-star-frederic-mathieu-de-kelmis-est-decede-a-lage-de-93-ans\/","name":"L'ancien chanteur et pop star Fr\u00e9d\u00e9ric Mathieu de Kelmis est d\u00e9c\u00e9d\u00e9 \u00e0 l'\u00e2ge de 93 ans | Vie Associative","isPartOf":{"@id":"https:\/\/vieassociative.be\/actualites\/#website"},"primaryImageOfPage":{"@id":"https:\/\/vieassociative.be\/actualites\/lancien-chanteur-et-pop-star-frederic-mathieu-de-kelmis-est-decede-a-lage-de-93-ans\/#primaryimage"},"image":{"@id":"https:\/\/vieassociative.be\/actualites\/lancien-chanteur-et-pop-star-frederic-mathieu-de-kelmis-est-decede-a-lage-de-93-ans\/#primaryimage"},"thumbnailUrl":"https:\/\/vieassociative.be\/actualites\/wp-content\/uploads\/2026\/01\/Lancien-chanteur-et-pop-star-Frederic-Mathieu-de-Kelmis-est.jpg","datePublished":"2026-01-23T00:18:03+00:00","dateModified":"2026-01-23T00:18:03+00:00","breadcrumb":{"@id":"https:\/\/vieassociative.be\/actualites\/lancien-chanteur-et-pop-star-frederic-mathieu-de-kelmis-est-decede-a-lage-de-93-ans\/#breadcrumb"},"inLanguage":"fr-BE","potentialAction":[{"@type":"ReadAction","target":["https:\/\/vieassociative.be\/actualites\/lancien-chanteur-et-pop-star-frederic-mathieu-de-kelmis-est-decede-a-lage-de-93-ans\/"]}]},{"@type":"ImageObject","inLanguage":"fr-BE","@id":"https:\/\/vieassociative.be\/actualites\/lancien-chanteur-et-pop-star-frederic-mathieu-de-kelmis-est-decede-a-lage-de-93-ans\/#primaryimage","url":"https:\/\/vieassociative.be\/actualites\/wp-content\/uploads\/2026\/01\/Lancien-chanteur-et-pop-star-Frederic-Mathieu-de-Kelmis-est.jpg","contentUrl":"https:\/\/vieassociative.be\/actualites\/wp-content\/uploads\/2026\/01\/Lancien-chanteur-et-pop-star-Frederic-Mathieu-de-Kelmis-est.jpg","width":1200,"height":1200,"caption":"L'ancien chanteur et pop star Fr\u00e9d\u00e9ric Mathieu de Kelmis est d\u00e9c\u00e9d\u00e9 \u00e0 l'\u00e2ge de 93 ans"},{"@type":"BreadcrumbList","@id":"https:\/\/vieassociative.be\/actualites\/lancien-chanteur-et-pop-star-frederic-mathieu-de-kelmis-est-decede-a-lage-de-93-ans\/#breadcrumb","itemListElement":[{"@type":"ListItem","position":1,"name":"Accueil","item":"https:\/\/vieassociative.be\/actualites\/"},{"@type":"ListItem","position":2,"name":"L&rsquo;ancien chanteur et pop star Fr\u00e9d\u00e9ric Mathieu de Kelmis est d\u00e9c\u00e9d\u00e9 \u00e0 l&rsquo;\u00e2ge de 93 ans"}]},{"@type":"WebSite","@id":"https:\/\/vieassociative.be\/actualites\/#website","url":"https:\/\/vieassociative.be\/actualites\/","name":"Vie Associative","description":"","publisher":{"@id":"https:\/\/vieassociative.be\/actualites\/#organization"},"potentialAction":[{"@type":"SearchAction","target":{"@type":"EntryPoint","urlTemplate":"https:\/\/vieassociative.be\/actualites\/?s={search_term_string}"},"query-input":{"@type":"PropertyValueSpecification","valueRequired":true,"valueName":"search_term_string"}}],"inLanguage":"fr-BE"},{"@type":"Organization","@id":"https:\/\/vieassociative.be\/actualites\/#organization","name":"Vie Associative","url":"https:\/\/vieassociative.be\/actualites\/","logo":{"@type":"ImageObject","inLanguage":"fr-BE","@id":"https:\/\/vieassociative.be\/actualites\/#\/schema\/logo\/image\/","url":"https:\/\/vieassociative.be\/actualites\/wp-content\/uploads\/2024\/09\/cropped-vieassociative_favicon.ico.png","contentUrl":"https:\/\/vieassociative.be\/actualites\/wp-content\/uploads\/2024\/09\/cropped-vieassociative_favicon.ico.png","width":512,"height":512,"caption":"Vie Associative"},"image":{"@id":"https:\/\/vieassociative.be\/actualites\/#\/schema\/logo\/image\/"}},{"@type":"Person","@id":"https:\/\/vieassociative.be\/actualites\/#\/schema\/person\/b87ac4f82f9d4e7b7cec7395b679edc4","name":"Julien","image":{"@type":"ImageObject","inLanguage":"fr-BE","@id":"https:\/\/vieassociative.be\/actualites\/#\/schema\/person\/image\/","url":"https:\/\/vieassociative.be\/actualites\/wp-content\/uploads\/2024\/09\/vie-associative-1-150x150.jpg","contentUrl":"https:\/\/vieassociative.be\/actualites\/wp-content\/uploads\/2024\/09\/vie-associative-1-150x150.jpg","caption":"Julien"},"description":"Je suis Julien, r\u00e9dacteur pour Vie Associative. Passionn\u00e9 par le monde associatif depuis plus de 10 ans, j'ai \u00e0 c\u0153ur de partager des histoires inspirantes et de mettre en lumi\u00e8re les initiatives locales. Mon objectif est de sensibiliser et d'encourager l'engagement communautaire \u00e0 travers mes articles.","sameAs":["https:\/\/vieassociative.be\/"]}]}},"_links":{"self":[{"href":"https:\/\/vieassociative.be\/actualites\/wp-json\/wp\/v2\/posts\/12319"}],"collection":[{"href":"https:\/\/vieassociative.be\/actualites\/wp-json\/wp\/v2\/posts"}],"about":[{"href":"https:\/\/vieassociative.be\/actualites\/wp-json\/wp\/v2\/types\/post"}],"author":[{"embeddable":true,"href":"https:\/\/vieassociative.be\/actualites\/wp-json\/wp\/v2\/users\/1"}],"replies":[{"embeddable":true,"href":"https:\/\/vieassociative.be\/actualites\/wp-json\/wp\/v2\/comments?post=12319"}],"version-history":[{"count":0,"href":"https:\/\/vieassociative.be\/actualites\/wp-json\/wp\/v2\/posts\/12319\/revisions"}],"wp:featuredmedia":[{"embeddable":true,"href":"https:\/\/vieassociative.be\/actualites\/wp-json\/wp\/v2\/media\/12320"}],"wp:attachment":[{"href":"https:\/\/vieassociative.be\/actualites\/wp-json\/wp\/v2\/media?parent=12319"}],"wp:term":[{"taxonomy":"category","embeddable":true,"href":"https:\/\/vieassociative.be\/actualites\/wp-json\/wp\/v2\/categories?post=12319"},{"taxonomy":"post_tag","embeddable":true,"href":"https:\/\/vieassociative.be\/actualites\/wp-json\/wp\/v2\/tags?post=12319"}],"curies":[{"name":"wp","href":"https:\/\/api.w.org\/{rel}","templated":true}]}}