{"id":12316,"date":"2026-01-22T19:17:47","date_gmt":"2026-01-22T18:17:47","guid":{"rendered":"https:\/\/vieassociative.be\/actualites\/la-zone-de-police-signale-une-augmentation-des-cas-de-personnes-agees-souvent-ciblees-par-les-agresseurs\/"},"modified":"2026-01-22T19:17:47","modified_gmt":"2026-01-22T18:17:47","slug":"la-zone-de-police-signale-une-augmentation-des-cas-de-personnes-agees-souvent-ciblees-par-les-agresseurs","status":"publish","type":"post","link":"https:\/\/vieassociative.be\/actualites\/la-zone-de-police-signale-une-augmentation-des-cas-de-personnes-agees-souvent-ciblees-par-les-agresseurs\/","title":{"rendered":"La zone de police signale une augmentation des cas de personnes \u00e2g\u00e9es souvent cibl\u00e9es par les agresseurs"},"content":{"rendered":"<p><strong>Ces derniers jours, un nombre croissant de cas de fraude t\u00e9l\u00e9phonique ont \u00e9t\u00e9 signal\u00e9s \u00e0 la police. Les personnes \u00e2g\u00e9es, en particulier, sont souvent la cible des auteurs de violences.<\/strong><\/p>\n<p><span id=\"more-434354\"><\/span>Par exemple, les fraudeurs se font passer pour des employ\u00e9s de banque et pr\u00e9tendent qu&rsquo;une grosse somme d&rsquo;argent a \u00e9t\u00e9 d\u00e9bit\u00e9e du compte de la personne appel\u00e9e sans autorisation. L&#8217;employ\u00e9 de banque pr\u00e9sum\u00e9 propose de r\u00e9cup\u00e9rer l&rsquo;argent avec l&rsquo;aide de la personne appel\u00e9e.<\/p>\n<p>L&rsquo;objectif des auteurs est de prendre le contr\u00f4le du compte bancaire et de causer ainsi des dommages financiers importants.<\/p>\n<div id=\"attachment_430484\" class=\"wp-caption alignleft\" style=\"max-width: 300px\"><img fetchpriority=\"high\" decoding=\"async\" class=\"wp-image-430484 size-medium\" src=\"https:\/\/vieassociative.be\/actualites\/wp-content\/uploads\/2026\/01\/La-zone-de-police-signale-une-augmentation-des-cas-de.jpg\" alt=\"\" width=\"300\" height=\"200\"><\/div>\n<p><strong>\u2013 Panneaux d&rsquo;avertissement et mesures de protection\u00a0:<\/strong> Alors que les fraudeurs deviennent de plus en plus sophistiqu\u00e9s, la police signale les signes d&rsquo;avertissement typiques et donne des conseils sur les mesures de protection.<\/p>\n<p><strong>\u2013 La pr\u00e9vention comme outil important contre la fraude t\u00e9l\u00e9phonique :<\/strong> Faites confiance \u00e0 votre intuition et, en cas de doute, consultez une personne de confiance. Utilisez la technologie t\u00e9l\u00e9phonique moderne et bloquez les num\u00e9ros de t\u00e9l\u00e9phone suspects. Les fraudeurs utilisent de plus en plus l\u2019intelligence artificielle, par exemple pour imiter de mani\u00e8re trompeuse la voix des membres de la famille. Parlez donc \u00e0 l\u2019avance \u00e0 vos proches ou \u00e0 des personnes de confiance et convenez d\u2019un mot de code associ\u00e9 \u00e0 une question de s\u00e9curit\u00e9 en cas d\u2019urgence.<\/p>\n<p>Connaissance et vigilance permettent de reconna\u00eetre pr\u00e9cocement les appels suspects et de se prot\u00e9ger efficacement contre la fraude t\u00e9l\u00e9phonique :<\/p>\n<ul>\n<li>Utilisez des syst\u00e8mes t\u00e9l\u00e9phoniques modernes avec identification de l\u2019appelant et fonctions de blocage des num\u00e9ros suspects.<\/li>\n<li>Si vous soup\u00e7onnez ou n&rsquo;\u00eates pas s\u00fbr, mettez imm\u00e9diatement fin \u00e0 la conversation. V\u00e9rifiez les informations en contactant votre banque au num\u00e9ro de t\u00e9l\u00e9phone que vous connaissez.<\/li>\n<li>M\u00e9fiez-vous des appels demandant de l\u2019argent. La police et les autorit\u00e9s ne demandent jamais d&rsquo;argent par t\u00e9l\u00e9phone.<\/li>\n<li>Ne divulguez jamais d\u2019informations personnelles par t\u00e9l\u00e9phone, notamment vos coordonn\u00e9es bancaires, vos mots de passe ou vos codes PIN. Un caissier de banque ne vous demandera jamais votre code PIN.<\/li>\n<li>Abr\u00e9gez votre pr\u00e9nom dans l&rsquo;annuaire t\u00e9l\u00e9phonique, car les pr\u00e9noms peuvent indiquer votre \u00e2ge.<\/li>\n<li>N\u2019appuyez sur aucun bouton du t\u00e9l\u00e9phone lorsqu\u2019un inconnu vous le demande.<\/li>\n<li>Ne vous laissez pas mettre sous pression ou forcer \u00e0 conclure des accords commerciaux par t\u00e9l\u00e9phone.<\/li>\n<li>V\u00e9rifiez r\u00e9guli\u00e8rement les transactions de votre compte et vos factures mensuelles.<\/li>\n<li>Signalez imm\u00e9diatement un incident \u00e0 votre banque et, si possible, faites annuler les pr\u00e9l\u00e8vements non autoris\u00e9s.<\/li>\n<\/ul>\n<p><em>Si vous \u00eates victime d&rsquo;une fraude, veuillez le signaler imm\u00e9diatement<\/em><br \/>\n<em>Commissariat de police de votre choix. Si vous avez d&rsquo;autres questions et conseils au sujet de la fraude t\u00e9l\u00e9phonique, le service de pr\u00e9vention de la criminalit\u00e9 est \u00e0 votre disposition au 087\u00a0\/ 450\u00a0428.<\/em><\/p>\n","protected":false},"excerpt":{"rendered":"<p>Ces derniers jours, un nombre croissant de cas de fraude t\u00e9l\u00e9phonique ont \u00e9t\u00e9 signal\u00e9s \u00e0 la police. Les personnes \u00e2g\u00e9es, en particulier, sont souvent la<\/p>\n","protected":false},"author":1,"featured_media":9651,"comment_status":"","ping_status":"","sticky":false,"template":"","format":"standard","meta":{"footnotes":""},"categories":[298],"tags":[7723,9833,6707,2691,9832,29,14,676,714,2741,8205,2794,110,4291],"class_list":["post-12316","post","type-post","status-publish","format-standard","has-post-thumbnail","hentry","category-belgique","tag-agees","tag-agresseurs","tag-augmentation","tag-cas","tag-ciblees","tag-des","tag-les","tag-par","tag-personnes","tag-police","tag-signale","tag-souvent","tag-une","tag-zone","generate-columns","tablet-grid-50","mobile-grid-100","grid-parent","grid-33"],"yoast_head":"<!-- This site is optimized with the Yoast SEO plugin v24.0 - https:\/\/yoast.com\/wordpress\/plugins\/seo\/ -->\n<title>La zone de police signale une augmentation des cas de personnes \u00e2g\u00e9es souvent cibl\u00e9es par les agresseurs | Vie Associative<\/title>\n<meta name=\"robots\" content=\"index, follow, max-snippet:-1, max-image-preview:large, max-video-preview:-1\" \/>\n<link rel=\"canonical\" href=\"https:\/\/vieassociative.be\/actualites\/la-zone-de-police-signale-une-augmentation-des-cas-de-personnes-agees-souvent-ciblees-par-les-agresseurs\/\" \/>\n<meta property=\"og:locale\" content=\"fr_FR\" \/>\n<meta property=\"og:type\" content=\"article\" \/>\n<meta property=\"og:title\" content=\"La zone de police signale une augmentation des cas de personnes \u00e2g\u00e9es souvent cibl\u00e9es par les agresseurs | Vie Associative\" \/>\n<meta property=\"og:description\" content=\"Ces derniers jours, un nombre croissant de cas de fraude t\u00e9l\u00e9phonique ont \u00e9t\u00e9 signal\u00e9s \u00e0 la police. Les personnes \u00e2g\u00e9es, en particulier, sont souvent la\" \/>\n<meta property=\"og:url\" content=\"https:\/\/vieassociative.be\/actualites\/la-zone-de-police-signale-une-augmentation-des-cas-de-personnes-agees-souvent-ciblees-par-les-agresseurs\/\" \/>\n<meta property=\"og:site_name\" content=\"Vie Associative\" \/>\n<meta property=\"article:published_time\" content=\"2026-01-22T18:17:47+00:00\" \/>\n<meta property=\"og:image\" content=\"https:\/\/vieassociative.be\/actualites\/wp-content\/uploads\/2024\/09\/header_backgroundk-01-e1726694325946.png\" \/>\n\t<meta property=\"og:image:width\" content=\"279\" \/>\n\t<meta property=\"og:image:height\" content=\"92\" \/>\n\t<meta property=\"og:image:type\" content=\"image\/png\" \/>\n<meta name=\"author\" content=\"Julien\" \/>\n<meta name=\"twitter:card\" content=\"summary_large_image\" \/>\n<meta name=\"twitter:label1\" content=\"\u00c9crit par\" \/>\n\t<meta name=\"twitter:data1\" content=\"Julien\" \/>\n\t<meta name=\"twitter:label2\" content=\"Dur\u00e9e de lecture est.\" \/>\n\t<meta name=\"twitter:data2\" content=\"2 minutes\" \/>\n<script type=\"application\/ld+json\" class=\"yoast-schema-graph\">{\"@context\":\"https:\/\/schema.org\",\"@graph\":[{\"@type\":\"Article\",\"@id\":\"https:\/\/vieassociative.be\/actualites\/la-zone-de-police-signale-une-augmentation-des-cas-de-personnes-agees-souvent-ciblees-par-les-agresseurs\/#article\",\"isPartOf\":{\"@id\":\"https:\/\/vieassociative.be\/actualites\/la-zone-de-police-signale-une-augmentation-des-cas-de-personnes-agees-souvent-ciblees-par-les-agresseurs\/\"},\"author\":{\"name\":\"Julien\",\"@id\":\"https:\/\/vieassociative.be\/actualites\/#\/schema\/person\/b87ac4f82f9d4e7b7cec7395b679edc4\"},\"headline\":\"La zone de police signale une augmentation des cas de personnes \u00e2g\u00e9es souvent cibl\u00e9es par les agresseurs\",\"datePublished\":\"2026-01-22T18:17:47+00:00\",\"dateModified\":\"2026-01-22T18:17:47+00:00\",\"mainEntityOfPage\":{\"@id\":\"https:\/\/vieassociative.be\/actualites\/la-zone-de-police-signale-une-augmentation-des-cas-de-personnes-agees-souvent-ciblees-par-les-agresseurs\/\"},\"wordCount\":527,\"publisher\":{\"@id\":\"https:\/\/vieassociative.be\/actualites\/#organization\"},\"image\":{\"@id\":\"https:\/\/vieassociative.be\/actualites\/la-zone-de-police-signale-une-augmentation-des-cas-de-personnes-agees-souvent-ciblees-par-les-agresseurs\/#primaryimage\"},\"thumbnailUrl\":\"https:\/\/vieassociative.be\/actualites\/wp-content\/uploads\/2025\/08\/Zone-de-police-Weser-Gohl-met-en-garde-contre-les-points.jpg\",\"keywords\":[\"\u00e2g\u00e9es\",\"agresseurs\",\"augmentation\",\"cas\",\"cibl\u00e9es\",\"Des\",\"Les\",\"par\",\"personnes\",\"police\",\"signale\",\"souvent\",\"une\",\"zone\"],\"articleSection\":[\"Belgique\"],\"inLanguage\":\"fr-BE\"},{\"@type\":\"WebPage\",\"@id\":\"https:\/\/vieassociative.be\/actualites\/la-zone-de-police-signale-une-augmentation-des-cas-de-personnes-agees-souvent-ciblees-par-les-agresseurs\/\",\"url\":\"https:\/\/vieassociative.be\/actualites\/la-zone-de-police-signale-une-augmentation-des-cas-de-personnes-agees-souvent-ciblees-par-les-agresseurs\/\",\"name\":\"La zone de police signale une augmentation des cas de personnes \u00e2g\u00e9es souvent cibl\u00e9es par les agresseurs | Vie Associative\",\"isPartOf\":{\"@id\":\"https:\/\/vieassociative.be\/actualites\/#website\"},\"primaryImageOfPage\":{\"@id\":\"https:\/\/vieassociative.be\/actualites\/la-zone-de-police-signale-une-augmentation-des-cas-de-personnes-agees-souvent-ciblees-par-les-agresseurs\/#primaryimage\"},\"image\":{\"@id\":\"https:\/\/vieassociative.be\/actualites\/la-zone-de-police-signale-une-augmentation-des-cas-de-personnes-agees-souvent-ciblees-par-les-agresseurs\/#primaryimage\"},\"thumbnailUrl\":\"https:\/\/vieassociative.be\/actualites\/wp-content\/uploads\/2025\/08\/Zone-de-police-Weser-Gohl-met-en-garde-contre-les-points.jpg\",\"datePublished\":\"2026-01-22T18:17:47+00:00\",\"dateModified\":\"2026-01-22T18:17:47+00:00\",\"breadcrumb\":{\"@id\":\"https:\/\/vieassociative.be\/actualites\/la-zone-de-police-signale-une-augmentation-des-cas-de-personnes-agees-souvent-ciblees-par-les-agresseurs\/#breadcrumb\"},\"inLanguage\":\"fr-BE\",\"potentialAction\":[{\"@type\":\"ReadAction\",\"target\":[\"https:\/\/vieassociative.be\/actualites\/la-zone-de-police-signale-une-augmentation-des-cas-de-personnes-agees-souvent-ciblees-par-les-agresseurs\/\"]}]},{\"@type\":\"ImageObject\",\"inLanguage\":\"fr-BE\",\"@id\":\"https:\/\/vieassociative.be\/actualites\/la-zone-de-police-signale-une-augmentation-des-cas-de-personnes-agees-souvent-ciblees-par-les-agresseurs\/#primaryimage\",\"url\":\"https:\/\/vieassociative.be\/actualites\/wp-content\/uploads\/2025\/08\/Zone-de-police-Weser-Gohl-met-en-garde-contre-les-points.jpg\",\"contentUrl\":\"https:\/\/vieassociative.be\/actualites\/wp-content\/uploads\/2025\/08\/Zone-de-police-Weser-Gohl-met-en-garde-contre-les-points.jpg\",\"width\":1000,\"height\":667,\"caption\":\"Zone de police Weser-G\u00f6hl met en garde contre les points de fraude au t\u00e9l\u00e9phone\"},{\"@type\":\"BreadcrumbList\",\"@id\":\"https:\/\/vieassociative.be\/actualites\/la-zone-de-police-signale-une-augmentation-des-cas-de-personnes-agees-souvent-ciblees-par-les-agresseurs\/#breadcrumb\",\"itemListElement\":[{\"@type\":\"ListItem\",\"position\":1,\"name\":\"Accueil\",\"item\":\"https:\/\/vieassociative.be\/actualites\/\"},{\"@type\":\"ListItem\",\"position\":2,\"name\":\"La zone de police signale une augmentation des cas de personnes \u00e2g\u00e9es souvent cibl\u00e9es par les agresseurs\"}]},{\"@type\":\"WebSite\",\"@id\":\"https:\/\/vieassociative.be\/actualites\/#website\",\"url\":\"https:\/\/vieassociative.be\/actualites\/\",\"name\":\"Vie Associative\",\"description\":\"\",\"publisher\":{\"@id\":\"https:\/\/vieassociative.be\/actualites\/#organization\"},\"potentialAction\":[{\"@type\":\"SearchAction\",\"target\":{\"@type\":\"EntryPoint\",\"urlTemplate\":\"https:\/\/vieassociative.be\/actualites\/?s={search_term_string}\"},\"query-input\":{\"@type\":\"PropertyValueSpecification\",\"valueRequired\":true,\"valueName\":\"search_term_string\"}}],\"inLanguage\":\"fr-BE\"},{\"@type\":\"Organization\",\"@id\":\"https:\/\/vieassociative.be\/actualites\/#organization\",\"name\":\"Vie Associative\",\"url\":\"https:\/\/vieassociative.be\/actualites\/\",\"logo\":{\"@type\":\"ImageObject\",\"inLanguage\":\"fr-BE\",\"@id\":\"https:\/\/vieassociative.be\/actualites\/#\/schema\/logo\/image\/\",\"url\":\"https:\/\/vieassociative.be\/actualites\/wp-content\/uploads\/2024\/09\/cropped-vieassociative_favicon.ico.png\",\"contentUrl\":\"https:\/\/vieassociative.be\/actualites\/wp-content\/uploads\/2024\/09\/cropped-vieassociative_favicon.ico.png\",\"width\":512,\"height\":512,\"caption\":\"Vie Associative\"},\"image\":{\"@id\":\"https:\/\/vieassociative.be\/actualites\/#\/schema\/logo\/image\/\"}},{\"@type\":\"Person\",\"@id\":\"https:\/\/vieassociative.be\/actualites\/#\/schema\/person\/b87ac4f82f9d4e7b7cec7395b679edc4\",\"name\":\"Julien\",\"image\":{\"@type\":\"ImageObject\",\"inLanguage\":\"fr-BE\",\"@id\":\"https:\/\/vieassociative.be\/actualites\/#\/schema\/person\/image\/\",\"url\":\"https:\/\/vieassociative.be\/actualites\/wp-content\/uploads\/2024\/09\/vie-associative-1-150x150.jpg\",\"contentUrl\":\"https:\/\/vieassociative.be\/actualites\/wp-content\/uploads\/2024\/09\/vie-associative-1-150x150.jpg\",\"caption\":\"Julien\"},\"description\":\"Je suis Julien, r\u00e9dacteur pour Vie Associative. Passionn\u00e9 par le monde associatif depuis plus de 10 ans, j'ai \u00e0 c\u0153ur de partager des histoires inspirantes et de mettre en lumi\u00e8re les initiatives locales. Mon objectif est de sensibiliser et d'encourager l'engagement communautaire \u00e0 travers mes articles.\",\"sameAs\":[\"https:\/\/vieassociative.be\/\"]}]}<\/script>\n<!-- \/ Yoast SEO plugin. -->","yoast_head_json":{"title":"La zone de police signale une augmentation des cas de personnes \u00e2g\u00e9es souvent cibl\u00e9es par les agresseurs | Vie Associative","robots":{"index":"index","follow":"follow","max-snippet":"max-snippet:-1","max-image-preview":"max-image-preview:large","max-video-preview":"max-video-preview:-1"},"canonical":"https:\/\/vieassociative.be\/actualites\/la-zone-de-police-signale-une-augmentation-des-cas-de-personnes-agees-souvent-ciblees-par-les-agresseurs\/","og_locale":"fr_FR","og_type":"article","og_title":"La zone de police signale une augmentation des cas de personnes \u00e2g\u00e9es souvent cibl\u00e9es par les agresseurs | Vie Associative","og_description":"Ces derniers jours, un nombre croissant de cas de fraude t\u00e9l\u00e9phonique ont \u00e9t\u00e9 signal\u00e9s \u00e0 la police. Les personnes \u00e2g\u00e9es, en particulier, sont souvent la","og_url":"https:\/\/vieassociative.be\/actualites\/la-zone-de-police-signale-une-augmentation-des-cas-de-personnes-agees-souvent-ciblees-par-les-agresseurs\/","og_site_name":"Vie Associative","article_published_time":"2026-01-22T18:17:47+00:00","og_image":[{"width":279,"height":92,"url":"https:\/\/vieassociative.be\/actualites\/wp-content\/uploads\/2024\/09\/header_backgroundk-01-e1726694325946.png","type":"image\/png"}],"author":"Julien","twitter_card":"summary_large_image","twitter_misc":{"\u00c9crit par":"Julien","Dur\u00e9e de lecture est.":"2 minutes"},"schema":{"@context":"https:\/\/schema.org","@graph":[{"@type":"Article","@id":"https:\/\/vieassociative.be\/actualites\/la-zone-de-police-signale-une-augmentation-des-cas-de-personnes-agees-souvent-ciblees-par-les-agresseurs\/#article","isPartOf":{"@id":"https:\/\/vieassociative.be\/actualites\/la-zone-de-police-signale-une-augmentation-des-cas-de-personnes-agees-souvent-ciblees-par-les-agresseurs\/"},"author":{"name":"Julien","@id":"https:\/\/vieassociative.be\/actualites\/#\/schema\/person\/b87ac4f82f9d4e7b7cec7395b679edc4"},"headline":"La zone de police signale une augmentation des cas de personnes \u00e2g\u00e9es souvent cibl\u00e9es par les agresseurs","datePublished":"2026-01-22T18:17:47+00:00","dateModified":"2026-01-22T18:17:47+00:00","mainEntityOfPage":{"@id":"https:\/\/vieassociative.be\/actualites\/la-zone-de-police-signale-une-augmentation-des-cas-de-personnes-agees-souvent-ciblees-par-les-agresseurs\/"},"wordCount":527,"publisher":{"@id":"https:\/\/vieassociative.be\/actualites\/#organization"},"image":{"@id":"https:\/\/vieassociative.be\/actualites\/la-zone-de-police-signale-une-augmentation-des-cas-de-personnes-agees-souvent-ciblees-par-les-agresseurs\/#primaryimage"},"thumbnailUrl":"https:\/\/vieassociative.be\/actualites\/wp-content\/uploads\/2025\/08\/Zone-de-police-Weser-Gohl-met-en-garde-contre-les-points.jpg","keywords":["\u00e2g\u00e9es","agresseurs","augmentation","cas","cibl\u00e9es","Des","Les","par","personnes","police","signale","souvent","une","zone"],"articleSection":["Belgique"],"inLanguage":"fr-BE"},{"@type":"WebPage","@id":"https:\/\/vieassociative.be\/actualites\/la-zone-de-police-signale-une-augmentation-des-cas-de-personnes-agees-souvent-ciblees-par-les-agresseurs\/","url":"https:\/\/vieassociative.be\/actualites\/la-zone-de-police-signale-une-augmentation-des-cas-de-personnes-agees-souvent-ciblees-par-les-agresseurs\/","name":"La zone de police signale une augmentation des cas de personnes \u00e2g\u00e9es souvent cibl\u00e9es par les agresseurs | Vie Associative","isPartOf":{"@id":"https:\/\/vieassociative.be\/actualites\/#website"},"primaryImageOfPage":{"@id":"https:\/\/vieassociative.be\/actualites\/la-zone-de-police-signale-une-augmentation-des-cas-de-personnes-agees-souvent-ciblees-par-les-agresseurs\/#primaryimage"},"image":{"@id":"https:\/\/vieassociative.be\/actualites\/la-zone-de-police-signale-une-augmentation-des-cas-de-personnes-agees-souvent-ciblees-par-les-agresseurs\/#primaryimage"},"thumbnailUrl":"https:\/\/vieassociative.be\/actualites\/wp-content\/uploads\/2025\/08\/Zone-de-police-Weser-Gohl-met-en-garde-contre-les-points.jpg","datePublished":"2026-01-22T18:17:47+00:00","dateModified":"2026-01-22T18:17:47+00:00","breadcrumb":{"@id":"https:\/\/vieassociative.be\/actualites\/la-zone-de-police-signale-une-augmentation-des-cas-de-personnes-agees-souvent-ciblees-par-les-agresseurs\/#breadcrumb"},"inLanguage":"fr-BE","potentialAction":[{"@type":"ReadAction","target":["https:\/\/vieassociative.be\/actualites\/la-zone-de-police-signale-une-augmentation-des-cas-de-personnes-agees-souvent-ciblees-par-les-agresseurs\/"]}]},{"@type":"ImageObject","inLanguage":"fr-BE","@id":"https:\/\/vieassociative.be\/actualites\/la-zone-de-police-signale-une-augmentation-des-cas-de-personnes-agees-souvent-ciblees-par-les-agresseurs\/#primaryimage","url":"https:\/\/vieassociative.be\/actualites\/wp-content\/uploads\/2025\/08\/Zone-de-police-Weser-Gohl-met-en-garde-contre-les-points.jpg","contentUrl":"https:\/\/vieassociative.be\/actualites\/wp-content\/uploads\/2025\/08\/Zone-de-police-Weser-Gohl-met-en-garde-contre-les-points.jpg","width":1000,"height":667,"caption":"Zone de police Weser-G\u00f6hl met en garde contre les points de fraude au t\u00e9l\u00e9phone"},{"@type":"BreadcrumbList","@id":"https:\/\/vieassociative.be\/actualites\/la-zone-de-police-signale-une-augmentation-des-cas-de-personnes-agees-souvent-ciblees-par-les-agresseurs\/#breadcrumb","itemListElement":[{"@type":"ListItem","position":1,"name":"Accueil","item":"https:\/\/vieassociative.be\/actualites\/"},{"@type":"ListItem","position":2,"name":"La zone de police signale une augmentation des cas de personnes \u00e2g\u00e9es souvent cibl\u00e9es par les agresseurs"}]},{"@type":"WebSite","@id":"https:\/\/vieassociative.be\/actualites\/#website","url":"https:\/\/vieassociative.be\/actualites\/","name":"Vie Associative","description":"","publisher":{"@id":"https:\/\/vieassociative.be\/actualites\/#organization"},"potentialAction":[{"@type":"SearchAction","target":{"@type":"EntryPoint","urlTemplate":"https:\/\/vieassociative.be\/actualites\/?s={search_term_string}"},"query-input":{"@type":"PropertyValueSpecification","valueRequired":true,"valueName":"search_term_string"}}],"inLanguage":"fr-BE"},{"@type":"Organization","@id":"https:\/\/vieassociative.be\/actualites\/#organization","name":"Vie Associative","url":"https:\/\/vieassociative.be\/actualites\/","logo":{"@type":"ImageObject","inLanguage":"fr-BE","@id":"https:\/\/vieassociative.be\/actualites\/#\/schema\/logo\/image\/","url":"https:\/\/vieassociative.be\/actualites\/wp-content\/uploads\/2024\/09\/cropped-vieassociative_favicon.ico.png","contentUrl":"https:\/\/vieassociative.be\/actualites\/wp-content\/uploads\/2024\/09\/cropped-vieassociative_favicon.ico.png","width":512,"height":512,"caption":"Vie Associative"},"image":{"@id":"https:\/\/vieassociative.be\/actualites\/#\/schema\/logo\/image\/"}},{"@type":"Person","@id":"https:\/\/vieassociative.be\/actualites\/#\/schema\/person\/b87ac4f82f9d4e7b7cec7395b679edc4","name":"Julien","image":{"@type":"ImageObject","inLanguage":"fr-BE","@id":"https:\/\/vieassociative.be\/actualites\/#\/schema\/person\/image\/","url":"https:\/\/vieassociative.be\/actualites\/wp-content\/uploads\/2024\/09\/vie-associative-1-150x150.jpg","contentUrl":"https:\/\/vieassociative.be\/actualites\/wp-content\/uploads\/2024\/09\/vie-associative-1-150x150.jpg","caption":"Julien"},"description":"Je suis Julien, r\u00e9dacteur pour Vie Associative. Passionn\u00e9 par le monde associatif depuis plus de 10 ans, j'ai \u00e0 c\u0153ur de partager des histoires inspirantes et de mettre en lumi\u00e8re les initiatives locales. Mon objectif est de sensibiliser et d'encourager l'engagement communautaire \u00e0 travers mes articles.","sameAs":["https:\/\/vieassociative.be\/"]}]}},"_links":{"self":[{"href":"https:\/\/vieassociative.be\/actualites\/wp-json\/wp\/v2\/posts\/12316"}],"collection":[{"href":"https:\/\/vieassociative.be\/actualites\/wp-json\/wp\/v2\/posts"}],"about":[{"href":"https:\/\/vieassociative.be\/actualites\/wp-json\/wp\/v2\/types\/post"}],"author":[{"embeddable":true,"href":"https:\/\/vieassociative.be\/actualites\/wp-json\/wp\/v2\/users\/1"}],"replies":[{"embeddable":true,"href":"https:\/\/vieassociative.be\/actualites\/wp-json\/wp\/v2\/comments?post=12316"}],"version-history":[{"count":0,"href":"https:\/\/vieassociative.be\/actualites\/wp-json\/wp\/v2\/posts\/12316\/revisions"}],"wp:featuredmedia":[{"embeddable":true,"href":"https:\/\/vieassociative.be\/actualites\/wp-json\/wp\/v2\/media\/9651"}],"wp:attachment":[{"href":"https:\/\/vieassociative.be\/actualites\/wp-json\/wp\/v2\/media?parent=12316"}],"wp:term":[{"taxonomy":"category","embeddable":true,"href":"https:\/\/vieassociative.be\/actualites\/wp-json\/wp\/v2\/categories?post=12316"},{"taxonomy":"post_tag","embeddable":true,"href":"https:\/\/vieassociative.be\/actualites\/wp-json\/wp\/v2\/tags?post=12316"}],"curies":[{"name":"wp","href":"https:\/\/api.w.org\/{rel}","templated":true}]}}