{"id":12312,"date":"2026-01-22T13:17:25","date_gmt":"2026-01-22T12:17:25","guid":{"rendered":"https:\/\/vieassociative.be\/actualites\/une-bombe-aerienne-paralyse-le-centre-ville-daix-la-chapelle\/"},"modified":"2026-01-22T13:17:25","modified_gmt":"2026-01-22T12:17:25","slug":"une-bombe-aerienne-paralyse-le-centre-ville-daix-la-chapelle","status":"publish","type":"post","link":"https:\/\/vieassociative.be\/actualites\/une-bombe-aerienne-paralyse-le-centre-ville-daix-la-chapelle\/","title":{"rendered":"Une bombe a\u00e9rienne paralyse le centre-ville d&rsquo;Aix-la-Chapelle"},"content":{"rendered":"<p><strong>MISE \u00c0 JOUR &#8211; Une bombe de 250 kilogrammes a \u00e9t\u00e9 d\u00e9couverte lors de travaux de construction dans le centre-ville d&rsquo;Aix-la-Chapelle. Il devrait \u00eatre d\u00e9samorc\u00e9 ce jeudi.<\/strong><\/p>\n<p><span id=\"more-434306\"><\/span>Le d\u00e9samor\u00e7age pr\u00e9vu d&rsquo;une bombe de 250 kilogrammes d\u00e9couverte lors de travaux de construction dans le centre-ville d&rsquo;Aix-la-Chapelle pourrait entra\u00eener d&rsquo;importantes perturbations dans la circulation des bus et des trains. Avant que la bombe non explos\u00e9e puisse \u00eatre d\u00e9samorc\u00e9e, la zone autour du site, dans le centre-ville, dans un rayon de 400 m\u00e8tres, doit \u00eatre d\u00e9gag\u00e9e \u00e0 partir de 9 heures du matin, a indiqu\u00e9 la ville. La gare principale se trouve \u00e9galement dans cette zone et sera ferm\u00e9e \u00e0 cette heure.<\/p>\n<div id=\"attachment_434317\" class=\"wp-caption alignleft\" style=\"max-width: 300px\"><img fetchpriority=\"high\" decoding=\"async\" class=\"wp-image-434317 size-medium\" src=\"https:\/\/vieassociative.be\/actualites\/wp-content\/uploads\/2026\/01\/Une-bombe-aerienne-paralyse-le-centre-ville-dAix-la-Chapelle.jpg\" alt=\"\" width=\"300\" height=\"200\"><\/div>\n<p>En outre, la circulation des bus risque d&rsquo;\u00eatre perturb\u00e9e, pr\u00e9cise-t-on. De nombreux arr\u00eats n&rsquo;ont pas pu \u00eatre atteints. Toutefois, des d\u00e9placements en bus sur des itin\u00e9raires de d\u00e9viation sont organis\u00e9s. Selon les informations, environ 6 200 personnes sont concern\u00e9es. Un refuge d&rsquo;urgence a \u00e9t\u00e9 mis en place pour les r\u00e9sidents.<\/p>\n<p>La gare principale devrait \u00eatre ferm\u00e9e jusqu&rsquo;\u00e0 environ 16 heures, selon le portail zuginfo.nrw. M\u00eame les bus de remplacement ne peuvent pas y acc\u00e9der.<\/p>\n<p>Deux \u00e9coles et une garderie restent ferm\u00e9es. L&rsquo;enseignement \u00e0 distance devrait avoir lieu pour les lyc\u00e9ens de la zone touch\u00e9e.<\/p>\n<p>Selon les informations, la bombe am\u00e9ricaine aurait \u00e9t\u00e9 d\u00e9samorc\u00e9e en d\u00e9but d&rsquo;apr\u00e8s-midi. La ville souhaite partager des informations via les r\u00e9seaux sociaux, son site Internet et via la hotline \u00ab Call Aachen \u00bb au 0241 510051. (dpa)<\/p>\n<p><em><strong>Vous trouverez ci-dessous d&rsquo;autres photos de Henning Kaiser\/dpa de l&rsquo;\u00e9vacuation du centre-ville d&rsquo;Aix-la-Chapelle en raison du d\u00e9samor\u00e7age des bombes jeudi (cliquez sur l&rsquo;image pour l&rsquo;agrandir) :<\/strong><\/em><\/p>\n<div class=\"wp-gallery row\">\n<figure class=\"column small-6 medium-3 end\"><img decoding=\"async\" src=\"https:\/\/vieassociative.be\/actualites\/wp-content\/uploads\/2026\/01\/1769084245_729_Une-bombe-aerienne-paralyse-le-centre-ville-dAix-la-Chapelle.jpg\" width=\"159\" height=\"159\" alt=\"\"><\/figure>\n<figure class=\"column small-6 medium-3 end\"><img decoding=\"async\" src=\"https:\/\/vieassociative.be\/actualites\/wp-content\/uploads\/2026\/01\/1769084245_185_Une-bombe-aerienne-paralyse-le-centre-ville-dAix-la-Chapelle.jpg\" width=\"159\" height=\"159\" alt=\"\"><\/figure>\n<figure class=\"column small-6 medium-3 end\"><img loading=\"lazy\" decoding=\"async\" src=\"https:\/\/vieassociative.be\/actualites\/wp-content\/uploads\/2026\/01\/1769084245_220_Une-bombe-aerienne-paralyse-le-centre-ville-dAix-la-Chapelle.jpg\" width=\"159\" height=\"159\" alt=\"\"><\/figure>\n<figure class=\"column small-6 medium-3 end\"><img loading=\"lazy\" decoding=\"async\" src=\"https:\/\/vieassociative.be\/actualites\/wp-content\/uploads\/2026\/01\/1769084245_565_Une-bombe-aerienne-paralyse-le-centre-ville-dAix-la-Chapelle.jpg\" width=\"159\" height=\"159\" alt=\"\"><\/figure>\n<\/div>\n","protected":false},"excerpt":{"rendered":"<p>MISE \u00c0 JOUR &#8211; Une bombe de 250 kilogrammes a \u00e9t\u00e9 d\u00e9couverte lors de travaux de construction dans le centre-ville d&rsquo;Aix-la-Chapelle. Il devrait \u00eatre d\u00e9samorc\u00e9<\/p>\n","protected":false},"author":1,"featured_media":12313,"comment_status":"","ping_status":"","sticky":false,"template":"","format":"standard","meta":{"footnotes":""},"categories":[298],"tags":[3972,6981,839,2742,9829,110],"class_list":["post-12312","post","type-post","status-publish","format-standard","has-post-thumbnail","hentry","category-belgique","tag-aerienne","tag-bombe","tag-centreville","tag-daixlachapelle","tag-paralyse","tag-une","generate-columns","tablet-grid-50","mobile-grid-100","grid-parent","grid-33"],"yoast_head":"<!-- This site is optimized with the Yoast SEO plugin v24.0 - https:\/\/yoast.com\/wordpress\/plugins\/seo\/ -->\n<title>Une bombe a\u00e9rienne paralyse le centre-ville d&#039;Aix-la-Chapelle | Vie Associative<\/title>\n<meta name=\"robots\" content=\"index, follow, max-snippet:-1, max-image-preview:large, max-video-preview:-1\" \/>\n<link rel=\"canonical\" href=\"https:\/\/vieassociative.be\/actualites\/une-bombe-aerienne-paralyse-le-centre-ville-daix-la-chapelle\/\" \/>\n<meta property=\"og:locale\" content=\"fr_FR\" \/>\n<meta property=\"og:type\" content=\"article\" \/>\n<meta property=\"og:title\" content=\"Une bombe a\u00e9rienne paralyse le centre-ville d&#039;Aix-la-Chapelle | Vie Associative\" \/>\n<meta property=\"og:description\" content=\"MISE \u00c0 JOUR &#8211; Une bombe de 250 kilogrammes a \u00e9t\u00e9 d\u00e9couverte lors de travaux de construction dans le centre-ville d&rsquo;Aix-la-Chapelle. Il devrait \u00eatre d\u00e9samorc\u00e9\" \/>\n<meta property=\"og:url\" content=\"https:\/\/vieassociative.be\/actualites\/une-bombe-aerienne-paralyse-le-centre-ville-daix-la-chapelle\/\" \/>\n<meta property=\"og:site_name\" content=\"Vie Associative\" \/>\n<meta property=\"article:published_time\" content=\"2026-01-22T12:17:25+00:00\" \/>\n<meta property=\"og:image\" content=\"https:\/\/vieassociative.be\/actualites\/wp-content\/uploads\/2024\/09\/header_backgroundk-01-e1726694325946.png\" \/>\n\t<meta property=\"og:image:width\" content=\"279\" \/>\n\t<meta property=\"og:image:height\" content=\"92\" \/>\n\t<meta property=\"og:image:type\" content=\"image\/png\" \/>\n<meta name=\"author\" content=\"Julien\" \/>\n<meta name=\"twitter:card\" content=\"summary_large_image\" \/>\n<meta name=\"twitter:label1\" content=\"\u00c9crit par\" \/>\n\t<meta name=\"twitter:data1\" content=\"Julien\" \/>\n\t<meta name=\"twitter:label2\" content=\"Dur\u00e9e de lecture est.\" \/>\n\t<meta name=\"twitter:data2\" content=\"1 minute\" \/>\n<script type=\"application\/ld+json\" class=\"yoast-schema-graph\">{\"@context\":\"https:\/\/schema.org\",\"@graph\":[{\"@type\":\"Article\",\"@id\":\"https:\/\/vieassociative.be\/actualites\/une-bombe-aerienne-paralyse-le-centre-ville-daix-la-chapelle\/#article\",\"isPartOf\":{\"@id\":\"https:\/\/vieassociative.be\/actualites\/une-bombe-aerienne-paralyse-le-centre-ville-daix-la-chapelle\/\"},\"author\":{\"name\":\"Julien\",\"@id\":\"https:\/\/vieassociative.be\/actualites\/#\/schema\/person\/b87ac4f82f9d4e7b7cec7395b679edc4\"},\"headline\":\"Une bombe a\u00e9rienne paralyse le centre-ville d&rsquo;Aix-la-Chapelle\",\"datePublished\":\"2026-01-22T12:17:25+00:00\",\"dateModified\":\"2026-01-22T12:17:25+00:00\",\"mainEntityOfPage\":{\"@id\":\"https:\/\/vieassociative.be\/actualites\/une-bombe-aerienne-paralyse-le-centre-ville-daix-la-chapelle\/\"},\"wordCount\":312,\"publisher\":{\"@id\":\"https:\/\/vieassociative.be\/actualites\/#organization\"},\"image\":{\"@id\":\"https:\/\/vieassociative.be\/actualites\/une-bombe-aerienne-paralyse-le-centre-ville-daix-la-chapelle\/#primaryimage\"},\"thumbnailUrl\":\"https:\/\/vieassociative.be\/actualites\/wp-content\/uploads\/2026\/01\/1769084247_Une-bombe-aerienne-paralyse-le-centre-ville-dAix-la-Chapelle.jpg\",\"keywords\":[\"a\u00e9rienne\",\"bombe\",\"centreville\",\"dAixlaChapelle\",\"paralyse\",\"une\"],\"articleSection\":[\"Belgique\"],\"inLanguage\":\"fr-BE\"},{\"@type\":\"WebPage\",\"@id\":\"https:\/\/vieassociative.be\/actualites\/une-bombe-aerienne-paralyse-le-centre-ville-daix-la-chapelle\/\",\"url\":\"https:\/\/vieassociative.be\/actualites\/une-bombe-aerienne-paralyse-le-centre-ville-daix-la-chapelle\/\",\"name\":\"Une bombe a\u00e9rienne paralyse le centre-ville d'Aix-la-Chapelle | Vie Associative\",\"isPartOf\":{\"@id\":\"https:\/\/vieassociative.be\/actualites\/#website\"},\"primaryImageOfPage\":{\"@id\":\"https:\/\/vieassociative.be\/actualites\/une-bombe-aerienne-paralyse-le-centre-ville-daix-la-chapelle\/#primaryimage\"},\"image\":{\"@id\":\"https:\/\/vieassociative.be\/actualites\/une-bombe-aerienne-paralyse-le-centre-ville-daix-la-chapelle\/#primaryimage\"},\"thumbnailUrl\":\"https:\/\/vieassociative.be\/actualites\/wp-content\/uploads\/2026\/01\/1769084247_Une-bombe-aerienne-paralyse-le-centre-ville-dAix-la-Chapelle.jpg\",\"datePublished\":\"2026-01-22T12:17:25+00:00\",\"dateModified\":\"2026-01-22T12:17:25+00:00\",\"breadcrumb\":{\"@id\":\"https:\/\/vieassociative.be\/actualites\/une-bombe-aerienne-paralyse-le-centre-ville-daix-la-chapelle\/#breadcrumb\"},\"inLanguage\":\"fr-BE\",\"potentialAction\":[{\"@type\":\"ReadAction\",\"target\":[\"https:\/\/vieassociative.be\/actualites\/une-bombe-aerienne-paralyse-le-centre-ville-daix-la-chapelle\/\"]}]},{\"@type\":\"ImageObject\",\"inLanguage\":\"fr-BE\",\"@id\":\"https:\/\/vieassociative.be\/actualites\/une-bombe-aerienne-paralyse-le-centre-ville-daix-la-chapelle\/#primaryimage\",\"url\":\"https:\/\/vieassociative.be\/actualites\/wp-content\/uploads\/2026\/01\/1769084247_Une-bombe-aerienne-paralyse-le-centre-ville-dAix-la-Chapelle.jpg\",\"contentUrl\":\"https:\/\/vieassociative.be\/actualites\/wp-content\/uploads\/2026\/01\/1769084247_Une-bombe-aerienne-paralyse-le-centre-ville-dAix-la-Chapelle.jpg\",\"width\":1200,\"height\":830,\"caption\":\"Une bombe a\u00e9rienne paralyse le centre-ville d'Aix-la-Chapelle\"},{\"@type\":\"BreadcrumbList\",\"@id\":\"https:\/\/vieassociative.be\/actualites\/une-bombe-aerienne-paralyse-le-centre-ville-daix-la-chapelle\/#breadcrumb\",\"itemListElement\":[{\"@type\":\"ListItem\",\"position\":1,\"name\":\"Accueil\",\"item\":\"https:\/\/vieassociative.be\/actualites\/\"},{\"@type\":\"ListItem\",\"position\":2,\"name\":\"Une bombe a\u00e9rienne paralyse le centre-ville d&rsquo;Aix-la-Chapelle\"}]},{\"@type\":\"WebSite\",\"@id\":\"https:\/\/vieassociative.be\/actualites\/#website\",\"url\":\"https:\/\/vieassociative.be\/actualites\/\",\"name\":\"Vie Associative\",\"description\":\"\",\"publisher\":{\"@id\":\"https:\/\/vieassociative.be\/actualites\/#organization\"},\"potentialAction\":[{\"@type\":\"SearchAction\",\"target\":{\"@type\":\"EntryPoint\",\"urlTemplate\":\"https:\/\/vieassociative.be\/actualites\/?s={search_term_string}\"},\"query-input\":{\"@type\":\"PropertyValueSpecification\",\"valueRequired\":true,\"valueName\":\"search_term_string\"}}],\"inLanguage\":\"fr-BE\"},{\"@type\":\"Organization\",\"@id\":\"https:\/\/vieassociative.be\/actualites\/#organization\",\"name\":\"Vie Associative\",\"url\":\"https:\/\/vieassociative.be\/actualites\/\",\"logo\":{\"@type\":\"ImageObject\",\"inLanguage\":\"fr-BE\",\"@id\":\"https:\/\/vieassociative.be\/actualites\/#\/schema\/logo\/image\/\",\"url\":\"https:\/\/vieassociative.be\/actualites\/wp-content\/uploads\/2024\/09\/cropped-vieassociative_favicon.ico.png\",\"contentUrl\":\"https:\/\/vieassociative.be\/actualites\/wp-content\/uploads\/2024\/09\/cropped-vieassociative_favicon.ico.png\",\"width\":512,\"height\":512,\"caption\":\"Vie Associative\"},\"image\":{\"@id\":\"https:\/\/vieassociative.be\/actualites\/#\/schema\/logo\/image\/\"}},{\"@type\":\"Person\",\"@id\":\"https:\/\/vieassociative.be\/actualites\/#\/schema\/person\/b87ac4f82f9d4e7b7cec7395b679edc4\",\"name\":\"Julien\",\"image\":{\"@type\":\"ImageObject\",\"inLanguage\":\"fr-BE\",\"@id\":\"https:\/\/vieassociative.be\/actualites\/#\/schema\/person\/image\/\",\"url\":\"https:\/\/vieassociative.be\/actualites\/wp-content\/uploads\/2024\/09\/vie-associative-1-150x150.jpg\",\"contentUrl\":\"https:\/\/vieassociative.be\/actualites\/wp-content\/uploads\/2024\/09\/vie-associative-1-150x150.jpg\",\"caption\":\"Julien\"},\"description\":\"Je suis Julien, r\u00e9dacteur pour Vie Associative. Passionn\u00e9 par le monde associatif depuis plus de 10 ans, j'ai \u00e0 c\u0153ur de partager des histoires inspirantes et de mettre en lumi\u00e8re les initiatives locales. Mon objectif est de sensibiliser et d'encourager l'engagement communautaire \u00e0 travers mes articles.\",\"sameAs\":[\"https:\/\/vieassociative.be\/\"]}]}<\/script>\n<!-- \/ Yoast SEO plugin. -->","yoast_head_json":{"title":"Une bombe a\u00e9rienne paralyse le centre-ville d'Aix-la-Chapelle | Vie Associative","robots":{"index":"index","follow":"follow","max-snippet":"max-snippet:-1","max-image-preview":"max-image-preview:large","max-video-preview":"max-video-preview:-1"},"canonical":"https:\/\/vieassociative.be\/actualites\/une-bombe-aerienne-paralyse-le-centre-ville-daix-la-chapelle\/","og_locale":"fr_FR","og_type":"article","og_title":"Une bombe a\u00e9rienne paralyse le centre-ville d'Aix-la-Chapelle | Vie Associative","og_description":"MISE \u00c0 JOUR &#8211; Une bombe de 250 kilogrammes a \u00e9t\u00e9 d\u00e9couverte lors de travaux de construction dans le centre-ville d&rsquo;Aix-la-Chapelle. Il devrait \u00eatre d\u00e9samorc\u00e9","og_url":"https:\/\/vieassociative.be\/actualites\/une-bombe-aerienne-paralyse-le-centre-ville-daix-la-chapelle\/","og_site_name":"Vie Associative","article_published_time":"2026-01-22T12:17:25+00:00","og_image":[{"width":279,"height":92,"url":"https:\/\/vieassociative.be\/actualites\/wp-content\/uploads\/2024\/09\/header_backgroundk-01-e1726694325946.png","type":"image\/png"}],"author":"Julien","twitter_card":"summary_large_image","twitter_misc":{"\u00c9crit par":"Julien","Dur\u00e9e de lecture est.":"1 minute"},"schema":{"@context":"https:\/\/schema.org","@graph":[{"@type":"Article","@id":"https:\/\/vieassociative.be\/actualites\/une-bombe-aerienne-paralyse-le-centre-ville-daix-la-chapelle\/#article","isPartOf":{"@id":"https:\/\/vieassociative.be\/actualites\/une-bombe-aerienne-paralyse-le-centre-ville-daix-la-chapelle\/"},"author":{"name":"Julien","@id":"https:\/\/vieassociative.be\/actualites\/#\/schema\/person\/b87ac4f82f9d4e7b7cec7395b679edc4"},"headline":"Une bombe a\u00e9rienne paralyse le centre-ville d&rsquo;Aix-la-Chapelle","datePublished":"2026-01-22T12:17:25+00:00","dateModified":"2026-01-22T12:17:25+00:00","mainEntityOfPage":{"@id":"https:\/\/vieassociative.be\/actualites\/une-bombe-aerienne-paralyse-le-centre-ville-daix-la-chapelle\/"},"wordCount":312,"publisher":{"@id":"https:\/\/vieassociative.be\/actualites\/#organization"},"image":{"@id":"https:\/\/vieassociative.be\/actualites\/une-bombe-aerienne-paralyse-le-centre-ville-daix-la-chapelle\/#primaryimage"},"thumbnailUrl":"https:\/\/vieassociative.be\/actualites\/wp-content\/uploads\/2026\/01\/1769084247_Une-bombe-aerienne-paralyse-le-centre-ville-dAix-la-Chapelle.jpg","keywords":["a\u00e9rienne","bombe","centreville","dAixlaChapelle","paralyse","une"],"articleSection":["Belgique"],"inLanguage":"fr-BE"},{"@type":"WebPage","@id":"https:\/\/vieassociative.be\/actualites\/une-bombe-aerienne-paralyse-le-centre-ville-daix-la-chapelle\/","url":"https:\/\/vieassociative.be\/actualites\/une-bombe-aerienne-paralyse-le-centre-ville-daix-la-chapelle\/","name":"Une bombe a\u00e9rienne paralyse le centre-ville d'Aix-la-Chapelle | Vie Associative","isPartOf":{"@id":"https:\/\/vieassociative.be\/actualites\/#website"},"primaryImageOfPage":{"@id":"https:\/\/vieassociative.be\/actualites\/une-bombe-aerienne-paralyse-le-centre-ville-daix-la-chapelle\/#primaryimage"},"image":{"@id":"https:\/\/vieassociative.be\/actualites\/une-bombe-aerienne-paralyse-le-centre-ville-daix-la-chapelle\/#primaryimage"},"thumbnailUrl":"https:\/\/vieassociative.be\/actualites\/wp-content\/uploads\/2026\/01\/1769084247_Une-bombe-aerienne-paralyse-le-centre-ville-dAix-la-Chapelle.jpg","datePublished":"2026-01-22T12:17:25+00:00","dateModified":"2026-01-22T12:17:25+00:00","breadcrumb":{"@id":"https:\/\/vieassociative.be\/actualites\/une-bombe-aerienne-paralyse-le-centre-ville-daix-la-chapelle\/#breadcrumb"},"inLanguage":"fr-BE","potentialAction":[{"@type":"ReadAction","target":["https:\/\/vieassociative.be\/actualites\/une-bombe-aerienne-paralyse-le-centre-ville-daix-la-chapelle\/"]}]},{"@type":"ImageObject","inLanguage":"fr-BE","@id":"https:\/\/vieassociative.be\/actualites\/une-bombe-aerienne-paralyse-le-centre-ville-daix-la-chapelle\/#primaryimage","url":"https:\/\/vieassociative.be\/actualites\/wp-content\/uploads\/2026\/01\/1769084247_Une-bombe-aerienne-paralyse-le-centre-ville-dAix-la-Chapelle.jpg","contentUrl":"https:\/\/vieassociative.be\/actualites\/wp-content\/uploads\/2026\/01\/1769084247_Une-bombe-aerienne-paralyse-le-centre-ville-dAix-la-Chapelle.jpg","width":1200,"height":830,"caption":"Une bombe a\u00e9rienne paralyse le centre-ville d'Aix-la-Chapelle"},{"@type":"BreadcrumbList","@id":"https:\/\/vieassociative.be\/actualites\/une-bombe-aerienne-paralyse-le-centre-ville-daix-la-chapelle\/#breadcrumb","itemListElement":[{"@type":"ListItem","position":1,"name":"Accueil","item":"https:\/\/vieassociative.be\/actualites\/"},{"@type":"ListItem","position":2,"name":"Une bombe a\u00e9rienne paralyse le centre-ville d&rsquo;Aix-la-Chapelle"}]},{"@type":"WebSite","@id":"https:\/\/vieassociative.be\/actualites\/#website","url":"https:\/\/vieassociative.be\/actualites\/","name":"Vie Associative","description":"","publisher":{"@id":"https:\/\/vieassociative.be\/actualites\/#organization"},"potentialAction":[{"@type":"SearchAction","target":{"@type":"EntryPoint","urlTemplate":"https:\/\/vieassociative.be\/actualites\/?s={search_term_string}"},"query-input":{"@type":"PropertyValueSpecification","valueRequired":true,"valueName":"search_term_string"}}],"inLanguage":"fr-BE"},{"@type":"Organization","@id":"https:\/\/vieassociative.be\/actualites\/#organization","name":"Vie Associative","url":"https:\/\/vieassociative.be\/actualites\/","logo":{"@type":"ImageObject","inLanguage":"fr-BE","@id":"https:\/\/vieassociative.be\/actualites\/#\/schema\/logo\/image\/","url":"https:\/\/vieassociative.be\/actualites\/wp-content\/uploads\/2024\/09\/cropped-vieassociative_favicon.ico.png","contentUrl":"https:\/\/vieassociative.be\/actualites\/wp-content\/uploads\/2024\/09\/cropped-vieassociative_favicon.ico.png","width":512,"height":512,"caption":"Vie Associative"},"image":{"@id":"https:\/\/vieassociative.be\/actualites\/#\/schema\/logo\/image\/"}},{"@type":"Person","@id":"https:\/\/vieassociative.be\/actualites\/#\/schema\/person\/b87ac4f82f9d4e7b7cec7395b679edc4","name":"Julien","image":{"@type":"ImageObject","inLanguage":"fr-BE","@id":"https:\/\/vieassociative.be\/actualites\/#\/schema\/person\/image\/","url":"https:\/\/vieassociative.be\/actualites\/wp-content\/uploads\/2024\/09\/vie-associative-1-150x150.jpg","contentUrl":"https:\/\/vieassociative.be\/actualites\/wp-content\/uploads\/2024\/09\/vie-associative-1-150x150.jpg","caption":"Julien"},"description":"Je suis Julien, r\u00e9dacteur pour Vie Associative. Passionn\u00e9 par le monde associatif depuis plus de 10 ans, j'ai \u00e0 c\u0153ur de partager des histoires inspirantes et de mettre en lumi\u00e8re les initiatives locales. Mon objectif est de sensibiliser et d'encourager l'engagement communautaire \u00e0 travers mes articles.","sameAs":["https:\/\/vieassociative.be\/"]}]}},"_links":{"self":[{"href":"https:\/\/vieassociative.be\/actualites\/wp-json\/wp\/v2\/posts\/12312"}],"collection":[{"href":"https:\/\/vieassociative.be\/actualites\/wp-json\/wp\/v2\/posts"}],"about":[{"href":"https:\/\/vieassociative.be\/actualites\/wp-json\/wp\/v2\/types\/post"}],"author":[{"embeddable":true,"href":"https:\/\/vieassociative.be\/actualites\/wp-json\/wp\/v2\/users\/1"}],"replies":[{"embeddable":true,"href":"https:\/\/vieassociative.be\/actualites\/wp-json\/wp\/v2\/comments?post=12312"}],"version-history":[{"count":0,"href":"https:\/\/vieassociative.be\/actualites\/wp-json\/wp\/v2\/posts\/12312\/revisions"}],"wp:featuredmedia":[{"embeddable":true,"href":"https:\/\/vieassociative.be\/actualites\/wp-json\/wp\/v2\/media\/12313"}],"wp:attachment":[{"href":"https:\/\/vieassociative.be\/actualites\/wp-json\/wp\/v2\/media?parent=12312"}],"wp:term":[{"taxonomy":"category","embeddable":true,"href":"https:\/\/vieassociative.be\/actualites\/wp-json\/wp\/v2\/categories?post=12312"},{"taxonomy":"post_tag","embeddable":true,"href":"https:\/\/vieassociative.be\/actualites\/wp-json\/wp\/v2\/tags?post=12312"}],"curies":[{"name":"wp","href":"https:\/\/api.w.org\/{rel}","templated":true}]}}