{"id":12308,"date":"2026-01-22T07:18:25","date_gmt":"2026-01-22T06:18:25","guid":{"rendered":"https:\/\/vieassociative.be\/actualites\/les-lunettes-de-soleil-de-macron-declenchent-un-battage-mediatique-autour-des-modeles-de-luxe\/"},"modified":"2026-01-22T07:18:25","modified_gmt":"2026-01-22T06:18:25","slug":"les-lunettes-de-soleil-de-macron-declenchent-un-battage-mediatique-autour-des-modeles-de-luxe","status":"publish","type":"post","link":"https:\/\/vieassociative.be\/actualites\/les-lunettes-de-soleil-de-macron-declenchent-un-battage-mediatique-autour-des-modeles-de-luxe\/","title":{"rendered":"Les lunettes de soleil de Macron d\u00e9clenchent un battage m\u00e9diatique autour des mod\u00e8les de luxe"},"content":{"rendered":"<p><strong>Donald Trump se moque, mais le fabricant se frotte les mains : Le tapage autour de l&rsquo;apparition d&rsquo;Emmanuelle Macron avec des lunettes de soleil aviateur continue. Et la France se demande si Macron a l\u2019air cool ou fou avec des lunettes.<\/strong><\/p>\n<p><span id=\"more-434256\"><\/span>Le chef de l&rsquo;\u00c9tat fran\u00e7ais Emmanuel Macron a \u00e9t\u00e9 ridiculis\u00e9 par le pr\u00e9sident am\u00e9ricain Donald Trump avec ses lunettes de soleil port\u00e9es au pupitre du Forum \u00e9conomique mondial. De nombreux journaux ont cependant publi\u00e9 en premi\u00e8re page une photo de Macron portant des lunettes de soleil d&rsquo;aviateur &#8211; qu&rsquo;il portait en raison d&rsquo;une infection oculaire. Et le petit fabricant fran\u00e7ais de lunettes de luxe ne peut gu\u00e8re \u00e9chapper aux enqu\u00eates. La boutique en ligne de la marque Henry Jullien n&rsquo;\u00e9tait momentan\u00e9ment plus accessible du tout.<\/p>\n<p>\u00ab\u00a0Nos amis et clients ont commenc\u00e9 \u00e0 nous demander si ce sont nos lunettes, cela nous rend vraiment fiers\u00a0\u00bb, a d\u00e9clar\u00e9 Stefano Fulchir, patron d&rsquo;iVision Tech, la soci\u00e9t\u00e9 m\u00e8re italienne de la marque de lunettes, \u00e0 la cha\u00eene RTL. Des centaines de courriels et de demandes de renseignements ont d\u00e9j\u00e0 \u00e9t\u00e9 re\u00e7us.<\/p>\n<div id=\"attachment_434264\" class=\"wp-caption alignleft\" style=\"max-width: 300px\"><img fetchpriority=\"high\" decoding=\"async\" class=\"wp-image-434264 size-medium\" src=\"https:\/\/vieassociative.be\/actualites\/wp-content\/uploads\/2026\/01\/Les-lunettes-de-soleil-de-Macron-declenchent-un-battage-mediatique.jpg\" alt=\"\" width=\"300\" height=\"200\"><\/div>\n<p>\u00ab\u00a0En moyenne, nous produisons 100 de ces mod\u00e8les Pacific par an, mais \u00e9tant donn\u00e9 l&rsquo;attention qu&rsquo;ils re\u00e7oivent, nous devrons peut-\u00eatre en produire 1 000 cette ann\u00e9e. Nous avons d\u00e9j\u00e0 des clients qui demandent le m\u00eame mod\u00e8le\u00a0\u00bb, a d\u00e9clar\u00e9 Fulchir. La marque Henry Jullien fait d\u00e9j\u00e0 la promotion du mod\u00e8le sur Instagram avec une photo montrant Macron portant les lunettes \u00e0 Davos, au prix de 659 euros.<\/p>\n<p><strong>\u2013 Trump se moque des \u00ab jolies lunettes de soleil \u00bb :<\/strong> \u00ab\u00a0Je l&rsquo;ai vu hier avec ces magnifiques lunettes de soleil. Que s&rsquo;est-il pass\u00e9 ?\u00a0\u00bb a d\u00e9clar\u00e9 Trump dans son discours \u00e0 Davos \u00e0 propos de l&rsquo;apparition de Macron la veille avec les lunettes. Certaines personnes en France ont plaisant\u00e9 en disant que Macron voulait ressembler \u00e0 Tom Cruise, qui portait des lunettes similaires dans le film \u00ab Top Gun \u00bb.<\/p>\n<p>Le journal \u00ab Le Figaro \u00bb, qui a fourni des informations d\u00e9taill\u00e9es sur le mod\u00e8le de lunettes de Macron, a \u00e9galement re\u00e7u des commentaires critiques. \u00ab\u00a0Non, pour qui se prend-il ? Il a l&rsquo;air compl\u00e8tement fou\u00a0\u00bb, a r\u00e9agi un lecteur. \u00ab\u00a0Les lunettes ne font pas un grand homme\u00a0\u00bb, a d\u00e9clar\u00e9 un autre. \u00ab Esp\u00e8re-t-il retrouver une notori\u00e9t\u00e9 internationale en jouant le clown ? \u00bb a demand\u00e9 un autre lecteur. Il a \u00e9galement \u00e9t\u00e9 sugg\u00e9r\u00e9 que Macron aurait d\u00fb porter un cache-\u0153il. (dpa)<\/p>\n","protected":false},"excerpt":{"rendered":"<p>Donald Trump se moque, mais le fabricant se frotte les mains : Le tapage autour de l&rsquo;apparition d&rsquo;Emmanuelle Macron avec des lunettes de soleil aviateur<\/p>\n","protected":false},"author":1,"featured_media":12309,"comment_status":"","ping_status":"","sticky":false,"template":"","format":"standard","meta":{"footnotes":""},"categories":[298],"tags":[618,1186,5009,29,14,3912,7476,3988,1187,2232,5635],"class_list":["post-12308","post","type-post","status-publish","format-standard","has-post-thumbnail","hentry","category-belgique","tag-autour","tag-battage","tag-declenchent","tag-des","tag-les","tag-lunettes","tag-luxe","tag-macron","tag-mediatique","tag-modeles","tag-soleil","generate-columns","tablet-grid-50","mobile-grid-100","grid-parent","grid-33"],"yoast_head":"<!-- This site is optimized with the Yoast SEO plugin v24.0 - https:\/\/yoast.com\/wordpress\/plugins\/seo\/ -->\n<title>Les lunettes de soleil de Macron d\u00e9clenchent un battage m\u00e9diatique autour des mod\u00e8les de luxe | Vie Associative<\/title>\n<meta name=\"robots\" content=\"index, follow, max-snippet:-1, max-image-preview:large, max-video-preview:-1\" \/>\n<link rel=\"canonical\" href=\"https:\/\/vieassociative.be\/actualites\/les-lunettes-de-soleil-de-macron-declenchent-un-battage-mediatique-autour-des-modeles-de-luxe\/\" \/>\n<meta property=\"og:locale\" content=\"fr_FR\" \/>\n<meta property=\"og:type\" content=\"article\" \/>\n<meta property=\"og:title\" content=\"Les lunettes de soleil de Macron d\u00e9clenchent un battage m\u00e9diatique autour des mod\u00e8les de luxe | Vie Associative\" \/>\n<meta property=\"og:description\" content=\"Donald Trump se moque, mais le fabricant se frotte les mains : Le tapage autour de l&rsquo;apparition d&rsquo;Emmanuelle Macron avec des lunettes de soleil aviateur\" \/>\n<meta property=\"og:url\" content=\"https:\/\/vieassociative.be\/actualites\/les-lunettes-de-soleil-de-macron-declenchent-un-battage-mediatique-autour-des-modeles-de-luxe\/\" \/>\n<meta property=\"og:site_name\" content=\"Vie Associative\" \/>\n<meta property=\"article:published_time\" content=\"2026-01-22T06:18:25+00:00\" \/>\n<meta property=\"og:image\" content=\"https:\/\/vieassociative.be\/actualites\/wp-content\/uploads\/2024\/09\/header_backgroundk-01-e1726694325946.png\" \/>\n\t<meta property=\"og:image:width\" content=\"279\" \/>\n\t<meta property=\"og:image:height\" content=\"92\" \/>\n\t<meta property=\"og:image:type\" content=\"image\/png\" \/>\n<meta name=\"author\" content=\"Julien\" \/>\n<meta name=\"twitter:card\" content=\"summary_large_image\" \/>\n<meta name=\"twitter:label1\" content=\"\u00c9crit par\" \/>\n\t<meta name=\"twitter:data1\" content=\"Julien\" \/>\n\t<meta name=\"twitter:label2\" content=\"Dur\u00e9e de lecture est.\" \/>\n\t<meta name=\"twitter:data2\" content=\"2 minutes\" \/>\n<script type=\"application\/ld+json\" class=\"yoast-schema-graph\">{\"@context\":\"https:\/\/schema.org\",\"@graph\":[{\"@type\":\"Article\",\"@id\":\"https:\/\/vieassociative.be\/actualites\/les-lunettes-de-soleil-de-macron-declenchent-un-battage-mediatique-autour-des-modeles-de-luxe\/#article\",\"isPartOf\":{\"@id\":\"https:\/\/vieassociative.be\/actualites\/les-lunettes-de-soleil-de-macron-declenchent-un-battage-mediatique-autour-des-modeles-de-luxe\/\"},\"author\":{\"name\":\"Julien\",\"@id\":\"https:\/\/vieassociative.be\/actualites\/#\/schema\/person\/b87ac4f82f9d4e7b7cec7395b679edc4\"},\"headline\":\"Les lunettes de soleil de Macron d\u00e9clenchent un battage m\u00e9diatique autour des mod\u00e8les de luxe\",\"datePublished\":\"2026-01-22T06:18:25+00:00\",\"dateModified\":\"2026-01-22T06:18:25+00:00\",\"mainEntityOfPage\":{\"@id\":\"https:\/\/vieassociative.be\/actualites\/les-lunettes-de-soleil-de-macron-declenchent-un-battage-mediatique-autour-des-modeles-de-luxe\/\"},\"wordCount\":444,\"publisher\":{\"@id\":\"https:\/\/vieassociative.be\/actualites\/#organization\"},\"image\":{\"@id\":\"https:\/\/vieassociative.be\/actualites\/les-lunettes-de-soleil-de-macron-declenchent-un-battage-mediatique-autour-des-modeles-de-luxe\/#primaryimage\"},\"thumbnailUrl\":\"https:\/\/vieassociative.be\/actualites\/wp-content\/uploads\/2026\/01\/1769062706_Les-lunettes-de-soleil-de-Macron-declenchent-un-battage-mediatique.jpg\",\"keywords\":[\"Autour\",\"battage\",\"d\u00e9clenchent\",\"Des\",\"Les\",\"lunettes\",\"luxe\",\"Macron\",\"m\u00e9diatique\",\"mod\u00e8les\",\"soleil\"],\"articleSection\":[\"Belgique\"],\"inLanguage\":\"fr-BE\"},{\"@type\":\"WebPage\",\"@id\":\"https:\/\/vieassociative.be\/actualites\/les-lunettes-de-soleil-de-macron-declenchent-un-battage-mediatique-autour-des-modeles-de-luxe\/\",\"url\":\"https:\/\/vieassociative.be\/actualites\/les-lunettes-de-soleil-de-macron-declenchent-un-battage-mediatique-autour-des-modeles-de-luxe\/\",\"name\":\"Les lunettes de soleil de Macron d\u00e9clenchent un battage m\u00e9diatique autour des mod\u00e8les de luxe | Vie Associative\",\"isPartOf\":{\"@id\":\"https:\/\/vieassociative.be\/actualites\/#website\"},\"primaryImageOfPage\":{\"@id\":\"https:\/\/vieassociative.be\/actualites\/les-lunettes-de-soleil-de-macron-declenchent-un-battage-mediatique-autour-des-modeles-de-luxe\/#primaryimage\"},\"image\":{\"@id\":\"https:\/\/vieassociative.be\/actualites\/les-lunettes-de-soleil-de-macron-declenchent-un-battage-mediatique-autour-des-modeles-de-luxe\/#primaryimage\"},\"thumbnailUrl\":\"https:\/\/vieassociative.be\/actualites\/wp-content\/uploads\/2026\/01\/1769062706_Les-lunettes-de-soleil-de-Macron-declenchent-un-battage-mediatique.jpg\",\"datePublished\":\"2026-01-22T06:18:25+00:00\",\"dateModified\":\"2026-01-22T06:18:25+00:00\",\"breadcrumb\":{\"@id\":\"https:\/\/vieassociative.be\/actualites\/les-lunettes-de-soleil-de-macron-declenchent-un-battage-mediatique-autour-des-modeles-de-luxe\/#breadcrumb\"},\"inLanguage\":\"fr-BE\",\"potentialAction\":[{\"@type\":\"ReadAction\",\"target\":[\"https:\/\/vieassociative.be\/actualites\/les-lunettes-de-soleil-de-macron-declenchent-un-battage-mediatique-autour-des-modeles-de-luxe\/\"]}]},{\"@type\":\"ImageObject\",\"inLanguage\":\"fr-BE\",\"@id\":\"https:\/\/vieassociative.be\/actualites\/les-lunettes-de-soleil-de-macron-declenchent-un-battage-mediatique-autour-des-modeles-de-luxe\/#primaryimage\",\"url\":\"https:\/\/vieassociative.be\/actualites\/wp-content\/uploads\/2026\/01\/1769062706_Les-lunettes-de-soleil-de-Macron-declenchent-un-battage-mediatique.jpg\",\"contentUrl\":\"https:\/\/vieassociative.be\/actualites\/wp-content\/uploads\/2026\/01\/1769062706_Les-lunettes-de-soleil-de-Macron-declenchent-un-battage-mediatique.jpg\",\"width\":1200,\"height\":800,\"caption\":\"Les lunettes de soleil de Macron d\u00e9clenchent un battage m\u00e9diatique autour des mod\u00e8les de luxe\"},{\"@type\":\"BreadcrumbList\",\"@id\":\"https:\/\/vieassociative.be\/actualites\/les-lunettes-de-soleil-de-macron-declenchent-un-battage-mediatique-autour-des-modeles-de-luxe\/#breadcrumb\",\"itemListElement\":[{\"@type\":\"ListItem\",\"position\":1,\"name\":\"Accueil\",\"item\":\"https:\/\/vieassociative.be\/actualites\/\"},{\"@type\":\"ListItem\",\"position\":2,\"name\":\"Les lunettes de soleil de Macron d\u00e9clenchent un battage m\u00e9diatique autour des mod\u00e8les de luxe\"}]},{\"@type\":\"WebSite\",\"@id\":\"https:\/\/vieassociative.be\/actualites\/#website\",\"url\":\"https:\/\/vieassociative.be\/actualites\/\",\"name\":\"Vie Associative\",\"description\":\"\",\"publisher\":{\"@id\":\"https:\/\/vieassociative.be\/actualites\/#organization\"},\"potentialAction\":[{\"@type\":\"SearchAction\",\"target\":{\"@type\":\"EntryPoint\",\"urlTemplate\":\"https:\/\/vieassociative.be\/actualites\/?s={search_term_string}\"},\"query-input\":{\"@type\":\"PropertyValueSpecification\",\"valueRequired\":true,\"valueName\":\"search_term_string\"}}],\"inLanguage\":\"fr-BE\"},{\"@type\":\"Organization\",\"@id\":\"https:\/\/vieassociative.be\/actualites\/#organization\",\"name\":\"Vie Associative\",\"url\":\"https:\/\/vieassociative.be\/actualites\/\",\"logo\":{\"@type\":\"ImageObject\",\"inLanguage\":\"fr-BE\",\"@id\":\"https:\/\/vieassociative.be\/actualites\/#\/schema\/logo\/image\/\",\"url\":\"https:\/\/vieassociative.be\/actualites\/wp-content\/uploads\/2024\/09\/cropped-vieassociative_favicon.ico.png\",\"contentUrl\":\"https:\/\/vieassociative.be\/actualites\/wp-content\/uploads\/2024\/09\/cropped-vieassociative_favicon.ico.png\",\"width\":512,\"height\":512,\"caption\":\"Vie Associative\"},\"image\":{\"@id\":\"https:\/\/vieassociative.be\/actualites\/#\/schema\/logo\/image\/\"}},{\"@type\":\"Person\",\"@id\":\"https:\/\/vieassociative.be\/actualites\/#\/schema\/person\/b87ac4f82f9d4e7b7cec7395b679edc4\",\"name\":\"Julien\",\"image\":{\"@type\":\"ImageObject\",\"inLanguage\":\"fr-BE\",\"@id\":\"https:\/\/vieassociative.be\/actualites\/#\/schema\/person\/image\/\",\"url\":\"https:\/\/vieassociative.be\/actualites\/wp-content\/uploads\/2024\/09\/vie-associative-1-150x150.jpg\",\"contentUrl\":\"https:\/\/vieassociative.be\/actualites\/wp-content\/uploads\/2024\/09\/vie-associative-1-150x150.jpg\",\"caption\":\"Julien\"},\"description\":\"Je suis Julien, r\u00e9dacteur pour Vie Associative. Passionn\u00e9 par le monde associatif depuis plus de 10 ans, j'ai \u00e0 c\u0153ur de partager des histoires inspirantes et de mettre en lumi\u00e8re les initiatives locales. Mon objectif est de sensibiliser et d'encourager l'engagement communautaire \u00e0 travers mes articles.\",\"sameAs\":[\"https:\/\/vieassociative.be\/\"]}]}<\/script>\n<!-- \/ Yoast SEO plugin. -->","yoast_head_json":{"title":"Les lunettes de soleil de Macron d\u00e9clenchent un battage m\u00e9diatique autour des mod\u00e8les de luxe | Vie Associative","robots":{"index":"index","follow":"follow","max-snippet":"max-snippet:-1","max-image-preview":"max-image-preview:large","max-video-preview":"max-video-preview:-1"},"canonical":"https:\/\/vieassociative.be\/actualites\/les-lunettes-de-soleil-de-macron-declenchent-un-battage-mediatique-autour-des-modeles-de-luxe\/","og_locale":"fr_FR","og_type":"article","og_title":"Les lunettes de soleil de Macron d\u00e9clenchent un battage m\u00e9diatique autour des mod\u00e8les de luxe | Vie Associative","og_description":"Donald Trump se moque, mais le fabricant se frotte les mains : Le tapage autour de l&rsquo;apparition d&rsquo;Emmanuelle Macron avec des lunettes de soleil aviateur","og_url":"https:\/\/vieassociative.be\/actualites\/les-lunettes-de-soleil-de-macron-declenchent-un-battage-mediatique-autour-des-modeles-de-luxe\/","og_site_name":"Vie Associative","article_published_time":"2026-01-22T06:18:25+00:00","og_image":[{"width":279,"height":92,"url":"https:\/\/vieassociative.be\/actualites\/wp-content\/uploads\/2024\/09\/header_backgroundk-01-e1726694325946.png","type":"image\/png"}],"author":"Julien","twitter_card":"summary_large_image","twitter_misc":{"\u00c9crit par":"Julien","Dur\u00e9e de lecture est.":"2 minutes"},"schema":{"@context":"https:\/\/schema.org","@graph":[{"@type":"Article","@id":"https:\/\/vieassociative.be\/actualites\/les-lunettes-de-soleil-de-macron-declenchent-un-battage-mediatique-autour-des-modeles-de-luxe\/#article","isPartOf":{"@id":"https:\/\/vieassociative.be\/actualites\/les-lunettes-de-soleil-de-macron-declenchent-un-battage-mediatique-autour-des-modeles-de-luxe\/"},"author":{"name":"Julien","@id":"https:\/\/vieassociative.be\/actualites\/#\/schema\/person\/b87ac4f82f9d4e7b7cec7395b679edc4"},"headline":"Les lunettes de soleil de Macron d\u00e9clenchent un battage m\u00e9diatique autour des mod\u00e8les de luxe","datePublished":"2026-01-22T06:18:25+00:00","dateModified":"2026-01-22T06:18:25+00:00","mainEntityOfPage":{"@id":"https:\/\/vieassociative.be\/actualites\/les-lunettes-de-soleil-de-macron-declenchent-un-battage-mediatique-autour-des-modeles-de-luxe\/"},"wordCount":444,"publisher":{"@id":"https:\/\/vieassociative.be\/actualites\/#organization"},"image":{"@id":"https:\/\/vieassociative.be\/actualites\/les-lunettes-de-soleil-de-macron-declenchent-un-battage-mediatique-autour-des-modeles-de-luxe\/#primaryimage"},"thumbnailUrl":"https:\/\/vieassociative.be\/actualites\/wp-content\/uploads\/2026\/01\/1769062706_Les-lunettes-de-soleil-de-Macron-declenchent-un-battage-mediatique.jpg","keywords":["Autour","battage","d\u00e9clenchent","Des","Les","lunettes","luxe","Macron","m\u00e9diatique","mod\u00e8les","soleil"],"articleSection":["Belgique"],"inLanguage":"fr-BE"},{"@type":"WebPage","@id":"https:\/\/vieassociative.be\/actualites\/les-lunettes-de-soleil-de-macron-declenchent-un-battage-mediatique-autour-des-modeles-de-luxe\/","url":"https:\/\/vieassociative.be\/actualites\/les-lunettes-de-soleil-de-macron-declenchent-un-battage-mediatique-autour-des-modeles-de-luxe\/","name":"Les lunettes de soleil de Macron d\u00e9clenchent un battage m\u00e9diatique autour des mod\u00e8les de luxe | Vie Associative","isPartOf":{"@id":"https:\/\/vieassociative.be\/actualites\/#website"},"primaryImageOfPage":{"@id":"https:\/\/vieassociative.be\/actualites\/les-lunettes-de-soleil-de-macron-declenchent-un-battage-mediatique-autour-des-modeles-de-luxe\/#primaryimage"},"image":{"@id":"https:\/\/vieassociative.be\/actualites\/les-lunettes-de-soleil-de-macron-declenchent-un-battage-mediatique-autour-des-modeles-de-luxe\/#primaryimage"},"thumbnailUrl":"https:\/\/vieassociative.be\/actualites\/wp-content\/uploads\/2026\/01\/1769062706_Les-lunettes-de-soleil-de-Macron-declenchent-un-battage-mediatique.jpg","datePublished":"2026-01-22T06:18:25+00:00","dateModified":"2026-01-22T06:18:25+00:00","breadcrumb":{"@id":"https:\/\/vieassociative.be\/actualites\/les-lunettes-de-soleil-de-macron-declenchent-un-battage-mediatique-autour-des-modeles-de-luxe\/#breadcrumb"},"inLanguage":"fr-BE","potentialAction":[{"@type":"ReadAction","target":["https:\/\/vieassociative.be\/actualites\/les-lunettes-de-soleil-de-macron-declenchent-un-battage-mediatique-autour-des-modeles-de-luxe\/"]}]},{"@type":"ImageObject","inLanguage":"fr-BE","@id":"https:\/\/vieassociative.be\/actualites\/les-lunettes-de-soleil-de-macron-declenchent-un-battage-mediatique-autour-des-modeles-de-luxe\/#primaryimage","url":"https:\/\/vieassociative.be\/actualites\/wp-content\/uploads\/2026\/01\/1769062706_Les-lunettes-de-soleil-de-Macron-declenchent-un-battage-mediatique.jpg","contentUrl":"https:\/\/vieassociative.be\/actualites\/wp-content\/uploads\/2026\/01\/1769062706_Les-lunettes-de-soleil-de-Macron-declenchent-un-battage-mediatique.jpg","width":1200,"height":800,"caption":"Les lunettes de soleil de Macron d\u00e9clenchent un battage m\u00e9diatique autour des mod\u00e8les de luxe"},{"@type":"BreadcrumbList","@id":"https:\/\/vieassociative.be\/actualites\/les-lunettes-de-soleil-de-macron-declenchent-un-battage-mediatique-autour-des-modeles-de-luxe\/#breadcrumb","itemListElement":[{"@type":"ListItem","position":1,"name":"Accueil","item":"https:\/\/vieassociative.be\/actualites\/"},{"@type":"ListItem","position":2,"name":"Les lunettes de soleil de Macron d\u00e9clenchent un battage m\u00e9diatique autour des mod\u00e8les de luxe"}]},{"@type":"WebSite","@id":"https:\/\/vieassociative.be\/actualites\/#website","url":"https:\/\/vieassociative.be\/actualites\/","name":"Vie Associative","description":"","publisher":{"@id":"https:\/\/vieassociative.be\/actualites\/#organization"},"potentialAction":[{"@type":"SearchAction","target":{"@type":"EntryPoint","urlTemplate":"https:\/\/vieassociative.be\/actualites\/?s={search_term_string}"},"query-input":{"@type":"PropertyValueSpecification","valueRequired":true,"valueName":"search_term_string"}}],"inLanguage":"fr-BE"},{"@type":"Organization","@id":"https:\/\/vieassociative.be\/actualites\/#organization","name":"Vie Associative","url":"https:\/\/vieassociative.be\/actualites\/","logo":{"@type":"ImageObject","inLanguage":"fr-BE","@id":"https:\/\/vieassociative.be\/actualites\/#\/schema\/logo\/image\/","url":"https:\/\/vieassociative.be\/actualites\/wp-content\/uploads\/2024\/09\/cropped-vieassociative_favicon.ico.png","contentUrl":"https:\/\/vieassociative.be\/actualites\/wp-content\/uploads\/2024\/09\/cropped-vieassociative_favicon.ico.png","width":512,"height":512,"caption":"Vie Associative"},"image":{"@id":"https:\/\/vieassociative.be\/actualites\/#\/schema\/logo\/image\/"}},{"@type":"Person","@id":"https:\/\/vieassociative.be\/actualites\/#\/schema\/person\/b87ac4f82f9d4e7b7cec7395b679edc4","name":"Julien","image":{"@type":"ImageObject","inLanguage":"fr-BE","@id":"https:\/\/vieassociative.be\/actualites\/#\/schema\/person\/image\/","url":"https:\/\/vieassociative.be\/actualites\/wp-content\/uploads\/2024\/09\/vie-associative-1-150x150.jpg","contentUrl":"https:\/\/vieassociative.be\/actualites\/wp-content\/uploads\/2024\/09\/vie-associative-1-150x150.jpg","caption":"Julien"},"description":"Je suis Julien, r\u00e9dacteur pour Vie Associative. Passionn\u00e9 par le monde associatif depuis plus de 10 ans, j'ai \u00e0 c\u0153ur de partager des histoires inspirantes et de mettre en lumi\u00e8re les initiatives locales. Mon objectif est de sensibiliser et d'encourager l'engagement communautaire \u00e0 travers mes articles.","sameAs":["https:\/\/vieassociative.be\/"]}]}},"_links":{"self":[{"href":"https:\/\/vieassociative.be\/actualites\/wp-json\/wp\/v2\/posts\/12308"}],"collection":[{"href":"https:\/\/vieassociative.be\/actualites\/wp-json\/wp\/v2\/posts"}],"about":[{"href":"https:\/\/vieassociative.be\/actualites\/wp-json\/wp\/v2\/types\/post"}],"author":[{"embeddable":true,"href":"https:\/\/vieassociative.be\/actualites\/wp-json\/wp\/v2\/users\/1"}],"replies":[{"embeddable":true,"href":"https:\/\/vieassociative.be\/actualites\/wp-json\/wp\/v2\/comments?post=12308"}],"version-history":[{"count":0,"href":"https:\/\/vieassociative.be\/actualites\/wp-json\/wp\/v2\/posts\/12308\/revisions"}],"wp:featuredmedia":[{"embeddable":true,"href":"https:\/\/vieassociative.be\/actualites\/wp-json\/wp\/v2\/media\/12309"}],"wp:attachment":[{"href":"https:\/\/vieassociative.be\/actualites\/wp-json\/wp\/v2\/media?parent=12308"}],"wp:term":[{"taxonomy":"category","embeddable":true,"href":"https:\/\/vieassociative.be\/actualites\/wp-json\/wp\/v2\/categories?post=12308"},{"taxonomy":"post_tag","embeddable":true,"href":"https:\/\/vieassociative.be\/actualites\/wp-json\/wp\/v2\/tags?post=12308"}],"curies":[{"name":"wp","href":"https:\/\/api.w.org\/{rel}","templated":true}]}}