{"id":12304,"date":"2026-01-22T01:17:24","date_gmt":"2026-01-22T00:17:24","guid":{"rendered":"https:\/\/vieassociative.be\/actualites\/lunion-saint-gilloise-ne-peut-tenir-le-rythme-que-pendant-une-mi-temps-deux-buts-de-kane-lors-de-la-victoire-2-0-du-fc-bayern\/"},"modified":"2026-01-22T01:17:24","modified_gmt":"2026-01-22T00:17:24","slug":"lunion-saint-gilloise-ne-peut-tenir-le-rythme-que-pendant-une-mi-temps-deux-buts-de-kane-lors-de-la-victoire-2-0-du-fc-bayern","status":"publish","type":"post","link":"https:\/\/vieassociative.be\/actualites\/lunion-saint-gilloise-ne-peut-tenir-le-rythme-que-pendant-une-mi-temps-deux-buts-de-kane-lors-de-la-victoire-2-0-du-fc-bayern\/","title":{"rendered":"L&rsquo;Union Saint-Gilloise ne peut tenir le rythme que pendant une mi-temps &#8211; deux buts de Kane lors de la victoire 2-0 du FC Bayern"},"content":{"rendered":"<p><strong>Comme pr\u00e9vu, il n&rsquo;y avait rien \u00e0 gagner pour la Royale Union Saint-Gilloise \u00e0 l&rsquo;Allianz Arena de Munich. Le champion national belge n&rsquo;a pu tenir t\u00eate au FC Bayern que pendant une mi-temps. Une t\u00eate et un penalty de Harry Kane en d\u00e9but de seconde p\u00e9riode ont \u00e9t\u00e9 le facteur d\u00e9cisif dans la victoire 2-0 de l&rsquo;\u00e9quipe dirig\u00e9e par l&rsquo;entra\u00eeneur Vincent Kompany.<\/strong><\/p>\n<p><span id=\"more-434271\"><\/span>Gr\u00e2ce \u00e0 l&rsquo;attaquant Harry Kane, le FC Bayern Munich a marqu\u00e9 plus t\u00f4t que pr\u00e9vu son premier but en Ligue des champions. L&rsquo;Anglais a men\u00e9 les champions allemands de football \u00e0 une victoire 2-0 (0-0) contre les champions de Belgique, la Royale Union Saint-Gilloise, gr\u00e2ce \u00e0 un double but aux 52e et 55e minutes. <\/p>\n<p>Kane, infaillible en cat\u00e9gorie reine sous le maillot du Bayern jusqu&rsquo;\u00e0 mercredi soir, a tir\u00e9 un nouveau penalty sur la barre transversale (81e).<\/p>\n<div id=\"attachment_434279\" class=\"wp-caption alignleft\" style=\"max-width: 300px\"><img fetchpriority=\"high\" decoding=\"async\" class=\"wp-image-434279 size-medium\" src=\"https:\/\/vieassociative.be\/actualites\/wp-content\/uploads\/2026\/01\/LUnion-Saint-Gilloise-ne-peut-tenir-le-rythme-que-pendant-une.jpg\" alt=\"\" width=\"300\" height=\"200\"><\/div>\n<p>Apr\u00e8s sa sixi\u00e8me victoire lors du septi\u00e8me tour pr\u00e9liminaire, le Bayern est d\u00e9j\u00e0 en huiti\u00e8mes de finale avant le dernier match mercredi prochain aux Pays-Bas contre le PSV Eindhoven. Kane n&rsquo;a marqu\u00e9 de la t\u00eate qu&rsquo;apr\u00e8s un corner de Michael Olise. Et puis il a lui-m\u00eame tir\u00e9 le penalty, qu&rsquo;il a enfonc\u00e9 avec confiance dans le coin droit, comme d&rsquo;habitude. Kane compte d\u00e9sormais 34 buts en 29 matchs de comp\u00e9tition cette saison.<\/p>\n<p><strong>\u2013 Expulsion pour Kim :<\/strong> Huit minutes seulement apr\u00e8s le double but du 2-0, la d\u00e9fenseure Minjae Kim a \u00e9t\u00e9 montr\u00e9e en jaune-rouge pour jeu d\u00e9loyal r\u00e9p\u00e9t\u00e9, ce qui signifie que le Bayern a d\u00fb tenir bon pour la victoire \u00e0 domicile alors qu&rsquo;il \u00e9tait en inf\u00e9riorit\u00e9 num\u00e9rique. Mais ils ont r\u00e9ussi \u00e0 le faire r\u00e9guli\u00e8rement. En plus de Kane, Olise a \u00e9galement eu la chance de porter le score \u00e0 3-0.<\/p>\n<p>Ce n&rsquo;est pas \u00e0 cause de l&rsquo;atmosph\u00e8re inhabituelle qui r\u00e9gnait \u00e0 l&rsquo;Allianz Arena que la machine \u00e0 buts munichoise n&rsquo;a pas fonctionn\u00e9 pendant longtemps. Tout le niveau inf\u00e9rieur de la courbe sud, o\u00f9 chantent habituellement les supporters les plus fid\u00e8les du Bayern, \u00e9tait vide en raison d&rsquo;une p\u00e9nalit\u00e9 pyrotechnique de l&rsquo;UEFA.<\/p>\n<p>Le soutien \u00e9tait donc plus faible et moins bruyant. \u00ab\u00a0J&rsquo;esp\u00e8re que cela n&rsquo;arrivera pas souvent, les supporters sont importants pour nous\u00a0\u00bb, a d\u00e9clar\u00e9 Kompany \u00e0 propos de l&rsquo;exclusion de plus de 9 000 supporters des tribunes.<\/p>\n<\/p>\n<div id=\"attachment_434280\" class=\"wp-caption alignnone\" style=\"max-width: 300px\"><img decoding=\"async\" src=\"https:\/\/vieassociative.be\/actualites\/wp-content\/uploads\/2026\/01\/1769041044_34_LUnion-Saint-Gilloise-ne-peut-tenir-le-rythme-que-pendant-une.jpg\" alt=\"\" width=\"300\" height=\"200\" class=\"size-medium wp-image-434280\"><\/div>\n<p>Les seuls 66 000 spectateurs pr\u00e9sents dans le stade ont cette fois vu une \u00e9quipe du Bayern qui a connu des moments \u00e9tonnamment difficiles face aux champions de Belgique en titre, serr\u00e9s et bien organis\u00e9s. Il n&rsquo;y avait pratiquement aucune lacune pour l&rsquo;offensive de Munich. L&rsquo;excellent pr\u00e9parateur de buts Olise \u00e9tait g\u00e9n\u00e9ralement doubl\u00e9 par l&rsquo;adversaire sur l&rsquo;aile.<\/p>\n<p><strong>\u2013 Apr\u00e8s la pause, Kane c\u00e9l\u00e8bre :<\/strong> Rapha\u00ebl Guerreiro se procurait la meilleure occasion avant la pause avec une t\u00eate sur corner de Joshua Kimmich. Mais le ballon a d\u00e9pass\u00e9 le but. Kane se cachait derri\u00e8re Guerreiro, qui \u00e9tait ennuy\u00e9 de ne pas avoir r\u00e9ussi \u00e0 diriger le ballon. Apr\u00e8s la pause, le m\u00eame corner portait le score \u00e0 1-0.<\/p>\n<p>L&rsquo;outsider bruxellois a r\u00e9alis\u00e9 ce qu&rsquo;avait annonc\u00e9 l&rsquo;entra\u00eeneur de l&rsquo;Union, David Hubert : \u00ab\u00a0Nous avons une immense envie de d\u00e9fier le Bayern.\u00a0\u00bb<\/p>\n<p>Son \u00e9quipe y est parvenue avec beaucoup d\u2019efforts \u2013 et avec le courage n\u00e9cessaire. Et les invit\u00e9s ont m\u00eame eu une belle occasion de porter le score \u00e0 1-0. Mais le capitaine du Bayern, Manuel Neuer, a par\u00e9 d&rsquo;un r\u00e9flexe une t\u00eate du grand avant-centre Promise David (29e). Apr\u00e8s la pause, c&rsquo;est Kane qui est devenu l&rsquo;homme de la soir\u00e9e, m\u00eame s&rsquo;il n&rsquo;a pas r\u00e9ussi \u00e0 convertir le deuxi\u00e8me penalty. <\/p>\n<p>Au classement de la phase de championnat de la Ligue des Champions, l&rsquo;Union Saint-Gilloise occupe la 31e place et n&rsquo;a donc que des chances th\u00e9oriques de place en barrages pour les huiti\u00e8mes de finale (places 9-24) avant le dernier match contre l&rsquo;Atalanta Bergame. Le FC Bruges occupe la 27\u00e8me place et accueillera l&rsquo;\u00e9quipe de l&rsquo;Olympique de Marseille lors de la derni\u00e8re journ\u00e9e. (dpa\/cr\u00e9)<\/p>\n","protected":false},"excerpt":{"rendered":"<p>Comme pr\u00e9vu, il n&rsquo;y avait rien \u00e0 gagner pour la Royale Union Saint-Gilloise \u00e0 l&rsquo;Allianz Arena de Munich. Le champion national belge n&rsquo;a pu tenir<\/p>\n","protected":false},"author":1,"featured_media":12305,"comment_status":"","ping_status":"","sticky":false,"template":"","format":"standard","meta":{"footnotes":""},"categories":[298],"tags":[2298,3241,114,3418,353,1143,9084,198,22,5062,2502,5639,110,784],"class_list":["post-12304","post","type-post","status-publish","format-standard","has-post-thumbnail","hentry","category-belgique","tag-bayern","tag-buts","tag-deux","tag-kane","tag-lors","tag-lunion","tag-mitemps","tag-pendant","tag-peut","tag-rythme","tag-saintgilloise","tag-tenir","tag-une","tag-victoire","generate-columns","tablet-grid-50","mobile-grid-100","grid-parent","grid-33"],"yoast_head":"<!-- This site is optimized with the Yoast SEO plugin v24.0 - https:\/\/yoast.com\/wordpress\/plugins\/seo\/ -->\n<title>L&#039;Union Saint-Gilloise ne peut tenir le rythme que pendant une mi-temps - deux buts de Kane lors de la victoire 2-0 du FC Bayern | Vie Associative<\/title>\n<meta name=\"robots\" content=\"index, follow, max-snippet:-1, max-image-preview:large, max-video-preview:-1\" \/>\n<link rel=\"canonical\" href=\"https:\/\/vieassociative.be\/actualites\/lunion-saint-gilloise-ne-peut-tenir-le-rythme-que-pendant-une-mi-temps-deux-buts-de-kane-lors-de-la-victoire-2-0-du-fc-bayern\/\" \/>\n<meta property=\"og:locale\" content=\"fr_FR\" \/>\n<meta property=\"og:type\" content=\"article\" \/>\n<meta property=\"og:title\" content=\"L&#039;Union Saint-Gilloise ne peut tenir le rythme que pendant une mi-temps - deux buts de Kane lors de la victoire 2-0 du FC Bayern | Vie Associative\" \/>\n<meta property=\"og:description\" content=\"Comme pr\u00e9vu, il n&rsquo;y avait rien \u00e0 gagner pour la Royale Union Saint-Gilloise \u00e0 l&rsquo;Allianz Arena de Munich. Le champion national belge n&rsquo;a pu tenir\" \/>\n<meta property=\"og:url\" content=\"https:\/\/vieassociative.be\/actualites\/lunion-saint-gilloise-ne-peut-tenir-le-rythme-que-pendant-une-mi-temps-deux-buts-de-kane-lors-de-la-victoire-2-0-du-fc-bayern\/\" \/>\n<meta property=\"og:site_name\" content=\"Vie Associative\" \/>\n<meta property=\"article:published_time\" content=\"2026-01-22T00:17:24+00:00\" \/>\n<meta property=\"og:image\" content=\"https:\/\/vieassociative.be\/actualites\/wp-content\/uploads\/2024\/09\/header_backgroundk-01-e1726694325946.png\" \/>\n\t<meta property=\"og:image:width\" content=\"279\" \/>\n\t<meta property=\"og:image:height\" content=\"92\" \/>\n\t<meta property=\"og:image:type\" content=\"image\/png\" \/>\n<meta name=\"author\" content=\"Julien\" \/>\n<meta name=\"twitter:card\" content=\"summary_large_image\" \/>\n<meta name=\"twitter:label1\" content=\"\u00c9crit par\" \/>\n\t<meta name=\"twitter:data1\" content=\"Julien\" \/>\n\t<meta name=\"twitter:label2\" content=\"Dur\u00e9e de lecture est.\" \/>\n\t<meta name=\"twitter:data2\" content=\"3 minutes\" \/>\n<script type=\"application\/ld+json\" class=\"yoast-schema-graph\">{\"@context\":\"https:\/\/schema.org\",\"@graph\":[{\"@type\":\"Article\",\"@id\":\"https:\/\/vieassociative.be\/actualites\/lunion-saint-gilloise-ne-peut-tenir-le-rythme-que-pendant-une-mi-temps-deux-buts-de-kane-lors-de-la-victoire-2-0-du-fc-bayern\/#article\",\"isPartOf\":{\"@id\":\"https:\/\/vieassociative.be\/actualites\/lunion-saint-gilloise-ne-peut-tenir-le-rythme-que-pendant-une-mi-temps-deux-buts-de-kane-lors-de-la-victoire-2-0-du-fc-bayern\/\"},\"author\":{\"name\":\"Julien\",\"@id\":\"https:\/\/vieassociative.be\/actualites\/#\/schema\/person\/b87ac4f82f9d4e7b7cec7395b679edc4\"},\"headline\":\"L&rsquo;Union Saint-Gilloise ne peut tenir le rythme que pendant une mi-temps &#8211; deux buts de Kane lors de la victoire 2-0 du FC Bayern\",\"datePublished\":\"2026-01-22T00:17:24+00:00\",\"dateModified\":\"2026-01-22T00:17:24+00:00\",\"mainEntityOfPage\":{\"@id\":\"https:\/\/vieassociative.be\/actualites\/lunion-saint-gilloise-ne-peut-tenir-le-rythme-que-pendant-une-mi-temps-deux-buts-de-kane-lors-de-la-victoire-2-0-du-fc-bayern\/\"},\"wordCount\":756,\"publisher\":{\"@id\":\"https:\/\/vieassociative.be\/actualites\/#organization\"},\"image\":{\"@id\":\"https:\/\/vieassociative.be\/actualites\/lunion-saint-gilloise-ne-peut-tenir-le-rythme-que-pendant-une-mi-temps-deux-buts-de-kane-lors-de-la-victoire-2-0-du-fc-bayern\/#primaryimage\"},\"thumbnailUrl\":\"https:\/\/vieassociative.be\/actualites\/wp-content\/uploads\/2026\/01\/1769041044_LUnion-Saint-Gilloise-ne-peut-tenir-le-rythme-que-pendant-une.jpg\",\"keywords\":[\"Bayern\",\"buts\",\"deux\",\"Kane\",\"lors\",\"lUnion\",\"mitemps\",\"pendant\",\"peut\",\"rythme\",\"SaintGilloise\",\"tenir\",\"une\",\"victoire\"],\"articleSection\":[\"Belgique\"],\"inLanguage\":\"fr-BE\"},{\"@type\":\"WebPage\",\"@id\":\"https:\/\/vieassociative.be\/actualites\/lunion-saint-gilloise-ne-peut-tenir-le-rythme-que-pendant-une-mi-temps-deux-buts-de-kane-lors-de-la-victoire-2-0-du-fc-bayern\/\",\"url\":\"https:\/\/vieassociative.be\/actualites\/lunion-saint-gilloise-ne-peut-tenir-le-rythme-que-pendant-une-mi-temps-deux-buts-de-kane-lors-de-la-victoire-2-0-du-fc-bayern\/\",\"name\":\"L'Union Saint-Gilloise ne peut tenir le rythme que pendant une mi-temps - deux buts de Kane lors de la victoire 2-0 du FC Bayern | Vie Associative\",\"isPartOf\":{\"@id\":\"https:\/\/vieassociative.be\/actualites\/#website\"},\"primaryImageOfPage\":{\"@id\":\"https:\/\/vieassociative.be\/actualites\/lunion-saint-gilloise-ne-peut-tenir-le-rythme-que-pendant-une-mi-temps-deux-buts-de-kane-lors-de-la-victoire-2-0-du-fc-bayern\/#primaryimage\"},\"image\":{\"@id\":\"https:\/\/vieassociative.be\/actualites\/lunion-saint-gilloise-ne-peut-tenir-le-rythme-que-pendant-une-mi-temps-deux-buts-de-kane-lors-de-la-victoire-2-0-du-fc-bayern\/#primaryimage\"},\"thumbnailUrl\":\"https:\/\/vieassociative.be\/actualites\/wp-content\/uploads\/2026\/01\/1769041044_LUnion-Saint-Gilloise-ne-peut-tenir-le-rythme-que-pendant-une.jpg\",\"datePublished\":\"2026-01-22T00:17:24+00:00\",\"dateModified\":\"2026-01-22T00:17:24+00:00\",\"breadcrumb\":{\"@id\":\"https:\/\/vieassociative.be\/actualites\/lunion-saint-gilloise-ne-peut-tenir-le-rythme-que-pendant-une-mi-temps-deux-buts-de-kane-lors-de-la-victoire-2-0-du-fc-bayern\/#breadcrumb\"},\"inLanguage\":\"fr-BE\",\"potentialAction\":[{\"@type\":\"ReadAction\",\"target\":[\"https:\/\/vieassociative.be\/actualites\/lunion-saint-gilloise-ne-peut-tenir-le-rythme-que-pendant-une-mi-temps-deux-buts-de-kane-lors-de-la-victoire-2-0-du-fc-bayern\/\"]}]},{\"@type\":\"ImageObject\",\"inLanguage\":\"fr-BE\",\"@id\":\"https:\/\/vieassociative.be\/actualites\/lunion-saint-gilloise-ne-peut-tenir-le-rythme-que-pendant-une-mi-temps-deux-buts-de-kane-lors-de-la-victoire-2-0-du-fc-bayern\/#primaryimage\",\"url\":\"https:\/\/vieassociative.be\/actualites\/wp-content\/uploads\/2026\/01\/1769041044_LUnion-Saint-Gilloise-ne-peut-tenir-le-rythme-que-pendant-une.jpg\",\"contentUrl\":\"https:\/\/vieassociative.be\/actualites\/wp-content\/uploads\/2026\/01\/1769041044_LUnion-Saint-Gilloise-ne-peut-tenir-le-rythme-que-pendant-une.jpg\",\"width\":1200,\"height\":810,\"caption\":\"L'Union Saint-Gilloise ne peut tenir le rythme que pendant une mi-temps - deux buts de Kane lors de la victoire 2-0 du FC Bayern\"},{\"@type\":\"BreadcrumbList\",\"@id\":\"https:\/\/vieassociative.be\/actualites\/lunion-saint-gilloise-ne-peut-tenir-le-rythme-que-pendant-une-mi-temps-deux-buts-de-kane-lors-de-la-victoire-2-0-du-fc-bayern\/#breadcrumb\",\"itemListElement\":[{\"@type\":\"ListItem\",\"position\":1,\"name\":\"Accueil\",\"item\":\"https:\/\/vieassociative.be\/actualites\/\"},{\"@type\":\"ListItem\",\"position\":2,\"name\":\"L&rsquo;Union Saint-Gilloise ne peut tenir le rythme que pendant une mi-temps &#8211; deux buts de Kane lors de la victoire 2-0 du FC Bayern\"}]},{\"@type\":\"WebSite\",\"@id\":\"https:\/\/vieassociative.be\/actualites\/#website\",\"url\":\"https:\/\/vieassociative.be\/actualites\/\",\"name\":\"Vie Associative\",\"description\":\"\",\"publisher\":{\"@id\":\"https:\/\/vieassociative.be\/actualites\/#organization\"},\"potentialAction\":[{\"@type\":\"SearchAction\",\"target\":{\"@type\":\"EntryPoint\",\"urlTemplate\":\"https:\/\/vieassociative.be\/actualites\/?s={search_term_string}\"},\"query-input\":{\"@type\":\"PropertyValueSpecification\",\"valueRequired\":true,\"valueName\":\"search_term_string\"}}],\"inLanguage\":\"fr-BE\"},{\"@type\":\"Organization\",\"@id\":\"https:\/\/vieassociative.be\/actualites\/#organization\",\"name\":\"Vie Associative\",\"url\":\"https:\/\/vieassociative.be\/actualites\/\",\"logo\":{\"@type\":\"ImageObject\",\"inLanguage\":\"fr-BE\",\"@id\":\"https:\/\/vieassociative.be\/actualites\/#\/schema\/logo\/image\/\",\"url\":\"https:\/\/vieassociative.be\/actualites\/wp-content\/uploads\/2024\/09\/cropped-vieassociative_favicon.ico.png\",\"contentUrl\":\"https:\/\/vieassociative.be\/actualites\/wp-content\/uploads\/2024\/09\/cropped-vieassociative_favicon.ico.png\",\"width\":512,\"height\":512,\"caption\":\"Vie Associative\"},\"image\":{\"@id\":\"https:\/\/vieassociative.be\/actualites\/#\/schema\/logo\/image\/\"}},{\"@type\":\"Person\",\"@id\":\"https:\/\/vieassociative.be\/actualites\/#\/schema\/person\/b87ac4f82f9d4e7b7cec7395b679edc4\",\"name\":\"Julien\",\"image\":{\"@type\":\"ImageObject\",\"inLanguage\":\"fr-BE\",\"@id\":\"https:\/\/vieassociative.be\/actualites\/#\/schema\/person\/image\/\",\"url\":\"https:\/\/vieassociative.be\/actualites\/wp-content\/uploads\/2024\/09\/vie-associative-1-150x150.jpg\",\"contentUrl\":\"https:\/\/vieassociative.be\/actualites\/wp-content\/uploads\/2024\/09\/vie-associative-1-150x150.jpg\",\"caption\":\"Julien\"},\"description\":\"Je suis Julien, r\u00e9dacteur pour Vie Associative. Passionn\u00e9 par le monde associatif depuis plus de 10 ans, j'ai \u00e0 c\u0153ur de partager des histoires inspirantes et de mettre en lumi\u00e8re les initiatives locales. Mon objectif est de sensibiliser et d'encourager l'engagement communautaire \u00e0 travers mes articles.\",\"sameAs\":[\"https:\/\/vieassociative.be\/\"]}]}<\/script>\n<!-- \/ Yoast SEO plugin. -->","yoast_head_json":{"title":"L'Union Saint-Gilloise ne peut tenir le rythme que pendant une mi-temps - deux buts de Kane lors de la victoire 2-0 du FC Bayern | Vie Associative","robots":{"index":"index","follow":"follow","max-snippet":"max-snippet:-1","max-image-preview":"max-image-preview:large","max-video-preview":"max-video-preview:-1"},"canonical":"https:\/\/vieassociative.be\/actualites\/lunion-saint-gilloise-ne-peut-tenir-le-rythme-que-pendant-une-mi-temps-deux-buts-de-kane-lors-de-la-victoire-2-0-du-fc-bayern\/","og_locale":"fr_FR","og_type":"article","og_title":"L'Union Saint-Gilloise ne peut tenir le rythme que pendant une mi-temps - deux buts de Kane lors de la victoire 2-0 du FC Bayern | Vie Associative","og_description":"Comme pr\u00e9vu, il n&rsquo;y avait rien \u00e0 gagner pour la Royale Union Saint-Gilloise \u00e0 l&rsquo;Allianz Arena de Munich. Le champion national belge n&rsquo;a pu tenir","og_url":"https:\/\/vieassociative.be\/actualites\/lunion-saint-gilloise-ne-peut-tenir-le-rythme-que-pendant-une-mi-temps-deux-buts-de-kane-lors-de-la-victoire-2-0-du-fc-bayern\/","og_site_name":"Vie Associative","article_published_time":"2026-01-22T00:17:24+00:00","og_image":[{"width":279,"height":92,"url":"https:\/\/vieassociative.be\/actualites\/wp-content\/uploads\/2024\/09\/header_backgroundk-01-e1726694325946.png","type":"image\/png"}],"author":"Julien","twitter_card":"summary_large_image","twitter_misc":{"\u00c9crit par":"Julien","Dur\u00e9e de lecture est.":"3 minutes"},"schema":{"@context":"https:\/\/schema.org","@graph":[{"@type":"Article","@id":"https:\/\/vieassociative.be\/actualites\/lunion-saint-gilloise-ne-peut-tenir-le-rythme-que-pendant-une-mi-temps-deux-buts-de-kane-lors-de-la-victoire-2-0-du-fc-bayern\/#article","isPartOf":{"@id":"https:\/\/vieassociative.be\/actualites\/lunion-saint-gilloise-ne-peut-tenir-le-rythme-que-pendant-une-mi-temps-deux-buts-de-kane-lors-de-la-victoire-2-0-du-fc-bayern\/"},"author":{"name":"Julien","@id":"https:\/\/vieassociative.be\/actualites\/#\/schema\/person\/b87ac4f82f9d4e7b7cec7395b679edc4"},"headline":"L&rsquo;Union Saint-Gilloise ne peut tenir le rythme que pendant une mi-temps &#8211; deux buts de Kane lors de la victoire 2-0 du FC Bayern","datePublished":"2026-01-22T00:17:24+00:00","dateModified":"2026-01-22T00:17:24+00:00","mainEntityOfPage":{"@id":"https:\/\/vieassociative.be\/actualites\/lunion-saint-gilloise-ne-peut-tenir-le-rythme-que-pendant-une-mi-temps-deux-buts-de-kane-lors-de-la-victoire-2-0-du-fc-bayern\/"},"wordCount":756,"publisher":{"@id":"https:\/\/vieassociative.be\/actualites\/#organization"},"image":{"@id":"https:\/\/vieassociative.be\/actualites\/lunion-saint-gilloise-ne-peut-tenir-le-rythme-que-pendant-une-mi-temps-deux-buts-de-kane-lors-de-la-victoire-2-0-du-fc-bayern\/#primaryimage"},"thumbnailUrl":"https:\/\/vieassociative.be\/actualites\/wp-content\/uploads\/2026\/01\/1769041044_LUnion-Saint-Gilloise-ne-peut-tenir-le-rythme-que-pendant-une.jpg","keywords":["Bayern","buts","deux","Kane","lors","lUnion","mitemps","pendant","peut","rythme","SaintGilloise","tenir","une","victoire"],"articleSection":["Belgique"],"inLanguage":"fr-BE"},{"@type":"WebPage","@id":"https:\/\/vieassociative.be\/actualites\/lunion-saint-gilloise-ne-peut-tenir-le-rythme-que-pendant-une-mi-temps-deux-buts-de-kane-lors-de-la-victoire-2-0-du-fc-bayern\/","url":"https:\/\/vieassociative.be\/actualites\/lunion-saint-gilloise-ne-peut-tenir-le-rythme-que-pendant-une-mi-temps-deux-buts-de-kane-lors-de-la-victoire-2-0-du-fc-bayern\/","name":"L'Union Saint-Gilloise ne peut tenir le rythme que pendant une mi-temps - deux buts de Kane lors de la victoire 2-0 du FC Bayern | Vie Associative","isPartOf":{"@id":"https:\/\/vieassociative.be\/actualites\/#website"},"primaryImageOfPage":{"@id":"https:\/\/vieassociative.be\/actualites\/lunion-saint-gilloise-ne-peut-tenir-le-rythme-que-pendant-une-mi-temps-deux-buts-de-kane-lors-de-la-victoire-2-0-du-fc-bayern\/#primaryimage"},"image":{"@id":"https:\/\/vieassociative.be\/actualites\/lunion-saint-gilloise-ne-peut-tenir-le-rythme-que-pendant-une-mi-temps-deux-buts-de-kane-lors-de-la-victoire-2-0-du-fc-bayern\/#primaryimage"},"thumbnailUrl":"https:\/\/vieassociative.be\/actualites\/wp-content\/uploads\/2026\/01\/1769041044_LUnion-Saint-Gilloise-ne-peut-tenir-le-rythme-que-pendant-une.jpg","datePublished":"2026-01-22T00:17:24+00:00","dateModified":"2026-01-22T00:17:24+00:00","breadcrumb":{"@id":"https:\/\/vieassociative.be\/actualites\/lunion-saint-gilloise-ne-peut-tenir-le-rythme-que-pendant-une-mi-temps-deux-buts-de-kane-lors-de-la-victoire-2-0-du-fc-bayern\/#breadcrumb"},"inLanguage":"fr-BE","potentialAction":[{"@type":"ReadAction","target":["https:\/\/vieassociative.be\/actualites\/lunion-saint-gilloise-ne-peut-tenir-le-rythme-que-pendant-une-mi-temps-deux-buts-de-kane-lors-de-la-victoire-2-0-du-fc-bayern\/"]}]},{"@type":"ImageObject","inLanguage":"fr-BE","@id":"https:\/\/vieassociative.be\/actualites\/lunion-saint-gilloise-ne-peut-tenir-le-rythme-que-pendant-une-mi-temps-deux-buts-de-kane-lors-de-la-victoire-2-0-du-fc-bayern\/#primaryimage","url":"https:\/\/vieassociative.be\/actualites\/wp-content\/uploads\/2026\/01\/1769041044_LUnion-Saint-Gilloise-ne-peut-tenir-le-rythme-que-pendant-une.jpg","contentUrl":"https:\/\/vieassociative.be\/actualites\/wp-content\/uploads\/2026\/01\/1769041044_LUnion-Saint-Gilloise-ne-peut-tenir-le-rythme-que-pendant-une.jpg","width":1200,"height":810,"caption":"L'Union Saint-Gilloise ne peut tenir le rythme que pendant une mi-temps - deux buts de Kane lors de la victoire 2-0 du FC Bayern"},{"@type":"BreadcrumbList","@id":"https:\/\/vieassociative.be\/actualites\/lunion-saint-gilloise-ne-peut-tenir-le-rythme-que-pendant-une-mi-temps-deux-buts-de-kane-lors-de-la-victoire-2-0-du-fc-bayern\/#breadcrumb","itemListElement":[{"@type":"ListItem","position":1,"name":"Accueil","item":"https:\/\/vieassociative.be\/actualites\/"},{"@type":"ListItem","position":2,"name":"L&rsquo;Union Saint-Gilloise ne peut tenir le rythme que pendant une mi-temps &#8211; deux buts de Kane lors de la victoire 2-0 du FC Bayern"}]},{"@type":"WebSite","@id":"https:\/\/vieassociative.be\/actualites\/#website","url":"https:\/\/vieassociative.be\/actualites\/","name":"Vie Associative","description":"","publisher":{"@id":"https:\/\/vieassociative.be\/actualites\/#organization"},"potentialAction":[{"@type":"SearchAction","target":{"@type":"EntryPoint","urlTemplate":"https:\/\/vieassociative.be\/actualites\/?s={search_term_string}"},"query-input":{"@type":"PropertyValueSpecification","valueRequired":true,"valueName":"search_term_string"}}],"inLanguage":"fr-BE"},{"@type":"Organization","@id":"https:\/\/vieassociative.be\/actualites\/#organization","name":"Vie Associative","url":"https:\/\/vieassociative.be\/actualites\/","logo":{"@type":"ImageObject","inLanguage":"fr-BE","@id":"https:\/\/vieassociative.be\/actualites\/#\/schema\/logo\/image\/","url":"https:\/\/vieassociative.be\/actualites\/wp-content\/uploads\/2024\/09\/cropped-vieassociative_favicon.ico.png","contentUrl":"https:\/\/vieassociative.be\/actualites\/wp-content\/uploads\/2024\/09\/cropped-vieassociative_favicon.ico.png","width":512,"height":512,"caption":"Vie Associative"},"image":{"@id":"https:\/\/vieassociative.be\/actualites\/#\/schema\/logo\/image\/"}},{"@type":"Person","@id":"https:\/\/vieassociative.be\/actualites\/#\/schema\/person\/b87ac4f82f9d4e7b7cec7395b679edc4","name":"Julien","image":{"@type":"ImageObject","inLanguage":"fr-BE","@id":"https:\/\/vieassociative.be\/actualites\/#\/schema\/person\/image\/","url":"https:\/\/vieassociative.be\/actualites\/wp-content\/uploads\/2024\/09\/vie-associative-1-150x150.jpg","contentUrl":"https:\/\/vieassociative.be\/actualites\/wp-content\/uploads\/2024\/09\/vie-associative-1-150x150.jpg","caption":"Julien"},"description":"Je suis Julien, r\u00e9dacteur pour Vie Associative. Passionn\u00e9 par le monde associatif depuis plus de 10 ans, j'ai \u00e0 c\u0153ur de partager des histoires inspirantes et de mettre en lumi\u00e8re les initiatives locales. Mon objectif est de sensibiliser et d'encourager l'engagement communautaire \u00e0 travers mes articles.","sameAs":["https:\/\/vieassociative.be\/"]}]}},"_links":{"self":[{"href":"https:\/\/vieassociative.be\/actualites\/wp-json\/wp\/v2\/posts\/12304"}],"collection":[{"href":"https:\/\/vieassociative.be\/actualites\/wp-json\/wp\/v2\/posts"}],"about":[{"href":"https:\/\/vieassociative.be\/actualites\/wp-json\/wp\/v2\/types\/post"}],"author":[{"embeddable":true,"href":"https:\/\/vieassociative.be\/actualites\/wp-json\/wp\/v2\/users\/1"}],"replies":[{"embeddable":true,"href":"https:\/\/vieassociative.be\/actualites\/wp-json\/wp\/v2\/comments?post=12304"}],"version-history":[{"count":0,"href":"https:\/\/vieassociative.be\/actualites\/wp-json\/wp\/v2\/posts\/12304\/revisions"}],"wp:featuredmedia":[{"embeddable":true,"href":"https:\/\/vieassociative.be\/actualites\/wp-json\/wp\/v2\/media\/12305"}],"wp:attachment":[{"href":"https:\/\/vieassociative.be\/actualites\/wp-json\/wp\/v2\/media?parent=12304"}],"wp:term":[{"taxonomy":"category","embeddable":true,"href":"https:\/\/vieassociative.be\/actualites\/wp-json\/wp\/v2\/categories?post=12304"},{"taxonomy":"post_tag","embeddable":true,"href":"https:\/\/vieassociative.be\/actualites\/wp-json\/wp\/v2\/tags?post=12304"}],"curies":[{"name":"wp","href":"https:\/\/api.w.org\/{rel}","templated":true}]}}