{"id":12300,"date":"2026-01-21T19:18:50","date_gmt":"2026-01-21T18:18:50","guid":{"rendered":"https:\/\/vieassociative.be\/actualites\/las-eupen-annonce-les-deux-premieres-recrues-lune-venant-du-portugal-et-lautre-du-qatar\/"},"modified":"2026-01-21T19:18:50","modified_gmt":"2026-01-21T18:18:50","slug":"las-eupen-annonce-les-deux-premieres-recrues-lune-venant-du-portugal-et-lautre-du-qatar","status":"publish","type":"post","link":"https:\/\/vieassociative.be\/actualites\/las-eupen-annonce-les-deux-premieres-recrues-lune-venant-du-portugal-et-lautre-du-qatar\/","title":{"rendered":"L&rsquo;AS Eupen annonce les deux premi\u00e8res recrues, l&rsquo;une venant du Portugal et l&rsquo;autre du Qatar"},"content":{"rendered":"<p><strong>Et c&rsquo;est parti : apr\u00e8s que les choses soient rest\u00e9es \u00e9tonnamment calmes la semaine derni\u00e8re, quelque chose a enfin commenc\u00e9 \u00e0 bouger \u00e0 l&rsquo;Eupener Kehrweg : l&rsquo;\u00e9quipe de football de deuxi\u00e8me division, l&rsquo;AS Eupen, a annonc\u00e9 les deux premi\u00e8res recrues.<\/strong><\/p>\n<p><span id=\"more-434236\"><\/span>Comme AS l&rsquo;a annonc\u00e9, la premi\u00e8re recrue est l&rsquo;attaquant portugais Jo\u00e3o Diogo Alves Rodrigues, connu sous le nom de Kikas. L&rsquo;avant-centre rejoint AS en provenance du club portugais de premi\u00e8re division du CF Estrela Amadora. Le joueur de 27 ans a sign\u00e9 un contrat \u00e0 Eupen jusqu&rsquo;au 30 juin 2028.<\/p>\n<p>Depuis 2023, Kikas joue pour le CF Estrela Amadora, o\u00f9 il \u00e9tait l&rsquo;un des meilleurs buteurs et l&rsquo;un des meilleurs joueurs. Il a marqu\u00e9 six buts et aid\u00e9 un but cette saison.<\/p>\n<p>Jo\u00e3o Diogo Alves Rodrigues a \u00e9t\u00e9 form\u00e9 au Benfica Castelo Branco, au Sporting CP, au Desportivo Castelo Branco et \u00e0 Vit\u00f3ria Guimar\u00e3es. Il a fait ses d\u00e9buts professionnels en 2017 dans son club d&rsquo;origine, le club de troisi\u00e8me division Benfica Castelo Branco, o\u00f9 il a marqu\u00e9 17 buts d&rsquo;affil\u00e9e. En 2018, il a concouru pour la premi\u00e8re fois en premi\u00e8re division avec B-SAD.<\/p>\n<div id=\"attachment_434242\" class=\"wp-caption alignleft\" style=\"max-width: 300px\"><img fetchpriority=\"high\" decoding=\"async\" class=\"wp-image-434242 size-medium\" src=\"https:\/\/vieassociative.be\/actualites\/wp-content\/uploads\/2026\/01\/LAS-Eupen-annonce-les-deux-premieres-recrues-lune-venant-du.jpg\" alt=\"\" width=\"300\" height=\"200\"  ><\/div>\n<p>Il joue pour le CF Estrela Amadora depuis 2023. En tant qu&rsquo;attaquant, il a marqu\u00e9 des buts importants pour le club tant dans la promotion en premi\u00e8re division que dans la lutte pour le maintien en Primeira Liga.<\/p>\n<p>Au cours de sa carri\u00e8re jusqu&rsquo;\u00e0 pr\u00e9sent, Kikas a disput\u00e9 107 matchs de premi\u00e8re division au Portugal, 48 matchs de deuxi\u00e8me division et 30 matchs de premi\u00e8re division \u00e0 Chypre. Il a marqu\u00e9 26 buts rien qu&rsquo;en premi\u00e8re division portugaise.<\/p>\n<p>Selon AS, la deuxi\u00e8me nouvelle recrue est le joueur national qatari Mustafa Tarek Mashaal. L&rsquo;AS Eupen a engag\u00e9 le milieu de terrain qatari jusqu&rsquo;\u00e0 la fin de cette saison. Le joueur de 24 ans arrive \u00e0 l&rsquo;AS Eupen gr\u00e2ce au pr\u00eat du champion qatari du record Al-Sadd SC, avec lequel il est devenu quatre fois champion du Qatar.<\/p>\n<p>Mustafa Tarek Mashaal est n\u00e9 le 28 mars 2001 et joue depuis 2019 pour l&rsquo;Al-Sadd SC, avec lequel il est devenu quatre fois champion du Qatar. Avec 25 apparitions \u00e0 son actif, il fait \u00e9galement partie de l\u2019\u00e9quipe nationale du Qatar et a fait partie de l\u2019\u00e9quipe devenue championne d\u2019Asie en 2023.<\/p>\n<p>La nouvelle recrue de l&rsquo;AS Eupen a une bonne vue d&rsquo;ensemble du jeu et une grande pr\u00e9cision de passe. Au milieu de terrain central, il peut \u00eatre utilis\u00e9 \u00e0 la fois offensivement et d\u00e9fensivement. (fromage\/cri)<\/p>\n","protected":false},"excerpt":{"rendered":"<p>Et c&rsquo;est parti : apr\u00e8s que les choses soient rest\u00e9es \u00e9tonnamment calmes la semaine derni\u00e8re, quelque chose a enfin commenc\u00e9 \u00e0 bouger \u00e0 l&rsquo;Eupener Kehrweg<\/p>\n","protected":false},"author":1,"featured_media":12301,"comment_status":"","ping_status":"","sticky":false,"template":"","format":"standard","meta":{"footnotes":""},"categories":[298],"tags":[1987,114,2329,2353,9827,14,1820,4056,597,9507,9826,4921],"class_list":["post-12300","post","type-post","status-publish","format-standard","has-post-thumbnail","hentry","category-belgique","tag-annonce","tag-deux","tag-eupen","tag-las","tag-lautre","tag-les","tag-lune","tag-portugal","tag-premieres","tag-qatar","tag-recrues","tag-venant","generate-columns","tablet-grid-50","mobile-grid-100","grid-parent","grid-33"],"yoast_head":"<!-- This site is optimized with the Yoast SEO plugin v24.0 - https:\/\/yoast.com\/wordpress\/plugins\/seo\/ -->\n<title>L&#039;AS Eupen annonce les deux premi\u00e8res recrues, l&#039;une venant du Portugal et l&#039;autre du Qatar | Vie Associative<\/title>\n<meta name=\"robots\" content=\"index, follow, max-snippet:-1, max-image-preview:large, max-video-preview:-1\" \/>\n<link rel=\"canonical\" href=\"https:\/\/vieassociative.be\/actualites\/las-eupen-annonce-les-deux-premieres-recrues-lune-venant-du-portugal-et-lautre-du-qatar\/\" \/>\n<meta property=\"og:locale\" content=\"fr_FR\" \/>\n<meta property=\"og:type\" content=\"article\" \/>\n<meta property=\"og:title\" content=\"L&#039;AS Eupen annonce les deux premi\u00e8res recrues, l&#039;une venant du Portugal et l&#039;autre du Qatar | Vie Associative\" \/>\n<meta property=\"og:description\" content=\"Et c&rsquo;est parti : apr\u00e8s que les choses soient rest\u00e9es \u00e9tonnamment calmes la semaine derni\u00e8re, quelque chose a enfin commenc\u00e9 \u00e0 bouger \u00e0 l&rsquo;Eupener Kehrweg\" \/>\n<meta property=\"og:url\" content=\"https:\/\/vieassociative.be\/actualites\/las-eupen-annonce-les-deux-premieres-recrues-lune-venant-du-portugal-et-lautre-du-qatar\/\" \/>\n<meta property=\"og:site_name\" content=\"Vie Associative\" \/>\n<meta property=\"article:published_time\" content=\"2026-01-21T18:18:50+00:00\" \/>\n<meta property=\"og:image\" content=\"https:\/\/vieassociative.be\/actualites\/wp-content\/uploads\/2024\/09\/header_backgroundk-01-e1726694325946.png\" \/>\n\t<meta property=\"og:image:width\" content=\"279\" \/>\n\t<meta property=\"og:image:height\" content=\"92\" \/>\n\t<meta property=\"og:image:type\" content=\"image\/png\" \/>\n<meta name=\"author\" content=\"Julien\" \/>\n<meta name=\"twitter:card\" content=\"summary_large_image\" \/>\n<meta name=\"twitter:label1\" content=\"\u00c9crit par\" \/>\n\t<meta name=\"twitter:data1\" content=\"Julien\" \/>\n\t<meta name=\"twitter:label2\" content=\"Dur\u00e9e de lecture est.\" \/>\n\t<meta name=\"twitter:data2\" content=\"2 minutes\" \/>\n<script type=\"application\/ld+json\" class=\"yoast-schema-graph\">{\"@context\":\"https:\/\/schema.org\",\"@graph\":[{\"@type\":\"Article\",\"@id\":\"https:\/\/vieassociative.be\/actualites\/las-eupen-annonce-les-deux-premieres-recrues-lune-venant-du-portugal-et-lautre-du-qatar\/#article\",\"isPartOf\":{\"@id\":\"https:\/\/vieassociative.be\/actualites\/las-eupen-annonce-les-deux-premieres-recrues-lune-venant-du-portugal-et-lautre-du-qatar\/\"},\"author\":{\"name\":\"Julien\",\"@id\":\"https:\/\/vieassociative.be\/actualites\/#\/schema\/person\/b87ac4f82f9d4e7b7cec7395b679edc4\"},\"headline\":\"L&rsquo;AS Eupen annonce les deux premi\u00e8res recrues, l&rsquo;une venant du Portugal et l&rsquo;autre du Qatar\",\"datePublished\":\"2026-01-21T18:18:50+00:00\",\"dateModified\":\"2026-01-21T18:18:50+00:00\",\"mainEntityOfPage\":{\"@id\":\"https:\/\/vieassociative.be\/actualites\/las-eupen-annonce-les-deux-premieres-recrues-lune-venant-du-portugal-et-lautre-du-qatar\/\"},\"wordCount\":450,\"publisher\":{\"@id\":\"https:\/\/vieassociative.be\/actualites\/#organization\"},\"image\":{\"@id\":\"https:\/\/vieassociative.be\/actualites\/las-eupen-annonce-les-deux-premieres-recrues-lune-venant-du-portugal-et-lautre-du-qatar\/#primaryimage\"},\"thumbnailUrl\":\"https:\/\/vieassociative.be\/actualites\/wp-content\/uploads\/2026\/01\/1769019531_LAS-Eupen-annonce-les-deux-premieres-recrues-lune-venant-du.jpg\",\"keywords\":[\"annonce\",\"deux\",\"Eupen\",\"lAS\",\"lautre\",\"Les\",\"lune\",\"Portugal\",\"premi\u00e8res\",\"Qatar\",\"recrues\",\"venant\"],\"articleSection\":[\"Belgique\"],\"inLanguage\":\"fr-BE\"},{\"@type\":\"WebPage\",\"@id\":\"https:\/\/vieassociative.be\/actualites\/las-eupen-annonce-les-deux-premieres-recrues-lune-venant-du-portugal-et-lautre-du-qatar\/\",\"url\":\"https:\/\/vieassociative.be\/actualites\/las-eupen-annonce-les-deux-premieres-recrues-lune-venant-du-portugal-et-lautre-du-qatar\/\",\"name\":\"L'AS Eupen annonce les deux premi\u00e8res recrues, l'une venant du Portugal et l'autre du Qatar | Vie Associative\",\"isPartOf\":{\"@id\":\"https:\/\/vieassociative.be\/actualites\/#website\"},\"primaryImageOfPage\":{\"@id\":\"https:\/\/vieassociative.be\/actualites\/las-eupen-annonce-les-deux-premieres-recrues-lune-venant-du-portugal-et-lautre-du-qatar\/#primaryimage\"},\"image\":{\"@id\":\"https:\/\/vieassociative.be\/actualites\/las-eupen-annonce-les-deux-premieres-recrues-lune-venant-du-portugal-et-lautre-du-qatar\/#primaryimage\"},\"thumbnailUrl\":\"https:\/\/vieassociative.be\/actualites\/wp-content\/uploads\/2026\/01\/1769019531_LAS-Eupen-annonce-les-deux-premieres-recrues-lune-venant-du.jpg\",\"datePublished\":\"2026-01-21T18:18:50+00:00\",\"dateModified\":\"2026-01-21T18:18:50+00:00\",\"breadcrumb\":{\"@id\":\"https:\/\/vieassociative.be\/actualites\/las-eupen-annonce-les-deux-premieres-recrues-lune-venant-du-portugal-et-lautre-du-qatar\/#breadcrumb\"},\"inLanguage\":\"fr-BE\",\"potentialAction\":[{\"@type\":\"ReadAction\",\"target\":[\"https:\/\/vieassociative.be\/actualites\/las-eupen-annonce-les-deux-premieres-recrues-lune-venant-du-portugal-et-lautre-du-qatar\/\"]}]},{\"@type\":\"ImageObject\",\"inLanguage\":\"fr-BE\",\"@id\":\"https:\/\/vieassociative.be\/actualites\/las-eupen-annonce-les-deux-premieres-recrues-lune-venant-du-portugal-et-lautre-du-qatar\/#primaryimage\",\"url\":\"https:\/\/vieassociative.be\/actualites\/wp-content\/uploads\/2026\/01\/1769019531_LAS-Eupen-annonce-les-deux-premieres-recrues-lune-venant-du.jpg\",\"contentUrl\":\"https:\/\/vieassociative.be\/actualites\/wp-content\/uploads\/2026\/01\/1769019531_LAS-Eupen-annonce-les-deux-premieres-recrues-lune-venant-du.jpg\",\"width\":1278,\"height\":852,\"caption\":\"L'AS Eupen annonce les deux premi\u00e8res recrues, l'une venant du Portugal et l'autre du Qatar\"},{\"@type\":\"BreadcrumbList\",\"@id\":\"https:\/\/vieassociative.be\/actualites\/las-eupen-annonce-les-deux-premieres-recrues-lune-venant-du-portugal-et-lautre-du-qatar\/#breadcrumb\",\"itemListElement\":[{\"@type\":\"ListItem\",\"position\":1,\"name\":\"Accueil\",\"item\":\"https:\/\/vieassociative.be\/actualites\/\"},{\"@type\":\"ListItem\",\"position\":2,\"name\":\"L&rsquo;AS Eupen annonce les deux premi\u00e8res recrues, l&rsquo;une venant du Portugal et l&rsquo;autre du Qatar\"}]},{\"@type\":\"WebSite\",\"@id\":\"https:\/\/vieassociative.be\/actualites\/#website\",\"url\":\"https:\/\/vieassociative.be\/actualites\/\",\"name\":\"Vie Associative\",\"description\":\"\",\"publisher\":{\"@id\":\"https:\/\/vieassociative.be\/actualites\/#organization\"},\"potentialAction\":[{\"@type\":\"SearchAction\",\"target\":{\"@type\":\"EntryPoint\",\"urlTemplate\":\"https:\/\/vieassociative.be\/actualites\/?s={search_term_string}\"},\"query-input\":{\"@type\":\"PropertyValueSpecification\",\"valueRequired\":true,\"valueName\":\"search_term_string\"}}],\"inLanguage\":\"fr-BE\"},{\"@type\":\"Organization\",\"@id\":\"https:\/\/vieassociative.be\/actualites\/#organization\",\"name\":\"Vie Associative\",\"url\":\"https:\/\/vieassociative.be\/actualites\/\",\"logo\":{\"@type\":\"ImageObject\",\"inLanguage\":\"fr-BE\",\"@id\":\"https:\/\/vieassociative.be\/actualites\/#\/schema\/logo\/image\/\",\"url\":\"https:\/\/vieassociative.be\/actualites\/wp-content\/uploads\/2024\/09\/cropped-vieassociative_favicon.ico.png\",\"contentUrl\":\"https:\/\/vieassociative.be\/actualites\/wp-content\/uploads\/2024\/09\/cropped-vieassociative_favicon.ico.png\",\"width\":512,\"height\":512,\"caption\":\"Vie Associative\"},\"image\":{\"@id\":\"https:\/\/vieassociative.be\/actualites\/#\/schema\/logo\/image\/\"}},{\"@type\":\"Person\",\"@id\":\"https:\/\/vieassociative.be\/actualites\/#\/schema\/person\/b87ac4f82f9d4e7b7cec7395b679edc4\",\"name\":\"Julien\",\"image\":{\"@type\":\"ImageObject\",\"inLanguage\":\"fr-BE\",\"@id\":\"https:\/\/vieassociative.be\/actualites\/#\/schema\/person\/image\/\",\"url\":\"https:\/\/vieassociative.be\/actualites\/wp-content\/uploads\/2024\/09\/vie-associative-1-150x150.jpg\",\"contentUrl\":\"https:\/\/vieassociative.be\/actualites\/wp-content\/uploads\/2024\/09\/vie-associative-1-150x150.jpg\",\"caption\":\"Julien\"},\"description\":\"Je suis Julien, r\u00e9dacteur pour Vie Associative. Passionn\u00e9 par le monde associatif depuis plus de 10 ans, j'ai \u00e0 c\u0153ur de partager des histoires inspirantes et de mettre en lumi\u00e8re les initiatives locales. Mon objectif est de sensibiliser et d'encourager l'engagement communautaire \u00e0 travers mes articles.\",\"sameAs\":[\"https:\/\/vieassociative.be\/\"]}]}<\/script>\n<!-- \/ Yoast SEO plugin. -->","yoast_head_json":{"title":"L'AS Eupen annonce les deux premi\u00e8res recrues, l'une venant du Portugal et l'autre du Qatar | Vie Associative","robots":{"index":"index","follow":"follow","max-snippet":"max-snippet:-1","max-image-preview":"max-image-preview:large","max-video-preview":"max-video-preview:-1"},"canonical":"https:\/\/vieassociative.be\/actualites\/las-eupen-annonce-les-deux-premieres-recrues-lune-venant-du-portugal-et-lautre-du-qatar\/","og_locale":"fr_FR","og_type":"article","og_title":"L'AS Eupen annonce les deux premi\u00e8res recrues, l'une venant du Portugal et l'autre du Qatar | Vie Associative","og_description":"Et c&rsquo;est parti : apr\u00e8s que les choses soient rest\u00e9es \u00e9tonnamment calmes la semaine derni\u00e8re, quelque chose a enfin commenc\u00e9 \u00e0 bouger \u00e0 l&rsquo;Eupener Kehrweg","og_url":"https:\/\/vieassociative.be\/actualites\/las-eupen-annonce-les-deux-premieres-recrues-lune-venant-du-portugal-et-lautre-du-qatar\/","og_site_name":"Vie Associative","article_published_time":"2026-01-21T18:18:50+00:00","og_image":[{"width":279,"height":92,"url":"https:\/\/vieassociative.be\/actualites\/wp-content\/uploads\/2024\/09\/header_backgroundk-01-e1726694325946.png","type":"image\/png"}],"author":"Julien","twitter_card":"summary_large_image","twitter_misc":{"\u00c9crit par":"Julien","Dur\u00e9e de lecture est.":"2 minutes"},"schema":{"@context":"https:\/\/schema.org","@graph":[{"@type":"Article","@id":"https:\/\/vieassociative.be\/actualites\/las-eupen-annonce-les-deux-premieres-recrues-lune-venant-du-portugal-et-lautre-du-qatar\/#article","isPartOf":{"@id":"https:\/\/vieassociative.be\/actualites\/las-eupen-annonce-les-deux-premieres-recrues-lune-venant-du-portugal-et-lautre-du-qatar\/"},"author":{"name":"Julien","@id":"https:\/\/vieassociative.be\/actualites\/#\/schema\/person\/b87ac4f82f9d4e7b7cec7395b679edc4"},"headline":"L&rsquo;AS Eupen annonce les deux premi\u00e8res recrues, l&rsquo;une venant du Portugal et l&rsquo;autre du Qatar","datePublished":"2026-01-21T18:18:50+00:00","dateModified":"2026-01-21T18:18:50+00:00","mainEntityOfPage":{"@id":"https:\/\/vieassociative.be\/actualites\/las-eupen-annonce-les-deux-premieres-recrues-lune-venant-du-portugal-et-lautre-du-qatar\/"},"wordCount":450,"publisher":{"@id":"https:\/\/vieassociative.be\/actualites\/#organization"},"image":{"@id":"https:\/\/vieassociative.be\/actualites\/las-eupen-annonce-les-deux-premieres-recrues-lune-venant-du-portugal-et-lautre-du-qatar\/#primaryimage"},"thumbnailUrl":"https:\/\/vieassociative.be\/actualites\/wp-content\/uploads\/2026\/01\/1769019531_LAS-Eupen-annonce-les-deux-premieres-recrues-lune-venant-du.jpg","keywords":["annonce","deux","Eupen","lAS","lautre","Les","lune","Portugal","premi\u00e8res","Qatar","recrues","venant"],"articleSection":["Belgique"],"inLanguage":"fr-BE"},{"@type":"WebPage","@id":"https:\/\/vieassociative.be\/actualites\/las-eupen-annonce-les-deux-premieres-recrues-lune-venant-du-portugal-et-lautre-du-qatar\/","url":"https:\/\/vieassociative.be\/actualites\/las-eupen-annonce-les-deux-premieres-recrues-lune-venant-du-portugal-et-lautre-du-qatar\/","name":"L'AS Eupen annonce les deux premi\u00e8res recrues, l'une venant du Portugal et l'autre du Qatar | Vie Associative","isPartOf":{"@id":"https:\/\/vieassociative.be\/actualites\/#website"},"primaryImageOfPage":{"@id":"https:\/\/vieassociative.be\/actualites\/las-eupen-annonce-les-deux-premieres-recrues-lune-venant-du-portugal-et-lautre-du-qatar\/#primaryimage"},"image":{"@id":"https:\/\/vieassociative.be\/actualites\/las-eupen-annonce-les-deux-premieres-recrues-lune-venant-du-portugal-et-lautre-du-qatar\/#primaryimage"},"thumbnailUrl":"https:\/\/vieassociative.be\/actualites\/wp-content\/uploads\/2026\/01\/1769019531_LAS-Eupen-annonce-les-deux-premieres-recrues-lune-venant-du.jpg","datePublished":"2026-01-21T18:18:50+00:00","dateModified":"2026-01-21T18:18:50+00:00","breadcrumb":{"@id":"https:\/\/vieassociative.be\/actualites\/las-eupen-annonce-les-deux-premieres-recrues-lune-venant-du-portugal-et-lautre-du-qatar\/#breadcrumb"},"inLanguage":"fr-BE","potentialAction":[{"@type":"ReadAction","target":["https:\/\/vieassociative.be\/actualites\/las-eupen-annonce-les-deux-premieres-recrues-lune-venant-du-portugal-et-lautre-du-qatar\/"]}]},{"@type":"ImageObject","inLanguage":"fr-BE","@id":"https:\/\/vieassociative.be\/actualites\/las-eupen-annonce-les-deux-premieres-recrues-lune-venant-du-portugal-et-lautre-du-qatar\/#primaryimage","url":"https:\/\/vieassociative.be\/actualites\/wp-content\/uploads\/2026\/01\/1769019531_LAS-Eupen-annonce-les-deux-premieres-recrues-lune-venant-du.jpg","contentUrl":"https:\/\/vieassociative.be\/actualites\/wp-content\/uploads\/2026\/01\/1769019531_LAS-Eupen-annonce-les-deux-premieres-recrues-lune-venant-du.jpg","width":1278,"height":852,"caption":"L'AS Eupen annonce les deux premi\u00e8res recrues, l'une venant du Portugal et l'autre du Qatar"},{"@type":"BreadcrumbList","@id":"https:\/\/vieassociative.be\/actualites\/las-eupen-annonce-les-deux-premieres-recrues-lune-venant-du-portugal-et-lautre-du-qatar\/#breadcrumb","itemListElement":[{"@type":"ListItem","position":1,"name":"Accueil","item":"https:\/\/vieassociative.be\/actualites\/"},{"@type":"ListItem","position":2,"name":"L&rsquo;AS Eupen annonce les deux premi\u00e8res recrues, l&rsquo;une venant du Portugal et l&rsquo;autre du Qatar"}]},{"@type":"WebSite","@id":"https:\/\/vieassociative.be\/actualites\/#website","url":"https:\/\/vieassociative.be\/actualites\/","name":"Vie Associative","description":"","publisher":{"@id":"https:\/\/vieassociative.be\/actualites\/#organization"},"potentialAction":[{"@type":"SearchAction","target":{"@type":"EntryPoint","urlTemplate":"https:\/\/vieassociative.be\/actualites\/?s={search_term_string}"},"query-input":{"@type":"PropertyValueSpecification","valueRequired":true,"valueName":"search_term_string"}}],"inLanguage":"fr-BE"},{"@type":"Organization","@id":"https:\/\/vieassociative.be\/actualites\/#organization","name":"Vie Associative","url":"https:\/\/vieassociative.be\/actualites\/","logo":{"@type":"ImageObject","inLanguage":"fr-BE","@id":"https:\/\/vieassociative.be\/actualites\/#\/schema\/logo\/image\/","url":"https:\/\/vieassociative.be\/actualites\/wp-content\/uploads\/2024\/09\/cropped-vieassociative_favicon.ico.png","contentUrl":"https:\/\/vieassociative.be\/actualites\/wp-content\/uploads\/2024\/09\/cropped-vieassociative_favicon.ico.png","width":512,"height":512,"caption":"Vie Associative"},"image":{"@id":"https:\/\/vieassociative.be\/actualites\/#\/schema\/logo\/image\/"}},{"@type":"Person","@id":"https:\/\/vieassociative.be\/actualites\/#\/schema\/person\/b87ac4f82f9d4e7b7cec7395b679edc4","name":"Julien","image":{"@type":"ImageObject","inLanguage":"fr-BE","@id":"https:\/\/vieassociative.be\/actualites\/#\/schema\/person\/image\/","url":"https:\/\/vieassociative.be\/actualites\/wp-content\/uploads\/2024\/09\/vie-associative-1-150x150.jpg","contentUrl":"https:\/\/vieassociative.be\/actualites\/wp-content\/uploads\/2024\/09\/vie-associative-1-150x150.jpg","caption":"Julien"},"description":"Je suis Julien, r\u00e9dacteur pour Vie Associative. Passionn\u00e9 par le monde associatif depuis plus de 10 ans, j'ai \u00e0 c\u0153ur de partager des histoires inspirantes et de mettre en lumi\u00e8re les initiatives locales. Mon objectif est de sensibiliser et d'encourager l'engagement communautaire \u00e0 travers mes articles.","sameAs":["https:\/\/vieassociative.be\/"]}]}},"_links":{"self":[{"href":"https:\/\/vieassociative.be\/actualites\/wp-json\/wp\/v2\/posts\/12300"}],"collection":[{"href":"https:\/\/vieassociative.be\/actualites\/wp-json\/wp\/v2\/posts"}],"about":[{"href":"https:\/\/vieassociative.be\/actualites\/wp-json\/wp\/v2\/types\/post"}],"author":[{"embeddable":true,"href":"https:\/\/vieassociative.be\/actualites\/wp-json\/wp\/v2\/users\/1"}],"replies":[{"embeddable":true,"href":"https:\/\/vieassociative.be\/actualites\/wp-json\/wp\/v2\/comments?post=12300"}],"version-history":[{"count":0,"href":"https:\/\/vieassociative.be\/actualites\/wp-json\/wp\/v2\/posts\/12300\/revisions"}],"wp:featuredmedia":[{"embeddable":true,"href":"https:\/\/vieassociative.be\/actualites\/wp-json\/wp\/v2\/media\/12301"}],"wp:attachment":[{"href":"https:\/\/vieassociative.be\/actualites\/wp-json\/wp\/v2\/media?parent=12300"}],"wp:term":[{"taxonomy":"category","embeddable":true,"href":"https:\/\/vieassociative.be\/actualites\/wp-json\/wp\/v2\/categories?post=12300"},{"taxonomy":"post_tag","embeddable":true,"href":"https:\/\/vieassociative.be\/actualites\/wp-json\/wp\/v2\/tags?post=12300"}],"curies":[{"name":"wp","href":"https:\/\/api.w.org\/{rel}","templated":true}]}}