{"id":12298,"date":"2026-01-21T18:17:27","date_gmt":"2026-01-21T17:17:27","guid":{"rendered":"https:\/\/vieassociative.be\/actualites\/quoi-de-neuf-sur-netflix-en-fevrier-2026\/"},"modified":"2026-01-21T18:17:27","modified_gmt":"2026-01-21T17:17:27","slug":"quoi-de-neuf-sur-netflix-en-fevrier-2026","status":"publish","type":"post","link":"https:\/\/vieassociative.be\/actualites\/quoi-de-neuf-sur-netflix-en-fevrier-2026\/","title":{"rendered":"Quoi de neuf sur Netflix en f\u00e9vrier 2026"},"content":{"rendered":"<p>La liste de f\u00e9vrier de Netflix est riche en s\u00e9ries originales de retour, dont la seconde moiti\u00e9 de <em>La Chronique des Bridgerton<\/em> saison quatre. Les quatre derniers \u00e9pisodes de la romance d&rsquo;\u00e9poque sortiront le 26 f\u00e9vrier. Dans le troisi\u00e8me volet du thriller <em>L&rsquo;agent de nuit<\/em> (19 f\u00e9vrier), l&rsquo;agent du FBI Peter Sutherland, interpr\u00e9t\u00e9 par Gabriel Basso, enqu\u00eate sur un r\u00e9seau d&rsquo;argent noir aux c\u00f4t\u00e9s d&rsquo;un journaliste tout en essayant de ne pas se faire tuer par des assassins. <em>L&rsquo;avocat Lincoln<\/em> (5 f\u00e9vrier) et <em>L&rsquo;amour est aveugle<\/em> (11 f\u00e9vrier) sont \u00e9galement de retour. <\/p>\n<p>Pour les fans des Jeux olympiques, il y a des docu-s\u00e9ries <em>Paillettes et or\u00a0: danse sur glace<\/em> (1er f\u00e9vrier), qui raconte les coulisses des couples participant \u00e0 la danse sur glace aux Jeux d&rsquo;hiver de 2026. Au programme \u00e9galement la saison 8 de <em>Formule 1\u00a0: Conduire pour survivre<\/em> (date \u00e0 d\u00e9terminer). D&rsquo;autres sorties documentaires incluent <em>Reine des \u00e9checs<\/em> (6 f\u00e9vrier), qui raconte l&rsquo;histoire de la l\u00e9gende des \u00e9checs Judit Polg\u00e1r, et <em>\u00catre Gordon Ramsay<\/em> (18 f\u00e9vrier). <\/p>\n<p>Taylor Tomlinson a une nouvelle com\u00e9die sp\u00e9ciale\u2014<em>Fille prodigue<\/em> (24 f\u00e9vrier) &#8211; tout comme Sommore (<em>Mouche de lustre<\/em>17 f\u00e9vrier) et Mo Gilligan (<em>Dans l&rsquo;instant<\/em>3 f\u00e9vrier). <\/p>\n<p>Enfin, d\u00e9couvrez la nouvelle s\u00e9rie anim\u00e9e pour adultes <em>Loi sur le strip-tease<\/em> (20 f\u00e9vrier), avec des performances d&rsquo;Adam Scott, Janelle James et Stephen Root. L&rsquo;\u00e9mission de 10 \u00e9pisodes voit un avocat de Vegas faire \u00e9quipe avec un magicien local pour \u00ab\u00a0apporter un peu de flash et de piquant aux affaires les plus stupides que la ville puisse leur lancer\u00a0\u00bb. <\/p>\n<p>Voici tout le reste qui arrive sur Netflix en f\u00e9vrier et tout ce qui part.<\/p>\n<h2 id=\"whats-coming-to-netflix-in-february-2026\">Ce qui arrive sur Netflix en f\u00e9vrier 2026<\/h2>\n<h3>\u00c0 venir<\/h3>\n<ul>\n<li>\n<p><em>BAKI-DOU : Le Samoura\u00ef Invincible<\/em>\u2014S\u00e9rie Netflix<\/p>\n<\/li>\n<li>\n<p><em>Formule 1\u00a0: Conduire pour survivre\u00a0: <\/em>Saison 8\u2014Documentaire Netflix<\/p>\n<\/li>\n<li>\n<p><em>Dans la boue\u00a0: <\/em>Saison 2\u2014S\u00e9rie Netflix<\/p>\n<\/li>\n<\/ul>\n<h3>Nouveaux \u00e9pisodes<\/h3>\n<ul>\n<li>\n<p><em>Recherche d&rsquo;\u00e9toiles<\/em>\u2014\u00c9v\u00e9nement Netflix en direct<\/p>\n<\/li>\n<\/ul>\n<h3>Disponible le 1er f\u00e9vrier<\/h3>\n<ul>\n<li>\n<p><em>Paillettes et or\u00a0: danse sur glace<\/em>\u2014Documentaire Netflix<\/p>\n<\/li>\n<li>\n<p><em>Le pr\u00e9sident am\u00e9ricain<\/em><\/p>\n<\/li>\n<li>\n<p><em>La liste des choses \u00e0 faire<\/em><\/p>\n<\/li>\n<li>\n<p><em>Fou, stupide, amour.<\/em><\/p>\n<\/li>\n<li>\n<p><em>Ex Machina<\/em><\/p>\n<\/li>\n<li>\n<p><em>Renvers\u00e9<\/em><\/p>\n<\/li>\n<li>\n<p><em>Se concentrer<\/em><\/p>\n<\/li>\n<li>\n<p><em>La maison de verre<\/em><\/p>\n<\/li>\n<li>\n<p><em>Pays du c\u0153ur\u00a0: <\/em>Saison 18<\/p>\n<\/li>\n<li>\n<p><em>Enfer ou mar\u00e9e haute<\/em><\/p>\n<\/li>\n<li>\n<p><em>Front int\u00e9rieur<\/em><\/p>\n<\/li>\n<li>\n<p><em>Comment dresser votre dragon<\/em><\/p>\n<\/li>\n<li>\n<p><em>Comment dresser votre dragon 2<\/em><\/p>\n<\/li>\n<li>\n<p><em>Jour de l&rsquo;ind\u00e9pendance<\/em><\/p>\n<\/li>\n<li>\n<p><em>Le majordome de Lee Daniels<\/em><\/p>\n<\/li>\n<li>\n<p><em>Lettres \u00e0 Juliette<\/em><\/p>\n<\/li>\n<li>\n<p><em>Mike et Dave ont besoin de dates de mariage<\/em><\/p>\n<\/li>\n<li>\n<p><em>Le miroir a deux visages<\/em><\/p>\n<\/li>\n<li>\n<p><em>Mouture du Mississippi<\/em><\/p>\n<\/li>\n<li>\n<p><em>Mme Doubtfire<\/em><\/p>\n<\/li>\n<li>\n<p><em>Nuit au mus\u00e9e<\/em><\/p>\n<\/li>\n<li>\n<p><em>Nuit au mus\u00e9e : Bataille du Smithsonian<\/em><\/p>\n<\/li>\n<li>\n<p><em>Nuit au Mus\u00e9e : Secret du Tombeau<\/em><\/p>\n<\/li>\n<li>\n<p><em>La rumeur court que\u2026<\/em><\/p>\n<\/li>\n<li>\n<p><em>Limite verticale<\/em><\/p>\n<\/li>\n<li>\n<p><em>Le chemin du retour\u00a0: <\/em>Saison 3<\/p>\n<\/li>\n<li>\n<p><em>Il y a un courrier pour vous<\/em><\/p>\n<\/li>\n<li>\n<p><em>Z\u00e9ro Sombre Trente<\/em><\/p>\n<\/li>\n<\/ul>\n<h3>Disponible le 3 f\u00e9vrier<\/h3>\n<ul>\n<li>\n<p><em>Mo Gilligan\u00a0:\u00a0Dans l&rsquo;instant<\/em>\u2014Sp\u00e9cial com\u00e9die Netflix<\/p>\n<\/li>\n<li>\n<p><em>Cour de nuit\u00a0:<\/em> Saisons 1-3<\/p>\n<\/li>\n<\/ul>\n<h3>Disponible le 4 f\u00e9vrier<\/h3>\n<ul>\n<li>\n<p><em>Est-ce du g\u00e2teau ? Saint-Valentin<\/em>\u2014S\u00e9rie Netflix<\/p>\n<\/li>\n<\/ul>\n<h3>Disponible le 5 f\u00e9vrier<\/h3>\n<ul>\n<li>\n<p><em>Reines de l&rsquo;argent<\/em>\u2014S\u00e9rie Netflix<\/p>\n<\/li>\n<li>\n<p><em>L&rsquo;avocat Lincoln\u00a0: <\/em>Saison 4\u2014S\u00e9rie Netflix<\/p>\n<\/li>\n<li>\n<p><em>Samuel :<\/em> Saison 1<\/p>\n<\/li>\n<li>\n<p><em>\u00c9quipe de recherche\u00a0: <\/em>Saisons 1 \u00e0 5<\/p>\n<\/li>\n<li>\n<p><em>Inconnu<\/em>\u2014S\u00e9rie Netflix<\/p>\n<\/li>\n<\/ul>\n<h3>Disponible le 6 f\u00e9vrier<\/h3>\n<ul>\n<li>\n<p><em>\u00c0 la mer <\/em>(2018)<\/p>\n<\/li>\n<li>\n<p><em>Reine des \u00e9checs<\/em>\u2014Documentaire Netflix<\/p>\n<\/li>\n<li>\n<p><em>Salvador<\/em>\u2014S\u00e9rie Netflix<\/p>\n<\/li>\n<li>\n<p><em>Ouais ! Meilleure amie<\/em>\u2014Film Netflix<\/p>\n<\/li>\n<\/ul>\n<h3>Disponible le 9 f\u00e9vrier<\/h3>\n<ul>\n<li>\n<p><em>Question de temps<\/em>\u2014Documentaire Netflix<\/p>\n<\/li>\n<li>\n<p><em>Les cas de cr\u00e9atures\u00a0: chapitre 7<\/em>\u2014Famille Netflix<\/p>\n<\/li>\n<\/ul>\n<h3>Disponible le 10 f\u00e9vrier<\/h3>\n<ul>\n<li>\n<p><em>Feu gratuit<\/em><\/p>\n<\/li>\n<li>\n<p><em>Comment dresser votre dragon <\/em>(2025)<\/p>\n<\/li>\n<li>\n<p><em>Vall\u00e9e des moteurs<\/em>\u2014S\u00e9rie Netflix<\/p>\n<\/li>\n<li>\n<p><em>C&rsquo;est moi<\/em>\u2014Film Netflix<\/p>\n<\/li>\n<\/ul>\n<h3>Disponible le 11 f\u00e9vrier<\/h3>\n<ul>\n<li>\n<p><em>Kohrra\u00a0: <\/em>Saison 2\u2014S\u00e9rie Netflix<\/p>\n<\/li>\n<li>\n<p><em>Diriger les enfants<\/em>\u2014S\u00e9rie Netflix<\/p>\n<\/li>\n<li>\n<p><em>L&rsquo;amour est aveugle : <\/em>Saison 10\u2014S\u00e9rie Netflix<\/p>\n<\/li>\n<li>\n<p><em>\u00c9tat de peur<\/em>\u2014Film Netflix<\/p>\n<\/li>\n<li>\n<p><em>Ce que j&rsquo;aime chez toi<\/em>: Saisons 1-4<\/p>\n<\/li>\n<\/ul>\n<h3>Disponible le 12 f\u00e9vrier<\/h3>\n<ul>\n<li>\n<p><em>Le t\u00e9l\u00e9phone noir<\/em><\/p>\n<\/li>\n<li>\n<p><em>Comment se rendre au paradis depuis Belfast<\/em>\u2014S\u00e9rie Netflix<\/p>\n<\/li>\n<li>\n<p><em>D\u00e9tective au million d&rsquo;abonn\u00e9s<\/em>\u2014S\u00e9rie Netflix<\/p>\n<\/li>\n<\/ul>\n<h3>Disponible le 13 f\u00e9vrier<\/h3>\n<ul>\n<li>\n<p><em>Le miracle d&rsquo;un p\u00e8re<\/em>\u2014Film Netflix<\/p>\n<\/li>\n<li>\n<p><em>L&rsquo;art de Sarah<\/em>\u2014S\u00e9rie Netflix<\/p>\n<\/li>\n<li>\n<p><em>Lapin<\/em><\/p>\n<\/li>\n<li>\n<p><em>Mus\u00e9e de l&rsquo;Innocence<\/em>\u2014S\u00e9rie Netflix<\/p>\n<\/li>\n<li>\n<p><em>Suburgatoire : <\/em>Saisons 1-3<\/p>\n<\/li>\n<li>\n<p><em>Le road trip de Joe&rsquo;s College de Tyler Perry<\/em>\u2014Film Netflix<\/p>\n<\/li>\n<\/ul>\n<h3>Disponible le 15 f\u00e9vrier<\/h3>\n<ul>\n<li>\n<p><em>La partie de chasse<\/em>: Saison 1<\/p>\n<\/li>\n<li>\n<p><em>Porte des \u00e9toiles SG-1\u00a0:<\/em> Saisons 1 \u00e0 10<\/p>\n<\/li>\n<\/ul>\n<h3>Disponible le 17 f\u00e9vrier<\/h3>\n<ul>\n<li>\n<p><em>Sommore\u00a0:\u00a0Mouche de lustre<\/em>\u2014Sp\u00e9cial com\u00e9die Netflix<\/p>\n<\/li>\n<li>\n<p><em>Recherche d&rsquo;\u00e9toiles<\/em>\u2014\u00c9v\u00e9nement Netflix en direct<\/p>\n<\/li>\n<\/ul>\n<h3>Disponible le 18 f\u00e9vrier<\/h3>\n<ul>\n<li>\n<p><em>\u00catre Gordon Ramsay<\/em>\u2014Documentaire Netflix<\/p>\n<\/li>\n<\/ul>\n<h3>Disponible le 19 f\u00e9vrier<\/h3>\n<ul>\n<li>\n<p><em>La vie apr\u00e8s Beth<\/em><\/p>\n<\/li>\n<li>\n<p><em>La griffe de fer<\/em><\/p>\n<\/li>\n<li>\n<p><em>L&rsquo;agent de nuit\u00a0: <\/em>Saison 3\u2014S\u00e9rie Netflix<\/p>\n<\/li>\n<li>\n<p><em>La connexion su\u00e9doise<\/em>\u2014Film Netflix<\/p>\n<\/li>\n<li>\n<p><em>Wakefield<\/em><\/p>\n<\/li>\n<\/ul>\n<h3>Disponible le 20 f\u00e9vrier<\/h3>\n<ul>\n<li>\n<p><em>La famille Addams<\/em><\/p>\n<\/li>\n<li>\n<p><em>La famille Addams 2<\/em><\/p>\n<\/li>\n<li>\n<p><em>Les consommables<\/em><\/p>\n<\/li>\n<li>\n<p><em>Les consommables 2<\/em><\/p>\n<\/li>\n<li>\n<p><em>Les consommables 3<\/em><\/p>\n<\/li>\n<li>\n<p><em>Les consommables 4<\/em><\/p>\n<\/li>\n<li>\n<p><em>Coupe-feu<\/em>\u2014Film Netflix<\/p>\n<\/li>\n<li>\n<p><em>Les retards<\/em><\/p>\n<\/li>\n<li>\n<p><em>Mike et Molly\u00a0: <\/em>Saisons 1 \u00e0 6<\/p>\n<\/li>\n<li>\n<p><em>Les orphelins<\/em>\u2014Film Netflix<\/p>\n<\/li>\n<li>\n<p><em>Pavane<\/em>\u2014Film Netflix<\/p>\n<\/li>\n<li>\n<p><em>Loi sur le strip-tease<\/em>\u2014S\u00e9rie Netflix<\/p>\n<\/li>\n<\/ul>\n<h3>Disponible le 24 f\u00e9vrier<\/h3>\n<ul>\n<li>\n<p><em>Taylor Tomlinson : fille prodigue<\/em>\u2014Sp\u00e9cial com\u00e9die Netflix<\/p>\n<\/li>\n<\/ul>\n<h3>Disponible le 26 f\u00e9vrier<\/h3>\n<ul>\n<li>\n<p><em>La Chronique des Bridgerton\u00a0: <\/em>Saison 4, partie 2 \u2013 S\u00e9rie Netflix<\/p>\n<\/li>\n<li>\n<p><em>Brooklyn neuf-neuf\u00a0: <\/em>Saisons 7-8<\/p>\n<\/li>\n<li>\n<p><em>Des conneries arrivent<\/em>\u2014S\u00e9rie Netflix<\/p>\n<\/li>\n<\/ul>\n<h3>Disponible le 27 f\u00e9vrier<\/h3>\n<ul>\n<li>\n<p><em>Maison pi\u00e8ge<\/em><\/p>\n<\/li>\n<\/ul>\n<h2 id=\"whats-leaving-netflix-in-february-2026\">Ce qui quittera Netflix en f\u00e9vrier 2026<\/h2>\n<h3>D\u00e9part le 1er f\u00e9vrier<\/h3>\n<ul>\n<li>\n<p><em>28 jours plus tard<\/em><\/p>\n<\/li>\n<li>\n<p><em>Les anges de Charlie<\/em><\/p>\n<\/li>\n<li>\n<p><em>Nuageux avec un risque de boulettes de viande<\/em><\/p>\n<\/li>\n<li>\n<p><em>Avez-vous entendu parler des Morgan ?<\/em><\/p>\n<\/li>\n<li>\n<p><em>Dr Dolittle<\/em><\/p>\n<\/li>\n<li>\n<p><em>Dr Dolittle 2<\/em><\/p>\n<\/li>\n<li>\n<p><em>Pour toujours ma fille<\/em><\/p>\n<\/li>\n<li>\n<p><em>Jour de la marmotte<\/em><\/p>\n<\/li>\n<li>\n<p><em>Je sais toujours ce que tu as fait l&rsquo;\u00e9t\u00e9 dernier<\/em><\/p>\n<\/li>\n<li>\n<p><em>Kath et Kim\u00a0: <\/em>Saisons 1 \u00e0 4<\/p>\n<\/li>\n<li>\n<p><em>Pizza \u00e0 la r\u00e9glisse<\/em><\/p>\n<\/li>\n<li>\n<p><em>M\u00e9moires d&rsquo;une Geisha<\/em><\/p>\n<\/li>\n<li>\n<p><em>Parasite<\/em><\/p>\n<\/li>\n<li>\n<p><em>Radio<\/em><\/p>\n<\/li>\n<li>\n<p><em>VR<\/em><\/p>\n<\/li>\n<li>\n<p><em>Le Patriote<\/em><\/p>\n<\/li>\n<li>\n<p><em>Le terminateur<\/em><\/p>\n<\/li>\n<li>\n<p><em>Ce qu&rsquo;il y a dessous<\/em><\/p>\n<\/li>\n<\/ul>\n<h3>D\u00e9part le 5 f\u00e9vrier<\/h3>\n<ul>\n<li>\n<p><em>\u00c9lection<\/em><\/p>\n<\/li>\n<li>\n<p><em>M\u00e9chantes filles<\/em><\/p>\n<\/li>\n<\/ul>\n<h3>D\u00e9part le 6 f\u00e9vrier<\/h3>\n<ul>\n<li>\n<p><em>Guerres de mari\u00e9es<\/em><\/p>\n<\/li>\n<\/ul>\n<h3>D\u00e9part le 8 f\u00e9vrier<\/h3>\n<ul>\n<li>\n<p><em>Spencer<\/em><\/p>\n<\/li>\n<\/ul>\n<h3>D\u00e9part le 15 f\u00e9vrier<\/h3>\n<ul>\n<li>\n<p><em>Tout le monde va bien<\/em><\/p>\n<\/li>\n<\/ul>\n<h3>D\u00e9part le 16 f\u00e9vrier<\/h3>\n<ul>\n<li>\n<p><em>Guerrier<\/em>: Saisons 1-3<\/p>\n<\/li>\n<\/ul>\n<h3>D\u00e9part le 17 f\u00e9vrier<\/h3>\n<ul>\n<li>\n<p><em>Zodiaque<\/em><\/p>\n<\/li>\n<\/ul>\n<h3>D\u00e9part le 18 f\u00e9vrier<\/h3>\n<ul>\n<li>\n<p><em>Ne dis pas un mot<\/em><\/p>\n<\/li>\n<li>\n<p><em>Le massacre \u00e0 la tron\u00e7onneuse au Texas<\/em><\/p>\n<\/li>\n<\/ul>\n<h3>D\u00e9part le 20 f\u00e9vrier<\/h3>\n<ul>\n<li>\n<p><em>Op\u00e9ration Finale<\/em><\/p>\n<\/li>\n<li>\n<p><em>Shakespeare amoureux<\/em><\/p>\n<\/li>\n<\/ul>\n<h3>D\u00e9part le 21 f\u00e9vrier<\/h3>\n<ul>\n<li>\n<p><em>Cowboys de coca\u00efne 2<\/em><\/p>\n<\/li>\n<\/ul>\n<h3>D\u00e9part le 22 f\u00e9vrier<\/h3>\n<ul>\n<li>\n<p><em>Rouge<\/em><\/p>\n<\/li>\n<\/ul>\n<h3>D\u00e9part le 24 f\u00e9vrier<\/h3>\n<ul>\n<li>\n<p><em>L&rsquo;\u00eele<\/em><\/p>\n<\/li>\n<\/ul>\n<h3>D\u00e9part le 26 f\u00e9vrier<\/h3>\n<ul>\n<li>\n<p><em>Brooklyn neuf-neuf<\/em>: Saisons 3-4<\/p>\n<\/li>\n<\/ul>\n<h3>D\u00e9part le 27 f\u00e9vrier<\/h3>\n<ul>\n<li>\n<p><em>Os et tout<\/em><\/p>\n<\/li>\n<li>\n<p><em>Bas<\/em><\/p>\n<\/li>\n<\/ul>\n","protected":false},"excerpt":{"rendered":"<p>La liste de f\u00e9vrier de Netflix est riche en s\u00e9ries originales de retour, dont la seconde moiti\u00e9 de La Chronique des Bridgerton saison quatre. Les<\/p>\n","protected":false},"author":1,"featured_media":12299,"comment_status":"","ping_status":"","sticky":false,"template":"","format":"standard","meta":{"footnotes":""},"categories":[1],"tags":[2464,842,437,202,33],"class_list":["post-12298","post","type-post","status-publish","format-standard","has-post-thumbnail","hentry","category-non-classe","tag-fevrier","tag-netflix","tag-neuf","tag-quoi","tag-sur","generate-columns","tablet-grid-50","mobile-grid-100","grid-parent","grid-33"],"yoast_head":"<!-- This site is optimized with the Yoast SEO plugin v24.0 - https:\/\/yoast.com\/wordpress\/plugins\/seo\/ -->\n<title>Quoi de neuf sur Netflix en f\u00e9vrier 2026 | Vie Associative<\/title>\n<meta name=\"robots\" content=\"index, follow, max-snippet:-1, max-image-preview:large, max-video-preview:-1\" \/>\n<link rel=\"canonical\" href=\"https:\/\/vieassociative.be\/actualites\/quoi-de-neuf-sur-netflix-en-fevrier-2026\/\" \/>\n<meta property=\"og:locale\" content=\"fr_FR\" \/>\n<meta property=\"og:type\" content=\"article\" \/>\n<meta property=\"og:title\" content=\"Quoi de neuf sur Netflix en f\u00e9vrier 2026 | Vie Associative\" \/>\n<meta property=\"og:description\" content=\"La liste de f\u00e9vrier de Netflix est riche en s\u00e9ries originales de retour, dont la seconde moiti\u00e9 de La Chronique des Bridgerton saison quatre. Les\" \/>\n<meta property=\"og:url\" content=\"https:\/\/vieassociative.be\/actualites\/quoi-de-neuf-sur-netflix-en-fevrier-2026\/\" \/>\n<meta property=\"og:site_name\" content=\"Vie Associative\" \/>\n<meta property=\"article:published_time\" content=\"2026-01-21T17:17:27+00:00\" \/>\n<meta property=\"og:image\" content=\"https:\/\/vieassociative.be\/actualites\/wp-content\/uploads\/2024\/09\/header_backgroundk-01-e1726694325946.png\" \/>\n\t<meta property=\"og:image:width\" content=\"279\" \/>\n\t<meta property=\"og:image:height\" content=\"92\" \/>\n\t<meta property=\"og:image:type\" content=\"image\/png\" \/>\n<meta name=\"author\" content=\"Julien\" \/>\n<meta name=\"twitter:card\" content=\"summary_large_image\" \/>\n<meta name=\"twitter:label1\" content=\"\u00c9crit par\" \/>\n\t<meta name=\"twitter:data1\" content=\"Julien\" \/>\n\t<meta name=\"twitter:label2\" content=\"Dur\u00e9e de lecture est.\" \/>\n\t<meta name=\"twitter:data2\" content=\"4 minutes\" \/>\n<script type=\"application\/ld+json\" class=\"yoast-schema-graph\">{\"@context\":\"https:\/\/schema.org\",\"@graph\":[{\"@type\":\"Article\",\"@id\":\"https:\/\/vieassociative.be\/actualites\/quoi-de-neuf-sur-netflix-en-fevrier-2026\/#article\",\"isPartOf\":{\"@id\":\"https:\/\/vieassociative.be\/actualites\/quoi-de-neuf-sur-netflix-en-fevrier-2026\/\"},\"author\":{\"name\":\"Julien\",\"@id\":\"https:\/\/vieassociative.be\/actualites\/#\/schema\/person\/b87ac4f82f9d4e7b7cec7395b679edc4\"},\"headline\":\"Quoi de neuf sur Netflix en f\u00e9vrier 2026\",\"datePublished\":\"2026-01-21T17:17:27+00:00\",\"dateModified\":\"2026-01-21T17:17:27+00:00\",\"mainEntityOfPage\":{\"@id\":\"https:\/\/vieassociative.be\/actualites\/quoi-de-neuf-sur-netflix-en-fevrier-2026\/\"},\"wordCount\":1049,\"publisher\":{\"@id\":\"https:\/\/vieassociative.be\/actualites\/#organization\"},\"image\":{\"@id\":\"https:\/\/vieassociative.be\/actualites\/quoi-de-neuf-sur-netflix-en-fevrier-2026\/#primaryimage\"},\"thumbnailUrl\":\"https:\/\/vieassociative.be\/actualites\/wp-content\/uploads\/2026\/01\/Quoi-de-neuf-sur-Netflix-en-fevrier-2026.png\",\"keywords\":[\"f\u00e9vrier\",\"Netflix\",\"Neuf\",\"quoi\",\"sur\"],\"inLanguage\":\"fr-BE\"},{\"@type\":\"WebPage\",\"@id\":\"https:\/\/vieassociative.be\/actualites\/quoi-de-neuf-sur-netflix-en-fevrier-2026\/\",\"url\":\"https:\/\/vieassociative.be\/actualites\/quoi-de-neuf-sur-netflix-en-fevrier-2026\/\",\"name\":\"Quoi de neuf sur Netflix en f\u00e9vrier 2026 | Vie Associative\",\"isPartOf\":{\"@id\":\"https:\/\/vieassociative.be\/actualites\/#website\"},\"primaryImageOfPage\":{\"@id\":\"https:\/\/vieassociative.be\/actualites\/quoi-de-neuf-sur-netflix-en-fevrier-2026\/#primaryimage\"},\"image\":{\"@id\":\"https:\/\/vieassociative.be\/actualites\/quoi-de-neuf-sur-netflix-en-fevrier-2026\/#primaryimage\"},\"thumbnailUrl\":\"https:\/\/vieassociative.be\/actualites\/wp-content\/uploads\/2026\/01\/Quoi-de-neuf-sur-Netflix-en-fevrier-2026.png\",\"datePublished\":\"2026-01-21T17:17:27+00:00\",\"dateModified\":\"2026-01-21T17:17:27+00:00\",\"breadcrumb\":{\"@id\":\"https:\/\/vieassociative.be\/actualites\/quoi-de-neuf-sur-netflix-en-fevrier-2026\/#breadcrumb\"},\"inLanguage\":\"fr-BE\",\"potentialAction\":[{\"@type\":\"ReadAction\",\"target\":[\"https:\/\/vieassociative.be\/actualites\/quoi-de-neuf-sur-netflix-en-fevrier-2026\/\"]}]},{\"@type\":\"ImageObject\",\"inLanguage\":\"fr-BE\",\"@id\":\"https:\/\/vieassociative.be\/actualites\/quoi-de-neuf-sur-netflix-en-fevrier-2026\/#primaryimage\",\"url\":\"https:\/\/vieassociative.be\/actualites\/wp-content\/uploads\/2026\/01\/Quoi-de-neuf-sur-Netflix-en-fevrier-2026.png\",\"contentUrl\":\"https:\/\/vieassociative.be\/actualites\/wp-content\/uploads\/2026\/01\/Quoi-de-neuf-sur-Netflix-en-fevrier-2026.png\",\"width\":1200,\"height\":675,\"caption\":\"Quoi de neuf sur Netflix en f\u00e9vrier 2026\"},{\"@type\":\"BreadcrumbList\",\"@id\":\"https:\/\/vieassociative.be\/actualites\/quoi-de-neuf-sur-netflix-en-fevrier-2026\/#breadcrumb\",\"itemListElement\":[{\"@type\":\"ListItem\",\"position\":1,\"name\":\"Accueil\",\"item\":\"https:\/\/vieassociative.be\/actualites\/\"},{\"@type\":\"ListItem\",\"position\":2,\"name\":\"Quoi de neuf sur Netflix en f\u00e9vrier 2026\"}]},{\"@type\":\"WebSite\",\"@id\":\"https:\/\/vieassociative.be\/actualites\/#website\",\"url\":\"https:\/\/vieassociative.be\/actualites\/\",\"name\":\"Vie Associative\",\"description\":\"\",\"publisher\":{\"@id\":\"https:\/\/vieassociative.be\/actualites\/#organization\"},\"potentialAction\":[{\"@type\":\"SearchAction\",\"target\":{\"@type\":\"EntryPoint\",\"urlTemplate\":\"https:\/\/vieassociative.be\/actualites\/?s={search_term_string}\"},\"query-input\":{\"@type\":\"PropertyValueSpecification\",\"valueRequired\":true,\"valueName\":\"search_term_string\"}}],\"inLanguage\":\"fr-BE\"},{\"@type\":\"Organization\",\"@id\":\"https:\/\/vieassociative.be\/actualites\/#organization\",\"name\":\"Vie Associative\",\"url\":\"https:\/\/vieassociative.be\/actualites\/\",\"logo\":{\"@type\":\"ImageObject\",\"inLanguage\":\"fr-BE\",\"@id\":\"https:\/\/vieassociative.be\/actualites\/#\/schema\/logo\/image\/\",\"url\":\"https:\/\/vieassociative.be\/actualites\/wp-content\/uploads\/2024\/09\/cropped-vieassociative_favicon.ico.png\",\"contentUrl\":\"https:\/\/vieassociative.be\/actualites\/wp-content\/uploads\/2024\/09\/cropped-vieassociative_favicon.ico.png\",\"width\":512,\"height\":512,\"caption\":\"Vie Associative\"},\"image\":{\"@id\":\"https:\/\/vieassociative.be\/actualites\/#\/schema\/logo\/image\/\"}},{\"@type\":\"Person\",\"@id\":\"https:\/\/vieassociative.be\/actualites\/#\/schema\/person\/b87ac4f82f9d4e7b7cec7395b679edc4\",\"name\":\"Julien\",\"image\":{\"@type\":\"ImageObject\",\"inLanguage\":\"fr-BE\",\"@id\":\"https:\/\/vieassociative.be\/actualites\/#\/schema\/person\/image\/\",\"url\":\"https:\/\/vieassociative.be\/actualites\/wp-content\/uploads\/2024\/09\/vie-associative-1-150x150.jpg\",\"contentUrl\":\"https:\/\/vieassociative.be\/actualites\/wp-content\/uploads\/2024\/09\/vie-associative-1-150x150.jpg\",\"caption\":\"Julien\"},\"description\":\"Je suis Julien, r\u00e9dacteur pour Vie Associative. Passionn\u00e9 par le monde associatif depuis plus de 10 ans, j'ai \u00e0 c\u0153ur de partager des histoires inspirantes et de mettre en lumi\u00e8re les initiatives locales. Mon objectif est de sensibiliser et d'encourager l'engagement communautaire \u00e0 travers mes articles.\",\"sameAs\":[\"https:\/\/vieassociative.be\/\"]}]}<\/script>\n<!-- \/ Yoast SEO plugin. -->","yoast_head_json":{"title":"Quoi de neuf sur Netflix en f\u00e9vrier 2026 | Vie Associative","robots":{"index":"index","follow":"follow","max-snippet":"max-snippet:-1","max-image-preview":"max-image-preview:large","max-video-preview":"max-video-preview:-1"},"canonical":"https:\/\/vieassociative.be\/actualites\/quoi-de-neuf-sur-netflix-en-fevrier-2026\/","og_locale":"fr_FR","og_type":"article","og_title":"Quoi de neuf sur Netflix en f\u00e9vrier 2026 | Vie Associative","og_description":"La liste de f\u00e9vrier de Netflix est riche en s\u00e9ries originales de retour, dont la seconde moiti\u00e9 de La Chronique des Bridgerton saison quatre. Les","og_url":"https:\/\/vieassociative.be\/actualites\/quoi-de-neuf-sur-netflix-en-fevrier-2026\/","og_site_name":"Vie Associative","article_published_time":"2026-01-21T17:17:27+00:00","og_image":[{"width":279,"height":92,"url":"https:\/\/vieassociative.be\/actualites\/wp-content\/uploads\/2024\/09\/header_backgroundk-01-e1726694325946.png","type":"image\/png"}],"author":"Julien","twitter_card":"summary_large_image","twitter_misc":{"\u00c9crit par":"Julien","Dur\u00e9e de lecture est.":"4 minutes"},"schema":{"@context":"https:\/\/schema.org","@graph":[{"@type":"Article","@id":"https:\/\/vieassociative.be\/actualites\/quoi-de-neuf-sur-netflix-en-fevrier-2026\/#article","isPartOf":{"@id":"https:\/\/vieassociative.be\/actualites\/quoi-de-neuf-sur-netflix-en-fevrier-2026\/"},"author":{"name":"Julien","@id":"https:\/\/vieassociative.be\/actualites\/#\/schema\/person\/b87ac4f82f9d4e7b7cec7395b679edc4"},"headline":"Quoi de neuf sur Netflix en f\u00e9vrier 2026","datePublished":"2026-01-21T17:17:27+00:00","dateModified":"2026-01-21T17:17:27+00:00","mainEntityOfPage":{"@id":"https:\/\/vieassociative.be\/actualites\/quoi-de-neuf-sur-netflix-en-fevrier-2026\/"},"wordCount":1049,"publisher":{"@id":"https:\/\/vieassociative.be\/actualites\/#organization"},"image":{"@id":"https:\/\/vieassociative.be\/actualites\/quoi-de-neuf-sur-netflix-en-fevrier-2026\/#primaryimage"},"thumbnailUrl":"https:\/\/vieassociative.be\/actualites\/wp-content\/uploads\/2026\/01\/Quoi-de-neuf-sur-Netflix-en-fevrier-2026.png","keywords":["f\u00e9vrier","Netflix","Neuf","quoi","sur"],"inLanguage":"fr-BE"},{"@type":"WebPage","@id":"https:\/\/vieassociative.be\/actualites\/quoi-de-neuf-sur-netflix-en-fevrier-2026\/","url":"https:\/\/vieassociative.be\/actualites\/quoi-de-neuf-sur-netflix-en-fevrier-2026\/","name":"Quoi de neuf sur Netflix en f\u00e9vrier 2026 | Vie Associative","isPartOf":{"@id":"https:\/\/vieassociative.be\/actualites\/#website"},"primaryImageOfPage":{"@id":"https:\/\/vieassociative.be\/actualites\/quoi-de-neuf-sur-netflix-en-fevrier-2026\/#primaryimage"},"image":{"@id":"https:\/\/vieassociative.be\/actualites\/quoi-de-neuf-sur-netflix-en-fevrier-2026\/#primaryimage"},"thumbnailUrl":"https:\/\/vieassociative.be\/actualites\/wp-content\/uploads\/2026\/01\/Quoi-de-neuf-sur-Netflix-en-fevrier-2026.png","datePublished":"2026-01-21T17:17:27+00:00","dateModified":"2026-01-21T17:17:27+00:00","breadcrumb":{"@id":"https:\/\/vieassociative.be\/actualites\/quoi-de-neuf-sur-netflix-en-fevrier-2026\/#breadcrumb"},"inLanguage":"fr-BE","potentialAction":[{"@type":"ReadAction","target":["https:\/\/vieassociative.be\/actualites\/quoi-de-neuf-sur-netflix-en-fevrier-2026\/"]}]},{"@type":"ImageObject","inLanguage":"fr-BE","@id":"https:\/\/vieassociative.be\/actualites\/quoi-de-neuf-sur-netflix-en-fevrier-2026\/#primaryimage","url":"https:\/\/vieassociative.be\/actualites\/wp-content\/uploads\/2026\/01\/Quoi-de-neuf-sur-Netflix-en-fevrier-2026.png","contentUrl":"https:\/\/vieassociative.be\/actualites\/wp-content\/uploads\/2026\/01\/Quoi-de-neuf-sur-Netflix-en-fevrier-2026.png","width":1200,"height":675,"caption":"Quoi de neuf sur Netflix en f\u00e9vrier 2026"},{"@type":"BreadcrumbList","@id":"https:\/\/vieassociative.be\/actualites\/quoi-de-neuf-sur-netflix-en-fevrier-2026\/#breadcrumb","itemListElement":[{"@type":"ListItem","position":1,"name":"Accueil","item":"https:\/\/vieassociative.be\/actualites\/"},{"@type":"ListItem","position":2,"name":"Quoi de neuf sur Netflix en f\u00e9vrier 2026"}]},{"@type":"WebSite","@id":"https:\/\/vieassociative.be\/actualites\/#website","url":"https:\/\/vieassociative.be\/actualites\/","name":"Vie Associative","description":"","publisher":{"@id":"https:\/\/vieassociative.be\/actualites\/#organization"},"potentialAction":[{"@type":"SearchAction","target":{"@type":"EntryPoint","urlTemplate":"https:\/\/vieassociative.be\/actualites\/?s={search_term_string}"},"query-input":{"@type":"PropertyValueSpecification","valueRequired":true,"valueName":"search_term_string"}}],"inLanguage":"fr-BE"},{"@type":"Organization","@id":"https:\/\/vieassociative.be\/actualites\/#organization","name":"Vie Associative","url":"https:\/\/vieassociative.be\/actualites\/","logo":{"@type":"ImageObject","inLanguage":"fr-BE","@id":"https:\/\/vieassociative.be\/actualites\/#\/schema\/logo\/image\/","url":"https:\/\/vieassociative.be\/actualites\/wp-content\/uploads\/2024\/09\/cropped-vieassociative_favicon.ico.png","contentUrl":"https:\/\/vieassociative.be\/actualites\/wp-content\/uploads\/2024\/09\/cropped-vieassociative_favicon.ico.png","width":512,"height":512,"caption":"Vie Associative"},"image":{"@id":"https:\/\/vieassociative.be\/actualites\/#\/schema\/logo\/image\/"}},{"@type":"Person","@id":"https:\/\/vieassociative.be\/actualites\/#\/schema\/person\/b87ac4f82f9d4e7b7cec7395b679edc4","name":"Julien","image":{"@type":"ImageObject","inLanguage":"fr-BE","@id":"https:\/\/vieassociative.be\/actualites\/#\/schema\/person\/image\/","url":"https:\/\/vieassociative.be\/actualites\/wp-content\/uploads\/2024\/09\/vie-associative-1-150x150.jpg","contentUrl":"https:\/\/vieassociative.be\/actualites\/wp-content\/uploads\/2024\/09\/vie-associative-1-150x150.jpg","caption":"Julien"},"description":"Je suis Julien, r\u00e9dacteur pour Vie Associative. Passionn\u00e9 par le monde associatif depuis plus de 10 ans, j'ai \u00e0 c\u0153ur de partager des histoires inspirantes et de mettre en lumi\u00e8re les initiatives locales. Mon objectif est de sensibiliser et d'encourager l'engagement communautaire \u00e0 travers mes articles.","sameAs":["https:\/\/vieassociative.be\/"]}]}},"_links":{"self":[{"href":"https:\/\/vieassociative.be\/actualites\/wp-json\/wp\/v2\/posts\/12298"}],"collection":[{"href":"https:\/\/vieassociative.be\/actualites\/wp-json\/wp\/v2\/posts"}],"about":[{"href":"https:\/\/vieassociative.be\/actualites\/wp-json\/wp\/v2\/types\/post"}],"author":[{"embeddable":true,"href":"https:\/\/vieassociative.be\/actualites\/wp-json\/wp\/v2\/users\/1"}],"replies":[{"embeddable":true,"href":"https:\/\/vieassociative.be\/actualites\/wp-json\/wp\/v2\/comments?post=12298"}],"version-history":[{"count":0,"href":"https:\/\/vieassociative.be\/actualites\/wp-json\/wp\/v2\/posts\/12298\/revisions"}],"wp:featuredmedia":[{"embeddable":true,"href":"https:\/\/vieassociative.be\/actualites\/wp-json\/wp\/v2\/media\/12299"}],"wp:attachment":[{"href":"https:\/\/vieassociative.be\/actualites\/wp-json\/wp\/v2\/media?parent=12298"}],"wp:term":[{"taxonomy":"category","embeddable":true,"href":"https:\/\/vieassociative.be\/actualites\/wp-json\/wp\/v2\/categories?post=12298"},{"taxonomy":"post_tag","embeddable":true,"href":"https:\/\/vieassociative.be\/actualites\/wp-json\/wp\/v2\/tags?post=12298"}],"curies":[{"name":"wp","href":"https:\/\/api.w.org\/{rel}","templated":true}]}}